{"id":226584,"date":"2020-06-18T08:12:44","date_gmt":"2020-06-18T11:12:44","guid":{"rendered":"https:\/\/franciscanos.org.br\/noticias\/?p=226584"},"modified":"2020-06-18T08:20:51","modified_gmt":"2020-06-18T11:20:51","slug":"a-ferida-do-racismo-em-nossa-sociedade-foi-exposta","status":"publish","type":"post","link":"https:\/\/franciscanos.org.br\/noticias\/a-ferida-do-racismo-em-nossa-sociedade-foi-exposta.html","title":{"rendered":"&#8220;A ferida do racismo em nossa sociedade foi exposta&#8221;"},"content":{"rendered":"<p><img loading=\"lazy\" class=\"alignnone size-full wp-image-226585\" src=\"https:\/\/franciscanos.org.br\/noticias\/wp-content\/uploads\/2020\/06\/ofs_1806.jpg\" alt=\"\" width=\"890\" height=\"313\" srcset=\"https:\/\/franciscanos.org.br\/noticias\/wp-content\/uploads\/2020\/06\/ofs_1806.jpg 890w, https:\/\/franciscanos.org.br\/noticias\/wp-content\/uploads\/2020\/06\/ofs_1806-450x158.jpg 450w, https:\/\/franciscanos.org.br\/noticias\/wp-content\/uploads\/2020\/06\/ofs_1806-768x270.jpg 768w, https:\/\/franciscanos.org.br\/noticias\/wp-content\/uploads\/2020\/06\/ofs_1806-150x53.jpg 150w\" sizes=\"(max-width: 890px) 100vw, 890px\" \/><\/p>\n<p style=\"padding-left: 40px;\"><em>At\u00e9 quando, Jav\u00e9, vou pedir socorro,<\/em><br \/>\n<em>sem que me escutes? <\/em><br \/>\n<em>At\u00e9 quando clamarei a ti: \u00abViol\u00eancia!\u00bb <\/em><br \/>\n<em>sem que tu me tragas a salva\u00e7\u00e3o?<\/em><br \/>\n<em>Por que me fazes ver o crime e contemplar a injusti\u00e7a?<\/em><br \/>\n<em>Opress\u00e3o e viol\u00eancia est\u00e3o \u00e0 minha frente;<\/em><br \/>\n<em>surgem processos e levantam-se rixas.<\/em><\/p>\n<p style=\"padding-left: 40px;\">(Habacuc 1, 2-3)<\/p>\n<p>Mais uma vez, a ferida do racismo em nossa sociedade foi exposta pelo que parece ser um comportamento negligente e irrespons\u00e1vel da parte das pessoas em quem dever\u00edamos confiar para manter a paz e promover a n\u00e3o-viol\u00eancia, ou seja, agentes da ordem e funcion\u00e1rios p\u00fablicos.<\/p>\n<p>A Comiss\u00e3o Nacional de Justi\u00e7a, Paz e Integridade da Cria\u00e7\u00e3o da Ordem Franciscana Secular nos Estados Unidos, por meio desta nota, declara que o racismo \u00e9 moralmente errado. N\u00e3o ama nem respeita a vida. Nem a Escritura, nem nossa Regra de Vida, nem nossa f\u00e9 a justificam, por nenhuma raz\u00e3o nem nenhuma circunst\u00e2ncia.<\/p>\n<p>Nossa doutrina social cat\u00f3lica nos chama a respeitar e honrar a dignidade de toda a vida humana, desde sua concep\u00e7\u00e3o no \u00fatero materno at\u00e9 sua morte natural. N\u00e3o faz exclus\u00f5es com base na cor ou na origem \u00e9tnica e n\u00e3o exige que se exclua nenhuma outra distin\u00e7\u00e3o. Somos chamados a honrar e a respeitar a vida das pessoas que amamos e das pessoas que achamos dif\u00edceis de amar; pessoas que s\u00e3o como n\u00f3s e pessoas que s\u00e3o diferentes de n\u00f3s.<\/p>\n<p>As mortes de George Floyd, Breonna Taylor, Ahmaud Arbery e tantos outros t\u00eam suas circunst\u00e2ncias tr\u00e1gicas e brutais, mas eles t\u00eam em comum uma quest\u00e3o central que n\u00e3o pode ser ignorada: se eles fossem brancos, e as circunst\u00e2ncias fossem id\u00eanticas, estariam vivos?<\/p>\n<p>Como crist\u00e3os cat\u00f3licos e franciscanos, devemos responder ao racismo da seguinte maneira:<\/p>\n<p style=\"padding-left: 40px;\">Identificar e erradicar, em nossas institui\u00e7\u00f5es sociais, as estruturas que perpetuam o racismo e as substituir por estruturas justas e equitativas, que valorizam a vida e os dons de cada pessoa.<\/p>\n<p style=\"padding-left: 40px;\">Rezar pelo fim do racismo; de fato, orar por solidariedade interracial, por nossas leis e pr\u00e1ticas de f\u00e9 para refletirem nossa compaix\u00e3o e valor pela dignidade de toda a vida humana; e que os amantes e seguidores de Jesus e Francisco de Assis sejam respons\u00e1veis \u200b\u200bpor criar um verdadeiro sentido de equidade e justi\u00e7a racial em nossa terra e em nossa Igreja.<\/p>\n<p style=\"padding-left: 40px;\">Identificar e confrontar nossos pr\u00f3prios preconceitos raciais inconscientes. Depois de uma hist\u00f3ria compartilhada de centenas de anos neste pa\u00eds, todos n\u00f3s os temos. Eles entram na nossa vida e cultura, muitas vezes sem ser vistos. Mas podemos ser mais justos e abertos ao descobrir esses preconceitos inconscientes e substitu\u00ed-los por amor e compromisso.<\/p>\n<p style=\"padding-left: 40px;\">E, finalmente, precisamos ter um di\u00e1logo seguro e significativo sobre esses preconceitos raciais. Devemos, por n\u00f3s mesmos e por nossos irm\u00e3os e irm\u00e3s, desenvolver um forte sentido de comunidade e fraternidade por meio de conversas pac\u00edficas. Este \u00e9 realmente um momento de convers\u00e3o onde o di\u00e1logo e a educa\u00e7\u00e3o s\u00e3o necess\u00e1rios. Nossa Santa Regra nos chama a ser \u201cportadores da paz\u201d e todos n\u00f3s devemos nos encarregar de levar a paz enquanto vamos pelo caminho da santidade como irm\u00e3os e irm\u00e3s, com m\u00e3os abertas e um cora\u00e7\u00e3o alegre. Vem, Esp\u00edrito Santo! Senhor, faz com que assim seja!<\/p>\n<hr \/>\n<p><em>Fonte: secularfranciscansusa.org<\/em><\/p>\n","protected":false},"excerpt":{"rendered":"<p>Comunicado sobre o racismo da Comiss\u00e3o JPIC da Ordem Franciscana Secular dos EUA<\/p>\n","protected":false},"author":3,"featured_media":226587,"comment_status":"open","ping_status":"open","sticky":false,"template":"","format":"standard","meta":[],"categories":[1],"tags":[60],"acf":[],"yoast_head":"<!-- This site is optimized with the Yoast SEO plugin v19.2 - https:\/\/yoast.com\/wordpress\/plugins\/seo\/ -->\n<title>&quot;A ferida do racismo em nossa sociedade foi exposta&quot; - Not\u00edcias - Franciscanos<\/title>\n<meta name=\"robots\" content=\"index, follow, max-snippet:-1, max-image-preview:large, max-video-preview:-1\" \/>\n<link rel=\"canonical\" href=\"https:\/\/franciscanos.org.br\/noticias\/a-ferida-do-racismo-em-nossa-sociedade-foi-exposta.html\" \/>\n<meta property=\"og:locale\" content=\"pt_BR\" \/>\n<meta property=\"og:type\" content=\"article\" \/>\n<meta property=\"og:title\" content=\"&quot;A ferida do racismo em nossa sociedade foi exposta&quot; - Not\u00edcias - Franciscanos\" \/>\n<meta property=\"og:description\" content=\"Comunicado sobre o racismo da Comiss\u00e3o JPIC da Ordem Franciscana Secular dos EUA\" \/>\n<meta property=\"og:url\" content=\"https:\/\/franciscanos.org.br\/noticias\/a-ferida-do-racismo-em-nossa-sociedade-foi-exposta.html\" \/>\n<meta property=\"og:site_name\" content=\"Not\u00edcias - Franciscanos\" \/>\n<meta property=\"article:published_time\" content=\"2020-06-18T11:12:44+00:00\" \/>\n<meta property=\"article:modified_time\" content=\"2020-06-18T11:20:51+00:00\" \/>\n<meta property=\"og:image\" content=\"https:\/\/franciscanos.org.br\/noticias\/wp-content\/uploads\/2020\/06\/ofs_1806d.jpg\" \/>\n\t<meta property=\"og:image:width\" content=\"800\" \/>\n\t<meta property=\"og:image:height\" content=\"599\" \/>\n\t<meta property=\"og:image:type\" content=\"image\/jpeg\" \/>\n<meta name=\"author\" content=\"moacir\" \/>\n<meta name=\"twitter:card\" content=\"summary_large_image\" \/>\n<meta name=\"twitter:label1\" content=\"Escrito por\" \/>\n\t<meta name=\"twitter:data1\" content=\"moacir\" \/>\n\t<meta name=\"twitter:label2\" content=\"Est. tempo de leitura\" \/>\n\t<meta name=\"twitter:data2\" content=\"3 minutos\" \/>\n<script type=\"application\/ld+json\" class=\"yoast-schema-graph\">{\"@context\":\"https:\/\/schema.org\",\"@graph\":[{\"@type\":\"WebSite\",\"@id\":\"https:\/\/franciscanos.org.br\/noticias\/#website\",\"url\":\"https:\/\/franciscanos.org.br\/noticias\/\",\"name\":\"Not\u00edcias - Franciscanos\",\"description\":\"Prov\u00edncia Franciscana da Imaculada Concei\u00e7\u00e3o do Brasil - Ordem dos Frades Menores - OFM\",\"potentialAction\":[{\"@type\":\"SearchAction\",\"target\":{\"@type\":\"EntryPoint\",\"urlTemplate\":\"https:\/\/franciscanos.org.br\/noticias\/?s={search_term_string}\"},\"query-input\":\"required name=search_term_string\"}],\"inLanguage\":\"pt-BR\"},{\"@type\":\"ImageObject\",\"inLanguage\":\"pt-BR\",\"@id\":\"https:\/\/franciscanos.org.br\/noticias\/a-ferida-do-racismo-em-nossa-sociedade-foi-exposta.html#primaryimage\",\"url\":\"https:\/\/franciscanos.org.br\/noticias\/wp-content\/uploads\/2020\/06\/ofs_1806d.jpg\",\"contentUrl\":\"https:\/\/franciscanos.org.br\/noticias\/wp-content\/uploads\/2020\/06\/ofs_1806d.jpg\",\"width\":800,\"height\":599},{\"@type\":\"WebPage\",\"@id\":\"https:\/\/franciscanos.org.br\/noticias\/a-ferida-do-racismo-em-nossa-sociedade-foi-exposta.html#webpage\",\"url\":\"https:\/\/franciscanos.org.br\/noticias\/a-ferida-do-racismo-em-nossa-sociedade-foi-exposta.html\",\"name\":\"\\\"A ferida do racismo em nossa sociedade foi exposta\\\" - Not\u00edcias - Franciscanos\",\"isPartOf\":{\"@id\":\"https:\/\/franciscanos.org.br\/noticias\/#website\"},\"primaryImageOfPage\":{\"@id\":\"https:\/\/franciscanos.org.br\/noticias\/a-ferida-do-racismo-em-nossa-sociedade-foi-exposta.html#primaryimage\"},\"datePublished\":\"2020-06-18T11:12:44+00:00\",\"dateModified\":\"2020-06-18T11:20:51+00:00\",\"author\":{\"@id\":\"https:\/\/franciscanos.org.br\/noticias\/#\/schema\/person\/b5c8cba458c330ccff548b056e95a5d4\"},\"breadcrumb\":{\"@id\":\"https:\/\/franciscanos.org.br\/noticias\/a-ferida-do-racismo-em-nossa-sociedade-foi-exposta.html#breadcrumb\"},\"inLanguage\":\"pt-BR\",\"potentialAction\":[{\"@type\":\"ReadAction\",\"target\":[\"https:\/\/franciscanos.org.br\/noticias\/a-ferida-do-racismo-em-nossa-sociedade-foi-exposta.html\"]}]},{\"@type\":\"BreadcrumbList\",\"@id\":\"https:\/\/franciscanos.org.br\/noticias\/a-ferida-do-racismo-em-nossa-sociedade-foi-exposta.html#breadcrumb\",\"itemListElement\":[{\"@type\":\"ListItem\",\"position\":1,\"name\":\"Home\",\"item\":\"https:\/\/franciscanos.org.br\/noticias\"},{\"@type\":\"ListItem\",\"position\":2,\"name\":\"&#8220;A ferida do racismo em nossa sociedade foi exposta&#8221;\"}]},{\"@type\":\"Person\",\"@id\":\"https:\/\/franciscanos.org.br\/noticias\/#\/schema\/person\/b5c8cba458c330ccff548b056e95a5d4\",\"name\":\"moacir\",\"image\":{\"@type\":\"ImageObject\",\"inLanguage\":\"pt-BR\",\"@id\":\"https:\/\/franciscanos.org.br\/noticias\/#\/schema\/person\/image\/\",\"url\":\"https:\/\/secure.gravatar.com\/avatar\/d08aa2ce4c8dd416d4479aa8536fcf64?s=96&d=mm&r=g\",\"contentUrl\":\"https:\/\/secure.gravatar.com\/avatar\/d08aa2ce4c8dd416d4479aa8536fcf64?s=96&d=mm&r=g\",\"caption\":\"moacir\"},\"url\":\"https:\/\/franciscanos.org.br\/noticias\/author\/moacir\"}]}<\/script>\n<!-- \/ Yoast SEO plugin. -->","yoast_head_json":{"title":"\"A ferida do racismo em nossa sociedade foi exposta\" - Not\u00edcias - Franciscanos","robots":{"index":"index","follow":"follow","max-snippet":"max-snippet:-1","max-image-preview":"max-image-preview:large","max-video-preview":"max-video-preview:-1"},"canonical":"https:\/\/franciscanos.org.br\/noticias\/a-ferida-do-racismo-em-nossa-sociedade-foi-exposta.html","og_locale":"pt_BR","og_type":"article","og_title":"\"A ferida do racismo em nossa sociedade foi exposta\" - Not\u00edcias - Franciscanos","og_description":"Comunicado sobre o racismo da Comiss\u00e3o JPIC da Ordem Franciscana Secular dos EUA","og_url":"https:\/\/franciscanos.org.br\/noticias\/a-ferida-do-racismo-em-nossa-sociedade-foi-exposta.html","og_site_name":"Not\u00edcias - Franciscanos","article_published_time":"2020-06-18T11:12:44+00:00","article_modified_time":"2020-06-18T11:20:51+00:00","og_image":[{"width":800,"height":599,"url":"https:\/\/franciscanos.org.br\/noticias\/wp-content\/uploads\/2020\/06\/ofs_1806d.jpg","type":"image\/jpeg"}],"author":"moacir","twitter_card":"summary_large_image","twitter_misc":{"Escrito por":"moacir","Est. tempo de leitura":"3 minutos"},"schema":{"@context":"https:\/\/schema.org","@graph":[{"@type":"WebSite","@id":"https:\/\/franciscanos.org.br\/noticias\/#website","url":"https:\/\/franciscanos.org.br\/noticias\/","name":"Not\u00edcias - Franciscanos","description":"Prov\u00edncia Franciscana da Imaculada Concei\u00e7\u00e3o do Brasil - Ordem dos Frades Menores - OFM","potentialAction":[{"@type":"SearchAction","target":{"@type":"EntryPoint","urlTemplate":"https:\/\/franciscanos.org.br\/noticias\/?s={search_term_string}"},"query-input":"required name=search_term_string"}],"inLanguage":"pt-BR"},{"@type":"ImageObject","inLanguage":"pt-BR","@id":"https:\/\/franciscanos.org.br\/noticias\/a-ferida-do-racismo-em-nossa-sociedade-foi-exposta.html#primaryimage","url":"https:\/\/franciscanos.org.br\/noticias\/wp-content\/uploads\/2020\/06\/ofs_1806d.jpg","contentUrl":"https:\/\/franciscanos.org.br\/noticias\/wp-content\/uploads\/2020\/06\/ofs_1806d.jpg","width":800,"height":599},{"@type":"WebPage","@id":"https:\/\/franciscanos.org.br\/noticias\/a-ferida-do-racismo-em-nossa-sociedade-foi-exposta.html#webpage","url":"https:\/\/franciscanos.org.br\/noticias\/a-ferida-do-racismo-em-nossa-sociedade-foi-exposta.html","name":"\"A ferida do racismo em nossa sociedade foi exposta\" - Not\u00edcias - Franciscanos","isPartOf":{"@id":"https:\/\/franciscanos.org.br\/noticias\/#website"},"primaryImageOfPage":{"@id":"https:\/\/franciscanos.org.br\/noticias\/a-ferida-do-racismo-em-nossa-sociedade-foi-exposta.html#primaryimage"},"datePublished":"2020-06-18T11:12:44+00:00","dateModified":"2020-06-18T11:20:51+00:00","author":{"@id":"https:\/\/franciscanos.org.br\/noticias\/#\/schema\/person\/b5c8cba458c330ccff548b056e95a5d4"},"breadcrumb":{"@id":"https:\/\/franciscanos.org.br\/noticias\/a-ferida-do-racismo-em-nossa-sociedade-foi-exposta.html#breadcrumb"},"inLanguage":"pt-BR","potentialAction":[{"@type":"ReadAction","target":["https:\/\/franciscanos.org.br\/noticias\/a-ferida-do-racismo-em-nossa-sociedade-foi-exposta.html"]}]},{"@type":"BreadcrumbList","@id":"https:\/\/franciscanos.org.br\/noticias\/a-ferida-do-racismo-em-nossa-sociedade-foi-exposta.html#breadcrumb","itemListElement":[{"@type":"ListItem","position":1,"name":"Home","item":"https:\/\/franciscanos.org.br\/noticias"},{"@type":"ListItem","position":2,"name":"&#8220;A ferida do racismo em nossa sociedade foi exposta&#8221;"}]},{"@type":"Person","@id":"https:\/\/franciscanos.org.br\/noticias\/#\/schema\/person\/b5c8cba458c330ccff548b056e95a5d4","name":"moacir","image":{"@type":"ImageObject","inLanguage":"pt-BR","@id":"https:\/\/franciscanos.org.br\/noticias\/#\/schema\/person\/image\/","url":"https:\/\/secure.gravatar.com\/avatar\/d08aa2ce4c8dd416d4479aa8536fcf64?s=96&d=mm&r=g","contentUrl":"https:\/\/secure.gravatar.com\/avatar\/d08aa2ce4c8dd416d4479aa8536fcf64?s=96&d=mm&r=g","caption":"moacir"},"url":"https:\/\/franciscanos.org.br\/noticias\/author\/moacir"}]}},"_links":{"self":[{"href":"https:\/\/franciscanos.org.br\/noticias\/wp-json\/wp\/v2\/posts\/226584"}],"collection":[{"href":"https:\/\/franciscanos.org.br\/noticias\/wp-json\/wp\/v2\/posts"}],"about":[{"href":"https:\/\/franciscanos.org.br\/noticias\/wp-json\/wp\/v2\/types\/post"}],"author":[{"embeddable":true,"href":"https:\/\/franciscanos.org.br\/noticias\/wp-json\/wp\/v2\/users\/3"}],"replies":[{"embeddable":true,"href":"https:\/\/franciscanos.org.br\/noticias\/wp-json\/wp\/v2\/comments?post=226584"}],"version-history":[{"count":2,"href":"https:\/\/franciscanos.org.br\/noticias\/wp-json\/wp\/v2\/posts\/226584\/revisions"}],"predecessor-version":[{"id":226588,"href":"https:\/\/franciscanos.org.br\/noticias\/wp-json\/wp\/v2\/posts\/226584\/revisions\/226588"}],"wp:featuredmedia":[{"embeddable":true,"href":"https:\/\/franciscanos.org.br\/noticias\/wp-json\/wp\/v2\/media\/226587"}],"wp:attachment":[{"href":"https:\/\/franciscanos.org.br\/noticias\/wp-json\/wp\/v2\/media?parent=226584"}],"wp:term":[{"taxonomy":"category","embeddable":true,"href":"https:\/\/franciscanos.org.br\/noticias\/wp-json\/wp\/v2\/categories?post=226584"},{"taxonomy":"post_tag","embeddable":true,"href":"https:\/\/franciscanos.org.br\/noticias\/wp-json\/wp\/v2\/tags?post=226584"}],"curies":[{"name":"wp","href":"https:\/\/api.w.org\/{rel}","templated":true}]}}