{"id":226577,"date":"2020-06-17T06:44:33","date_gmt":"2020-06-17T09:44:33","guid":{"rendered":"https:\/\/franciscanos.org.br\/noticias\/?p=226577"},"modified":"2021-08-29T11:05:43","modified_gmt":"2021-08-29T14:05:43","slug":"papa-a-intercessao-e-propria-dos-santos-que-sao-pontes-entre-deus-e-o-seu-povo","status":"publish","type":"post","link":"https:\/\/franciscanos.org.br\/noticias\/papa-a-intercessao-e-propria-dos-santos-que-sao-pontes-entre-deus-e-o-seu-povo.html","title":{"rendered":"Papa: a intercess\u00e3o \u00e9 pr\u00f3pria dos Santos que s\u00e3o \u201cpontes\u201d entre Deus e o seu povo"},"content":{"rendered":"<div id=\"attachment_226578\" style=\"width: 900px\" class=\"wp-caption alignnone\"><img aria-describedby=\"caption-attachment-226578\" loading=\"lazy\" class=\"wp-image-226578 size-full\" src=\"https:\/\/franciscanos.org.br\/noticias\/wp-content\/uploads\/2020\/06\/papa_1706.jpg\" alt=\"\" width=\"890\" height=\"592\" srcset=\"https:\/\/franciscanos.org.br\/noticias\/wp-content\/uploads\/2020\/06\/papa_1706.jpg 890w, https:\/\/franciscanos.org.br\/noticias\/wp-content\/uploads\/2020\/06\/papa_1706-450x299.jpg 450w, https:\/\/franciscanos.org.br\/noticias\/wp-content\/uploads\/2020\/06\/papa_1706-768x511.jpg 768w, https:\/\/franciscanos.org.br\/noticias\/wp-content\/uploads\/2020\/06\/papa_1706-150x100.jpg 150w\" sizes=\"(max-width: 890px) 100vw, 890px\" \/><p id=\"caption-attachment-226578\" class=\"wp-caption-text\">\u00a0 \u00a0 \u00a0 \u00a0 \u00a0 \u00a0 \u00a0 \u00a0 \u00a0 \u00a0 \u00a0 \u00a0 \u00a0 \u00a0 \u00a0 \u00a0 \u00a0 \u00a0 \u00a0 \u00a0 \u00a0 \u00a0 \u00a0 \u00a0 \u00a0 \u00a0 \u00a0 \u00a0 \u00a0 \u00a0 \u00a0 \u00a0 \u00a0 \u00a0 \u00a0 \u00a0 \u00a0 \u00a0 \u00a0 \u00a0 \u00a0 \u00a0 \u00a0 \u00a0 \u00a0 \u00a0 \u00a0 \u00a0 \u00a0 \u00a0 \u00a0 \u00a0 \u00a0 \u00a0 \u00a0 \u00a0 \u00a0 \u00a0 <em>\u00a0 \u00a0 Imagem: Vatican Media<\/em><\/p><\/div>\n<p><strong>Cidade do Vaticano<\/strong> &#8211; \u201cA ora\u00e7\u00e3o de Mois\u00e9s\u201d. Este foi o tema da catequese do Papa Francisco na Audi\u00eancia Geral, desta quarta-feira (17\/06), realizada na Biblioteca do Pal\u00e1cio Apost\u00f3lico por causa da pandemia de coronav\u00edrus. Dando continuidade ao tema da ora\u00e7\u00e3o, o Pont\u00edfice disse \u201cque nos damos conta de que Deus nunca gostou de lidar com orantes \u201cf\u00e1ceis\u201d. Nem sequer Mois\u00e9s ser\u00e1 um interlocutor \u201cfraco\u201d, desde o primeiro dia da sua voca\u00e7\u00e3o\u201d.<\/p>\n<p>Segundo Francisco, quando Deus chama Mois\u00e9s ele \u00e9 humanamente \u201cum fracasso\u201d. O livro do \u00caxodo o representa na terra de Madi\u00e3 como um fugitivo. Quando era jovem sentira pena do seu povo, levantando-se tamb\u00e9m em defesa dos oprimidos. Mas depressa descobre que, apesar das boas inten\u00e7\u00f5es, das suas m\u00e3os n\u00e3o brota justi\u00e7a mas, pelo contr\u00e1rio, viol\u00eancia.<\/p>\n<p>Eis que se desintegram os sonhos de gl\u00f3ria: Mois\u00e9s j\u00e1 n\u00e3o \u00e9 um funcion\u00e1rio promissor, destinado a uma carreira r\u00e1pida, mas algu\u00e9m que teve oportunidades, e que agora apascenta um rebanho que nem sequer \u00e9 seu. \u00c9 no sil\u00eancio do deserto de Madi\u00e3 que Deus convoca Mois\u00e9s para a revela\u00e7\u00e3o da sar\u00e7a ardente: \u00ab\u201dEu sou o Deus de seus antepassados, o Deus de Abra\u00e3o, o Deus de Isaac, o Deus de Jac\u00f3\u201d. Ent\u00e3o Mois\u00e9s cobriu o rosto, pois tinha medo de olhar para Deus\u00bb.<\/p>\n<p><strong>Mois\u00e9s nunca perdeu a mem\u00f3ria do seu povo<\/strong><br \/>\nDeus fala e convida Mois\u00e9s a cuidar novamente do povo de Israel, mas ele op\u00f5e os seus medos e obje\u00e7\u00f5es. \u201cN\u00e3o \u00e9 digno daquela miss\u00e3o, n\u00e3o conhece o nome de Deus, os israelitas n\u00e3o acreditar\u00e3o nele, tem uma l\u00edngua que gagueja\u201d, frisou o Papa, acrescentando que \u201ca palavra que floresce frequentemente nos l\u00e1bios de Mois\u00e9s, em cada ora\u00e7\u00e3o que dirige a Deus, \u00e9 a pergunta: \u201cPorqu\u00ea?\u201d. Por que me enviou? Por que quer libertar este povo? No Pentateuco h\u00e1 at\u00e9 um trecho dram\u00e1tico, onde Deus repreende Mois\u00e9s pela sua falta de confian\u00e7a, falta que o impedir\u00e1 de entrar na terra prometida\u201d.<\/p>\n<p>Com estes temores, com este cora\u00e7\u00e3o que muitas vezes vacila, como pode Mois\u00e9s rezar? Na verdade, Mois\u00e9s parece um homem como n\u00f3s. E isso tamb\u00e9m acontece conosco: quando temos d\u00favidas, mas como podemos rezar? N\u00f3s n\u00e3o queremos rezar. E \u00e9 com a sua fraqueza, e tamb\u00e9m coma sua for\u00e7a, que ficamos impressionados. Encarregado por Deus de transmitir a Lei ao seu povo, fundador do culto divino, mediador dos mist\u00e9rios mais altos, n\u00e3o \u00e9 por isso motivo que ele deixar\u00e1 de manter estreitos v\u00ednculos de solidariedade com o seu povo, especialmente na hora da tenta\u00e7\u00e3o e do pecado. Sempre apegado ao povo. Mois\u00e9s nunca perdeu a mem\u00f3ria do seu povo. E esta \u00e9 uma grandeza dos pastores: n\u00e3o esquecer o povo, n\u00e3o esquecer as ra\u00edzes. Como diz Paulo ao seu amado jovem bispo Tim\u00f3teo: \u201cLembre-se de tua m\u00e3e e de tua av\u00f3, das tuas ra\u00edzes, do teu povo\u201d. Mois\u00e9s \u00e9 t\u00e3o amigo de Deus que pode falar com Ele face a face; e permanecer\u00e1 t\u00e3o amigo dos homens que sentir\u00e1 miseric\u00f3rdia pelos seus pecados, pelas suas tenta\u00e7\u00f5es, pela inesperada nostalgia que os exilados t\u00eam em rela\u00e7\u00e3o ao passado, lembrando-se de quando estavam no Egito. Mois\u00e9s n\u00e3o renega a Deus, mas tamb\u00e9m n\u00e3o renega o seu povo. \u00c9 coerente com seu sangue, \u00e9 coerente com a voz de Deus.<\/p>\n<p><img loading=\"lazy\" class=\"alignnone wp-image-226579 size-full\" src=\"https:\/\/franciscanos.org.br\/noticias\/wp-content\/uploads\/2020\/06\/papa_1706_1.jpg\" alt=\"\" width=\"890\" height=\"592\" srcset=\"https:\/\/franciscanos.org.br\/noticias\/wp-content\/uploads\/2020\/06\/papa_1706_1.jpg 890w, https:\/\/franciscanos.org.br\/noticias\/wp-content\/uploads\/2020\/06\/papa_1706_1-450x299.jpg 450w, https:\/\/franciscanos.org.br\/noticias\/wp-content\/uploads\/2020\/06\/papa_1706_1-768x511.jpg 768w, https:\/\/franciscanos.org.br\/noticias\/wp-content\/uploads\/2020\/06\/papa_1706_1-150x100.jpg 150w\" sizes=\"(max-width: 890px) 100vw, 890px\" \/><\/p>\n<p><strong>Mois\u00e9s \u00e9 a ponte, \u00e9 o intercessor<\/strong><br \/>\nSegundo o Papa, \u201cMois\u00e9s n\u00e3o \u00e9 um l\u00edder autorit\u00e1rio nem desp\u00f3tico; pelo contr\u00e1rio, o Livro dos N\u00fameros define-o \u00abmais humilde e paciente do que qualquer homem sobre a terra\u00bb. Apesar da sua condi\u00e7\u00e3o privilegiada, Mois\u00e9s n\u00e3o deixa de pertencer \u00e0quele grupo de pobres em esp\u00edrito que vivem fazendo da confian\u00e7a em Deus o vi\u00e1tico do pr\u00f3prio caminho. \u00c9 um homem do povo\u201d.<\/p>\n<p>A intercess\u00e3o ser\u00e1 a forma mais adequada de Mois\u00e9s rezar. \u201cA sua f\u00e9 em Deus \u00e9 uma s\u00f3 com o sentido de paternidade que nutre pelo seu povo. Habitualmente, a Escritura o representa com as m\u00e3os elevadas a Deus, como se servisse de ponte com a pr\u00f3pria pessoa entre o c\u00e9u e a terra\u201d.<\/p>\n<p>&#8220;At\u00e9 nos momentos mais dif\u00edceis, at\u00e9 no dia em que o povo rejeita a Deus e a ele mesmo como guia, fazendo um bezerro de ouro, Mois\u00e9s n\u00e3o quer p\u00f4r de lado o seu povo. \u00c9 o meu povo. \u00c9 o seu povo. \u00c9 o meu povo&#8221;, disse o Pont\u00edfice. Mois\u00e9s &#8220;n\u00e3o renega a Deus e nem o povo. E diz a Deus: \u00abEste povo cometeu um pecado grav\u00edssimo, fabricando um deus de ouro. Agora, por\u00e9m, ou perdoas o pecado deles ou me riscas do teu livro\u00bb.<\/p>\n<p>\u201cMois\u00e9s n\u00e3o negocia o povo. \u00c9 a ponte, \u00e9 o intercessor. Os dois, o povo e Deus, e ele no meio. N\u00e3o vende o seu povo para fazer carreira. Ele n\u00e3o \u00e9 um galgador, \u00e9 um intercessor: pelo seu povo, pela sua carne, pela sua hist\u00f3ria, pelo seu povo e por Deus que o chamou. \u00c9 a ponte. Que belo exemplo para todos os pastores que devem ser \u201cponte\u201d. \u00c9 por isso que s\u00e3o chamados de pontifex, pontes. Os pastores s\u00e3o pontes entre o povo a quem pertencem e Deus, a quem pertencem por voca\u00e7\u00e3o\u201d.<\/p>\n<p>&#8220;Esse \u00e9 Mois\u00e9s. Perdoa Senhor os seus pecados, caso contr\u00e1rio, me riscas do teu livro. N\u00e3o quero fazer carreira com o meu povo\u201d, sublinhou Francisco, acrescentando: Esta \u00e9 a ora\u00e7\u00e3o que os verdadeiros fi\u00e9is cultivam na sua vida espiritual. Embora experimentem as falhas das pessoas e a sua dist\u00e2ncia de Deus, estes orantes n\u00e3o as condenam, nem as rejeitam. A atitude de intercess\u00e3o \u00e9 pr\u00f3pria dos Santos que, \u00e0 imita\u00e7\u00e3o de Jesus, s\u00e3o \u201cpontes\u201d entre Deus e o seu povo. Neste sentido, Mois\u00e9s foi o maior profeta de Jesus, nosso defensor e intercessor. E ainda hoje, Jesus \u00e9 o pontifex, ele \u00e9 a ponte entre n\u00f3s e o Pai. Jesus intercede por n\u00f3s, mostra ao Pai as chagas que s\u00e3o o pre\u00e7o da nossa salva\u00e7\u00e3o e intercede. Mois\u00e9s \u00e9 a figura de Jesus intercessor hoje, que Jesus reza por n\u00f3s, intercede por n\u00f3s.<\/p>\n<p><img loading=\"lazy\" class=\"alignnone size-full wp-image-226580\" src=\"https:\/\/franciscanos.org.br\/noticias\/wp-content\/uploads\/2020\/06\/papa_170601.jpg\" alt=\"\" width=\"890\" height=\"593\" srcset=\"https:\/\/franciscanos.org.br\/noticias\/wp-content\/uploads\/2020\/06\/papa_170601.jpg 890w, https:\/\/franciscanos.org.br\/noticias\/wp-content\/uploads\/2020\/06\/papa_170601-450x300.jpg 450w, https:\/\/franciscanos.org.br\/noticias\/wp-content\/uploads\/2020\/06\/papa_170601-768x512.jpg 768w, https:\/\/franciscanos.org.br\/noticias\/wp-content\/uploads\/2020\/06\/papa_170601-150x100.jpg 150w\" sizes=\"(max-width: 890px) 100vw, 890px\" \/><\/p>\n<p>Segundo o Papa, \u201cMois\u00e9s nos exorta a rezar com o mesmo ardor de Jesus, a interceder pelo mundo, a recordar que ele, apesar de todas as suas fragilidades, pertence sempre a Deus. Todos pertencemos a Deus. Os pecadores mais feios, as pessoas mais perversas, os l\u00edderes mais corruptos, s\u00e3o filhos de Deus e Jesus sente isso e intercede por todos. O mundo vive e prospera gra\u00e7as \u00e0 b\u00ean\u00e7\u00e3o do justo, \u00e0 ora\u00e7\u00e3o de piedade, a esta ora\u00e7\u00e3o de piedade que o santo, o justo, o intercessor, o sacerdote, o bispo, o Papa, o leigo, qualquer batizado, eleva incessantemente pelos homens, em todos os lugares e \u00e9pocas da hist\u00f3ria\u201d.<\/p>\n<p>\u201cPensemos em Mois\u00e9s, o intercessor. Quando tivermos vontade de condenar algu\u00e9m e ficamos com raiva por dentro&#8230; Ficar zangado \u00e9 bom, eh! &#8211; \u00e9 um pouco de sa\u00fade -, mas condenar n\u00e3o faz bem. Voc\u00ea fica bravo e o que deve fazer? Vai interceder por isso\u201d, concluiu Francisco.<\/p>\n<p><strong>\u201cDia da Consci\u00eancia\u201d<\/strong><\/p>\n<p>Na Audi\u00eancia Geral desta quarta-feira (17\/06), o Papa Francisco fez um apelo em prol do \u201cDia da Consci\u00eancia\u201d. \u201cCelebra-se hoje o \u201cDia da Consci\u00eancia\u201d, inspirado no testemunho do diplomata portugu\u00eas Aristides de Sousa Mendes, que, oitenta anos atr\u00e1s, decidiu seguir a voz da consci\u00eancia e salvou a vida de milhares de judeus e outros perseguidos. Que a liberdade de consci\u00eancia seja sempre e em toda parte respeitada; e que cada crist\u00e3o possa dar exemplo de coer\u00eancia com uma consci\u00eancia reta e iluminada pela Palavra de Deus.\u201d<\/p>\n<hr \/>\n<p><em>Fonte: Vatican News<\/em><\/p>\n","protected":false},"excerpt":{"rendered":"<p>Audi\u00eancia Geral<\/p>\n","protected":false},"author":3,"featured_media":226581,"comment_status":"open","ping_status":"open","sticky":false,"template":"","format":"standard","meta":[],"categories":[1428],"tags":[487],"acf":[],"yoast_head":"<!-- This site is optimized with the Yoast SEO plugin v19.2 - https:\/\/yoast.com\/wordpress\/plugins\/seo\/ -->\n<title>Papa: a intercess\u00e3o \u00e9 pr\u00f3pria dos Santos que s\u00e3o \u201cpontes\u201d entre Deus e o seu povo - Not\u00edcias - Franciscanos<\/title>\n<meta name=\"robots\" content=\"index, follow, max-snippet:-1, max-image-preview:large, max-video-preview:-1\" \/>\n<link rel=\"canonical\" href=\"https:\/\/franciscanos.org.br\/noticias\/papa-a-intercessao-e-propria-dos-santos-que-sao-pontes-entre-deus-e-o-seu-povo.html\" \/>\n<meta property=\"og:locale\" content=\"pt_BR\" \/>\n<meta property=\"og:type\" content=\"article\" \/>\n<meta property=\"og:title\" content=\"Papa: a intercess\u00e3o \u00e9 pr\u00f3pria dos Santos que s\u00e3o \u201cpontes\u201d entre Deus e o seu povo - Not\u00edcias - Franciscanos\" \/>\n<meta property=\"og:description\" content=\"Audi\u00eancia Geral\" \/>\n<meta property=\"og:url\" content=\"https:\/\/franciscanos.org.br\/noticias\/papa-a-intercessao-e-propria-dos-santos-que-sao-pontes-entre-deus-e-o-seu-povo.html\" \/>\n<meta property=\"og:site_name\" content=\"Not\u00edcias - Franciscanos\" \/>\n<meta property=\"article:published_time\" content=\"2020-06-17T09:44:33+00:00\" \/>\n<meta property=\"article:modified_time\" content=\"2021-08-29T14:05:43+00:00\" \/>\n<meta property=\"og:image\" content=\"https:\/\/franciscanos.org.br\/noticias\/wp-content\/uploads\/2020\/06\/papa_1706d.jpg\" \/>\n\t<meta property=\"og:image:width\" content=\"800\" \/>\n\t<meta property=\"og:image:height\" content=\"599\" \/>\n\t<meta property=\"og:image:type\" content=\"image\/jpeg\" \/>\n<meta name=\"author\" content=\"moacir\" \/>\n<meta name=\"twitter:card\" content=\"summary_large_image\" \/>\n<meta name=\"twitter:label1\" content=\"Escrito por\" \/>\n\t<meta name=\"twitter:data1\" content=\"moacir\" \/>\n\t<meta name=\"twitter:label2\" content=\"Est. tempo de leitura\" \/>\n\t<meta name=\"twitter:data2\" content=\"7 minutos\" \/>\n<script type=\"application\/ld+json\" class=\"yoast-schema-graph\">{\"@context\":\"https:\/\/schema.org\",\"@graph\":[{\"@type\":\"WebSite\",\"@id\":\"https:\/\/franciscanos.org.br\/noticias\/#website\",\"url\":\"https:\/\/franciscanos.org.br\/noticias\/\",\"name\":\"Not\u00edcias - Franciscanos\",\"description\":\"Prov\u00edncia Franciscana da Imaculada Concei\u00e7\u00e3o do Brasil - Ordem dos Frades Menores - OFM\",\"potentialAction\":[{\"@type\":\"SearchAction\",\"target\":{\"@type\":\"EntryPoint\",\"urlTemplate\":\"https:\/\/franciscanos.org.br\/noticias\/?s={search_term_string}\"},\"query-input\":\"required name=search_term_string\"}],\"inLanguage\":\"pt-BR\"},{\"@type\":\"ImageObject\",\"inLanguage\":\"pt-BR\",\"@id\":\"https:\/\/franciscanos.org.br\/noticias\/papa-a-intercessao-e-propria-dos-santos-que-sao-pontes-entre-deus-e-o-seu-povo.html#primaryimage\",\"url\":\"https:\/\/franciscanos.org.br\/noticias\/wp-content\/uploads\/2020\/06\/papa_1706d.jpg\",\"contentUrl\":\"https:\/\/franciscanos.org.br\/noticias\/wp-content\/uploads\/2020\/06\/papa_1706d.jpg\",\"width\":800,\"height\":599},{\"@type\":\"WebPage\",\"@id\":\"https:\/\/franciscanos.org.br\/noticias\/papa-a-intercessao-e-propria-dos-santos-que-sao-pontes-entre-deus-e-o-seu-povo.html#webpage\",\"url\":\"https:\/\/franciscanos.org.br\/noticias\/papa-a-intercessao-e-propria-dos-santos-que-sao-pontes-entre-deus-e-o-seu-povo.html\",\"name\":\"Papa: a intercess\u00e3o \u00e9 pr\u00f3pria dos Santos que s\u00e3o \u201cpontes\u201d entre Deus e o seu povo - Not\u00edcias - Franciscanos\",\"isPartOf\":{\"@id\":\"https:\/\/franciscanos.org.br\/noticias\/#website\"},\"primaryImageOfPage\":{\"@id\":\"https:\/\/franciscanos.org.br\/noticias\/papa-a-intercessao-e-propria-dos-santos-que-sao-pontes-entre-deus-e-o-seu-povo.html#primaryimage\"},\"datePublished\":\"2020-06-17T09:44:33+00:00\",\"dateModified\":\"2021-08-29T14:05:43+00:00\",\"author\":{\"@id\":\"https:\/\/franciscanos.org.br\/noticias\/#\/schema\/person\/b5c8cba458c330ccff548b056e95a5d4\"},\"breadcrumb\":{\"@id\":\"https:\/\/franciscanos.org.br\/noticias\/papa-a-intercessao-e-propria-dos-santos-que-sao-pontes-entre-deus-e-o-seu-povo.html#breadcrumb\"},\"inLanguage\":\"pt-BR\",\"potentialAction\":[{\"@type\":\"ReadAction\",\"target\":[\"https:\/\/franciscanos.org.br\/noticias\/papa-a-intercessao-e-propria-dos-santos-que-sao-pontes-entre-deus-e-o-seu-povo.html\"]}]},{\"@type\":\"BreadcrumbList\",\"@id\":\"https:\/\/franciscanos.org.br\/noticias\/papa-a-intercessao-e-propria-dos-santos-que-sao-pontes-entre-deus-e-o-seu-povo.html#breadcrumb\",\"itemListElement\":[{\"@type\":\"ListItem\",\"position\":1,\"name\":\"Home\",\"item\":\"https:\/\/franciscanos.org.br\/noticias\"},{\"@type\":\"ListItem\",\"position\":2,\"name\":\"Papa: a intercess\u00e3o \u00e9 pr\u00f3pria dos Santos que s\u00e3o \u201cpontes\u201d entre Deus e o seu povo\"}]},{\"@type\":\"Person\",\"@id\":\"https:\/\/franciscanos.org.br\/noticias\/#\/schema\/person\/b5c8cba458c330ccff548b056e95a5d4\",\"name\":\"moacir\",\"image\":{\"@type\":\"ImageObject\",\"inLanguage\":\"pt-BR\",\"@id\":\"https:\/\/franciscanos.org.br\/noticias\/#\/schema\/person\/image\/\",\"url\":\"https:\/\/secure.gravatar.com\/avatar\/d08aa2ce4c8dd416d4479aa8536fcf64?s=96&d=mm&r=g\",\"contentUrl\":\"https:\/\/secure.gravatar.com\/avatar\/d08aa2ce4c8dd416d4479aa8536fcf64?s=96&d=mm&r=g\",\"caption\":\"moacir\"},\"url\":\"https:\/\/franciscanos.org.br\/noticias\/author\/moacir\"}]}<\/script>\n<!-- \/ Yoast SEO plugin. -->","yoast_head_json":{"title":"Papa: a intercess\u00e3o \u00e9 pr\u00f3pria dos Santos que s\u00e3o \u201cpontes\u201d entre Deus e o seu povo - Not\u00edcias - Franciscanos","robots":{"index":"index","follow":"follow","max-snippet":"max-snippet:-1","max-image-preview":"max-image-preview:large","max-video-preview":"max-video-preview:-1"},"canonical":"https:\/\/franciscanos.org.br\/noticias\/papa-a-intercessao-e-propria-dos-santos-que-sao-pontes-entre-deus-e-o-seu-povo.html","og_locale":"pt_BR","og_type":"article","og_title":"Papa: a intercess\u00e3o \u00e9 pr\u00f3pria dos Santos que s\u00e3o \u201cpontes\u201d entre Deus e o seu povo - Not\u00edcias - Franciscanos","og_description":"Audi\u00eancia Geral","og_url":"https:\/\/franciscanos.org.br\/noticias\/papa-a-intercessao-e-propria-dos-santos-que-sao-pontes-entre-deus-e-o-seu-povo.html","og_site_name":"Not\u00edcias - Franciscanos","article_published_time":"2020-06-17T09:44:33+00:00","article_modified_time":"2021-08-29T14:05:43+00:00","og_image":[{"width":800,"height":599,"url":"https:\/\/franciscanos.org.br\/noticias\/wp-content\/uploads\/2020\/06\/papa_1706d.jpg","type":"image\/jpeg"}],"author":"moacir","twitter_card":"summary_large_image","twitter_misc":{"Escrito por":"moacir","Est. tempo de leitura":"7 minutos"},"schema":{"@context":"https:\/\/schema.org","@graph":[{"@type":"WebSite","@id":"https:\/\/franciscanos.org.br\/noticias\/#website","url":"https:\/\/franciscanos.org.br\/noticias\/","name":"Not\u00edcias - Franciscanos","description":"Prov\u00edncia Franciscana da Imaculada Concei\u00e7\u00e3o do Brasil - Ordem dos Frades Menores - OFM","potentialAction":[{"@type":"SearchAction","target":{"@type":"EntryPoint","urlTemplate":"https:\/\/franciscanos.org.br\/noticias\/?s={search_term_string}"},"query-input":"required name=search_term_string"}],"inLanguage":"pt-BR"},{"@type":"ImageObject","inLanguage":"pt-BR","@id":"https:\/\/franciscanos.org.br\/noticias\/papa-a-intercessao-e-propria-dos-santos-que-sao-pontes-entre-deus-e-o-seu-povo.html#primaryimage","url":"https:\/\/franciscanos.org.br\/noticias\/wp-content\/uploads\/2020\/06\/papa_1706d.jpg","contentUrl":"https:\/\/franciscanos.org.br\/noticias\/wp-content\/uploads\/2020\/06\/papa_1706d.jpg","width":800,"height":599},{"@type":"WebPage","@id":"https:\/\/franciscanos.org.br\/noticias\/papa-a-intercessao-e-propria-dos-santos-que-sao-pontes-entre-deus-e-o-seu-povo.html#webpage","url":"https:\/\/franciscanos.org.br\/noticias\/papa-a-intercessao-e-propria-dos-santos-que-sao-pontes-entre-deus-e-o-seu-povo.html","name":"Papa: a intercess\u00e3o \u00e9 pr\u00f3pria dos Santos que s\u00e3o \u201cpontes\u201d entre Deus e o seu povo - Not\u00edcias - Franciscanos","isPartOf":{"@id":"https:\/\/franciscanos.org.br\/noticias\/#website"},"primaryImageOfPage":{"@id":"https:\/\/franciscanos.org.br\/noticias\/papa-a-intercessao-e-propria-dos-santos-que-sao-pontes-entre-deus-e-o-seu-povo.html#primaryimage"},"datePublished":"2020-06-17T09:44:33+00:00","dateModified":"2021-08-29T14:05:43+00:00","author":{"@id":"https:\/\/franciscanos.org.br\/noticias\/#\/schema\/person\/b5c8cba458c330ccff548b056e95a5d4"},"breadcrumb":{"@id":"https:\/\/franciscanos.org.br\/noticias\/papa-a-intercessao-e-propria-dos-santos-que-sao-pontes-entre-deus-e-o-seu-povo.html#breadcrumb"},"inLanguage":"pt-BR","potentialAction":[{"@type":"ReadAction","target":["https:\/\/franciscanos.org.br\/noticias\/papa-a-intercessao-e-propria-dos-santos-que-sao-pontes-entre-deus-e-o-seu-povo.html"]}]},{"@type":"BreadcrumbList","@id":"https:\/\/franciscanos.org.br\/noticias\/papa-a-intercessao-e-propria-dos-santos-que-sao-pontes-entre-deus-e-o-seu-povo.html#breadcrumb","itemListElement":[{"@type":"ListItem","position":1,"name":"Home","item":"https:\/\/franciscanos.org.br\/noticias"},{"@type":"ListItem","position":2,"name":"Papa: a intercess\u00e3o \u00e9 pr\u00f3pria dos Santos que s\u00e3o \u201cpontes\u201d entre Deus e o seu povo"}]},{"@type":"Person","@id":"https:\/\/franciscanos.org.br\/noticias\/#\/schema\/person\/b5c8cba458c330ccff548b056e95a5d4","name":"moacir","image":{"@type":"ImageObject","inLanguage":"pt-BR","@id":"https:\/\/franciscanos.org.br\/noticias\/#\/schema\/person\/image\/","url":"https:\/\/secure.gravatar.com\/avatar\/d08aa2ce4c8dd416d4479aa8536fcf64?s=96&d=mm&r=g","contentUrl":"https:\/\/secure.gravatar.com\/avatar\/d08aa2ce4c8dd416d4479aa8536fcf64?s=96&d=mm&r=g","caption":"moacir"},"url":"https:\/\/franciscanos.org.br\/noticias\/author\/moacir"}]}},"_links":{"self":[{"href":"https:\/\/franciscanos.org.br\/noticias\/wp-json\/wp\/v2\/posts\/226577"}],"collection":[{"href":"https:\/\/franciscanos.org.br\/noticias\/wp-json\/wp\/v2\/posts"}],"about":[{"href":"https:\/\/franciscanos.org.br\/noticias\/wp-json\/wp\/v2\/types\/post"}],"author":[{"embeddable":true,"href":"https:\/\/franciscanos.org.br\/noticias\/wp-json\/wp\/v2\/users\/3"}],"replies":[{"embeddable":true,"href":"https:\/\/franciscanos.org.br\/noticias\/wp-json\/wp\/v2\/comments?post=226577"}],"version-history":[{"count":3,"href":"https:\/\/franciscanos.org.br\/noticias\/wp-json\/wp\/v2\/posts\/226577\/revisions"}],"predecessor-version":[{"id":233979,"href":"https:\/\/franciscanos.org.br\/noticias\/wp-json\/wp\/v2\/posts\/226577\/revisions\/233979"}],"wp:featuredmedia":[{"embeddable":true,"href":"https:\/\/franciscanos.org.br\/noticias\/wp-json\/wp\/v2\/media\/226581"}],"wp:attachment":[{"href":"https:\/\/franciscanos.org.br\/noticias\/wp-json\/wp\/v2\/media?parent=226577"}],"wp:term":[{"taxonomy":"category","embeddable":true,"href":"https:\/\/franciscanos.org.br\/noticias\/wp-json\/wp\/v2\/categories?post=226577"},{"taxonomy":"post_tag","embeddable":true,"href":"https:\/\/franciscanos.org.br\/noticias\/wp-json\/wp\/v2\/tags?post=226577"}],"curies":[{"name":"wp","href":"https:\/\/api.w.org\/{rel}","templated":true}]}}