{"id":226530,"date":"2020-06-13T08:52:35","date_gmt":"2020-06-13T11:52:35","guid":{"rendered":"https:\/\/franciscanos.org.br\/noticias\/?p=226530"},"modified":"2021-08-29T11:11:50","modified_gmt":"2021-08-29T14:11:50","slug":"papa-estender-a-mao-ao-pobre-requer-treino-diario","status":"publish","type":"post","link":"https:\/\/franciscanos.org.br\/noticias\/papa-estender-a-mao-ao-pobre-requer-treino-diario.html","title":{"rendered":"Papa: estender a m\u00e3o ao pobre requer treino di\u00e1rio"},"content":{"rendered":"<div id=\"attachment_226531\" style=\"width: 1010px\" class=\"wp-caption alignnone\"><img aria-describedby=\"caption-attachment-226531\" loading=\"lazy\" class=\"wp-image-226531 size-full\" src=\"https:\/\/franciscanos.org.br\/noticias\/wp-content\/uploads\/2020\/06\/pobre_12.jpg\" alt=\"\" width=\"1000\" height=\"563\" srcset=\"https:\/\/franciscanos.org.br\/noticias\/wp-content\/uploads\/2020\/06\/pobre_12.jpg 1000w, https:\/\/franciscanos.org.br\/noticias\/wp-content\/uploads\/2020\/06\/pobre_12-450x253.jpg 450w, https:\/\/franciscanos.org.br\/noticias\/wp-content\/uploads\/2020\/06\/pobre_12-768x432.jpg 768w, https:\/\/franciscanos.org.br\/noticias\/wp-content\/uploads\/2020\/06\/pobre_12-150x84.jpg 150w\" sizes=\"(max-width: 1000px) 100vw, 1000px\" \/><p id=\"caption-attachment-226531\" class=\"wp-caption-text\"><em>\u00a0 \u00a0 \u00a0 \u00a0 \u00a0 \u00a0 \u00a0 \u00a0 \u00a0 \u00a0 \u00a0 \u00a0 \u00a0 \u00a0 \u00a0 \u00a0 \u00a0 \u00a0 \u00a0 \u00a0 \u00a0 \u00a0 \u00a0 \u00a0 \u00a0 \u00a0 \u00a0 \u00a0 \u00a0 \u00a0 \u00a0 \u00a0 \u00a0 \u00a0 \u00a0 \u00a0 \u00a0 \u00a0 \u00a0 \u00a0 \u00a0 \u00a0 \u00a0 \u00a0 \u00a0 \u00a0 \u00a0 \u00a0 \u00a0 \u00a0 \u00a0 \u00a0 \u00a0 \u00a0 \u00a0 \u00a0 \u00a0 \u00a0 \u00a0 \u00a0 \u00a0 \u00a0 Imagem: Vatican Media<\/em><\/p><\/div>\n<p><strong>Cidade do Vaticano<\/strong> &#8211; \u00abEstende a tua m\u00e3o ao pobre\u00bb: a sabedoria de Ben-Sir\u00e1 (Ec 7, 32) inspirou a mensagem do Papa Francisco para o <strong><a href=\"https:\/\/franciscanos.org.br\/vidacrista\/mensagem-do-papa-para-o-iv-dia-mundial-dos-pobres\/#gsc.tab=0\">IV DIA MUNDIAL DOS POBRES<\/a><\/strong>, que ser\u00e1 celebrado em 15 de novembro. O texto foi apresentado este s\u00e1bado numa coletiva via <em>streamming<\/em> organizada pela Sala de Imprensa da Santa S\u00e9.<\/p>\n<p>A mensagem recorda um dos princ\u00edpios do cristianismo: a ora\u00e7\u00e3o a Deus e a solidariedade para com os pobres e os enfermos s\u00e3o insepar\u00e1veis. \u201cO tempo que se deve dedicar \u00e0 ora\u00e7\u00e3o jamais pode tornar-se um \u00e1libi para descuidar do pr\u00f3ximo em dificuldade\u201d, escreve o Papa. Pelo contr\u00e1rio: \u201ca b\u00ean\u00e7\u00e3o do Senhor desce sobre n\u00f3s e a ora\u00e7\u00e3o alcan\u00e7a o seu objetivo quando s\u00e3o acompanhadas pelo servi\u00e7o dos pobres\u201d.<\/p>\n<p>N\u00e3o se trata de uma op\u00e7\u00e3o condicionada ao tempo dispon\u00edvel ou a interesses pessoais, mas do encontro com uma pessoa em condi\u00e7\u00f5es de pobreza, que n\u00e3o cessa de nos provocar e questionar. \u201cN\u00e3o podemos sentir-nos tranquilos, quando um membro da fam\u00edlia humana \u00e9 relegado para a retaguarda, reduzindo-se a uma sombra. O clamor silencioso de tantos pobres deve encontrar o povo de Deus na vanguarda\u201d. A Igreja n\u00e3o tem solu\u00e7\u00f5es globais a propor, diz ainda o Papa, mas oferece o seu testemunho e gestos de partilha.<\/p>\n<p><strong>Quantas m\u00e3os estendidas: ladainha de obras de bem<\/strong><br \/>\nNestes meses, em que o mundo inteiro foi dominado por um v\u00edrus que trouxe dor e morte, pudemos ver tantas m\u00e3os estendidas! A m\u00e3o estendida do m\u00e9dico, do enfermeiro, do farmac\u00eautico, do sacerdote&#8230; \u201cE poder\u00edamos enumerar ainda outras m\u00e3os estendidas, at\u00e9 compor uma ladainha de obras de bem. Todas estas m\u00e3os desafiaram o cont\u00e1gio e o medo, a fim de dar apoio e consola\u00e7\u00e3o\u201d. Fazer o bem n\u00e3o \u00e9 algo improvisado, adverte Francisco. \u201cN\u00e3o nos improvisamos instrumentos de miseric\u00f3rdia. Requer-se um treino di\u00e1rio.\u201d<\/p>\n<p>E neste per\u00edodo amadureceu em n\u00f3s a exig\u00eancia de uma nova fraternidade. \u201cAs graves crises econ\u00f4micas, financeiras e pol\u00edticas n\u00e3o cessar\u00e3o enquanto permitirmos que permane\u00e7a em letargo a responsabilidade que cada um deve sentir para com o pr\u00f3ximo e toda a pessoa.\u201d<\/p>\n<p><strong>Responsabilidade: o objetivo \u00e9 o amor!<\/strong><br \/>\n\u00abEstende a m\u00e3o ao pobre\u00bb \u00e9, pois, um convite \u00e0 responsabilidade. N\u00e3o se trata de uma exorta\u00e7\u00e3o facultativa, mas de uma condi\u00e7\u00e3o da autenticidade da f\u00e9 que professamos.<\/p>\n<p>Enquanto alguns estendem a m\u00e3o, outros a conservam nos bolsos e n\u00e3o se deixam comover pela pobreza. A indiferen\u00e7a e o cinismo s\u00e3o o seu alimento di\u00e1rio. E aqui o Pont\u00edfice n\u00e3o usa meias palavras para condenar quem usa as m\u00e3os para especular, acumular dinheiro com a venda de armas, quem troca favores ilegais para um lucro f\u00e1cil e corrupto. \u201cN\u00e3o poderemos ser felizes enquanto estas m\u00e3os que semeiam morte n\u00e3o forem transformadas em instrumentos de justi\u00e7a e paz para o mundo inteiro.\u201d<\/p>\n<p>O objetivo de cada a\u00e7\u00e3o humana, recorda por fim o Papa, s\u00f3 pode ser o amor: tal \u00e9 o objetivo para onde caminhamos, e nada deve distrair-nos dele. Este amor \u00e9 partilha, dedica\u00e7\u00e3o e servi\u00e7o: \u201cPossa ent\u00e3o a m\u00e3o estendida enriquecer-se sempre com o sorriso de quem n\u00e3o faz pesar a sua presen\u00e7a nem a ajuda que presta, mas alegra-se apenas em viver o estilo dos disc\u00edpulos de Cristo\u201d.<\/p>\n<p><strong>Os pobres est\u00e3o e sempre estar\u00e3o conosco<\/strong><br \/>\nO Dia Mundial dos Pobres foi institu\u00eddo pelo Papa Francisco em 2016, na conclus\u00e3o do Jubileu da Miseric\u00f3rdia. A data \u00e9 celebrada no pen\u00faltimo domingo do ano lit\u00fargico.<br \/>\nA proposta da data \u00e9 recordar aos fi\u00e9is esta \u201crealidade fundamental para a vida da Igreja, porque os pobres est\u00e3o e sempre estar\u00e3o conosco (cf. Jo 12, 8) para nos ajudar a acolher a companhia de Cristo na exist\u00eancia do dia a dia\u201d.<\/p>\n<hr \/>\n<p><em>Fonte: Vatican News (Bianca Fraccalvieri)<\/em><\/p>\n","protected":false},"excerpt":{"rendered":"<p>Mensagem do Papa para o IV Dia Mundial dos Pobres<\/p>\n","protected":false},"author":3,"featured_media":226532,"comment_status":"open","ping_status":"open","sticky":false,"template":"","format":"standard","meta":[],"categories":[1428],"tags":[1114],"acf":[],"yoast_head":"<!-- This site is optimized with the Yoast SEO plugin v19.2 - https:\/\/yoast.com\/wordpress\/plugins\/seo\/ -->\n<title>Papa: estender a m\u00e3o ao pobre requer treino di\u00e1rio - Not\u00edcias - Franciscanos<\/title>\n<meta name=\"robots\" content=\"index, follow, max-snippet:-1, max-image-preview:large, max-video-preview:-1\" \/>\n<link rel=\"canonical\" href=\"https:\/\/franciscanos.org.br\/noticias\/papa-estender-a-mao-ao-pobre-requer-treino-diario.html\" \/>\n<meta property=\"og:locale\" content=\"pt_BR\" \/>\n<meta property=\"og:type\" content=\"article\" \/>\n<meta property=\"og:title\" content=\"Papa: estender a m\u00e3o ao pobre requer treino di\u00e1rio - Not\u00edcias - Franciscanos\" \/>\n<meta property=\"og:description\" content=\"Mensagem do Papa para o IV Dia Mundial dos Pobres\" \/>\n<meta property=\"og:url\" content=\"https:\/\/franciscanos.org.br\/noticias\/papa-estender-a-mao-ao-pobre-requer-treino-diario.html\" \/>\n<meta property=\"og:site_name\" content=\"Not\u00edcias - Franciscanos\" \/>\n<meta property=\"article:published_time\" content=\"2020-06-13T11:52:35+00:00\" \/>\n<meta property=\"article:modified_time\" content=\"2021-08-29T14:11:50+00:00\" \/>\n<meta property=\"og:image\" content=\"https:\/\/franciscanos.org.br\/noticias\/wp-content\/uploads\/2020\/06\/pobre_12d.jpg\" \/>\n\t<meta property=\"og:image:width\" content=\"800\" \/>\n\t<meta property=\"og:image:height\" content=\"601\" \/>\n\t<meta property=\"og:image:type\" content=\"image\/jpeg\" \/>\n<meta name=\"author\" content=\"moacir\" \/>\n<meta name=\"twitter:card\" content=\"summary_large_image\" \/>\n<meta name=\"twitter:label1\" content=\"Escrito por\" \/>\n\t<meta name=\"twitter:data1\" content=\"moacir\" \/>\n\t<meta name=\"twitter:label2\" content=\"Est. tempo de leitura\" \/>\n\t<meta name=\"twitter:data2\" content=\"3 minutos\" \/>\n<script type=\"application\/ld+json\" class=\"yoast-schema-graph\">{\"@context\":\"https:\/\/schema.org\",\"@graph\":[{\"@type\":\"WebSite\",\"@id\":\"https:\/\/franciscanos.org.br\/noticias\/#website\",\"url\":\"https:\/\/franciscanos.org.br\/noticias\/\",\"name\":\"Not\u00edcias - Franciscanos\",\"description\":\"Prov\u00edncia Franciscana da Imaculada Concei\u00e7\u00e3o do Brasil - Ordem dos Frades Menores - OFM\",\"potentialAction\":[{\"@type\":\"SearchAction\",\"target\":{\"@type\":\"EntryPoint\",\"urlTemplate\":\"https:\/\/franciscanos.org.br\/noticias\/?s={search_term_string}\"},\"query-input\":\"required name=search_term_string\"}],\"inLanguage\":\"pt-BR\"},{\"@type\":\"ImageObject\",\"inLanguage\":\"pt-BR\",\"@id\":\"https:\/\/franciscanos.org.br\/noticias\/papa-estender-a-mao-ao-pobre-requer-treino-diario.html#primaryimage\",\"url\":\"https:\/\/franciscanos.org.br\/noticias\/wp-content\/uploads\/2020\/06\/pobre_12d.jpg\",\"contentUrl\":\"https:\/\/franciscanos.org.br\/noticias\/wp-content\/uploads\/2020\/06\/pobre_12d.jpg\",\"width\":800,\"height\":601},{\"@type\":\"WebPage\",\"@id\":\"https:\/\/franciscanos.org.br\/noticias\/papa-estender-a-mao-ao-pobre-requer-treino-diario.html#webpage\",\"url\":\"https:\/\/franciscanos.org.br\/noticias\/papa-estender-a-mao-ao-pobre-requer-treino-diario.html\",\"name\":\"Papa: estender a m\u00e3o ao pobre requer treino di\u00e1rio - Not\u00edcias - Franciscanos\",\"isPartOf\":{\"@id\":\"https:\/\/franciscanos.org.br\/noticias\/#website\"},\"primaryImageOfPage\":{\"@id\":\"https:\/\/franciscanos.org.br\/noticias\/papa-estender-a-mao-ao-pobre-requer-treino-diario.html#primaryimage\"},\"datePublished\":\"2020-06-13T11:52:35+00:00\",\"dateModified\":\"2021-08-29T14:11:50+00:00\",\"author\":{\"@id\":\"https:\/\/franciscanos.org.br\/noticias\/#\/schema\/person\/b5c8cba458c330ccff548b056e95a5d4\"},\"breadcrumb\":{\"@id\":\"https:\/\/franciscanos.org.br\/noticias\/papa-estender-a-mao-ao-pobre-requer-treino-diario.html#breadcrumb\"},\"inLanguage\":\"pt-BR\",\"potentialAction\":[{\"@type\":\"ReadAction\",\"target\":[\"https:\/\/franciscanos.org.br\/noticias\/papa-estender-a-mao-ao-pobre-requer-treino-diario.html\"]}]},{\"@type\":\"BreadcrumbList\",\"@id\":\"https:\/\/franciscanos.org.br\/noticias\/papa-estender-a-mao-ao-pobre-requer-treino-diario.html#breadcrumb\",\"itemListElement\":[{\"@type\":\"ListItem\",\"position\":1,\"name\":\"Home\",\"item\":\"https:\/\/franciscanos.org.br\/noticias\"},{\"@type\":\"ListItem\",\"position\":2,\"name\":\"Papa: estender a m\u00e3o ao pobre requer treino di\u00e1rio\"}]},{\"@type\":\"Person\",\"@id\":\"https:\/\/franciscanos.org.br\/noticias\/#\/schema\/person\/b5c8cba458c330ccff548b056e95a5d4\",\"name\":\"moacir\",\"image\":{\"@type\":\"ImageObject\",\"inLanguage\":\"pt-BR\",\"@id\":\"https:\/\/franciscanos.org.br\/noticias\/#\/schema\/person\/image\/\",\"url\":\"https:\/\/secure.gravatar.com\/avatar\/d08aa2ce4c8dd416d4479aa8536fcf64?s=96&d=mm&r=g\",\"contentUrl\":\"https:\/\/secure.gravatar.com\/avatar\/d08aa2ce4c8dd416d4479aa8536fcf64?s=96&d=mm&r=g\",\"caption\":\"moacir\"},\"url\":\"https:\/\/franciscanos.org.br\/noticias\/author\/moacir\"}]}<\/script>\n<!-- \/ Yoast SEO plugin. -->","yoast_head_json":{"title":"Papa: estender a m\u00e3o ao pobre requer treino di\u00e1rio - Not\u00edcias - Franciscanos","robots":{"index":"index","follow":"follow","max-snippet":"max-snippet:-1","max-image-preview":"max-image-preview:large","max-video-preview":"max-video-preview:-1"},"canonical":"https:\/\/franciscanos.org.br\/noticias\/papa-estender-a-mao-ao-pobre-requer-treino-diario.html","og_locale":"pt_BR","og_type":"article","og_title":"Papa: estender a m\u00e3o ao pobre requer treino di\u00e1rio - Not\u00edcias - Franciscanos","og_description":"Mensagem do Papa para o IV Dia Mundial dos Pobres","og_url":"https:\/\/franciscanos.org.br\/noticias\/papa-estender-a-mao-ao-pobre-requer-treino-diario.html","og_site_name":"Not\u00edcias - Franciscanos","article_published_time":"2020-06-13T11:52:35+00:00","article_modified_time":"2021-08-29T14:11:50+00:00","og_image":[{"width":800,"height":601,"url":"https:\/\/franciscanos.org.br\/noticias\/wp-content\/uploads\/2020\/06\/pobre_12d.jpg","type":"image\/jpeg"}],"author":"moacir","twitter_card":"summary_large_image","twitter_misc":{"Escrito por":"moacir","Est. tempo de leitura":"3 minutos"},"schema":{"@context":"https:\/\/schema.org","@graph":[{"@type":"WebSite","@id":"https:\/\/franciscanos.org.br\/noticias\/#website","url":"https:\/\/franciscanos.org.br\/noticias\/","name":"Not\u00edcias - Franciscanos","description":"Prov\u00edncia Franciscana da Imaculada Concei\u00e7\u00e3o do Brasil - Ordem dos Frades Menores - OFM","potentialAction":[{"@type":"SearchAction","target":{"@type":"EntryPoint","urlTemplate":"https:\/\/franciscanos.org.br\/noticias\/?s={search_term_string}"},"query-input":"required name=search_term_string"}],"inLanguage":"pt-BR"},{"@type":"ImageObject","inLanguage":"pt-BR","@id":"https:\/\/franciscanos.org.br\/noticias\/papa-estender-a-mao-ao-pobre-requer-treino-diario.html#primaryimage","url":"https:\/\/franciscanos.org.br\/noticias\/wp-content\/uploads\/2020\/06\/pobre_12d.jpg","contentUrl":"https:\/\/franciscanos.org.br\/noticias\/wp-content\/uploads\/2020\/06\/pobre_12d.jpg","width":800,"height":601},{"@type":"WebPage","@id":"https:\/\/franciscanos.org.br\/noticias\/papa-estender-a-mao-ao-pobre-requer-treino-diario.html#webpage","url":"https:\/\/franciscanos.org.br\/noticias\/papa-estender-a-mao-ao-pobre-requer-treino-diario.html","name":"Papa: estender a m\u00e3o ao pobre requer treino di\u00e1rio - Not\u00edcias - Franciscanos","isPartOf":{"@id":"https:\/\/franciscanos.org.br\/noticias\/#website"},"primaryImageOfPage":{"@id":"https:\/\/franciscanos.org.br\/noticias\/papa-estender-a-mao-ao-pobre-requer-treino-diario.html#primaryimage"},"datePublished":"2020-06-13T11:52:35+00:00","dateModified":"2021-08-29T14:11:50+00:00","author":{"@id":"https:\/\/franciscanos.org.br\/noticias\/#\/schema\/person\/b5c8cba458c330ccff548b056e95a5d4"},"breadcrumb":{"@id":"https:\/\/franciscanos.org.br\/noticias\/papa-estender-a-mao-ao-pobre-requer-treino-diario.html#breadcrumb"},"inLanguage":"pt-BR","potentialAction":[{"@type":"ReadAction","target":["https:\/\/franciscanos.org.br\/noticias\/papa-estender-a-mao-ao-pobre-requer-treino-diario.html"]}]},{"@type":"BreadcrumbList","@id":"https:\/\/franciscanos.org.br\/noticias\/papa-estender-a-mao-ao-pobre-requer-treino-diario.html#breadcrumb","itemListElement":[{"@type":"ListItem","position":1,"name":"Home","item":"https:\/\/franciscanos.org.br\/noticias"},{"@type":"ListItem","position":2,"name":"Papa: estender a m\u00e3o ao pobre requer treino di\u00e1rio"}]},{"@type":"Person","@id":"https:\/\/franciscanos.org.br\/noticias\/#\/schema\/person\/b5c8cba458c330ccff548b056e95a5d4","name":"moacir","image":{"@type":"ImageObject","inLanguage":"pt-BR","@id":"https:\/\/franciscanos.org.br\/noticias\/#\/schema\/person\/image\/","url":"https:\/\/secure.gravatar.com\/avatar\/d08aa2ce4c8dd416d4479aa8536fcf64?s=96&d=mm&r=g","contentUrl":"https:\/\/secure.gravatar.com\/avatar\/d08aa2ce4c8dd416d4479aa8536fcf64?s=96&d=mm&r=g","caption":"moacir"},"url":"https:\/\/franciscanos.org.br\/noticias\/author\/moacir"}]}},"_links":{"self":[{"href":"https:\/\/franciscanos.org.br\/noticias\/wp-json\/wp\/v2\/posts\/226530"}],"collection":[{"href":"https:\/\/franciscanos.org.br\/noticias\/wp-json\/wp\/v2\/posts"}],"about":[{"href":"https:\/\/franciscanos.org.br\/noticias\/wp-json\/wp\/v2\/types\/post"}],"author":[{"embeddable":true,"href":"https:\/\/franciscanos.org.br\/noticias\/wp-json\/wp\/v2\/users\/3"}],"replies":[{"embeddable":true,"href":"https:\/\/franciscanos.org.br\/noticias\/wp-json\/wp\/v2\/comments?post=226530"}],"version-history":[{"count":3,"href":"https:\/\/franciscanos.org.br\/noticias\/wp-json\/wp\/v2\/posts\/226530\/revisions"}],"predecessor-version":[{"id":233984,"href":"https:\/\/franciscanos.org.br\/noticias\/wp-json\/wp\/v2\/posts\/226530\/revisions\/233984"}],"wp:featuredmedia":[{"embeddable":true,"href":"https:\/\/franciscanos.org.br\/noticias\/wp-json\/wp\/v2\/media\/226532"}],"wp:attachment":[{"href":"https:\/\/franciscanos.org.br\/noticias\/wp-json\/wp\/v2\/media?parent=226530"}],"wp:term":[{"taxonomy":"category","embeddable":true,"href":"https:\/\/franciscanos.org.br\/noticias\/wp-json\/wp\/v2\/categories?post=226530"},{"taxonomy":"post_tag","embeddable":true,"href":"https:\/\/franciscanos.org.br\/noticias\/wp-json\/wp\/v2\/tags?post=226530"}],"curies":[{"name":"wp","href":"https:\/\/api.w.org\/{rel}","templated":true}]}}