{"id":226520,"date":"2020-06-12T22:45:49","date_gmt":"2020-06-13T01:45:49","guid":{"rendered":"https:\/\/franciscanos.org.br\/noticias\/?p=226520"},"modified":"2020-06-13T00:25:38","modified_gmt":"2020-06-13T03:25:38","slug":"frei-rui-e-lembrado-na-celebracao-do-abraco-e-da-esperanca","status":"publish","type":"post","link":"https:\/\/franciscanos.org.br\/noticias\/frei-rui-e-lembrado-na-celebracao-do-abraco-e-da-esperanca.html","title":{"rendered":"Frei Rui \u00e9 lembrado na Celebra\u00e7\u00e3o do Abra\u00e7o e da Esperan\u00e7a"},"content":{"rendered":"<p><img loading=\"lazy\" class=\"alignnone wp-image-226521 size-full\" src=\"https:\/\/franciscanos.org.br\/noticias\/wp-content\/uploads\/2020\/06\/celebra_12_2.jpg\" alt=\"\" width=\"1280\" height=\"720\" srcset=\"https:\/\/franciscanos.org.br\/noticias\/wp-content\/uploads\/2020\/06\/celebra_12_2.jpg 1280w, https:\/\/franciscanos.org.br\/noticias\/wp-content\/uploads\/2020\/06\/celebra_12_2-450x253.jpg 450w, https:\/\/franciscanos.org.br\/noticias\/wp-content\/uploads\/2020\/06\/celebra_12_2-1024x576.jpg 1024w, https:\/\/franciscanos.org.br\/noticias\/wp-content\/uploads\/2020\/06\/celebra_12_2-768x432.jpg 768w, https:\/\/franciscanos.org.br\/noticias\/wp-content\/uploads\/2020\/06\/celebra_12_2-150x84.jpg 150w\" sizes=\"(max-width: 1280px) 100vw, 1280px\" \/><\/p>\n<p>A Celebra\u00e7\u00e3o do Abra\u00e7o e da Esperan\u00e7a, que come\u00e7ou h\u00e1 exatos 32 dias, busca oferecer, diariamente, conforto e solidariedade \u00e0s fam\u00edlias enlutadas por causa da pandemia da Covid-19, uma doen\u00e7a cruel ao privar at\u00e9 as fam\u00edlias de sepultar seus entes queridos. Nesta sexta-feira, 12 de junho, a Par\u00f3quia Santa In\u00eas, em Balne\u00e1rio Cambori\u00fa (SC), presidiu a celebra\u00e7\u00e3o, que tamb\u00e9m teve entre as suas inten\u00e7\u00f5es <strong><a href=\"https:\/\/franciscanos.org.br\/noticias\/falece-frei-rui-depine-em-braganca-paulista.html#gsc.tab=0\">Frei Rui Guido Depin\u00e9<\/a><\/strong>, que faleceu na madrugada de hoje.<\/p>\n<p>Esse momento celebrativo foi transmitido ao vivo pela TVFranciscanos, na plataforma do YouTube. O p\u00e1roco e definidor provincial, Frei Daniel Dellandrea, presidiu a celebra\u00e7\u00e3o. Na sua reflex\u00e3o, \u00a0partiu do Evangelho de Jo\u00e3o, quando Maria Madalena e os disc\u00edpulos v\u00e3o bem cedo ao sepulcro e se deparam com o t\u00famulo vazio e os panos no ch\u00e3o, para falar deste sentimento de vazio quando se perde um ente querido. Ele citou, ent\u00e3o, os nomes dos falecidos lembrados nesta celebra\u00e7\u00e3o: Frei Rui Depin\u00e9, Luiz Carlos Rezende, Iracema Julia Geminiani, Ana de Souza, Getrudes Melo, Paulo Redondo e Maria de F\u00e1tima Cruz.<\/p>\n<p>&#8220;O que fazer com este sentimento de vazio, de aus\u00eancia? Vivemos hoje em nossa vida esta experi\u00eancia dos disc\u00edpulos que foram naquele domingo de manh\u00e3 ao sepulcro de Jesus. Fazemos a mesma experi\u00eancia ao nos depararmos com o sepulcro vazio, observar os panos que embrulharam o corpo de Jesus e ter a sensa\u00e7\u00e3o de que tudo terminou. Esse vazio, sentido pelos disc\u00edpulos, toca o cora\u00e7\u00e3o da gente, faz com que a gente possa se sentir inseguro, inconformado, indeciso. O que ser\u00e1 de n\u00f3s com essa aus\u00eancia?&#8221;, perguntou Frei Daniel.<\/p>\n<p><img loading=\"lazy\" class=\"alignnone wp-image-226523 size-full\" src=\"https:\/\/franciscanos.org.br\/noticias\/wp-content\/uploads\/2020\/06\/celebra_12.jpg\" alt=\"\" width=\"1280\" height=\"627\" srcset=\"https:\/\/franciscanos.org.br\/noticias\/wp-content\/uploads\/2020\/06\/celebra_12.jpg 1280w, https:\/\/franciscanos.org.br\/noticias\/wp-content\/uploads\/2020\/06\/celebra_12-450x220.jpg 450w, https:\/\/franciscanos.org.br\/noticias\/wp-content\/uploads\/2020\/06\/celebra_12-1024x502.jpg 1024w, https:\/\/franciscanos.org.br\/noticias\/wp-content\/uploads\/2020\/06\/celebra_12-768x376.jpg 768w, https:\/\/franciscanos.org.br\/noticias\/wp-content\/uploads\/2020\/06\/celebra_12-150x73.jpg 150w\" sizes=\"(max-width: 1280px) 100vw, 1280px\" \/><\/p>\n<p>O celebrante enumerou a aus\u00eancia de um frei querido que sempre esteve pr\u00f3ximo de tantas pessoas, a aus\u00eancia daquele pai, daquela m\u00e3e, do av\u00f4, da av\u00f3, do filho, da filha. A aus\u00eancia que na mesa, a aus\u00eancia que se faz na sala. &#8220;Como os disc\u00edpulos de Jesus, n\u00f3s tamb\u00e9m somos chamados a ver sinais de que talvez esse sepulcro n\u00e3o esteja t\u00e3o vazio, de que talvez essa aus\u00eancia n\u00e3o seja a realidade que n\u00f3s devemos acreditar. Ali havia algo especial que os disc\u00edpulos tiveram de perceber. Ali, naquele sepulcro, algo novo estava acontecendo. Esta \u00e9 uma grande li\u00e7\u00e3o que tamb\u00e9m podemos tirar. Aquilo que parecia um sinal de aus\u00eancia, acaba por ser indicador da presen\u00e7a&#8221;, ressalvou o celebrante. Para ele, o sepulcro vazio tamb\u00e9m reflete a vida de Cristo esvaziada de si mesmo e entregue \u00e0s m\u00e3os do Pai, para que fosse doada a todos. &#8220;\u00c9 por isso tamb\u00e9m que Deus nos chama a acreditar que todo aquele que Nele cr\u00ea, mesmo que morra, viver\u00e1&#8221;, frisou.<\/p>\n<p>&#8220;Tamb\u00e9m n\u00f3s possamos aprender que aqueles que partiram do nosso meio, n\u00e3o morreram, mas deixaram sinais de vida&#8221;, disse. &#8220;Eles souberam deixar sinais da vida deles em n\u00f3s. Foram presen\u00e7as marcantes de amor, de amizade, de bom testemunho, de conforto, de esperan\u00e7a&#8221;, acrescentou. Segundo o frade, todos esses exemplos t\u00e3o bonitos de vida n\u00e3o ser\u00e3o tirados. &#8220;Isso a morte n\u00e3o vai tirar. Permanecer\u00e1 presente em nosso meio&#8221;, completou.<\/p>\n<p>No final, Frei Daniel falou um pouco de Frei Rui. &#8220;Ele foi importante para muitas pessoas, para todos os que o conheceram. Por 40 anos dedicou sua vida religiosa franciscana no Hospital S\u00e3o Roque de Piraquara (PR). Frei Rui se destacou por uma dedica\u00e7\u00e3o integral aos pobres e aos doentes. Com simplicidade e amor, vivia totalmente em fun\u00e7\u00e3o de atender a quem lhe procurava. Na conviv\u00eancia com os confrades, mostrava-se sempre cordial e otimista, buscando dar destaque \u00e0s belezas da vida franciscana mesmo diante de poss\u00edveis dificuldades e desafios. Afeito \u00e0s coisas simples, gostava muito do contato com a natureza e tamb\u00e9m se dedicava em recitar poesias&#8221;, contou Frei Daniel. Momento emocionante da noite foi a leitura de um poema de Frei Rui e a Ora\u00e7\u00e3o de S\u00e3o Francisco na voz de frade falecido.<\/p>\n<p><img loading=\"lazy\" class=\"alignnone wp-image-226524 size-full\" src=\"https:\/\/franciscanos.org.br\/noticias\/wp-content\/uploads\/2020\/06\/celebra_12_1.jpg\" alt=\"\" width=\"1280\" height=\"720\" srcset=\"https:\/\/franciscanos.org.br\/noticias\/wp-content\/uploads\/2020\/06\/celebra_12_1.jpg 1280w, https:\/\/franciscanos.org.br\/noticias\/wp-content\/uploads\/2020\/06\/celebra_12_1-450x253.jpg 450w, https:\/\/franciscanos.org.br\/noticias\/wp-content\/uploads\/2020\/06\/celebra_12_1-1024x576.jpg 1024w, https:\/\/franciscanos.org.br\/noticias\/wp-content\/uploads\/2020\/06\/celebra_12_1-768x432.jpg 768w, https:\/\/franciscanos.org.br\/noticias\/wp-content\/uploads\/2020\/06\/celebra_12_1-150x84.jpg 150w\" sizes=\"(max-width: 1280px) 100vw, 1280px\" \/><\/p>\n<p>Frei Daniel agradeceu a todos os confrades, amigos e familiares que acompanharam a celebra\u00e7\u00e3o. &#8220;Esta celebra\u00e7\u00e3o \u00e9 uma forma de n\u00f3s, franciscanos, estarmos pr\u00f3ximos de voc\u00eas na solidariedade&#8221;, disse.<\/p>\n<p>Para enviar as inten\u00e7\u00f5es, mande uma mensagem de WhatsApp para (11) 97693-2430. Neste n\u00famero, \u00e9 poss\u00edvel encaminhar a foto de seu amigo ou familiar falecido, com nome completo, local e data de nascimento e falecimento. A celebra\u00e7\u00e3o de amanh\u00e3 ser\u00e1 conduzida pelo Convento da Penha, em Vila Velha (ES), \u00e0s 17 horas.<\/p>\n<p>Neste domingo, \u00e0s 19 horas, a Sede Provincial em S\u00e3o Paulo conduzir\u00e1 celebra\u00e7\u00e3o. Na segunda-feira, a Fraternidade do Sagrado conduzir\u00e1, de Petr\u00f3polis (RJ), esta celebra\u00e7\u00e3o, \u00e0s 19 horas; na ter\u00e7a, \u00e0s 19 horas, ser\u00e1 a Fraternidade do Convento S\u00e3o Francisco de S\u00e3o Paulo; na quarta, \u00e0s 18h45, a Fraternidade Santo Est\u00eav\u00e3o de Ituporanga (SC); na quinta, 20h30, a Fraternidade S\u00e3o Pedro Ap\u00f3stolo de Pato Branco; na sexta, 20h30, a Fraternidade Santa In\u00eas de Balne\u00e1rio Cambori\u00fa (SC); e, no s\u00e1bado, \u00e0s 17 horas, a Fraternidade Nossa Senhora da Penha de Vila Velha (ES).<\/p>\n<p><iframe loading=\"lazy\" width=\"100%\" height=\"480\" src=\"https:\/\/www.youtube.com\/embed\/IIAJlkqFAjc\" frameborder=\"0\" allow=\"accelerometer; autoplay; encrypted-media; gyroscope; picture-in-picture\" allowfullscreen><\/iframe><\/p>\n","protected":false},"excerpt":{"rendered":"<p>Celebra\u00e7\u00e3o do Abra\u00e7o e da Esperan\u00e7a<\/p>\n","protected":false},"author":3,"featured_media":226522,"comment_status":"open","ping_status":"open","sticky":false,"template":"","format":"standard","meta":[],"categories":[1],"tags":[1620],"acf":[],"yoast_head":"<!-- This site is optimized with the Yoast SEO plugin v19.2 - https:\/\/yoast.com\/wordpress\/plugins\/seo\/ -->\n<title>Frei Rui \u00e9 lembrado na Celebra\u00e7\u00e3o do Abra\u00e7o e da Esperan\u00e7a - Not\u00edcias - Franciscanos<\/title>\n<meta name=\"robots\" content=\"index, follow, max-snippet:-1, max-image-preview:large, max-video-preview:-1\" \/>\n<link rel=\"canonical\" href=\"https:\/\/franciscanos.org.br\/noticias\/frei-rui-e-lembrado-na-celebracao-do-abraco-e-da-esperanca.html\" \/>\n<meta property=\"og:locale\" content=\"pt_BR\" \/>\n<meta property=\"og:type\" content=\"article\" \/>\n<meta property=\"og:title\" content=\"Frei Rui \u00e9 lembrado na Celebra\u00e7\u00e3o do Abra\u00e7o e da Esperan\u00e7a - Not\u00edcias - Franciscanos\" \/>\n<meta property=\"og:description\" content=\"Celebra\u00e7\u00e3o do Abra\u00e7o e da Esperan\u00e7a\" \/>\n<meta property=\"og:url\" content=\"https:\/\/franciscanos.org.br\/noticias\/frei-rui-e-lembrado-na-celebracao-do-abraco-e-da-esperanca.html\" \/>\n<meta property=\"og:site_name\" content=\"Not\u00edcias - Franciscanos\" \/>\n<meta property=\"article:published_time\" content=\"2020-06-13T01:45:49+00:00\" \/>\n<meta property=\"article:modified_time\" content=\"2020-06-13T03:25:38+00:00\" \/>\n<meta property=\"og:image\" content=\"https:\/\/franciscanos.org.br\/noticias\/wp-content\/uploads\/2020\/06\/celebra_12d.jpg\" \/>\n\t<meta property=\"og:image:width\" content=\"800\" \/>\n\t<meta property=\"og:image:height\" content=\"600\" \/>\n\t<meta property=\"og:image:type\" content=\"image\/jpeg\" \/>\n<meta name=\"author\" content=\"moacir\" \/>\n<meta name=\"twitter:card\" content=\"summary_large_image\" \/>\n<meta name=\"twitter:label1\" content=\"Escrito por\" \/>\n\t<meta name=\"twitter:data1\" content=\"moacir\" \/>\n\t<meta name=\"twitter:label2\" content=\"Est. tempo de leitura\" \/>\n\t<meta name=\"twitter:data2\" content=\"4 minutos\" \/>\n<script type=\"application\/ld+json\" class=\"yoast-schema-graph\">{\"@context\":\"https:\/\/schema.org\",\"@graph\":[{\"@type\":\"WebSite\",\"@id\":\"https:\/\/franciscanos.org.br\/noticias\/#website\",\"url\":\"https:\/\/franciscanos.org.br\/noticias\/\",\"name\":\"Not\u00edcias - Franciscanos\",\"description\":\"Prov\u00edncia Franciscana da Imaculada Concei\u00e7\u00e3o do Brasil - Ordem dos Frades Menores - OFM\",\"potentialAction\":[{\"@type\":\"SearchAction\",\"target\":{\"@type\":\"EntryPoint\",\"urlTemplate\":\"https:\/\/franciscanos.org.br\/noticias\/?s={search_term_string}\"},\"query-input\":\"required name=search_term_string\"}],\"inLanguage\":\"pt-BR\"},{\"@type\":\"ImageObject\",\"inLanguage\":\"pt-BR\",\"@id\":\"https:\/\/franciscanos.org.br\/noticias\/frei-rui-e-lembrado-na-celebracao-do-abraco-e-da-esperanca.html#primaryimage\",\"url\":\"https:\/\/franciscanos.org.br\/noticias\/wp-content\/uploads\/2020\/06\/celebra_12d.jpg\",\"contentUrl\":\"https:\/\/franciscanos.org.br\/noticias\/wp-content\/uploads\/2020\/06\/celebra_12d.jpg\",\"width\":800,\"height\":600},{\"@type\":\"WebPage\",\"@id\":\"https:\/\/franciscanos.org.br\/noticias\/frei-rui-e-lembrado-na-celebracao-do-abraco-e-da-esperanca.html#webpage\",\"url\":\"https:\/\/franciscanos.org.br\/noticias\/frei-rui-e-lembrado-na-celebracao-do-abraco-e-da-esperanca.html\",\"name\":\"Frei Rui \u00e9 lembrado na Celebra\u00e7\u00e3o do Abra\u00e7o e da Esperan\u00e7a - Not\u00edcias - Franciscanos\",\"isPartOf\":{\"@id\":\"https:\/\/franciscanos.org.br\/noticias\/#website\"},\"primaryImageOfPage\":{\"@id\":\"https:\/\/franciscanos.org.br\/noticias\/frei-rui-e-lembrado-na-celebracao-do-abraco-e-da-esperanca.html#primaryimage\"},\"datePublished\":\"2020-06-13T01:45:49+00:00\",\"dateModified\":\"2020-06-13T03:25:38+00:00\",\"author\":{\"@id\":\"https:\/\/franciscanos.org.br\/noticias\/#\/schema\/person\/b5c8cba458c330ccff548b056e95a5d4\"},\"breadcrumb\":{\"@id\":\"https:\/\/franciscanos.org.br\/noticias\/frei-rui-e-lembrado-na-celebracao-do-abraco-e-da-esperanca.html#breadcrumb\"},\"inLanguage\":\"pt-BR\",\"potentialAction\":[{\"@type\":\"ReadAction\",\"target\":[\"https:\/\/franciscanos.org.br\/noticias\/frei-rui-e-lembrado-na-celebracao-do-abraco-e-da-esperanca.html\"]}]},{\"@type\":\"BreadcrumbList\",\"@id\":\"https:\/\/franciscanos.org.br\/noticias\/frei-rui-e-lembrado-na-celebracao-do-abraco-e-da-esperanca.html#breadcrumb\",\"itemListElement\":[{\"@type\":\"ListItem\",\"position\":1,\"name\":\"Home\",\"item\":\"https:\/\/franciscanos.org.br\/noticias\"},{\"@type\":\"ListItem\",\"position\":2,\"name\":\"Frei Rui \u00e9 lembrado na Celebra\u00e7\u00e3o do Abra\u00e7o e da Esperan\u00e7a\"}]},{\"@type\":\"Person\",\"@id\":\"https:\/\/franciscanos.org.br\/noticias\/#\/schema\/person\/b5c8cba458c330ccff548b056e95a5d4\",\"name\":\"moacir\",\"image\":{\"@type\":\"ImageObject\",\"inLanguage\":\"pt-BR\",\"@id\":\"https:\/\/franciscanos.org.br\/noticias\/#\/schema\/person\/image\/\",\"url\":\"https:\/\/secure.gravatar.com\/avatar\/d08aa2ce4c8dd416d4479aa8536fcf64?s=96&d=mm&r=g\",\"contentUrl\":\"https:\/\/secure.gravatar.com\/avatar\/d08aa2ce4c8dd416d4479aa8536fcf64?s=96&d=mm&r=g\",\"caption\":\"moacir\"},\"url\":\"https:\/\/franciscanos.org.br\/noticias\/author\/moacir\"}]}<\/script>\n<!-- \/ Yoast SEO plugin. -->","yoast_head_json":{"title":"Frei Rui \u00e9 lembrado na Celebra\u00e7\u00e3o do Abra\u00e7o e da Esperan\u00e7a - Not\u00edcias - Franciscanos","robots":{"index":"index","follow":"follow","max-snippet":"max-snippet:-1","max-image-preview":"max-image-preview:large","max-video-preview":"max-video-preview:-1"},"canonical":"https:\/\/franciscanos.org.br\/noticias\/frei-rui-e-lembrado-na-celebracao-do-abraco-e-da-esperanca.html","og_locale":"pt_BR","og_type":"article","og_title":"Frei Rui \u00e9 lembrado na Celebra\u00e7\u00e3o do Abra\u00e7o e da Esperan\u00e7a - Not\u00edcias - Franciscanos","og_description":"Celebra\u00e7\u00e3o do Abra\u00e7o e da Esperan\u00e7a","og_url":"https:\/\/franciscanos.org.br\/noticias\/frei-rui-e-lembrado-na-celebracao-do-abraco-e-da-esperanca.html","og_site_name":"Not\u00edcias - Franciscanos","article_published_time":"2020-06-13T01:45:49+00:00","article_modified_time":"2020-06-13T03:25:38+00:00","og_image":[{"width":800,"height":600,"url":"https:\/\/franciscanos.org.br\/noticias\/wp-content\/uploads\/2020\/06\/celebra_12d.jpg","type":"image\/jpeg"}],"author":"moacir","twitter_card":"summary_large_image","twitter_misc":{"Escrito por":"moacir","Est. tempo de leitura":"4 minutos"},"schema":{"@context":"https:\/\/schema.org","@graph":[{"@type":"WebSite","@id":"https:\/\/franciscanos.org.br\/noticias\/#website","url":"https:\/\/franciscanos.org.br\/noticias\/","name":"Not\u00edcias - Franciscanos","description":"Prov\u00edncia Franciscana da Imaculada Concei\u00e7\u00e3o do Brasil - Ordem dos Frades Menores - OFM","potentialAction":[{"@type":"SearchAction","target":{"@type":"EntryPoint","urlTemplate":"https:\/\/franciscanos.org.br\/noticias\/?s={search_term_string}"},"query-input":"required name=search_term_string"}],"inLanguage":"pt-BR"},{"@type":"ImageObject","inLanguage":"pt-BR","@id":"https:\/\/franciscanos.org.br\/noticias\/frei-rui-e-lembrado-na-celebracao-do-abraco-e-da-esperanca.html#primaryimage","url":"https:\/\/franciscanos.org.br\/noticias\/wp-content\/uploads\/2020\/06\/celebra_12d.jpg","contentUrl":"https:\/\/franciscanos.org.br\/noticias\/wp-content\/uploads\/2020\/06\/celebra_12d.jpg","width":800,"height":600},{"@type":"WebPage","@id":"https:\/\/franciscanos.org.br\/noticias\/frei-rui-e-lembrado-na-celebracao-do-abraco-e-da-esperanca.html#webpage","url":"https:\/\/franciscanos.org.br\/noticias\/frei-rui-e-lembrado-na-celebracao-do-abraco-e-da-esperanca.html","name":"Frei Rui \u00e9 lembrado na Celebra\u00e7\u00e3o do Abra\u00e7o e da Esperan\u00e7a - Not\u00edcias - Franciscanos","isPartOf":{"@id":"https:\/\/franciscanos.org.br\/noticias\/#website"},"primaryImageOfPage":{"@id":"https:\/\/franciscanos.org.br\/noticias\/frei-rui-e-lembrado-na-celebracao-do-abraco-e-da-esperanca.html#primaryimage"},"datePublished":"2020-06-13T01:45:49+00:00","dateModified":"2020-06-13T03:25:38+00:00","author":{"@id":"https:\/\/franciscanos.org.br\/noticias\/#\/schema\/person\/b5c8cba458c330ccff548b056e95a5d4"},"breadcrumb":{"@id":"https:\/\/franciscanos.org.br\/noticias\/frei-rui-e-lembrado-na-celebracao-do-abraco-e-da-esperanca.html#breadcrumb"},"inLanguage":"pt-BR","potentialAction":[{"@type":"ReadAction","target":["https:\/\/franciscanos.org.br\/noticias\/frei-rui-e-lembrado-na-celebracao-do-abraco-e-da-esperanca.html"]}]},{"@type":"BreadcrumbList","@id":"https:\/\/franciscanos.org.br\/noticias\/frei-rui-e-lembrado-na-celebracao-do-abraco-e-da-esperanca.html#breadcrumb","itemListElement":[{"@type":"ListItem","position":1,"name":"Home","item":"https:\/\/franciscanos.org.br\/noticias"},{"@type":"ListItem","position":2,"name":"Frei Rui \u00e9 lembrado na Celebra\u00e7\u00e3o do Abra\u00e7o e da Esperan\u00e7a"}]},{"@type":"Person","@id":"https:\/\/franciscanos.org.br\/noticias\/#\/schema\/person\/b5c8cba458c330ccff548b056e95a5d4","name":"moacir","image":{"@type":"ImageObject","inLanguage":"pt-BR","@id":"https:\/\/franciscanos.org.br\/noticias\/#\/schema\/person\/image\/","url":"https:\/\/secure.gravatar.com\/avatar\/d08aa2ce4c8dd416d4479aa8536fcf64?s=96&d=mm&r=g","contentUrl":"https:\/\/secure.gravatar.com\/avatar\/d08aa2ce4c8dd416d4479aa8536fcf64?s=96&d=mm&r=g","caption":"moacir"},"url":"https:\/\/franciscanos.org.br\/noticias\/author\/moacir"}]}},"_links":{"self":[{"href":"https:\/\/franciscanos.org.br\/noticias\/wp-json\/wp\/v2\/posts\/226520"}],"collection":[{"href":"https:\/\/franciscanos.org.br\/noticias\/wp-json\/wp\/v2\/posts"}],"about":[{"href":"https:\/\/franciscanos.org.br\/noticias\/wp-json\/wp\/v2\/types\/post"}],"author":[{"embeddable":true,"href":"https:\/\/franciscanos.org.br\/noticias\/wp-json\/wp\/v2\/users\/3"}],"replies":[{"embeddable":true,"href":"https:\/\/franciscanos.org.br\/noticias\/wp-json\/wp\/v2\/comments?post=226520"}],"version-history":[{"count":4,"href":"https:\/\/franciscanos.org.br\/noticias\/wp-json\/wp\/v2\/posts\/226520\/revisions"}],"predecessor-version":[{"id":226529,"href":"https:\/\/franciscanos.org.br\/noticias\/wp-json\/wp\/v2\/posts\/226520\/revisions\/226529"}],"wp:featuredmedia":[{"embeddable":true,"href":"https:\/\/franciscanos.org.br\/noticias\/wp-json\/wp\/v2\/media\/226522"}],"wp:attachment":[{"href":"https:\/\/franciscanos.org.br\/noticias\/wp-json\/wp\/v2\/media?parent=226520"}],"wp:term":[{"taxonomy":"category","embeddable":true,"href":"https:\/\/franciscanos.org.br\/noticias\/wp-json\/wp\/v2\/categories?post=226520"},{"taxonomy":"post_tag","embeddable":true,"href":"https:\/\/franciscanos.org.br\/noticias\/wp-json\/wp\/v2\/tags?post=226520"}],"curies":[{"name":"wp","href":"https:\/\/api.w.org\/{rel}","templated":true}]}}