{"id":226513,"date":"2020-06-12T15:15:35","date_gmt":"2020-06-12T18:15:35","guid":{"rendered":"https:\/\/franciscanos.org.br\/noticias\/?p=226513"},"modified":"2020-06-12T15:45:25","modified_gmt":"2020-06-12T18:45:25","slug":"carta-da-cfmb-ao-povo-brasileiro","status":"publish","type":"post","link":"https:\/\/franciscanos.org.br\/noticias\/carta-da-cfmb-ao-povo-brasileiro.html","title":{"rendered":"Carta da CFMB ao Povo Brasileiro"},"content":{"rendered":"<p><img loading=\"lazy\" class=\"alignnone size-full wp-image-226515\" src=\"https:\/\/franciscanos.org.br\/noticias\/wp-content\/uploads\/2020\/06\/cfmb_1206.jpg\" alt=\"\" width=\"890\" height=\"500\" srcset=\"https:\/\/franciscanos.org.br\/noticias\/wp-content\/uploads\/2020\/06\/cfmb_1206.jpg 890w, https:\/\/franciscanos.org.br\/noticias\/wp-content\/uploads\/2020\/06\/cfmb_1206-450x253.jpg 450w, https:\/\/franciscanos.org.br\/noticias\/wp-content\/uploads\/2020\/06\/cfmb_1206-768x431.jpg 768w, https:\/\/franciscanos.org.br\/noticias\/wp-content\/uploads\/2020\/06\/cfmb_1206-150x84.jpg 150w\" sizes=\"(max-width: 890px) 100vw, 890px\" \/><\/p>\n<p style=\"padding-left: 40px;\"><strong><em>\u201c<\/em><\/strong><em>Quem de v\u00f3s d\u00e1 ao filho uma pedra, quando ele pede um p\u00e3o?\u00a0Ou lhe d\u00e1 uma cobra, quando ele pede um peixe?\u201d (Mt 7,9-10)<\/em><\/p>\n<p style=\"padding-left: 40px;\">S\u00e3o Paulo, 12 de junho de 2020.<\/p>\n<p style=\"padding-left: 40px;\">Estimados irm\u00e3os e irm\u00e3s, Paz e Bem!<\/p>\n<p>Exatamente no dia compreendido entre duas datas centrais para a vida da Igreja e para a hist\u00f3ria franciscana, quando acabamos de celebrar a Festa Eucar\u00edstica de Corpus Christi e estamos \u00e0s v\u00e9speras de comemorar Santo Ant\u00f4nio, n\u00f3s, Ministros Provinciais e Cust\u00f3dios das entidades da Ordem dos Frades Menores (OFM) no Brasil, decidimos nos manifestar a todo o povo brasileiro sobre o momento sanit\u00e1rio, pol\u00edtico, econ\u00f4mico, religioso e social que todos estamos vivendo. O compromisso irrenunci\u00e1vel com o Evangelho pelo qual escolhemos reger as nossas vidas \u00e9 v\u00ednculo que nos impele a este pronunciamento em data t\u00e3o significativa.<\/p>\n<p>Partindo da provoca\u00e7\u00e3o que Jesus apresenta no Evangelho de Mateus, \u00e9 muito desolador perceber o quanto nosso pa\u00eds tem recebido pedras e pedradas duras e dolorosas daqueles que deveriam lhe oferecer o p\u00e3o. Igualmente penoso \u00e9 notar que aqueles cujo o compromisso seria o de possibilitar a pesca em situa\u00e7\u00e3o de \u201cmar\u00e9 baixa\u201d preferem investir no desmando e na desorganiza\u00e7\u00e3o, gerando medo e inseguran\u00e7a. E o que \u00e9 mais grave: muitas vezes tais invers\u00f5es se realizam em nome da f\u00e9 em Deus.<\/p>\n<p>\u00c9 c\u00e9lebre a exorta\u00e7\u00e3o de Santo Ant\u00f4nio proferida em um Serm\u00e3o por ocasi\u00e3o de Pentecostes: \u201cO falar \u00e9 vivo quando falam as obras. Pe\u00e7o-vos: cessem as palavras e falem as obras\u201d. \u00c9 claro que o santo se utiliza deste jogo de palavras para abordar positivamente a import\u00e2ncia da coer\u00eancia no testemunho crist\u00e3o, quando palavra e a\u00e7\u00e3o devem caminhar juntas. No entanto, em nosso pa\u00eds esta l\u00f3gica foi virada do avesso e, nas a\u00e7\u00f5es e op\u00e7\u00f5es daqueles que nos dirigem, percebemos uma s\u00f3lida e s\u00f3rdida coer\u00eancia de quem, com a boca, pronuncia palavras de descaso para com a vida &#8211; j\u00e1 bem conhecidas e divulgadas \u2013 e que, na pr\u00e1tica, promove disputas mesquinhas, desencontros, ambiguidades e falta de coordena\u00e7\u00e3o e planejamento nas a\u00e7\u00f5es, tornando ainda mais letal a for\u00e7a do v\u00edrus. Al\u00e9m do avan\u00e7o exponencial do n\u00famero de mortes, ainda temos de lidar com frequentes amea\u00e7as \u00e0 democracia, com o desprezo \u00e0 ci\u00eancia, com a destrui\u00e7\u00e3o desenfreada do meio ambiente, com o agravamento da situa\u00e7\u00e3o de pobreza e mis\u00e9ria e, para completar, com o clima de \u00f3dio e beliger\u00e2ncia que volta a ganhar f\u00f4lego no pa\u00eds.<\/p>\n<p>Tamb\u00e9m nos machuca profundamente o oportunismo corrupto daqueles que, diante da emerg\u00eancia do momento, aproveitam-se para lucrar criminosamente \u00e0 custa de compras superfaturadas na aquisi\u00e7\u00e3o de materiais que nunca chegam e de obras que jamais terminam. Em vez do p\u00e3o do cuidado e da prote\u00e7\u00e3o da vida, oferecem-nos as pedras da indiferen\u00e7a, do ego\u00edsmo e da agressividade.<\/p>\n<p>Manifestam-se ainda como chaga dolorosa tamb\u00e9m as in\u00fameras demonstra\u00e7\u00f5es de racismo e preconceitos de diferentes ordens e origens. Cada gesto desta natureza representa uma derrota para a humanidade inteira. Na qualidade de herdeiros de S\u00e3o Francisco no seguimento do Evangelho, nosso posicionamento diante de qualquer forma de racismo ou preconceito, pontual ou estrutural, deve ser de repulsa imediata e inegoci\u00e1vel, a fim de fazermos jus \u00e0 consagra\u00e7\u00e3o que abra\u00e7amos livremente.<\/p>\n<p>Santo Ant\u00f4nio destacou-se em sua vida como o homem da generosidade e da esperan\u00e7a. Tamb\u00e9m n\u00f3s, frades menores, desejamos nos esfor\u00e7ar para encontrarmos, em meio a tantos sinais de morte e medo, a for\u00e7a do Esp\u00edrito de Deus que, na Paix\u00e3o do Filho, fez nascer da cruz \u2013 a \u201c\u00e1rvore\u201d da dor e do sofrimento \u2013 o fruto maduro que trouxe ao mundo a paz e a salva\u00e7\u00e3o. Como irm\u00e3os e menores, em nossos pecados e limites, em esp\u00edrito de comunh\u00e3o e fidelidade \u00e0 Igreja e ao Papa Francisco, colocamo-nos \u00e0 disposi\u00e7\u00e3o de todos aqueles e aquelas que, preocupados com a gravidade do momento que vivemos, desejem dialogar na busca de poss\u00edveis caminhos de supera\u00e7\u00e3o da ampla crise que estamos atravessando.<\/p>\n<p><strong>Frei C\u00e9sar K\u00fclkamp, OFM<br \/>\n<\/strong><em>presidente da CFMB<\/em><\/p>\n<p><strong>\u00a0<\/strong><strong>Entidades que comp\u00f5em a Confer\u00eancia Ministros Provinciais do Brasil (CFMB)<\/strong><\/p>\n<p>&#8211; Cust\u00f3dia Franciscana das Sete Alegrias de Nossa Senhora<br \/>\n&#8211; Cust\u00f3dia Franciscana do Sagrado Cora\u00e7\u00e3o de Jesus<br \/>\n&#8211; Cust\u00f3dia S\u00e3o Benedito da Amaz\u00f4nia<br \/>\n&#8211; Prov\u00edncia do Sant\u00edssimo Nome de Jesus do Brasil<br \/>\n&#8211; Prov\u00edncia Franciscana da Imaculada Concei\u00e7\u00e3o do Brasil<br \/>\n&#8211; Prov\u00edncia Franciscana da Santa Cruz<br \/>\n&#8211; Prov\u00edncia Franciscana de Santo Ant\u00f4nio do Brasil<br \/>\n&#8211; Prov\u00edncia Franciscana de S\u00e3o Francisco de Assis<br \/>\n&#8211; Prov\u00edncia Franciscana Nossa Senhora da Assun\u00e7\u00e3o<\/p>\n","protected":false},"excerpt":{"rendered":"<p>Confer\u00eancia dos Ministros Provinciais do Brasil <\/p>\n","protected":false},"author":3,"featured_media":226516,"comment_status":"open","ping_status":"open","sticky":false,"template":"","format":"standard","meta":[],"categories":[1],"tags":[240],"acf":[],"yoast_head":"<!-- This site is optimized with the Yoast SEO plugin v19.2 - https:\/\/yoast.com\/wordpress\/plugins\/seo\/ -->\n<title>Carta da CFMB ao Povo Brasileiro - Not\u00edcias - Franciscanos<\/title>\n<meta name=\"robots\" content=\"index, follow, max-snippet:-1, max-image-preview:large, max-video-preview:-1\" \/>\n<link rel=\"canonical\" href=\"https:\/\/franciscanos.org.br\/noticias\/carta-da-cfmb-ao-povo-brasileiro.html\" \/>\n<meta property=\"og:locale\" content=\"pt_BR\" \/>\n<meta property=\"og:type\" content=\"article\" \/>\n<meta property=\"og:title\" content=\"Carta da CFMB ao Povo Brasileiro - Not\u00edcias - Franciscanos\" \/>\n<meta property=\"og:description\" content=\"Confer\u00eancia dos Ministros Provinciais do Brasil\" \/>\n<meta property=\"og:url\" content=\"https:\/\/franciscanos.org.br\/noticias\/carta-da-cfmb-ao-povo-brasileiro.html\" \/>\n<meta property=\"og:site_name\" content=\"Not\u00edcias - Franciscanos\" \/>\n<meta property=\"article:published_time\" content=\"2020-06-12T18:15:35+00:00\" \/>\n<meta property=\"article:modified_time\" content=\"2020-06-12T18:45:25+00:00\" \/>\n<meta property=\"og:image\" content=\"https:\/\/franciscanos.org.br\/noticias\/wp-content\/uploads\/2020\/06\/cfmb_12d.jpg\" \/>\n\t<meta property=\"og:image:width\" content=\"800\" \/>\n\t<meta property=\"og:image:height\" content=\"599\" \/>\n\t<meta property=\"og:image:type\" content=\"image\/jpeg\" \/>\n<meta name=\"author\" content=\"moacir\" \/>\n<meta name=\"twitter:card\" content=\"summary_large_image\" \/>\n<meta name=\"twitter:label1\" content=\"Escrito por\" \/>\n\t<meta name=\"twitter:data1\" content=\"moacir\" \/>\n\t<meta name=\"twitter:label2\" content=\"Est. tempo de leitura\" \/>\n\t<meta name=\"twitter:data2\" content=\"4 minutos\" \/>\n<script type=\"application\/ld+json\" class=\"yoast-schema-graph\">{\"@context\":\"https:\/\/schema.org\",\"@graph\":[{\"@type\":\"WebSite\",\"@id\":\"https:\/\/franciscanos.org.br\/noticias\/#website\",\"url\":\"https:\/\/franciscanos.org.br\/noticias\/\",\"name\":\"Not\u00edcias - Franciscanos\",\"description\":\"Prov\u00edncia Franciscana da Imaculada Concei\u00e7\u00e3o do Brasil - Ordem dos Frades Menores - OFM\",\"potentialAction\":[{\"@type\":\"SearchAction\",\"target\":{\"@type\":\"EntryPoint\",\"urlTemplate\":\"https:\/\/franciscanos.org.br\/noticias\/?s={search_term_string}\"},\"query-input\":\"required name=search_term_string\"}],\"inLanguage\":\"pt-BR\"},{\"@type\":\"ImageObject\",\"inLanguage\":\"pt-BR\",\"@id\":\"https:\/\/franciscanos.org.br\/noticias\/carta-da-cfmb-ao-povo-brasileiro.html#primaryimage\",\"url\":\"https:\/\/franciscanos.org.br\/noticias\/wp-content\/uploads\/2020\/06\/cfmb_12d.jpg\",\"contentUrl\":\"https:\/\/franciscanos.org.br\/noticias\/wp-content\/uploads\/2020\/06\/cfmb_12d.jpg\",\"width\":800,\"height\":599},{\"@type\":\"WebPage\",\"@id\":\"https:\/\/franciscanos.org.br\/noticias\/carta-da-cfmb-ao-povo-brasileiro.html#webpage\",\"url\":\"https:\/\/franciscanos.org.br\/noticias\/carta-da-cfmb-ao-povo-brasileiro.html\",\"name\":\"Carta da CFMB ao Povo Brasileiro - Not\u00edcias - Franciscanos\",\"isPartOf\":{\"@id\":\"https:\/\/franciscanos.org.br\/noticias\/#website\"},\"primaryImageOfPage\":{\"@id\":\"https:\/\/franciscanos.org.br\/noticias\/carta-da-cfmb-ao-povo-brasileiro.html#primaryimage\"},\"datePublished\":\"2020-06-12T18:15:35+00:00\",\"dateModified\":\"2020-06-12T18:45:25+00:00\",\"author\":{\"@id\":\"https:\/\/franciscanos.org.br\/noticias\/#\/schema\/person\/b5c8cba458c330ccff548b056e95a5d4\"},\"breadcrumb\":{\"@id\":\"https:\/\/franciscanos.org.br\/noticias\/carta-da-cfmb-ao-povo-brasileiro.html#breadcrumb\"},\"inLanguage\":\"pt-BR\",\"potentialAction\":[{\"@type\":\"ReadAction\",\"target\":[\"https:\/\/franciscanos.org.br\/noticias\/carta-da-cfmb-ao-povo-brasileiro.html\"]}]},{\"@type\":\"BreadcrumbList\",\"@id\":\"https:\/\/franciscanos.org.br\/noticias\/carta-da-cfmb-ao-povo-brasileiro.html#breadcrumb\",\"itemListElement\":[{\"@type\":\"ListItem\",\"position\":1,\"name\":\"Home\",\"item\":\"https:\/\/franciscanos.org.br\/noticias\"},{\"@type\":\"ListItem\",\"position\":2,\"name\":\"Carta da CFMB ao Povo Brasileiro\"}]},{\"@type\":\"Person\",\"@id\":\"https:\/\/franciscanos.org.br\/noticias\/#\/schema\/person\/b5c8cba458c330ccff548b056e95a5d4\",\"name\":\"moacir\",\"image\":{\"@type\":\"ImageObject\",\"inLanguage\":\"pt-BR\",\"@id\":\"https:\/\/franciscanos.org.br\/noticias\/#\/schema\/person\/image\/\",\"url\":\"https:\/\/secure.gravatar.com\/avatar\/d08aa2ce4c8dd416d4479aa8536fcf64?s=96&d=mm&r=g\",\"contentUrl\":\"https:\/\/secure.gravatar.com\/avatar\/d08aa2ce4c8dd416d4479aa8536fcf64?s=96&d=mm&r=g\",\"caption\":\"moacir\"},\"url\":\"https:\/\/franciscanos.org.br\/noticias\/author\/moacir\"}]}<\/script>\n<!-- \/ Yoast SEO plugin. -->","yoast_head_json":{"title":"Carta da CFMB ao Povo Brasileiro - Not\u00edcias - Franciscanos","robots":{"index":"index","follow":"follow","max-snippet":"max-snippet:-1","max-image-preview":"max-image-preview:large","max-video-preview":"max-video-preview:-1"},"canonical":"https:\/\/franciscanos.org.br\/noticias\/carta-da-cfmb-ao-povo-brasileiro.html","og_locale":"pt_BR","og_type":"article","og_title":"Carta da CFMB ao Povo Brasileiro - Not\u00edcias - Franciscanos","og_description":"Confer\u00eancia dos Ministros Provinciais do Brasil","og_url":"https:\/\/franciscanos.org.br\/noticias\/carta-da-cfmb-ao-povo-brasileiro.html","og_site_name":"Not\u00edcias - Franciscanos","article_published_time":"2020-06-12T18:15:35+00:00","article_modified_time":"2020-06-12T18:45:25+00:00","og_image":[{"width":800,"height":599,"url":"https:\/\/franciscanos.org.br\/noticias\/wp-content\/uploads\/2020\/06\/cfmb_12d.jpg","type":"image\/jpeg"}],"author":"moacir","twitter_card":"summary_large_image","twitter_misc":{"Escrito por":"moacir","Est. tempo de leitura":"4 minutos"},"schema":{"@context":"https:\/\/schema.org","@graph":[{"@type":"WebSite","@id":"https:\/\/franciscanos.org.br\/noticias\/#website","url":"https:\/\/franciscanos.org.br\/noticias\/","name":"Not\u00edcias - Franciscanos","description":"Prov\u00edncia Franciscana da Imaculada Concei\u00e7\u00e3o do Brasil - Ordem dos Frades Menores - OFM","potentialAction":[{"@type":"SearchAction","target":{"@type":"EntryPoint","urlTemplate":"https:\/\/franciscanos.org.br\/noticias\/?s={search_term_string}"},"query-input":"required name=search_term_string"}],"inLanguage":"pt-BR"},{"@type":"ImageObject","inLanguage":"pt-BR","@id":"https:\/\/franciscanos.org.br\/noticias\/carta-da-cfmb-ao-povo-brasileiro.html#primaryimage","url":"https:\/\/franciscanos.org.br\/noticias\/wp-content\/uploads\/2020\/06\/cfmb_12d.jpg","contentUrl":"https:\/\/franciscanos.org.br\/noticias\/wp-content\/uploads\/2020\/06\/cfmb_12d.jpg","width":800,"height":599},{"@type":"WebPage","@id":"https:\/\/franciscanos.org.br\/noticias\/carta-da-cfmb-ao-povo-brasileiro.html#webpage","url":"https:\/\/franciscanos.org.br\/noticias\/carta-da-cfmb-ao-povo-brasileiro.html","name":"Carta da CFMB ao Povo Brasileiro - Not\u00edcias - Franciscanos","isPartOf":{"@id":"https:\/\/franciscanos.org.br\/noticias\/#website"},"primaryImageOfPage":{"@id":"https:\/\/franciscanos.org.br\/noticias\/carta-da-cfmb-ao-povo-brasileiro.html#primaryimage"},"datePublished":"2020-06-12T18:15:35+00:00","dateModified":"2020-06-12T18:45:25+00:00","author":{"@id":"https:\/\/franciscanos.org.br\/noticias\/#\/schema\/person\/b5c8cba458c330ccff548b056e95a5d4"},"breadcrumb":{"@id":"https:\/\/franciscanos.org.br\/noticias\/carta-da-cfmb-ao-povo-brasileiro.html#breadcrumb"},"inLanguage":"pt-BR","potentialAction":[{"@type":"ReadAction","target":["https:\/\/franciscanos.org.br\/noticias\/carta-da-cfmb-ao-povo-brasileiro.html"]}]},{"@type":"BreadcrumbList","@id":"https:\/\/franciscanos.org.br\/noticias\/carta-da-cfmb-ao-povo-brasileiro.html#breadcrumb","itemListElement":[{"@type":"ListItem","position":1,"name":"Home","item":"https:\/\/franciscanos.org.br\/noticias"},{"@type":"ListItem","position":2,"name":"Carta da CFMB ao Povo Brasileiro"}]},{"@type":"Person","@id":"https:\/\/franciscanos.org.br\/noticias\/#\/schema\/person\/b5c8cba458c330ccff548b056e95a5d4","name":"moacir","image":{"@type":"ImageObject","inLanguage":"pt-BR","@id":"https:\/\/franciscanos.org.br\/noticias\/#\/schema\/person\/image\/","url":"https:\/\/secure.gravatar.com\/avatar\/d08aa2ce4c8dd416d4479aa8536fcf64?s=96&d=mm&r=g","contentUrl":"https:\/\/secure.gravatar.com\/avatar\/d08aa2ce4c8dd416d4479aa8536fcf64?s=96&d=mm&r=g","caption":"moacir"},"url":"https:\/\/franciscanos.org.br\/noticias\/author\/moacir"}]}},"_links":{"self":[{"href":"https:\/\/franciscanos.org.br\/noticias\/wp-json\/wp\/v2\/posts\/226513"}],"collection":[{"href":"https:\/\/franciscanos.org.br\/noticias\/wp-json\/wp\/v2\/posts"}],"about":[{"href":"https:\/\/franciscanos.org.br\/noticias\/wp-json\/wp\/v2\/types\/post"}],"author":[{"embeddable":true,"href":"https:\/\/franciscanos.org.br\/noticias\/wp-json\/wp\/v2\/users\/3"}],"replies":[{"embeddable":true,"href":"https:\/\/franciscanos.org.br\/noticias\/wp-json\/wp\/v2\/comments?post=226513"}],"version-history":[{"count":3,"href":"https:\/\/franciscanos.org.br\/noticias\/wp-json\/wp\/v2\/posts\/226513\/revisions"}],"predecessor-version":[{"id":226519,"href":"https:\/\/franciscanos.org.br\/noticias\/wp-json\/wp\/v2\/posts\/226513\/revisions\/226519"}],"wp:featuredmedia":[{"embeddable":true,"href":"https:\/\/franciscanos.org.br\/noticias\/wp-json\/wp\/v2\/media\/226516"}],"wp:attachment":[{"href":"https:\/\/franciscanos.org.br\/noticias\/wp-json\/wp\/v2\/media?parent=226513"}],"wp:term":[{"taxonomy":"category","embeddable":true,"href":"https:\/\/franciscanos.org.br\/noticias\/wp-json\/wp\/v2\/categories?post=226513"},{"taxonomy":"post_tag","embeddable":true,"href":"https:\/\/franciscanos.org.br\/noticias\/wp-json\/wp\/v2\/tags?post=226513"}],"curies":[{"name":"wp","href":"https:\/\/api.w.org\/{rel}","templated":true}]}}