{"id":226503,"date":"2020-06-12T09:17:28","date_gmt":"2020-06-12T12:17:28","guid":{"rendered":"https:\/\/franciscanos.org.br\/noticias\/?p=226503"},"modified":"2020-09-22T14:29:10","modified_gmt":"2020-09-22T17:29:10","slug":"dia-mundial-contra-o-trabalho-infantil-risco-aumenta-com-a-covid-19","status":"publish","type":"post","link":"https:\/\/franciscanos.org.br\/noticias\/dia-mundial-contra-o-trabalho-infantil-risco-aumenta-com-a-covid-19.html","title":{"rendered":"Dia Mundial Contra o Trabalho Infantil: risco aumenta com a Covid-19"},"content":{"rendered":"<p>&nbsp;<\/p>\n<div id=\"attachment_227525\" style=\"width: 900px\" class=\"wp-caption alignnone\"><img aria-describedby=\"caption-attachment-227525\" loading=\"lazy\" class=\"wp-image-227525 size-full\" src=\"https:\/\/franciscanos.org.br\/noticias\/wp-content\/uploads\/2020\/06\/dia_0608.jpg\" alt=\"\" width=\"890\" height=\"514\" \/><p id=\"caption-attachment-227525\" class=\"wp-caption-text\"><em>\u00a0 \u00a0 \u00a0 \u00a0 \u00a0 \u00a0 \u00a0 \u00a0 \u00a0 \u00a0 \u00a0 \u00a0 \u00a0 \u00a0 \u00a0 \u00a0 \u00a0 \u00a0 \u00a0 \u00a0 \u00a0 \u00a0 \u00a0 \u00a0 \u00a0 \u00a0 \u00a0 \u00a0 \u00a0 \u00a0 \u00a0 \u00a0 \u00a0 \u00a0 \u00a0 \u00a0 \u00a0 \u00a0 \u00a0 \u00a0 \u00a0 \u00a0 \u00a0 \u00a0 \u00a0 \u00a0 \u00a0 \u00a0 \u00a0 \u00a0 \u00a0 \u00a0 \u00a0 \u00a0 \u00a0 \u00a0 \u00a0 \u00a0 \u00a0 \u00a0 \u00a0 \u00a0 \u00a0Imagem: Divulga\u00e7\u00e3o<\/em><\/p><\/div>\n<p>A meta de erradica\u00e7\u00e3o do trabalho infantil at\u00e9 2025 corre risco de n\u00e3o ser cumprida diante das consequ\u00eancias s\u00f3cio-econ\u00f4micas devido \u00e0 pandemia de covid-19 em todo o mundo, especialmente no Brasil. A Organiza\u00e7\u00e3o Internacional do Trabalho (OIT) estima em 152 milh\u00f5es de crian\u00e7as do planeta trabalhando atualmente, n\u00famero que vinha sendo reduzido. Al\u00e9m disso, as crian\u00e7as que j\u00e1 trabalham podem estar sujeitas a maior carga hor\u00e1ria e condi\u00e7\u00f5es mais perigosas. Com muito mais danos \u00e0 sua sa\u00fade e seguran\u00e7a.<\/p>\n<p>No Brasil, segundo o PNAD 2015, ainda h\u00e1 2,7 milh\u00f5es de crian\u00e7as e adolescentes em situa\u00e7\u00e3o de trabalho infantil no pa\u00eds, sendo que 59% das crian\u00e7as e adolescentes em situa\u00e7\u00e3o de trabalho infantil s\u00e3o meninos e 41% s\u00e3o meninas. Para muitas fam\u00edlias, a crise representa a perda da renda familiar, a interrup\u00e7\u00e3o da educa\u00e7\u00e3o e o fim de um dos direitos fundamentais de crian\u00e7as e adolescentes: o de n\u00e3o se obrigado a vender sua for\u00e7a de trabalho para sobreviver.<\/p>\n<p>O dia 12 de junho, Dia Mundial contra o Trabalho Infantil, foi institu\u00eddo pela OIT em 2002, ano da apresenta\u00e7\u00e3o do primeiro relat\u00f3rio global sobre o trabalho infantil na Confer\u00eancia Internacional do Trabalho.<\/p>\n<p><strong>CAMPANHA NACIONAL<\/strong><br \/>\nCom o slogan \u201cCOVID-19: agora mais do que nunca, protejam crian\u00e7as e adolescentes do trabalho infantil\u201d, a campanha nacional est\u00e1 alinhada \u00e0 iniciativa global proposta pela OIT.<\/p>\n<p>O objetivo \u00e9 conscientizar a sociedade e o Estado sobre a necessidade de maior prote\u00e7\u00e3o dessa parcela da popula\u00e7\u00e3o, com o aprimoramento de medidas de preven\u00e7\u00e3o e combate ao trabalho infantil, em especial diante da vulnerabilidade socioecon\u00f4mica resultante da crise provocada pelo novo coronav\u00edrus.<\/p>\n<p>Para marcar o Dia Internacional de Combate ao Trabalho Infantil, 12 de junho, haver\u00e1 um webin\u00e1rio nacional (semin\u00e1rio virtual), transmitido pelo canal do Tribunal Superior do Trabalho no Youtube.<\/p>\n<p>O evento conta com o apoio do Canal Futura e vai debater quest\u00f5es como o racismo no Brasil, os aspectos hist\u00f3ricos, os mitos, o trabalho infantil no contexto da COVID-19 e os desafios da tem\u00e1tica p\u00f3s-pandemia.<\/p>\n<p>Al\u00e9m disso, nas redes sociais, ser\u00e3o exibidos 12 v\u00eddeos com hist\u00f3rias de adultos que trabalharam na inf\u00e2ncia e hoje percebem os impactos negativos desta experi\u00eancia. A s\u00e9rie, intitulada \u201c12 motivos para a elimina\u00e7\u00e3o do trabalho infantil\u201d ser\u00e1 divulgada a partir do dia 15 de junho.<\/p>\n<div id=\"attachment_226506\" style=\"width: 1034px\" class=\"wp-caption alignnone\"><img aria-describedby=\"caption-attachment-226506\" loading=\"lazy\" class=\"wp-image-226506 size-full\" src=\"https:\/\/franciscanos.org.br\/noticias\/wp-content\/uploads\/2020\/06\/emicida.png\" alt=\"\" width=\"1024\" height=\"549\" srcset=\"https:\/\/franciscanos.org.br\/noticias\/wp-content\/uploads\/2020\/06\/emicida.png 1024w, https:\/\/franciscanos.org.br\/noticias\/wp-content\/uploads\/2020\/06\/emicida-450x241.png 450w, https:\/\/franciscanos.org.br\/noticias\/wp-content\/uploads\/2020\/06\/emicida-768x412.png 768w, https:\/\/franciscanos.org.br\/noticias\/wp-content\/uploads\/2020\/06\/emicida-150x80.png 150w\" sizes=\"(max-width: 1024px) 100vw, 1024px\" \/><p id=\"caption-attachment-226506\" class=\"wp-caption-text\"><em>Foto: Reprodu\u00e7\u00e3o<\/em><\/p><\/div>\n<p><strong>EMICIDA LAN\u00c7A M\u00daSICA PARA AJUDAR NESTA CAMPANHA<\/strong><\/p>\n<p>O cantor e rapper Emicida lan\u00e7ou nesta semana uma m\u00fasica para alertar para a explora\u00e7\u00e3o do trabalho infantil no Brasil e para a possibilidade de esse crime aumentar diante dos impactos da pandemia de COVID\u201319. \u201cSementes\u201d tem a participa\u00e7\u00e3o da cantora Drik Barbosa e faz parte de campanha nacional contra o trabalho infantil realizada por Minist\u00e9rio P\u00fablico do Trabalho (MPT), em parceria com Justi\u00e7a do Trabalho, Organiza\u00e7\u00e3o Internacional do Trabalho (OIT) e F\u00f3rum Nacional de Preven\u00e7\u00e3o e Erradica\u00e7\u00e3o do Trabalho Infantil (FNPETI).<\/p>\n<p>\u201cA gente vive um momento em que \u00e9 necess\u00e1rio falar sobre a problem\u00e1tica da COVID-19 nas periferias. Isso \u00e9 urgente. A persistente falta de aten\u00e7\u00e3o dada ao trabalho infantil, algo que vem bem antes dessa pandemia surgir, se agrava ainda mais neste per\u00edodo, que deveria ser de paralisa\u00e7\u00e3o e isolamento, mas resulta no inverso: mais crian\u00e7as sendo empurradas para uma situa\u00e7\u00e3o de trabalho desumano\u201d, diz Emicida.<\/p>\n<p>Na m\u00fasica, o artista compara as crian\u00e7as com sementes em desenvolvimento e lembra que ambas n\u00e3o devem sofrer press\u00e3o no seu processo de florescimento. Ele canta: \u201c\u00e9 muito triste, muito cedo, \u00e9 muito covarde cortar inf\u00e2ncias pela metade. Pra ser um adulto sem tumulto, n\u00e3o existe atalho. Em resumo, crian\u00e7as n\u00e3o t\u00eam trabalho\u201d.<\/p>\n<p>Em outro trecho, Drik Barbosa diz que o trabalho infantil tem cor e endere\u00e7o. De fato, o n\u00famero de crian\u00e7as e adolescentes negros v\u00edtimas de explora\u00e7\u00e3o pelo trabalho infantil \u00e9 maior do que o de n\u00e3o de negros (1,4 milh\u00e3o e 1,1 milh\u00e3o, respectivamente).<\/p>\n<p>A artista tamb\u00e9m canta sobre uma menina que, aos 8 anos, limpa casa de fam\u00edlia em troca de comida. Nesse caso, ela aponta para a triste realidade de que, quando se trata de trabalho infantil dom\u00e9stico, as meninas s\u00e3o a maioria (94,2%).<\/p>\n<p><iframe loading=\"lazy\" title=\"Emicida &amp; Drik Barbosa - Sementes\" width=\"500\" height=\"281\" src=\"https:\/\/www.youtube.com\/embed\/C7l0AB--I3c?start=146&#038;feature=oembed\" frameborder=\"0\" allow=\"accelerometer; autoplay; clipboard-write; encrypted-media; gyroscope; picture-in-picture\" allowfullscreen><\/iframe><\/p>\n<p>J\u00e1 dispon\u00edvel nos aplicativos de streaming (https:\/\/links.altafonte.com\/sementes), a faixa tem um videoclipe, que pode ser acessado no canal de YouTube do rapper paulista (https:\/\/youtu.be\/C7l0AB\u2013I3c).<\/p>\n<p><strong>Menos escolas, mais trabalho infantil<\/strong><\/p>\n<p>A diretora-executiva do Unicef, Henrietta Fore, conta que \u201c\u00e0 medida que a pobreza aumenta, as escolas fecham e a disponibilidade de servi\u00e7os sociais diminui, for\u00e7ando mais crian\u00e7as ao trabalho\u201d. Para ela, \u201c\u00e9 preciso garantir que as crian\u00e7as e suas fam\u00edlias estejam capacitadas a enfrentar tempestades semelhantes no futuro\u201d. Fore destaca educa\u00e7\u00e3o de qualidade, servi\u00e7os de prote\u00e7\u00e3o social e melhores oportunidades econ\u00f4micas. Atualmente, o fechamento tempor\u00e1rio de escolas afetando mais de 1 bilh\u00e3o de alunos em mais de 130 pa\u00edses. Mesmo ap\u00f3s o retorno \u00e0s aulas, muitos pais n\u00e3o ter\u00e3o como enviar seus filhos \u00e0 escola. Como resultado, mais crian\u00e7as podem cair em atividade perigosas e de explora\u00e7\u00e3o. A situa\u00e7\u00e3o tamb\u00e9m pode agravar as desigualdades de g\u00eanero com as meninas mais vulner\u00e1veis \u00e0 explora\u00e7\u00e3o no campo e no trabalho dom\u00e9stico.<\/p>\n<p><strong>Caso emblem\u00e1tico da menina Zohra<\/strong><br \/>\nO brutal assassinato de Zohra, uma menina de oito anos de uma fam\u00edlia muito pobre de uma aldeia de Punjabno Paquist\u00e3o, explorada como empregada dom\u00e9stica recordou ao mundo mais uma vez o dram\u00e1tico fen\u00f4meno do trabalho infantil. A menina morreu no \u00faltimo dia 31 de maio por causa dos castigos f\u00edsicos dados pelos seus patr\u00f5es, um rico casal de Rawalpindi. Segundo alguns, teriam batido nela por ter soltado dois papagaios de uma gaiola. O caso escandalizou e chocou a opini\u00e3o p\u00fablica mundial, inclusive parte da sociedade civil paquistanesa, que sempre denunciou o uso generalizado de meninas de fam\u00edlias pobres no setor de tarefas dom\u00e9sticas. Com efeito, a extrema pobreza leva muitos pais a mandar seus filhos para o trabalho com fam\u00edlias mais ricas, muitas vezes com a ilus\u00f3ria promessa de escolaridade e educa\u00e7\u00e3o, como no caso da pequena Zohra.<\/p>\n<p><strong>12 milh\u00f5es de crian\u00e7as trabalhadoras no Paquist\u00e3o<\/strong><br \/>\nDevido ao esc\u00e2ndalo, o ministro paquistan\u00eas dos Direitos Humanos, Shireen Mazari, declarou que foi proposta a modifica\u00e7\u00e3o de uma lei que classificaria o trabalho dom\u00e9stico para crian\u00e7as como \u201cocupa\u00e7\u00e3o perigosa\u201d. Isso poderia significar que as crian\u00e7as n\u00e3o podem mais ser empregadas nas casas privadas. Atualmente no Paquist\u00e3o o trabalho de menores \u00e9 ilegal nas f\u00e1bricas ou em outras atividades produtivas, mas ainda h\u00e1 12 milh\u00f5es de crian\u00e7as trabalhadoras, declara o diretor executivo de uma ONG paquistanesa (SPARC) para a prote\u00e7\u00e3o da inf\u00e2ncia, Sajjad Cheema.<\/p>\n<p><strong>Uma em cada dez crian\u00e7as \u00e9 obrigada a trabalhar<\/strong><br \/>\nA \u00c1frica \u00e9 o continente onde o trabalho infantil est\u00e1 mais difundido, tanto em percentagem da popula\u00e7\u00e3o infantil como no n\u00famero absoluto de crian\u00e7as envolvidas. Na pr\u00e1tica, uma em cada dez crian\u00e7as no mundo \u00e9 obrigada a trabalhar. No entanto, apesar do n\u00famero de crian\u00e7as trabalhadoras ter diminu\u00eddo em 94 milh\u00f5es desde 2000, com a Covid-19 o objetivo de \u201cdesenvolvimento sustent\u00e1vel&#8221; estabelecido pela ONU, que prev\u00ea o fim do trabalho infantil em todas as suas formas at\u00e9 2025, fica ainda mais longe.<\/p>\n<h4>Fatos e n\u00fameros globais<\/h4>\n<div class=\"freeform text\"><sub><strong><em>Fonte:\u00a0<a href=\"https:\/\/www.ilo.org\/global\/publications\/books\/WCMS_575499\/lang--pt\/index.htm\" target=\"_blank\" rel=\"noopener noreferrer\">Estimativas globais de trabalho infantil: resultados e tend\u00eancias 2012-2016\u00a0<\/a><\/em><\/strong><\/sub><strong><em><br \/>\n<\/em><\/strong><\/p>\n<ul>\n<li>Em 2016, 152 milh\u00f5es de crian\u00e7as entre 5 e 17 anos eram v\u00edtimas de trabalho infantil no mundo \u2013 88 milh\u00f5es de meninos e 64 milh\u00f5es de meninas.<\/li>\n<li>Quase metade dessas crian\u00e7as (73 milh\u00f5es) realizavam formas perigosas de trabalho, sendo que 19 milh\u00f5es delas tinham menos de 12 anos de idade.<\/li>\n<li>O maior n\u00famero de crian\u00e7as v\u00edtimas de trabalho infantil foi encontrado na \u00c1frica (72,1 milh\u00f5es), seguida da \u00c1sia e do Pac\u00edfico (62 milh\u00f5es), das Am\u00e9ricas (10,7 milh\u00f5es), da Europa e da \u00c1sia Central (5,5 milh\u00f5es) e dos Estados \u00c1rabes (1,2 milh\u00f5es).<\/li>\n<li>O trabalho infantil est\u00e1 concentrado principalmente na agricultura (71%), seguida do setor de servi\u00e7os (17%) e do setor industrial (12%).<\/li>\n<li>O fato de que a maior parte (58%) das crian\u00e7as v\u00edtimas de trabalho infantil eram meninos pode refletir uma subnotifica\u00e7\u00e3o do trabalho infantil entre as meninas, principalmente com rela\u00e7\u00e3o ao trabalho dom\u00e9stico infantil.<\/li>\n<\/ul>\n<h4>Fatos e n\u00fameros no Brasil<\/h4>\n<div class=\"freeform text\">\n<p><sub><em><strong>(Fonte: PNAD 2015)<\/strong><\/em><\/sub><\/p>\n<ul>\n<li>Entre 1992 e 2015, 5,7 milh\u00f5es crian\u00e7as e adolescentes deixaram de trabalhar no Brasil, o que significou uma redu\u00e7\u00e3o de 68%.<\/li>\n<li>Entretanto, ainda h\u00e1 2,7 milh\u00f5es de crian\u00e7as e adolescentes em situa\u00e7\u00e3o de trabalho infantil no pa\u00eds.<\/li>\n<li>59% das crian\u00e7as e adolescentes em situa\u00e7\u00e3o de trabalho infantil s\u00e3o meninos e 41% s\u00e3o meninas.<\/li>\n<li>A maioria da popula\u00e7\u00e3o ocupada entre cinco e 17 anos est\u00e1 nas regi\u00f5es Nordeste (852 mil) e Sudeste (854 mil), seguidas das regi\u00f5es Sul (432 mil), Norte (311 mil) e Centro-Oeste (223 mil).<\/li>\n<li>Todas as regi\u00f5es apresentam maior incid\u00eancia de trabalho infantil em atividades que n\u00e3o s\u00e3o agr\u00edcolas, exceto a regi\u00e3o Norte.<\/li>\n<li>A maior concentra\u00e7\u00e3o de trabalho infantil est\u00e1 na faixa et\u00e1ria de 14 a 17 anos (83,7%).<\/li>\n<li>O trabalho infantil entre crian\u00e7as de cinco a nove anos aumentou 12,3% entre 2014 e 2015, passando de 70 mil para 79 mil.<\/li>\n<li>Conhe\u00e7a os\u00a0<a href=\"http:\/\/www.bsb.ilo.org\/dimbr\/\" target=\"_blank\" rel=\"noopener noreferrer\">Diagn\u00f3sticos Intersetoriais Municipais de Trabalho Infantil\u00a0<\/a>preparados pela OIT, com\u00a0informa\u00e7\u00f5es e an\u00e1lises de cada munic\u00edpio do Brasil.<\/li>\n<\/ul>\n<h6>Fonte:\u00a0<a href=\"https:\/\/www.ilo.org\/brasilia\/temas\/trabalho-infantil\/lang--pt\/index.htm\" target=\"_blank\" rel=\"noopener noreferrer\">https:\/\/www.ilo.org\/brasilia\/temas\/trabalho-infantil\/lang\u2013pt\/index.htm<\/a><\/h6>\n<\/div>\n<\/div>\n<hr \/>\n<p><strong>Fontes:<\/strong> <em>Onu do Brasil, OIT, Vatican News<\/em><\/p>\n<p><strong>Imagem no alto:<\/strong> <em>Crian\u00e7as trabalhando em um aterro sanit\u00e1rio na \u00c1sia, premiada em concurso de fotografia de trabalho infantil da OIT em 2012. Foto: OIT\/Truong Huu Hung<\/em><\/p>\n","protected":false},"excerpt":{"rendered":"<p>Dia Mundial Contra o Trabalho Infantil<\/p>\n","protected":false},"author":3,"featured_media":0,"comment_status":"open","ping_status":"open","sticky":false,"template":"","format":"standard","meta":[],"categories":[1],"tags":[1740],"acf":[],"yoast_head":"<!-- This site is optimized with the Yoast SEO plugin v19.2 - https:\/\/yoast.com\/wordpress\/plugins\/seo\/ -->\n<title>Dia Mundial Contra o Trabalho Infantil: risco aumenta com a Covid-19 - Not\u00edcias - Franciscanos<\/title>\n<meta name=\"robots\" content=\"index, follow, max-snippet:-1, max-image-preview:large, max-video-preview:-1\" \/>\n<link rel=\"canonical\" href=\"https:\/\/franciscanos.org.br\/noticias\/dia-mundial-contra-o-trabalho-infantil-risco-aumenta-com-a-covid-19.html\" \/>\n<meta property=\"og:locale\" content=\"pt_BR\" \/>\n<meta property=\"og:type\" content=\"article\" \/>\n<meta property=\"og:title\" content=\"Dia Mundial Contra o Trabalho Infantil: risco aumenta com a Covid-19 - Not\u00edcias - Franciscanos\" \/>\n<meta property=\"og:description\" content=\"Dia Mundial Contra o Trabalho Infantil\" \/>\n<meta property=\"og:url\" content=\"https:\/\/franciscanos.org.br\/noticias\/dia-mundial-contra-o-trabalho-infantil-risco-aumenta-com-a-covid-19.html\" \/>\n<meta property=\"og:site_name\" content=\"Not\u00edcias - Franciscanos\" \/>\n<meta property=\"article:published_time\" content=\"2020-06-12T12:17:28+00:00\" \/>\n<meta property=\"article:modified_time\" content=\"2020-09-22T17:29:10+00:00\" \/>\n<meta property=\"og:image\" content=\"https:\/\/franciscanos.org.br\/noticias\/wp-content\/uploads\/2020\/06\/dia_0608.jpg\" \/>\n<meta name=\"author\" content=\"moacir\" \/>\n<meta name=\"twitter:card\" content=\"summary_large_image\" \/>\n<meta name=\"twitter:label1\" content=\"Escrito por\" \/>\n\t<meta name=\"twitter:data1\" content=\"moacir\" \/>\n\t<meta name=\"twitter:label2\" content=\"Est. tempo de leitura\" \/>\n\t<meta name=\"twitter:data2\" content=\"9 minutos\" \/>\n<script type=\"application\/ld+json\" class=\"yoast-schema-graph\">{\"@context\":\"https:\/\/schema.org\",\"@graph\":[{\"@type\":\"WebSite\",\"@id\":\"https:\/\/franciscanos.org.br\/noticias\/#website\",\"url\":\"https:\/\/franciscanos.org.br\/noticias\/\",\"name\":\"Not\u00edcias - Franciscanos\",\"description\":\"Prov\u00edncia Franciscana da Imaculada Concei\u00e7\u00e3o do Brasil - Ordem dos Frades Menores - OFM\",\"potentialAction\":[{\"@type\":\"SearchAction\",\"target\":{\"@type\":\"EntryPoint\",\"urlTemplate\":\"https:\/\/franciscanos.org.br\/noticias\/?s={search_term_string}\"},\"query-input\":\"required name=search_term_string\"}],\"inLanguage\":\"pt-BR\"},{\"@type\":\"ImageObject\",\"inLanguage\":\"pt-BR\",\"@id\":\"https:\/\/franciscanos.org.br\/noticias\/dia-mundial-contra-o-trabalho-infantil-risco-aumenta-com-a-covid-19.html#primaryimage\",\"url\":\"https:\/\/franciscanos.org.br\/noticias\/wp-content\/uploads\/2020\/06\/dia_0608.jpg\",\"contentUrl\":\"https:\/\/franciscanos.org.br\/noticias\/wp-content\/uploads\/2020\/06\/dia_0608.jpg\"},{\"@type\":\"WebPage\",\"@id\":\"https:\/\/franciscanos.org.br\/noticias\/dia-mundial-contra-o-trabalho-infantil-risco-aumenta-com-a-covid-19.html#webpage\",\"url\":\"https:\/\/franciscanos.org.br\/noticias\/dia-mundial-contra-o-trabalho-infantil-risco-aumenta-com-a-covid-19.html\",\"name\":\"Dia Mundial Contra o Trabalho Infantil: risco aumenta com a Covid-19 - Not\u00edcias - Franciscanos\",\"isPartOf\":{\"@id\":\"https:\/\/franciscanos.org.br\/noticias\/#website\"},\"primaryImageOfPage\":{\"@id\":\"https:\/\/franciscanos.org.br\/noticias\/dia-mundial-contra-o-trabalho-infantil-risco-aumenta-com-a-covid-19.html#primaryimage\"},\"datePublished\":\"2020-06-12T12:17:28+00:00\",\"dateModified\":\"2020-09-22T17:29:10+00:00\",\"author\":{\"@id\":\"https:\/\/franciscanos.org.br\/noticias\/#\/schema\/person\/b5c8cba458c330ccff548b056e95a5d4\"},\"breadcrumb\":{\"@id\":\"https:\/\/franciscanos.org.br\/noticias\/dia-mundial-contra-o-trabalho-infantil-risco-aumenta-com-a-covid-19.html#breadcrumb\"},\"inLanguage\":\"pt-BR\",\"potentialAction\":[{\"@type\":\"ReadAction\",\"target\":[\"https:\/\/franciscanos.org.br\/noticias\/dia-mundial-contra-o-trabalho-infantil-risco-aumenta-com-a-covid-19.html\"]}]},{\"@type\":\"BreadcrumbList\",\"@id\":\"https:\/\/franciscanos.org.br\/noticias\/dia-mundial-contra-o-trabalho-infantil-risco-aumenta-com-a-covid-19.html#breadcrumb\",\"itemListElement\":[{\"@type\":\"ListItem\",\"position\":1,\"name\":\"Home\",\"item\":\"https:\/\/franciscanos.org.br\/noticias\"},{\"@type\":\"ListItem\",\"position\":2,\"name\":\"Dia Mundial Contra o Trabalho Infantil: risco aumenta com a Covid-19\"}]},{\"@type\":\"Person\",\"@id\":\"https:\/\/franciscanos.org.br\/noticias\/#\/schema\/person\/b5c8cba458c330ccff548b056e95a5d4\",\"name\":\"moacir\",\"image\":{\"@type\":\"ImageObject\",\"inLanguage\":\"pt-BR\",\"@id\":\"https:\/\/franciscanos.org.br\/noticias\/#\/schema\/person\/image\/\",\"url\":\"https:\/\/secure.gravatar.com\/avatar\/d08aa2ce4c8dd416d4479aa8536fcf64?s=96&d=mm&r=g\",\"contentUrl\":\"https:\/\/secure.gravatar.com\/avatar\/d08aa2ce4c8dd416d4479aa8536fcf64?s=96&d=mm&r=g\",\"caption\":\"moacir\"},\"url\":\"https:\/\/franciscanos.org.br\/noticias\/author\/moacir\"}]}<\/script>\n<!-- \/ Yoast SEO plugin. -->","yoast_head_json":{"title":"Dia Mundial Contra o Trabalho Infantil: risco aumenta com a Covid-19 - Not\u00edcias - Franciscanos","robots":{"index":"index","follow":"follow","max-snippet":"max-snippet:-1","max-image-preview":"max-image-preview:large","max-video-preview":"max-video-preview:-1"},"canonical":"https:\/\/franciscanos.org.br\/noticias\/dia-mundial-contra-o-trabalho-infantil-risco-aumenta-com-a-covid-19.html","og_locale":"pt_BR","og_type":"article","og_title":"Dia Mundial Contra o Trabalho Infantil: risco aumenta com a Covid-19 - Not\u00edcias - Franciscanos","og_description":"Dia Mundial Contra o Trabalho Infantil","og_url":"https:\/\/franciscanos.org.br\/noticias\/dia-mundial-contra-o-trabalho-infantil-risco-aumenta-com-a-covid-19.html","og_site_name":"Not\u00edcias - Franciscanos","article_published_time":"2020-06-12T12:17:28+00:00","article_modified_time":"2020-09-22T17:29:10+00:00","og_image":[{"url":"https:\/\/franciscanos.org.br\/noticias\/wp-content\/uploads\/2020\/06\/dia_0608.jpg"}],"author":"moacir","twitter_card":"summary_large_image","twitter_misc":{"Escrito por":"moacir","Est. tempo de leitura":"9 minutos"},"schema":{"@context":"https:\/\/schema.org","@graph":[{"@type":"WebSite","@id":"https:\/\/franciscanos.org.br\/noticias\/#website","url":"https:\/\/franciscanos.org.br\/noticias\/","name":"Not\u00edcias - Franciscanos","description":"Prov\u00edncia Franciscana da Imaculada Concei\u00e7\u00e3o do Brasil - Ordem dos Frades Menores - OFM","potentialAction":[{"@type":"SearchAction","target":{"@type":"EntryPoint","urlTemplate":"https:\/\/franciscanos.org.br\/noticias\/?s={search_term_string}"},"query-input":"required name=search_term_string"}],"inLanguage":"pt-BR"},{"@type":"ImageObject","inLanguage":"pt-BR","@id":"https:\/\/franciscanos.org.br\/noticias\/dia-mundial-contra-o-trabalho-infantil-risco-aumenta-com-a-covid-19.html#primaryimage","url":"https:\/\/franciscanos.org.br\/noticias\/wp-content\/uploads\/2020\/06\/dia_0608.jpg","contentUrl":"https:\/\/franciscanos.org.br\/noticias\/wp-content\/uploads\/2020\/06\/dia_0608.jpg"},{"@type":"WebPage","@id":"https:\/\/franciscanos.org.br\/noticias\/dia-mundial-contra-o-trabalho-infantil-risco-aumenta-com-a-covid-19.html#webpage","url":"https:\/\/franciscanos.org.br\/noticias\/dia-mundial-contra-o-trabalho-infantil-risco-aumenta-com-a-covid-19.html","name":"Dia Mundial Contra o Trabalho Infantil: risco aumenta com a Covid-19 - Not\u00edcias - Franciscanos","isPartOf":{"@id":"https:\/\/franciscanos.org.br\/noticias\/#website"},"primaryImageOfPage":{"@id":"https:\/\/franciscanos.org.br\/noticias\/dia-mundial-contra-o-trabalho-infantil-risco-aumenta-com-a-covid-19.html#primaryimage"},"datePublished":"2020-06-12T12:17:28+00:00","dateModified":"2020-09-22T17:29:10+00:00","author":{"@id":"https:\/\/franciscanos.org.br\/noticias\/#\/schema\/person\/b5c8cba458c330ccff548b056e95a5d4"},"breadcrumb":{"@id":"https:\/\/franciscanos.org.br\/noticias\/dia-mundial-contra-o-trabalho-infantil-risco-aumenta-com-a-covid-19.html#breadcrumb"},"inLanguage":"pt-BR","potentialAction":[{"@type":"ReadAction","target":["https:\/\/franciscanos.org.br\/noticias\/dia-mundial-contra-o-trabalho-infantil-risco-aumenta-com-a-covid-19.html"]}]},{"@type":"BreadcrumbList","@id":"https:\/\/franciscanos.org.br\/noticias\/dia-mundial-contra-o-trabalho-infantil-risco-aumenta-com-a-covid-19.html#breadcrumb","itemListElement":[{"@type":"ListItem","position":1,"name":"Home","item":"https:\/\/franciscanos.org.br\/noticias"},{"@type":"ListItem","position":2,"name":"Dia Mundial Contra o Trabalho Infantil: risco aumenta com a Covid-19"}]},{"@type":"Person","@id":"https:\/\/franciscanos.org.br\/noticias\/#\/schema\/person\/b5c8cba458c330ccff548b056e95a5d4","name":"moacir","image":{"@type":"ImageObject","inLanguage":"pt-BR","@id":"https:\/\/franciscanos.org.br\/noticias\/#\/schema\/person\/image\/","url":"https:\/\/secure.gravatar.com\/avatar\/d08aa2ce4c8dd416d4479aa8536fcf64?s=96&d=mm&r=g","contentUrl":"https:\/\/secure.gravatar.com\/avatar\/d08aa2ce4c8dd416d4479aa8536fcf64?s=96&d=mm&r=g","caption":"moacir"},"url":"https:\/\/franciscanos.org.br\/noticias\/author\/moacir"}]}},"_links":{"self":[{"href":"https:\/\/franciscanos.org.br\/noticias\/wp-json\/wp\/v2\/posts\/226503"}],"collection":[{"href":"https:\/\/franciscanos.org.br\/noticias\/wp-json\/wp\/v2\/posts"}],"about":[{"href":"https:\/\/franciscanos.org.br\/noticias\/wp-json\/wp\/v2\/types\/post"}],"author":[{"embeddable":true,"href":"https:\/\/franciscanos.org.br\/noticias\/wp-json\/wp\/v2\/users\/3"}],"replies":[{"embeddable":true,"href":"https:\/\/franciscanos.org.br\/noticias\/wp-json\/wp\/v2\/comments?post=226503"}],"version-history":[{"count":6,"href":"https:\/\/franciscanos.org.br\/noticias\/wp-json\/wp\/v2\/posts\/226503\/revisions"}],"predecessor-version":[{"id":228421,"href":"https:\/\/franciscanos.org.br\/noticias\/wp-json\/wp\/v2\/posts\/226503\/revisions\/228421"}],"wp:attachment":[{"href":"https:\/\/franciscanos.org.br\/noticias\/wp-json\/wp\/v2\/media?parent=226503"}],"wp:term":[{"taxonomy":"category","embeddable":true,"href":"https:\/\/franciscanos.org.br\/noticias\/wp-json\/wp\/v2\/categories?post=226503"},{"taxonomy":"post_tag","embeddable":true,"href":"https:\/\/franciscanos.org.br\/noticias\/wp-json\/wp\/v2\/tags?post=226503"}],"curies":[{"name":"wp","href":"https:\/\/api.w.org\/{rel}","templated":true}]}}