{"id":226493,"date":"2020-06-12T05:58:09","date_gmt":"2020-06-12T08:58:09","guid":{"rendered":"https:\/\/franciscanos.org.br\/noticias\/?p=226493"},"modified":"2023-01-09T11:15:13","modified_gmt":"2023-01-09T14:15:13","slug":"falece-frei-rui-depine-em-braganca-paulista","status":"publish","type":"post","link":"https:\/\/franciscanos.org.br\/noticias\/falece-frei-rui-depine-em-braganca-paulista.html","title":{"rendered":"Falece Frei Rui Depin\u00e9 em Bragan\u00e7a Paulista"},"content":{"rendered":"<p>&nbsp;<\/p>\n<p><img loading=\"lazy\" class=\"alignnone size-full wp-image-226495\" src=\"https:\/\/franciscanos.org.br\/noticias\/wp-content\/uploads\/2020\/06\/rui_120620.jpg\" alt=\"\" width=\"1280\" height=\"720\" srcset=\"https:\/\/franciscanos.org.br\/noticias\/wp-content\/uploads\/2020\/06\/rui_120620.jpg 1280w, https:\/\/franciscanos.org.br\/noticias\/wp-content\/uploads\/2020\/06\/rui_120620-450x253.jpg 450w, https:\/\/franciscanos.org.br\/noticias\/wp-content\/uploads\/2020\/06\/rui_120620-1024x576.jpg 1024w, https:\/\/franciscanos.org.br\/noticias\/wp-content\/uploads\/2020\/06\/rui_120620-768x432.jpg 768w, https:\/\/franciscanos.org.br\/noticias\/wp-content\/uploads\/2020\/06\/rui_120620-150x84.jpg 150w\" sizes=\"(max-width: 1280px) 100vw, 1280px\" \/><\/p>\n<p>Faleceu nesta madrugada, por volta da 01h15, na Fraternidade Franciscana S\u00e3o Francisco de Assis, em Bragan\u00e7a Paulista, SP, Frei Rui Guido Depin\u00e9. Frei Rui, que por mais de 40 anos dedicou-se de corpo e alma \u00e0 miss\u00e3o junto aos hansenianos, seus familiares e pessoas carentes na Col\u00f4nia S\u00e3o Roque, em Piraquara, na Regi\u00e3o Metropolitana de Curitiba, PR, estava desde o fim de 2018 em Bragan\u00e7a Paulista para tratamento de sa\u00fade. Embora sua situa\u00e7\u00e3o fosse bastante fr\u00e1gil desde que chegou \u00e0quela Fraternidade \u2013 j\u00e1 acometido pelo Mal de Alzheimer e Parkinson \u2013, sua partida r\u00e1pida e repentina foi recebida com surpresa pelo guardi\u00e3o, Frei Carlos Jos\u00e9 K\u00f6rber, pelos demais confrades e profissionais dedicados ao cuidado dos frades enfermos. De acordo com Frei Carlos, desde ontem (11 de junho), Frei Rui apresentou um quadro de desidrata\u00e7\u00e3o e arritmia card\u00edaca. Recebeu oxig\u00eanio e veio a falecer no in\u00edcio da madrugada deste dia 12 por conta de uma parada cardiorrespirat\u00f3ria.<\/p>\n<p>\u00c0s 13h30, est\u00e1 prevista uma breve celebra\u00e7\u00e3o de despedida junto \u00e0 Fraternidade S\u00e3o Francisco, em Bragan\u00e7a Paulista. \u00c0s 14h, seguir\u00e1 para o Cemit\u00e9rio do Sant\u00edssimo Sacramento, em S\u00e3o Paulo onde, \u00e0s 16h, ser\u00e1 sepultado.<\/p>\n<p>\u00c0s 20h30 desta sexta, dia 12, com transmiss\u00e3o pelo Youtube da TV Franciscanos, a Celebra\u00e7\u00e3o do Abra\u00e7o e da Esperan\u00e7a ser\u00e1 realizada tamb\u00e9m na inten\u00e7\u00e3o da alma de Frei Rui Depin\u00e8. Para acompanhar, basta acessar o endere\u00e7o eletr\u00f4nico <a href=\"https:\/\/youtu.be\/oY7tDQbO0Kw\" target=\"_blank\" rel=\"noopener noreferrer\">https:\/\/youtu.be\/oY7tDQbO0Kw<\/a><\/p>\n<p><strong>Dados pessoais, forma\u00e7\u00e3o e atividades<\/strong><\/p>\n<p><strong>08.10.1942<\/strong> \u2013 Nascimento (77 anos)<br \/>\n<strong>19.12.1964<\/strong> \u2013 Vesti\u00e7\u00e3o<br \/>\n<strong>20.12.1965<\/strong> \u2013 Profiss\u00e3o Simples (54 anos de Vida Religiosa)<br \/>\n<strong>14.11.1969<\/strong> \u2013 Profiss\u00e3o Solene<br \/>\n<strong>18.07.1971<\/strong> \u2013 Ordena\u00e7\u00e3o (47 anos de Sacerd\u00f3cio)<br \/>\n<strong>06.12.1971<\/strong> \u2013 Duque de Caxias, RJ \u2013 Vig\u00e1rio Paroquial<br \/>\n<strong>03.03.1975<\/strong> \u2013 Conc\u00f3rdia, SC \u2013 Vig\u00e1rio Paroquial<br \/>\n<strong>12.12.1978<\/strong> \u2013 Col\u00f4nia S\u00e3o Roque, Piraquara, PR &#8211; Capel\u00e3o<\/p>\n<hr \/>\n<p><strong>O frade menor<\/strong><\/p>\n<p><img loading=\"lazy\" class=\"alignleft size-full wp-image-226496\" src=\"https:\/\/franciscanos.org.br\/noticias\/wp-content\/uploads\/2020\/06\/rui_1206m.jpg\" alt=\"\" width=\"356\" height=\"640\" srcset=\"https:\/\/franciscanos.org.br\/noticias\/wp-content\/uploads\/2020\/06\/rui_1206m.jpg 356w, https:\/\/franciscanos.org.br\/noticias\/wp-content\/uploads\/2020\/06\/rui_1206m-250x450.jpg 250w, https:\/\/franciscanos.org.br\/noticias\/wp-content\/uploads\/2020\/06\/rui_1206m-150x270.jpg 150w\" sizes=\"(max-width: 356px) 100vw, 356px\" \/>Nascido em Rodeio, SC, filho de Giusepe Depin\u00e8 e L\u00eddia B. Depin\u00e8, foi o 2\u00ba filho de uma fam\u00edlia com 11 irm\u00e3os, sendo quatro homens e sete mulheres. Seus pais eram agricultores e viviam do que produziam. Segundo o pr\u00f3prio Frei Rui, em sua ficha autobiogr\u00e1fica, \u201co pai, nas horas vagas, era tamb\u00e9m alfaiate. Foi tamb\u00e9m juiz de paz por quase trinta anos\u201d. Quanto \u00e0 religiosidade familiar, Frei Rui descrevia os pais como \u201cmuito religiosos\u201d e pertencentes \u00e0 Ordem Franciscana Secular e ao Apostolado da Ora\u00e7\u00e3o. Eram ass\u00edduos frequentadores das celebra\u00e7\u00f5es lit\u00fargicas, tanto aos domingos quanto nos dias de semana. Sobre a rotina de ora\u00e7\u00f5es em fam\u00edlia, escreveu: \u201cEm casa se rezava de manh\u00e3, de dia e de noite. Mesmo fracassando a lavoura de vez em quando, n\u00e3o diminu\u00eda o relacionamento com Deus e a f\u00e9 parecia ainda maior\u201d.<\/p>\n<p>Em sua vida de frade menor, e de modo especial nos 40 anos em que viveu em Piraquara, Frei Rui se destacou por uma dedica\u00e7\u00e3o integral aos pobres e aos doentes. Com simplicidade e amor, vivia totalmente em fun\u00e7\u00e3o de atender a quem lhe procurava. Qualquer presente que ganhava, do valor que fosse, na pr\u00f3xima esquina j\u00e1 estava nas m\u00e3os de algu\u00e9m que estivesse necessitando. Nada reteve para si. Teve rela\u00e7\u00e3o pr\u00f3xima e familiar com as Irm\u00e3s da Congrega\u00e7\u00e3o das Franciscanas de S\u00e3o Jos\u00e9, que sempre estiveram juntas a Frei Rui.<\/p>\n<p>Na conviv\u00eancia com os confrades, mostrava-se sempre cordial e otimista, buscando dar destaque \u00e0s belezas da vida franciscana mesmo diante de poss\u00edveis dificuldades e desafios. Afeito \u00e0s coisas simples, gostava muito do contato com a natureza e tamb\u00e9m se dedicava a compor e recitar poesias. Em comunicado enviado aos frades da Prov\u00edncia logo que soube do falecimento do confrade, o Ministro Provincial, Frei C\u00e9sar K\u00fclkamp, escreveu: \u201cA este nosso irm\u00e3o, t\u00e3o sens\u00edvel aos pobres e aos doentes, dediquemos a sensibilidade de nossas preces\u201d. Frei Rui, agora j\u00e1 participante da Eucaristia definitiva junto a Deus, parte no dia compreendido entre a Solenidade do Corpo e Sangue de Cristo e a Festa de Santo Ant\u00f4nio. Certamente, j\u00e1 foi recebido na gl\u00f3ria por aquele em quem muitas vezes se inspirou para partilhar o p\u00e3o com os pobres.<\/p>\n<hr \/>\n<p><strong><img loading=\"lazy\" class=\"alignright size-medium wp-image-226498\" src=\"https:\/\/franciscanos.org.br\/noticias\/wp-content\/uploads\/2020\/06\/rui_passaro-450x338.jpg\" alt=\"\" width=\"450\" height=\"338\" srcset=\"https:\/\/franciscanos.org.br\/noticias\/wp-content\/uploads\/2020\/06\/rui_passaro-450x338.jpg 450w, https:\/\/franciscanos.org.br\/noticias\/wp-content\/uploads\/2020\/06\/rui_passaro-768x576.jpg 768w, https:\/\/franciscanos.org.br\/noticias\/wp-content\/uploads\/2020\/06\/rui_passaro-150x113.jpg 150w, https:\/\/franciscanos.org.br\/noticias\/wp-content\/uploads\/2020\/06\/rui_passaro-600x450.jpg 600w, https:\/\/franciscanos.org.br\/noticias\/wp-content\/uploads\/2020\/06\/rui_passaro.jpg 800w\" sizes=\"(max-width: 450px) 100vw, 450px\" \/>O Caminho do P\u00e3o<\/strong><\/p>\n<p>Felizes!<\/p>\n<p>&#8211; Felizes aqueles que preparam a terra.<\/p>\n<p>&#8211; Felizes os que lavram o ch\u00e3o.<\/p>\n<p>&#8211; Felizes os que semeiam a semente.<\/p>\n<p>&#8211; Felizes os que cuidam da planta\u00e7\u00e3o.<\/p>\n<p>&#8211; Felizes os que produzem o trigo.<\/p>\n<p>&#8211; Felizes os que semeiam as espigas.<\/p>\n<p>&#8211; Felizes os que transportam a colheita.<\/p>\n<p>&#8211; Felizes os que moem o gr\u00e3o.<\/p>\n<p>&#8211; Felizes aqueles que o transformam em alimento.<\/p>\n<p>&#8211; Muito mais felizes aqueles que repartem seu p\u00e3o.<\/p>\n<p><strong>Frei Rui Guido Depin\u00e9, OFM<\/strong><\/p>\n<p><strong>R.I.P<\/strong><\/p>\n<hr \/>\n<h2 style=\"text-align: center;\"><strong>VEJA A HOMENAGEM DA JUVENTUDE DA PROV\u00cdNCIA<\/strong><\/h2>\n<p><iframe loading=\"lazy\" src=\"https:\/\/www.youtube.com\/embed\/Jl2XUyW3Hdg\" width=\"100%\" height=\"480\" frameborder=\"0\" allowfullscreen=\"allowfullscreen\"><span data-mce-type=\"bookmark\" style=\"display: inline-block; width: 0px; overflow: hidden; line-height: 0;\" class=\"mce_SELRES_start\">\ufeff<\/span><\/iframe><\/p>\n","protected":false},"excerpt":{"rendered":"<p>Falecimento<\/p>\n","protected":false},"author":3,"featured_media":0,"comment_status":"open","ping_status":"open","sticky":false,"template":"","format":"standard","meta":[],"categories":[1],"tags":[1160,1919],"acf":[],"yoast_head":"<!-- This site is optimized with the Yoast SEO plugin v19.2 - https:\/\/yoast.com\/wordpress\/plugins\/seo\/ -->\n<title>Falece Frei Rui Depin\u00e9 em Bragan\u00e7a Paulista - Not\u00edcias - Franciscanos<\/title>\n<meta name=\"robots\" content=\"index, follow, max-snippet:-1, max-image-preview:large, max-video-preview:-1\" \/>\n<link rel=\"canonical\" href=\"https:\/\/franciscanos.org.br\/noticias\/falece-frei-rui-depine-em-braganca-paulista.html\" \/>\n<meta property=\"og:locale\" content=\"pt_BR\" \/>\n<meta property=\"og:type\" content=\"article\" \/>\n<meta property=\"og:title\" content=\"Falece Frei Rui Depin\u00e9 em Bragan\u00e7a Paulista - Not\u00edcias - Franciscanos\" \/>\n<meta property=\"og:description\" content=\"Falecimento\" \/>\n<meta property=\"og:url\" content=\"https:\/\/franciscanos.org.br\/noticias\/falece-frei-rui-depine-em-braganca-paulista.html\" \/>\n<meta property=\"og:site_name\" content=\"Not\u00edcias - Franciscanos\" \/>\n<meta property=\"article:published_time\" content=\"2020-06-12T08:58:09+00:00\" \/>\n<meta property=\"article:modified_time\" content=\"2023-01-09T14:15:13+00:00\" \/>\n<meta property=\"og:image\" content=\"https:\/\/franciscanos.org.br\/noticias\/wp-content\/uploads\/2020\/06\/rui_120620.jpg\" \/>\n<meta name=\"author\" content=\"moacir\" \/>\n<meta name=\"twitter:card\" content=\"summary_large_image\" \/>\n<meta name=\"twitter:label1\" content=\"Escrito por\" \/>\n\t<meta name=\"twitter:data1\" content=\"moacir\" \/>\n\t<meta name=\"twitter:label2\" content=\"Est. tempo de leitura\" \/>\n\t<meta name=\"twitter:data2\" content=\"4 minutos\" \/>\n<script type=\"application\/ld+json\" class=\"yoast-schema-graph\">{\"@context\":\"https:\/\/schema.org\",\"@graph\":[{\"@type\":\"WebSite\",\"@id\":\"https:\/\/franciscanos.org.br\/noticias\/#website\",\"url\":\"https:\/\/franciscanos.org.br\/noticias\/\",\"name\":\"Not\u00edcias - Franciscanos\",\"description\":\"Prov\u00edncia Franciscana da Imaculada Concei\u00e7\u00e3o do Brasil - Ordem dos Frades Menores - OFM\",\"potentialAction\":[{\"@type\":\"SearchAction\",\"target\":{\"@type\":\"EntryPoint\",\"urlTemplate\":\"https:\/\/franciscanos.org.br\/noticias\/?s={search_term_string}\"},\"query-input\":\"required name=search_term_string\"}],\"inLanguage\":\"pt-BR\"},{\"@type\":\"ImageObject\",\"inLanguage\":\"pt-BR\",\"@id\":\"https:\/\/franciscanos.org.br\/noticias\/falece-frei-rui-depine-em-braganca-paulista.html#primaryimage\",\"url\":\"https:\/\/franciscanos.org.br\/noticias\/wp-content\/uploads\/2020\/06\/rui_120620.jpg\",\"contentUrl\":\"https:\/\/franciscanos.org.br\/noticias\/wp-content\/uploads\/2020\/06\/rui_120620.jpg\",\"width\":1280,\"height\":720},{\"@type\":\"WebPage\",\"@id\":\"https:\/\/franciscanos.org.br\/noticias\/falece-frei-rui-depine-em-braganca-paulista.html#webpage\",\"url\":\"https:\/\/franciscanos.org.br\/noticias\/falece-frei-rui-depine-em-braganca-paulista.html\",\"name\":\"Falece Frei Rui Depin\u00e9 em Bragan\u00e7a Paulista - Not\u00edcias - Franciscanos\",\"isPartOf\":{\"@id\":\"https:\/\/franciscanos.org.br\/noticias\/#website\"},\"primaryImageOfPage\":{\"@id\":\"https:\/\/franciscanos.org.br\/noticias\/falece-frei-rui-depine-em-braganca-paulista.html#primaryimage\"},\"datePublished\":\"2020-06-12T08:58:09+00:00\",\"dateModified\":\"2023-01-09T14:15:13+00:00\",\"author\":{\"@id\":\"https:\/\/franciscanos.org.br\/noticias\/#\/schema\/person\/b5c8cba458c330ccff548b056e95a5d4\"},\"breadcrumb\":{\"@id\":\"https:\/\/franciscanos.org.br\/noticias\/falece-frei-rui-depine-em-braganca-paulista.html#breadcrumb\"},\"inLanguage\":\"pt-BR\",\"potentialAction\":[{\"@type\":\"ReadAction\",\"target\":[\"https:\/\/franciscanos.org.br\/noticias\/falece-frei-rui-depine-em-braganca-paulista.html\"]}]},{\"@type\":\"BreadcrumbList\",\"@id\":\"https:\/\/franciscanos.org.br\/noticias\/falece-frei-rui-depine-em-braganca-paulista.html#breadcrumb\",\"itemListElement\":[{\"@type\":\"ListItem\",\"position\":1,\"name\":\"Home\",\"item\":\"https:\/\/franciscanos.org.br\/noticias\"},{\"@type\":\"ListItem\",\"position\":2,\"name\":\"Falece Frei Rui Depin\u00e9 em Bragan\u00e7a Paulista\"}]},{\"@type\":\"Person\",\"@id\":\"https:\/\/franciscanos.org.br\/noticias\/#\/schema\/person\/b5c8cba458c330ccff548b056e95a5d4\",\"name\":\"moacir\",\"image\":{\"@type\":\"ImageObject\",\"inLanguage\":\"pt-BR\",\"@id\":\"https:\/\/franciscanos.org.br\/noticias\/#\/schema\/person\/image\/\",\"url\":\"https:\/\/secure.gravatar.com\/avatar\/d08aa2ce4c8dd416d4479aa8536fcf64?s=96&d=mm&r=g\",\"contentUrl\":\"https:\/\/secure.gravatar.com\/avatar\/d08aa2ce4c8dd416d4479aa8536fcf64?s=96&d=mm&r=g\",\"caption\":\"moacir\"},\"url\":\"https:\/\/franciscanos.org.br\/noticias\/author\/moacir\"}]}<\/script>\n<!-- \/ Yoast SEO plugin. -->","yoast_head_json":{"title":"Falece Frei Rui Depin\u00e9 em Bragan\u00e7a Paulista - Not\u00edcias - Franciscanos","robots":{"index":"index","follow":"follow","max-snippet":"max-snippet:-1","max-image-preview":"max-image-preview:large","max-video-preview":"max-video-preview:-1"},"canonical":"https:\/\/franciscanos.org.br\/noticias\/falece-frei-rui-depine-em-braganca-paulista.html","og_locale":"pt_BR","og_type":"article","og_title":"Falece Frei Rui Depin\u00e9 em Bragan\u00e7a Paulista - Not\u00edcias - Franciscanos","og_description":"Falecimento","og_url":"https:\/\/franciscanos.org.br\/noticias\/falece-frei-rui-depine-em-braganca-paulista.html","og_site_name":"Not\u00edcias - Franciscanos","article_published_time":"2020-06-12T08:58:09+00:00","article_modified_time":"2023-01-09T14:15:13+00:00","og_image":[{"url":"https:\/\/franciscanos.org.br\/noticias\/wp-content\/uploads\/2020\/06\/rui_120620.jpg"}],"author":"moacir","twitter_card":"summary_large_image","twitter_misc":{"Escrito por":"moacir","Est. tempo de leitura":"4 minutos"},"schema":{"@context":"https:\/\/schema.org","@graph":[{"@type":"WebSite","@id":"https:\/\/franciscanos.org.br\/noticias\/#website","url":"https:\/\/franciscanos.org.br\/noticias\/","name":"Not\u00edcias - Franciscanos","description":"Prov\u00edncia Franciscana da Imaculada Concei\u00e7\u00e3o do Brasil - Ordem dos Frades Menores - OFM","potentialAction":[{"@type":"SearchAction","target":{"@type":"EntryPoint","urlTemplate":"https:\/\/franciscanos.org.br\/noticias\/?s={search_term_string}"},"query-input":"required name=search_term_string"}],"inLanguage":"pt-BR"},{"@type":"ImageObject","inLanguage":"pt-BR","@id":"https:\/\/franciscanos.org.br\/noticias\/falece-frei-rui-depine-em-braganca-paulista.html#primaryimage","url":"https:\/\/franciscanos.org.br\/noticias\/wp-content\/uploads\/2020\/06\/rui_120620.jpg","contentUrl":"https:\/\/franciscanos.org.br\/noticias\/wp-content\/uploads\/2020\/06\/rui_120620.jpg","width":1280,"height":720},{"@type":"WebPage","@id":"https:\/\/franciscanos.org.br\/noticias\/falece-frei-rui-depine-em-braganca-paulista.html#webpage","url":"https:\/\/franciscanos.org.br\/noticias\/falece-frei-rui-depine-em-braganca-paulista.html","name":"Falece Frei Rui Depin\u00e9 em Bragan\u00e7a Paulista - Not\u00edcias - Franciscanos","isPartOf":{"@id":"https:\/\/franciscanos.org.br\/noticias\/#website"},"primaryImageOfPage":{"@id":"https:\/\/franciscanos.org.br\/noticias\/falece-frei-rui-depine-em-braganca-paulista.html#primaryimage"},"datePublished":"2020-06-12T08:58:09+00:00","dateModified":"2023-01-09T14:15:13+00:00","author":{"@id":"https:\/\/franciscanos.org.br\/noticias\/#\/schema\/person\/b5c8cba458c330ccff548b056e95a5d4"},"breadcrumb":{"@id":"https:\/\/franciscanos.org.br\/noticias\/falece-frei-rui-depine-em-braganca-paulista.html#breadcrumb"},"inLanguage":"pt-BR","potentialAction":[{"@type":"ReadAction","target":["https:\/\/franciscanos.org.br\/noticias\/falece-frei-rui-depine-em-braganca-paulista.html"]}]},{"@type":"BreadcrumbList","@id":"https:\/\/franciscanos.org.br\/noticias\/falece-frei-rui-depine-em-braganca-paulista.html#breadcrumb","itemListElement":[{"@type":"ListItem","position":1,"name":"Home","item":"https:\/\/franciscanos.org.br\/noticias"},{"@type":"ListItem","position":2,"name":"Falece Frei Rui Depin\u00e9 em Bragan\u00e7a Paulista"}]},{"@type":"Person","@id":"https:\/\/franciscanos.org.br\/noticias\/#\/schema\/person\/b5c8cba458c330ccff548b056e95a5d4","name":"moacir","image":{"@type":"ImageObject","inLanguage":"pt-BR","@id":"https:\/\/franciscanos.org.br\/noticias\/#\/schema\/person\/image\/","url":"https:\/\/secure.gravatar.com\/avatar\/d08aa2ce4c8dd416d4479aa8536fcf64?s=96&d=mm&r=g","contentUrl":"https:\/\/secure.gravatar.com\/avatar\/d08aa2ce4c8dd416d4479aa8536fcf64?s=96&d=mm&r=g","caption":"moacir"},"url":"https:\/\/franciscanos.org.br\/noticias\/author\/moacir"}]}},"_links":{"self":[{"href":"https:\/\/franciscanos.org.br\/noticias\/wp-json\/wp\/v2\/posts\/226493"}],"collection":[{"href":"https:\/\/franciscanos.org.br\/noticias\/wp-json\/wp\/v2\/posts"}],"about":[{"href":"https:\/\/franciscanos.org.br\/noticias\/wp-json\/wp\/v2\/types\/post"}],"author":[{"embeddable":true,"href":"https:\/\/franciscanos.org.br\/noticias\/wp-json\/wp\/v2\/users\/3"}],"replies":[{"embeddable":true,"href":"https:\/\/franciscanos.org.br\/noticias\/wp-json\/wp\/v2\/comments?post=226493"}],"version-history":[{"count":6,"href":"https:\/\/franciscanos.org.br\/noticias\/wp-json\/wp\/v2\/posts\/226493\/revisions"}],"predecessor-version":[{"id":226512,"href":"https:\/\/franciscanos.org.br\/noticias\/wp-json\/wp\/v2\/posts\/226493\/revisions\/226512"}],"wp:attachment":[{"href":"https:\/\/franciscanos.org.br\/noticias\/wp-json\/wp\/v2\/media?parent=226493"}],"wp:term":[{"taxonomy":"category","embeddable":true,"href":"https:\/\/franciscanos.org.br\/noticias\/wp-json\/wp\/v2\/categories?post=226493"},{"taxonomy":"post_tag","embeddable":true,"href":"https:\/\/franciscanos.org.br\/noticias\/wp-json\/wp\/v2\/tags?post=226493"}],"curies":[{"name":"wp","href":"https:\/\/api.w.org\/{rel}","templated":true}]}}