{"id":226298,"date":"2020-06-11T08:36:02","date_gmt":"2020-06-11T11:36:02","guid":{"rendered":"https:\/\/franciscanos.org.br\/noticias\/?p=226298"},"modified":"2020-06-11T08:36:02","modified_gmt":"2020-06-11T11:36:02","slug":"coragem-e-esperanca-somos-pessoas-de-fe-diz-o-papa-aos-brasileiros","status":"publish","type":"post","link":"https:\/\/franciscanos.org.br\/noticias\/coragem-e-esperanca-somos-pessoas-de-fe-diz-o-papa-aos-brasileiros.html","title":{"rendered":"&#8220;Coragem e esperan\u00e7a. Somos pessoas de f\u00e9!&#8221;, diz o Papa aos brasileiros"},"content":{"rendered":"<p><img loading=\"lazy\" class=\"alignnone size-full wp-image-226299\" src=\"https:\/\/franciscanos.org.br\/noticias\/wp-content\/uploads\/2020\/06\/aparecida_1106.jpg\" alt=\"\" width=\"890\" height=\"501\" srcset=\"https:\/\/franciscanos.org.br\/noticias\/wp-content\/uploads\/2020\/06\/aparecida_1106.jpg 890w, https:\/\/franciscanos.org.br\/noticias\/wp-content\/uploads\/2020\/06\/aparecida_1106-450x253.jpg 450w, https:\/\/franciscanos.org.br\/noticias\/wp-content\/uploads\/2020\/06\/aparecida_1106-768x432.jpg 768w, https:\/\/franciscanos.org.br\/noticias\/wp-content\/uploads\/2020\/06\/aparecida_1106-150x84.jpg 150w\" sizes=\"(max-width: 890px) 100vw, 890px\" \/><\/p>\n<p>Mais um telefonema do Papa Francisco para o Brasil. Desta vez foi o arcebispo de Aparecida (SP), Dom Orlando Brandes que recebeu uma liga\u00e7\u00e3o do Papa Francisco nesta quarta-feira (10\/06). Segundo informa\u00e7\u00f5es do pr\u00f3prio Dom Orlando numa entrevista \u00e0 TV Aparecida, o Santo Padre \u201cmanifestou a sua solidariedade e carinho ao povo brasileiro\u201d, em especial nesse momento dif\u00edcil de pandemia da Covid-19.<\/p>\n<p>Segundo dom Orlando, durante o telefonema, o Papa disse que reza por todos os brasileiros e que acompanha as not\u00edcias do Brasil em ora\u00e7\u00e3o. \u201cRecebemos esse grande presente de Corpus Christi do Papa Francisco\u201d, disse o arcebispo de Aparecida. \u201cEle pediu que transmitisse ao povo brasileiro suas ora\u00e7\u00f5es e recomendou que todos os brasileiros se coloquem no colo de Nossa Senhora Aparecida\u201d. &#8220;O Papa tamb\u00e9m recordou que ontem n\u00f3s celebramos o dia de S\u00e3o Jos\u00e9 de Anchieta, que ele canonizou e que marcou tanto tamb\u00e9m a vida dos brasileiros&#8221;, acrescentou o arcebispo.<\/p>\n<p>Durante a entrevista dom Orlando, disse que Francisco lembrou sua visita a Aparecida nos anos de 2007 e 2013, por ocasi\u00e3o da V Confer\u00eancia de Aparecida, ainda como arcebispo de Buenos Aires, e depois, como Papa, durante a JMJ no Rio de Janeiro. &#8220;Ele recordou que esteve aqui em 2013 e que aqui esteve em 2007 na Confer\u00eancia de Aparecida, da qual tamb\u00e9m participei. Ele tamb\u00e9m pediu, de nossa parte, que tamb\u00e9m rez\u00e1ssemos por ele&#8221;, disse dom Orlando.<\/p>\n<p>De acordo com o arcebispo, Francisco falou ainda da imagem de Nossa Senhora Aparecida que foi entronizada nos Jardins Vaticanos em setembro de 2016. &#8220;Ele disse: a imagem de Nossa Senhora Aparecida est\u00e1 bem pertinho de mim. E relembrou: eu me lembro que peguei Nossa Senhora no meu colo, a Madonnina, que quer dizer, m\u00e3ezinha. Recomendo a todos voc\u00eas estarem no colo da M\u00e3ezinha Aparecida&#8221;, destacou o arcebispo.<\/p>\n<p>Dom Orlando disse que o Papa pediu para dar uma b\u00ean\u00e7\u00e3o ao povo brasileiro em seu nome. Concluindo o telefonema, Francisco deixou uma mensagem aos brasileiros: \u201cCoragem e esperan\u00e7a. Somos pessoas de f\u00e9!\u201d, disse.<\/p>\n<p>Esta foi a terceira liga\u00e7\u00e3o do Papa Francisco para o Brasil durante a pandemia do coronav\u00edrus. O Santo Padre j\u00e1 havia telefonado para o arcebispo de Manaus, Dom Leonardo Steiner, e tamb\u00e9m para o arcebispo de S\u00e3o Paulo, cardeal Odilo Pedro Scherer, para manifestar sua solidariedade.<\/p>\n<p><strong>CORPUS CHRISTI<\/strong><br \/>\nO Papa recordou, na Audi\u00eancia geral de ontem, a Solenidade de Corpus Christi nesta quinta-feira. \u201cEste ano n\u00e3o \u00e9 poss\u00edvel celebrar a Eucaristia com manifesta\u00e7\u00f5es p\u00fablicas, todavia podemos realizar uma \u2018vida eucar\u00edstica\u2019\u201d, afirmou.<\/p>\n<p>A h\u00f3stia consagrada cont\u00e9m a pessoa de Cristo, prosseguiu Francisco, por isso \u201csomos chamados a busc\u00e1-la diante do tabern\u00e1culo na igreja, mas tamb\u00e9m naquele tabern\u00e1culo que s\u00e3o os \u00faltimos, os sofredores, as pessoas s\u00f3s e pobres. Foi o pr\u00f3prio Jesus quem o disse\u201d.<\/p>\n<p>A Solenidade de Corpus Christi na It\u00e1lia ser\u00e1 celebrada no domingo. Para o ocasi\u00e3o, o Pont\u00edfice presidir\u00e1 \u00e0 Santa Missa na Bas\u00edlica de S\u00e3o Pedro \u00e0s 9h45 locais (04h45 no hor\u00e1rio de Bras\u00edlia). A cerim\u00f4nia ser\u00e1 transmitida ao vivo, com coment\u00e1rios em portugu\u00eas, nas nossas redes sociais e no site do <em>Vatican News.<\/em><\/p>\n<hr \/>\n<p><em>Fonte: Silvonei Jos\u00e9 &#8211; Vatican News<\/em><\/p>\n","protected":false},"excerpt":{"rendered":"<p>Papa reza por todos os brasileiros<\/p>\n","protected":false},"author":3,"featured_media":226300,"comment_status":"open","ping_status":"open","sticky":false,"template":"","format":"standard","meta":[],"categories":[1428],"tags":[1238,55],"acf":[],"yoast_head":"<!-- This site is optimized with the Yoast SEO plugin v19.2 - https:\/\/yoast.com\/wordpress\/plugins\/seo\/ -->\n<title>&quot;Coragem e esperan\u00e7a. Somos pessoas de f\u00e9!&quot;, diz o Papa aos brasileiros - Not\u00edcias - Franciscanos<\/title>\n<meta name=\"robots\" content=\"index, follow, max-snippet:-1, max-image-preview:large, max-video-preview:-1\" \/>\n<link rel=\"canonical\" href=\"https:\/\/franciscanos.org.br\/noticias\/coragem-e-esperanca-somos-pessoas-de-fe-diz-o-papa-aos-brasileiros.html\" \/>\n<meta property=\"og:locale\" content=\"pt_BR\" \/>\n<meta property=\"og:type\" content=\"article\" \/>\n<meta property=\"og:title\" content=\"&quot;Coragem e esperan\u00e7a. Somos pessoas de f\u00e9!&quot;, diz o Papa aos brasileiros - Not\u00edcias - Franciscanos\" \/>\n<meta property=\"og:description\" content=\"Papa reza por todos os brasileiros\" \/>\n<meta property=\"og:url\" content=\"https:\/\/franciscanos.org.br\/noticias\/coragem-e-esperanca-somos-pessoas-de-fe-diz-o-papa-aos-brasileiros.html\" \/>\n<meta property=\"og:site_name\" content=\"Not\u00edcias - Franciscanos\" \/>\n<meta property=\"article:published_time\" content=\"2020-06-11T11:36:02+00:00\" \/>\n<meta property=\"og:image\" content=\"https:\/\/franciscanos.org.br\/noticias\/wp-content\/uploads\/2020\/06\/aparecida_1106d.jpg\" \/>\n\t<meta property=\"og:image:width\" content=\"800\" \/>\n\t<meta property=\"og:image:height\" content=\"600\" \/>\n\t<meta property=\"og:image:type\" content=\"image\/jpeg\" \/>\n<meta name=\"author\" content=\"moacir\" \/>\n<meta name=\"twitter:card\" content=\"summary_large_image\" \/>\n<meta name=\"twitter:label1\" content=\"Escrito por\" \/>\n\t<meta name=\"twitter:data1\" content=\"moacir\" \/>\n\t<meta name=\"twitter:label2\" content=\"Est. tempo de leitura\" \/>\n\t<meta name=\"twitter:data2\" content=\"3 minutos\" \/>\n<script type=\"application\/ld+json\" class=\"yoast-schema-graph\">{\"@context\":\"https:\/\/schema.org\",\"@graph\":[{\"@type\":\"WebSite\",\"@id\":\"https:\/\/franciscanos.org.br\/noticias\/#website\",\"url\":\"https:\/\/franciscanos.org.br\/noticias\/\",\"name\":\"Not\u00edcias - Franciscanos\",\"description\":\"Prov\u00edncia Franciscana da Imaculada Concei\u00e7\u00e3o do Brasil - Ordem dos Frades Menores - OFM\",\"potentialAction\":[{\"@type\":\"SearchAction\",\"target\":{\"@type\":\"EntryPoint\",\"urlTemplate\":\"https:\/\/franciscanos.org.br\/noticias\/?s={search_term_string}\"},\"query-input\":\"required name=search_term_string\"}],\"inLanguage\":\"pt-BR\"},{\"@type\":\"ImageObject\",\"inLanguage\":\"pt-BR\",\"@id\":\"https:\/\/franciscanos.org.br\/noticias\/coragem-e-esperanca-somos-pessoas-de-fe-diz-o-papa-aos-brasileiros.html#primaryimage\",\"url\":\"https:\/\/franciscanos.org.br\/noticias\/wp-content\/uploads\/2020\/06\/aparecida_1106d.jpg\",\"contentUrl\":\"https:\/\/franciscanos.org.br\/noticias\/wp-content\/uploads\/2020\/06\/aparecida_1106d.jpg\",\"width\":800,\"height\":600},{\"@type\":\"WebPage\",\"@id\":\"https:\/\/franciscanos.org.br\/noticias\/coragem-e-esperanca-somos-pessoas-de-fe-diz-o-papa-aos-brasileiros.html#webpage\",\"url\":\"https:\/\/franciscanos.org.br\/noticias\/coragem-e-esperanca-somos-pessoas-de-fe-diz-o-papa-aos-brasileiros.html\",\"name\":\"\\\"Coragem e esperan\u00e7a. Somos pessoas de f\u00e9!\\\", diz o Papa aos brasileiros - Not\u00edcias - Franciscanos\",\"isPartOf\":{\"@id\":\"https:\/\/franciscanos.org.br\/noticias\/#website\"},\"primaryImageOfPage\":{\"@id\":\"https:\/\/franciscanos.org.br\/noticias\/coragem-e-esperanca-somos-pessoas-de-fe-diz-o-papa-aos-brasileiros.html#primaryimage\"},\"datePublished\":\"2020-06-11T11:36:02+00:00\",\"dateModified\":\"2020-06-11T11:36:02+00:00\",\"author\":{\"@id\":\"https:\/\/franciscanos.org.br\/noticias\/#\/schema\/person\/b5c8cba458c330ccff548b056e95a5d4\"},\"breadcrumb\":{\"@id\":\"https:\/\/franciscanos.org.br\/noticias\/coragem-e-esperanca-somos-pessoas-de-fe-diz-o-papa-aos-brasileiros.html#breadcrumb\"},\"inLanguage\":\"pt-BR\",\"potentialAction\":[{\"@type\":\"ReadAction\",\"target\":[\"https:\/\/franciscanos.org.br\/noticias\/coragem-e-esperanca-somos-pessoas-de-fe-diz-o-papa-aos-brasileiros.html\"]}]},{\"@type\":\"BreadcrumbList\",\"@id\":\"https:\/\/franciscanos.org.br\/noticias\/coragem-e-esperanca-somos-pessoas-de-fe-diz-o-papa-aos-brasileiros.html#breadcrumb\",\"itemListElement\":[{\"@type\":\"ListItem\",\"position\":1,\"name\":\"Home\",\"item\":\"https:\/\/franciscanos.org.br\/noticias\"},{\"@type\":\"ListItem\",\"position\":2,\"name\":\"&#8220;Coragem e esperan\u00e7a. Somos pessoas de f\u00e9!&#8221;, diz o Papa aos brasileiros\"}]},{\"@type\":\"Person\",\"@id\":\"https:\/\/franciscanos.org.br\/noticias\/#\/schema\/person\/b5c8cba458c330ccff548b056e95a5d4\",\"name\":\"moacir\",\"image\":{\"@type\":\"ImageObject\",\"inLanguage\":\"pt-BR\",\"@id\":\"https:\/\/franciscanos.org.br\/noticias\/#\/schema\/person\/image\/\",\"url\":\"https:\/\/secure.gravatar.com\/avatar\/d08aa2ce4c8dd416d4479aa8536fcf64?s=96&d=mm&r=g\",\"contentUrl\":\"https:\/\/secure.gravatar.com\/avatar\/d08aa2ce4c8dd416d4479aa8536fcf64?s=96&d=mm&r=g\",\"caption\":\"moacir\"},\"url\":\"https:\/\/franciscanos.org.br\/noticias\/author\/moacir\"}]}<\/script>\n<!-- \/ Yoast SEO plugin. -->","yoast_head_json":{"title":"\"Coragem e esperan\u00e7a. Somos pessoas de f\u00e9!\", diz o Papa aos brasileiros - Not\u00edcias - Franciscanos","robots":{"index":"index","follow":"follow","max-snippet":"max-snippet:-1","max-image-preview":"max-image-preview:large","max-video-preview":"max-video-preview:-1"},"canonical":"https:\/\/franciscanos.org.br\/noticias\/coragem-e-esperanca-somos-pessoas-de-fe-diz-o-papa-aos-brasileiros.html","og_locale":"pt_BR","og_type":"article","og_title":"\"Coragem e esperan\u00e7a. Somos pessoas de f\u00e9!\", diz o Papa aos brasileiros - Not\u00edcias - Franciscanos","og_description":"Papa reza por todos os brasileiros","og_url":"https:\/\/franciscanos.org.br\/noticias\/coragem-e-esperanca-somos-pessoas-de-fe-diz-o-papa-aos-brasileiros.html","og_site_name":"Not\u00edcias - Franciscanos","article_published_time":"2020-06-11T11:36:02+00:00","og_image":[{"width":800,"height":600,"url":"https:\/\/franciscanos.org.br\/noticias\/wp-content\/uploads\/2020\/06\/aparecida_1106d.jpg","type":"image\/jpeg"}],"author":"moacir","twitter_card":"summary_large_image","twitter_misc":{"Escrito por":"moacir","Est. tempo de leitura":"3 minutos"},"schema":{"@context":"https:\/\/schema.org","@graph":[{"@type":"WebSite","@id":"https:\/\/franciscanos.org.br\/noticias\/#website","url":"https:\/\/franciscanos.org.br\/noticias\/","name":"Not\u00edcias - Franciscanos","description":"Prov\u00edncia Franciscana da Imaculada Concei\u00e7\u00e3o do Brasil - Ordem dos Frades Menores - OFM","potentialAction":[{"@type":"SearchAction","target":{"@type":"EntryPoint","urlTemplate":"https:\/\/franciscanos.org.br\/noticias\/?s={search_term_string}"},"query-input":"required name=search_term_string"}],"inLanguage":"pt-BR"},{"@type":"ImageObject","inLanguage":"pt-BR","@id":"https:\/\/franciscanos.org.br\/noticias\/coragem-e-esperanca-somos-pessoas-de-fe-diz-o-papa-aos-brasileiros.html#primaryimage","url":"https:\/\/franciscanos.org.br\/noticias\/wp-content\/uploads\/2020\/06\/aparecida_1106d.jpg","contentUrl":"https:\/\/franciscanos.org.br\/noticias\/wp-content\/uploads\/2020\/06\/aparecida_1106d.jpg","width":800,"height":600},{"@type":"WebPage","@id":"https:\/\/franciscanos.org.br\/noticias\/coragem-e-esperanca-somos-pessoas-de-fe-diz-o-papa-aos-brasileiros.html#webpage","url":"https:\/\/franciscanos.org.br\/noticias\/coragem-e-esperanca-somos-pessoas-de-fe-diz-o-papa-aos-brasileiros.html","name":"\"Coragem e esperan\u00e7a. Somos pessoas de f\u00e9!\", diz o Papa aos brasileiros - Not\u00edcias - Franciscanos","isPartOf":{"@id":"https:\/\/franciscanos.org.br\/noticias\/#website"},"primaryImageOfPage":{"@id":"https:\/\/franciscanos.org.br\/noticias\/coragem-e-esperanca-somos-pessoas-de-fe-diz-o-papa-aos-brasileiros.html#primaryimage"},"datePublished":"2020-06-11T11:36:02+00:00","dateModified":"2020-06-11T11:36:02+00:00","author":{"@id":"https:\/\/franciscanos.org.br\/noticias\/#\/schema\/person\/b5c8cba458c330ccff548b056e95a5d4"},"breadcrumb":{"@id":"https:\/\/franciscanos.org.br\/noticias\/coragem-e-esperanca-somos-pessoas-de-fe-diz-o-papa-aos-brasileiros.html#breadcrumb"},"inLanguage":"pt-BR","potentialAction":[{"@type":"ReadAction","target":["https:\/\/franciscanos.org.br\/noticias\/coragem-e-esperanca-somos-pessoas-de-fe-diz-o-papa-aos-brasileiros.html"]}]},{"@type":"BreadcrumbList","@id":"https:\/\/franciscanos.org.br\/noticias\/coragem-e-esperanca-somos-pessoas-de-fe-diz-o-papa-aos-brasileiros.html#breadcrumb","itemListElement":[{"@type":"ListItem","position":1,"name":"Home","item":"https:\/\/franciscanos.org.br\/noticias"},{"@type":"ListItem","position":2,"name":"&#8220;Coragem e esperan\u00e7a. Somos pessoas de f\u00e9!&#8221;, diz o Papa aos brasileiros"}]},{"@type":"Person","@id":"https:\/\/franciscanos.org.br\/noticias\/#\/schema\/person\/b5c8cba458c330ccff548b056e95a5d4","name":"moacir","image":{"@type":"ImageObject","inLanguage":"pt-BR","@id":"https:\/\/franciscanos.org.br\/noticias\/#\/schema\/person\/image\/","url":"https:\/\/secure.gravatar.com\/avatar\/d08aa2ce4c8dd416d4479aa8536fcf64?s=96&d=mm&r=g","contentUrl":"https:\/\/secure.gravatar.com\/avatar\/d08aa2ce4c8dd416d4479aa8536fcf64?s=96&d=mm&r=g","caption":"moacir"},"url":"https:\/\/franciscanos.org.br\/noticias\/author\/moacir"}]}},"_links":{"self":[{"href":"https:\/\/franciscanos.org.br\/noticias\/wp-json\/wp\/v2\/posts\/226298"}],"collection":[{"href":"https:\/\/franciscanos.org.br\/noticias\/wp-json\/wp\/v2\/posts"}],"about":[{"href":"https:\/\/franciscanos.org.br\/noticias\/wp-json\/wp\/v2\/types\/post"}],"author":[{"embeddable":true,"href":"https:\/\/franciscanos.org.br\/noticias\/wp-json\/wp\/v2\/users\/3"}],"replies":[{"embeddable":true,"href":"https:\/\/franciscanos.org.br\/noticias\/wp-json\/wp\/v2\/comments?post=226298"}],"version-history":[{"count":1,"href":"https:\/\/franciscanos.org.br\/noticias\/wp-json\/wp\/v2\/posts\/226298\/revisions"}],"predecessor-version":[{"id":226301,"href":"https:\/\/franciscanos.org.br\/noticias\/wp-json\/wp\/v2\/posts\/226298\/revisions\/226301"}],"wp:featuredmedia":[{"embeddable":true,"href":"https:\/\/franciscanos.org.br\/noticias\/wp-json\/wp\/v2\/media\/226300"}],"wp:attachment":[{"href":"https:\/\/franciscanos.org.br\/noticias\/wp-json\/wp\/v2\/media?parent=226298"}],"wp:term":[{"taxonomy":"category","embeddable":true,"href":"https:\/\/franciscanos.org.br\/noticias\/wp-json\/wp\/v2\/categories?post=226298"},{"taxonomy":"post_tag","embeddable":true,"href":"https:\/\/franciscanos.org.br\/noticias\/wp-json\/wp\/v2\/tags?post=226298"}],"curies":[{"name":"wp","href":"https:\/\/api.w.org\/{rel}","templated":true}]}}