{"id":225763,"date":"2020-06-10T06:52:52","date_gmt":"2020-06-10T09:52:52","guid":{"rendered":"https:\/\/franciscanos.org.br\/noticias\/?p=225763"},"modified":"2021-08-29T11:13:28","modified_gmt":"2021-08-29T14:13:28","slug":"papa-lutar-com-deus-uma-metafora-da-oracao","status":"publish","type":"post","link":"https:\/\/franciscanos.org.br\/noticias\/papa-lutar-com-deus-uma-metafora-da-oracao.html","title":{"rendered":"Papa: lutar com Deus, uma met\u00e1fora da ora\u00e7\u00e3o"},"content":{"rendered":"<div id=\"attachment_225764\" style=\"width: 900px\" class=\"wp-caption alignnone\"><img aria-describedby=\"caption-attachment-225764\" loading=\"lazy\" class=\"wp-image-225764 size-full\" src=\"https:\/\/franciscanos.org.br\/noticias\/wp-content\/uploads\/2020\/06\/audiencia_10_1.jpg\" alt=\"\" width=\"890\" height=\"501\" srcset=\"https:\/\/franciscanos.org.br\/noticias\/wp-content\/uploads\/2020\/06\/audiencia_10_1.jpg 890w, https:\/\/franciscanos.org.br\/noticias\/wp-content\/uploads\/2020\/06\/audiencia_10_1-450x253.jpg 450w, https:\/\/franciscanos.org.br\/noticias\/wp-content\/uploads\/2020\/06\/audiencia_10_1-768x432.jpg 768w, https:\/\/franciscanos.org.br\/noticias\/wp-content\/uploads\/2020\/06\/audiencia_10_1-150x84.jpg 150w\" sizes=\"(max-width: 890px) 100vw, 890px\" \/><p id=\"caption-attachment-225764\" class=\"wp-caption-text\">\u00a0 \u00a0 \u00a0 \u00a0 \u00a0 \u00a0 \u00a0 \u00a0 \u00a0 \u00a0 \u00a0 \u00a0 \u00a0 \u00a0 \u00a0 \u00a0 \u00a0 \u00a0 \u00a0 \u00a0 \u00a0 \u00a0 \u00a0 \u00a0 \u00a0 \u00a0 \u00a0 \u00a0 \u00a0 \u00a0 \u00a0 \u00a0 \u00a0 \u00a0 \u00a0 \u00a0 \u00a0 \u00a0 \u00a0 \u00a0 \u00a0 \u00a0 \u00a0 \u00a0 \u00a0 \u00a0 \u00a0 \u00a0 \u00a0 \u00a0 \u00a0 \u00a0 <em>\u00a0 \u00a0 \u00a0 \u00a0 \u00a0Imagem: Vatican Media<\/em><\/p><\/div>\n<p><strong>Cidade do Vaticano<\/strong> &#8211; O Papa Francisco deu continuidade ao tema da ora\u00e7\u00e3o na Audi\u00eancia Geral, desta quarta-feira (10\/06), realizada na Biblioteca do Pal\u00e1cio Apost\u00f3lico. \u201cA ora\u00e7\u00e3o de Jac\u00f3\u201d foi o tema da catequese do Pont\u00edfice, que iniciou com um trecho do Livro do G\u00eanesis que narra os acontecimentos de homens e mulheres de tempos distantes, contando-nos hist\u00f3rias nas quais espelhar nossa vida.<\/p>\n<p>\u201cNo ciclo dos patriarcas, encontramos tamb\u00e9m a de um homem que tinha feito da ast\u00facia o seu melhor talento: Jac\u00f3. A hist\u00f3ria b\u00edblica nos conta a dif\u00edcil rela\u00e7\u00e3o que Jac\u00f3 teve com o seu irm\u00e3o Esa\u00fa. Desde crian\u00e7as, houve rivalidade entre eles, que nunca foi resolvida. Jac\u00f3 \u00e9 o segundo filho, mas, com o engano, consegue obter de seu pai Isaac a b\u00ean\u00e7\u00e3o e o dom da primogenitura. \u00c9 apenas a primeira de uma longa s\u00e9rie de ast\u00facias das quais este homem sem escr\u00fapulos \u00e9 capaz. O nome \u2018Jac\u00f3\u2019 significa algo de algu\u00e9m que sabe como se mover n\u00e3o diretamente. Significa ast\u00facia em se mover\u201d.<\/p>\n<p>Obrigado a fugir para longe do seu irm\u00e3o, ele parece ter sucesso em todos os empreendimentos de sua vida. \u00c9 h\u00e1bil nos neg\u00f3cios: enriquece muito, tornando-se o dono de um enorme rebanho. Com tenacidade e paci\u00eancia consegue casar com a mais bela das filhas de Lab\u00e3o, pela qual estava realmente apaixonado. Jac\u00f3, dir\u00edamos com linguagem moderna, \u00e9 um homem que \u201cse fez sozinho\u201d, com a sua perspic\u00e1cia, com ast\u00facia, conseguiu conquistar tudo o que quis. Mas lhe falta algo. Falta-lhe uma rela\u00e7\u00e3o viva com suas ra\u00edzes.<\/p>\n<p>\u201cUm dia tem saudades de casa, da sua antiga p\u00e1tria, onde ainda vivia Esa\u00fa, o irm\u00e3o com o qual sempre tivera p\u00e9ssimas rela\u00e7\u00f5es. Jac\u00f3 partiu e fez uma longa viagem com uma caravana de pessoas e animais, at\u00e9 chegar \u00e0 \u00faltima etapa, ao rio Jaboc. Aqui o Livro do G\u00eanesis oferece-nos uma p\u00e1gina memor\u00e1vel\u201d, disse o Papa. Narra que o patriarca, \u201cdepois de ter feito todo o seu povo e gado atravessar a torrente, permanece sozinho na margem estrangeira. E pensa: o que o espera no dia seguinte? Qual ser\u00e1 a atitude do seu irm\u00e3o Esa\u00fa? A mente de Jac\u00f3 \u00e9 um turbilh\u00e3o de pensamentos. Quando anoitece, de repente um desconhecido apodera-se dele e come\u00e7a a lutar com ele\u201d.<\/p>\n<p>A seguir, Francisco citou um trecho do<em> Catecismo da Igreja Cat\u00f3lica<\/em> que explica essa hist\u00f3ria: \u00abA tradi\u00e7\u00e3o espiritual da Igreja divisou nesta narrativa o s\u00edmbolo da ora\u00e7\u00e3o como combate da f\u00e9 e vit\u00f3ria da perseveran\u00e7a\u00bb.<\/p>\n<p><img loading=\"lazy\" class=\"alignnone size-full wp-image-225765\" src=\"https:\/\/franciscanos.org.br\/noticias\/wp-content\/uploads\/2020\/06\/audiencia_10.jpg\" alt=\"\" width=\"890\" height=\"501\" srcset=\"https:\/\/franciscanos.org.br\/noticias\/wp-content\/uploads\/2020\/06\/audiencia_10.jpg 890w, https:\/\/franciscanos.org.br\/noticias\/wp-content\/uploads\/2020\/06\/audiencia_10-450x253.jpg 450w, https:\/\/franciscanos.org.br\/noticias\/wp-content\/uploads\/2020\/06\/audiencia_10-768x432.jpg 768w, https:\/\/franciscanos.org.br\/noticias\/wp-content\/uploads\/2020\/06\/audiencia_10-150x84.jpg 150w\" sizes=\"(max-width: 890px) 100vw, 890px\" \/><\/p>\n<p>Jac\u00f3 lutou at\u00e9 o despertar da aurora, sem nunca deixar as garras do seu advers\u00e1rio. No final, foi derrotado, atingido pelo seu rival no nervo ci\u00e1tico, ficando aleijado para o resto da vida. Esse misterioso lutador pergunta o nome ao patriarca, dizendo-lhe: \u00abO seu nome n\u00e3o ser\u00e1 mais Jac\u00f3, mas Israel. Voc\u00ea n\u00e3o ser\u00e1 o homem que caminha assim, mas reto. Muda o seu nome, muda a sua vida, muda a sua atitude; voc\u00ea ser\u00e1 chamado de Israel, porque combateste contra Deus e contra os homens e conseguiste resistir!\u00bb. Depois Jac\u00f3 pergunta tamb\u00e9m ao outro: \u00abPe\u00e7o-te que me digas o teu nome\u00bb. Ele n\u00e3o o revela, mas em troca o aben\u00e7oa. Jac\u00f3 percebe que encontrou Deus \u201cface a face\u201d.<\/p>\n<p><strong>Lutar com Deus: uma met\u00e1fora da ora\u00e7\u00e3o. <\/strong><\/p>\n<p>Outras vezes, Jac\u00f3 tinha-se mostrado capaz de dialogar com Deus, de O sentir como uma presen\u00e7a amiga e pr\u00f3xima. Mas daquela noite, atrav\u00e9s de uma luta que durou muito tempo e que o viu quase sucumbir, o patriarca saiu transformado. Mudar o nome, mudar a maneira de viver e mudar a personalidade. Ele sai modificado, pois Jac\u00f3 na luta estava com medo. Desta vez j\u00e1 n\u00e3o \u00e9 dono da situa\u00e7\u00e3o, j\u00e1 n\u00e3o \u00e9 o estrategista nem o homem calculista; Deus o reconduz \u00e0 sua verdade de mortal que treme e tem medo. Pela primeira vez Jac\u00f3 nada mais tem para apresentar a Deus a n\u00e3o ser a sua fragilidade e impot\u00eancia, e tamb\u00e9m os seus pecados. E \u00e9 este Jac\u00f3 que recebe a b\u00ean\u00e7\u00e3o de Deus, com a qual entra coxo na terra prometida: vulner\u00e1vel, e vulnerado, mas com um cora\u00e7\u00e3o novo. Certa vez, ouvi um homem idoso dizer &#8211; bom homem, bom crist\u00e3o, mas pecador! &#8211; que ele tinha tanta confian\u00e7a em Deus e disse: \u201cDeus me ajudar\u00e1; n\u00e3o me deixar\u00e1 sozinho. Entrarei no para\u00edso, mancando, mas entrarei\u201d. Antes era um homem seguro de si, confiava na sua ast\u00facia. Era um homem imperme\u00e1vel \u00e0 gra\u00e7a, refrat\u00e1rio \u00e0 miseric\u00f3rdia. N\u00e3o sabia o que era a miseric\u00f3rdia. Era ele! \u201cEstou aqui. Eu comando!\u201d. N\u00e3o precisava de miseric\u00f3rdia, ouvia a si mesmo. Mas Deus salvou o que estava perdido. O fez entender que ele era limitado, que ele era um pecador que precisava de miseric\u00f3rdia e o salvou.<\/p>\n<p>Francisco concluiu sua catequese, dizendo que \u201ctodos n\u00f3s temos um encontro com Deus durante a noite. Ele nos surpreender\u00e1 quando menos esperamos, quando nos encontramos realmente sozinhos. Naquela mesma noite, lutando contra o desconhecido, tomaremos consci\u00eancia de que somos apenas pobres homens. Mas, naquele momento, n\u00e3o devemos temer: porque naquele preciso momento Deus nos dar\u00e1 um novo nome, que cont\u00e9m o sentido de toda a nossa vida; e Ele nos dar\u00e1 a b\u00ean\u00e7\u00e3o reservada para aqueles que se deixaram transformar por Ele\u201d.<\/p>\n<p><strong>APELO DO PAPA PELO FIM DO TRABALHO INFANTIL<\/strong><\/p>\n<p>Na Audi\u00eancia Geral desta quarta-feira (10\/06), o Papa Francisco fez um apelo contra o trabalho infantil. Recordou que na pr\u00f3xima sexta-feira, 12 de junho, celebra-se o Dia Mundial contra a Explora\u00e7\u00e3o do Trabalho Infantil, \u201cfen\u00f4meno que priva meninos e meninas de sua inf\u00e2ncia e p\u00f5e em risco seu desenvolvimento integral\u201d, e chamou a aten\u00e7\u00e3o para a situa\u00e7\u00e3o das crian\u00e7as nesse tempo marcado pelo coronav\u00edrus.<\/p>\n<p>Na atual situa\u00e7\u00e3o de emerg\u00eancia sanit\u00e1ria, em v\u00e1rios pa\u00edses, muitas crian\u00e7as e adolescentes s\u00e3o obrigados a trabalhar em empregos inadequados \u00e0 sua idade para ajudar suas fam\u00edlias em condi\u00e7\u00f5es de extrema pobreza. Em muitos casos, essas s\u00e3o formas de escravid\u00e3o e reclus\u00e3o, resultando em sofrimentos f\u00edsico e psicol\u00f3gico. Todos somos respons\u00e1veis \u200b\u200bpor isso. Fa\u00e7o um apelo \u00e0s institui\u00e7\u00f5es para que fa\u00e7am todos os esfor\u00e7os para proteger os menores, preenchendo as lacunas econ\u00f4micas e sociais que est\u00e3o na base da din\u00e2mica distorcida em que eles infelizmente est\u00e3o envolvidos. As crian\u00e7as s\u00e3o o futuro da fam\u00edlia humana: todos temos a tarefa de promover seu crescimento, sa\u00fade e serenidade!<\/p>\n<p>Segundo o Fundo das Na\u00e7\u00f5es Unidas para a Inf\u00e2ncia (Unicef), o trabalho infantil envolve 150 milh\u00f5es de crian\u00e7as de 5 a 14 anos. O Dia Mundial contra a Explora\u00e7\u00e3o do Trabalho Infantil foi institu\u00eddo pela Organiza\u00e7\u00e3o Internacional do Trabalho (OIT), em 2002, a fim de conscientizar a sociedade, trabalhadores, empregadores e governos do mundo todo contra o trabalho infantil.<\/p>\n<p>De acordo com a OIT, antes da difus\u00e3o da Covid-19, quase 100 milh\u00f5es de crian\u00e7as tinham sido resgatadas do trabalho infantil at\u00e9 2016. Isso fez com que o n\u00famero de crian\u00e7as nessa situa\u00e7\u00e3o ca\u00edsse de 246 milh\u00f5es, no ano 2000, para 152 milh\u00f5es, em 2016, segundo a \u00faltima estimativa global divulgada.<\/p>\n<p>O trabalho infantil \u00e9 proibido no Brasil, mas atinge pelo menos 2 milh\u00f5es e 400 mil crian\u00e7as de 5 a 17 anos, segundo a \u00faltima Pesquisa Nacional por Amostra de Domic\u00edlios (PNAD) Cont\u00ednua 2016, do IBGE.<\/p>\n<hr \/>\n<p><em>Fonte: Vatican News<\/em><\/p>\n","protected":false},"excerpt":{"rendered":"<p>Audi\u00eancia Geral<\/p>\n","protected":false},"author":3,"featured_media":225766,"comment_status":"open","ping_status":"open","sticky":false,"template":"","format":"standard","meta":[],"categories":[1428],"tags":[487],"acf":[],"yoast_head":"<!-- This site is optimized with the Yoast SEO plugin v19.2 - https:\/\/yoast.com\/wordpress\/plugins\/seo\/ -->\n<title>Papa: lutar com Deus, uma met\u00e1fora da ora\u00e7\u00e3o - Not\u00edcias - Franciscanos<\/title>\n<meta name=\"robots\" content=\"index, follow, max-snippet:-1, max-image-preview:large, max-video-preview:-1\" \/>\n<link rel=\"canonical\" href=\"https:\/\/franciscanos.org.br\/noticias\/papa-lutar-com-deus-uma-metafora-da-oracao.html\" \/>\n<meta property=\"og:locale\" content=\"pt_BR\" \/>\n<meta property=\"og:type\" content=\"article\" \/>\n<meta property=\"og:title\" content=\"Papa: lutar com Deus, uma met\u00e1fora da ora\u00e7\u00e3o - Not\u00edcias - Franciscanos\" \/>\n<meta property=\"og:description\" content=\"Audi\u00eancia Geral\" \/>\n<meta property=\"og:url\" content=\"https:\/\/franciscanos.org.br\/noticias\/papa-lutar-com-deus-uma-metafora-da-oracao.html\" \/>\n<meta property=\"og:site_name\" content=\"Not\u00edcias - Franciscanos\" \/>\n<meta property=\"article:published_time\" content=\"2020-06-10T09:52:52+00:00\" \/>\n<meta property=\"article:modified_time\" content=\"2021-08-29T14:13:28+00:00\" \/>\n<meta property=\"og:image\" content=\"https:\/\/franciscanos.org.br\/noticias\/wp-content\/uploads\/2020\/06\/audiencia_10_1d.jpg\" \/>\n\t<meta property=\"og:image:width\" content=\"800\" \/>\n\t<meta property=\"og:image:height\" content=\"601\" \/>\n\t<meta property=\"og:image:type\" content=\"image\/jpeg\" \/>\n<meta name=\"author\" content=\"moacir\" \/>\n<meta name=\"twitter:card\" content=\"summary_large_image\" \/>\n<meta name=\"twitter:label1\" content=\"Escrito por\" \/>\n\t<meta name=\"twitter:data1\" content=\"moacir\" \/>\n\t<meta name=\"twitter:label2\" content=\"Est. tempo de leitura\" \/>\n\t<meta name=\"twitter:data2\" content=\"7 minutos\" \/>\n<script type=\"application\/ld+json\" class=\"yoast-schema-graph\">{\"@context\":\"https:\/\/schema.org\",\"@graph\":[{\"@type\":\"WebSite\",\"@id\":\"https:\/\/franciscanos.org.br\/noticias\/#website\",\"url\":\"https:\/\/franciscanos.org.br\/noticias\/\",\"name\":\"Not\u00edcias - Franciscanos\",\"description\":\"Prov\u00edncia Franciscana da Imaculada Concei\u00e7\u00e3o do Brasil - Ordem dos Frades Menores - OFM\",\"potentialAction\":[{\"@type\":\"SearchAction\",\"target\":{\"@type\":\"EntryPoint\",\"urlTemplate\":\"https:\/\/franciscanos.org.br\/noticias\/?s={search_term_string}\"},\"query-input\":\"required name=search_term_string\"}],\"inLanguage\":\"pt-BR\"},{\"@type\":\"ImageObject\",\"inLanguage\":\"pt-BR\",\"@id\":\"https:\/\/franciscanos.org.br\/noticias\/papa-lutar-com-deus-uma-metafora-da-oracao.html#primaryimage\",\"url\":\"https:\/\/franciscanos.org.br\/noticias\/wp-content\/uploads\/2020\/06\/audiencia_10_1d.jpg\",\"contentUrl\":\"https:\/\/franciscanos.org.br\/noticias\/wp-content\/uploads\/2020\/06\/audiencia_10_1d.jpg\",\"width\":800,\"height\":601},{\"@type\":\"WebPage\",\"@id\":\"https:\/\/franciscanos.org.br\/noticias\/papa-lutar-com-deus-uma-metafora-da-oracao.html#webpage\",\"url\":\"https:\/\/franciscanos.org.br\/noticias\/papa-lutar-com-deus-uma-metafora-da-oracao.html\",\"name\":\"Papa: lutar com Deus, uma met\u00e1fora da ora\u00e7\u00e3o - Not\u00edcias - Franciscanos\",\"isPartOf\":{\"@id\":\"https:\/\/franciscanos.org.br\/noticias\/#website\"},\"primaryImageOfPage\":{\"@id\":\"https:\/\/franciscanos.org.br\/noticias\/papa-lutar-com-deus-uma-metafora-da-oracao.html#primaryimage\"},\"datePublished\":\"2020-06-10T09:52:52+00:00\",\"dateModified\":\"2021-08-29T14:13:28+00:00\",\"author\":{\"@id\":\"https:\/\/franciscanos.org.br\/noticias\/#\/schema\/person\/b5c8cba458c330ccff548b056e95a5d4\"},\"breadcrumb\":{\"@id\":\"https:\/\/franciscanos.org.br\/noticias\/papa-lutar-com-deus-uma-metafora-da-oracao.html#breadcrumb\"},\"inLanguage\":\"pt-BR\",\"potentialAction\":[{\"@type\":\"ReadAction\",\"target\":[\"https:\/\/franciscanos.org.br\/noticias\/papa-lutar-com-deus-uma-metafora-da-oracao.html\"]}]},{\"@type\":\"BreadcrumbList\",\"@id\":\"https:\/\/franciscanos.org.br\/noticias\/papa-lutar-com-deus-uma-metafora-da-oracao.html#breadcrumb\",\"itemListElement\":[{\"@type\":\"ListItem\",\"position\":1,\"name\":\"Home\",\"item\":\"https:\/\/franciscanos.org.br\/noticias\"},{\"@type\":\"ListItem\",\"position\":2,\"name\":\"Papa: lutar com Deus, uma met\u00e1fora da ora\u00e7\u00e3o\"}]},{\"@type\":\"Person\",\"@id\":\"https:\/\/franciscanos.org.br\/noticias\/#\/schema\/person\/b5c8cba458c330ccff548b056e95a5d4\",\"name\":\"moacir\",\"image\":{\"@type\":\"ImageObject\",\"inLanguage\":\"pt-BR\",\"@id\":\"https:\/\/franciscanos.org.br\/noticias\/#\/schema\/person\/image\/\",\"url\":\"https:\/\/secure.gravatar.com\/avatar\/d08aa2ce4c8dd416d4479aa8536fcf64?s=96&d=mm&r=g\",\"contentUrl\":\"https:\/\/secure.gravatar.com\/avatar\/d08aa2ce4c8dd416d4479aa8536fcf64?s=96&d=mm&r=g\",\"caption\":\"moacir\"},\"url\":\"https:\/\/franciscanos.org.br\/noticias\/author\/moacir\"}]}<\/script>\n<!-- \/ Yoast SEO plugin. -->","yoast_head_json":{"title":"Papa: lutar com Deus, uma met\u00e1fora da ora\u00e7\u00e3o - Not\u00edcias - Franciscanos","robots":{"index":"index","follow":"follow","max-snippet":"max-snippet:-1","max-image-preview":"max-image-preview:large","max-video-preview":"max-video-preview:-1"},"canonical":"https:\/\/franciscanos.org.br\/noticias\/papa-lutar-com-deus-uma-metafora-da-oracao.html","og_locale":"pt_BR","og_type":"article","og_title":"Papa: lutar com Deus, uma met\u00e1fora da ora\u00e7\u00e3o - Not\u00edcias - Franciscanos","og_description":"Audi\u00eancia Geral","og_url":"https:\/\/franciscanos.org.br\/noticias\/papa-lutar-com-deus-uma-metafora-da-oracao.html","og_site_name":"Not\u00edcias - Franciscanos","article_published_time":"2020-06-10T09:52:52+00:00","article_modified_time":"2021-08-29T14:13:28+00:00","og_image":[{"width":800,"height":601,"url":"https:\/\/franciscanos.org.br\/noticias\/wp-content\/uploads\/2020\/06\/audiencia_10_1d.jpg","type":"image\/jpeg"}],"author":"moacir","twitter_card":"summary_large_image","twitter_misc":{"Escrito por":"moacir","Est. tempo de leitura":"7 minutos"},"schema":{"@context":"https:\/\/schema.org","@graph":[{"@type":"WebSite","@id":"https:\/\/franciscanos.org.br\/noticias\/#website","url":"https:\/\/franciscanos.org.br\/noticias\/","name":"Not\u00edcias - Franciscanos","description":"Prov\u00edncia Franciscana da Imaculada Concei\u00e7\u00e3o do Brasil - Ordem dos Frades Menores - OFM","potentialAction":[{"@type":"SearchAction","target":{"@type":"EntryPoint","urlTemplate":"https:\/\/franciscanos.org.br\/noticias\/?s={search_term_string}"},"query-input":"required name=search_term_string"}],"inLanguage":"pt-BR"},{"@type":"ImageObject","inLanguage":"pt-BR","@id":"https:\/\/franciscanos.org.br\/noticias\/papa-lutar-com-deus-uma-metafora-da-oracao.html#primaryimage","url":"https:\/\/franciscanos.org.br\/noticias\/wp-content\/uploads\/2020\/06\/audiencia_10_1d.jpg","contentUrl":"https:\/\/franciscanos.org.br\/noticias\/wp-content\/uploads\/2020\/06\/audiencia_10_1d.jpg","width":800,"height":601},{"@type":"WebPage","@id":"https:\/\/franciscanos.org.br\/noticias\/papa-lutar-com-deus-uma-metafora-da-oracao.html#webpage","url":"https:\/\/franciscanos.org.br\/noticias\/papa-lutar-com-deus-uma-metafora-da-oracao.html","name":"Papa: lutar com Deus, uma met\u00e1fora da ora\u00e7\u00e3o - Not\u00edcias - Franciscanos","isPartOf":{"@id":"https:\/\/franciscanos.org.br\/noticias\/#website"},"primaryImageOfPage":{"@id":"https:\/\/franciscanos.org.br\/noticias\/papa-lutar-com-deus-uma-metafora-da-oracao.html#primaryimage"},"datePublished":"2020-06-10T09:52:52+00:00","dateModified":"2021-08-29T14:13:28+00:00","author":{"@id":"https:\/\/franciscanos.org.br\/noticias\/#\/schema\/person\/b5c8cba458c330ccff548b056e95a5d4"},"breadcrumb":{"@id":"https:\/\/franciscanos.org.br\/noticias\/papa-lutar-com-deus-uma-metafora-da-oracao.html#breadcrumb"},"inLanguage":"pt-BR","potentialAction":[{"@type":"ReadAction","target":["https:\/\/franciscanos.org.br\/noticias\/papa-lutar-com-deus-uma-metafora-da-oracao.html"]}]},{"@type":"BreadcrumbList","@id":"https:\/\/franciscanos.org.br\/noticias\/papa-lutar-com-deus-uma-metafora-da-oracao.html#breadcrumb","itemListElement":[{"@type":"ListItem","position":1,"name":"Home","item":"https:\/\/franciscanos.org.br\/noticias"},{"@type":"ListItem","position":2,"name":"Papa: lutar com Deus, uma met\u00e1fora da ora\u00e7\u00e3o"}]},{"@type":"Person","@id":"https:\/\/franciscanos.org.br\/noticias\/#\/schema\/person\/b5c8cba458c330ccff548b056e95a5d4","name":"moacir","image":{"@type":"ImageObject","inLanguage":"pt-BR","@id":"https:\/\/franciscanos.org.br\/noticias\/#\/schema\/person\/image\/","url":"https:\/\/secure.gravatar.com\/avatar\/d08aa2ce4c8dd416d4479aa8536fcf64?s=96&d=mm&r=g","contentUrl":"https:\/\/secure.gravatar.com\/avatar\/d08aa2ce4c8dd416d4479aa8536fcf64?s=96&d=mm&r=g","caption":"moacir"},"url":"https:\/\/franciscanos.org.br\/noticias\/author\/moacir"}]}},"_links":{"self":[{"href":"https:\/\/franciscanos.org.br\/noticias\/wp-json\/wp\/v2\/posts\/225763"}],"collection":[{"href":"https:\/\/franciscanos.org.br\/noticias\/wp-json\/wp\/v2\/posts"}],"about":[{"href":"https:\/\/franciscanos.org.br\/noticias\/wp-json\/wp\/v2\/types\/post"}],"author":[{"embeddable":true,"href":"https:\/\/franciscanos.org.br\/noticias\/wp-json\/wp\/v2\/users\/3"}],"replies":[{"embeddable":true,"href":"https:\/\/franciscanos.org.br\/noticias\/wp-json\/wp\/v2\/comments?post=225763"}],"version-history":[{"count":3,"href":"https:\/\/franciscanos.org.br\/noticias\/wp-json\/wp\/v2\/posts\/225763\/revisions"}],"predecessor-version":[{"id":233985,"href":"https:\/\/franciscanos.org.br\/noticias\/wp-json\/wp\/v2\/posts\/225763\/revisions\/233985"}],"wp:featuredmedia":[{"embeddable":true,"href":"https:\/\/franciscanos.org.br\/noticias\/wp-json\/wp\/v2\/media\/225766"}],"wp:attachment":[{"href":"https:\/\/franciscanos.org.br\/noticias\/wp-json\/wp\/v2\/media?parent=225763"}],"wp:term":[{"taxonomy":"category","embeddable":true,"href":"https:\/\/franciscanos.org.br\/noticias\/wp-json\/wp\/v2\/categories?post=225763"},{"taxonomy":"post_tag","embeddable":true,"href":"https:\/\/franciscanos.org.br\/noticias\/wp-json\/wp\/v2\/tags?post=225763"}],"curies":[{"name":"wp","href":"https:\/\/api.w.org\/{rel}","templated":true}]}}