{"id":224919,"date":"2020-06-07T12:26:42","date_gmt":"2020-06-07T15:26:42","guid":{"rendered":"https:\/\/franciscanos.org.br\/noticias\/?p=224919"},"modified":"2020-06-07T12:26:42","modified_gmt":"2020-06-07T15:26:42","slug":"frei-cesar-pede-mais-atitudes-de-amor-e-desejo-de-salvar-na-trezena-do-pari","status":"publish","type":"post","link":"https:\/\/franciscanos.org.br\/noticias\/frei-cesar-pede-mais-atitudes-de-amor-e-desejo-de-salvar-na-trezena-do-pari.html","title":{"rendered":"Frei C\u00e9sar pede mais &#8216;atitudes de amor e desejo de salvar&#8217; na Trezena do Pari"},"content":{"rendered":"<p><img loading=\"lazy\" class=\"alignnone size-full wp-image-224920\" src=\"https:\/\/franciscanos.org.br\/noticias\/wp-content\/uploads\/2020\/06\/pari_09.jpg\" alt=\"\" width=\"1296\" height=\"729\" srcset=\"https:\/\/franciscanos.org.br\/noticias\/wp-content\/uploads\/2020\/06\/pari_09.jpg 1296w, https:\/\/franciscanos.org.br\/noticias\/wp-content\/uploads\/2020\/06\/pari_09-450x253.jpg 450w, https:\/\/franciscanos.org.br\/noticias\/wp-content\/uploads\/2020\/06\/pari_09-1024x576.jpg 1024w, https:\/\/franciscanos.org.br\/noticias\/wp-content\/uploads\/2020\/06\/pari_09-768x432.jpg 768w, https:\/\/franciscanos.org.br\/noticias\/wp-content\/uploads\/2020\/06\/pari_09-150x84.jpg 150w\" sizes=\"(max-width: 1296px) 100vw, 1296px\" \/><\/p>\n<p><strong>S\u00e3o Paulo<\/strong> &#8211; O Ministro Provincial da Prov\u00edncia Franciscana da Imaculada Concei\u00e7\u00e3o, Frei C\u00e9sar K\u00fclkamp, foi o pregador no 8\u00ba dia da Trezena de Santo Ant\u00f4nio, que est\u00e1 sendo celebrada na Par\u00f3quia Santo Ant\u00f4nio do Pari, tradicional bairro de S\u00e3o Paulo. O tema escolhido para a Trezena deste ano &#8211; \u201cSanto Ant\u00f4nio nos convida ao Cuidado!\u201d &#8211; est\u00e1 dentro do contexto da Campanha da Fraternidade 2020 e, nesta solenidade da Sant\u00edssima Trindade (domingo, 7 de junho), Frei C\u00e9sar falou sobre o \u201ccuidado da F\u00e9\u201d.\u00a0 Na Celebra\u00e7\u00e3o Eucar\u00edstica, \u00e0s 11 horas, ele teve como concelebrantes o p\u00e1roco Frei Wilson Batista Sim\u00e3o e Frei Nilo Agostini.<\/p>\n<p>As festas de Santo Ant\u00f4nio costumam lotar a bela e centen\u00e1ria igreja do Pari, mas neste ano, devido \u00e0 pandemia, todas as celebra\u00e7\u00f5es est\u00e3o sendo virtuais para evitar aglomera\u00e7\u00e3o de p\u00fablico e a dissemina\u00e7\u00e3o do coronav\u00edrus. Para a Igreja e para os franciscanos, a vida \u00e9 mais importante. E vida com amor: &#8220;Jesus Cristo nos mostra que a ess\u00eancia de Deus \u00e9 o amor. Um amor t\u00e3o generoso que transborda de si criando todas as coisas que existem. Mas, tamb\u00e9m \u00e9 um amor feito comunh\u00e3o de pessoas em Deus. &#8216;Eu e o Pai somos um&#8217;\u201d, lembra Frei C\u00e9sar, referindo-se ao mist\u00e9rio da f\u00e9 trinit\u00e1ria.<\/p>\n<p><img loading=\"lazy\" class=\"alignnone size-full wp-image-224921\" src=\"https:\/\/franciscanos.org.br\/noticias\/wp-content\/uploads\/2020\/06\/pari_03.jpg\" alt=\"\" width=\"1264\" height=\"711\" srcset=\"https:\/\/franciscanos.org.br\/noticias\/wp-content\/uploads\/2020\/06\/pari_03.jpg 1264w, https:\/\/franciscanos.org.br\/noticias\/wp-content\/uploads\/2020\/06\/pari_03-450x253.jpg 450w, https:\/\/franciscanos.org.br\/noticias\/wp-content\/uploads\/2020\/06\/pari_03-1024x576.jpg 1024w, https:\/\/franciscanos.org.br\/noticias\/wp-content\/uploads\/2020\/06\/pari_03-768x432.jpg 768w, https:\/\/franciscanos.org.br\/noticias\/wp-content\/uploads\/2020\/06\/pari_03-150x84.jpg 150w\" sizes=\"(max-width: 1264px) 100vw, 1264px\" \/><\/p>\n<p>Para o Ministro Provincial, Deus amou tanto o mundo, que deu a ele o seu Filho. E fez isto porque o seu desejo n\u00e3o \u00e9 o de condenar, mas sim salvar. &#8220;Se Deus se revela como aquele que ama e quer salvar, n\u00e3o compete a n\u00f3s ter qualquer outra atitude sen\u00e3o a de amar e resgatar os nossos irm\u00e3os e irm\u00e3s. Somente assim, seremos plenamente participantes deste grande mist\u00e9rio do Deus Trindade. Ele \u00e9 \u00fanico mas \u00e9 plural, s\u00e3o tr\u00eas pessoas. Assim tamb\u00e9m nossas comunidades n\u00e3o s\u00e3o formadas por pessoas iguais. Precisamos aprender a amar e cuidar do que \u00e9 diferente de n\u00f3s. Isto \u00e9 comunh\u00e3o. O contr\u00e1rio \u00e9 uniformidade&#8221;, explicou.<\/p>\n<p>Segundo o celebrante, vivemos num tempo que precisa tanto desta atitude de amor e do desejo de salvar! &#8220;Gra\u00e7as a Deus, vemos atitudes bonitas de tantos crist\u00e3os, neste tempo de pandemia, na solidariedade, principalmente com os que mais precisam, os doentes, os idosos, os grupos de riscos e os pobres&#8221;, ressaltou.<\/p>\n<p><img loading=\"lazy\" class=\"alignnone size-full wp-image-224923\" src=\"https:\/\/franciscanos.org.br\/noticias\/wp-content\/uploads\/2020\/06\/pari_13.jpg\" alt=\"\" width=\"1342\" height=\"732\" srcset=\"https:\/\/franciscanos.org.br\/noticias\/wp-content\/uploads\/2020\/06\/pari_13.jpg 1342w, https:\/\/franciscanos.org.br\/noticias\/wp-content\/uploads\/2020\/06\/pari_13-450x245.jpg 450w, https:\/\/franciscanos.org.br\/noticias\/wp-content\/uploads\/2020\/06\/pari_13-1024x559.jpg 1024w, https:\/\/franciscanos.org.br\/noticias\/wp-content\/uploads\/2020\/06\/pari_13-768x419.jpg 768w, https:\/\/franciscanos.org.br\/noticias\/wp-content\/uploads\/2020\/06\/pari_13-150x82.jpg 150w\" sizes=\"(max-width: 1342px) 100vw, 1342px\" \/><\/p>\n<p>&#8220;Mas, infelizmente n\u00e3o encontramos esta empatia em muitos dos nossos governantes, em muitos empres\u00e1rios e poderosos. Ao contr\u00e1rio, nos deparamos estarrecidos com discursos de \u00f3dio, de descaso e muita agressividade. Esta \u00e9 uma doen\u00e7a grave que fere a vida, muito mais do que o v\u00edrus. E \u00e9 tamb\u00e9m contagiosa, pois se espalha pela popula\u00e7\u00e3o e \u00e9 capaz de at\u00e9 ser feita em nome da religi\u00e3o&#8221;, lamentou Frei C\u00e9sar.<\/p>\n<p>Ele tamb\u00e9m se referiu \u00e0 s\u00e9rie de protestos nos Estados Unidos por conta da viol\u00eancia e da trucul\u00eancia por motivos raciais, por discrimina\u00e7\u00e3o. &#8220;Mas, isto acontece tamb\u00e9m aqui, bem perto de n\u00f3s. At\u00e9 mesmo por aqueles que deveriam cuidar dos direitos e da igualdade das ra\u00e7as&#8221;, denunciou.<\/p>\n<p>Para Frei C\u00e9sar, todas estas atitudes ferem a comunh\u00e3o e n\u00e3o podem partir do amor misericordioso do nosso Deus. &#8220;E \u00e9 por isso, que ele vem ao nosso encontro cheio deste amor que salva. Vem em nosso socorro, mas tamb\u00e9m vem para fazer de cada um de n\u00f3s instrumentos de amor e de salva\u00e7\u00e3o. Instrumentos da comunh\u00e3o&#8221;, observou.<\/p>\n<p><img loading=\"lazy\" class=\"alignnone size-full wp-image-224924\" src=\"https:\/\/franciscanos.org.br\/noticias\/wp-content\/uploads\/2020\/06\/pari_15.jpg\" alt=\"\" width=\"1348\" height=\"729\" srcset=\"https:\/\/franciscanos.org.br\/noticias\/wp-content\/uploads\/2020\/06\/pari_15.jpg 1348w, https:\/\/franciscanos.org.br\/noticias\/wp-content\/uploads\/2020\/06\/pari_15-450x243.jpg 450w, https:\/\/franciscanos.org.br\/noticias\/wp-content\/uploads\/2020\/06\/pari_15-1024x554.jpg 1024w, https:\/\/franciscanos.org.br\/noticias\/wp-content\/uploads\/2020\/06\/pari_15-768x415.jpg 768w, https:\/\/franciscanos.org.br\/noticias\/wp-content\/uploads\/2020\/06\/pari_15-150x81.jpg 150w\" sizes=\"(max-width: 1348px) 100vw, 1348px\" \/><\/p>\n<p>O testemunho de f\u00e9 dos m\u00e1rtires franciscanos do Marrocos tamb\u00e9m levou o jovem Fernando a ingressar na Ordem Franciscana e este ano marca a celebra\u00e7\u00e3o dos 800 anos da voca\u00e7\u00e3o franciscana de Santo Ant\u00f4nio. &#8220;O jovem Ant\u00f4nio, viu nestes m\u00e1rtires justamente este testemunho de f\u00e9. Seu cora\u00e7\u00e3o foi tomado pelo mesmo ardor e quis tamb\u00e9m se fazer instrumento deste amor salv\u00edfico do Deus Uno e Trino. Parte para o mart\u00edrio, mas n\u00e3o o alcan\u00e7a de fato. Lan\u00e7a-se, ent\u00e3o, a cumprir a vontade de Deus. Torna-se um modelo de f\u00e9 que impressionou a todos, n\u00e3o s\u00f3 pelo grande conhecimento da Escritura e da Teologia, mas por seu desejo de salva\u00e7\u00e3o&#8221;, assinalou o pregador.<\/p>\n<p>Segundo Frei C\u00e9sar, Ant\u00f4nio foi um gigante da f\u00e9. &#8220;Uma f\u00e9 orante, consciente e comprometida. Por sua fidelidade a este Deus que se revela e quer chegar a todo cora\u00e7\u00e3o humano, ele consagra a pr\u00f3pria vida, a sua sa\u00fade e vive pouco, mas com profunda intensidade. O Pai, o Filho e o Esp\u00edrito desceram muito concretamente nele e ali fizeram sua morada. Converteram Ant\u00f4nio num aut\u00eantico representante da sua Unidade Divina. Fizeram dele um precioso caminho de cuidado e de salva\u00e7\u00e3o&#8221;, destacou.<\/p>\n<p><img loading=\"lazy\" class=\"alignnone size-full wp-image-224925\" src=\"https:\/\/franciscanos.org.br\/noticias\/wp-content\/uploads\/2020\/06\/pari_11.jpg\" alt=\"\" width=\"1318\" height=\"732\" srcset=\"https:\/\/franciscanos.org.br\/noticias\/wp-content\/uploads\/2020\/06\/pari_11.jpg 1318w, https:\/\/franciscanos.org.br\/noticias\/wp-content\/uploads\/2020\/06\/pari_11-450x250.jpg 450w, https:\/\/franciscanos.org.br\/noticias\/wp-content\/uploads\/2020\/06\/pari_11-1024x569.jpg 1024w, https:\/\/franciscanos.org.br\/noticias\/wp-content\/uploads\/2020\/06\/pari_11-768x427.jpg 768w, https:\/\/franciscanos.org.br\/noticias\/wp-content\/uploads\/2020\/06\/pari_11-150x83.jpg 150w\" sizes=\"(max-width: 1318px) 100vw, 1318px\" \/><\/p>\n<p>No final, o p\u00e1roco Frei Wilson agradeceu a Frei C\u00e9sar pela celebra\u00e7\u00e3o e lembrou que na pr\u00f3xima quinta-feira, que n\u00e3o \u00e9 mais feriado em S\u00e3o Paulo, a celebra\u00e7\u00e3o de Corpus Christi ser\u00e1 pelo <em>Facebook<\/em> da Par\u00f3quia \u00e0s 19 horas. J\u00e1 no dia de Santo Ant\u00f4nio, no pr\u00f3ximo s\u00e1bado, a igreja do Pari estar\u00e1 aberta das 6 \u00e1s 18 horas para visitas. Mas as celebra\u00e7\u00f5es continuar\u00e3o <em>on line.<\/em> Ser\u00e3o duas durante o dia: \u00a0\u00e0s 10 horas e \u00e0s 19 horas, sendo a \u00faltima presidida por Dom Eduardo Vieira dos Santos, Bispo Auxiliar de S\u00e3o Paulo e Vig\u00e1rio Episcopal da Regi\u00e3o Se.<\/p>\n<hr \/>\n<p><img loading=\"lazy\" class=\"alignnone size-full wp-image-224926\" src=\"https:\/\/franciscanos.org.br\/noticias\/wp-content\/uploads\/2020\/06\/pari_16.jpg\" alt=\"\" width=\"1366\" height=\"768\" srcset=\"https:\/\/franciscanos.org.br\/noticias\/wp-content\/uploads\/2020\/06\/pari_16.jpg 1366w, https:\/\/franciscanos.org.br\/noticias\/wp-content\/uploads\/2020\/06\/pari_16-450x253.jpg 450w, https:\/\/franciscanos.org.br\/noticias\/wp-content\/uploads\/2020\/06\/pari_16-1024x576.jpg 1024w, https:\/\/franciscanos.org.br\/noticias\/wp-content\/uploads\/2020\/06\/pari_16-768x432.jpg 768w, https:\/\/franciscanos.org.br\/noticias\/wp-content\/uploads\/2020\/06\/pari_16-150x84.jpg 150w\" sizes=\"(max-width: 1366px) 100vw, 1366px\" \/><\/p>\n<p style=\"text-align: center;\"><strong>CONFIRA NA \u00cdNTEGRA A HOMILIA DO MINISTRO PROVINCIAL<\/strong><\/p>\n<p style=\"text-align: center;\"><strong>Santo Ant\u00f4nio \u2013 8<sup>o<\/sup> dia da Trezena 2020 <\/strong><\/p>\n<p style=\"text-align: center;\"><strong><em>\u201cSanto Ant\u00f4nio e o Cuidado com a F\u00e9\u201d<\/em><\/strong><\/p>\n<p style=\"text-align: center;\">Solenidade da Sant\u00edssima Trindade<\/p>\n<p>Estamos no 8<sup>o<\/sup> dia da Trezena em prepara\u00e7\u00e3o \u00e0 festa do glorioso Santo Ant\u00f4nio, o santo do mundo inteiro.<\/p>\n<p>E neste dia celebramos com toda a Igreja a solenidade da Sant\u00edssima Trindade.<\/p>\n<p>Em geral, as solenidades do Ano Lit\u00fargico celebram um acontecimento da hist\u00f3ria da salva\u00e7\u00e3o. Mas, hoje celebramos um mist\u00e9rio, mist\u00e9rio crist\u00e3o por excel\u00eancia, pois nos foi revelado pelo pr\u00f3prio Cristo: nosso Deus tem sua unidade na distin\u00e7\u00e3o ou pluralidade \u2013 \u00e9 um s\u00f3 Deus em tr\u00eas pessoas: Pai, Filho e Esp\u00edrito Santo.<\/p>\n<p>Jesus Cristo nos mostra que a ess\u00eancia de Deus \u00e9 o amor. Um amor t\u00e3o generoso que transborda de si criando todas as coisas que existem. Mas, tamb\u00e9m \u00e9 um amor feito comunh\u00e3o de pessoas em Deus. \u201cEu e o Pai somos um\u201d.<\/p>\n<p>Este mist\u00e9rio nem sempre conseguimos compreender, por sua profundidade, mas continuamente o invocamos, tra\u00e7ando sobre n\u00f3s, na liturgia por muitas vezes, mas tamb\u00e9m nas mais diversas situa\u00e7\u00f5es da vida: quando queremos rezar, quando sentimos medo, quando entramos ou sa\u00edmos de um lugar sagrado, quando iniciamos e terminamos uma viagem, quando conseguimos realizar algo importante, por vezes quando sa\u00edmos e retornamos salvos \u00e0 nossa casa. Nos entregamos, assim, a este Deus-fam\u00edlia. Buscamos esta marca de uma f\u00e9 trinit\u00e1ria.<\/p>\n<p>A passagem do Evangelho hoje \u00e9 pequena, mas muito importante porque nos leva a rever que imagem n\u00f3s temos de Deus.<\/p>\n<p>Podemos ainda nos perder numa imagem de um Deus que castiga, condena e que mede nossos atos. Mas, Jesus nos revela que Deus amou tanto o mundo, que deu a ele o seu Filho. E fez isto porque o seu desejo n\u00e3o \u00e9 o de condenar, mas sim salvar. Deus \u00e9 amor e salva\u00e7\u00e3o.<\/p>\n<p>E \u00e9 nesta din\u00e2mica que Ele se apresenta trinit\u00e1rio:<\/p>\n<p style=\"padding-left: 40px;\">&#8211; o Pai \u00e9 aquele que toma a iniciativa de salvar o ser humano, reservando para ele a felicidade eterna na sua Fam\u00edlia Trinit\u00e1ria;<\/p>\n<p style=\"padding-left: 40px;\">&#8211; o Filho \u00e9 quem cumpre esta obra de salva\u00e7\u00e3o, com a sua encarna\u00e7\u00e3o, vindo morar entre n\u00f3s e sendo fiel at\u00e9 a morte;<\/p>\n<p style=\"padding-left: 40px;\">&#8211; o Esp\u00edrito \u00e9 o amor que une o Pai e o Filho e que foi derramado em nossos cora\u00e7\u00f5es, especialmente em nosso batismo.<\/p>\n<p>Ou seja, n\u00f3s somos acolhidos nesta fam\u00edlia da Trindade. E \u00e9 por isso que o Cristo nos revela a face do Deus Trino. E isto n\u00e3o \u00e9 pra ser uma teoria dif\u00edcil que ningu\u00e9m entende, mas \u00e9 para que saibamos que Deus vem ao nosso encontro como numa cascata de amor, mistura-se conosco e nos prepara para a comunh\u00e3o eterna com Ele. E n\u00e3o apenas eu, mas tamb\u00e9m o meu irm\u00e3o, a minha irm\u00e3.<\/p>\n<p>E \u00e9 por isso que S\u00e3o Paulo, na 2<sup>a<\/sup> leitura, convida-nos a nos saudarmos uns aos outros neste sinal de unidade, de membros da mesma comunidade, todos pertencentes \u00e0 Fam\u00edlia de Deus.<\/p>\n<p>Por isso, entendemos que ser filhos e participantes desta Fam\u00edlia de Deus, significa tamb\u00e9m amar, acolher cada irm\u00e3o e cada irm\u00e3.<\/p>\n<p>Se Deus se revela como aquele que ama e quer salvar, n\u00e3o compete a n\u00f3s ter qualquer outra atitude sen\u00e3o a de amar e resgatar os nossos irm\u00e3os e irm\u00e3s. Somente assim, seremos plenamente participantes deste grande mist\u00e9rio do Deus Trindade.<\/p>\n<p>Ele \u00e9 \u00fanico mas \u00e9 plural, s\u00e3o tr\u00eas pessoas. Assim tamb\u00e9m nossas comunidades n\u00e3o s\u00e3o formadas por pessoas iguais. Precisamos aprender a amar e cuidar do que \u00e9 diferente de n\u00f3s. Isto \u00e9 comunh\u00e3o. O contr\u00e1rio \u00e9 uniformidade.<\/p>\n<p>Vivemos num tempo que precisa tanto desta atitude de amor e do desejo de salvar!<\/p>\n<p>Gra\u00e7as a Deus, vemos atitudes bonitas de tantos crist\u00e3os, neste tempo de pandemia, na solidariedade, principalmente com os que mais precisam, os doentes, os idosos, os grupos de riscos e os pobres.<\/p>\n<p>Mas, infelizmente, n\u00e3o encontramos esta empatia em muitos dos nossos governantes, em muitos empres\u00e1rios e poderosos. Ao contr\u00e1rio, nos deparamos estarrecidos com discursos de \u00f3dio, de descaso e muita agressividade. Esta \u00e9 uma doen\u00e7a grave que fere a vida, muito mais do que o v\u00edrus. E \u00e9 tamb\u00e9m contagiosa, pois se espalha pela popula\u00e7\u00e3o e \u00e9 capaz de at\u00e9 ser feita em nome da religi\u00e3o.<\/p>\n<p>Tamb\u00e9m acompanhamos a s\u00e9rie de protestos pelas cidades dos Estados Unidos por conta da viol\u00eancia e da trucul\u00eancia por motivos raciais, por discrimina\u00e7\u00e3o. Mas, isto acontece tamb\u00e9m aqui, bem perto de n\u00f3s. At\u00e9 mesmo por aqueles que deveriam cuidar dos direitos e da igualdade das ra\u00e7as.<\/p>\n<p>Todas estas atitudes ferem a comunh\u00e3o e n\u00e3o podem partir do amor misericordioso do nosso Deus. E \u00e9 por isso, que ele vem ao nosso encontro cheio deste amor que salva. Vem em nosso socorro, mas tamb\u00e9m vem para fazer de cada um de n\u00f3s instrumentos de amor e de salva\u00e7\u00e3o. Instrumentos da comunh\u00e3o.<\/p>\n<p>E \u00e9 aqui que encontramos o gancho que nos liga ao nosso querido Santo Ant\u00f4nio.<\/p>\n<p>Estamos celebrando estes dias de Trezena na sequ\u00eancia do tema da Campanha da Fraternidade deste ano: \u201cSanto Ant\u00f4nio nos convida ao Cuidado!\u201d<\/p>\n<p>E, hoje, dentro desta solenidade, o tema \u00e9 \u201co cuidado da F\u00e9\u201d.<\/p>\n<p>Este ano de 2020 marca a celebra\u00e7\u00e3o dos 800 anos da voca\u00e7\u00e3o franciscana de Santo Ant\u00f4nio. Quando ele se encontra com os frades que se tornaram os primeiros m\u00e1rtires da Ordem Franciscana, em Marrocos. Antes de irem ao Marrocos, eles passaram por Portugal e conversaram longamente com o jovem, que ainda se chamava Fernando. Depois de sofrerem o mart\u00edrio, seus corpos voltam a Portugal. Diante deste testemunho de f\u00e9, tamb\u00e9m ele, que j\u00e1 se alimentava da Palavra de Deus, pede para se tornar franciscano e partir em miss\u00e3o. Recebeu o h\u00e1bito e o nome de Ant\u00f4nio, mas o destaque \u00e9 a transforma\u00e7\u00e3o que acontece nele pela vida de f\u00e9.<\/p>\n<p>F\u00e9, no sentido b\u00edblico, \u00e9 um dom de Deus em vista da salva\u00e7\u00e3o: a pr\u00f3pria salva\u00e7\u00e3o e a salva\u00e7\u00e3o dos outros.<\/p>\n<p>O jovem Ant\u00f4nio, viu nestes m\u00e1rtires justamente este testemunho de f\u00e9. Seu cora\u00e7\u00e3o foi tomado pelo mesmo ardor e quis tamb\u00e9m se fazer instrumento deste amor salv\u00edfico do Deus Uno e Trino.<\/p>\n<p>Parte para o mart\u00edrio, mas n\u00e3o o alcan\u00e7a de fato. Lan\u00e7a-se ent\u00e3o a cumprir a vontade de Deus. Torna-se um modelo de f\u00e9 que impressionou a todos, n\u00e3o s\u00f3 pelo grande conhecimento da Escritura e da Teologia, mas por seu desejo de salva\u00e7\u00e3o. Restaura a paz onde havia conflito, prega a verdadeira doutrina e enfrenta seus erros, vai ao encontro dos pecadores, aponta para a verdade dos sacramentos, mas tamb\u00e9m da justi\u00e7a, mesmo a grandes tiranos. \u00c9 o defensor dos fracos, aux\u00edlio dos doentes e desesperados. Volta-se cheio de ternura e afeto aos pobres e famintos, garantindo-lhes o p\u00e3o que surge da partilha. E at\u00e9 hoje, diante dele, os devotos chegam com o cora\u00e7\u00e3o despeda\u00e7ado. Olhando para a sua imagem, rezam e choram l\u00e1grimas que pedem a paz no cora\u00e7\u00e3o, na consci\u00eancia, nas rela\u00e7\u00f5es, diante das ansiedades, da intoler\u00e2ncia e da agressividade da vida.<\/p>\n<p>Ant\u00f4nio foi um gigante da f\u00e9. Uma f\u00e9 orante, consciente e comprometida. Por sua fidelidade a este Deus que se revela e quer chegar a todo cora\u00e7\u00e3o humano, ele consagra a pr\u00f3pria vida, a sua sa\u00fade e vive pouco, mas com profunda intensidade.<\/p>\n<p>O Pai, o Filho e o Esp\u00edrito desceram muito concretamente nele e ali fizeram sua morada. Converteram Ant\u00f4nio num aut\u00eantico representante da sua Unidade Divina. Fizeram dele um precioso caminho de cuidado e de salva\u00e7\u00e3o.<\/p>\n<p>Hoje tamb\u00e9m n\u00f3s, ao celebramos a comunh\u00e3o de Deus e a d\u2019Ele conosco na Sant\u00edssima Trindade e, ao celebramos a f\u00e9 em Santo Ant\u00f4nio, somos provocados em nossa pr\u00f3pria f\u00e9. Devemos tamb\u00e9m n\u00f3s abrirmos nossa vida e a nossa sensibilidade para que esse Deus que ama e quer habitar o nosso cora\u00e7\u00e3o, como habitou o cora\u00e7\u00e3o de Ant\u00f4nio, e nos transforme em instrumentos portadores de sua gra\u00e7a e do seu amor, mesmo num mundo violento e agressivo.<\/p>\n<p>Desta forma, conheceremos o rosto de Deus revelado em Jesus Cristo.<\/p>\n<p>E o Papa Francisco j\u00e1 nos disse que este rosto de Deus \u00e9 a miseric\u00f3rdia.<\/p>\n<p>E num certo domingo de Pentecostes, Santo Ant\u00f4nio pregou assim:<\/p>\n<p style=\"padding-left: 40px;\"><em>\u201cA miseric\u00f3rdia de Deus tem tr\u00eas faces. <\/em><\/p>\n<p style=\"padding-left: 40px;\"><em>Tamb\u00e9m a nossa miseric\u00f3rdia para com o pr\u00f3ximo deve ser tripla. <\/em><\/p>\n<p style=\"padding-left: 40px;\"><em>A miseric\u00f3rdia do Pai \u00e9 agrad\u00e1vel, espa\u00e7osa e preciosa.<\/em><\/p>\n<p style=\"padding-left: 40px;\"><em>Agrad\u00e1vel porque limpa os v\u00edcios&#8230;<\/em><\/p>\n<p style=\"padding-left: 40px;\"><em>Espa\u00e7osa, porque se dilata pelo tempo afora em boas obras&#8230;<\/em><\/p>\n<p style=\"padding-left: 40px;\"><em>Preciosa, nas del\u00edcias da vida eterna&#8230;<\/em><\/p>\n<p>E continua a pregar Santo Ant\u00f4nio, agora dirigindo-se a cada um de n\u00f3s:<\/p>\n<p style=\"padding-left: 40px;\"><em>Tamb\u00e9m a tua miseric\u00f3rdia com o pr\u00f3ximo deve ser tripla:<\/em><\/p>\n<p style=\"padding-left: 40px;\"><em>se ele pecou contra ti, perdoa-lhe;<\/em><\/p>\n<p style=\"padding-left: 40px;\"><em>Se saiu do caminho da verdade, ajude-o a voltar;<\/em><\/p>\n<p style=\"padding-left: 40px;\"><em>Se tem fome, d\u00e1-lhe de comer.\u201d<\/em><\/p>\n<p>Que estas indica\u00e7\u00f5es trinit\u00e1rias de Santo Ant\u00f4nio, repletas de uma f\u00e9 comprometida, ajudem a cada um de n\u00f3s a buscarmos o amor e a salva\u00e7\u00e3o de Deus que \u00e9 Uno e Trino!<\/p>\n<p>&nbsp;<\/p>\n","protected":false},"excerpt":{"rendered":"<p>Trezena de Santo Ant\u00f4nio na Par\u00f3quia do Pari<\/p>\n","protected":false},"author":3,"featured_media":224922,"comment_status":"open","ping_status":"open","sticky":false,"template":"","format":"standard","meta":[],"categories":[1],"tags":[287,389],"acf":[],"yoast_head":"<!-- This site is optimized with the Yoast SEO plugin v19.2 - https:\/\/yoast.com\/wordpress\/plugins\/seo\/ -->\n<title>Frei C\u00e9sar pede mais &#039;atitudes de amor e desejo de salvar&#039; na Trezena do Pari - Not\u00edcias - Franciscanos<\/title>\n<meta name=\"robots\" content=\"index, follow, max-snippet:-1, max-image-preview:large, max-video-preview:-1\" \/>\n<link rel=\"canonical\" href=\"https:\/\/franciscanos.org.br\/noticias\/frei-cesar-pede-mais-atitudes-de-amor-e-desejo-de-salvar-na-trezena-do-pari.html\" \/>\n<meta property=\"og:locale\" content=\"pt_BR\" \/>\n<meta property=\"og:type\" content=\"article\" \/>\n<meta property=\"og:title\" content=\"Frei C\u00e9sar pede mais &#039;atitudes de amor e desejo de salvar&#039; na Trezena do Pari - Not\u00edcias - Franciscanos\" \/>\n<meta property=\"og:description\" content=\"Trezena de Santo Ant\u00f4nio na Par\u00f3quia do Pari\" \/>\n<meta property=\"og:url\" content=\"https:\/\/franciscanos.org.br\/noticias\/frei-cesar-pede-mais-atitudes-de-amor-e-desejo-de-salvar-na-trezena-do-pari.html\" \/>\n<meta property=\"og:site_name\" content=\"Not\u00edcias - Franciscanos\" \/>\n<meta property=\"article:published_time\" content=\"2020-06-07T15:26:42+00:00\" \/>\n<meta property=\"og:image\" content=\"https:\/\/franciscanos.org.br\/noticias\/wp-content\/uploads\/2020\/06\/pari_09d.jpg\" \/>\n\t<meta property=\"og:image:width\" content=\"800\" \/>\n\t<meta property=\"og:image:height\" content=\"600\" \/>\n\t<meta property=\"og:image:type\" content=\"image\/jpeg\" \/>\n<meta name=\"author\" content=\"moacir\" \/>\n<meta name=\"twitter:card\" content=\"summary_large_image\" \/>\n<meta name=\"twitter:label1\" content=\"Escrito por\" \/>\n\t<meta name=\"twitter:data1\" content=\"moacir\" \/>\n\t<meta name=\"twitter:label2\" content=\"Est. tempo de leitura\" \/>\n\t<meta name=\"twitter:data2\" content=\"13 minutos\" \/>\n<script type=\"application\/ld+json\" class=\"yoast-schema-graph\">{\"@context\":\"https:\/\/schema.org\",\"@graph\":[{\"@type\":\"WebSite\",\"@id\":\"https:\/\/franciscanos.org.br\/noticias\/#website\",\"url\":\"https:\/\/franciscanos.org.br\/noticias\/\",\"name\":\"Not\u00edcias - Franciscanos\",\"description\":\"Prov\u00edncia Franciscana da Imaculada Concei\u00e7\u00e3o do Brasil - Ordem dos Frades Menores - OFM\",\"potentialAction\":[{\"@type\":\"SearchAction\",\"target\":{\"@type\":\"EntryPoint\",\"urlTemplate\":\"https:\/\/franciscanos.org.br\/noticias\/?s={search_term_string}\"},\"query-input\":\"required name=search_term_string\"}],\"inLanguage\":\"pt-BR\"},{\"@type\":\"ImageObject\",\"inLanguage\":\"pt-BR\",\"@id\":\"https:\/\/franciscanos.org.br\/noticias\/frei-cesar-pede-mais-atitudes-de-amor-e-desejo-de-salvar-na-trezena-do-pari.html#primaryimage\",\"url\":\"https:\/\/franciscanos.org.br\/noticias\/wp-content\/uploads\/2020\/06\/pari_09d.jpg\",\"contentUrl\":\"https:\/\/franciscanos.org.br\/noticias\/wp-content\/uploads\/2020\/06\/pari_09d.jpg\",\"width\":800,\"height\":600},{\"@type\":\"WebPage\",\"@id\":\"https:\/\/franciscanos.org.br\/noticias\/frei-cesar-pede-mais-atitudes-de-amor-e-desejo-de-salvar-na-trezena-do-pari.html#webpage\",\"url\":\"https:\/\/franciscanos.org.br\/noticias\/frei-cesar-pede-mais-atitudes-de-amor-e-desejo-de-salvar-na-trezena-do-pari.html\",\"name\":\"Frei C\u00e9sar pede mais 'atitudes de amor e desejo de salvar' na Trezena do Pari - Not\u00edcias - Franciscanos\",\"isPartOf\":{\"@id\":\"https:\/\/franciscanos.org.br\/noticias\/#website\"},\"primaryImageOfPage\":{\"@id\":\"https:\/\/franciscanos.org.br\/noticias\/frei-cesar-pede-mais-atitudes-de-amor-e-desejo-de-salvar-na-trezena-do-pari.html#primaryimage\"},\"datePublished\":\"2020-06-07T15:26:42+00:00\",\"dateModified\":\"2020-06-07T15:26:42+00:00\",\"author\":{\"@id\":\"https:\/\/franciscanos.org.br\/noticias\/#\/schema\/person\/b5c8cba458c330ccff548b056e95a5d4\"},\"breadcrumb\":{\"@id\":\"https:\/\/franciscanos.org.br\/noticias\/frei-cesar-pede-mais-atitudes-de-amor-e-desejo-de-salvar-na-trezena-do-pari.html#breadcrumb\"},\"inLanguage\":\"pt-BR\",\"potentialAction\":[{\"@type\":\"ReadAction\",\"target\":[\"https:\/\/franciscanos.org.br\/noticias\/frei-cesar-pede-mais-atitudes-de-amor-e-desejo-de-salvar-na-trezena-do-pari.html\"]}]},{\"@type\":\"BreadcrumbList\",\"@id\":\"https:\/\/franciscanos.org.br\/noticias\/frei-cesar-pede-mais-atitudes-de-amor-e-desejo-de-salvar-na-trezena-do-pari.html#breadcrumb\",\"itemListElement\":[{\"@type\":\"ListItem\",\"position\":1,\"name\":\"Home\",\"item\":\"https:\/\/franciscanos.org.br\/noticias\"},{\"@type\":\"ListItem\",\"position\":2,\"name\":\"Frei C\u00e9sar pede mais &#8216;atitudes de amor e desejo de salvar&#8217; na Trezena do Pari\"}]},{\"@type\":\"Person\",\"@id\":\"https:\/\/franciscanos.org.br\/noticias\/#\/schema\/person\/b5c8cba458c330ccff548b056e95a5d4\",\"name\":\"moacir\",\"image\":{\"@type\":\"ImageObject\",\"inLanguage\":\"pt-BR\",\"@id\":\"https:\/\/franciscanos.org.br\/noticias\/#\/schema\/person\/image\/\",\"url\":\"https:\/\/secure.gravatar.com\/avatar\/d08aa2ce4c8dd416d4479aa8536fcf64?s=96&d=mm&r=g\",\"contentUrl\":\"https:\/\/secure.gravatar.com\/avatar\/d08aa2ce4c8dd416d4479aa8536fcf64?s=96&d=mm&r=g\",\"caption\":\"moacir\"},\"url\":\"https:\/\/franciscanos.org.br\/noticias\/author\/moacir\"}]}<\/script>\n<!-- \/ Yoast SEO plugin. -->","yoast_head_json":{"title":"Frei C\u00e9sar pede mais 'atitudes de amor e desejo de salvar' na Trezena do Pari - Not\u00edcias - Franciscanos","robots":{"index":"index","follow":"follow","max-snippet":"max-snippet:-1","max-image-preview":"max-image-preview:large","max-video-preview":"max-video-preview:-1"},"canonical":"https:\/\/franciscanos.org.br\/noticias\/frei-cesar-pede-mais-atitudes-de-amor-e-desejo-de-salvar-na-trezena-do-pari.html","og_locale":"pt_BR","og_type":"article","og_title":"Frei C\u00e9sar pede mais 'atitudes de amor e desejo de salvar' na Trezena do Pari - Not\u00edcias - Franciscanos","og_description":"Trezena de Santo Ant\u00f4nio na Par\u00f3quia do Pari","og_url":"https:\/\/franciscanos.org.br\/noticias\/frei-cesar-pede-mais-atitudes-de-amor-e-desejo-de-salvar-na-trezena-do-pari.html","og_site_name":"Not\u00edcias - Franciscanos","article_published_time":"2020-06-07T15:26:42+00:00","og_image":[{"width":800,"height":600,"url":"https:\/\/franciscanos.org.br\/noticias\/wp-content\/uploads\/2020\/06\/pari_09d.jpg","type":"image\/jpeg"}],"author":"moacir","twitter_card":"summary_large_image","twitter_misc":{"Escrito por":"moacir","Est. tempo de leitura":"13 minutos"},"schema":{"@context":"https:\/\/schema.org","@graph":[{"@type":"WebSite","@id":"https:\/\/franciscanos.org.br\/noticias\/#website","url":"https:\/\/franciscanos.org.br\/noticias\/","name":"Not\u00edcias - Franciscanos","description":"Prov\u00edncia Franciscana da Imaculada Concei\u00e7\u00e3o do Brasil - Ordem dos Frades Menores - OFM","potentialAction":[{"@type":"SearchAction","target":{"@type":"EntryPoint","urlTemplate":"https:\/\/franciscanos.org.br\/noticias\/?s={search_term_string}"},"query-input":"required name=search_term_string"}],"inLanguage":"pt-BR"},{"@type":"ImageObject","inLanguage":"pt-BR","@id":"https:\/\/franciscanos.org.br\/noticias\/frei-cesar-pede-mais-atitudes-de-amor-e-desejo-de-salvar-na-trezena-do-pari.html#primaryimage","url":"https:\/\/franciscanos.org.br\/noticias\/wp-content\/uploads\/2020\/06\/pari_09d.jpg","contentUrl":"https:\/\/franciscanos.org.br\/noticias\/wp-content\/uploads\/2020\/06\/pari_09d.jpg","width":800,"height":600},{"@type":"WebPage","@id":"https:\/\/franciscanos.org.br\/noticias\/frei-cesar-pede-mais-atitudes-de-amor-e-desejo-de-salvar-na-trezena-do-pari.html#webpage","url":"https:\/\/franciscanos.org.br\/noticias\/frei-cesar-pede-mais-atitudes-de-amor-e-desejo-de-salvar-na-trezena-do-pari.html","name":"Frei C\u00e9sar pede mais 'atitudes de amor e desejo de salvar' na Trezena do Pari - Not\u00edcias - Franciscanos","isPartOf":{"@id":"https:\/\/franciscanos.org.br\/noticias\/#website"},"primaryImageOfPage":{"@id":"https:\/\/franciscanos.org.br\/noticias\/frei-cesar-pede-mais-atitudes-de-amor-e-desejo-de-salvar-na-trezena-do-pari.html#primaryimage"},"datePublished":"2020-06-07T15:26:42+00:00","dateModified":"2020-06-07T15:26:42+00:00","author":{"@id":"https:\/\/franciscanos.org.br\/noticias\/#\/schema\/person\/b5c8cba458c330ccff548b056e95a5d4"},"breadcrumb":{"@id":"https:\/\/franciscanos.org.br\/noticias\/frei-cesar-pede-mais-atitudes-de-amor-e-desejo-de-salvar-na-trezena-do-pari.html#breadcrumb"},"inLanguage":"pt-BR","potentialAction":[{"@type":"ReadAction","target":["https:\/\/franciscanos.org.br\/noticias\/frei-cesar-pede-mais-atitudes-de-amor-e-desejo-de-salvar-na-trezena-do-pari.html"]}]},{"@type":"BreadcrumbList","@id":"https:\/\/franciscanos.org.br\/noticias\/frei-cesar-pede-mais-atitudes-de-amor-e-desejo-de-salvar-na-trezena-do-pari.html#breadcrumb","itemListElement":[{"@type":"ListItem","position":1,"name":"Home","item":"https:\/\/franciscanos.org.br\/noticias"},{"@type":"ListItem","position":2,"name":"Frei C\u00e9sar pede mais &#8216;atitudes de amor e desejo de salvar&#8217; na Trezena do Pari"}]},{"@type":"Person","@id":"https:\/\/franciscanos.org.br\/noticias\/#\/schema\/person\/b5c8cba458c330ccff548b056e95a5d4","name":"moacir","image":{"@type":"ImageObject","inLanguage":"pt-BR","@id":"https:\/\/franciscanos.org.br\/noticias\/#\/schema\/person\/image\/","url":"https:\/\/secure.gravatar.com\/avatar\/d08aa2ce4c8dd416d4479aa8536fcf64?s=96&d=mm&r=g","contentUrl":"https:\/\/secure.gravatar.com\/avatar\/d08aa2ce4c8dd416d4479aa8536fcf64?s=96&d=mm&r=g","caption":"moacir"},"url":"https:\/\/franciscanos.org.br\/noticias\/author\/moacir"}]}},"_links":{"self":[{"href":"https:\/\/franciscanos.org.br\/noticias\/wp-json\/wp\/v2\/posts\/224919"}],"collection":[{"href":"https:\/\/franciscanos.org.br\/noticias\/wp-json\/wp\/v2\/posts"}],"about":[{"href":"https:\/\/franciscanos.org.br\/noticias\/wp-json\/wp\/v2\/types\/post"}],"author":[{"embeddable":true,"href":"https:\/\/franciscanos.org.br\/noticias\/wp-json\/wp\/v2\/users\/3"}],"replies":[{"embeddable":true,"href":"https:\/\/franciscanos.org.br\/noticias\/wp-json\/wp\/v2\/comments?post=224919"}],"version-history":[{"count":1,"href":"https:\/\/franciscanos.org.br\/noticias\/wp-json\/wp\/v2\/posts\/224919\/revisions"}],"predecessor-version":[{"id":224927,"href":"https:\/\/franciscanos.org.br\/noticias\/wp-json\/wp\/v2\/posts\/224919\/revisions\/224927"}],"wp:featuredmedia":[{"embeddable":true,"href":"https:\/\/franciscanos.org.br\/noticias\/wp-json\/wp\/v2\/media\/224922"}],"wp:attachment":[{"href":"https:\/\/franciscanos.org.br\/noticias\/wp-json\/wp\/v2\/media?parent=224919"}],"wp:term":[{"taxonomy":"category","embeddable":true,"href":"https:\/\/franciscanos.org.br\/noticias\/wp-json\/wp\/v2\/categories?post=224919"},{"taxonomy":"post_tag","embeddable":true,"href":"https:\/\/franciscanos.org.br\/noticias\/wp-json\/wp\/v2\/tags?post=224919"}],"curies":[{"name":"wp","href":"https:\/\/api.w.org\/{rel}","templated":true}]}}