{"id":224874,"date":"2020-06-07T08:14:10","date_gmt":"2020-06-07T11:14:10","guid":{"rendered":"https:\/\/franciscanos.org.br\/noticias\/?p=224874"},"modified":"2021-08-29T11:15:13","modified_gmt":"2021-08-29T14:15:13","slug":"papa-a-trindade-e-amor-a-servico-do-mundo-que-quer-salvar-e-recriar","status":"publish","type":"post","link":"https:\/\/franciscanos.org.br\/noticias\/papa-a-trindade-e-amor-a-servico-do-mundo-que-quer-salvar-e-recriar.html","title":{"rendered":"Papa: a Trindade \u00e9 Amor a servi\u00e7o do mundo, que quer salvar e recriar"},"content":{"rendered":"<div id=\"attachment_224875\" style=\"width: 1010px\" class=\"wp-caption alignnone\"><img aria-describedby=\"caption-attachment-224875\" loading=\"lazy\" class=\"wp-image-224875 size-full\" src=\"https:\/\/franciscanos.org.br\/noticias\/wp-content\/uploads\/2020\/06\/angelus_0706.jpg\" alt=\"\" width=\"1000\" height=\"563\" srcset=\"https:\/\/franciscanos.org.br\/noticias\/wp-content\/uploads\/2020\/06\/angelus_0706.jpg 1000w, https:\/\/franciscanos.org.br\/noticias\/wp-content\/uploads\/2020\/06\/angelus_0706-450x253.jpg 450w, https:\/\/franciscanos.org.br\/noticias\/wp-content\/uploads\/2020\/06\/angelus_0706-768x432.jpg 768w, https:\/\/franciscanos.org.br\/noticias\/wp-content\/uploads\/2020\/06\/angelus_0706-150x84.jpg 150w\" sizes=\"(max-width: 1000px) 100vw, 1000px\" \/><p id=\"caption-attachment-224875\" class=\"wp-caption-text\">\u00a0 \u00a0 \u00a0 \u00a0 \u00a0 \u00a0 \u00a0 \u00a0 \u00a0 \u00a0 \u00a0 \u00a0 \u00a0 \u00a0 \u00a0 \u00a0 \u00a0 \u00a0 \u00a0 \u00a0 \u00a0 \u00a0 \u00a0 \u00a0 \u00a0 \u00a0 \u00a0 \u00a0 \u00a0 \u00a0 \u00a0 \u00a0 \u00a0 \u00a0 \u00a0 \u00a0 \u00a0 \u00a0 \u00a0 \u00a0 \u00a0 \u00a0 \u00a0 \u00a0 \u00a0 \u00a0 \u00a0 \u00a0 \u00a0 \u00a0 \u00a0 \u00a0 \u00a0 \u00a0 \u00a0 \u00a0 \u00a0 \u00a0 \u00a0<em> \u00a0 Imagem: Vatican Media<\/em><\/p><\/div>\n<p>\u201cDeus Pai ama tanto o mundo que, para o salvar, d\u00e1 aquilo que tem de mais precioso: o seu Filho \u00fanico\u201d. Foi o que disse o Papa no Angelus, ao meio-dia deste domingo (07\/06). Falando da janela do pal\u00e1cio apost\u00f3lico aos fi\u00e9is e peregrinos reunidos na Pra\u00e7a S\u00e3o Pedro para acompanhar com o Santo Padre a ora\u00e7\u00e3o mariana, Francisco explicou que o Evangelho deste domingo (Jo 3, 16-18), festa da Sant\u00edssima Trindade, mostra &#8211; na linguagem sint\u00e9tica de Jo\u00e3o \u2013 o mist\u00e9rio do amor de Deus pelo mundo, a sua cria\u00e7\u00e3o.<\/p>\n<p>No breve di\u00e1logo com Nicodemos, Jesus apresenta-se como Aquele que leva a cabo o plano de salva\u00e7\u00e3o do Pai em favor mundo. Ele afirma: \u201cDeus amou de tal modo o mundo que deu o Seu Filho \u00fanico\u201d (v. 16). Estas palavras indicam que a a\u00e7\u00e3o das tr\u00eas Pessoas divinas &#8211; Pai, Filho e Esp\u00edrito Santo &#8211; \u00e9 um \u00fanico des\u00edgnio de amor que salva a humanidade e o mundo, afirmou o Pont\u00edfice.<\/p>\n<p><strong>Deus ama cada um de n\u00f3s, mesmo quando cometemos erros<\/strong><br \/>\n\u201cO mundo est\u00e1 marcado pelo mal e pela corrup\u00e7\u00e3o, n\u00f3s homens e mulheres somos pecadores; portanto, Deus poderia intervir para julgar o mundo, para destruir o mal e castigar os pecadores. Em vez disso \u2013 observou o Papa \u2013, Ele ama o mundo, apesar dos seus pecados; Deus ama cada um de n\u00f3s, mesmo quando cometemos erros e nos distanciamos d&#8217;Ele.\u201d<\/p>\n<p>\u201cDeus Pai ama tanto o mundo que, para o salvar, d\u00e1 aquilo que tem de mais precioso: o seu Filho \u00fanico, que d\u00e1 a sua vida pela humanidade, ressuscita, volta para o Pai e, juntamente com Ele, envia o Esp\u00edrito Santo. A Trindade \u00e9, portanto, Amor, inteiramente a servi\u00e7o do mundo, que quer salvar e recriar.\u201d<\/p>\n<p>Quando Jesus afirma que o Pai deu o seu Filho unig\u00eanito, pensamos espontaneamente em Abra\u00e3o e na sua oferta do filho Isaac, do qual o Livro do G\u00eanesis fala (cf. 22, 1-14): esta \u00e9 a \u201cmedida sem medida\u201d do amor de Deus. E pensemos tamb\u00e9m no modo como Deus se revela a Mois\u00e9s: cheio de ternura, misericordioso e piedoso, lento para a ira e rico de gra\u00e7a e fidelidade, continuou o Papa.<\/p>\n<p><strong>Deixar-se encontrar por Cristo e confiar n&#8217;Ele<\/strong><br \/>\nO encontro com este Deus encorajou Mois\u00e9s, o qual, como narra o livro do \u00caxodo, n\u00e3o receou colocar-se entre o povo e o Senhor, dizendo-lhe: \u201cSomos um povo de cerviz dura, mas perdoai-nos as nossas iniquidades e os nossos pecados e aceitai-nos como propriedade Vossa\u201d (34, 9).<\/p>\n<p>\u201cEstimados irm\u00e3os e irm\u00e3s, a festa de hoje convida-nos a deixarmo-nos fascinar mais uma vez pela beleza de Deus; beleza, bondade e verdade inesgot\u00e1vel. Mas tamb\u00e9m humilde, pr\u00f3xima, que se fez carne para entrar na nossa vida, na nossa hist\u00f3ria, para que cada homem e mulher possa encontr\u00e1-la e ter a vida eterna. E isto \u00e9 f\u00e9: acolher a Deus-Amor que se doa em Cristo, deixar-se encontrar por Ele e confiar n&#8217;Ele.\u201d<\/p>\n<p><strong>Acolher com o cora\u00e7\u00e3o aberto o amor de Deus<\/strong><br \/>\nO Santo Padre concluiu a alocu\u00e7\u00e3o que precede a ora\u00e7\u00e3o mariana pedindo a intercess\u00e3o da Virgem Maria, a fim de que \u201cnos ajude a acolher com o cora\u00e7\u00e3o aberto o amor de Deus, que nos enche de alegria e d\u00e1 sentido ao nosso caminho neste mundo, orientando-o sempre para a meta que \u00e9 o C\u00e9u\u201d.<\/p>\n<hr \/>\n<p><em>Fonte: Vatican News &#8211; Raimundo de Lima<\/em><\/p>\n","protected":false},"excerpt":{"rendered":"<p>Angelus na Solenidade da Sant\u00edssima Trindade<\/p>\n","protected":false},"author":3,"featured_media":224876,"comment_status":"open","ping_status":"open","sticky":false,"template":"","format":"standard","meta":[],"categories":[1428],"tags":[403],"acf":[],"yoast_head":"<!-- This site is optimized with the Yoast SEO plugin v19.2 - https:\/\/yoast.com\/wordpress\/plugins\/seo\/ -->\n<title>Papa: a Trindade \u00e9 Amor a servi\u00e7o do mundo, que quer salvar e recriar - Not\u00edcias - Franciscanos<\/title>\n<meta name=\"robots\" content=\"index, follow, max-snippet:-1, max-image-preview:large, max-video-preview:-1\" \/>\n<link rel=\"canonical\" href=\"https:\/\/franciscanos.org.br\/noticias\/papa-a-trindade-e-amor-a-servico-do-mundo-que-quer-salvar-e-recriar.html\" \/>\n<meta property=\"og:locale\" content=\"pt_BR\" \/>\n<meta property=\"og:type\" content=\"article\" \/>\n<meta property=\"og:title\" content=\"Papa: a Trindade \u00e9 Amor a servi\u00e7o do mundo, que quer salvar e recriar - Not\u00edcias - Franciscanos\" \/>\n<meta property=\"og:description\" content=\"Angelus na Solenidade da Sant\u00edssima Trindade\" \/>\n<meta property=\"og:url\" content=\"https:\/\/franciscanos.org.br\/noticias\/papa-a-trindade-e-amor-a-servico-do-mundo-que-quer-salvar-e-recriar.html\" \/>\n<meta property=\"og:site_name\" content=\"Not\u00edcias - Franciscanos\" \/>\n<meta property=\"article:published_time\" content=\"2020-06-07T11:14:10+00:00\" \/>\n<meta property=\"article:modified_time\" content=\"2021-08-29T14:15:13+00:00\" \/>\n<meta property=\"og:image\" content=\"https:\/\/franciscanos.org.br\/noticias\/wp-content\/uploads\/2020\/06\/angelus_0706d.jpg\" \/>\n\t<meta property=\"og:image:width\" content=\"800\" \/>\n\t<meta property=\"og:image:height\" content=\"601\" \/>\n\t<meta property=\"og:image:type\" content=\"image\/jpeg\" \/>\n<meta name=\"author\" content=\"moacir\" \/>\n<meta name=\"twitter:card\" content=\"summary_large_image\" \/>\n<meta name=\"twitter:label1\" content=\"Escrito por\" \/>\n\t<meta name=\"twitter:data1\" content=\"moacir\" \/>\n\t<meta name=\"twitter:label2\" content=\"Est. tempo de leitura\" \/>\n\t<meta name=\"twitter:data2\" content=\"3 minutos\" \/>\n<script type=\"application\/ld+json\" class=\"yoast-schema-graph\">{\"@context\":\"https:\/\/schema.org\",\"@graph\":[{\"@type\":\"WebSite\",\"@id\":\"https:\/\/franciscanos.org.br\/noticias\/#website\",\"url\":\"https:\/\/franciscanos.org.br\/noticias\/\",\"name\":\"Not\u00edcias - Franciscanos\",\"description\":\"Prov\u00edncia Franciscana da Imaculada Concei\u00e7\u00e3o do Brasil - Ordem dos Frades Menores - OFM\",\"potentialAction\":[{\"@type\":\"SearchAction\",\"target\":{\"@type\":\"EntryPoint\",\"urlTemplate\":\"https:\/\/franciscanos.org.br\/noticias\/?s={search_term_string}\"},\"query-input\":\"required name=search_term_string\"}],\"inLanguage\":\"pt-BR\"},{\"@type\":\"ImageObject\",\"inLanguage\":\"pt-BR\",\"@id\":\"https:\/\/franciscanos.org.br\/noticias\/papa-a-trindade-e-amor-a-servico-do-mundo-que-quer-salvar-e-recriar.html#primaryimage\",\"url\":\"https:\/\/franciscanos.org.br\/noticias\/wp-content\/uploads\/2020\/06\/angelus_0706d.jpg\",\"contentUrl\":\"https:\/\/franciscanos.org.br\/noticias\/wp-content\/uploads\/2020\/06\/angelus_0706d.jpg\",\"width\":800,\"height\":601},{\"@type\":\"WebPage\",\"@id\":\"https:\/\/franciscanos.org.br\/noticias\/papa-a-trindade-e-amor-a-servico-do-mundo-que-quer-salvar-e-recriar.html#webpage\",\"url\":\"https:\/\/franciscanos.org.br\/noticias\/papa-a-trindade-e-amor-a-servico-do-mundo-que-quer-salvar-e-recriar.html\",\"name\":\"Papa: a Trindade \u00e9 Amor a servi\u00e7o do mundo, que quer salvar e recriar - Not\u00edcias - Franciscanos\",\"isPartOf\":{\"@id\":\"https:\/\/franciscanos.org.br\/noticias\/#website\"},\"primaryImageOfPage\":{\"@id\":\"https:\/\/franciscanos.org.br\/noticias\/papa-a-trindade-e-amor-a-servico-do-mundo-que-quer-salvar-e-recriar.html#primaryimage\"},\"datePublished\":\"2020-06-07T11:14:10+00:00\",\"dateModified\":\"2021-08-29T14:15:13+00:00\",\"author\":{\"@id\":\"https:\/\/franciscanos.org.br\/noticias\/#\/schema\/person\/b5c8cba458c330ccff548b056e95a5d4\"},\"breadcrumb\":{\"@id\":\"https:\/\/franciscanos.org.br\/noticias\/papa-a-trindade-e-amor-a-servico-do-mundo-que-quer-salvar-e-recriar.html#breadcrumb\"},\"inLanguage\":\"pt-BR\",\"potentialAction\":[{\"@type\":\"ReadAction\",\"target\":[\"https:\/\/franciscanos.org.br\/noticias\/papa-a-trindade-e-amor-a-servico-do-mundo-que-quer-salvar-e-recriar.html\"]}]},{\"@type\":\"BreadcrumbList\",\"@id\":\"https:\/\/franciscanos.org.br\/noticias\/papa-a-trindade-e-amor-a-servico-do-mundo-que-quer-salvar-e-recriar.html#breadcrumb\",\"itemListElement\":[{\"@type\":\"ListItem\",\"position\":1,\"name\":\"Home\",\"item\":\"https:\/\/franciscanos.org.br\/noticias\"},{\"@type\":\"ListItem\",\"position\":2,\"name\":\"Papa: a Trindade \u00e9 Amor a servi\u00e7o do mundo, que quer salvar e recriar\"}]},{\"@type\":\"Person\",\"@id\":\"https:\/\/franciscanos.org.br\/noticias\/#\/schema\/person\/b5c8cba458c330ccff548b056e95a5d4\",\"name\":\"moacir\",\"image\":{\"@type\":\"ImageObject\",\"inLanguage\":\"pt-BR\",\"@id\":\"https:\/\/franciscanos.org.br\/noticias\/#\/schema\/person\/image\/\",\"url\":\"https:\/\/secure.gravatar.com\/avatar\/d08aa2ce4c8dd416d4479aa8536fcf64?s=96&d=mm&r=g\",\"contentUrl\":\"https:\/\/secure.gravatar.com\/avatar\/d08aa2ce4c8dd416d4479aa8536fcf64?s=96&d=mm&r=g\",\"caption\":\"moacir\"},\"url\":\"https:\/\/franciscanos.org.br\/noticias\/author\/moacir\"}]}<\/script>\n<!-- \/ Yoast SEO plugin. -->","yoast_head_json":{"title":"Papa: a Trindade \u00e9 Amor a servi\u00e7o do mundo, que quer salvar e recriar - Not\u00edcias - Franciscanos","robots":{"index":"index","follow":"follow","max-snippet":"max-snippet:-1","max-image-preview":"max-image-preview:large","max-video-preview":"max-video-preview:-1"},"canonical":"https:\/\/franciscanos.org.br\/noticias\/papa-a-trindade-e-amor-a-servico-do-mundo-que-quer-salvar-e-recriar.html","og_locale":"pt_BR","og_type":"article","og_title":"Papa: a Trindade \u00e9 Amor a servi\u00e7o do mundo, que quer salvar e recriar - Not\u00edcias - Franciscanos","og_description":"Angelus na Solenidade da Sant\u00edssima Trindade","og_url":"https:\/\/franciscanos.org.br\/noticias\/papa-a-trindade-e-amor-a-servico-do-mundo-que-quer-salvar-e-recriar.html","og_site_name":"Not\u00edcias - Franciscanos","article_published_time":"2020-06-07T11:14:10+00:00","article_modified_time":"2021-08-29T14:15:13+00:00","og_image":[{"width":800,"height":601,"url":"https:\/\/franciscanos.org.br\/noticias\/wp-content\/uploads\/2020\/06\/angelus_0706d.jpg","type":"image\/jpeg"}],"author":"moacir","twitter_card":"summary_large_image","twitter_misc":{"Escrito por":"moacir","Est. tempo de leitura":"3 minutos"},"schema":{"@context":"https:\/\/schema.org","@graph":[{"@type":"WebSite","@id":"https:\/\/franciscanos.org.br\/noticias\/#website","url":"https:\/\/franciscanos.org.br\/noticias\/","name":"Not\u00edcias - Franciscanos","description":"Prov\u00edncia Franciscana da Imaculada Concei\u00e7\u00e3o do Brasil - Ordem dos Frades Menores - OFM","potentialAction":[{"@type":"SearchAction","target":{"@type":"EntryPoint","urlTemplate":"https:\/\/franciscanos.org.br\/noticias\/?s={search_term_string}"},"query-input":"required name=search_term_string"}],"inLanguage":"pt-BR"},{"@type":"ImageObject","inLanguage":"pt-BR","@id":"https:\/\/franciscanos.org.br\/noticias\/papa-a-trindade-e-amor-a-servico-do-mundo-que-quer-salvar-e-recriar.html#primaryimage","url":"https:\/\/franciscanos.org.br\/noticias\/wp-content\/uploads\/2020\/06\/angelus_0706d.jpg","contentUrl":"https:\/\/franciscanos.org.br\/noticias\/wp-content\/uploads\/2020\/06\/angelus_0706d.jpg","width":800,"height":601},{"@type":"WebPage","@id":"https:\/\/franciscanos.org.br\/noticias\/papa-a-trindade-e-amor-a-servico-do-mundo-que-quer-salvar-e-recriar.html#webpage","url":"https:\/\/franciscanos.org.br\/noticias\/papa-a-trindade-e-amor-a-servico-do-mundo-que-quer-salvar-e-recriar.html","name":"Papa: a Trindade \u00e9 Amor a servi\u00e7o do mundo, que quer salvar e recriar - Not\u00edcias - Franciscanos","isPartOf":{"@id":"https:\/\/franciscanos.org.br\/noticias\/#website"},"primaryImageOfPage":{"@id":"https:\/\/franciscanos.org.br\/noticias\/papa-a-trindade-e-amor-a-servico-do-mundo-que-quer-salvar-e-recriar.html#primaryimage"},"datePublished":"2020-06-07T11:14:10+00:00","dateModified":"2021-08-29T14:15:13+00:00","author":{"@id":"https:\/\/franciscanos.org.br\/noticias\/#\/schema\/person\/b5c8cba458c330ccff548b056e95a5d4"},"breadcrumb":{"@id":"https:\/\/franciscanos.org.br\/noticias\/papa-a-trindade-e-amor-a-servico-do-mundo-que-quer-salvar-e-recriar.html#breadcrumb"},"inLanguage":"pt-BR","potentialAction":[{"@type":"ReadAction","target":["https:\/\/franciscanos.org.br\/noticias\/papa-a-trindade-e-amor-a-servico-do-mundo-que-quer-salvar-e-recriar.html"]}]},{"@type":"BreadcrumbList","@id":"https:\/\/franciscanos.org.br\/noticias\/papa-a-trindade-e-amor-a-servico-do-mundo-que-quer-salvar-e-recriar.html#breadcrumb","itemListElement":[{"@type":"ListItem","position":1,"name":"Home","item":"https:\/\/franciscanos.org.br\/noticias"},{"@type":"ListItem","position":2,"name":"Papa: a Trindade \u00e9 Amor a servi\u00e7o do mundo, que quer salvar e recriar"}]},{"@type":"Person","@id":"https:\/\/franciscanos.org.br\/noticias\/#\/schema\/person\/b5c8cba458c330ccff548b056e95a5d4","name":"moacir","image":{"@type":"ImageObject","inLanguage":"pt-BR","@id":"https:\/\/franciscanos.org.br\/noticias\/#\/schema\/person\/image\/","url":"https:\/\/secure.gravatar.com\/avatar\/d08aa2ce4c8dd416d4479aa8536fcf64?s=96&d=mm&r=g","contentUrl":"https:\/\/secure.gravatar.com\/avatar\/d08aa2ce4c8dd416d4479aa8536fcf64?s=96&d=mm&r=g","caption":"moacir"},"url":"https:\/\/franciscanos.org.br\/noticias\/author\/moacir"}]}},"_links":{"self":[{"href":"https:\/\/franciscanos.org.br\/noticias\/wp-json\/wp\/v2\/posts\/224874"}],"collection":[{"href":"https:\/\/franciscanos.org.br\/noticias\/wp-json\/wp\/v2\/posts"}],"about":[{"href":"https:\/\/franciscanos.org.br\/noticias\/wp-json\/wp\/v2\/types\/post"}],"author":[{"embeddable":true,"href":"https:\/\/franciscanos.org.br\/noticias\/wp-json\/wp\/v2\/users\/3"}],"replies":[{"embeddable":true,"href":"https:\/\/franciscanos.org.br\/noticias\/wp-json\/wp\/v2\/comments?post=224874"}],"version-history":[{"count":2,"href":"https:\/\/franciscanos.org.br\/noticias\/wp-json\/wp\/v2\/posts\/224874\/revisions"}],"predecessor-version":[{"id":233986,"href":"https:\/\/franciscanos.org.br\/noticias\/wp-json\/wp\/v2\/posts\/224874\/revisions\/233986"}],"wp:featuredmedia":[{"embeddable":true,"href":"https:\/\/franciscanos.org.br\/noticias\/wp-json\/wp\/v2\/media\/224876"}],"wp:attachment":[{"href":"https:\/\/franciscanos.org.br\/noticias\/wp-json\/wp\/v2\/media?parent=224874"}],"wp:term":[{"taxonomy":"category","embeddable":true,"href":"https:\/\/franciscanos.org.br\/noticias\/wp-json\/wp\/v2\/categories?post=224874"},{"taxonomy":"post_tag","embeddable":true,"href":"https:\/\/franciscanos.org.br\/noticias\/wp-json\/wp\/v2\/tags?post=224874"}],"curies":[{"name":"wp","href":"https:\/\/api.w.org\/{rel}","templated":true}]}}