{"id":224151,"date":"2020-06-05T09:59:53","date_gmt":"2020-06-05T12:59:53","guid":{"rendered":"https:\/\/franciscanos.org.br\/noticias\/?p=224151"},"modified":"2020-06-05T10:11:58","modified_gmt":"2020-06-05T13:11:58","slug":"paroquia-santa-clara-de-imbarie-em-tempos-de-pandemia","status":"publish","type":"post","link":"https:\/\/franciscanos.org.br\/noticias\/paroquia-santa-clara-de-imbarie-em-tempos-de-pandemia.html","title":{"rendered":"Par\u00f3quia Santa Clara de Imbari\u00ea em tempos de pandemia"},"content":{"rendered":"<p><img loading=\"lazy\" class=\"alignnone size-full wp-image-224152\" src=\"https:\/\/franciscanos.org.br\/noticias\/wp-content\/uploads\/2020\/06\/imbairie_01.jpg\" alt=\"\" width=\"1280\" height=\"720\" srcset=\"https:\/\/franciscanos.org.br\/noticias\/wp-content\/uploads\/2020\/06\/imbairie_01.jpg 1280w, https:\/\/franciscanos.org.br\/noticias\/wp-content\/uploads\/2020\/06\/imbairie_01-450x253.jpg 450w, https:\/\/franciscanos.org.br\/noticias\/wp-content\/uploads\/2020\/06\/imbairie_01-1024x576.jpg 1024w, https:\/\/franciscanos.org.br\/noticias\/wp-content\/uploads\/2020\/06\/imbairie_01-768x432.jpg 768w, https:\/\/franciscanos.org.br\/noticias\/wp-content\/uploads\/2020\/06\/imbairie_01-150x84.jpg 150w\" sizes=\"(max-width: 1280px) 100vw, 1280px\" \/><\/p>\n<p><strong>Frei Gabriel Dellandrea<\/strong><\/p>\n<p>Jardinagem, pequenas reformas, culin\u00e1ria, cantorias nas sacadas, v\u00eddeos em aplicativos ou at\u00e9 mesmo exerc\u00edcios f\u00edsicos. Essas e outras atividades foram iniciativas que muitas pessoas criaram ou aprimoraram para enfrentar o per\u00edodo de isolamento social, tendo em vista os tempos de pandemia em que vivemos. Assim, a criatividade e a capacidade de se reinventar tamb\u00e9m atingiram em cheio a Igreja e suas formas de evangeliza\u00e7\u00e3o e presen\u00e7a na vida das pessoas. Inova\u00e7\u00f5es, adapta\u00e7\u00f5es, alegrias e desafios foram sentidos na pele pelos crist\u00e3os que diariamente procuraram inovar na sua forma de vivenciar a f\u00e9.<\/p>\n<div id=\"attachment_224154\" style=\"width: 510px\" class=\"wp-caption alignright\"><img aria-describedby=\"caption-attachment-224154\" loading=\"lazy\" class=\"wp-image-224154 size-full\" src=\"https:\/\/franciscanos.org.br\/noticias\/wp-content\/uploads\/2020\/06\/imbairie_03.jpg\" alt=\"\" width=\"500\" height=\"281\" srcset=\"https:\/\/franciscanos.org.br\/noticias\/wp-content\/uploads\/2020\/06\/imbairie_03.jpg 500w, https:\/\/franciscanos.org.br\/noticias\/wp-content\/uploads\/2020\/06\/imbairie_03-450x253.jpg 450w, https:\/\/franciscanos.org.br\/noticias\/wp-content\/uploads\/2020\/06\/imbairie_03-150x84.jpg 150w\" sizes=\"(max-width: 500px) 100vw, 500px\" \/><p id=\"caption-attachment-224154\" class=\"wp-caption-text\"><em>Trip\u00e9, cabos, computador, c\u00e2mera: aliados para uma boa transmiss\u00e3o.<\/em><\/p><\/div>\n<p>O Papa Francisco, na Enc\u00edclica <em>Evangelii Gaudium<\/em>, no par\u00e1grafo 24, utiliza um termo que pode nos ajudar a compreender tudo o que vivemos na Igreja nesse per\u00edodo: o neologismo \u201cprimeirear\u201d. O Pont\u00edfice define este verbo como \u201ctomar a iniciativa\u201d. Assim, muitas comunidades viveram essa busca por dar um pontap\u00e9 em a\u00e7\u00f5es novas ou aprimorar as existentes, para garantir uma evangeliza\u00e7\u00e3o que amenize os efeitos do distanciamento social em tempos de pandemia.<\/p>\n<p>Neste aspecto, n\u00f3s da Par\u00f3quia Santa Clara de Assis, do distrito de Imbari\u00ea \u2013 Duque de Caxias\/RJ, procuramos tamb\u00e9m, com diversas iniciativas, \u201cprimeirear\u201d ou avan\u00e7ar para \u00e1guas mais profundas nas nossas atividades, mesmo que suspendendo outras que n\u00e3o poss\u00edveis de adequa\u00e7\u00e3o. \u00c9 claro que experimentamos a do\u00e7ura de plasmar novos horizontes, mas tamb\u00e9m o amargo dos limites que, apesar dos esfor\u00e7os, n\u00e3o superam o modo \u201cnormal\u201d como as coisas eram feitas.<\/p>\n<p>Selecionamos, ent\u00e3o, alguns relatos de iniciativas que foram acontecendo em nossa Par\u00f3quia. \u00c9 claro que nessas poucas linhas n\u00e3o conseguiremos demonstrar tudo o que foi feito, pois h\u00e1 realiza\u00e7\u00f5es mais vis\u00edveis, h\u00e1 aquelas que chegaram aos nossos ouvidos e h\u00e1, outrossim, aquelas que permaneceram no sil\u00eancio da experi\u00eancia de f\u00e9 de algumas pessoas. Mas no intuito de partilhar e fazer conhecer alguns aspectos, queremos que o leitor se delicie com algumas das \u201cprimeirea\u00e7\u00f5es\u201d que o Senhor Deus tem inspirado em nossas comunidades. Pedimos desculpas por n\u00e3o conseguir contemplar todos, mas Deus v\u00ea aquilo que o limite humano n\u00e3o consegue enxergar!<\/p>\n<div id=\"attachment_224153\" style=\"width: 1290px\" class=\"wp-caption alignnone\"><img aria-describedby=\"caption-attachment-224153\" loading=\"lazy\" class=\"wp-image-224153 size-full\" src=\"https:\/\/franciscanos.org.br\/noticias\/wp-content\/uploads\/2020\/06\/imbairie_02.jpg\" alt=\"\" width=\"1280\" height=\"720\" srcset=\"https:\/\/franciscanos.org.br\/noticias\/wp-content\/uploads\/2020\/06\/imbairie_02.jpg 1280w, https:\/\/franciscanos.org.br\/noticias\/wp-content\/uploads\/2020\/06\/imbairie_02-450x253.jpg 450w, https:\/\/franciscanos.org.br\/noticias\/wp-content\/uploads\/2020\/06\/imbairie_02-1024x576.jpg 1024w, https:\/\/franciscanos.org.br\/noticias\/wp-content\/uploads\/2020\/06\/imbairie_02-768x432.jpg 768w, https:\/\/franciscanos.org.br\/noticias\/wp-content\/uploads\/2020\/06\/imbairie_02-150x84.jpg 150w\" sizes=\"(max-width: 1280px) 100vw, 1280px\" \/><p id=\"caption-attachment-224153\" class=\"wp-caption-text\"><em>Painel de S\u00e3o Francisco e Santa Clara pintado no sal\u00e3o paroquial: os santos de Assis s\u00e3o ao nossa inspira\u00e7\u00e3o para \u201cprimeirear\u201d<\/em><\/p><\/div>\n<p><strong>\u00a0\u00a0\u00a0\u00a0\u00a0\u00a0\u00a0\u00a0\u00a0\u00a0\u00a0 Uma par\u00f3quia em ora\u00e7\u00e3o!<\/strong><\/p>\n<p>\u201cApesar da dist\u00e2ncia, somos um s\u00f3 cora\u00e7\u00e3o\u201d: \u00e9 com essas palavras que procuramos a motiva\u00e7\u00e3o para a realiza\u00e7\u00e3o de transmiss\u00f5es <em>online<\/em> das celebra\u00e7\u00f5es eucar\u00edsticas e outras ora\u00e7\u00f5es. A chamada \u201clive\u201d entrou em cheio em nossas casas, batendo nas portas das nossas ondas de <em>Wi-Fi<\/em> e dizendo que podemos estar um pouco mais pr\u00f3ximos, mesmo que iluminados pela tela do celular \u2013 e pela luz do Esp\u00edrito Santo. Foram mais de 50 transmiss\u00f5es ao vivo at\u00e9 o fechamento desta mat\u00e9ria, onde rezamos juntos, cantamos, nos emocionamos, trouxemos nossos louvores e pedidos a Deus Pai.<\/p>\n<div id=\"attachment_224156\" style=\"width: 370px\" class=\"wp-caption alignright\"><img aria-describedby=\"caption-attachment-224156\" loading=\"lazy\" class=\"wp-image-224156 size-full\" src=\"https:\/\/franciscanos.org.br\/noticias\/wp-content\/uploads\/2020\/06\/imbairie_05.jpg\" alt=\"\" width=\"360\" height=\"476\" srcset=\"https:\/\/franciscanos.org.br\/noticias\/wp-content\/uploads\/2020\/06\/imbairie_05.jpg 360w, https:\/\/franciscanos.org.br\/noticias\/wp-content\/uploads\/2020\/06\/imbairie_05-340x450.jpg 340w, https:\/\/franciscanos.org.br\/noticias\/wp-content\/uploads\/2020\/06\/imbairie_05-150x198.jpg 150w\" sizes=\"(max-width: 360px) 100vw, 360px\" \/><p id=\"caption-attachment-224156\" class=\"wp-caption-text\"><em>Detalhe da ornamenta\u00e7\u00e3o para a Quinta-feira santa<\/em><\/p><\/div>\n<p>Durante a Quaresma, tempo lit\u00fargico que iniciamos as transmiss\u00f5es, al\u00e9m das celebra\u00e7\u00f5es eucar\u00edsticas, realizamos a ora\u00e7\u00e3o da Via-Sacra contemplando as dores do Senhor com rela\u00e7\u00e3o \u00e0s dores do mundo em tempos de pandemia. A Cruz do Senhor agora ganha tamb\u00e9m um nome na cruz de muitos irm\u00e3os: Covid-19. Enquanto lembr\u00e1vamos do Cristo carregando sua cruz pelas ruas de Jerusal\u00e9m, record\u00e1vamos das ruas vazias da nossa \u201cJerusal\u00e9m\u201d, que estava lutando contra o v\u00edrus. As l\u00e1grimas do Cristo na cruz eram as nossas diante das mortes que v\u00edamos chegando cada vez mais perto de nossa realidade j\u00e1 sofrida da Baixada Fluminense.<\/p>\n<p>Al\u00e9m deste momento devocional, realizamos a chamada Celebra\u00e7\u00e3o Penitencial, procurando preparar bem o nosso cora\u00e7\u00e3o para contemplar o mist\u00e9rio da Ressurrei\u00e7\u00e3o. A Semana Santa, sendo o ponto mais importante do calend\u00e1rio lit\u00fargico, foi vivida com intensidade apesar da dist\u00e2ncia. Um s\u00edmbolo muito forte de uni\u00e3o foi a presen\u00e7a dos c\u00edrios pascais das 12 comunidades na noite da Vig\u00edlia Pascal. Os c\u00e2nticos, que outrora eram entoados por um grupo paroquial, agora eram entoados pelas vozes dos quatro freis que tamb\u00e9m prepararam todos os outros elementos da liturgia para que quem estivesse do outro lado das telas pudesse ao menos ouvir a Palavra e contempl\u00e1-la em sua profundidade. Durante todo o Tempo Pascal, bem como a Solenidade de Pentecostes, que tamb\u00e9m lembramos da comunidade Divino Esp\u00edrito Santo que recorda seu patrono neste dia, in\u00fameros fi\u00e9is continuaram acompanhando as transmiss\u00f5es.<\/p>\n<p>Sobre as transmiss\u00f5es ao vivo das celebra\u00e7\u00f5es, Elo\u00edsa Helena Martins, da comunidade S\u00e3o Francisco, partilhou conosco que \u201cneste tempo de pandemia, a nossa comunidade tem permanecido fechada como todas as outras. Mas tem sido muito gratificante poder assistir pela internet as missas, o ter\u00e7o, e todas as outras atividades realizadas pela par\u00f3quia. Estamos mesmo precisando de palavras de conforto. Este tempo est\u00e1 muito dif\u00edcil pois a minha fam\u00edlia est\u00e1 longe e, atrav\u00e9s da transmiss\u00e3o, a Par\u00f3quia se confirmou como sendo tamb\u00e9m minha fam\u00edlia, que est\u00e1 comigo!\u201d.<\/p>\n<div id=\"attachment_224155\" style=\"width: 1058px\" class=\"wp-caption alignnone\"><img aria-describedby=\"caption-attachment-224155\" loading=\"lazy\" class=\"wp-image-224155 size-full\" src=\"https:\/\/franciscanos.org.br\/noticias\/wp-content\/uploads\/2020\/06\/imbairie_04.jpg\" alt=\"\" width=\"1048\" height=\"589\" srcset=\"https:\/\/franciscanos.org.br\/noticias\/wp-content\/uploads\/2020\/06\/imbairie_04.jpg 1048w, https:\/\/franciscanos.org.br\/noticias\/wp-content\/uploads\/2020\/06\/imbairie_04-450x253.jpg 450w, https:\/\/franciscanos.org.br\/noticias\/wp-content\/uploads\/2020\/06\/imbairie_04-1024x576.jpg 1024w, https:\/\/franciscanos.org.br\/noticias\/wp-content\/uploads\/2020\/06\/imbairie_04-768x432.jpg 768w, https:\/\/franciscanos.org.br\/noticias\/wp-content\/uploads\/2020\/06\/imbairie_04-150x84.jpg 150w\" sizes=\"(max-width: 1048px) 100vw, 1048px\" \/><p id=\"caption-attachment-224155\" class=\"wp-caption-text\"><em>Rosilda Lima e sua fam\u00edlia: inauguraram as ora\u00e7\u00f5es do ter\u00e7o transmitidas ao vivo a partir das casas<\/em><\/p><\/div>\n<p><strong>\u00a0<\/strong><strong>\u00a0\u00a0\u00a0\u00a0\u00a0\u00a0\u00a0\u00a0\u00a0\u00a0\u00a0 Maio: m\u00eas de Maria, dos ter\u00e7os e das devo\u00e7\u00f5es online!<\/strong><\/p>\n<p>O m\u00eas de maio, junto com a alegria do Tempo Pascal, trouxe uma perfumada flor para os nossos jardins das \u201cLives\u201d: a intensa mem\u00f3ria acerca de Maria que a Igreja realiza nesse per\u00edodo. Foram 31 dias de uma programa\u00e7\u00e3o especial para recordar da <em>Virgem do Sim<\/em>, que no seu sil\u00eancio e servi\u00e7o ao Reino, nos d\u00e1 ind\u00edcios de como viver bem a nossa f\u00e9. Por isso, dando continuidade a uma pr\u00e1tica de muitas comunidades e fam\u00edlias da Par\u00f3quia, rezamos todos os dias o ter\u00e7o, com exce\u00e7\u00e3o dos dias que t\u00ednhamos a Missa. Ora esta ora\u00e7\u00e3o aconteceu na Fraternidade M\u00e3e Terra, ora aconteceu nas casas das fam\u00edlias das nossas 12 comunidades.<\/p>\n<div id=\"attachment_224170\" style=\"width: 299px\" class=\"wp-caption alignleft\"><img aria-describedby=\"caption-attachment-224170\" loading=\"lazy\" class=\"wp-image-224170\" src=\"https:\/\/franciscanos.org.br\/noticias\/wp-content\/uploads\/2020\/06\/imbairie_0606.jpg\" alt=\"\" width=\"289\" height=\"220\" srcset=\"https:\/\/franciscanos.org.br\/noticias\/wp-content\/uploads\/2020\/06\/imbairie_0606.jpg 400w, https:\/\/franciscanos.org.br\/noticias\/wp-content\/uploads\/2020\/06\/imbairie_0606-150x114.jpg 150w\" sizes=\"(max-width: 289px) 100vw, 289px\" \/><p id=\"caption-attachment-224170\" class=\"wp-caption-text\"><em>Emanuell, 5 anos, rezou uma dezena do Ter\u00e7o<\/em><\/p><\/div>\n<p>A transmiss\u00e3o da Ora\u00e7\u00e3o do Ter\u00e7o nas casas das fam\u00edlias das comunidades foi um misto de alegria e tens\u00e3o: houve quem at\u00e9 escreveu o passo a passo do ter\u00e7o para que, no nervosismo, n\u00e3o errasse qualquer palavra em louvor a Maria. Houve quem preparou cantos, altares com imagens de Nossa Senhora, chamou toda a fam\u00edlia para rezar. Na Comunidade Santa B\u00e1rbara, na casa da Simone da Silva Vitor, o Emanuell, seu filho de 5 anos, rezou um mist\u00e9rio do ter\u00e7o e cativou a todos com a sua f\u00e9. Enfim, as iniciativas foram todas muito bem elaboradas e apesar do medo de estar \u201cao vivo\u201d, cada comunidade vivenciou muito bem do seu jeito. A primeira fam\u00edlia que \u201cprimeireou\u201d na transmiss\u00e3o ao vivo pela nossa p\u00e1gina da ora\u00e7\u00e3o do ter\u00e7o foi a igreja dom\u00e9stica da casa da Rosilda Lima, da comunidade Nossa Senhora Aparecida. Ela nos deixou seu testemunho dizendo: \u201cFiquei muito feliz em representar minha Comunidade rezando com minha fam\u00edlia. O ter\u00e7o foi rezado todos os dias com todos juntos. A nossa m\u00e3e merece! Agrade\u00e7o muito por fazer parte dessa par\u00f3quia que muito tem nos ajudado neste momento t\u00e3o dif\u00edcil que estamos passando\u201d.<\/p>\n<p>O jovem Adriano Firmino de Souza representou a sua comunidade Santa Terezinha rezando a ora\u00e7\u00e3o do ter\u00e7o que foi transmitida a partir da capela da pr\u00f3pria Comunidade. Ele partilhou conosco que \u201crepresentar a comunidade \u00e9 o sentimento de ser um filho que representa a sua fam\u00edlia. Eu tenho todo carinho pela comunidade, que eu amo de cora\u00e7\u00e3o. Para mim \u00e9 um privil\u00e9gio fazer parte desta Comunidade e ser parte desta fam\u00edlia\u201d.<\/p>\n<p>Al\u00e9m disso, o altar onde estava a imagem de Nossa Senhora da Fraternidade M\u00e3e Terra sempre estava muito florido gra\u00e7as \u00e0 generosidade de algu\u00e9m que sempre floriu a nossa Par\u00f3quia: a Irm\u00e3 Terezinha Boni, das Irm\u00e3s Catequistas Franciscanas. N\u00e3o demorava muito para chegarem aquelas coloridas flores que ornamentavam a nossa capela e faziam a nossa transmiss\u00e3o ainda mais colorida e alegre.<\/p>\n<div id=\"attachment_224158\" style=\"width: 410px\" class=\"wp-caption alignright\"><img aria-describedby=\"caption-attachment-224158\" loading=\"lazy\" class=\"wp-image-224158 size-full\" src=\"https:\/\/franciscanos.org.br\/noticias\/wp-content\/uploads\/2020\/06\/imbairie_07.jpg\" alt=\"\" width=\"400\" height=\"215\" srcset=\"https:\/\/franciscanos.org.br\/noticias\/wp-content\/uploads\/2020\/06\/imbairie_07.jpg 400w, https:\/\/franciscanos.org.br\/noticias\/wp-content\/uploads\/2020\/06\/imbairie_07-150x81.jpg 150w\" sizes=\"(max-width: 400px) 100vw, 400px\" \/><p id=\"caption-attachment-224158\" class=\"wp-caption-text\"><em>Doa\u00e7\u00f5es no dia da celebra\u00e7\u00e3o em a\u00e7\u00e3o de gra\u00e7as pelos 5 anos da Laudato Si\u2019.<\/em><\/p><\/div>\n<p>Mas n\u00e3o foi s\u00f3 a capela da M\u00e3e Terra que esteve florida. Como \u00e9 de costume, as fam\u00edlias prepararam seus orat\u00f3rios em suas casas e enviaram as suas fotos para a P\u00e1gina do <em>Facebook<\/em>. Estas est\u00e3o no \u00e1lbum do especial: \u201cA M\u00e3e est\u00e1 na minha casa\u201d. Somado a isso, todos os dias eram divulgados pequenos v\u00eddeos com frases sobre Maria, proferidas por muitos irm\u00e3os e irm\u00e3s que traduziram em palavras suas experi\u00eancias de f\u00e9 com Nossa Senhora.<\/p>\n<p>Al\u00e9m disso, ainda no m\u00eas de Maio, no dia 23, a Par\u00f3quia realizou, juntamente com as ONGs \u201cDesata-me\/Paz e bem\u201d e \u201cAmigos do Minist\u00e9rio P\u00fablico\u201d, uma celebra\u00e7\u00e3o em comemora\u00e7\u00e3o aos cinco anos da Enc\u00edclica <em>Laudato Si\u2019<\/em>. Estas organiza\u00e7\u00f5es, juntamente com outras iniciativas, t\u00eam garantido \u00e0 nossa Par\u00f3quia um n\u00famero consider\u00e1vel de cestas b\u00e1sicas. Elas quiseram celebrar conosco, mesmo que com todas as limita\u00e7\u00f5es do isolamento social e evitando aglomera\u00e7\u00f5es, esta data importante, trazendo tamb\u00e9m um n\u00famero de materiais a serem distribu\u00eddos em nossas comunidades.<\/p>\n<p><strong>\u00a0<\/strong><strong>Uma Par\u00f3quia em constante forma\u00e7\u00e3o<\/strong><\/p>\n<div id=\"attachment_224159\" style=\"width: 1290px\" class=\"wp-caption alignnone\"><img aria-describedby=\"caption-attachment-224159\" loading=\"lazy\" class=\"wp-image-224159 size-full\" src=\"https:\/\/franciscanos.org.br\/noticias\/wp-content\/uploads\/2020\/06\/imbairie_08.jpg\" alt=\"\" width=\"1280\" height=\"720\" srcset=\"https:\/\/franciscanos.org.br\/noticias\/wp-content\/uploads\/2020\/06\/imbairie_08.jpg 1280w, https:\/\/franciscanos.org.br\/noticias\/wp-content\/uploads\/2020\/06\/imbairie_08-450x253.jpg 450w, https:\/\/franciscanos.org.br\/noticias\/wp-content\/uploads\/2020\/06\/imbairie_08-1024x576.jpg 1024w, https:\/\/franciscanos.org.br\/noticias\/wp-content\/uploads\/2020\/06\/imbairie_08-768x432.jpg 768w, https:\/\/franciscanos.org.br\/noticias\/wp-content\/uploads\/2020\/06\/imbairie_08-150x84.jpg 150w\" sizes=\"(max-width: 1280px) 100vw, 1280px\" \/><p id=\"caption-attachment-224159\" class=\"wp-caption-text\"><em>Frei James, tendo ao lado Frei Gabriel, apresentando o tema: \u201cO lugar de Maria na Palavra de Deus\u201d.<\/em><\/p><\/div>\n<p>Uma caracter\u00edstica forte de nossa realidade paroquial \u00e9 o aspecto formativo. Seja pelo Curso de Teologia ou outras iniciativas, os paroquianos constantemente s\u00e3o envolvidos com momentos de forma\u00e7\u00e3o e atualiza\u00e7\u00e3o. E neste per\u00edodo n\u00e3o poderia ser diferente. \u00c9 claro que diminu\u00edmos o ritmo e sabemos que n\u00e3o conseguimos atingir todas as pessoas, mas a internet tem sido uma ferramenta que nos ajuda a manter esse \u201cfio formativo\u201d nas nossas comunidades. Durante o m\u00eas de Maio duas forma\u00e7\u00f5es sobre Maria &#8211; assessoradas por Frei James Girardi e Frei Gabriel Dellandrea, com o apoio de toda a fraternidade dos freis &#8211; procuraram compreender melhor \u00a0\u201cO Lugar de Maria na Palavra de Deus\u201d. Para os pr\u00f3ximos meses, procuraremos j\u00e1 fazer um calend\u00e1rio, que aos poucos vai ser divulgado! Nesse sentido, o jovem Francisco Martins partilhou conosco um pouco de como tem sido para ele tamb\u00e9m o uso das ferramentas das m\u00eddias digitais para aprimorar seus conhecimentos:<\/p>\n<p>\u201cVivemos um momento complicado. Por vezes, me vejo tomado por preocupa\u00e7\u00f5es. Al\u00e9m disso, fico cheio de saudades: saudades de ver os amigos, de estar em comunidade, dos abra\u00e7os&#8230; Mas, por mais que seja dif\u00edcil, \u00e9 um tempo que tamb\u00e9m me ensina muita coisa. Aprendi que, mesmo n\u00e3o estando juntos presencialmente, estamos sempre juntos espiritualmente. \u00c9 tempo de perceber isso e se reinventar. Usar a tecnologia nas nossas m\u00e3os para se conectar ao que realmente importa e, ao mesmo tempo, valorizar mais os momentos simples em casa e com a fam\u00edlia. Agora a igreja \u00e9 dom\u00e9stica, assim como as primeiras igrejas. Busco rezar com a fam\u00edlia, com a Par\u00f3quia e com toda a Igreja pelas redes sociais. Vivo momentos de espiritualidade em v\u00eddeos, <em>lives, podcasts<\/em>, textos, not\u00edcias&#8230; Estar em casa tamb\u00e9m foi oportunidade para que eu pudesse me voltar a mim mesmo, me conhecer melhor, me aprimorar, me reinventar, para cada vez mais ser o melhor que posso ser\u201d.<\/p>\n<p><strong>Equipe administrativa: um retorno sobre a situa\u00e7\u00e3o da Par\u00f3quia<\/strong><\/p>\n<p><img loading=\"lazy\" class=\" wp-image-224160 alignleft\" src=\"https:\/\/franciscanos.org.br\/noticias\/wp-content\/uploads\/2020\/06\/imbairie_09.jpg\" alt=\"\" width=\"255\" height=\"256\" srcset=\"https:\/\/franciscanos.org.br\/noticias\/wp-content\/uploads\/2020\/06\/imbairie_09.jpg 400w, https:\/\/franciscanos.org.br\/noticias\/wp-content\/uploads\/2020\/06\/imbairie_09-300x300.jpg 300w, https:\/\/franciscanos.org.br\/noticias\/wp-content\/uploads\/2020\/06\/imbairie_09-150x150.jpg 150w, https:\/\/franciscanos.org.br\/noticias\/wp-content\/uploads\/2020\/06\/imbairie_09-100x100.jpg 100w\" sizes=\"(max-width: 255px) 100vw, 255px\" \/>Sabemos que o aspecto financeiro tem afetado grandemente as nossas fam\u00edlias. Todos sentimos na pele que neste tempo de instabilidade, e com maior ou menor intensidade, foi preciso refletir bem nos gastos para garantir o essencial. E em nossa Par\u00f3quia aconteceu este mesmo movimento. Logo a preocupa\u00e7\u00e3o com os gastos apareceu, pois mesmo diante do fechamento das igrejas para atividades, outras sa\u00eddas financeiras continuaram acontecendo. Apesar da preocupa\u00e7\u00e3o, Deus nos surpreendeu com sua infinita bondade e suscitou a solidariedade entre os membros de nossa Par\u00f3quia, dizimistas e benfeitores. F\u00e1tima Magalh\u00e3es de Oliveira, da Comunidade S\u00e3o Pedro e S\u00e3o Paulo, que faz parte da equipe administrativa da Par\u00f3quia, nos brindou com este bonito relato:<\/p>\n<p>\u201cFoi uma alegria ver que nossos irm\u00e3os e irm\u00e3s responderam com muita generosidade para com as necessidades e compromissos de nossa Par\u00f3quia. Isso com campanhas de conscientiza\u00e7\u00e3o para continuarem dando seus d\u00edzimos e ofertas, mesmo n\u00e3o tendo nossas celebra\u00e7\u00f5es presenciais. O carinho e a preocupa\u00e7\u00e3o para com esses irm\u00e3os e irm\u00e3s foram correspondidos pela Par\u00f3quia, que, mesmo com todas as limita\u00e7\u00f5es, fizeram as transmiss\u00f5es <em>online<\/em>. Elas foram formas para as comunidades estarem envolvidas. Acredito que foi muito importante para nos sentirmos unidos, mesmo que distantes. Assim, nossos irm\u00e3os e irm\u00e3s nos mandavam mensagens perguntando sobre como poderiam nos enviar seu d\u00edzimo, e em isso tudo prevaleceu o amor\u201d.<\/p>\n<div id=\"attachment_224161\" style=\"width: 1290px\" class=\"wp-caption alignnone\"><img aria-describedby=\"caption-attachment-224161\" loading=\"lazy\" class=\"wp-image-224161 size-full\" src=\"https:\/\/franciscanos.org.br\/noticias\/wp-content\/uploads\/2020\/06\/imbairie_10.jpg\" alt=\"\" width=\"1280\" height=\"720\" srcset=\"https:\/\/franciscanos.org.br\/noticias\/wp-content\/uploads\/2020\/06\/imbairie_10.jpg 1280w, https:\/\/franciscanos.org.br\/noticias\/wp-content\/uploads\/2020\/06\/imbairie_10-450x253.jpg 450w, https:\/\/franciscanos.org.br\/noticias\/wp-content\/uploads\/2020\/06\/imbairie_10-1024x576.jpg 1024w, https:\/\/franciscanos.org.br\/noticias\/wp-content\/uploads\/2020\/06\/imbairie_10-768x432.jpg 768w, https:\/\/franciscanos.org.br\/noticias\/wp-content\/uploads\/2020\/06\/imbairie_10-150x84.jpg 150w\" sizes=\"(max-width: 1280px) 100vw, 1280px\" \/><p id=\"caption-attachment-224161\" class=\"wp-caption-text\"><em>O cantor e tecladista Marcelo Vin\u00edcius\u00a0 animou a Live Solid\u00e1ria.<\/em><\/p><\/div>\n<p><strong>Live Solid\u00e1ria: a festa da Par\u00f3quia<\/strong><\/p>\n<p>Sabemos que uma das atividades mais recorrentes em nossas comunidades pelo Brasil afora s\u00e3o as chamadas \u201cfesta de Igreja\u201d. Para os membros da comunidade \u00e9 tempo de muito trabalho de prepara\u00e7\u00e3o, mas tamb\u00e9m de alegria, descontra\u00e7\u00e3o. \u00c9 o l\u00fadico de nossas comunidades, e precisa ser vivido e valorizado! E neste tempo de isolamento, aglomera\u00e7\u00f5es n\u00e3o s\u00e3o permitidas. Mas a Par\u00f3quia n\u00e3o deixou de \u201caglomerar alegria\u201d e mesmo <em>online<\/em>, garantiu uma festa, com direito a m\u00fasica e anima\u00e7\u00e3o, garantidas pelo cantor e tecladista Marcelo Vin\u00edcius. A <em>live<\/em> teve tamb\u00e9m sorteio de pr\u00eamios e presta\u00e7\u00e3o de contas. S\u00edntia Porf\u00edria de Souza da Silva, da Comunidade Jesus Crucificado, assim resumiu os sentimentos que viveu durante a <em>Live<\/em> e j\u00e1 mandou um recado para a pr\u00f3xima:<\/p>\n<div id=\"attachment_224162\" style=\"width: 510px\" class=\"wp-caption alignright\"><img aria-describedby=\"caption-attachment-224162\" loading=\"lazy\" class=\"wp-image-224162 size-full\" src=\"https:\/\/franciscanos.org.br\/noticias\/wp-content\/uploads\/2020\/06\/imbairie_11.jpg\" alt=\"\" width=\"500\" height=\"302\" srcset=\"https:\/\/franciscanos.org.br\/noticias\/wp-content\/uploads\/2020\/06\/imbairie_11.jpg 500w, https:\/\/franciscanos.org.br\/noticias\/wp-content\/uploads\/2020\/06\/imbairie_11-450x272.jpg 450w, https:\/\/franciscanos.org.br\/noticias\/wp-content\/uploads\/2020\/06\/imbairie_11-150x91.jpg 150w\" sizes=\"(max-width: 500px) 100vw, 500px\" \/><p id=\"caption-attachment-224162\" class=\"wp-caption-text\"><em>Uma doa\u00e7\u00e3o de cestas b\u00e1sicas que foi inspirada durante a Live Solid\u00e1ria<\/em><\/p><\/div>\n<p>\u201cN\u00f3s, aqui em casa, principalmente eu e a Rafaela Maria, est\u00e1vamos muito empolgadas com a <em>Live Solid\u00e1ria<\/em>. Ainda mais uma <em>live<\/em> promovida por gente que n\u00f3s conhec\u00edamos, gente da gente. Montamos um ambiente, colocando um globo iluminado para ficar ainda mais alegre e divertido. A Rafaela Maria achou sensacional, mas deu a sugest\u00e3o que na pr\u00f3xima <em>live<\/em> tivesse m\u00fasicas infantis! Mas tudo deu certo, o caminho \u00e9 esse a ser seguido. Nosso muito obrigado por aquele fim de domingo agrad\u00e1vel e feliz\u201d.<\/p>\n<p>Mas a <em>Live<\/em> tinha um adjetivo que a definia: <em>Solid\u00e1ria<\/em>. Ela era um momento n\u00e3o s\u00f3 de descontra\u00e7\u00e3o, mas tamb\u00e9m de presta\u00e7\u00e3o de contas e exerc\u00edcio da solidariedade. Muitas pessoas fizeram suas doa\u00e7\u00f5es durante a transmiss\u00e3o, bem como depois, impelidos pelo apelo feito durante o ocorrido, lembrando da nossa alegria na caridade! A todos, o nosso muito obrigado! Seja em dinheiro, cestas b\u00e1sicas ou outros materiais, qualquer doa\u00e7\u00e3o \u00e9 sempre bem-vinda e ser\u00e1 encaminhada aos mais necessitados! E, nesse momento, queremos recordar um epis\u00f3dio emocionante da <em>Live<\/em>. Frei Jo\u00e3o Reinert anunciou que a sua fam\u00edlia estava oferecendo uma ajuda para a aquisi\u00e7\u00e3o de cestas b\u00e1sicas e outros elementos. E ele lembrou que um dos benfeitores era o seu familiar F\u00e1bio Fachini, da cidade de Gaspar (SC), que h\u00e1 quatro anos recebeu as ora\u00e7\u00f5es da nossa Par\u00f3quia, pois foi acometido pelo v\u00edrus H1N1, sendo desenganado pelos m\u00e9dicos, mas que, por um milagre, venceu a doen\u00e7a com uma r\u00e1pida recupera\u00e7\u00e3o.<\/p>\n<p><strong>\u00a0<\/strong><strong>\u201cComida para quem precisa\u201d<\/strong><\/p>\n<p><img loading=\"lazy\" class=\" wp-image-224163 alignleft\" src=\"https:\/\/franciscanos.org.br\/noticias\/wp-content\/uploads\/2020\/06\/imbairie_12.jpg\" alt=\"\" width=\"329\" height=\"411\" srcset=\"https:\/\/franciscanos.org.br\/noticias\/wp-content\/uploads\/2020\/06\/imbairie_12.jpg 500w, https:\/\/franciscanos.org.br\/noticias\/wp-content\/uploads\/2020\/06\/imbairie_12-360x450.jpg 360w, https:\/\/franciscanos.org.br\/noticias\/wp-content\/uploads\/2020\/06\/imbairie_12-150x188.jpg 150w\" sizes=\"(max-width: 329px) 100vw, 329px\" \/>A nossa Baixada Fluminense possui in\u00fameras qualidades que tornam este um local sagrado. Muitas pessoas vivem uma busca intensa de espiritualidade, amizade, caridade e amor. Apesar disso, h\u00e1 tamb\u00e9m in\u00fameras fragilidades sociais e problemas que deixam a popula\u00e7\u00e3o deste territ\u00f3rio muitas vezes desassistida. Saneamento b\u00e1sico, seguran\u00e7a, sa\u00fade de qualidade, educa\u00e7\u00e3o&#8230; essas e outras pautas s\u00e3o necessidades recorrentes que s\u00e3o enfatizadas pela fala ou pela simples an\u00e1lise da realidade da popula\u00e7\u00e3o.<\/p>\n<p>E neste tempo de instabilidade, esses problemas se agravam. A inseguran\u00e7a com rela\u00e7\u00e3o ao trabalho, a diminui\u00e7\u00e3o na oferta de empregos, a limita\u00e7\u00e3o de tantos recursos fez com que as dores de muitos se tornassem ainda maiores, ou ao menos as suas preocupa\u00e7\u00f5es com o amanh\u00e3, que se antes eram grandes, foram ampliadas. Diante deste contexto n\u00e3o \u00e9 poss\u00edvel ficar indiferente, de bra\u00e7os cruzados, enquanto que os nossos irm\u00e3os e irm\u00e3s t\u00eam fome. E foi assim que a toda a Par\u00f3quia se mobilizou numa rede do bem que contou com duas iniciativas, que ser\u00e3o resumidas aqui, com alguns testemunhos:<\/p>\n<p><strong>Parceria FAIM e Par\u00f3quia<\/strong><\/p>\n<p>Uma das iniciativas foi idealizada e iniciada pelo FAIM (Festival de Artes de Imbari\u00ea), grupo art\u00edstico que realiza atividades culturais na regi\u00e3o. No in\u00edcio da crise causada pelo coronav\u00edrus, o grupo se questionou: \u201cO que podemos fazer diante disso tudo?\u201d. Foi, ent\u00e3o, que iniciaram as tratativas para arrecadar cestas de alimentos para fam\u00edlias em situa\u00e7\u00e3o de vulnerabilidade social. As primeiras doa\u00e7\u00f5es vieram de professores universit\u00e1rios de membros do grupo. Essa atividade ganhou visibilidade de modo que o projeto foi contemplado com a oportunidade de fazer parte de um coletivo que se chama \u201cRio contra o Corona\u201d, que recebe doa\u00e7\u00f5es de insumos de empresas para distribuir cestas b\u00e1sicas.<\/p>\n<p>A metodologia de trabalho foi de estabelecer um limite territorial para entregar as cestas nos sub-bairros do terceiro distrito de Duque de Caxias (chamado de Imbari\u00ea). De tal forma, o projeto acabou tamb\u00e9m tendo envolvimento com o territ\u00f3rio de algumas das comunidades de nossa Par\u00f3quia. A ideia do projeto, para evitar aglomera\u00e7\u00f5es, foi de criar subpolos com representantes locais para ajudar da distribui\u00e7\u00e3o. O apoio paroquial para este grupo tamb\u00e9m se d\u00e1 com volunt\u00e1rios que s\u00e3o representantes locais, ou ajudam a separar o material, entregar nos subpolos&#8230; Al\u00e9m disso, o espa\u00e7o da comunidade Jesus Crucificado se tornou o polo central onde s\u00e3o reunidas as doa\u00e7\u00f5es a serem distribu\u00eddas.<\/p>\n<div id=\"attachment_224164\" style=\"width: 346px\" class=\"wp-caption alignright\"><img aria-describedby=\"caption-attachment-224164\" loading=\"lazy\" class=\"wp-image-224164\" src=\"https:\/\/franciscanos.org.br\/noticias\/wp-content\/uploads\/2020\/06\/imbairie_13.jpg\" alt=\"\" width=\"336\" height=\"420\" srcset=\"https:\/\/franciscanos.org.br\/noticias\/wp-content\/uploads\/2020\/06\/imbairie_13.jpg 600w, https:\/\/franciscanos.org.br\/noticias\/wp-content\/uploads\/2020\/06\/imbairie_13-360x450.jpg 360w, https:\/\/franciscanos.org.br\/noticias\/wp-content\/uploads\/2020\/06\/imbairie_13-150x188.jpg 150w\" sizes=\"(max-width: 336px) 100vw, 336px\" \/><p id=\"caption-attachment-224164\" class=\"wp-caption-text\"><em>Cestas b\u00e1sicas com livros: a fome tamb\u00e9m \u00e9 de informa\u00e7\u00e3o e cultura<\/em><\/p><\/div>\n<p>Todo o trabalho tem sido muito forte, ocorrendo sempre nos domingos a principal tarefa de distribui\u00e7\u00e3o. Este dia foi escolhido como mais adequado para o grupo de volunt\u00e1rios. Por\u00e9m, isso n\u00e3o impede o fato de que muitos tiveram que abrir m\u00e3o de seus compromissos e gostos, como \u00e9 o caso da jovem estudante Bruna Maria, da comunidade Jesus Crucificado, e que participa do FAIM, tamb\u00e9m sendo uma das organizadoras deste projeto. Na dedica\u00e7\u00e3o ao projeto, ela afirmou que acaba n\u00e3o participando das transmiss\u00f5es ao vivo da Par\u00f3quia como gostaria, mas procura seus meios de nutrir a f\u00e9. Um exemplo disso \u00e9 o bonito testemunho que ela nos deixou:<\/p>\n<p>\u201cEu tenho certeza que o projeto, apesar de n\u00e3o conter os ritos de uma liturgia tradicional, \u00e9 a minha comunh\u00e3o dominical para que eu consiga ter for\u00e7as para continuar. Essa quarentena n\u00e3o est\u00e1 sendo f\u00e1cil para absolutamente ningu\u00e9m. N\u00f3s, que tamb\u00e9m continuamos estudando, temos que continuar produzindo. Ent\u00e3o, como podemos diante disso preparar o nosso emocional para viver esse tempo? Esse projeto tem me dado muita for\u00e7a. O FAIM, como grupo de manifesta\u00e7\u00e3o art\u00edstica, com isso procurou apoio tamb\u00e9m nos grupos religiosos, para justamente ajudar na constru\u00e7\u00e3o de um Reino de Amor, da civiliza\u00e7\u00e3o do bem, da solidariedade e da miseric\u00f3rdia. Jesus passou um perrengue na vida para demonstrar justamente isso: que precisamos nos unir para ajudar o pr\u00f3ximo e a pr\u00f3xima! Diante da indiferen\u00e7a dos governantes, esses pequenos grupos se mobilizam para tentar amenizar todo esse problema. Tudo isso tem sido muito produtivo para o meu cora\u00e7\u00e3o, para a minha mente e para a minha f\u00e9\u201d.<\/p>\n<p>Experi\u00eancia parecida vivenciou o jovem estudante Luiz Henrique da Silva dos Santos, da Comunidade S\u00e3o Domingos, que tem sido volunt\u00e1rio no projeto e relatou os sentimentos que afloram com tal pr\u00e1tica: \u201cTem sido uma experi\u00eancia desafiadora e impactante pois por mais que eu more e conhe\u00e7a essa regi\u00e3o h\u00e1 15 anos, tem certas realidades que fogem aos nossos olhos. Chegar em algumas casas e ou saber de algumas situa\u00e7\u00f5es mais a fundo tem me feito perceber o quanto o Estado quis fazer pouco por n\u00f3s, e quando fez, foi s\u00f3 para maquiar determinados pontos do bairro. O sentimento, por vezes, \u00e9 um misto de satisfa\u00e7\u00e3o por poder ajudar as pessoas mas tamb\u00e9m isso se une a uma ang\u00fastia de n\u00e3o poder fazer mais, pois a realidade de quem est\u00e1 ajudando n\u00e3o \u00e9 de um megaprivil\u00e9gio\u201d.<\/p>\n<p><img loading=\"lazy\" class=\"alignnone size-full wp-image-224165\" src=\"https:\/\/franciscanos.org.br\/noticias\/wp-content\/uploads\/2020\/06\/imbairie_14.jpg\" alt=\"\" width=\"1280\" height=\"720\" srcset=\"https:\/\/franciscanos.org.br\/noticias\/wp-content\/uploads\/2020\/06\/imbairie_14.jpg 1280w, https:\/\/franciscanos.org.br\/noticias\/wp-content\/uploads\/2020\/06\/imbairie_14-450x253.jpg 450w, https:\/\/franciscanos.org.br\/noticias\/wp-content\/uploads\/2020\/06\/imbairie_14-1024x576.jpg 1024w, https:\/\/franciscanos.org.br\/noticias\/wp-content\/uploads\/2020\/06\/imbairie_14-768x432.jpg 768w, https:\/\/franciscanos.org.br\/noticias\/wp-content\/uploads\/2020\/06\/imbairie_14-150x84.jpg 150w\" sizes=\"(max-width: 1280px) 100vw, 1280px\" \/><\/p>\n<p><strong>Somos a Igreja do P\u00e3o Repartido<\/strong><\/p>\n<p>Embora a Par\u00f3quia tenha feito a sua parceria com o FAIM, essa realidade n\u00e3o abarcou todas as comunidades. Al\u00e9m disso, no come\u00e7o n\u00e3o se tinha ideia de como as coisas seriam, e a Par\u00f3quia come\u00e7ou um forte trabalho tamb\u00e9m de cadastro de fam\u00edlias, uma vez que a demanda \u00e9 grande e mesmo os dois projetos atuando nas comunidades, h\u00e1 ainda fam\u00edlias sem assist\u00eancia. Assim, n\u00e3o faltaram iniciativas nas comunidades para procurar garantir para o pr\u00f3ximo o alimento necess\u00e1rio. Afinal, a nossa forma de celebrar a Eucaristia nos impele a saciar a fome de nossos irm\u00e3os, mesmo que n\u00f3s tamb\u00e9m estejamos com fome de celebrarmos juntos em comunidade.<\/p>\n<p>Assim, com doa\u00e7\u00f5es da Par\u00f3quia toda (campanha do quilo nas comunidades), da Fraternidade M\u00e3e Terra, de ONGs, de benfeitores, do Sefras (Servi\u00e7o Franciscano de Solidariedade), a nossa Par\u00f3quia &#8211; at\u00e9 o fechamento desta mat\u00e9ria &#8211; arrecadou quase 500 cestas b\u00e1sicas que foram distribu\u00eddas para fam\u00edlias carentes. Al\u00e9m disso, foram investidos valores na aquisi\u00e7\u00e3o de rem\u00e9dios e g\u00e1s de cozinha aos mais necessitados que apresentavam suas necessidades nas nossas portas.<\/p>\n<p><img loading=\"lazy\" class=\" wp-image-224166 alignright\" src=\"https:\/\/franciscanos.org.br\/noticias\/wp-content\/uploads\/2020\/06\/imbairie_15.jpg\" alt=\"\" width=\"452\" height=\"589\" srcset=\"https:\/\/franciscanos.org.br\/noticias\/wp-content\/uploads\/2020\/06\/imbairie_15.jpg 720w, https:\/\/franciscanos.org.br\/noticias\/wp-content\/uploads\/2020\/06\/imbairie_15-345x450.jpg 345w, https:\/\/franciscanos.org.br\/noticias\/wp-content\/uploads\/2020\/06\/imbairie_15-150x195.jpg 150w\" sizes=\"(max-width: 452px) 100vw, 452px\" \/>Os jovens da Par\u00f3quia se mobilizaram na arrecada\u00e7\u00e3o de material de limpeza para acrescentar nas cestas. Mais que rapidamente sabonetes, pastas de dente e pacotes de papel higi\u00eanico deram ainda mais dignidade \u00e0s cestas. Al\u00e9m disso, como a juventude \u00e9 criativa e sens\u00edvel, elaboraram uma s\u00e9rie de cartas, bilhetes, dobraduras em formato de cora\u00e7\u00e3o para acompanhar a cesta, com frases motivacionais, pois a fome n\u00e3o \u00e9 s\u00f3 de p\u00e3o, mas de carinho, aten\u00e7\u00e3o, cuidado e amor. Uma das jovens que fez os bilhetes, Isadora Alves, da Comunidade Divino Esp\u00edrito Santo, ressaltou: \u201cFoi bem gratificante fazer parte deste momento. Eu achei que n\u00e3o fosse conseguir, por\u00e9m com a ajuda de todos, n\u00f3s conseguimos. Foi com muito amor, muita dedica\u00e7\u00e3o! Fiquei horas dobrando papel, mas no final ficamos com saudades de estar escrevendo cartinhas\u201d.<\/p>\n<p>Atrelado a esse trabalho a Pastoral da Crian\u00e7a da nossa Par\u00f3quia n\u00e3o deixou de continuar a sua tarefa, embora adaptada com as medidas de restri\u00e7\u00e3o e isolamento. As fam\u00edlias mais necessitadas que participam da pastoral t\u00eam sido contempladas com cestas pela Par\u00f3quia. Siomara de Azevedo, da Comunidade Jesus Crucificado, que atua nesta \u00e1rea, afirma que \u201ceu vejo as crian\u00e7as aqui na minha rua e eu fico preocupada pois algumas n\u00e3o est\u00e3o utilizando as m\u00e1scaras. Logo procuro lembrar \u00e0s fam\u00edlias dos cuidados essenciais. Eu sinto assim que mesmo sendo muito pouco o que temos feito enquanto pastoral, me sinto muito comprometida com o meu trabalho e minha miss\u00e3o. Mesmo sendo iniciativas restritas, fico com o cora\u00e7\u00e3o apertado, mas confiante\u201d.<\/p>\n<p>Para evitar aglomera\u00e7\u00f5es, a Par\u00f3quia seguiu com a indica\u00e7\u00e3o de nomear um coordenador em cada Comunidade para atuar na distribui\u00e7\u00e3o das cestas. Todos os coordenadores procuraram fazer a sua parte com muito carinho, garantindo um trabalho que procurou atender ao m\u00e1ximo as necessidades, dentro das nossas possibilidades.<\/p>\n<p>Enesi Salmarino, da Comunidade Nossa Senhora Estrela, partilhou conosco que nasceu nesta regi\u00e3o e sempre viveu aqui, mas por conta da rotina acabou n\u00e3o conhecendo t\u00e3o bem a realidade das fam\u00edlias necessitadas ao seu redor. Com o trabalho desse per\u00edodo, ela afirmou que \u201ceu tomei consci\u00eancia disso tudo agora atrav\u00e9s desse per\u00edodo de pandemia, onde tivemos a oportunidade de fazer o trabalho social de ajudar as pessoas do bairro. Atrav\u00e9s disso eu tive consci\u00eancia das situa\u00e7\u00f5es de mis\u00e9ria do meu bairro, independente da religi\u00e3o\u201d.<\/p>\n<p>Da mesma forma, L\u00facia Regina A. dos Santos, da Comunidade Santa Rosa de Lima, partilhou conosco um sentimento que \u00e9 tamb\u00e9m de todas as pessoas que ajudam na distribui\u00e7\u00e3o de alimentos: \u201cDurante a pandemia tivemos um tempo maior para olharmos os irm\u00e3os e irm\u00e3s sem emprego, sem sal\u00e1rio, sem poder sair \u00e0s ruas para ganhar o seu p\u00e3o de cada dia. Ao sairmos de casa ouvimos os relatos e sabemos de perto as necessidades de cada um. O cora\u00e7\u00e3o d\u00f3i muito ao vermos essa dor. A distribui\u00e7\u00e3o de alimento nos d\u00e1 alento\u201d. Este relato se soma com a bonita conclus\u00e3o que a Sebastiana Firmino da Silva, da Imaculada Concei\u00e7\u00e3o, nos apresentou: \u201cMe sinto agradecida por estar fazendo parte deste momento de solidariedade, recebendo os alimentos em minha casa e fazendo as doa\u00e7\u00f5es \u00e0s fam\u00edlias carentes\u201d.<\/p>\n<p><img loading=\"lazy\" class=\"alignnone size-full wp-image-224167\" src=\"https:\/\/franciscanos.org.br\/noticias\/wp-content\/uploads\/2020\/06\/imbairie_16.jpg\" alt=\"\" width=\"980\" height=\"691\" srcset=\"https:\/\/franciscanos.org.br\/noticias\/wp-content\/uploads\/2020\/06\/imbairie_16.jpg 980w, https:\/\/franciscanos.org.br\/noticias\/wp-content\/uploads\/2020\/06\/imbairie_16-450x317.jpg 450w, https:\/\/franciscanos.org.br\/noticias\/wp-content\/uploads\/2020\/06\/imbairie_16-768x542.jpg 768w, https:\/\/franciscanos.org.br\/noticias\/wp-content\/uploads\/2020\/06\/imbairie_16-150x106.jpg 150w, https:\/\/franciscanos.org.br\/noticias\/wp-content\/uploads\/2020\/06\/imbairie_16-460x325.jpg 460w\" sizes=\"(max-width: 980px) 100vw, 980px\" \/><\/p>\n<p><strong>\u00a0\u00a0\u00a0\u00a0\u00a0\u00a0\u00a0\u00a0\u00a0\u00a0\u00a0 O que nos une \u00e9 maior do que aquilo que poderia nos separar<\/strong><\/p>\n<p>Nesta distribui\u00e7\u00e3o de materiais essenciais para garantir a dignidade de nossos irm\u00e3os e irm\u00e3s do territ\u00f3rio de nossa Par\u00f3quia, Deus ainda nos presenteou com experi\u00eancias ecum\u00eanicas. Uma delas foi na Comunidade S\u00e3o Sebasti\u00e3o. A coordenadora da comunidade, Simone Cruz Rodrigues, tamb\u00e9m esteve em atua\u00e7\u00e3o constante com a K\u00e1tia Maria da Silva Santos, que congrega na Igreja Assembleia de Deus do minist\u00e9rio ALFA, localizada em Parada Morabi. Esta nossa irm\u00e3 nos relatou que por causa da sua inf\u00e2ncia, onde conviveu com pessoas de diferentes religi\u00f5es, percebeu que \u201cJesus n\u00e3o \u00e9 uma religi\u00e3o. Ele \u00e9 o amor, a caridade, a ressurrei\u00e7\u00e3o e a gra\u00e7a. Quando eu comecei a fazer esse trabalho eu pedi uma ajuda e a ajuda da Par\u00f3quia toda foi muito aben\u00e7oada pois me ajudou a atingir um n\u00famero maior de pessoas necessitadas\u201d.<strong>\u00a0<\/strong><\/p>\n<p><strong>Conclus\u00e3o<\/strong><\/p>\n<p>Fazemos nossas as mesmas palavras de Frei Jo\u00e3o Reinert em sua mensagem para a Par\u00f3quia: \u201cApesar de todas as dificuldades, de todas as sombras, em cada instante nos iluminou a presen\u00e7a santificadora do Esp\u00edrito Santo. Apesar da saudade que sentimos de estarmos juntos fisicamente, de podermos nos abra\u00e7ar, de nossos apertos de m\u00e3o, de ouvirmos nossos cantos em uma s\u00f3 voz em nossas comunidades, apesar da saudade de visitarmos nossas comunidades. Apesar de tudo isso, nossos cora\u00e7\u00f5es permanecem unidos pela f\u00e9, pela solidariedade e pela certeza de que passaremos por este momento dif\u00edcil unidos e sairemos ainda mais fortes! Nosso muito obrigado a cada um de voc\u00eas pelo cuidado para com voc\u00ea mesmo, para com os outros, para com as nossas comunidades, e especialmente para os mais empobrecidos!\u201d.<\/p>\n<hr \/>\n<p><strong>Frei Gabriel Dellandrea<\/strong><em> \u00e9 estudante do terceiro ano de Teologia e reside na Fraternidade Franciscana Nossa Senhora M\u00e3e Terra, formada por Frei Jorge Luiz Maoski, guardi\u00e3o; Frei Jo\u00e3o Reinert, p\u00e1roco; e Frei Alfredo Prego, estudante. A Fraternidade atende a Par\u00f3quia Santa Clara, em Imbari\u00ea (RJ).<\/em><\/p>\n","protected":false},"excerpt":{"rendered":"<p>Par\u00f3quia Santa Clara de Imbari\u00ea<\/p>\n","protected":false},"author":3,"featured_media":224168,"comment_status":"open","ping_status":"open","sticky":false,"template":"","format":"standard","meta":[],"categories":[1],"tags":[1598],"acf":[],"yoast_head":"<!-- This site is optimized with the Yoast SEO plugin v19.2 - https:\/\/yoast.com\/wordpress\/plugins\/seo\/ -->\n<title>Par\u00f3quia Santa Clara de Imbari\u00ea em tempos de pandemia - Not\u00edcias - Franciscanos<\/title>\n<meta name=\"robots\" content=\"index, follow, max-snippet:-1, max-image-preview:large, max-video-preview:-1\" \/>\n<link rel=\"canonical\" href=\"https:\/\/franciscanos.org.br\/noticias\/paroquia-santa-clara-de-imbarie-em-tempos-de-pandemia.html\" \/>\n<meta property=\"og:locale\" content=\"pt_BR\" \/>\n<meta property=\"og:type\" content=\"article\" \/>\n<meta property=\"og:title\" content=\"Par\u00f3quia Santa Clara de Imbari\u00ea em tempos de pandemia - Not\u00edcias - Franciscanos\" \/>\n<meta property=\"og:description\" content=\"Par\u00f3quia Santa Clara de Imbari\u00ea\" \/>\n<meta property=\"og:url\" content=\"https:\/\/franciscanos.org.br\/noticias\/paroquia-santa-clara-de-imbarie-em-tempos-de-pandemia.html\" \/>\n<meta property=\"og:site_name\" content=\"Not\u00edcias - Franciscanos\" \/>\n<meta property=\"article:published_time\" content=\"2020-06-05T12:59:53+00:00\" \/>\n<meta property=\"article:modified_time\" content=\"2020-06-05T13:11:58+00:00\" \/>\n<meta property=\"og:image\" content=\"https:\/\/franciscanos.org.br\/noticias\/wp-content\/uploads\/2020\/06\/imbairie_1d.jpg\" \/>\n\t<meta property=\"og:image:width\" content=\"800\" \/>\n\t<meta property=\"og:image:height\" content=\"600\" \/>\n\t<meta property=\"og:image:type\" content=\"image\/jpeg\" \/>\n<meta name=\"author\" content=\"moacir\" \/>\n<meta name=\"twitter:card\" content=\"summary_large_image\" \/>\n<meta name=\"twitter:label1\" content=\"Escrito por\" \/>\n\t<meta name=\"twitter:data1\" content=\"moacir\" \/>\n\t<meta name=\"twitter:label2\" content=\"Est. tempo de leitura\" \/>\n\t<meta name=\"twitter:data2\" content=\"24 minutos\" \/>\n<script type=\"application\/ld+json\" class=\"yoast-schema-graph\">{\"@context\":\"https:\/\/schema.org\",\"@graph\":[{\"@type\":\"WebSite\",\"@id\":\"https:\/\/franciscanos.org.br\/noticias\/#website\",\"url\":\"https:\/\/franciscanos.org.br\/noticias\/\",\"name\":\"Not\u00edcias - Franciscanos\",\"description\":\"Prov\u00edncia Franciscana da Imaculada Concei\u00e7\u00e3o do Brasil - Ordem dos Frades Menores - OFM\",\"potentialAction\":[{\"@type\":\"SearchAction\",\"target\":{\"@type\":\"EntryPoint\",\"urlTemplate\":\"https:\/\/franciscanos.org.br\/noticias\/?s={search_term_string}\"},\"query-input\":\"required name=search_term_string\"}],\"inLanguage\":\"pt-BR\"},{\"@type\":\"ImageObject\",\"inLanguage\":\"pt-BR\",\"@id\":\"https:\/\/franciscanos.org.br\/noticias\/paroquia-santa-clara-de-imbarie-em-tempos-de-pandemia.html#primaryimage\",\"url\":\"https:\/\/franciscanos.org.br\/noticias\/wp-content\/uploads\/2020\/06\/imbairie_1d.jpg\",\"contentUrl\":\"https:\/\/franciscanos.org.br\/noticias\/wp-content\/uploads\/2020\/06\/imbairie_1d.jpg\",\"width\":800,\"height\":600},{\"@type\":\"WebPage\",\"@id\":\"https:\/\/franciscanos.org.br\/noticias\/paroquia-santa-clara-de-imbarie-em-tempos-de-pandemia.html#webpage\",\"url\":\"https:\/\/franciscanos.org.br\/noticias\/paroquia-santa-clara-de-imbarie-em-tempos-de-pandemia.html\",\"name\":\"Par\u00f3quia Santa Clara de Imbari\u00ea em tempos de pandemia - Not\u00edcias - Franciscanos\",\"isPartOf\":{\"@id\":\"https:\/\/franciscanos.org.br\/noticias\/#website\"},\"primaryImageOfPage\":{\"@id\":\"https:\/\/franciscanos.org.br\/noticias\/paroquia-santa-clara-de-imbarie-em-tempos-de-pandemia.html#primaryimage\"},\"datePublished\":\"2020-06-05T12:59:53+00:00\",\"dateModified\":\"2020-06-05T13:11:58+00:00\",\"author\":{\"@id\":\"https:\/\/franciscanos.org.br\/noticias\/#\/schema\/person\/b5c8cba458c330ccff548b056e95a5d4\"},\"breadcrumb\":{\"@id\":\"https:\/\/franciscanos.org.br\/noticias\/paroquia-santa-clara-de-imbarie-em-tempos-de-pandemia.html#breadcrumb\"},\"inLanguage\":\"pt-BR\",\"potentialAction\":[{\"@type\":\"ReadAction\",\"target\":[\"https:\/\/franciscanos.org.br\/noticias\/paroquia-santa-clara-de-imbarie-em-tempos-de-pandemia.html\"]}]},{\"@type\":\"BreadcrumbList\",\"@id\":\"https:\/\/franciscanos.org.br\/noticias\/paroquia-santa-clara-de-imbarie-em-tempos-de-pandemia.html#breadcrumb\",\"itemListElement\":[{\"@type\":\"ListItem\",\"position\":1,\"name\":\"Home\",\"item\":\"https:\/\/franciscanos.org.br\/noticias\"},{\"@type\":\"ListItem\",\"position\":2,\"name\":\"Par\u00f3quia Santa Clara de Imbari\u00ea em tempos de pandemia\"}]},{\"@type\":\"Person\",\"@id\":\"https:\/\/franciscanos.org.br\/noticias\/#\/schema\/person\/b5c8cba458c330ccff548b056e95a5d4\",\"name\":\"moacir\",\"image\":{\"@type\":\"ImageObject\",\"inLanguage\":\"pt-BR\",\"@id\":\"https:\/\/franciscanos.org.br\/noticias\/#\/schema\/person\/image\/\",\"url\":\"https:\/\/secure.gravatar.com\/avatar\/d08aa2ce4c8dd416d4479aa8536fcf64?s=96&d=mm&r=g\",\"contentUrl\":\"https:\/\/secure.gravatar.com\/avatar\/d08aa2ce4c8dd416d4479aa8536fcf64?s=96&d=mm&r=g\",\"caption\":\"moacir\"},\"url\":\"https:\/\/franciscanos.org.br\/noticias\/author\/moacir\"}]}<\/script>\n<!-- \/ Yoast SEO plugin. -->","yoast_head_json":{"title":"Par\u00f3quia Santa Clara de Imbari\u00ea em tempos de pandemia - Not\u00edcias - Franciscanos","robots":{"index":"index","follow":"follow","max-snippet":"max-snippet:-1","max-image-preview":"max-image-preview:large","max-video-preview":"max-video-preview:-1"},"canonical":"https:\/\/franciscanos.org.br\/noticias\/paroquia-santa-clara-de-imbarie-em-tempos-de-pandemia.html","og_locale":"pt_BR","og_type":"article","og_title":"Par\u00f3quia Santa Clara de Imbari\u00ea em tempos de pandemia - Not\u00edcias - Franciscanos","og_description":"Par\u00f3quia Santa Clara de Imbari\u00ea","og_url":"https:\/\/franciscanos.org.br\/noticias\/paroquia-santa-clara-de-imbarie-em-tempos-de-pandemia.html","og_site_name":"Not\u00edcias - Franciscanos","article_published_time":"2020-06-05T12:59:53+00:00","article_modified_time":"2020-06-05T13:11:58+00:00","og_image":[{"width":800,"height":600,"url":"https:\/\/franciscanos.org.br\/noticias\/wp-content\/uploads\/2020\/06\/imbairie_1d.jpg","type":"image\/jpeg"}],"author":"moacir","twitter_card":"summary_large_image","twitter_misc":{"Escrito por":"moacir","Est. tempo de leitura":"24 minutos"},"schema":{"@context":"https:\/\/schema.org","@graph":[{"@type":"WebSite","@id":"https:\/\/franciscanos.org.br\/noticias\/#website","url":"https:\/\/franciscanos.org.br\/noticias\/","name":"Not\u00edcias - Franciscanos","description":"Prov\u00edncia Franciscana da Imaculada Concei\u00e7\u00e3o do Brasil - Ordem dos Frades Menores - OFM","potentialAction":[{"@type":"SearchAction","target":{"@type":"EntryPoint","urlTemplate":"https:\/\/franciscanos.org.br\/noticias\/?s={search_term_string}"},"query-input":"required name=search_term_string"}],"inLanguage":"pt-BR"},{"@type":"ImageObject","inLanguage":"pt-BR","@id":"https:\/\/franciscanos.org.br\/noticias\/paroquia-santa-clara-de-imbarie-em-tempos-de-pandemia.html#primaryimage","url":"https:\/\/franciscanos.org.br\/noticias\/wp-content\/uploads\/2020\/06\/imbairie_1d.jpg","contentUrl":"https:\/\/franciscanos.org.br\/noticias\/wp-content\/uploads\/2020\/06\/imbairie_1d.jpg","width":800,"height":600},{"@type":"WebPage","@id":"https:\/\/franciscanos.org.br\/noticias\/paroquia-santa-clara-de-imbarie-em-tempos-de-pandemia.html#webpage","url":"https:\/\/franciscanos.org.br\/noticias\/paroquia-santa-clara-de-imbarie-em-tempos-de-pandemia.html","name":"Par\u00f3quia Santa Clara de Imbari\u00ea em tempos de pandemia - Not\u00edcias - Franciscanos","isPartOf":{"@id":"https:\/\/franciscanos.org.br\/noticias\/#website"},"primaryImageOfPage":{"@id":"https:\/\/franciscanos.org.br\/noticias\/paroquia-santa-clara-de-imbarie-em-tempos-de-pandemia.html#primaryimage"},"datePublished":"2020-06-05T12:59:53+00:00","dateModified":"2020-06-05T13:11:58+00:00","author":{"@id":"https:\/\/franciscanos.org.br\/noticias\/#\/schema\/person\/b5c8cba458c330ccff548b056e95a5d4"},"breadcrumb":{"@id":"https:\/\/franciscanos.org.br\/noticias\/paroquia-santa-clara-de-imbarie-em-tempos-de-pandemia.html#breadcrumb"},"inLanguage":"pt-BR","potentialAction":[{"@type":"ReadAction","target":["https:\/\/franciscanos.org.br\/noticias\/paroquia-santa-clara-de-imbarie-em-tempos-de-pandemia.html"]}]},{"@type":"BreadcrumbList","@id":"https:\/\/franciscanos.org.br\/noticias\/paroquia-santa-clara-de-imbarie-em-tempos-de-pandemia.html#breadcrumb","itemListElement":[{"@type":"ListItem","position":1,"name":"Home","item":"https:\/\/franciscanos.org.br\/noticias"},{"@type":"ListItem","position":2,"name":"Par\u00f3quia Santa Clara de Imbari\u00ea em tempos de pandemia"}]},{"@type":"Person","@id":"https:\/\/franciscanos.org.br\/noticias\/#\/schema\/person\/b5c8cba458c330ccff548b056e95a5d4","name":"moacir","image":{"@type":"ImageObject","inLanguage":"pt-BR","@id":"https:\/\/franciscanos.org.br\/noticias\/#\/schema\/person\/image\/","url":"https:\/\/secure.gravatar.com\/avatar\/d08aa2ce4c8dd416d4479aa8536fcf64?s=96&d=mm&r=g","contentUrl":"https:\/\/secure.gravatar.com\/avatar\/d08aa2ce4c8dd416d4479aa8536fcf64?s=96&d=mm&r=g","caption":"moacir"},"url":"https:\/\/franciscanos.org.br\/noticias\/author\/moacir"}]}},"_links":{"self":[{"href":"https:\/\/franciscanos.org.br\/noticias\/wp-json\/wp\/v2\/posts\/224151"}],"collection":[{"href":"https:\/\/franciscanos.org.br\/noticias\/wp-json\/wp\/v2\/posts"}],"about":[{"href":"https:\/\/franciscanos.org.br\/noticias\/wp-json\/wp\/v2\/types\/post"}],"author":[{"embeddable":true,"href":"https:\/\/franciscanos.org.br\/noticias\/wp-json\/wp\/v2\/users\/3"}],"replies":[{"embeddable":true,"href":"https:\/\/franciscanos.org.br\/noticias\/wp-json\/wp\/v2\/comments?post=224151"}],"version-history":[{"count":13,"href":"https:\/\/franciscanos.org.br\/noticias\/wp-json\/wp\/v2\/posts\/224151\/revisions"}],"predecessor-version":[{"id":224182,"href":"https:\/\/franciscanos.org.br\/noticias\/wp-json\/wp\/v2\/posts\/224151\/revisions\/224182"}],"wp:featuredmedia":[{"embeddable":true,"href":"https:\/\/franciscanos.org.br\/noticias\/wp-json\/wp\/v2\/media\/224168"}],"wp:attachment":[{"href":"https:\/\/franciscanos.org.br\/noticias\/wp-json\/wp\/v2\/media?parent=224151"}],"wp:term":[{"taxonomy":"category","embeddable":true,"href":"https:\/\/franciscanos.org.br\/noticias\/wp-json\/wp\/v2\/categories?post=224151"},{"taxonomy":"post_tag","embeddable":true,"href":"https:\/\/franciscanos.org.br\/noticias\/wp-json\/wp\/v2\/tags?post=224151"}],"curies":[{"name":"wp","href":"https:\/\/api.w.org\/{rel}","templated":true}]}}