{"id":224141,"date":"2020-06-05T07:35:56","date_gmt":"2020-06-05T10:35:56","guid":{"rendered":"https:\/\/franciscanos.org.br\/noticias\/?p=224141"},"modified":"2020-06-05T08:07:01","modified_gmt":"2020-06-05T11:07:01","slug":"luta-contra-a-fome-fortalece-acao-franciscana-no-rio-de-janeiro","status":"publish","type":"post","link":"https:\/\/franciscanos.org.br\/noticias\/luta-contra-a-fome-fortalece-acao-franciscana-no-rio-de-janeiro.html","title":{"rendered":"Luta contra a fome fortalece a\u00e7\u00e3o franciscana no Rio de Janeiro"},"content":{"rendered":"<p><img loading=\"lazy\" class=\"alignnone size-full wp-image-224142\" src=\"https:\/\/franciscanos.org.br\/noticias\/wp-content\/uploads\/2020\/06\/tenda_0506_2.jpg\" alt=\"\" width=\"890\" height=\"817\" srcset=\"https:\/\/franciscanos.org.br\/noticias\/wp-content\/uploads\/2020\/06\/tenda_0506_2.jpg 890w, https:\/\/franciscanos.org.br\/noticias\/wp-content\/uploads\/2020\/06\/tenda_0506_2-450x413.jpg 450w, https:\/\/franciscanos.org.br\/noticias\/wp-content\/uploads\/2020\/06\/tenda_0506_2-768x705.jpg 768w, https:\/\/franciscanos.org.br\/noticias\/wp-content\/uploads\/2020\/06\/tenda_0506_2-150x138.jpg 150w\" sizes=\"(max-width: 890px) 100vw, 890px\" \/><\/p>\n<p><em>Tenda Franciscana alimenta a popula\u00e7\u00e3o de rua e desempregados no centro da capital fluminense, em meio ao aumento dos impactos da pandemia do novo coronav\u00edrus.<br \/>\n<\/em><br \/>\nO Servi\u00e7o Franciscano de Solidariedade (Sefras), em parceria com o Convento Santo Ant\u00f4nio e a Par\u00f3quia S\u00e3o Bonif\u00e1cio de L\u00edngua Alem\u00e3, deu in\u00edcio, na manh\u00e3 de 04 de junho, aos trabalhos da Tenda Franciscana do Largo da Carioca para alimentar a popula\u00e7\u00e3o de rua e desempregada no centro da cidade do Rio de Janeiro. Aos p\u00e9s do centen\u00e1rio Convento, o local torna-se s\u00edmbolo da a\u00e7\u00e3o social franciscana em todo o Estado fluminense.<\/p>\n<p>\u201cNeste momento de pandemia, temos lutado contra tr\u00eas grandes males nas ruas e em comunidades brasileiras: a fome, pois milhares de pessoas n\u00e3o t\u00eam o que comer com o isolamento; a febre, com o avan\u00e7o implac\u00e1vel da Covid-19 nos grupos vulner\u00e1veis; e o frio dos mais empobrecidos e desvalidos com a aproxima\u00e7\u00e3o do inverno\u201d, disse o diretor-presidente do Sefras, Frei Jos\u00e9 Francisco.<\/p>\n<p>No primeiro dia, foram distribu\u00eddas 200 refei\u00e7\u00f5es produzidas na cozinha do Convento, que abriu suas portas para esta a\u00e7\u00e3o. Um n\u00famero que tende a se multiplicar nos dias decorrentes, com o aumento da demanda e da solidariedade da popula\u00e7\u00e3o, a partir da doa\u00e7\u00e3o de alimentos e voluntarismo para a produ\u00e7\u00e3o e entrega das marmitas. \u00a0Basta ver que para esta sexta (5\/6), j\u00e1 foram provisionadas 400 quentinhas.<\/p>\n<p>\u201cSe uma grande caminhada come\u00e7a com um pequeno passo, esse primeiro dia de a\u00e7\u00e3o na Tenda Franciscana do Rio de Janeiro certamente marcar\u00e1 o in\u00edcio de uma bonita hist\u00f3ria de amor, compaix\u00e3o e solidariedade\u201d, afirmou o Frei Diego, vice-presidente do Sefras e respons\u00e1vel pela Tenda.<\/p>\n<p>Segundo ele, essa miss\u00e3o n\u00e3o apenas saciar\u00e1 a fome de quem n\u00e3o tem o que comer, como tamb\u00e9m de quem sente o desejo de se doar e fazer acontecer: \u201cAfinal, como nos lembra a ora\u00e7\u00e3o atribu\u00edda a S\u00e3o Francisco, \u00e9 dando que se recebe\u201d.<\/p>\n<p>A vis\u00e3o do Frei Diego encontra respaldo na atitude dos cariocas. T\u00e3o logo as refei\u00e7\u00f5es foram servidas, dezenas de doa\u00e7\u00f5es come\u00e7aram a chegar ao Convento e \u00e0 Par\u00f3quia, os dois pontos de coleta de doa\u00e7\u00f5es para a iniciativa, que funcionar\u00e1 todos os dias e n\u00e3o tem data para ser encerrada.<\/p>\n<p><img loading=\"lazy\" class=\"alignnone size-full wp-image-224143\" src=\"https:\/\/franciscanos.org.br\/noticias\/wp-content\/uploads\/2020\/06\/tenda_0506_1.jpg\" alt=\"\" width=\"890\" height=\"1467\" srcset=\"https:\/\/franciscanos.org.br\/noticias\/wp-content\/uploads\/2020\/06\/tenda_0506_1.jpg 890w, https:\/\/franciscanos.org.br\/noticias\/wp-content\/uploads\/2020\/06\/tenda_0506_1-273x450.jpg 273w, https:\/\/franciscanos.org.br\/noticias\/wp-content\/uploads\/2020\/06\/tenda_0506_1-621x1024.jpg 621w, https:\/\/franciscanos.org.br\/noticias\/wp-content\/uploads\/2020\/06\/tenda_0506_1-768x1266.jpg 768w, https:\/\/franciscanos.org.br\/noticias\/wp-content\/uploads\/2020\/06\/tenda_0506_1-150x247.jpg 150w\" sizes=\"(max-width: 890px) 100vw, 890px\" \/><\/p>\n<p><strong>Campanha para todos<\/strong><\/p>\n<p>A Tenda Franciscana no Rio de Janeiro faz parte de uma grande a\u00e7\u00e3o franciscana de enfrentamento \u00e0 pandemia do novo coronav\u00edrus, idealizada pelo Sefras. Iniciada em mar\u00e7o em S\u00e3o Paulo e nas cidades fluminenses de Petr\u00f3polis, Tangu\u00e1 e Duque de Caxias, ela j\u00e1 distribuiu, at\u00e9 o dia 5 de junho, mais de 130 toneladas de alimentos, entre cestas b\u00e1sicas (12 mil) e marmitas (170 mil), al\u00e9m de milhares de cobertores, kits de higiene e itens de prote\u00e7\u00e3o individual.<br \/>\n<strong><br \/>\n<\/strong>Para fortalecer ainda mais esta a\u00e7\u00e3o, foi lan\u00e7ada, em conjunto com a Tenda, a campanha <em>Vida para Todos<\/em>, em defesa daqueles que est\u00e3o em maior vulnerabilidade social: pessoas em situa\u00e7\u00e3o de rua, comunidades imigrantes, idosos sozinhos e crian\u00e7as e suas fam\u00edlias empobrecidas.<\/p>\n<p><img loading=\"lazy\" class=\"alignnone size-full wp-image-224144\" src=\"https:\/\/franciscanos.org.br\/noticias\/wp-content\/uploads\/2020\/06\/tenda_0506.jpg\" alt=\"\" width=\"890\" height=\"609\" srcset=\"https:\/\/franciscanos.org.br\/noticias\/wp-content\/uploads\/2020\/06\/tenda_0506.jpg 890w, https:\/\/franciscanos.org.br\/noticias\/wp-content\/uploads\/2020\/06\/tenda_0506-450x308.jpg 450w, https:\/\/franciscanos.org.br\/noticias\/wp-content\/uploads\/2020\/06\/tenda_0506-768x526.jpg 768w, https:\/\/franciscanos.org.br\/noticias\/wp-content\/uploads\/2020\/06\/tenda_0506-150x103.jpg 150w, https:\/\/franciscanos.org.br\/noticias\/wp-content\/uploads\/2020\/06\/tenda_0506-320x220.jpg 320w\" sizes=\"(max-width: 890px) 100vw, 890px\" \/><\/p>\n<p>Al\u00e9m dos valores franciscanos, a campanha tamb\u00e9m joga luz sobre a necessidade de ir al\u00e9m dos n\u00fameros de cont\u00e1gio e mortes, para enxergar cada vida que \u00e9 impactada pela pandemia. \u201cPrecisamos olhar para cada uma dessas hist\u00f3rias, pois o fim do isolamento n\u00e3o significa, para elas, o fim da fome, da exclus\u00e3o e da desigualdade\u201d, lembra o Frei Jos\u00e9 Francisco.<\/p>\n<p>O clamor pela vida \u00e9 tamb\u00e9m uma responsabilidade do Sefras. Todos os colaboradores e volunt\u00e1rios das a\u00e7\u00f5es de campo s\u00e3o monitorados e testados em massa para a Covid-19. J\u00e1 os participantes dos projetos s\u00e3o testados t\u00e3o logo apresentem algum dos sintomas. Em caso positivo, todos s\u00e3o encaminhados para o sistema de sa\u00fade.<\/p>\n<p>Para conhecer mais sobre a a\u00e7\u00e3o e a campanha, acesse as redes sociais (@sefras.org.br) e o site <a href=\"http:\/\/www.sefras.org.br\/\">www.sefras.org.br<\/a>. Doa\u00e7\u00f5es podem ser feitas no www.doesefras.org.br.<\/p>\n<p>&nbsp;<\/p>\n<p><iframe loading=\"lazy\" title=\"Franciscanos distribuem quentinhas no Centro do Rio de Janeiro\" width=\"500\" height=\"281\" src=\"https:\/\/www.youtube.com\/embed\/2JFGpDxxu_4?feature=oembed\" frameborder=\"0\" allow=\"accelerometer; autoplay; encrypted-media; gyroscope; picture-in-picture\" allowfullscreen><\/iframe><\/p>\n<p><img loading=\"lazy\" class=\"alignnone size-full wp-image-224145\" src=\"https:\/\/franciscanos.org.br\/noticias\/wp-content\/uploads\/2020\/06\/01-1.jpg\" alt=\"\" width=\"1280\" height=\"1280\" srcset=\"https:\/\/franciscanos.org.br\/noticias\/wp-content\/uploads\/2020\/06\/01-1.jpg 1280w, https:\/\/franciscanos.org.br\/noticias\/wp-content\/uploads\/2020\/06\/01-1-450x450.jpg 450w, https:\/\/franciscanos.org.br\/noticias\/wp-content\/uploads\/2020\/06\/01-1-1024x1024.jpg 1024w, https:\/\/franciscanos.org.br\/noticias\/wp-content\/uploads\/2020\/06\/01-1-300x300.jpg 300w, https:\/\/franciscanos.org.br\/noticias\/wp-content\/uploads\/2020\/06\/01-1-768x768.jpg 768w, https:\/\/franciscanos.org.br\/noticias\/wp-content\/uploads\/2020\/06\/01-1-150x150.jpg 150w, https:\/\/franciscanos.org.br\/noticias\/wp-content\/uploads\/2020\/06\/01-1-100x100.jpg 100w\" sizes=\"(max-width: 1280px) 100vw, 1280px\" \/><\/p>\n<p><img loading=\"lazy\" class=\"alignnone size-full wp-image-224146\" src=\"https:\/\/franciscanos.org.br\/noticias\/wp-content\/uploads\/2020\/06\/02.jpg\" alt=\"\" width=\"1280\" height=\"1280\" srcset=\"https:\/\/franciscanos.org.br\/noticias\/wp-content\/uploads\/2020\/06\/02.jpg 1280w, https:\/\/franciscanos.org.br\/noticias\/wp-content\/uploads\/2020\/06\/02-450x450.jpg 450w, https:\/\/franciscanos.org.br\/noticias\/wp-content\/uploads\/2020\/06\/02-1024x1024.jpg 1024w, https:\/\/franciscanos.org.br\/noticias\/wp-content\/uploads\/2020\/06\/02-300x300.jpg 300w, https:\/\/franciscanos.org.br\/noticias\/wp-content\/uploads\/2020\/06\/02-768x768.jpg 768w, https:\/\/franciscanos.org.br\/noticias\/wp-content\/uploads\/2020\/06\/02-150x150.jpg 150w, https:\/\/franciscanos.org.br\/noticias\/wp-content\/uploads\/2020\/06\/02-100x100.jpg 100w\" sizes=\"(max-width: 1280px) 100vw, 1280px\" \/><\/p>\n<p><img loading=\"lazy\" class=\"alignnone size-full wp-image-224147\" src=\"https:\/\/franciscanos.org.br\/noticias\/wp-content\/uploads\/2020\/06\/03.jpg\" alt=\"\" width=\"1280\" height=\"1280\" srcset=\"https:\/\/franciscanos.org.br\/noticias\/wp-content\/uploads\/2020\/06\/03.jpg 1280w, https:\/\/franciscanos.org.br\/noticias\/wp-content\/uploads\/2020\/06\/03-450x450.jpg 450w, https:\/\/franciscanos.org.br\/noticias\/wp-content\/uploads\/2020\/06\/03-1024x1024.jpg 1024w, https:\/\/franciscanos.org.br\/noticias\/wp-content\/uploads\/2020\/06\/03-300x300.jpg 300w, https:\/\/franciscanos.org.br\/noticias\/wp-content\/uploads\/2020\/06\/03-768x768.jpg 768w, https:\/\/franciscanos.org.br\/noticias\/wp-content\/uploads\/2020\/06\/03-150x150.jpg 150w, https:\/\/franciscanos.org.br\/noticias\/wp-content\/uploads\/2020\/06\/03-100x100.jpg 100w\" sizes=\"(max-width: 1280px) 100vw, 1280px\" \/><\/p>\n","protected":false},"excerpt":{"rendered":"<p>Servi\u00e7o Franciscano de Solidariedade<\/p>\n","protected":false},"author":3,"featured_media":224148,"comment_status":"open","ping_status":"open","sticky":false,"template":"","format":"standard","meta":[],"categories":[1],"tags":[228,1631],"acf":[],"yoast_head":"<!-- This site is optimized with the Yoast SEO plugin v19.2 - https:\/\/yoast.com\/wordpress\/plugins\/seo\/ -->\n<title>Luta contra a fome fortalece a\u00e7\u00e3o franciscana no Rio de Janeiro - Not\u00edcias - Franciscanos<\/title>\n<meta name=\"robots\" content=\"index, follow, max-snippet:-1, max-image-preview:large, max-video-preview:-1\" \/>\n<link rel=\"canonical\" href=\"https:\/\/franciscanos.org.br\/noticias\/luta-contra-a-fome-fortalece-acao-franciscana-no-rio-de-janeiro.html\" \/>\n<meta property=\"og:locale\" content=\"pt_BR\" \/>\n<meta property=\"og:type\" content=\"article\" \/>\n<meta property=\"og:title\" content=\"Luta contra a fome fortalece a\u00e7\u00e3o franciscana no Rio de Janeiro - Not\u00edcias - Franciscanos\" \/>\n<meta property=\"og:description\" content=\"Servi\u00e7o Franciscano de Solidariedade\" \/>\n<meta property=\"og:url\" content=\"https:\/\/franciscanos.org.br\/noticias\/luta-contra-a-fome-fortalece-acao-franciscana-no-rio-de-janeiro.html\" \/>\n<meta property=\"og:site_name\" content=\"Not\u00edcias - Franciscanos\" \/>\n<meta property=\"article:published_time\" content=\"2020-06-05T10:35:56+00:00\" \/>\n<meta property=\"article:modified_time\" content=\"2020-06-05T11:07:01+00:00\" \/>\n<meta property=\"og:image\" content=\"https:\/\/franciscanos.org.br\/noticias\/wp-content\/uploads\/2020\/06\/tenda_0506d.jpg\" \/>\n\t<meta property=\"og:image:width\" content=\"800\" \/>\n\t<meta property=\"og:image:height\" content=\"600\" \/>\n\t<meta property=\"og:image:type\" content=\"image\/jpeg\" \/>\n<meta name=\"author\" content=\"moacir\" \/>\n<meta name=\"twitter:card\" content=\"summary_large_image\" \/>\n<meta name=\"twitter:label1\" content=\"Escrito por\" \/>\n\t<meta name=\"twitter:data1\" content=\"moacir\" \/>\n\t<meta name=\"twitter:label2\" content=\"Est. tempo de leitura\" \/>\n\t<meta name=\"twitter:data2\" content=\"4 minutos\" \/>\n<script type=\"application\/ld+json\" class=\"yoast-schema-graph\">{\"@context\":\"https:\/\/schema.org\",\"@graph\":[{\"@type\":\"WebSite\",\"@id\":\"https:\/\/franciscanos.org.br\/noticias\/#website\",\"url\":\"https:\/\/franciscanos.org.br\/noticias\/\",\"name\":\"Not\u00edcias - Franciscanos\",\"description\":\"Prov\u00edncia Franciscana da Imaculada Concei\u00e7\u00e3o do Brasil - Ordem dos Frades Menores - OFM\",\"potentialAction\":[{\"@type\":\"SearchAction\",\"target\":{\"@type\":\"EntryPoint\",\"urlTemplate\":\"https:\/\/franciscanos.org.br\/noticias\/?s={search_term_string}\"},\"query-input\":\"required name=search_term_string\"}],\"inLanguage\":\"pt-BR\"},{\"@type\":\"ImageObject\",\"inLanguage\":\"pt-BR\",\"@id\":\"https:\/\/franciscanos.org.br\/noticias\/luta-contra-a-fome-fortalece-acao-franciscana-no-rio-de-janeiro.html#primaryimage\",\"url\":\"https:\/\/franciscanos.org.br\/noticias\/wp-content\/uploads\/2020\/06\/tenda_0506d.jpg\",\"contentUrl\":\"https:\/\/franciscanos.org.br\/noticias\/wp-content\/uploads\/2020\/06\/tenda_0506d.jpg\",\"width\":800,\"height\":600},{\"@type\":\"WebPage\",\"@id\":\"https:\/\/franciscanos.org.br\/noticias\/luta-contra-a-fome-fortalece-acao-franciscana-no-rio-de-janeiro.html#webpage\",\"url\":\"https:\/\/franciscanos.org.br\/noticias\/luta-contra-a-fome-fortalece-acao-franciscana-no-rio-de-janeiro.html\",\"name\":\"Luta contra a fome fortalece a\u00e7\u00e3o franciscana no Rio de Janeiro - Not\u00edcias - Franciscanos\",\"isPartOf\":{\"@id\":\"https:\/\/franciscanos.org.br\/noticias\/#website\"},\"primaryImageOfPage\":{\"@id\":\"https:\/\/franciscanos.org.br\/noticias\/luta-contra-a-fome-fortalece-acao-franciscana-no-rio-de-janeiro.html#primaryimage\"},\"datePublished\":\"2020-06-05T10:35:56+00:00\",\"dateModified\":\"2020-06-05T11:07:01+00:00\",\"author\":{\"@id\":\"https:\/\/franciscanos.org.br\/noticias\/#\/schema\/person\/b5c8cba458c330ccff548b056e95a5d4\"},\"breadcrumb\":{\"@id\":\"https:\/\/franciscanos.org.br\/noticias\/luta-contra-a-fome-fortalece-acao-franciscana-no-rio-de-janeiro.html#breadcrumb\"},\"inLanguage\":\"pt-BR\",\"potentialAction\":[{\"@type\":\"ReadAction\",\"target\":[\"https:\/\/franciscanos.org.br\/noticias\/luta-contra-a-fome-fortalece-acao-franciscana-no-rio-de-janeiro.html\"]}]},{\"@type\":\"BreadcrumbList\",\"@id\":\"https:\/\/franciscanos.org.br\/noticias\/luta-contra-a-fome-fortalece-acao-franciscana-no-rio-de-janeiro.html#breadcrumb\",\"itemListElement\":[{\"@type\":\"ListItem\",\"position\":1,\"name\":\"Home\",\"item\":\"https:\/\/franciscanos.org.br\/noticias\"},{\"@type\":\"ListItem\",\"position\":2,\"name\":\"Luta contra a fome fortalece a\u00e7\u00e3o franciscana no Rio de Janeiro\"}]},{\"@type\":\"Person\",\"@id\":\"https:\/\/franciscanos.org.br\/noticias\/#\/schema\/person\/b5c8cba458c330ccff548b056e95a5d4\",\"name\":\"moacir\",\"image\":{\"@type\":\"ImageObject\",\"inLanguage\":\"pt-BR\",\"@id\":\"https:\/\/franciscanos.org.br\/noticias\/#\/schema\/person\/image\/\",\"url\":\"https:\/\/secure.gravatar.com\/avatar\/d08aa2ce4c8dd416d4479aa8536fcf64?s=96&d=mm&r=g\",\"contentUrl\":\"https:\/\/secure.gravatar.com\/avatar\/d08aa2ce4c8dd416d4479aa8536fcf64?s=96&d=mm&r=g\",\"caption\":\"moacir\"},\"url\":\"https:\/\/franciscanos.org.br\/noticias\/author\/moacir\"}]}<\/script>\n<!-- \/ Yoast SEO plugin. -->","yoast_head_json":{"title":"Luta contra a fome fortalece a\u00e7\u00e3o franciscana no Rio de Janeiro - Not\u00edcias - Franciscanos","robots":{"index":"index","follow":"follow","max-snippet":"max-snippet:-1","max-image-preview":"max-image-preview:large","max-video-preview":"max-video-preview:-1"},"canonical":"https:\/\/franciscanos.org.br\/noticias\/luta-contra-a-fome-fortalece-acao-franciscana-no-rio-de-janeiro.html","og_locale":"pt_BR","og_type":"article","og_title":"Luta contra a fome fortalece a\u00e7\u00e3o franciscana no Rio de Janeiro - Not\u00edcias - Franciscanos","og_description":"Servi\u00e7o Franciscano de Solidariedade","og_url":"https:\/\/franciscanos.org.br\/noticias\/luta-contra-a-fome-fortalece-acao-franciscana-no-rio-de-janeiro.html","og_site_name":"Not\u00edcias - Franciscanos","article_published_time":"2020-06-05T10:35:56+00:00","article_modified_time":"2020-06-05T11:07:01+00:00","og_image":[{"width":800,"height":600,"url":"https:\/\/franciscanos.org.br\/noticias\/wp-content\/uploads\/2020\/06\/tenda_0506d.jpg","type":"image\/jpeg"}],"author":"moacir","twitter_card":"summary_large_image","twitter_misc":{"Escrito por":"moacir","Est. tempo de leitura":"4 minutos"},"schema":{"@context":"https:\/\/schema.org","@graph":[{"@type":"WebSite","@id":"https:\/\/franciscanos.org.br\/noticias\/#website","url":"https:\/\/franciscanos.org.br\/noticias\/","name":"Not\u00edcias - Franciscanos","description":"Prov\u00edncia Franciscana da Imaculada Concei\u00e7\u00e3o do Brasil - Ordem dos Frades Menores - OFM","potentialAction":[{"@type":"SearchAction","target":{"@type":"EntryPoint","urlTemplate":"https:\/\/franciscanos.org.br\/noticias\/?s={search_term_string}"},"query-input":"required name=search_term_string"}],"inLanguage":"pt-BR"},{"@type":"ImageObject","inLanguage":"pt-BR","@id":"https:\/\/franciscanos.org.br\/noticias\/luta-contra-a-fome-fortalece-acao-franciscana-no-rio-de-janeiro.html#primaryimage","url":"https:\/\/franciscanos.org.br\/noticias\/wp-content\/uploads\/2020\/06\/tenda_0506d.jpg","contentUrl":"https:\/\/franciscanos.org.br\/noticias\/wp-content\/uploads\/2020\/06\/tenda_0506d.jpg","width":800,"height":600},{"@type":"WebPage","@id":"https:\/\/franciscanos.org.br\/noticias\/luta-contra-a-fome-fortalece-acao-franciscana-no-rio-de-janeiro.html#webpage","url":"https:\/\/franciscanos.org.br\/noticias\/luta-contra-a-fome-fortalece-acao-franciscana-no-rio-de-janeiro.html","name":"Luta contra a fome fortalece a\u00e7\u00e3o franciscana no Rio de Janeiro - Not\u00edcias - Franciscanos","isPartOf":{"@id":"https:\/\/franciscanos.org.br\/noticias\/#website"},"primaryImageOfPage":{"@id":"https:\/\/franciscanos.org.br\/noticias\/luta-contra-a-fome-fortalece-acao-franciscana-no-rio-de-janeiro.html#primaryimage"},"datePublished":"2020-06-05T10:35:56+00:00","dateModified":"2020-06-05T11:07:01+00:00","author":{"@id":"https:\/\/franciscanos.org.br\/noticias\/#\/schema\/person\/b5c8cba458c330ccff548b056e95a5d4"},"breadcrumb":{"@id":"https:\/\/franciscanos.org.br\/noticias\/luta-contra-a-fome-fortalece-acao-franciscana-no-rio-de-janeiro.html#breadcrumb"},"inLanguage":"pt-BR","potentialAction":[{"@type":"ReadAction","target":["https:\/\/franciscanos.org.br\/noticias\/luta-contra-a-fome-fortalece-acao-franciscana-no-rio-de-janeiro.html"]}]},{"@type":"BreadcrumbList","@id":"https:\/\/franciscanos.org.br\/noticias\/luta-contra-a-fome-fortalece-acao-franciscana-no-rio-de-janeiro.html#breadcrumb","itemListElement":[{"@type":"ListItem","position":1,"name":"Home","item":"https:\/\/franciscanos.org.br\/noticias"},{"@type":"ListItem","position":2,"name":"Luta contra a fome fortalece a\u00e7\u00e3o franciscana no Rio de Janeiro"}]},{"@type":"Person","@id":"https:\/\/franciscanos.org.br\/noticias\/#\/schema\/person\/b5c8cba458c330ccff548b056e95a5d4","name":"moacir","image":{"@type":"ImageObject","inLanguage":"pt-BR","@id":"https:\/\/franciscanos.org.br\/noticias\/#\/schema\/person\/image\/","url":"https:\/\/secure.gravatar.com\/avatar\/d08aa2ce4c8dd416d4479aa8536fcf64?s=96&d=mm&r=g","contentUrl":"https:\/\/secure.gravatar.com\/avatar\/d08aa2ce4c8dd416d4479aa8536fcf64?s=96&d=mm&r=g","caption":"moacir"},"url":"https:\/\/franciscanos.org.br\/noticias\/author\/moacir"}]}},"_links":{"self":[{"href":"https:\/\/franciscanos.org.br\/noticias\/wp-json\/wp\/v2\/posts\/224141"}],"collection":[{"href":"https:\/\/franciscanos.org.br\/noticias\/wp-json\/wp\/v2\/posts"}],"about":[{"href":"https:\/\/franciscanos.org.br\/noticias\/wp-json\/wp\/v2\/types\/post"}],"author":[{"embeddable":true,"href":"https:\/\/franciscanos.org.br\/noticias\/wp-json\/wp\/v2\/users\/3"}],"replies":[{"embeddable":true,"href":"https:\/\/franciscanos.org.br\/noticias\/wp-json\/wp\/v2\/comments?post=224141"}],"version-history":[{"count":2,"href":"https:\/\/franciscanos.org.br\/noticias\/wp-json\/wp\/v2\/posts\/224141\/revisions"}],"predecessor-version":[{"id":224150,"href":"https:\/\/franciscanos.org.br\/noticias\/wp-json\/wp\/v2\/posts\/224141\/revisions\/224150"}],"wp:featuredmedia":[{"embeddable":true,"href":"https:\/\/franciscanos.org.br\/noticias\/wp-json\/wp\/v2\/media\/224148"}],"wp:attachment":[{"href":"https:\/\/franciscanos.org.br\/noticias\/wp-json\/wp\/v2\/media?parent=224141"}],"wp:term":[{"taxonomy":"category","embeddable":true,"href":"https:\/\/franciscanos.org.br\/noticias\/wp-json\/wp\/v2\/categories?post=224141"},{"taxonomy":"post_tag","embeddable":true,"href":"https:\/\/franciscanos.org.br\/noticias\/wp-json\/wp\/v2\/tags?post=224141"}],"curies":[{"name":"wp","href":"https:\/\/api.w.org\/{rel}","templated":true}]}}