{"id":224134,"date":"2020-06-04T08:00:15","date_gmt":"2020-06-04T11:00:15","guid":{"rendered":"https:\/\/franciscanos.org.br\/noticias\/?p=224134"},"modified":"2020-06-05T11:29:53","modified_gmt":"2020-06-05T14:29:53","slug":"a-esperanca-de-francisco-da-oracao-na-praca-vazia-ao-terco-nos-jardins-do-vaticano","status":"publish","type":"post","link":"https:\/\/franciscanos.org.br\/noticias\/a-esperanca-de-francisco-da-oracao-na-praca-vazia-ao-terco-nos-jardins-do-vaticano.html","title":{"rendered":"A esperan\u00e7a de Francisco: da ora\u00e7\u00e3o na Pra\u00e7a vazia ao Ter\u00e7o nos Jardins do Vaticano"},"content":{"rendered":"<h1 class=\"article__title\"><img loading=\"lazy\" class=\"alignnone size-full wp-image-224185\" src=\"https:\/\/franciscanos.org.br\/noticias\/wp-content\/uploads\/2020\/06\/papa_05.png\" alt=\"\" width=\"890\" height=\"495\" srcset=\"https:\/\/franciscanos.org.br\/noticias\/wp-content\/uploads\/2020\/06\/papa_05.png 890w, https:\/\/franciscanos.org.br\/noticias\/wp-content\/uploads\/2020\/06\/papa_05-450x250.png 450w, https:\/\/franciscanos.org.br\/noticias\/wp-content\/uploads\/2020\/06\/papa_05-768x427.png 768w, https:\/\/franciscanos.org.br\/noticias\/wp-content\/uploads\/2020\/06\/papa_05-150x83.png 150w\" sizes=\"(max-width: 890px) 100vw, 890px\" \/><\/h1>\n<p>&nbsp;<\/p>\n<div class=\"title__separator\">Naquele chuvoso fim de tarde em Roma, um homem sozinho acolheu numa enorme Pra\u00e7a vazia o mundo inteiro. Francisco, Papa desde mar\u00e7o de 2013, sempre encontrou ali multid\u00f5es. Alegres, sorridentes, orantes, presentes. Porque o cont\u00e1gio crist\u00e3o faz-se de abra\u00e7os e partilha.<\/div>\n<div class=\"article__text\">\n<p>E, de repente, devido ao novo coronav\u00edrus, o mundo ficou doente e teve que se proteger de um cont\u00e1gio t\u00e3o forte que se transformou em pandemia. Era obrigat\u00f3rio ficar em casa. Pela sa\u00fade p\u00fablica.<\/p>\n<p>Naquele dia 27 de mar\u00e7o, na proximidade f\u00edsica e territorial italiana, que envolve o Papa, tinham morrido mais de 900 pessoas em 24 horas por covid-19 que \u00e9 a doen\u00e7a respirat\u00f3ria causada pelo novo\u00a0<i>coronav\u00edrus<\/i>. Vivia-se um ambiente de dor, de sofrimento, de ang\u00fastia e de incerteza em rela\u00e7\u00e3o ao futuro.<\/p>\n<div>\n<div class=\"article__embed article__embed--unwrap article__embed--dark\">\n<h3 class=\"article__innerTitle\">No mesmo barco com o Papa<\/h3>\n<\/div>\n<\/div>\n<p>Francisco cedo reagiu. Deixou-se aconselhar e percebeu que o tempo era de intensificar a comunica\u00e7\u00e3o. A partir de meados de mar\u00e7o a missa em Santa Marta passou a ser transmitida em direto para todo o mundo at\u00e9 ao passado dia 18 de maio. Transformou-se num fen\u00f4meno de comunica\u00e7\u00e3o, verdadeiro v\u00ednculo quotidiano de esperan\u00e7a.<\/p>\n<p>Naquela sexta-feira da Quaresma, 27 de mar\u00e7o, o Papa organizou uma ora\u00e7\u00e3o pela humanidade e quis junto de si o Crucifixo de S. Marcelo que em 1522 p\u00f4s fim \u00e0 peste em Roma. Quis tamb\u00e9m o \u00edcone da<em> Salus Populi Romani,<\/em> a Imagem protetora do povo romano, que estar\u00e1 em Portugal para as Jornadas Mundiais da Juventude agora adiadas para 2023.<\/p>\n<p>O Santo Padre inspirou-se no Evangelho de S. Marcos na passagem que nos revela o Senhor que acalma a tempestade e diz aos seus disc\u00edpulos: porque estais com medo? Ainda n\u00e3o tendes f\u00e9?<\/p>\n<p>Na sua medita\u00e7\u00e3o, o Papa lembrou que tamb\u00e9m a humanidade est\u00e1 no meio de uma tempestade e afirmou: \u201c\u00c0 semelhan\u00e7a dos disc\u00edpulos do Evangelho, fomos surpreendidos por uma tempestade inesperada e furibunda. Demo-nos conta de estar no mesmo barco\u201d.<\/p>\n<p>Juntos na mesma situa\u00e7\u00e3o \u2013 recordou Francisco apelando para o perigo da autossufici\u00eancia que pode levar \u00e0 realidade de \u201csozinhos\u201d nos afundarmos.<\/p>\n<p>\u201cConvidemos Jesus a subir para o barco da nossa vida\u201d \u2013 disse o Papa exortando todos a abra\u00e7arem a cruz de Cristo, pois, s\u00f3 assim, poderemos encontrar \u201cnovas formas de hospitalidade, de fraternidade e de solidariedade\u201d \u2013 sublinhou o Santo Padre que no final desta ora\u00e7\u00e3o, num significativo momento de espiritualidade crist\u00e3, deu a b\u00ean\u00e7\u00e3o eucar\u00edstica em transmiss\u00e3o mundial.<\/p>\n<h3>Na P\u00e1scoa, o direito \u00e0 esperan\u00e7a<\/h3>\n<p>Durante as celebra\u00e7\u00f5es pascais de 2020 no Vaticano, organizadas no confinamento a que a pandemia obrigou, destaque para a homilia de Francisco na Vig\u00edlia Pascal e para a Mensagem <em>Urbi Orbi<\/em> na manh\u00e3 de P\u00e1scoa.<\/p>\n<p>Na vig\u00edlia, m\u00e3e de todas as vig\u00edlias, a ressurrei\u00e7\u00e3o do Senhor foi celebrada com uma forte exorta\u00e7\u00e3o \u00e0 esperan\u00e7a. O Papa declarou um novo direito fundamental: o direito \u00e0 esperan\u00e7a.<\/p>\n<p>\u201cNesta noite conquistamos um direito fundamental, que n\u00e3o nos ser\u00e1 tirado: o direito \u00e0 esperan\u00e7a. \u00c9 uma esperan\u00e7a nova, viva, que vem de Deus, n\u00e3o \u00e9 mero otimismo, n\u00e3o s\u00e3o umas pancadinhas nas costas ou um encorajamento de circunst\u00e2ncia. \u00c9 um dom do c\u00e9u, que n\u00e3o conseguir\u00edamos obter sozinhos\u201d \u2013 disse Francisco.<\/p>\n<p>O Papa declarou ainda que \u201ca esperan\u00e7a de Jesus \u00e9 diferente\u201d porque \u201cat\u00e9 de um t\u00famulo faz surgir vida\u201d.\u00a0 Fazendo uma clara alus\u00e3o ao sofrimento e incerteza que o mundo vivia, o Santo Padre assinalou n\u00e3o ser poss\u00edvel ceder \u00e0 resigna\u00e7\u00e3o dizendo para n\u00e3o colocarmos \u201cuma pedra por cima da esperan\u00e7a\u201d.<\/p>\n<p>\u201cPodemos e devemos esperar, porque Deus \u00e9 fiel. N\u00e3o nos deixou s\u00f3s, visitou-nos: ele chegou a cada umas das nossas situa\u00e7\u00f5es, na dor, na ang\u00fastia, na morte. A Sua luz iluminou a escurid\u00e3o do sepulcro: hoje quer alcan\u00e7ar os cantos mais sombrios da vida. Irm\u00e3, irm\u00e3o, mesmo que no cora\u00e7\u00e3o enterraste a esperan\u00e7a n\u00e3o desistas: Deus \u00e9 maior. Escurid\u00e3o e morte n\u00e3o t\u00eam a \u00faltima palavra. Coragem, com Deus nada est\u00e1 perdido!\u201d \u2013 disse o Papa na sua homilia na Vig\u00edlia Pascal.<\/p>\n<p>Na Mensagem e B\u00ean\u00e7\u00e3o <em>Urbi et Orbi<\/em> na manh\u00e3 de P\u00e1scoa o Papa Francisco afirmou que com a Ressurrei\u00e7\u00e3o de Cristo uma \u201cBoa Not\u00edcia\u201d se acendeu na noite: \u201ca noite de um mundo j\u00e1 ocupado com grandes desafios e agora oprimido pela pandemia, que mete em dura prova a nossa fam\u00edlia humana. Nesta noite ressoou a voz da Igreja: Cristo minha esperan\u00e7a, ressuscitou!\u201d<\/p>\n<p>Francisco afirmou que a esperan\u00e7a da Ressurrei\u00e7\u00e3o \u201c\u00e9 um outro cont\u00e1gio, que se transmite de cora\u00e7\u00e3o a cora\u00e7\u00e3o&#8221;. Para Francisco este \u00e9 o \u201ccont\u00e1gio da esperan\u00e7a\u201d: \u201cCristo minha esperan\u00e7a, Ressuscitou! \u2013 N\u00e3o se trata de uma f\u00f3rmula m\u00e1gica, que fa\u00e7a desaparecer os problemas. N\u00e3o, a ressurrei\u00e7\u00e3o de Cristo n\u00e3o \u00e9 isso. \u00c9 a vit\u00f3ria do amor sobre a raiz do mal, uma vit\u00f3ria que n\u00e3o passa por cima do sofrimento e da morte, mas atravessa-as abrindo uma estrada no abismo, transformando o mal no bem\u201d \u2013 disse o Papa.<\/p>\n<h3>Rezar o Ter\u00e7o dando esperan\u00e7a a quem sofre<\/h3>\n<p>No final do m\u00eas mariano, a 30 de maio, o Papa Francisco, numa iniciativa do Conselho Pontif\u00edcio para a Promo\u00e7\u00e3o da Nova Evangeliza\u00e7\u00e3o, rezou o Ter\u00e7o no Vaticano em especial liga\u00e7\u00e3o com os santu\u00e1rios marianos e com todo o mundo.<\/p>\n<p>Foi a partir da r\u00e9plica da Gruta de Lourdes que se encontra bem no cora\u00e7\u00e3o dos Jardins do Vaticano que o Papa Francisco rezou o Ter\u00e7o para pedir a consola\u00e7\u00e3o de Nossa Senhora para enfrentar a pandemia.<\/p>\n<p>Uma ora\u00e7\u00e3o plena de esperan\u00e7a vivida nos primeiros passos que se v\u00e3o fazendo de desconfinamento e de regresso a alguma normalidade. A frase que orientou a espiritualidade daquele momento foi retirada dos Atos dos Ap\u00f3stolos (1,14): \u201cTodos se uniram constantemente em ora\u00e7\u00e3o, juntamente com Maria\u201d.<\/p>\n<p>Com o Papa estiveram em liga\u00e7\u00e3o direta de inten\u00e7\u00f5es e comunh\u00e3o os santu\u00e1rios marianos espalhados pelo mundo: Lourdes (Fran\u00e7a), Lujan (Argentina), Guadalupe (M\u00e9xico), Elele (Nig\u00e9ria), San Giovanni Rotondo e Pompeia (It\u00e1lia), o Santu\u00e1rio da Imaculada Concei\u00e7\u00e3o em Washington (EUA) e claro o Santu\u00e1rio de F\u00e1tima em Portugal.<\/p>\n<p>O Ter\u00e7o foi rezado com a participa\u00e7\u00e3o de pessoas atingidas pelo novo coronav\u00edrus: m\u00e9dicos, enfermeiros, doentes curados, fam\u00edlias em luto, capel\u00e3es, farmac\u00eauticos, jornalistas e volunt\u00e1rios, e tamb\u00e9m uma fam\u00edlia que teve h\u00e1 pouco tempo um filho. Um verdadeiro s\u00edmbolo de esperan\u00e7a.<\/p>\n<p>No Ter\u00e7o, rezado com grande intensidade, em transmiss\u00e3o direta para todo o mundo, recordamos o excerto final da ora\u00e7\u00e3o do Papa:<\/p>\n<p>\u201c\u00d3 Maria, Consoladora dos aflitos, abra\u00e7ai todos os vossos filhos atribulados e alcan\u00e7ai-nos a gra\u00e7a que Deus intervenha com a sua m\u00e3o omnipotente para nos libertar desta terr\u00edvel epidemia, de modo que a vida possa retomar com serenidade o seu curso normal.<\/p>\n<p>Confiamo-nos a V\u00f3s, que resplandeceis sobre o nosso caminho como sinal de salva\u00e7\u00e3o e de esperan\u00e7a, \u00f3 clemente, \u00f3 piedosa, \u00f3 doce Virgem Maria. Am\u00e9m\u201d<\/p>\n<p><i>Laudetur Iesus Christus<\/i><\/p>\n<\/div>\n<hr \/>\n<p><b>Rui Saraiva, da Vatican News<\/b><\/p>\n","protected":false},"excerpt":{"rendered":"<p>O Papa Francisco e a pandemia<\/p>\n","protected":false},"author":3,"featured_media":224187,"comment_status":"open","ping_status":"open","sticky":false,"template":"","format":"standard","meta":[],"categories":[1428],"tags":[1621,55],"acf":[],"yoast_head":"<!-- This site is optimized with the Yoast SEO plugin v19.2 - https:\/\/yoast.com\/wordpress\/plugins\/seo\/ -->\n<title>A esperan\u00e7a de Francisco: da ora\u00e7\u00e3o na Pra\u00e7a vazia ao Ter\u00e7o nos Jardins do Vaticano - Not\u00edcias - Franciscanos<\/title>\n<meta name=\"robots\" content=\"index, follow, max-snippet:-1, max-image-preview:large, max-video-preview:-1\" \/>\n<link rel=\"canonical\" href=\"https:\/\/franciscanos.org.br\/noticias\/a-esperanca-de-francisco-da-oracao-na-praca-vazia-ao-terco-nos-jardins-do-vaticano.html\" \/>\n<meta property=\"og:locale\" content=\"pt_BR\" \/>\n<meta property=\"og:type\" content=\"article\" \/>\n<meta property=\"og:title\" content=\"A esperan\u00e7a de Francisco: da ora\u00e7\u00e3o na Pra\u00e7a vazia ao Ter\u00e7o nos Jardins do Vaticano - Not\u00edcias - Franciscanos\" \/>\n<meta property=\"og:description\" content=\"O Papa Francisco e a pandemia\" \/>\n<meta property=\"og:url\" content=\"https:\/\/franciscanos.org.br\/noticias\/a-esperanca-de-francisco-da-oracao-na-praca-vazia-ao-terco-nos-jardins-do-vaticano.html\" \/>\n<meta property=\"og:site_name\" content=\"Not\u00edcias - Franciscanos\" \/>\n<meta property=\"article:published_time\" content=\"2020-06-04T11:00:15+00:00\" \/>\n<meta property=\"article:modified_time\" content=\"2020-06-05T14:29:53+00:00\" \/>\n<meta property=\"og:image\" content=\"https:\/\/franciscanos.org.br\/noticias\/wp-content\/uploads\/2020\/06\/papa_05d.png\" \/>\n\t<meta property=\"og:image:width\" content=\"800\" \/>\n\t<meta property=\"og:image:height\" content=\"600\" \/>\n\t<meta property=\"og:image:type\" content=\"image\/png\" \/>\n<meta name=\"author\" content=\"moacir\" \/>\n<meta name=\"twitter:card\" content=\"summary_large_image\" \/>\n<meta name=\"twitter:label1\" content=\"Escrito por\" \/>\n\t<meta name=\"twitter:data1\" content=\"moacir\" \/>\n\t<meta name=\"twitter:label2\" content=\"Est. tempo de leitura\" \/>\n\t<meta name=\"twitter:data2\" content=\"6 minutos\" \/>\n<script type=\"application\/ld+json\" class=\"yoast-schema-graph\">{\"@context\":\"https:\/\/schema.org\",\"@graph\":[{\"@type\":\"WebSite\",\"@id\":\"https:\/\/franciscanos.org.br\/noticias\/#website\",\"url\":\"https:\/\/franciscanos.org.br\/noticias\/\",\"name\":\"Not\u00edcias - Franciscanos\",\"description\":\"Prov\u00edncia Franciscana da Imaculada Concei\u00e7\u00e3o do Brasil - Ordem dos Frades Menores - OFM\",\"potentialAction\":[{\"@type\":\"SearchAction\",\"target\":{\"@type\":\"EntryPoint\",\"urlTemplate\":\"https:\/\/franciscanos.org.br\/noticias\/?s={search_term_string}\"},\"query-input\":\"required name=search_term_string\"}],\"inLanguage\":\"pt-BR\"},{\"@type\":\"ImageObject\",\"inLanguage\":\"pt-BR\",\"@id\":\"https:\/\/franciscanos.org.br\/noticias\/a-esperanca-de-francisco-da-oracao-na-praca-vazia-ao-terco-nos-jardins-do-vaticano.html#primaryimage\",\"url\":\"https:\/\/franciscanos.org.br\/noticias\/wp-content\/uploads\/2020\/06\/papa_05d.png\",\"contentUrl\":\"https:\/\/franciscanos.org.br\/noticias\/wp-content\/uploads\/2020\/06\/papa_05d.png\",\"width\":800,\"height\":600},{\"@type\":\"WebPage\",\"@id\":\"https:\/\/franciscanos.org.br\/noticias\/a-esperanca-de-francisco-da-oracao-na-praca-vazia-ao-terco-nos-jardins-do-vaticano.html#webpage\",\"url\":\"https:\/\/franciscanos.org.br\/noticias\/a-esperanca-de-francisco-da-oracao-na-praca-vazia-ao-terco-nos-jardins-do-vaticano.html\",\"name\":\"A esperan\u00e7a de Francisco: da ora\u00e7\u00e3o na Pra\u00e7a vazia ao Ter\u00e7o nos Jardins do Vaticano - Not\u00edcias - Franciscanos\",\"isPartOf\":{\"@id\":\"https:\/\/franciscanos.org.br\/noticias\/#website\"},\"primaryImageOfPage\":{\"@id\":\"https:\/\/franciscanos.org.br\/noticias\/a-esperanca-de-francisco-da-oracao-na-praca-vazia-ao-terco-nos-jardins-do-vaticano.html#primaryimage\"},\"datePublished\":\"2020-06-04T11:00:15+00:00\",\"dateModified\":\"2020-06-05T14:29:53+00:00\",\"author\":{\"@id\":\"https:\/\/franciscanos.org.br\/noticias\/#\/schema\/person\/b5c8cba458c330ccff548b056e95a5d4\"},\"breadcrumb\":{\"@id\":\"https:\/\/franciscanos.org.br\/noticias\/a-esperanca-de-francisco-da-oracao-na-praca-vazia-ao-terco-nos-jardins-do-vaticano.html#breadcrumb\"},\"inLanguage\":\"pt-BR\",\"potentialAction\":[{\"@type\":\"ReadAction\",\"target\":[\"https:\/\/franciscanos.org.br\/noticias\/a-esperanca-de-francisco-da-oracao-na-praca-vazia-ao-terco-nos-jardins-do-vaticano.html\"]}]},{\"@type\":\"BreadcrumbList\",\"@id\":\"https:\/\/franciscanos.org.br\/noticias\/a-esperanca-de-francisco-da-oracao-na-praca-vazia-ao-terco-nos-jardins-do-vaticano.html#breadcrumb\",\"itemListElement\":[{\"@type\":\"ListItem\",\"position\":1,\"name\":\"Home\",\"item\":\"https:\/\/franciscanos.org.br\/noticias\"},{\"@type\":\"ListItem\",\"position\":2,\"name\":\"A esperan\u00e7a de Francisco: da ora\u00e7\u00e3o na Pra\u00e7a vazia ao Ter\u00e7o nos Jardins do Vaticano\"}]},{\"@type\":\"Person\",\"@id\":\"https:\/\/franciscanos.org.br\/noticias\/#\/schema\/person\/b5c8cba458c330ccff548b056e95a5d4\",\"name\":\"moacir\",\"image\":{\"@type\":\"ImageObject\",\"inLanguage\":\"pt-BR\",\"@id\":\"https:\/\/franciscanos.org.br\/noticias\/#\/schema\/person\/image\/\",\"url\":\"https:\/\/secure.gravatar.com\/avatar\/d08aa2ce4c8dd416d4479aa8536fcf64?s=96&d=mm&r=g\",\"contentUrl\":\"https:\/\/secure.gravatar.com\/avatar\/d08aa2ce4c8dd416d4479aa8536fcf64?s=96&d=mm&r=g\",\"caption\":\"moacir\"},\"url\":\"https:\/\/franciscanos.org.br\/noticias\/author\/moacir\"}]}<\/script>\n<!-- \/ Yoast SEO plugin. -->","yoast_head_json":{"title":"A esperan\u00e7a de Francisco: da ora\u00e7\u00e3o na Pra\u00e7a vazia ao Ter\u00e7o nos Jardins do Vaticano - Not\u00edcias - Franciscanos","robots":{"index":"index","follow":"follow","max-snippet":"max-snippet:-1","max-image-preview":"max-image-preview:large","max-video-preview":"max-video-preview:-1"},"canonical":"https:\/\/franciscanos.org.br\/noticias\/a-esperanca-de-francisco-da-oracao-na-praca-vazia-ao-terco-nos-jardins-do-vaticano.html","og_locale":"pt_BR","og_type":"article","og_title":"A esperan\u00e7a de Francisco: da ora\u00e7\u00e3o na Pra\u00e7a vazia ao Ter\u00e7o nos Jardins do Vaticano - Not\u00edcias - Franciscanos","og_description":"O Papa Francisco e a pandemia","og_url":"https:\/\/franciscanos.org.br\/noticias\/a-esperanca-de-francisco-da-oracao-na-praca-vazia-ao-terco-nos-jardins-do-vaticano.html","og_site_name":"Not\u00edcias - Franciscanos","article_published_time":"2020-06-04T11:00:15+00:00","article_modified_time":"2020-06-05T14:29:53+00:00","og_image":[{"width":800,"height":600,"url":"https:\/\/franciscanos.org.br\/noticias\/wp-content\/uploads\/2020\/06\/papa_05d.png","type":"image\/png"}],"author":"moacir","twitter_card":"summary_large_image","twitter_misc":{"Escrito por":"moacir","Est. tempo de leitura":"6 minutos"},"schema":{"@context":"https:\/\/schema.org","@graph":[{"@type":"WebSite","@id":"https:\/\/franciscanos.org.br\/noticias\/#website","url":"https:\/\/franciscanos.org.br\/noticias\/","name":"Not\u00edcias - Franciscanos","description":"Prov\u00edncia Franciscana da Imaculada Concei\u00e7\u00e3o do Brasil - Ordem dos Frades Menores - OFM","potentialAction":[{"@type":"SearchAction","target":{"@type":"EntryPoint","urlTemplate":"https:\/\/franciscanos.org.br\/noticias\/?s={search_term_string}"},"query-input":"required name=search_term_string"}],"inLanguage":"pt-BR"},{"@type":"ImageObject","inLanguage":"pt-BR","@id":"https:\/\/franciscanos.org.br\/noticias\/a-esperanca-de-francisco-da-oracao-na-praca-vazia-ao-terco-nos-jardins-do-vaticano.html#primaryimage","url":"https:\/\/franciscanos.org.br\/noticias\/wp-content\/uploads\/2020\/06\/papa_05d.png","contentUrl":"https:\/\/franciscanos.org.br\/noticias\/wp-content\/uploads\/2020\/06\/papa_05d.png","width":800,"height":600},{"@type":"WebPage","@id":"https:\/\/franciscanos.org.br\/noticias\/a-esperanca-de-francisco-da-oracao-na-praca-vazia-ao-terco-nos-jardins-do-vaticano.html#webpage","url":"https:\/\/franciscanos.org.br\/noticias\/a-esperanca-de-francisco-da-oracao-na-praca-vazia-ao-terco-nos-jardins-do-vaticano.html","name":"A esperan\u00e7a de Francisco: da ora\u00e7\u00e3o na Pra\u00e7a vazia ao Ter\u00e7o nos Jardins do Vaticano - Not\u00edcias - Franciscanos","isPartOf":{"@id":"https:\/\/franciscanos.org.br\/noticias\/#website"},"primaryImageOfPage":{"@id":"https:\/\/franciscanos.org.br\/noticias\/a-esperanca-de-francisco-da-oracao-na-praca-vazia-ao-terco-nos-jardins-do-vaticano.html#primaryimage"},"datePublished":"2020-06-04T11:00:15+00:00","dateModified":"2020-06-05T14:29:53+00:00","author":{"@id":"https:\/\/franciscanos.org.br\/noticias\/#\/schema\/person\/b5c8cba458c330ccff548b056e95a5d4"},"breadcrumb":{"@id":"https:\/\/franciscanos.org.br\/noticias\/a-esperanca-de-francisco-da-oracao-na-praca-vazia-ao-terco-nos-jardins-do-vaticano.html#breadcrumb"},"inLanguage":"pt-BR","potentialAction":[{"@type":"ReadAction","target":["https:\/\/franciscanos.org.br\/noticias\/a-esperanca-de-francisco-da-oracao-na-praca-vazia-ao-terco-nos-jardins-do-vaticano.html"]}]},{"@type":"BreadcrumbList","@id":"https:\/\/franciscanos.org.br\/noticias\/a-esperanca-de-francisco-da-oracao-na-praca-vazia-ao-terco-nos-jardins-do-vaticano.html#breadcrumb","itemListElement":[{"@type":"ListItem","position":1,"name":"Home","item":"https:\/\/franciscanos.org.br\/noticias"},{"@type":"ListItem","position":2,"name":"A esperan\u00e7a de Francisco: da ora\u00e7\u00e3o na Pra\u00e7a vazia ao Ter\u00e7o nos Jardins do Vaticano"}]},{"@type":"Person","@id":"https:\/\/franciscanos.org.br\/noticias\/#\/schema\/person\/b5c8cba458c330ccff548b056e95a5d4","name":"moacir","image":{"@type":"ImageObject","inLanguage":"pt-BR","@id":"https:\/\/franciscanos.org.br\/noticias\/#\/schema\/person\/image\/","url":"https:\/\/secure.gravatar.com\/avatar\/d08aa2ce4c8dd416d4479aa8536fcf64?s=96&d=mm&r=g","contentUrl":"https:\/\/secure.gravatar.com\/avatar\/d08aa2ce4c8dd416d4479aa8536fcf64?s=96&d=mm&r=g","caption":"moacir"},"url":"https:\/\/franciscanos.org.br\/noticias\/author\/moacir"}]}},"_links":{"self":[{"href":"https:\/\/franciscanos.org.br\/noticias\/wp-json\/wp\/v2\/posts\/224134"}],"collection":[{"href":"https:\/\/franciscanos.org.br\/noticias\/wp-json\/wp\/v2\/posts"}],"about":[{"href":"https:\/\/franciscanos.org.br\/noticias\/wp-json\/wp\/v2\/types\/post"}],"author":[{"embeddable":true,"href":"https:\/\/franciscanos.org.br\/noticias\/wp-json\/wp\/v2\/users\/3"}],"replies":[{"embeddable":true,"href":"https:\/\/franciscanos.org.br\/noticias\/wp-json\/wp\/v2\/comments?post=224134"}],"version-history":[{"count":5,"href":"https:\/\/franciscanos.org.br\/noticias\/wp-json\/wp\/v2\/posts\/224134\/revisions"}],"predecessor-version":[{"id":224188,"href":"https:\/\/franciscanos.org.br\/noticias\/wp-json\/wp\/v2\/posts\/224134\/revisions\/224188"}],"wp:featuredmedia":[{"embeddable":true,"href":"https:\/\/franciscanos.org.br\/noticias\/wp-json\/wp\/v2\/media\/224187"}],"wp:attachment":[{"href":"https:\/\/franciscanos.org.br\/noticias\/wp-json\/wp\/v2\/media?parent=224134"}],"wp:term":[{"taxonomy":"category","embeddable":true,"href":"https:\/\/franciscanos.org.br\/noticias\/wp-json\/wp\/v2\/categories?post=224134"},{"taxonomy":"post_tag","embeddable":true,"href":"https:\/\/franciscanos.org.br\/noticias\/wp-json\/wp\/v2\/tags?post=224134"}],"curies":[{"name":"wp","href":"https:\/\/api.w.org\/{rel}","templated":true}]}}