{"id":224127,"date":"2020-06-03T10:20:05","date_gmt":"2020-06-03T13:20:05","guid":{"rendered":"https:\/\/franciscanos.org.br\/noticias\/?p=224127"},"modified":"2020-06-03T10:21:23","modified_gmt":"2020-06-03T13:21:23","slug":"radios-coroado-e-movimento-65-anos-em-curitibanos","status":"publish","type":"post","link":"https:\/\/franciscanos.org.br\/noticias\/radios-coroado-e-movimento-65-anos-em-curitibanos.html","title":{"rendered":"R\u00e1dios Coroado e Movimento: 65 anos em Curitibanos"},"content":{"rendered":"<p><img loading=\"lazy\" class=\"alignnone size-full wp-image-224128\" src=\"https:\/\/franciscanos.org.br\/noticias\/wp-content\/uploads\/2020\/06\/curitibanos_01.jpg\" alt=\"\" width=\"980\" height=\"543\" srcset=\"https:\/\/franciscanos.org.br\/noticias\/wp-content\/uploads\/2020\/06\/curitibanos_01.jpg 980w, https:\/\/franciscanos.org.br\/noticias\/wp-content\/uploads\/2020\/06\/curitibanos_01-450x249.jpg 450w, https:\/\/franciscanos.org.br\/noticias\/wp-content\/uploads\/2020\/06\/curitibanos_01-768x426.jpg 768w, https:\/\/franciscanos.org.br\/noticias\/wp-content\/uploads\/2020\/06\/curitibanos_01-150x83.jpg 150w\" sizes=\"(max-width: 980px) 100vw, 980px\" \/><\/p>\n<p><img loading=\"lazy\" class=\"alignnone size-full wp-image-224130\" src=\"https:\/\/franciscanos.org.br\/noticias\/wp-content\/uploads\/2020\/06\/logo.png\" alt=\"\" width=\"1200\" height=\"212\" srcset=\"https:\/\/franciscanos.org.br\/noticias\/wp-content\/uploads\/2020\/06\/logo.png 1200w, https:\/\/franciscanos.org.br\/noticias\/wp-content\/uploads\/2020\/06\/logo-450x80.png 450w, https:\/\/franciscanos.org.br\/noticias\/wp-content\/uploads\/2020\/06\/logo-1024x181.png 1024w, https:\/\/franciscanos.org.br\/noticias\/wp-content\/uploads\/2020\/06\/logo-768x136.png 768w, https:\/\/franciscanos.org.br\/noticias\/wp-content\/uploads\/2020\/06\/logo-150x27.png 150w\" sizes=\"(max-width: 1200px) 100vw, 1200px\" \/><\/p>\n<p>Uma das precursoras da comunica\u00e7\u00e3o no munic\u00edpio de Curitibanos, regi\u00e3o serrana de Santa Catarina, completa 65 anos de hist\u00f3ria nesta quarta-feira, dia 03 de Junho. Foi em 1955, na rua Herc\u00edlio Luz, que nascia a R\u00e1dio Coroado AM, na \u00e9poca 1.450 Khz e que em 1985 passou para 1.140, freq\u00fc\u00eancia que operou at\u00e9 junho de 2017, quando acompanhando a tecnologia migrou para o FM e passou a ser sintonizada em 106.1.<\/p>\n<p>No ano de 2006 inaugurou a sua sede atual, na Rua Vidal Ramos, no centro. A estrutura moderna est\u00e1 disposta em um pr\u00e9dio com mais de 700 metros quadrados.<\/p>\n<p>A Coroado por\u00e9m n\u00e3o ficou sozinha, e tamb\u00e9m em um 03 de junho, no entanto em\u00a0 1990, portanto h\u00e1 30 anos,\u00a0 ganhou a sua coirm\u00e3, que iniciou tamb\u00e9m com o nome de Coroado, no entanto em FM, com a freq\u00fc\u00eancia de\u00a0 90,3. Assim operou at\u00e9 1993 quando teve aumento de potencia e passou para 98.9 e ganhou a identidade de R\u00e1dio 98 e anos depois de Movimento FM.<\/p>\n<p>As duas emissoras pertencem a Funda\u00e7\u00e3o Frei Rog\u00e9rio, integrante da Prov\u00edncia Franciscana da Imaculada Concei\u00e7\u00e3o. Frei Roberto Carlos Nunes \u00e9 o atual diretor presidente da Funda\u00e7\u00e3o que \u00e9 mantenedora das emissoras.<\/p>\n<p>Atualmente as emissoras atingem 90 munic\u00edpios do Planalto, Serra Catarinense, bem como o Norte Ga\u00facho, at\u00e9 o Sul do Paran\u00e1, somando uma popula\u00e7\u00e3o de 868 mil habitantes. A programa\u00e7\u00e3o transmite informa\u00e7\u00e3o, entretenimento, m\u00fasicas, conte\u00fados de evangeliza\u00e7\u00e3o, destacam valores \u00e9tico-morais e tamb\u00e9m promo\u00e7\u00e3o \u00e0 vida. Al\u00e9m do mais, promovemos \u00eaxito na venda de produtos, divulga\u00e7\u00e3o de promo\u00e7\u00f5es sociais e culturais.<\/p>\n<p>Segundo Frei Neuri Francisco Reinisch, atual gestor das r\u00e1dios, ap\u00f3s tantas d\u00e9cadas de exist\u00eancias, as emissoras continuam cumprindo um papel fundamental junto a sociedade, especialmente diante do atual momento.<\/p>\n<p>Assim como diz o slogan da R\u00e1dio Coroado: quem nasce para servir j\u00e1 nasce grande, que possamos continuar servindo a nossa comunidade com a grande que ela merece.<\/p>\n<p>Queremos agradecer aqui primeiramente aos ouvintes de Curitibanos e regi\u00e3o que s\u00e3o a raz\u00e3o de nosso fazer r\u00e1dio, ao Conselho Curador (Definit\u00f3rio) que confiou na Diretoria Executiva a condu\u00e7\u00e3o das atividades, ao Conselho Fiscal que acompanha a gest\u00e3o, e de modo muito especial, aos nossos colaboradores atuais e anteriores, pelo maravilhoso servi\u00e7o que prestam.<\/p>\n<p><strong>PARAB\u00c9NS R\u00c1DIO COROADO!<\/strong><\/p>\n<p><strong>PARAB\u00c9NS R\u00c1DIO MOVIMENTO!<\/strong><\/p>\n<p>&nbsp;<\/p>\n","protected":false},"excerpt":{"rendered":"<p>Frente da Comunica\u00e7\u00e3o<\/p>\n","protected":false},"author":3,"featured_media":224129,"comment_status":"open","ping_status":"open","sticky":false,"template":"","format":"standard","meta":[],"categories":[1],"tags":[550],"acf":[],"yoast_head":"<!-- This site is optimized with the Yoast SEO plugin v19.2 - https:\/\/yoast.com\/wordpress\/plugins\/seo\/ -->\n<title>R\u00e1dios Coroado e Movimento: 65 anos em Curitibanos - Not\u00edcias - Franciscanos<\/title>\n<meta name=\"robots\" content=\"index, follow, max-snippet:-1, max-image-preview:large, max-video-preview:-1\" \/>\n<link rel=\"canonical\" href=\"https:\/\/franciscanos.org.br\/noticias\/radios-coroado-e-movimento-65-anos-em-curitibanos.html\" \/>\n<meta property=\"og:locale\" content=\"pt_BR\" \/>\n<meta property=\"og:type\" content=\"article\" \/>\n<meta property=\"og:title\" content=\"R\u00e1dios Coroado e Movimento: 65 anos em Curitibanos - Not\u00edcias - Franciscanos\" \/>\n<meta property=\"og:description\" content=\"Frente da Comunica\u00e7\u00e3o\" \/>\n<meta property=\"og:url\" content=\"https:\/\/franciscanos.org.br\/noticias\/radios-coroado-e-movimento-65-anos-em-curitibanos.html\" \/>\n<meta property=\"og:site_name\" content=\"Not\u00edcias - Franciscanos\" \/>\n<meta property=\"article:published_time\" content=\"2020-06-03T13:20:05+00:00\" \/>\n<meta property=\"article:modified_time\" content=\"2020-06-03T13:21:23+00:00\" \/>\n<meta property=\"og:image\" content=\"https:\/\/franciscanos.org.br\/noticias\/wp-content\/uploads\/2020\/06\/curitibanos_01d.jpg\" \/>\n\t<meta property=\"og:image:width\" content=\"800\" \/>\n\t<meta property=\"og:image:height\" content=\"600\" \/>\n\t<meta property=\"og:image:type\" content=\"image\/jpeg\" \/>\n<meta name=\"author\" content=\"moacir\" \/>\n<meta name=\"twitter:card\" content=\"summary_large_image\" \/>\n<meta name=\"twitter:label1\" content=\"Escrito por\" \/>\n\t<meta name=\"twitter:data1\" content=\"moacir\" \/>\n\t<meta name=\"twitter:label2\" content=\"Est. tempo de leitura\" \/>\n\t<meta name=\"twitter:data2\" content=\"2 minutos\" \/>\n<script type=\"application\/ld+json\" class=\"yoast-schema-graph\">{\"@context\":\"https:\/\/schema.org\",\"@graph\":[{\"@type\":\"WebSite\",\"@id\":\"https:\/\/franciscanos.org.br\/noticias\/#website\",\"url\":\"https:\/\/franciscanos.org.br\/noticias\/\",\"name\":\"Not\u00edcias - Franciscanos\",\"description\":\"Prov\u00edncia Franciscana da Imaculada Concei\u00e7\u00e3o do Brasil - Ordem dos Frades Menores - OFM\",\"potentialAction\":[{\"@type\":\"SearchAction\",\"target\":{\"@type\":\"EntryPoint\",\"urlTemplate\":\"https:\/\/franciscanos.org.br\/noticias\/?s={search_term_string}\"},\"query-input\":\"required name=search_term_string\"}],\"inLanguage\":\"pt-BR\"},{\"@type\":\"ImageObject\",\"inLanguage\":\"pt-BR\",\"@id\":\"https:\/\/franciscanos.org.br\/noticias\/radios-coroado-e-movimento-65-anos-em-curitibanos.html#primaryimage\",\"url\":\"https:\/\/franciscanos.org.br\/noticias\/wp-content\/uploads\/2020\/06\/curitibanos_01d.jpg\",\"contentUrl\":\"https:\/\/franciscanos.org.br\/noticias\/wp-content\/uploads\/2020\/06\/curitibanos_01d.jpg\",\"width\":800,\"height\":600},{\"@type\":\"WebPage\",\"@id\":\"https:\/\/franciscanos.org.br\/noticias\/radios-coroado-e-movimento-65-anos-em-curitibanos.html#webpage\",\"url\":\"https:\/\/franciscanos.org.br\/noticias\/radios-coroado-e-movimento-65-anos-em-curitibanos.html\",\"name\":\"R\u00e1dios Coroado e Movimento: 65 anos em Curitibanos - Not\u00edcias - Franciscanos\",\"isPartOf\":{\"@id\":\"https:\/\/franciscanos.org.br\/noticias\/#website\"},\"primaryImageOfPage\":{\"@id\":\"https:\/\/franciscanos.org.br\/noticias\/radios-coroado-e-movimento-65-anos-em-curitibanos.html#primaryimage\"},\"datePublished\":\"2020-06-03T13:20:05+00:00\",\"dateModified\":\"2020-06-03T13:21:23+00:00\",\"author\":{\"@id\":\"https:\/\/franciscanos.org.br\/noticias\/#\/schema\/person\/b5c8cba458c330ccff548b056e95a5d4\"},\"breadcrumb\":{\"@id\":\"https:\/\/franciscanos.org.br\/noticias\/radios-coroado-e-movimento-65-anos-em-curitibanos.html#breadcrumb\"},\"inLanguage\":\"pt-BR\",\"potentialAction\":[{\"@type\":\"ReadAction\",\"target\":[\"https:\/\/franciscanos.org.br\/noticias\/radios-coroado-e-movimento-65-anos-em-curitibanos.html\"]}]},{\"@type\":\"BreadcrumbList\",\"@id\":\"https:\/\/franciscanos.org.br\/noticias\/radios-coroado-e-movimento-65-anos-em-curitibanos.html#breadcrumb\",\"itemListElement\":[{\"@type\":\"ListItem\",\"position\":1,\"name\":\"Home\",\"item\":\"https:\/\/franciscanos.org.br\/noticias\"},{\"@type\":\"ListItem\",\"position\":2,\"name\":\"R\u00e1dios Coroado e Movimento: 65 anos em Curitibanos\"}]},{\"@type\":\"Person\",\"@id\":\"https:\/\/franciscanos.org.br\/noticias\/#\/schema\/person\/b5c8cba458c330ccff548b056e95a5d4\",\"name\":\"moacir\",\"image\":{\"@type\":\"ImageObject\",\"inLanguage\":\"pt-BR\",\"@id\":\"https:\/\/franciscanos.org.br\/noticias\/#\/schema\/person\/image\/\",\"url\":\"https:\/\/secure.gravatar.com\/avatar\/d08aa2ce4c8dd416d4479aa8536fcf64?s=96&d=mm&r=g\",\"contentUrl\":\"https:\/\/secure.gravatar.com\/avatar\/d08aa2ce4c8dd416d4479aa8536fcf64?s=96&d=mm&r=g\",\"caption\":\"moacir\"},\"url\":\"https:\/\/franciscanos.org.br\/noticias\/author\/moacir\"}]}<\/script>\n<!-- \/ Yoast SEO plugin. -->","yoast_head_json":{"title":"R\u00e1dios Coroado e Movimento: 65 anos em Curitibanos - Not\u00edcias - Franciscanos","robots":{"index":"index","follow":"follow","max-snippet":"max-snippet:-1","max-image-preview":"max-image-preview:large","max-video-preview":"max-video-preview:-1"},"canonical":"https:\/\/franciscanos.org.br\/noticias\/radios-coroado-e-movimento-65-anos-em-curitibanos.html","og_locale":"pt_BR","og_type":"article","og_title":"R\u00e1dios Coroado e Movimento: 65 anos em Curitibanos - Not\u00edcias - Franciscanos","og_description":"Frente da Comunica\u00e7\u00e3o","og_url":"https:\/\/franciscanos.org.br\/noticias\/radios-coroado-e-movimento-65-anos-em-curitibanos.html","og_site_name":"Not\u00edcias - Franciscanos","article_published_time":"2020-06-03T13:20:05+00:00","article_modified_time":"2020-06-03T13:21:23+00:00","og_image":[{"width":800,"height":600,"url":"https:\/\/franciscanos.org.br\/noticias\/wp-content\/uploads\/2020\/06\/curitibanos_01d.jpg","type":"image\/jpeg"}],"author":"moacir","twitter_card":"summary_large_image","twitter_misc":{"Escrito por":"moacir","Est. tempo de leitura":"2 minutos"},"schema":{"@context":"https:\/\/schema.org","@graph":[{"@type":"WebSite","@id":"https:\/\/franciscanos.org.br\/noticias\/#website","url":"https:\/\/franciscanos.org.br\/noticias\/","name":"Not\u00edcias - Franciscanos","description":"Prov\u00edncia Franciscana da Imaculada Concei\u00e7\u00e3o do Brasil - Ordem dos Frades Menores - OFM","potentialAction":[{"@type":"SearchAction","target":{"@type":"EntryPoint","urlTemplate":"https:\/\/franciscanos.org.br\/noticias\/?s={search_term_string}"},"query-input":"required name=search_term_string"}],"inLanguage":"pt-BR"},{"@type":"ImageObject","inLanguage":"pt-BR","@id":"https:\/\/franciscanos.org.br\/noticias\/radios-coroado-e-movimento-65-anos-em-curitibanos.html#primaryimage","url":"https:\/\/franciscanos.org.br\/noticias\/wp-content\/uploads\/2020\/06\/curitibanos_01d.jpg","contentUrl":"https:\/\/franciscanos.org.br\/noticias\/wp-content\/uploads\/2020\/06\/curitibanos_01d.jpg","width":800,"height":600},{"@type":"WebPage","@id":"https:\/\/franciscanos.org.br\/noticias\/radios-coroado-e-movimento-65-anos-em-curitibanos.html#webpage","url":"https:\/\/franciscanos.org.br\/noticias\/radios-coroado-e-movimento-65-anos-em-curitibanos.html","name":"R\u00e1dios Coroado e Movimento: 65 anos em Curitibanos - Not\u00edcias - Franciscanos","isPartOf":{"@id":"https:\/\/franciscanos.org.br\/noticias\/#website"},"primaryImageOfPage":{"@id":"https:\/\/franciscanos.org.br\/noticias\/radios-coroado-e-movimento-65-anos-em-curitibanos.html#primaryimage"},"datePublished":"2020-06-03T13:20:05+00:00","dateModified":"2020-06-03T13:21:23+00:00","author":{"@id":"https:\/\/franciscanos.org.br\/noticias\/#\/schema\/person\/b5c8cba458c330ccff548b056e95a5d4"},"breadcrumb":{"@id":"https:\/\/franciscanos.org.br\/noticias\/radios-coroado-e-movimento-65-anos-em-curitibanos.html#breadcrumb"},"inLanguage":"pt-BR","potentialAction":[{"@type":"ReadAction","target":["https:\/\/franciscanos.org.br\/noticias\/radios-coroado-e-movimento-65-anos-em-curitibanos.html"]}]},{"@type":"BreadcrumbList","@id":"https:\/\/franciscanos.org.br\/noticias\/radios-coroado-e-movimento-65-anos-em-curitibanos.html#breadcrumb","itemListElement":[{"@type":"ListItem","position":1,"name":"Home","item":"https:\/\/franciscanos.org.br\/noticias"},{"@type":"ListItem","position":2,"name":"R\u00e1dios Coroado e Movimento: 65 anos em Curitibanos"}]},{"@type":"Person","@id":"https:\/\/franciscanos.org.br\/noticias\/#\/schema\/person\/b5c8cba458c330ccff548b056e95a5d4","name":"moacir","image":{"@type":"ImageObject","inLanguage":"pt-BR","@id":"https:\/\/franciscanos.org.br\/noticias\/#\/schema\/person\/image\/","url":"https:\/\/secure.gravatar.com\/avatar\/d08aa2ce4c8dd416d4479aa8536fcf64?s=96&d=mm&r=g","contentUrl":"https:\/\/secure.gravatar.com\/avatar\/d08aa2ce4c8dd416d4479aa8536fcf64?s=96&d=mm&r=g","caption":"moacir"},"url":"https:\/\/franciscanos.org.br\/noticias\/author\/moacir"}]}},"_links":{"self":[{"href":"https:\/\/franciscanos.org.br\/noticias\/wp-json\/wp\/v2\/posts\/224127"}],"collection":[{"href":"https:\/\/franciscanos.org.br\/noticias\/wp-json\/wp\/v2\/posts"}],"about":[{"href":"https:\/\/franciscanos.org.br\/noticias\/wp-json\/wp\/v2\/types\/post"}],"author":[{"embeddable":true,"href":"https:\/\/franciscanos.org.br\/noticias\/wp-json\/wp\/v2\/users\/3"}],"replies":[{"embeddable":true,"href":"https:\/\/franciscanos.org.br\/noticias\/wp-json\/wp\/v2\/comments?post=224127"}],"version-history":[{"count":3,"href":"https:\/\/franciscanos.org.br\/noticias\/wp-json\/wp\/v2\/posts\/224127\/revisions"}],"predecessor-version":[{"id":224133,"href":"https:\/\/franciscanos.org.br\/noticias\/wp-json\/wp\/v2\/posts\/224127\/revisions\/224133"}],"wp:featuredmedia":[{"embeddable":true,"href":"https:\/\/franciscanos.org.br\/noticias\/wp-json\/wp\/v2\/media\/224129"}],"wp:attachment":[{"href":"https:\/\/franciscanos.org.br\/noticias\/wp-json\/wp\/v2\/media?parent=224127"}],"wp:term":[{"taxonomy":"category","embeddable":true,"href":"https:\/\/franciscanos.org.br\/noticias\/wp-json\/wp\/v2\/categories?post=224127"},{"taxonomy":"post_tag","embeddable":true,"href":"https:\/\/franciscanos.org.br\/noticias\/wp-json\/wp\/v2\/tags?post=224127"}],"curies":[{"name":"wp","href":"https:\/\/api.w.org\/{rel}","templated":true}]}}