{"id":224116,"date":"2020-06-03T07:59:58","date_gmt":"2020-06-03T10:59:58","guid":{"rendered":"https:\/\/franciscanos.org.br\/noticias\/?p=224116"},"modified":"2020-06-05T11:19:37","modified_gmt":"2020-06-05T14:19:37","slug":"papa-aos-menores-conventuais-sigam-o-exemplo-de-santo-antonio","status":"publish","type":"post","link":"https:\/\/franciscanos.org.br\/noticias\/papa-aos-menores-conventuais-sigam-o-exemplo-de-santo-antonio.html","title":{"rendered":"Papa aos Menores Conventuais: sigam o exemplo de Santo Ant\u00f4nio"},"content":{"rendered":"<p><img loading=\"lazy\" class=\"alignnone size-full wp-image-224117\" src=\"https:\/\/franciscanos.org.br\/noticias\/wp-content\/uploads\/2020\/06\/antonio_0306.jpg\" alt=\"\" width=\"890\" height=\"501\" srcset=\"https:\/\/franciscanos.org.br\/noticias\/wp-content\/uploads\/2020\/06\/antonio_0306.jpg 890w, https:\/\/franciscanos.org.br\/noticias\/wp-content\/uploads\/2020\/06\/antonio_0306-450x253.jpg 450w, https:\/\/franciscanos.org.br\/noticias\/wp-content\/uploads\/2020\/06\/antonio_0306-768x432.jpg 768w, https:\/\/franciscanos.org.br\/noticias\/wp-content\/uploads\/2020\/06\/antonio_0306-150x84.jpg 150w\" sizes=\"(max-width: 890px) 100vw, 890px\" \/><\/p>\n<p><strong>Cidade do Vaticano<\/strong> &#8211; O Papa Francisco enviou uma carta ao Ministro Geral da Ordem religiosa dos Frades Menores Conventuais por ocasi\u00e3o dos 800 anos da voca\u00e7\u00e3o franciscana. Na carta, o Papa destaca que a esperan\u00e7a \u00e9 que o anivers\u00e1rio &#8220;desperte, especialmente nos religiosos e devotos franciscanos de Santo Ant\u00f4nio espalhados pelo mundo, o desejo de experimentar a mesma santa inquieta\u00e7\u00e3o que o levou pelas estradas do mundo a testemunhar, com palavras e obras, o amor de Deus&#8221;.<\/p>\n<p>Para o Papa Francisco, o exemplo da partilha de Ant\u00f4nio &#8220;com as dificuldades das fam\u00edlias, os pobres e desfavorecidos, assim como sua paix\u00e3o pela verdade e justi\u00e7a, ainda hoje pode suscitar um generoso compromisso de doa\u00e7\u00e3o, em sinal de fraternidade&#8221;. O pensamento do Papa vai sobretudo para os jovens, para que &#8220;este antigo santo, mas t\u00e3o moderno e engenhoso em suas intui\u00e7\u00f5es, possa ser (&#8230;) um modelo a ser seguido para que o caminho de todos seja frutuoso&#8221;. Os Frades Menores Conventuais pensaram em v\u00e1rias iniciativas para celebrar os 800 anos da voca\u00e7\u00e3o franciscana de Santo Ant\u00f4nio. Com a sua carta, Francisco quis associar-se a todos os que participar\u00e3o ou tomar\u00e3o parte, desejando que &#8220;possam repetir com Santo Ant\u00f4nio: &#8216;Eu vejo meu Senhor'&#8221; e acrescentando que &#8220;\u00e9 necess\u00e1rio &#8216;ver o Senhor&#8217; no rosto de cada irm\u00e3o e irm\u00e3, oferecendo a todos consola\u00e7\u00e3o, esperan\u00e7a e a possibilidade de encontrar a Palavra de Deus sobre a qual ancorar a pr\u00f3pria vida&#8221;.<\/p>\n<p>O Papa recorda que em 1220, em Coimbra, Portugal, &#8220;o jovem c\u00f4nego regular agostiniano Fernando, natural de Lisboa, ao saber do mart\u00edrio de cinco franciscanos, mortos por causa da f\u00e9 crist\u00e3 no Marrocos, no dia 16 de janeiro daquele ano, decidiu transformar a sua vida&#8221;. O religioso deixou sua terra e embarcou numa viagem, &#8220;s\u00edmbolo de seu pr\u00f3prio caminho espiritual de convers\u00e3o&#8221;, explica Francisco. &#8220;Primeiro foi para Marrocos, determinado a viver corajosamente o Evangelho nos passos dos m\u00e1rtires franciscanos ali martirizados, depois desembarcou na Sic\u00edlia ap\u00f3s um naufr\u00e1gio nas costas da It\u00e1lia, como acontece hoje com tantos dos nossos irm\u00e3os e irm\u00e3s&#8221;, escreve o Pont\u00edfice. Depois, continua o Papa, da Sic\u00edlia, o des\u00edgnio providencial de Deus levou Ant\u00f4nio ao encontro com Francisco de Assis e finalmente a P\u00e1dua, &#8220;cidade que estar\u00e1 sempre ligada de maneira especial ao seu nome e que guarda o seu corpo&#8221;.<\/p>\n<h3>Trezena de Santo Ant\u00f4nio<\/h3>\n<p>Enquanto isso em P\u00e1dua de acordo com as medidas anti-Covid, est\u00e3o sendo feitos preparativos para a celebra\u00e7\u00e3o da mem\u00f3ria lit\u00fargica de Santo Ant\u00f4nio, no dia 13 de junho. No domingo passado, na Bas\u00edlica que preserva os restos mortais do Santo, iniciou a ora\u00e7\u00e3o da Trezena de Santo Ant\u00f4nio, os dias de ora\u00e7\u00e3o que precedem a festa.<\/p>\n<p>Neste ano a Trezena \u00e9 dedicada aos profissionais de sa\u00fade, farmac\u00eauticos, institui\u00e7\u00f5es, volunt\u00e1rios, empres\u00e1rios e for\u00e7as de seguran\u00e7a e de informa\u00e7\u00e3o que atuaram na linha de frente durante a emerg\u00eancia coronav\u00edrus. A Trezena se concluir\u00e1 dia 12 de junho com o hist\u00f3rico \u201cTr\u00e2nsito ao Santu\u00e1rio de Arcella\u201d prociss\u00e3o que h\u00e1 oito s\u00e9culos recorda o lugar onde morreu o santo em 1231.<\/p>\n<p>Tamb\u00e9m, para comemorar os 800 anos da convers\u00e3o franciscana de Ant\u00f4nio, os Frades Menores Conventuais da Prov\u00edncia italiana de Santo Ant\u00f4nio de P\u00e1dua lan\u00e7aram no s\u00e1bado passado o projeto &#8220;Ant\u00f4nio 20-22&#8221;. \u00c9 um per\u00edodo de tr\u00eas anos, 2020-2022, que quer celebrar, al\u00e9m da voca\u00e7\u00e3o franciscana de Ant\u00f4nio, seu naufr\u00e1gio na It\u00e1lia e seu primeiro encontro com S\u00e3o Francisco e novamente sua revela\u00e7\u00e3o ao mundo como um grande pregador e santo.<\/p>\n<h3>Santo Ant\u00f4nio vai ao encontro de S\u00e3o Francisco<\/h3>\n<p>No pr\u00f3ximo ano os Frades Menores Conventuais esperam realizar a viagem de Ant\u00f4nio da Sic\u00edlia a P\u00e1dua. Come\u00e7ar\u00e1 em janeiro de 2021 partindo de Capo Milazzo, na Sic\u00edlia, onde segundo a tradi\u00e7\u00e3o, Ant\u00f4nio desembarcou, depois atravessar\u00e1 as regi\u00f5es da Cal\u00e1bria, Basilicata, Camp\u00e2nia, L\u00e1cio e \u00dambria at\u00e9 Assis, onde o encontro est\u00e1 marcado para 30 de maio, 800 anos ap\u00f3s o primeiro abra\u00e7o entre S\u00e3o Francisco e Santo Ant\u00f4nio. A viagem continuar\u00e1 ao longo dos Apeninos toscano-emilianos, tocando Emilia Romagna e concluindo em novembro no V\u00eaneto, em P\u00e1dua.<\/p>\n<p><em>Fonte: Vatican News<\/em><\/p>\n","protected":false},"excerpt":{"rendered":"<p>800 anos da voca\u00e7\u00e3o franciscana de Santo Ant\u00f4nio<\/p>\n","protected":false},"author":3,"featured_media":224118,"comment_status":"open","ping_status":"open","sticky":false,"template":"","format":"standard","meta":[],"categories":[1],"tags":[280],"acf":[],"yoast_head":"<!-- This site is optimized with the Yoast SEO plugin v19.2 - https:\/\/yoast.com\/wordpress\/plugins\/seo\/ -->\n<title>Papa aos Menores Conventuais: sigam o exemplo de Santo Ant\u00f4nio - Not\u00edcias - Franciscanos<\/title>\n<meta name=\"robots\" content=\"index, follow, max-snippet:-1, max-image-preview:large, max-video-preview:-1\" \/>\n<link rel=\"canonical\" href=\"https:\/\/franciscanos.org.br\/noticias\/papa-aos-menores-conventuais-sigam-o-exemplo-de-santo-antonio.html\" \/>\n<meta property=\"og:locale\" content=\"pt_BR\" \/>\n<meta property=\"og:type\" content=\"article\" \/>\n<meta property=\"og:title\" content=\"Papa aos Menores Conventuais: sigam o exemplo de Santo Ant\u00f4nio - Not\u00edcias - Franciscanos\" \/>\n<meta property=\"og:description\" content=\"800 anos da voca\u00e7\u00e3o franciscana de Santo Ant\u00f4nio\" \/>\n<meta property=\"og:url\" content=\"https:\/\/franciscanos.org.br\/noticias\/papa-aos-menores-conventuais-sigam-o-exemplo-de-santo-antonio.html\" \/>\n<meta property=\"og:site_name\" content=\"Not\u00edcias - Franciscanos\" \/>\n<meta property=\"article:published_time\" content=\"2020-06-03T10:59:58+00:00\" \/>\n<meta property=\"article:modified_time\" content=\"2020-06-05T14:19:37+00:00\" \/>\n<meta property=\"og:image\" content=\"https:\/\/franciscanos.org.br\/noticias\/wp-content\/uploads\/2020\/06\/antonio_0306d.jpg\" \/>\n\t<meta property=\"og:image:width\" content=\"800\" \/>\n\t<meta property=\"og:image:height\" content=\"600\" \/>\n\t<meta property=\"og:image:type\" content=\"image\/jpeg\" \/>\n<meta name=\"author\" content=\"moacir\" \/>\n<meta name=\"twitter:card\" content=\"summary_large_image\" \/>\n<meta name=\"twitter:label1\" content=\"Escrito por\" \/>\n\t<meta name=\"twitter:data1\" content=\"moacir\" \/>\n\t<meta name=\"twitter:label2\" content=\"Est. tempo de leitura\" \/>\n\t<meta name=\"twitter:data2\" content=\"4 minutos\" \/>\n<script type=\"application\/ld+json\" class=\"yoast-schema-graph\">{\"@context\":\"https:\/\/schema.org\",\"@graph\":[{\"@type\":\"WebSite\",\"@id\":\"https:\/\/franciscanos.org.br\/noticias\/#website\",\"url\":\"https:\/\/franciscanos.org.br\/noticias\/\",\"name\":\"Not\u00edcias - Franciscanos\",\"description\":\"Prov\u00edncia Franciscana da Imaculada Concei\u00e7\u00e3o do Brasil - Ordem dos Frades Menores - OFM\",\"potentialAction\":[{\"@type\":\"SearchAction\",\"target\":{\"@type\":\"EntryPoint\",\"urlTemplate\":\"https:\/\/franciscanos.org.br\/noticias\/?s={search_term_string}\"},\"query-input\":\"required name=search_term_string\"}],\"inLanguage\":\"pt-BR\"},{\"@type\":\"ImageObject\",\"inLanguage\":\"pt-BR\",\"@id\":\"https:\/\/franciscanos.org.br\/noticias\/papa-aos-menores-conventuais-sigam-o-exemplo-de-santo-antonio.html#primaryimage\",\"url\":\"https:\/\/franciscanos.org.br\/noticias\/wp-content\/uploads\/2020\/06\/antonio_0306d.jpg\",\"contentUrl\":\"https:\/\/franciscanos.org.br\/noticias\/wp-content\/uploads\/2020\/06\/antonio_0306d.jpg\",\"width\":800,\"height\":600},{\"@type\":\"WebPage\",\"@id\":\"https:\/\/franciscanos.org.br\/noticias\/papa-aos-menores-conventuais-sigam-o-exemplo-de-santo-antonio.html#webpage\",\"url\":\"https:\/\/franciscanos.org.br\/noticias\/papa-aos-menores-conventuais-sigam-o-exemplo-de-santo-antonio.html\",\"name\":\"Papa aos Menores Conventuais: sigam o exemplo de Santo Ant\u00f4nio - Not\u00edcias - Franciscanos\",\"isPartOf\":{\"@id\":\"https:\/\/franciscanos.org.br\/noticias\/#website\"},\"primaryImageOfPage\":{\"@id\":\"https:\/\/franciscanos.org.br\/noticias\/papa-aos-menores-conventuais-sigam-o-exemplo-de-santo-antonio.html#primaryimage\"},\"datePublished\":\"2020-06-03T10:59:58+00:00\",\"dateModified\":\"2020-06-05T14:19:37+00:00\",\"author\":{\"@id\":\"https:\/\/franciscanos.org.br\/noticias\/#\/schema\/person\/b5c8cba458c330ccff548b056e95a5d4\"},\"breadcrumb\":{\"@id\":\"https:\/\/franciscanos.org.br\/noticias\/papa-aos-menores-conventuais-sigam-o-exemplo-de-santo-antonio.html#breadcrumb\"},\"inLanguage\":\"pt-BR\",\"potentialAction\":[{\"@type\":\"ReadAction\",\"target\":[\"https:\/\/franciscanos.org.br\/noticias\/papa-aos-menores-conventuais-sigam-o-exemplo-de-santo-antonio.html\"]}]},{\"@type\":\"BreadcrumbList\",\"@id\":\"https:\/\/franciscanos.org.br\/noticias\/papa-aos-menores-conventuais-sigam-o-exemplo-de-santo-antonio.html#breadcrumb\",\"itemListElement\":[{\"@type\":\"ListItem\",\"position\":1,\"name\":\"Home\",\"item\":\"https:\/\/franciscanos.org.br\/noticias\"},{\"@type\":\"ListItem\",\"position\":2,\"name\":\"Papa aos Menores Conventuais: sigam o exemplo de Santo Ant\u00f4nio\"}]},{\"@type\":\"Person\",\"@id\":\"https:\/\/franciscanos.org.br\/noticias\/#\/schema\/person\/b5c8cba458c330ccff548b056e95a5d4\",\"name\":\"moacir\",\"image\":{\"@type\":\"ImageObject\",\"inLanguage\":\"pt-BR\",\"@id\":\"https:\/\/franciscanos.org.br\/noticias\/#\/schema\/person\/image\/\",\"url\":\"https:\/\/secure.gravatar.com\/avatar\/d08aa2ce4c8dd416d4479aa8536fcf64?s=96&d=mm&r=g\",\"contentUrl\":\"https:\/\/secure.gravatar.com\/avatar\/d08aa2ce4c8dd416d4479aa8536fcf64?s=96&d=mm&r=g\",\"caption\":\"moacir\"},\"url\":\"https:\/\/franciscanos.org.br\/noticias\/author\/moacir\"}]}<\/script>\n<!-- \/ Yoast SEO plugin. -->","yoast_head_json":{"title":"Papa aos Menores Conventuais: sigam o exemplo de Santo Ant\u00f4nio - Not\u00edcias - Franciscanos","robots":{"index":"index","follow":"follow","max-snippet":"max-snippet:-1","max-image-preview":"max-image-preview:large","max-video-preview":"max-video-preview:-1"},"canonical":"https:\/\/franciscanos.org.br\/noticias\/papa-aos-menores-conventuais-sigam-o-exemplo-de-santo-antonio.html","og_locale":"pt_BR","og_type":"article","og_title":"Papa aos Menores Conventuais: sigam o exemplo de Santo Ant\u00f4nio - Not\u00edcias - Franciscanos","og_description":"800 anos da voca\u00e7\u00e3o franciscana de Santo Ant\u00f4nio","og_url":"https:\/\/franciscanos.org.br\/noticias\/papa-aos-menores-conventuais-sigam-o-exemplo-de-santo-antonio.html","og_site_name":"Not\u00edcias - Franciscanos","article_published_time":"2020-06-03T10:59:58+00:00","article_modified_time":"2020-06-05T14:19:37+00:00","og_image":[{"width":800,"height":600,"url":"https:\/\/franciscanos.org.br\/noticias\/wp-content\/uploads\/2020\/06\/antonio_0306d.jpg","type":"image\/jpeg"}],"author":"moacir","twitter_card":"summary_large_image","twitter_misc":{"Escrito por":"moacir","Est. tempo de leitura":"4 minutos"},"schema":{"@context":"https:\/\/schema.org","@graph":[{"@type":"WebSite","@id":"https:\/\/franciscanos.org.br\/noticias\/#website","url":"https:\/\/franciscanos.org.br\/noticias\/","name":"Not\u00edcias - Franciscanos","description":"Prov\u00edncia Franciscana da Imaculada Concei\u00e7\u00e3o do Brasil - Ordem dos Frades Menores - OFM","potentialAction":[{"@type":"SearchAction","target":{"@type":"EntryPoint","urlTemplate":"https:\/\/franciscanos.org.br\/noticias\/?s={search_term_string}"},"query-input":"required name=search_term_string"}],"inLanguage":"pt-BR"},{"@type":"ImageObject","inLanguage":"pt-BR","@id":"https:\/\/franciscanos.org.br\/noticias\/papa-aos-menores-conventuais-sigam-o-exemplo-de-santo-antonio.html#primaryimage","url":"https:\/\/franciscanos.org.br\/noticias\/wp-content\/uploads\/2020\/06\/antonio_0306d.jpg","contentUrl":"https:\/\/franciscanos.org.br\/noticias\/wp-content\/uploads\/2020\/06\/antonio_0306d.jpg","width":800,"height":600},{"@type":"WebPage","@id":"https:\/\/franciscanos.org.br\/noticias\/papa-aos-menores-conventuais-sigam-o-exemplo-de-santo-antonio.html#webpage","url":"https:\/\/franciscanos.org.br\/noticias\/papa-aos-menores-conventuais-sigam-o-exemplo-de-santo-antonio.html","name":"Papa aos Menores Conventuais: sigam o exemplo de Santo Ant\u00f4nio - Not\u00edcias - Franciscanos","isPartOf":{"@id":"https:\/\/franciscanos.org.br\/noticias\/#website"},"primaryImageOfPage":{"@id":"https:\/\/franciscanos.org.br\/noticias\/papa-aos-menores-conventuais-sigam-o-exemplo-de-santo-antonio.html#primaryimage"},"datePublished":"2020-06-03T10:59:58+00:00","dateModified":"2020-06-05T14:19:37+00:00","author":{"@id":"https:\/\/franciscanos.org.br\/noticias\/#\/schema\/person\/b5c8cba458c330ccff548b056e95a5d4"},"breadcrumb":{"@id":"https:\/\/franciscanos.org.br\/noticias\/papa-aos-menores-conventuais-sigam-o-exemplo-de-santo-antonio.html#breadcrumb"},"inLanguage":"pt-BR","potentialAction":[{"@type":"ReadAction","target":["https:\/\/franciscanos.org.br\/noticias\/papa-aos-menores-conventuais-sigam-o-exemplo-de-santo-antonio.html"]}]},{"@type":"BreadcrumbList","@id":"https:\/\/franciscanos.org.br\/noticias\/papa-aos-menores-conventuais-sigam-o-exemplo-de-santo-antonio.html#breadcrumb","itemListElement":[{"@type":"ListItem","position":1,"name":"Home","item":"https:\/\/franciscanos.org.br\/noticias"},{"@type":"ListItem","position":2,"name":"Papa aos Menores Conventuais: sigam o exemplo de Santo Ant\u00f4nio"}]},{"@type":"Person","@id":"https:\/\/franciscanos.org.br\/noticias\/#\/schema\/person\/b5c8cba458c330ccff548b056e95a5d4","name":"moacir","image":{"@type":"ImageObject","inLanguage":"pt-BR","@id":"https:\/\/franciscanos.org.br\/noticias\/#\/schema\/person\/image\/","url":"https:\/\/secure.gravatar.com\/avatar\/d08aa2ce4c8dd416d4479aa8536fcf64?s=96&d=mm&r=g","contentUrl":"https:\/\/secure.gravatar.com\/avatar\/d08aa2ce4c8dd416d4479aa8536fcf64?s=96&d=mm&r=g","caption":"moacir"},"url":"https:\/\/franciscanos.org.br\/noticias\/author\/moacir"}]}},"_links":{"self":[{"href":"https:\/\/franciscanos.org.br\/noticias\/wp-json\/wp\/v2\/posts\/224116"}],"collection":[{"href":"https:\/\/franciscanos.org.br\/noticias\/wp-json\/wp\/v2\/posts"}],"about":[{"href":"https:\/\/franciscanos.org.br\/noticias\/wp-json\/wp\/v2\/types\/post"}],"author":[{"embeddable":true,"href":"https:\/\/franciscanos.org.br\/noticias\/wp-json\/wp\/v2\/users\/3"}],"replies":[{"embeddable":true,"href":"https:\/\/franciscanos.org.br\/noticias\/wp-json\/wp\/v2\/comments?post=224116"}],"version-history":[{"count":2,"href":"https:\/\/franciscanos.org.br\/noticias\/wp-json\/wp\/v2\/posts\/224116\/revisions"}],"predecessor-version":[{"id":224183,"href":"https:\/\/franciscanos.org.br\/noticias\/wp-json\/wp\/v2\/posts\/224116\/revisions\/224183"}],"wp:featuredmedia":[{"embeddable":true,"href":"https:\/\/franciscanos.org.br\/noticias\/wp-json\/wp\/v2\/media\/224118"}],"wp:attachment":[{"href":"https:\/\/franciscanos.org.br\/noticias\/wp-json\/wp\/v2\/media?parent=224116"}],"wp:term":[{"taxonomy":"category","embeddable":true,"href":"https:\/\/franciscanos.org.br\/noticias\/wp-json\/wp\/v2\/categories?post=224116"},{"taxonomy":"post_tag","embeddable":true,"href":"https:\/\/franciscanos.org.br\/noticias\/wp-json\/wp\/v2\/tags?post=224116"}],"curies":[{"name":"wp","href":"https:\/\/api.w.org\/{rel}","templated":true}]}}