{"id":224108,"date":"2020-06-03T07:28:20","date_gmt":"2020-06-03T10:28:20","guid":{"rendered":"https:\/\/franciscanos.org.br\/noticias\/?p=224108"},"modified":"2021-08-29T11:17:19","modified_gmt":"2021-08-29T14:17:19","slug":"papa-nao-tenhamos-medo-de-discutir-com-deus","status":"publish","type":"post","link":"https:\/\/franciscanos.org.br\/noticias\/papa-nao-tenhamos-medo-de-discutir-com-deus.html","title":{"rendered":"Papa: &#8220;N\u00e3o tenhamos medo de discutir com Deus&#8221;"},"content":{"rendered":"<div id=\"attachment_224109\" style=\"width: 990px\" class=\"wp-caption alignnone\"><img aria-describedby=\"caption-attachment-224109\" loading=\"lazy\" class=\"wp-image-224109 size-full\" src=\"https:\/\/franciscanos.org.br\/noticias\/wp-content\/uploads\/2020\/06\/audiencia_0306.jpg\" alt=\"\" width=\"980\" height=\"653\" srcset=\"https:\/\/franciscanos.org.br\/noticias\/wp-content\/uploads\/2020\/06\/audiencia_0306.jpg 980w, https:\/\/franciscanos.org.br\/noticias\/wp-content\/uploads\/2020\/06\/audiencia_0306-450x300.jpg 450w, https:\/\/franciscanos.org.br\/noticias\/wp-content\/uploads\/2020\/06\/audiencia_0306-768x512.jpg 768w, https:\/\/franciscanos.org.br\/noticias\/wp-content\/uploads\/2020\/06\/audiencia_0306-150x100.jpg 150w\" sizes=\"(max-width: 980px) 100vw, 980px\" \/><p id=\"caption-attachment-224109\" class=\"wp-caption-text\"><em>\u00a0 \u00a0 \u00a0 \u00a0 \u00a0 \u00a0 \u00a0 \u00a0 \u00a0 \u00a0 \u00a0 \u00a0 \u00a0 \u00a0 \u00a0 \u00a0 \u00a0 \u00a0 \u00a0 \u00a0 \u00a0 \u00a0 \u00a0 \u00a0 \u00a0 \u00a0 \u00a0 \u00a0 \u00a0 \u00a0 \u00a0 \u00a0 \u00a0 \u00a0 \u00a0 \u00a0 \u00a0 \u00a0 \u00a0 \u00a0 \u00a0 \u00a0 \u00a0 \u00a0 \u00a0 \u00a0 \u00a0 \u00a0 \u00a0 \u00a0 \u00a0 \u00a0 \u00a0 \u00a0 \u00a0 \u00a0 \u00a0 \u00a0 Imagem: Vatican Media<\/em><\/p><\/div>\n<p><strong>Cidade do Vaticano<\/strong> &#8211; \u201cA ora\u00e7\u00e3o de Abra\u00e3o\u201d foi o tema da catequese do Papa Francisco na Audi\u00eancia Geral, desta quarta-feira (03\/06), na Biblioteca do Pal\u00e1cio Apost\u00f3lico. \u201cH\u00e1 uma voz que ressoa improvisamente na vida de Abra\u00e3o. Uma voz que o convida a empreender um caminho que parece absurdo: uma voz que o encoraja a sair de sua p\u00e1tria, das ra\u00edzes de sua fam\u00edlia, para ir em dire\u00e7\u00e3o a um futuro novo, um futuro diferente. Tudo isso baseado numa promessa, na qual apenas \u00e9 preciso confiar. Confiar numa promessa n\u00e3o \u00e9 f\u00e1cil, \u00e9 preciso coragem. E Abra\u00e3o confiou\u201d, disse o Pont\u00edfice no in\u00edcio de sua catequese.<\/p>\n<p>A B\u00edblia se cala sobre o passado do primeiro patriarca. A l\u00f3gica faz pensar que ele adorasse outras divindades, \u201ctalvez fosse um homem s\u00e1bio, acostumado a examinar o c\u00e9u e as estrelas. O Senhor promete a ele que sua descend\u00eancia ser\u00e1 numerosa como as estrelas que pontilham o c\u00e9u\u201d.<\/p>\n<p>\u201cAbra\u00e3o parte. Escuta a voz de Deus e confia na sua palavra. Isso \u00e9 importante: confia na palavra de Deus\u201d, reiterou Francisco, afirmando que \u201ccom essa partida nasce uma nova maneira de compreender a rela\u00e7\u00e3o com Deus. \u00c9 por esse motivo que o patriarca Abra\u00e3o est\u00e1 presente nas grandes tradi\u00e7\u00f5es espirituais judaica, crist\u00e3 e isl\u00e2mica como o homem perfeito de Deus, capaz de se submeter a Ele, mesmo quando sua vontade se revela \u00e1rdua, se n\u00e3o at\u00e9 mesmo incompreens\u00edvel\u201d.<\/p>\n<p>Abra\u00e3o \u00e9 o homem da Palavra. Quando Deus fala, o homem se torna receptor dessa Palavra e sua vida o lugar onde ela pede para se encarnar. Esta \u00e9 uma grande novidade no caminho religioso do homem: a vida do fiel come\u00e7a a ser entendida como uma voca\u00e7\u00e3o, ou seja, chamado, como um lugar onde uma promessa se realiza; e ele se move no mundo n\u00e3o tanto sob o peso de um enigma, mas com a for\u00e7a dessa promessa, que um dia se realizar\u00e1. Abra\u00e3o acreditou na promessa de Deus. Acreditou e foi, sem saber para onde ia, assim diz a Carta aos Hebreus. Mas ele confiou.<\/p>\n<p><img loading=\"lazy\" class=\"alignnone wp-image-224110 size-full\" src=\"https:\/\/franciscanos.org.br\/noticias\/wp-content\/uploads\/2020\/06\/audiencia_0306_2.jpg\" alt=\"\" width=\"890\" height=\"593\" srcset=\"https:\/\/franciscanos.org.br\/noticias\/wp-content\/uploads\/2020\/06\/audiencia_0306_2.jpg 890w, https:\/\/franciscanos.org.br\/noticias\/wp-content\/uploads\/2020\/06\/audiencia_0306_2-450x300.jpg 450w, https:\/\/franciscanos.org.br\/noticias\/wp-content\/uploads\/2020\/06\/audiencia_0306_2-768x512.jpg 768w, https:\/\/franciscanos.org.br\/noticias\/wp-content\/uploads\/2020\/06\/audiencia_0306_2-150x100.jpg 150w\" sizes=\"(max-width: 890px) 100vw, 890px\" \/><\/p>\n<p>Quando lemos o Livro do G\u00eanesis, \u201cdescobrimos como Abra\u00e3o viveu a ora\u00e7\u00e3o em cont\u00ednua fidelidade a essa Palavra, que periodicamente aparecia ao longo de seu caminho\u201d, disse o Papa, acrescentando: Em s\u00edntese, podemos dizer que, na vida de Abra\u00e3o, a f\u00e9 se torna hist\u00f3ria. A f\u00e9 se torna hist\u00f3ria. De fato, Abra\u00e3o, com sua vida, com seu exemplo, nos ensina esse caminho, esse caminho no qual a f\u00e9 se torna hist\u00f3ria. Deus n\u00e3o \u00e9 mais visto apenas nos fen\u00f4menos c\u00f3smicos, como um Deus distante, que pode incutir terror. O Deus de Abra\u00e3o se torna o \u201cmeu Deus\u201d, o Deus da minha hist\u00f3ria pessoal, que guia os meus passos, que n\u00e3o me abandona, o Deus dos meus dias, o companheiro das minhas aventuras, o Deus Provid\u00eancia. Eu me pergunto e pergunto a voc\u00eas: n\u00f3s temos essa experi\u00eancia de Deus, o \u201cmeu Deus\u201d, o Deus que me acompanha, o Deus da minha hist\u00f3ria pessoal, o Deus que guia meus passos, que n\u00e3o me abandona, o Deus dos meus dias? Temos essa experi\u00eancia? Pensemos um pouco&#8230;<\/p>\n<p>Segundo o Papa, essa experi\u00eancia de Abra\u00e3o tamb\u00e9m \u00e9 testemunhada por um dos textos mais importantes da hist\u00f3ria da espiritualidade: o Memorial de Blaise Pascal que come\u00e7a assim: \u00abDeus de Abra\u00e3o, Deus de Isaac, Deus de Jac\u00f3, n\u00e3o dos fil\u00f3sofos e dos s\u00e1bios. Certeza, certeza. Sentimento. Alegria. Paz. Deus de Jesus Cristo\u00bb.<br \/>\n\u201cEsse memorial, escrito num pequeno pergaminho, e encontrado depois de sua morte costurado dentro de um traje de fil\u00f3sofo, n\u00e3o expressa uma reflex\u00e3o intelectual que um homem s\u00e1bio como ele pode entender sobre Deus, mas o sentido vivido e experimentado de sua presen\u00e7a. Pascal anota o momento preciso em que sentiu essa realidade, finalmente encontrada, na noite de 23 de novembro de 1654. N\u00e3o \u00e9 o Deus abstrato ou o Deus c\u00f3smico: n\u00e3o. Ele \u00e9 o Deus de uma pessoa, de um chamado, o Deus de Abra\u00e3o, de Isaac, de Jac\u00f3. O Deus que \u00e9 certeza, que \u00e9 sentimento, quem \u00e9 alegria\u201d, disse ainda Francisco.<\/p>\n<p>\u00abA ora\u00e7\u00e3o de Abra\u00e3o se expressa, primeiramente, com a\u00e7\u00f5es: homem de sil\u00eancio, em cada etapa constr\u00f3i um altar ao Senhor\u00bb, frisou o Pont\u00edfice, citando um trecho do Catecismo da Igreja Cat\u00f3lica. \u201cAbra\u00e3o n\u00e3o edifica um templo, mas espalha o caminho de pedras que recordam o tr\u00e2nsito de Deus, um Deus surpreendente, como quando o visita na figura de tr\u00eas h\u00f3spedes, que ele e Sara acolhem com zelo e que anunciam o nascimento de seu filho Isaac. Abra\u00e3o tinha 100 anos e sua esposa 90, mais ou menos. E eles acreditaram. Confiaram em Deus e Sara, sua esposa, concebeu. Com aquela idade! Este \u00e9 o Deus de Abra\u00e3o, o nosso Deus, que nos acompanha\u201d, sublinhou o Papa.<\/p>\n<p>Deste modo, \u201cAbra\u00e3o se familiariza com Deus, discute com Ele, mas sempre fiel. Fala com Deus e discute. At\u00e9 a prova\u00e7\u00e3o final, quando Deus pede que ele sacrifique seu pr\u00f3prio filho Isaac, o filho da velhice, o \u00fanico, o herdeiro. Abra\u00e3o vive a f\u00e9 como um drama, como um caminhar tateando \u00e0 noite, sob um c\u00e9u desta vez sem estrelas. Muitas vezes acontece conosco tamb\u00e9m, de caminhar no escuro, mas com f\u00e9. Deus det\u00e9m a m\u00e3o de Abra\u00e3o pronta para golpear, pois viu sua disponibilidade realmente total\u201d.<\/p>\n<p><img loading=\"lazy\" class=\"alignnone size-full wp-image-224111\" src=\"https:\/\/franciscanos.org.br\/noticias\/wp-content\/uploads\/2020\/06\/audiencia_0306_1.jpg\" alt=\"\" width=\"890\" height=\"593\" srcset=\"https:\/\/franciscanos.org.br\/noticias\/wp-content\/uploads\/2020\/06\/audiencia_0306_1.jpg 890w, https:\/\/franciscanos.org.br\/noticias\/wp-content\/uploads\/2020\/06\/audiencia_0306_1-450x300.jpg 450w, https:\/\/franciscanos.org.br\/noticias\/wp-content\/uploads\/2020\/06\/audiencia_0306_1-768x512.jpg 768w, https:\/\/franciscanos.org.br\/noticias\/wp-content\/uploads\/2020\/06\/audiencia_0306_1-150x100.jpg 150w\" sizes=\"(max-width: 890px) 100vw, 890px\" \/><\/p>\n<p>O Papa concluiu sua catequese, convidando-nos a aprender com Abra\u00e3o a rezar com f\u00e9: \u201cOuvir o Senhor, caminhar, dialogar at\u00e9 discutir\u201d, e acrescentou: N\u00e3o tenhamos medo de discutir com Deus. Direi uma coisa que pode parecer uma heresia. Muitas vezes ouvi pessoas me dizerem: \u201cMas o senhor sabe, me aconteceu isso e eu fiquei bravo com Deus\u201d. \u201cMas voc\u00ea teve a coragem de ficar bravo com Deus?\u201d. \u201cSim, fiquei bravo!\u201d Esta \u00e9 uma forma de ora\u00e7\u00e3o, porque apenas um filho \u00e9 capaz de ficar zangado com seu pai e depois reencontr\u00e1-lo. Aprendamos com Abra\u00e3o a rezar com f\u00e9, a dialogar, a discutir, mas sempre dispostos a acolher a palavra de Deus e coloc\u00e1-la em pr\u00e1tica. Com Deus, aprendemos a falar como um filho a seu pai. Ouvi-lo, responder e discutir, mas transparente, como um filho com o pai. Assim, Abra\u00e3o nos ensina a rezar.<\/p>\n<h3>Nenhuma toler\u00e2ncia ao racismo, mas n\u00e3o \u00e0 viol\u00eancia<\/h3>\n<p>N\u00e3o ao racismo e \u00e0 viol\u00eancia: o Papa Francisco se manifestou a respeito dos protetos nos Estados Unidos, afirmando que acompanha \u201ccom grande preocupa\u00e7\u00e3o\u201d as dolorosas desordens depois da \u201ctr\u00e1gica morte do senhor George Floyd\u201d. \u201cQueridos amigos, n\u00e3o podemos tolerar nem fechar os olhos para qualquer tipo de racismo ou de exclus\u00e3o e pretender defender a sacralidade de cada vida humana. Ao mesmo tempo, devemos reconhecer que a viol\u00eancia das \u00faltimas noites \u00e9 autodestrutiva e autolesionista. Nada se ganha com a viol\u00eancia e muito se perde\u201d.<\/p>\n<p>Francisco se une \u00e0 Igreja de S\u00e3o Paulo em Minneapolis, e de todos os Estados Unidos ao rezar pelo repouso da alma de George Floyd e de todos os outros que perderam a vida por causa do \u201cpecado do racismo\u201d.<\/p>\n<p>O Papa reza ainda pelo \u201cconforto das fam\u00edlias e dos amigos e pede a ora\u00e7\u00e3o de todos pela reconcilia\u00e7\u00e3o nacional e pela paz que ansiamos. \u201cNossa Senhora de Guadalupe, M\u00e3e da Am\u00e9rica, interceda por todos os que trabalham pela paz e a justi\u00e7a\u201d nos Estados Unidos e no mundo.<\/p>\n<p>Esta foi mais uma noite de manifesta\u00e7\u00f5es no pa\u00eds, na maioria pac\u00edficas, mas com exce\u00e7\u00f5es. Em Nova Iorque, foi decretado o toque de recolher at\u00e9 domingo. Nas \u00faltimas horas, 40 pessoas foram detidas na cidade.<\/p>\n<p><img loading=\"lazy\" class=\"alignnone size-full wp-image-224112\" src=\"https:\/\/franciscanos.org.br\/noticias\/wp-content\/uploads\/2020\/06\/audiencia_0306_3.jpg\" alt=\"\" width=\"890\" height=\"593\" srcset=\"https:\/\/franciscanos.org.br\/noticias\/wp-content\/uploads\/2020\/06\/audiencia_0306_3.jpg 890w, https:\/\/franciscanos.org.br\/noticias\/wp-content\/uploads\/2020\/06\/audiencia_0306_3-450x300.jpg 450w, https:\/\/franciscanos.org.br\/noticias\/wp-content\/uploads\/2020\/06\/audiencia_0306_3-768x512.jpg 768w, https:\/\/franciscanos.org.br\/noticias\/wp-content\/uploads\/2020\/06\/audiencia_0306_3-150x100.jpg 150w\" sizes=\"(max-width: 890px) 100vw, 890px\" \/><\/p>\n<p><em>Fonte: Vatican News<\/em><\/p>\n","protected":false},"excerpt":{"rendered":"<p>Audi\u00eancia Geral desta quarta-feira<\/p>\n","protected":false},"author":3,"featured_media":224113,"comment_status":"open","ping_status":"open","sticky":false,"template":"","format":"standard","meta":[],"categories":[1428],"tags":[487],"acf":[],"yoast_head":"<!-- This site is optimized with the Yoast SEO plugin v19.2 - https:\/\/yoast.com\/wordpress\/plugins\/seo\/ -->\n<title>Papa: &quot;N\u00e3o tenhamos medo de discutir com Deus&quot; - Not\u00edcias - Franciscanos<\/title>\n<meta name=\"robots\" content=\"index, follow, max-snippet:-1, max-image-preview:large, max-video-preview:-1\" \/>\n<link rel=\"canonical\" href=\"https:\/\/franciscanos.org.br\/noticias\/papa-nao-tenhamos-medo-de-discutir-com-deus.html\" \/>\n<meta property=\"og:locale\" content=\"pt_BR\" \/>\n<meta property=\"og:type\" content=\"article\" \/>\n<meta property=\"og:title\" content=\"Papa: &quot;N\u00e3o tenhamos medo de discutir com Deus&quot; - Not\u00edcias - Franciscanos\" \/>\n<meta property=\"og:description\" content=\"Audi\u00eancia Geral desta quarta-feira\" \/>\n<meta property=\"og:url\" content=\"https:\/\/franciscanos.org.br\/noticias\/papa-nao-tenhamos-medo-de-discutir-com-deus.html\" \/>\n<meta property=\"og:site_name\" content=\"Not\u00edcias - Franciscanos\" \/>\n<meta property=\"article:published_time\" content=\"2020-06-03T10:28:20+00:00\" \/>\n<meta property=\"article:modified_time\" content=\"2021-08-29T14:17:19+00:00\" \/>\n<meta property=\"og:image\" content=\"https:\/\/franciscanos.org.br\/noticias\/wp-content\/uploads\/2020\/06\/audiencia_0306d.jpg\" \/>\n\t<meta property=\"og:image:width\" content=\"800\" \/>\n\t<meta property=\"og:image:height\" content=\"600\" \/>\n\t<meta property=\"og:image:type\" content=\"image\/jpeg\" \/>\n<meta name=\"author\" content=\"moacir\" \/>\n<meta name=\"twitter:card\" content=\"summary_large_image\" \/>\n<meta name=\"twitter:label1\" content=\"Escrito por\" \/>\n\t<meta name=\"twitter:data1\" content=\"moacir\" \/>\n\t<meta name=\"twitter:label2\" content=\"Est. tempo de leitura\" \/>\n\t<meta name=\"twitter:data2\" content=\"7 minutos\" \/>\n<script type=\"application\/ld+json\" class=\"yoast-schema-graph\">{\"@context\":\"https:\/\/schema.org\",\"@graph\":[{\"@type\":\"WebSite\",\"@id\":\"https:\/\/franciscanos.org.br\/noticias\/#website\",\"url\":\"https:\/\/franciscanos.org.br\/noticias\/\",\"name\":\"Not\u00edcias - Franciscanos\",\"description\":\"Prov\u00edncia Franciscana da Imaculada Concei\u00e7\u00e3o do Brasil - Ordem dos Frades Menores - OFM\",\"potentialAction\":[{\"@type\":\"SearchAction\",\"target\":{\"@type\":\"EntryPoint\",\"urlTemplate\":\"https:\/\/franciscanos.org.br\/noticias\/?s={search_term_string}\"},\"query-input\":\"required name=search_term_string\"}],\"inLanguage\":\"pt-BR\"},{\"@type\":\"ImageObject\",\"inLanguage\":\"pt-BR\",\"@id\":\"https:\/\/franciscanos.org.br\/noticias\/papa-nao-tenhamos-medo-de-discutir-com-deus.html#primaryimage\",\"url\":\"https:\/\/franciscanos.org.br\/noticias\/wp-content\/uploads\/2020\/06\/audiencia_0306d.jpg\",\"contentUrl\":\"https:\/\/franciscanos.org.br\/noticias\/wp-content\/uploads\/2020\/06\/audiencia_0306d.jpg\",\"width\":800,\"height\":600},{\"@type\":\"WebPage\",\"@id\":\"https:\/\/franciscanos.org.br\/noticias\/papa-nao-tenhamos-medo-de-discutir-com-deus.html#webpage\",\"url\":\"https:\/\/franciscanos.org.br\/noticias\/papa-nao-tenhamos-medo-de-discutir-com-deus.html\",\"name\":\"Papa: \\\"N\u00e3o tenhamos medo de discutir com Deus\\\" - Not\u00edcias - Franciscanos\",\"isPartOf\":{\"@id\":\"https:\/\/franciscanos.org.br\/noticias\/#website\"},\"primaryImageOfPage\":{\"@id\":\"https:\/\/franciscanos.org.br\/noticias\/papa-nao-tenhamos-medo-de-discutir-com-deus.html#primaryimage\"},\"datePublished\":\"2020-06-03T10:28:20+00:00\",\"dateModified\":\"2021-08-29T14:17:19+00:00\",\"author\":{\"@id\":\"https:\/\/franciscanos.org.br\/noticias\/#\/schema\/person\/b5c8cba458c330ccff548b056e95a5d4\"},\"breadcrumb\":{\"@id\":\"https:\/\/franciscanos.org.br\/noticias\/papa-nao-tenhamos-medo-de-discutir-com-deus.html#breadcrumb\"},\"inLanguage\":\"pt-BR\",\"potentialAction\":[{\"@type\":\"ReadAction\",\"target\":[\"https:\/\/franciscanos.org.br\/noticias\/papa-nao-tenhamos-medo-de-discutir-com-deus.html\"]}]},{\"@type\":\"BreadcrumbList\",\"@id\":\"https:\/\/franciscanos.org.br\/noticias\/papa-nao-tenhamos-medo-de-discutir-com-deus.html#breadcrumb\",\"itemListElement\":[{\"@type\":\"ListItem\",\"position\":1,\"name\":\"Home\",\"item\":\"https:\/\/franciscanos.org.br\/noticias\"},{\"@type\":\"ListItem\",\"position\":2,\"name\":\"Papa: &#8220;N\u00e3o tenhamos medo de discutir com Deus&#8221;\"}]},{\"@type\":\"Person\",\"@id\":\"https:\/\/franciscanos.org.br\/noticias\/#\/schema\/person\/b5c8cba458c330ccff548b056e95a5d4\",\"name\":\"moacir\",\"image\":{\"@type\":\"ImageObject\",\"inLanguage\":\"pt-BR\",\"@id\":\"https:\/\/franciscanos.org.br\/noticias\/#\/schema\/person\/image\/\",\"url\":\"https:\/\/secure.gravatar.com\/avatar\/d08aa2ce4c8dd416d4479aa8536fcf64?s=96&d=mm&r=g\",\"contentUrl\":\"https:\/\/secure.gravatar.com\/avatar\/d08aa2ce4c8dd416d4479aa8536fcf64?s=96&d=mm&r=g\",\"caption\":\"moacir\"},\"url\":\"https:\/\/franciscanos.org.br\/noticias\/author\/moacir\"}]}<\/script>\n<!-- \/ Yoast SEO plugin. -->","yoast_head_json":{"title":"Papa: \"N\u00e3o tenhamos medo de discutir com Deus\" - Not\u00edcias - Franciscanos","robots":{"index":"index","follow":"follow","max-snippet":"max-snippet:-1","max-image-preview":"max-image-preview:large","max-video-preview":"max-video-preview:-1"},"canonical":"https:\/\/franciscanos.org.br\/noticias\/papa-nao-tenhamos-medo-de-discutir-com-deus.html","og_locale":"pt_BR","og_type":"article","og_title":"Papa: \"N\u00e3o tenhamos medo de discutir com Deus\" - Not\u00edcias - Franciscanos","og_description":"Audi\u00eancia Geral desta quarta-feira","og_url":"https:\/\/franciscanos.org.br\/noticias\/papa-nao-tenhamos-medo-de-discutir-com-deus.html","og_site_name":"Not\u00edcias - Franciscanos","article_published_time":"2020-06-03T10:28:20+00:00","article_modified_time":"2021-08-29T14:17:19+00:00","og_image":[{"width":800,"height":600,"url":"https:\/\/franciscanos.org.br\/noticias\/wp-content\/uploads\/2020\/06\/audiencia_0306d.jpg","type":"image\/jpeg"}],"author":"moacir","twitter_card":"summary_large_image","twitter_misc":{"Escrito por":"moacir","Est. tempo de leitura":"7 minutos"},"schema":{"@context":"https:\/\/schema.org","@graph":[{"@type":"WebSite","@id":"https:\/\/franciscanos.org.br\/noticias\/#website","url":"https:\/\/franciscanos.org.br\/noticias\/","name":"Not\u00edcias - Franciscanos","description":"Prov\u00edncia Franciscana da Imaculada Concei\u00e7\u00e3o do Brasil - Ordem dos Frades Menores - OFM","potentialAction":[{"@type":"SearchAction","target":{"@type":"EntryPoint","urlTemplate":"https:\/\/franciscanos.org.br\/noticias\/?s={search_term_string}"},"query-input":"required name=search_term_string"}],"inLanguage":"pt-BR"},{"@type":"ImageObject","inLanguage":"pt-BR","@id":"https:\/\/franciscanos.org.br\/noticias\/papa-nao-tenhamos-medo-de-discutir-com-deus.html#primaryimage","url":"https:\/\/franciscanos.org.br\/noticias\/wp-content\/uploads\/2020\/06\/audiencia_0306d.jpg","contentUrl":"https:\/\/franciscanos.org.br\/noticias\/wp-content\/uploads\/2020\/06\/audiencia_0306d.jpg","width":800,"height":600},{"@type":"WebPage","@id":"https:\/\/franciscanos.org.br\/noticias\/papa-nao-tenhamos-medo-de-discutir-com-deus.html#webpage","url":"https:\/\/franciscanos.org.br\/noticias\/papa-nao-tenhamos-medo-de-discutir-com-deus.html","name":"Papa: \"N\u00e3o tenhamos medo de discutir com Deus\" - Not\u00edcias - Franciscanos","isPartOf":{"@id":"https:\/\/franciscanos.org.br\/noticias\/#website"},"primaryImageOfPage":{"@id":"https:\/\/franciscanos.org.br\/noticias\/papa-nao-tenhamos-medo-de-discutir-com-deus.html#primaryimage"},"datePublished":"2020-06-03T10:28:20+00:00","dateModified":"2021-08-29T14:17:19+00:00","author":{"@id":"https:\/\/franciscanos.org.br\/noticias\/#\/schema\/person\/b5c8cba458c330ccff548b056e95a5d4"},"breadcrumb":{"@id":"https:\/\/franciscanos.org.br\/noticias\/papa-nao-tenhamos-medo-de-discutir-com-deus.html#breadcrumb"},"inLanguage":"pt-BR","potentialAction":[{"@type":"ReadAction","target":["https:\/\/franciscanos.org.br\/noticias\/papa-nao-tenhamos-medo-de-discutir-com-deus.html"]}]},{"@type":"BreadcrumbList","@id":"https:\/\/franciscanos.org.br\/noticias\/papa-nao-tenhamos-medo-de-discutir-com-deus.html#breadcrumb","itemListElement":[{"@type":"ListItem","position":1,"name":"Home","item":"https:\/\/franciscanos.org.br\/noticias"},{"@type":"ListItem","position":2,"name":"Papa: &#8220;N\u00e3o tenhamos medo de discutir com Deus&#8221;"}]},{"@type":"Person","@id":"https:\/\/franciscanos.org.br\/noticias\/#\/schema\/person\/b5c8cba458c330ccff548b056e95a5d4","name":"moacir","image":{"@type":"ImageObject","inLanguage":"pt-BR","@id":"https:\/\/franciscanos.org.br\/noticias\/#\/schema\/person\/image\/","url":"https:\/\/secure.gravatar.com\/avatar\/d08aa2ce4c8dd416d4479aa8536fcf64?s=96&d=mm&r=g","contentUrl":"https:\/\/secure.gravatar.com\/avatar\/d08aa2ce4c8dd416d4479aa8536fcf64?s=96&d=mm&r=g","caption":"moacir"},"url":"https:\/\/franciscanos.org.br\/noticias\/author\/moacir"}]}},"_links":{"self":[{"href":"https:\/\/franciscanos.org.br\/noticias\/wp-json\/wp\/v2\/posts\/224108"}],"collection":[{"href":"https:\/\/franciscanos.org.br\/noticias\/wp-json\/wp\/v2\/posts"}],"about":[{"href":"https:\/\/franciscanos.org.br\/noticias\/wp-json\/wp\/v2\/types\/post"}],"author":[{"embeddable":true,"href":"https:\/\/franciscanos.org.br\/noticias\/wp-json\/wp\/v2\/users\/3"}],"replies":[{"embeddable":true,"href":"https:\/\/franciscanos.org.br\/noticias\/wp-json\/wp\/v2\/comments?post=224108"}],"version-history":[{"count":5,"href":"https:\/\/franciscanos.org.br\/noticias\/wp-json\/wp\/v2\/posts\/224108\/revisions"}],"predecessor-version":[{"id":233988,"href":"https:\/\/franciscanos.org.br\/noticias\/wp-json\/wp\/v2\/posts\/224108\/revisions\/233988"}],"wp:featuredmedia":[{"embeddable":true,"href":"https:\/\/franciscanos.org.br\/noticias\/wp-json\/wp\/v2\/media\/224113"}],"wp:attachment":[{"href":"https:\/\/franciscanos.org.br\/noticias\/wp-json\/wp\/v2\/media?parent=224108"}],"wp:term":[{"taxonomy":"category","embeddable":true,"href":"https:\/\/franciscanos.org.br\/noticias\/wp-json\/wp\/v2\/categories?post=224108"},{"taxonomy":"post_tag","embeddable":true,"href":"https:\/\/franciscanos.org.br\/noticias\/wp-json\/wp\/v2\/tags?post=224108"}],"curies":[{"name":"wp","href":"https:\/\/api.w.org\/{rel}","templated":true}]}}