{"id":224056,"date":"2020-05-31T08:27:49","date_gmt":"2020-05-31T11:27:49","guid":{"rendered":"https:\/\/franciscanos.org.br\/noticias\/?p=224056"},"modified":"2021-08-29T11:18:48","modified_gmt":"2021-08-29T14:18:48","slug":"papa-que-tenhamos-a-coragem-de-sair-melhores-desta-crise","status":"publish","type":"post","link":"https:\/\/franciscanos.org.br\/noticias\/papa-que-tenhamos-a-coragem-de-sair-melhores-desta-crise.html","title":{"rendered":"Papa: que tenhamos a coragem de sair melhores desta crise!"},"content":{"rendered":"<div id=\"attachment_224057\" style=\"width: 990px\" class=\"wp-caption alignnone\"><img aria-describedby=\"caption-attachment-224057\" loading=\"lazy\" class=\"wp-image-224057 size-full\" src=\"https:\/\/franciscanos.org.br\/noticias\/wp-content\/uploads\/2020\/05\/regina_31_1.jpg\" alt=\"\" width=\"980\" height=\"650\" srcset=\"https:\/\/franciscanos.org.br\/noticias\/wp-content\/uploads\/2020\/05\/regina_31_1.jpg 980w, https:\/\/franciscanos.org.br\/noticias\/wp-content\/uploads\/2020\/05\/regina_31_1-450x298.jpg 450w, https:\/\/franciscanos.org.br\/noticias\/wp-content\/uploads\/2020\/05\/regina_31_1-768x509.jpg 768w, https:\/\/franciscanos.org.br\/noticias\/wp-content\/uploads\/2020\/05\/regina_31_1-150x99.jpg 150w\" sizes=\"(max-width: 980px) 100vw, 980px\" \/><p id=\"caption-attachment-224057\" class=\"wp-caption-text\">\u00a0 \u00a0 \u00a0 \u00a0 \u00a0 \u00a0 \u00a0 \u00a0 \u00a0 \u00a0 \u00a0 \u00a0 \u00a0 \u00a0 \u00a0 \u00a0 \u00a0 \u00a0 \u00a0 \u00a0 \u00a0 \u00a0 \u00a0 \u00a0 \u00a0 \u00a0 \u00a0 \u00a0 \u00a0 \u00a0 \u00a0 \u00a0 \u00a0 \u00a0 \u00a0 \u00a0 \u00a0 \u00a0 \u00a0 \u00a0 \u00a0 \u00a0 \u00a0 \u00a0 \u00a0 \u00a0 \u00a0 \u00a0 \u00a0 \u00a0 \u00a0 \u00a0 \u00a0 \u00a0 \u00a0 <em>\u00a0 \u00a0 Imagens: Vatican Media<\/em><\/p><\/div>\n<p><strong>Cidade do Vaticano<\/strong> &#8211; N\u00e3o podia ser mais simb\u00f3lico e significativo o Regina Coeli que marcou o reencontro do Papa Francisco com os fi\u00e9is reunidos na Pra\u00e7a S\u00e3o Pedro, o que n\u00e3o acontecia desde in\u00edcio de mar\u00e7o: a Solenidade de Pentecostes.<\/p>\n<p>E ao se despedir dos presentes em um domingo primaveril e de temperatura amena &#8211; e antes ainda de pronunciar o tradicional \u201cpor favor, n\u00e3o se esque\u00e7am de rezar por mim. Bom almo\u00e7o e at\u00e9 logo\u201d &#8211; o Santo Padre disse que temos \u201ctanta necessidade da luz e da for\u00e7a do Esp\u00edrito Santo. A Igreja tem necessidade disso, para caminhar concorde e corajosa, testemunhando o Evangelho; e disso tem necessidade toda a fam\u00edlia humana, para sair desta crise mais unida e n\u00e3o mais dividida\u201d.<\/p>\n<p>Aos tradicionais protocolos de seguran\u00e7a para ingressar na Pra\u00e7a S\u00e3o Pedro, somaram-se agora as medidas sanit\u00e1rias preventivas ao cont\u00e1gio do coronav\u00edrus, ou seja, desinfetar as m\u00e3os com \u00e1lcool gel, manter a dist\u00e2ncia de seguran\u00e7a, o uso de m\u00e1scaras. Para atender a demanda de peregrinos que tende a crescer gradativamente e dar mais fluidez \u00e0s filas em tempos de distanciamento social, foram instalados novos detectores de metal sob as colunatas de S\u00e3o Pedro.<\/p>\n<p><img loading=\"lazy\" class=\"alignnone size-full wp-image-224060\" src=\"https:\/\/franciscanos.org.br\/noticias\/wp-content\/uploads\/2020\/05\/regina_31_2.jpg\" alt=\"\" width=\"980\" height=\"562\" srcset=\"https:\/\/franciscanos.org.br\/noticias\/wp-content\/uploads\/2020\/05\/regina_31_2.jpg 980w, https:\/\/franciscanos.org.br\/noticias\/wp-content\/uploads\/2020\/05\/regina_31_2-450x258.jpg 450w, https:\/\/franciscanos.org.br\/noticias\/wp-content\/uploads\/2020\/05\/regina_31_2-768x440.jpg 768w, https:\/\/franciscanos.org.br\/noticias\/wp-content\/uploads\/2020\/05\/regina_31_2-150x86.jpg 150w\" sizes=\"(max-width: 980px) 100vw, 980px\" \/><\/p>\n<p><strong>Mission\u00e1rias da caridade na Pra\u00e7a S\u00e3o Pedro<\/strong><br \/>\n&#8220;Queridos irm\u00e3os e irm\u00e3s, bom dia! Agora que a pra\u00e7a est\u00e1 aberta, podemos voltar. \u00c9 um prazer!&#8221;<\/p>\n<p>O Evangelho de S\u00e3o Jo\u00e3o proposto pela liturgia do dia inspirou a alocu\u00e7\u00e3o do Santo Padre. De fato, a leitura \u201cnos remete \u00e0 noite da P\u00e1scoa e mostra-nos Jesus ressuscitado que aparece no Cen\u00e1culo, onde os disc\u00edpulos haviam se refugiado. &#8220;P\u00f4s-se no meio deles e disse-lhes: &#8220;A paz esteja convosco!&#8221;&#8221;<\/p>\n<p><strong>Comunidade n\u00e3o reconciliada, n\u00e3o est\u00e1 pronta para a miss\u00e3o<\/strong><\/p>\n<p>Estas primeiras palavras pronunciadas pelo Ressuscitado: &#8220;A paz esteja convosco&#8221; \u2013 explicou o Papa &#8211; devem ser consideradas mais do que uma sauda\u00e7\u00e3o: \u201cExpressam o perd\u00e3o, o perd\u00e3o concedido aos disc\u00edpulos que, para dizer a verdade, o haviam abandonado. S\u00e3o palavras de reconcilia\u00e7\u00e3o e de perd\u00e3o. E tamb\u00e9m n\u00f3s, quando desejamos paz aos outros, estamos dando o perd\u00e3o e tamb\u00e9m pedindo perd\u00e3o. Jesus oferece sua paz precisamente a esses disc\u00edpulos que t\u00eam medo, que custam a acreditar no que viram, ou seja, o sepulcro vazio, e subestimam o testemunho de Maria Madalena e das outras mulheres. Jesus perdoa, perdoa sempre, e oferece sua paz aos sesus amigos. N\u00e3o se esque\u00e7am: Jesus nunca se cansa de perdoar. Somos n\u00f3s que nos cansamos de pedir perd\u00e3o.\u201d<\/p>\n<p>Assim, ao perdoar e reunir os disc\u00edpulos ao seu redor, \u201cJesus faz deles uma Igreja, a sua Igreja, que \u00e9 uma comunidade reconciliada e pronta para a miss\u00e3o. Quando uma comunidade n\u00e3o \u00e9 reconciliada, n\u00e3o est\u00e1 pronta para miss\u00e3o&#8221;.<\/p>\n<p>\u201cO encontro com o Senhor ressuscitado d\u00e1 uma reviravolta na exist\u00eancia dos ap\u00f3stolos e os transforma em testemunhas corajosas.\u201d<\/p>\n<p><img loading=\"lazy\" class=\"alignnone size-full wp-image-224061\" src=\"https:\/\/franciscanos.org.br\/noticias\/wp-content\/uploads\/2020\/05\/regina_31.jpg\" alt=\"\" width=\"980\" height=\"650\" srcset=\"https:\/\/franciscanos.org.br\/noticias\/wp-content\/uploads\/2020\/05\/regina_31.jpg 980w, https:\/\/franciscanos.org.br\/noticias\/wp-content\/uploads\/2020\/05\/regina_31-450x298.jpg 450w, https:\/\/franciscanos.org.br\/noticias\/wp-content\/uploads\/2020\/05\/regina_31-768x509.jpg 768w, https:\/\/franciscanos.org.br\/noticias\/wp-content\/uploads\/2020\/05\/regina_31-150x99.jpg 150w\" sizes=\"(max-width: 980px) 100vw, 980px\" \/><\/p>\n<p><strong>Tudo \u00e9 orientado para a miss\u00e3o<\/strong><\/p>\n<p>O Papa ent\u00e3o, recorda que as palavras de Jesus que se seguem &#8211; &#8220;Como o Pai me enviou, assim tamb\u00e9m eu vos envio a v\u00f3s\u201d &#8211; fazem entender que os ap\u00f3stolos s\u00e3o enviados para dar continuidade \u00e0 mesma miss\u00e3o que o Pai confiou a Jesus: &#8220;Eu vos envio a v\u00f3s&#8221;: \u201cn\u00e3o \u00e9 tempo de estarem trancados nem de recordar com saudades dos &#8220;bons tempos&#8221; passados \u200b\u200bcom o Mestre\u201d. E explica: A alegria da ressurrei\u00e7\u00e3o \u00e9 grande, mas \u00e9 uma alegria expansiva, que n\u00e3o deve ser retida para si. No domingo do Tempo Pascal, ouvimos pela primeira vez esse mesmo epis\u00f3dio, ap\u00f3s o encontro com os disc\u00edpulos de Ema\u00fas, portanto o bom Pastor, os discursos de despedida e a promessa do Esp\u00edrito Santo: tudo \u00e9 orientado para fortalecer a f\u00e9 dos disc\u00edpulos &#8211; e tamb\u00e9m nossa &#8211; em vista da miss\u00e3o.<\/p>\n<p>E precisamente para animar a miss\u00e3o \u2013 disse o Papa &#8211; que Jesus d\u00e1 aos Ap\u00f3stolos seu Esp\u00edrito: &#8220;Soprou sobre eles e disse: &#8220;Recebei o Esp\u00edrito Santo&#8221;&#8221;: \u201cO Esp\u00edrito Santo \u00e9 fogo que queima os pecados e cria homens e mulheres novos; \u00e9 fogo de amor com o qual os disc\u00edpulos poder\u00e3o &#8220;incendiar&#8221; o mundo, aquele amor de ternura que privilegia os pequenos, os pobres, os exclu\u00eddos &#8230; Nos sacramentos do Batismo e da Confirma\u00e7\u00e3o recebemos o Esp\u00edrito Santo com seus dons: sabedoria, entendimento, conselho, fortaleza, ci\u00eancia, piedade, temor de Deus.\u201d<\/p>\n<p><img loading=\"lazy\" class=\"alignnone size-full wp-image-224062\" src=\"https:\/\/franciscanos.org.br\/noticias\/wp-content\/uploads\/2020\/05\/regina_31_5.jpg\" alt=\"\" width=\"980\" height=\"653\" srcset=\"https:\/\/franciscanos.org.br\/noticias\/wp-content\/uploads\/2020\/05\/regina_31_5.jpg 980w, https:\/\/franciscanos.org.br\/noticias\/wp-content\/uploads\/2020\/05\/regina_31_5-450x300.jpg 450w, https:\/\/franciscanos.org.br\/noticias\/wp-content\/uploads\/2020\/05\/regina_31_5-768x512.jpg 768w, https:\/\/franciscanos.org.br\/noticias\/wp-content\/uploads\/2020\/05\/regina_31_5-150x100.jpg 150w\" sizes=\"(max-width: 980px) 100vw, 980px\" \/><\/p>\n<p><strong>Sair fora dos muros de prote\u00e7\u00e3o<\/strong><\/p>\n<p>Este \u00faltimo dom em particular, enfatizou o Santo Padre &#8211; \u201c\u00e9 precisamente o oposto do medo que antes paralisava os disc\u00edpulos: \u00e9 o amor pelo Senhor, \u00e9 a certeza da sua miseric\u00f3rdia e da sua bondade, \u00e9 a confian\u00e7a de poder seguir na dire\u00e7\u00e3o por Ele indicada, sem que nunca nos falte sua presen\u00e7a e seu apoio\u201d: A festa de Pentecostes renova a consci\u00eancia de que em n\u00f3s habita a presen\u00e7a vivificante do Esp\u00edrito Santo; Ele tamb\u00e9m nos d\u00e1 a coragem de sair fora dos muros protetores de nossos &#8220;cen\u00e1culos&#8221;, dos grupinhos, sem recostar-nos na vida tranquila ou fechar-nos em h\u00e1bitos est\u00e9reis.<\/p>\n<p>Elevemos ent\u00e3o nosso pensamento a Maria, ela estava ali, com os ap\u00f3stolos, quando veio o Esp\u00edrito Santo, protagonista com a primeira comunidade da admir\u00e1vel experi\u00eancia de Pentecostes, e pe\u00e7amos a ela para que obtenha para a Igreja o ardente esp\u00edrito mission\u00e1rio.<\/p>\n<p><strong>Humanidade deve sair da crise mais unida e n\u00e3o mais dividida<\/strong><\/p>\n<p>Depois de rezar o Regina Coeli, o Papa recordou que nunca se sai igual de uma crise como esta: Precisamos tanto da luz e da for\u00e7a do Esp\u00edrito Santo! A Igreja precisa disso, para caminhar em harmonia e corajosamente, testemunhando o Evangelho. E toda a fam\u00edlia humana precisa disso, para sair dessa crise mais unida e n\u00e3o mais dividida. Voc\u00eas sabem que de uma crise como esta n\u00e3o sai iguais, como antes; se sai ou melhores ou piores. Que tenhamos a coragem de mudar, de ser melhores, de ser melhores do que antes e de poder construir positivamente o p\u00f3s-crise da pandemia.<\/p>\n<p>&nbsp;<\/p>\n<p><strong>Apelo do Papa pela Amaz\u00f4nia: luz e for\u00e7a para enfrentar a pandemia<\/strong><\/p>\n<p>Ao final da ora\u00e7\u00e3o do Regina Coeli deste domingo (31\/05), o Papa Francisco fez um apelo especial pela Amaz\u00f4nia, recordando o recente S\u00ednodo realizado no Vaticano sete meses atr\u00e1s: \u201cHoje, festa de Pentecostes, invoquemos o Esp\u00edrito Santo para que d\u00ea luz e for\u00e7a \u00e0 Igreja e \u00e0 sociedade na Amaz\u00f4nia, duramente provada pela pandemia.\u201d<\/p>\n<p>Muitos s\u00e3o os contagiados e os mortos, lamentou o Pont\u00edfice, inclusive entre os povos ind\u00edgenas, particularmente vulner\u00e1veis.<\/p>\n<p>\u201cPor intercess\u00e3o de Maria, M\u00e3e da Amaz\u00f4nia, rezo pelos mais pobres e indefesos daquela querida regi\u00e3o, mas tamb\u00e9m por aqueles de todo o mundo, e fa\u00e7o apelo para que n\u00e3o falte a ningu\u00e9m assist\u00eancia de sa\u00fade.\u201d<\/p>\n<p>O Papa fez um acr\u00e9scimo, n\u00e3o previsto no texto inicial, afirmando que \u00e9 preciso cuidar das pessoas e n\u00e3o economizar para salvar a economia: \u201cCuidar das pessoas, que s\u00e3o mais importantes do que a economia. N\u00f3s, pessoas, somos o templo do Esp\u00edrito Santo; a economia, n\u00e3o.\u201d<\/p>\n<hr \/>\n<p><em>Fonte: Vatican News<\/em><\/p>\n","protected":false},"excerpt":{"rendered":"<p>Regina Coeli<\/p>\n","protected":false},"author":3,"featured_media":224058,"comment_status":"open","ping_status":"open","sticky":false,"template":"","format":"standard","meta":[],"categories":[1428],"tags":[564],"acf":[],"yoast_head":"<!-- This site is optimized with the Yoast SEO plugin v19.2 - https:\/\/yoast.com\/wordpress\/plugins\/seo\/ -->\n<title>Papa: que tenhamos a coragem de sair melhores desta crise! - Not\u00edcias - Franciscanos<\/title>\n<meta name=\"robots\" content=\"index, follow, max-snippet:-1, max-image-preview:large, max-video-preview:-1\" \/>\n<link rel=\"canonical\" href=\"https:\/\/franciscanos.org.br\/noticias\/papa-que-tenhamos-a-coragem-de-sair-melhores-desta-crise.html\" \/>\n<meta property=\"og:locale\" content=\"pt_BR\" \/>\n<meta property=\"og:type\" content=\"article\" \/>\n<meta property=\"og:title\" content=\"Papa: que tenhamos a coragem de sair melhores desta crise! - Not\u00edcias - Franciscanos\" \/>\n<meta property=\"og:description\" content=\"Regina Coeli\" \/>\n<meta property=\"og:url\" content=\"https:\/\/franciscanos.org.br\/noticias\/papa-que-tenhamos-a-coragem-de-sair-melhores-desta-crise.html\" \/>\n<meta property=\"og:site_name\" content=\"Not\u00edcias - Franciscanos\" \/>\n<meta property=\"article:published_time\" content=\"2020-05-31T11:27:49+00:00\" \/>\n<meta property=\"article:modified_time\" content=\"2021-08-29T14:18:48+00:00\" \/>\n<meta property=\"og:image\" content=\"https:\/\/franciscanos.org.br\/noticias\/wp-content\/uploads\/2020\/05\/regina_31d.jpg\" \/>\n\t<meta property=\"og:image:width\" content=\"800\" \/>\n\t<meta property=\"og:image:height\" content=\"600\" \/>\n\t<meta property=\"og:image:type\" content=\"image\/jpeg\" \/>\n<meta name=\"author\" content=\"moacir\" \/>\n<meta name=\"twitter:card\" content=\"summary_large_image\" \/>\n<meta name=\"twitter:label1\" content=\"Escrito por\" \/>\n\t<meta name=\"twitter:data1\" content=\"moacir\" \/>\n\t<meta name=\"twitter:label2\" content=\"Est. tempo de leitura\" \/>\n\t<meta name=\"twitter:data2\" content=\"6 minutos\" \/>\n<script type=\"application\/ld+json\" class=\"yoast-schema-graph\">{\"@context\":\"https:\/\/schema.org\",\"@graph\":[{\"@type\":\"WebSite\",\"@id\":\"https:\/\/franciscanos.org.br\/noticias\/#website\",\"url\":\"https:\/\/franciscanos.org.br\/noticias\/\",\"name\":\"Not\u00edcias - Franciscanos\",\"description\":\"Prov\u00edncia Franciscana da Imaculada Concei\u00e7\u00e3o do Brasil - Ordem dos Frades Menores - OFM\",\"potentialAction\":[{\"@type\":\"SearchAction\",\"target\":{\"@type\":\"EntryPoint\",\"urlTemplate\":\"https:\/\/franciscanos.org.br\/noticias\/?s={search_term_string}\"},\"query-input\":\"required name=search_term_string\"}],\"inLanguage\":\"pt-BR\"},{\"@type\":\"ImageObject\",\"inLanguage\":\"pt-BR\",\"@id\":\"https:\/\/franciscanos.org.br\/noticias\/papa-que-tenhamos-a-coragem-de-sair-melhores-desta-crise.html#primaryimage\",\"url\":\"https:\/\/franciscanos.org.br\/noticias\/wp-content\/uploads\/2020\/05\/regina_31d.jpg\",\"contentUrl\":\"https:\/\/franciscanos.org.br\/noticias\/wp-content\/uploads\/2020\/05\/regina_31d.jpg\",\"width\":800,\"height\":600},{\"@type\":\"WebPage\",\"@id\":\"https:\/\/franciscanos.org.br\/noticias\/papa-que-tenhamos-a-coragem-de-sair-melhores-desta-crise.html#webpage\",\"url\":\"https:\/\/franciscanos.org.br\/noticias\/papa-que-tenhamos-a-coragem-de-sair-melhores-desta-crise.html\",\"name\":\"Papa: que tenhamos a coragem de sair melhores desta crise! - Not\u00edcias - Franciscanos\",\"isPartOf\":{\"@id\":\"https:\/\/franciscanos.org.br\/noticias\/#website\"},\"primaryImageOfPage\":{\"@id\":\"https:\/\/franciscanos.org.br\/noticias\/papa-que-tenhamos-a-coragem-de-sair-melhores-desta-crise.html#primaryimage\"},\"datePublished\":\"2020-05-31T11:27:49+00:00\",\"dateModified\":\"2021-08-29T14:18:48+00:00\",\"author\":{\"@id\":\"https:\/\/franciscanos.org.br\/noticias\/#\/schema\/person\/b5c8cba458c330ccff548b056e95a5d4\"},\"breadcrumb\":{\"@id\":\"https:\/\/franciscanos.org.br\/noticias\/papa-que-tenhamos-a-coragem-de-sair-melhores-desta-crise.html#breadcrumb\"},\"inLanguage\":\"pt-BR\",\"potentialAction\":[{\"@type\":\"ReadAction\",\"target\":[\"https:\/\/franciscanos.org.br\/noticias\/papa-que-tenhamos-a-coragem-de-sair-melhores-desta-crise.html\"]}]},{\"@type\":\"BreadcrumbList\",\"@id\":\"https:\/\/franciscanos.org.br\/noticias\/papa-que-tenhamos-a-coragem-de-sair-melhores-desta-crise.html#breadcrumb\",\"itemListElement\":[{\"@type\":\"ListItem\",\"position\":1,\"name\":\"Home\",\"item\":\"https:\/\/franciscanos.org.br\/noticias\"},{\"@type\":\"ListItem\",\"position\":2,\"name\":\"Papa: que tenhamos a coragem de sair melhores desta crise!\"}]},{\"@type\":\"Person\",\"@id\":\"https:\/\/franciscanos.org.br\/noticias\/#\/schema\/person\/b5c8cba458c330ccff548b056e95a5d4\",\"name\":\"moacir\",\"image\":{\"@type\":\"ImageObject\",\"inLanguage\":\"pt-BR\",\"@id\":\"https:\/\/franciscanos.org.br\/noticias\/#\/schema\/person\/image\/\",\"url\":\"https:\/\/secure.gravatar.com\/avatar\/d08aa2ce4c8dd416d4479aa8536fcf64?s=96&d=mm&r=g\",\"contentUrl\":\"https:\/\/secure.gravatar.com\/avatar\/d08aa2ce4c8dd416d4479aa8536fcf64?s=96&d=mm&r=g\",\"caption\":\"moacir\"},\"url\":\"https:\/\/franciscanos.org.br\/noticias\/author\/moacir\"}]}<\/script>\n<!-- \/ Yoast SEO plugin. -->","yoast_head_json":{"title":"Papa: que tenhamos a coragem de sair melhores desta crise! - Not\u00edcias - Franciscanos","robots":{"index":"index","follow":"follow","max-snippet":"max-snippet:-1","max-image-preview":"max-image-preview:large","max-video-preview":"max-video-preview:-1"},"canonical":"https:\/\/franciscanos.org.br\/noticias\/papa-que-tenhamos-a-coragem-de-sair-melhores-desta-crise.html","og_locale":"pt_BR","og_type":"article","og_title":"Papa: que tenhamos a coragem de sair melhores desta crise! - Not\u00edcias - Franciscanos","og_description":"Regina Coeli","og_url":"https:\/\/franciscanos.org.br\/noticias\/papa-que-tenhamos-a-coragem-de-sair-melhores-desta-crise.html","og_site_name":"Not\u00edcias - Franciscanos","article_published_time":"2020-05-31T11:27:49+00:00","article_modified_time":"2021-08-29T14:18:48+00:00","og_image":[{"width":800,"height":600,"url":"https:\/\/franciscanos.org.br\/noticias\/wp-content\/uploads\/2020\/05\/regina_31d.jpg","type":"image\/jpeg"}],"author":"moacir","twitter_card":"summary_large_image","twitter_misc":{"Escrito por":"moacir","Est. tempo de leitura":"6 minutos"},"schema":{"@context":"https:\/\/schema.org","@graph":[{"@type":"WebSite","@id":"https:\/\/franciscanos.org.br\/noticias\/#website","url":"https:\/\/franciscanos.org.br\/noticias\/","name":"Not\u00edcias - Franciscanos","description":"Prov\u00edncia Franciscana da Imaculada Concei\u00e7\u00e3o do Brasil - Ordem dos Frades Menores - OFM","potentialAction":[{"@type":"SearchAction","target":{"@type":"EntryPoint","urlTemplate":"https:\/\/franciscanos.org.br\/noticias\/?s={search_term_string}"},"query-input":"required name=search_term_string"}],"inLanguage":"pt-BR"},{"@type":"ImageObject","inLanguage":"pt-BR","@id":"https:\/\/franciscanos.org.br\/noticias\/papa-que-tenhamos-a-coragem-de-sair-melhores-desta-crise.html#primaryimage","url":"https:\/\/franciscanos.org.br\/noticias\/wp-content\/uploads\/2020\/05\/regina_31d.jpg","contentUrl":"https:\/\/franciscanos.org.br\/noticias\/wp-content\/uploads\/2020\/05\/regina_31d.jpg","width":800,"height":600},{"@type":"WebPage","@id":"https:\/\/franciscanos.org.br\/noticias\/papa-que-tenhamos-a-coragem-de-sair-melhores-desta-crise.html#webpage","url":"https:\/\/franciscanos.org.br\/noticias\/papa-que-tenhamos-a-coragem-de-sair-melhores-desta-crise.html","name":"Papa: que tenhamos a coragem de sair melhores desta crise! - Not\u00edcias - Franciscanos","isPartOf":{"@id":"https:\/\/franciscanos.org.br\/noticias\/#website"},"primaryImageOfPage":{"@id":"https:\/\/franciscanos.org.br\/noticias\/papa-que-tenhamos-a-coragem-de-sair-melhores-desta-crise.html#primaryimage"},"datePublished":"2020-05-31T11:27:49+00:00","dateModified":"2021-08-29T14:18:48+00:00","author":{"@id":"https:\/\/franciscanos.org.br\/noticias\/#\/schema\/person\/b5c8cba458c330ccff548b056e95a5d4"},"breadcrumb":{"@id":"https:\/\/franciscanos.org.br\/noticias\/papa-que-tenhamos-a-coragem-de-sair-melhores-desta-crise.html#breadcrumb"},"inLanguage":"pt-BR","potentialAction":[{"@type":"ReadAction","target":["https:\/\/franciscanos.org.br\/noticias\/papa-que-tenhamos-a-coragem-de-sair-melhores-desta-crise.html"]}]},{"@type":"BreadcrumbList","@id":"https:\/\/franciscanos.org.br\/noticias\/papa-que-tenhamos-a-coragem-de-sair-melhores-desta-crise.html#breadcrumb","itemListElement":[{"@type":"ListItem","position":1,"name":"Home","item":"https:\/\/franciscanos.org.br\/noticias"},{"@type":"ListItem","position":2,"name":"Papa: que tenhamos a coragem de sair melhores desta crise!"}]},{"@type":"Person","@id":"https:\/\/franciscanos.org.br\/noticias\/#\/schema\/person\/b5c8cba458c330ccff548b056e95a5d4","name":"moacir","image":{"@type":"ImageObject","inLanguage":"pt-BR","@id":"https:\/\/franciscanos.org.br\/noticias\/#\/schema\/person\/image\/","url":"https:\/\/secure.gravatar.com\/avatar\/d08aa2ce4c8dd416d4479aa8536fcf64?s=96&d=mm&r=g","contentUrl":"https:\/\/secure.gravatar.com\/avatar\/d08aa2ce4c8dd416d4479aa8536fcf64?s=96&d=mm&r=g","caption":"moacir"},"url":"https:\/\/franciscanos.org.br\/noticias\/author\/moacir"}]}},"_links":{"self":[{"href":"https:\/\/franciscanos.org.br\/noticias\/wp-json\/wp\/v2\/posts\/224056"}],"collection":[{"href":"https:\/\/franciscanos.org.br\/noticias\/wp-json\/wp\/v2\/posts"}],"about":[{"href":"https:\/\/franciscanos.org.br\/noticias\/wp-json\/wp\/v2\/types\/post"}],"author":[{"embeddable":true,"href":"https:\/\/franciscanos.org.br\/noticias\/wp-json\/wp\/v2\/users\/3"}],"replies":[{"embeddable":true,"href":"https:\/\/franciscanos.org.br\/noticias\/wp-json\/wp\/v2\/comments?post=224056"}],"version-history":[{"count":4,"href":"https:\/\/franciscanos.org.br\/noticias\/wp-json\/wp\/v2\/posts\/224056\/revisions"}],"predecessor-version":[{"id":233990,"href":"https:\/\/franciscanos.org.br\/noticias\/wp-json\/wp\/v2\/posts\/224056\/revisions\/233990"}],"wp:featuredmedia":[{"embeddable":true,"href":"https:\/\/franciscanos.org.br\/noticias\/wp-json\/wp\/v2\/media\/224058"}],"wp:attachment":[{"href":"https:\/\/franciscanos.org.br\/noticias\/wp-json\/wp\/v2\/media?parent=224056"}],"wp:term":[{"taxonomy":"category","embeddable":true,"href":"https:\/\/franciscanos.org.br\/noticias\/wp-json\/wp\/v2\/categories?post=224056"},{"taxonomy":"post_tag","embeddable":true,"href":"https:\/\/franciscanos.org.br\/noticias\/wp-json\/wp\/v2\/tags?post=224056"}],"curies":[{"name":"wp","href":"https:\/\/api.w.org\/{rel}","templated":true}]}}