{"id":224047,"date":"2020-05-31T07:38:20","date_gmt":"2020-05-31T10:38:20","guid":{"rendered":"https:\/\/franciscanos.org.br\/noticias\/?p=224047"},"modified":"2021-08-29T11:20:25","modified_gmt":"2021-08-29T14:20:25","slug":"papa-a-uniao-vem-com-a-uncao-que-o-espirito-santo-nos-torne-construtores-de-unidade","status":"publish","type":"post","link":"https:\/\/franciscanos.org.br\/noticias\/papa-a-uniao-vem-com-a-uncao-que-o-espirito-santo-nos-torne-construtores-de-unidade.html","title":{"rendered":"Papa: a uni\u00e3o vem com a un\u00e7\u00e3o. Que o Esp\u00edrito Santo nos torne construtores de unidade."},"content":{"rendered":"<div id=\"attachment_224048\" style=\"width: 1010px\" class=\"wp-caption alignnone\"><img aria-describedby=\"caption-attachment-224048\" loading=\"lazy\" class=\"wp-image-224048 size-full\" src=\"https:\/\/franciscanos.org.br\/noticias\/wp-content\/uploads\/2020\/05\/pentecostes_01.jpg\" alt=\"\" width=\"1000\" height=\"563\" srcset=\"https:\/\/franciscanos.org.br\/noticias\/wp-content\/uploads\/2020\/05\/pentecostes_01.jpg 1000w, https:\/\/franciscanos.org.br\/noticias\/wp-content\/uploads\/2020\/05\/pentecostes_01-450x253.jpg 450w, https:\/\/franciscanos.org.br\/noticias\/wp-content\/uploads\/2020\/05\/pentecostes_01-768x432.jpg 768w, https:\/\/franciscanos.org.br\/noticias\/wp-content\/uploads\/2020\/05\/pentecostes_01-150x84.jpg 150w\" sizes=\"(max-width: 1000px) 100vw, 1000px\" \/><p id=\"caption-attachment-224048\" class=\"wp-caption-text\">\u00a0 \u00a0 \u00a0 \u00a0 \u00a0 \u00a0 \u00a0 \u00a0 \u00a0 \u00a0 \u00a0 \u00a0 \u00a0 \u00a0 \u00a0 \u00a0 \u00a0 \u00a0 \u00a0 \u00a0 \u00a0 \u00a0 \u00a0 \u00a0 \u00a0 \u00a0 \u00a0 \u00a0 \u00a0 \u00a0 \u00a0 \u00a0 \u00a0 \u00a0 \u00a0 \u00a0 \u00a0 \u00a0 \u00a0 \u00a0 \u00a0 \u00a0 \u00a0 \u00a0 \u00a0 \u00a0 \u00a0 \u00a0 \u00a0 \u00a0 \u00a0 \u00a0 \u00a0 \u00a0 \u00a0 \u00a0 \u00a0 \u00a0 <em>\u00a0 \u00a0 \u00a0 \u00a0Imagens: Vatican Media<\/em><\/p><\/div>\n<p><strong>Cidade do Vaticano<\/strong> &#8211; \u201cO que \u00e9 que nos une, em que se baseia a nossa unidade?\u201d. Na homilia da Missa na Solenidade de Pentecostes, celebrada no Altar da C\u00e1tedra da Bas\u00edlica de S\u00e3o Pedro, com a presen\u00e7a de 50 fi\u00e9is, o Papa Francisco falou sobre a unidade como dom do Esp\u00edrito Santo.<\/p>\n<p>E come\u00e7ou, partindo da Igreja nascente: \u00abH\u00e1 diversidade de dons espirituais, mas o Esp\u00edrito \u00e9 o mesmo \u2013 escreve Paulo aos Cor\u00edntios \u2013; h\u00e1 diversidade de servi\u00e7os, mas o Senhor \u00e9 o mesmo; e h\u00e1 diversos modos de agir, mas \u00e9 o mesmo Deus que realiza tudo em todos\u00bb.<\/p>\n<p>\u201cDiversidade \u2013 o mesmo, diversos \u2013 um s\u00f3\u201d. O Ap\u00f3stolo \u2013 observa o Papa &#8211; insiste em juntar duas palavras que parecem opostas. Quer-nos dizer que este um s\u00f3 que junta os diversos \u00e9 o Esp\u00edrito Santo. E a Igreja nasceu assim: diversos, unidos pelo Esp\u00edrito Santo\u201d.<\/p>\n<p><img loading=\"lazy\" class=\"alignnone size-full wp-image-224049\" src=\"https:\/\/franciscanos.org.br\/noticias\/wp-content\/uploads\/2020\/05\/pentecostes_06.jpg\" alt=\"\" width=\"1000\" height=\"563\" srcset=\"https:\/\/franciscanos.org.br\/noticias\/wp-content\/uploads\/2020\/05\/pentecostes_06.jpg 1000w, https:\/\/franciscanos.org.br\/noticias\/wp-content\/uploads\/2020\/05\/pentecostes_06-450x253.jpg 450w, https:\/\/franciscanos.org.br\/noticias\/wp-content\/uploads\/2020\/05\/pentecostes_06-768x432.jpg 768w, https:\/\/franciscanos.org.br\/noticias\/wp-content\/uploads\/2020\/05\/pentecostes_06-150x84.jpg 150w\" sizes=\"(max-width: 1000px) 100vw, 1000px\" \/><\/p>\n<p>O Papa recordou que entre os ap\u00f3stolos havia \u201cpessoas simples, habituadas a viver do trabalho das suas m\u00e3os, como os pescadores\u201d, mas tamb\u00e9m Mateus, \u201ccertamente dotado de instru\u00e7\u00e3o pois fora cobrador de impostos\u201d. Ou seja, h\u00e1 \u201corigens e contextos sociais diversos, nomes hebraicos e nomes gregos, temperamentos pacatos e outros ardorosos, ideias e sensibilidades diferentes\u201d.<\/p>\n<p>\u201cJesus &#8211; enfatizou Francisco &#8211; n\u00e3o os mudara, nem os uniformizara, tornando-os modelos em s\u00e9rie. Deixara as suas diversidades; e agora une-os, ungindo-os com o Esp\u00edrito Santo. A uni\u00e3o vem com a un\u00e7\u00e3o.\u201d<\/p>\n<p>Em Pentecostes, \u201cos Ap\u00f3stolos compreendem a for\u00e7a unificadora do Esp\u00edrito\u201d, pois constatam, que apesar de todos falarem l\u00ednguas diversas, \u201cformam um s\u00f3 povo: o povo de Deus, plasmado pelo Esp\u00edrito, que tece a unidade com as nossas diferen\u00e7as, que d\u00e1 harmonia porque \u00e9 harmonia\u201d.<\/p>\n<p>Voltando para a Igreja hoje, o Papa pergunta: \u00abO que \u00e9 que nos une, em que se baseia a nossa unidade?\u00bb, pois tamb\u00e9m entre n\u00f3s \u201cexistem diversidades, por exemplo de opini\u00e3o, prefer\u00eancia, sensibilidade\u201d. E a tenta\u00e7\u00e3o, \u201c\u00e9 defender sempre de espada desembainhada as nossas ideias, considerando-as boas para todos e pactuando apenas com quem pensa como n\u00f3s\u201d.<\/p>\n<p><img loading=\"lazy\" class=\"alignnone size-full wp-image-224050\" src=\"https:\/\/franciscanos.org.br\/noticias\/wp-content\/uploads\/2020\/05\/pentecostes_02.jpg\" alt=\"\" width=\"1000\" height=\"563\" srcset=\"https:\/\/franciscanos.org.br\/noticias\/wp-content\/uploads\/2020\/05\/pentecostes_02.jpg 1000w, https:\/\/franciscanos.org.br\/noticias\/wp-content\/uploads\/2020\/05\/pentecostes_02-450x253.jpg 450w, https:\/\/franciscanos.org.br\/noticias\/wp-content\/uploads\/2020\/05\/pentecostes_02-768x432.jpg 768w, https:\/\/franciscanos.org.br\/noticias\/wp-content\/uploads\/2020\/05\/pentecostes_02-150x84.jpg 150w\" sizes=\"(max-width: 1000px) 100vw, 1000px\" \/><\/p>\n<p>Mas esta \u2013 ressalta o Papa \u2013 \u201c\u00e9 uma f\u00e9 \u00e0 nossa imagem\u201d, em que aquilo que nos une \u201cs\u00e3o as pr\u00f3prias coisas em que acreditamos e os pr\u00f3prios comportamentos que adotamos\u201d. Mas \u201co nosso princ\u00edpio de unidade \u00e9 o Esp\u00edrito Santo. E a primeira coisa que Ele nos lembra \u00e9 que somos filhos amados de Deus\u201d: \u201cO Esp\u00edrito vem a n\u00f3s, com todas as nossas diversidades e mis\u00e9rias, para nos dizer que temos um s\u00f3 e mesmo Senhor, Jesus, e um s\u00f3 e mesmo Pai; por isso, somos irm\u00e3os e irm\u00e3s. Partamos daqui! Olhemos a Igreja como faz o Esp\u00edrito, n\u00e3o como faz o mundo. O mundo v\u00ea-nos de direita e de esquerda; o Esp\u00edrito v\u00ea-nos do Pai e de Jesus. O mundo v\u00ea conservadores e progressistas; o Esp\u00edrito v\u00ea filhos de Deus. O olhar do mundo v\u00ea estruturas, que se devem tornar mais eficientes; o olhar espiritual v\u00ea irm\u00e3os e irm\u00e3s implorando miseric\u00f3rdia. O Esp\u00edrito ama-nos e conhece o lugar de cada um no todo: para Ele n\u00e3o somos papelinhos coloridos levados pelo vento, mas ladrilhos insubstitu\u00edveis do seu mosaico\u201d<\/p>\n<p>Voltando ao dia de Pentecostes, o Papa observa que a primeira obra da Igreja \u00e9 \u201co an\u00fancio\u201d: \u201cVemos, por\u00e9m, que os Ap\u00f3stolos n\u00e3o preparam uma estrat\u00e9gia, n\u00e3o t\u00eam um plano pastoral. Teriam podido dividir as pessoas por grupos segundo os v\u00e1rios povos, falar primeiro aos de perto e depois aos que eram de longe. Teriam podido tamb\u00e9m temporizar um pouco no an\u00fancio e, entretanto, aprofundar os ensinamentos de Jesus, para evitar riscos&#8230; Mas n\u00e3o! O Esp\u00edrito n\u00e3o quer que a recorda\u00e7\u00e3o do Mestre seja cultivada em grupos fechados, em cen\u00e1culos onde tendemos a \u00abfazer o ninho\u00bb. O Esp\u00edrito abre, relan\u00e7a, impele para al\u00e9m do que j\u00e1 foi dito e feito, mais al\u00e9m dos recintos duma f\u00e9 t\u00edmida e cautelosa\u201d.<\/p>\n<p><img loading=\"lazy\" class=\"alignnone size-full wp-image-224051\" src=\"https:\/\/franciscanos.org.br\/noticias\/wp-content\/uploads\/2020\/05\/pentecostes_03.jpg\" alt=\"\" width=\"1000\" height=\"563\" srcset=\"https:\/\/franciscanos.org.br\/noticias\/wp-content\/uploads\/2020\/05\/pentecostes_03.jpg 1000w, https:\/\/franciscanos.org.br\/noticias\/wp-content\/uploads\/2020\/05\/pentecostes_03-450x253.jpg 450w, https:\/\/franciscanos.org.br\/noticias\/wp-content\/uploads\/2020\/05\/pentecostes_03-768x432.jpg 768w, https:\/\/franciscanos.org.br\/noticias\/wp-content\/uploads\/2020\/05\/pentecostes_03-150x84.jpg 150w\" sizes=\"(max-width: 1000px) 100vw, 1000px\" \/><\/p>\n<p>Diferentemente do mundo que precisa de uma \u201cestrutura compacta e uma estrat\u00e9gia calculada\u201d, na Igreja \u2013 disse o Santo Padre &#8211; \u00e9 o Esp\u00edrito que assegura ao arauto a unidade\u201d. Assim, os Ap\u00f3stolos partem \u201csem prepara\u00e7\u00e3o, lan\u00e7am-se, saem. Anima-os um \u00fanico desejo: dar o que receberam.\u201d<\/p>\n<p>E isso, leva-nos a compreender que \u201co segredo da unidade, o segredo do Esp\u00edrito: \u00e9 o dom. Porque Ele \u00e9 dom, vive doando-Se e, assim, nos mant\u00e9m unidos, fazendo-nos participantes do mesmo dom\u201d: \u201c\u00c9 importante acreditar que Deus \u00e9 dom, que n\u00e3o se comporta tomando, mas dando. E por que \u00e9 importante? Porque o nosso modo de ser crentes depende de como entendermos Deus. Se tivermos em mente um Deus que toma e Se imp\u00f5e, desejaremos tamb\u00e9m n\u00f3s tomar e impor-nos: ocupar espa\u00e7os, reivindicar import\u00e2ncia, procurar poder.&#8221;<\/p>\n<p>\u201cMas, se tivermos no cora\u00e7\u00e3o que Deus \u00e9 dom, muda tudo. Se nos dermos conta de que aquilo que somos \u00e9 dom d\u2019Ele, dom gratuito e imerecido, ent\u00e3o tamb\u00e9m n\u00f3s quereremos fazer da vida um dom. E amando humildemente, servindo gratuitamente e com alegria, ofereceremos ao mundo a verdadeira imagem de Deus.\u201d<\/p>\n<p>O Esp\u00edrito, mem\u00f3ria viva da Igreja, lembra-nos que nascemos de um dom e crescemos doando-nos; n\u00e3o poupando-nos, mas dando-nos: O Papa ent\u00e3o nos convida a olhar no \u00edntimo de n\u00f3s mesmos e nos perguntar o que \u00e9 que impede de nos darmos, indicando tr\u00eas inimigos do dom, \u201csempre deitados \u00e0 porta do cora\u00e7\u00e3o: o narcisismo, a vitimiza\u00e7\u00e3o e o pessimismo\u201d.<\/p>\n<p><img loading=\"lazy\" class=\"alignnone size-full wp-image-224052\" src=\"https:\/\/franciscanos.org.br\/noticias\/wp-content\/uploads\/2020\/05\/pentecostes_05.jpg\" alt=\"\" width=\"1000\" height=\"563\" srcset=\"https:\/\/franciscanos.org.br\/noticias\/wp-content\/uploads\/2020\/05\/pentecostes_05.jpg 1000w, https:\/\/franciscanos.org.br\/noticias\/wp-content\/uploads\/2020\/05\/pentecostes_05-450x253.jpg 450w, https:\/\/franciscanos.org.br\/noticias\/wp-content\/uploads\/2020\/05\/pentecostes_05-768x432.jpg 768w, https:\/\/franciscanos.org.br\/noticias\/wp-content\/uploads\/2020\/05\/pentecostes_05-150x84.jpg 150w\" sizes=\"(max-width: 1000px) 100vw, 1000px\" \/><\/p>\n<p><strong>O narcisimo<\/strong><\/p>\n<p>\u201cO narcisismo leva a idolatrar-me a mim mesmo, a comprazer-me apenas com o lucro pr\u00f3prio. O narcisista pensa: \u00abA vida \u00e9 boa, se eu ganho com ela\u00bb. E assim chega a dizer: \u00abPor que deveria eu doar-me aos outros?\u00bb Nesta pandemia, faz um mal imenso o narcisismo, o debru\u00e7ar-se apenas sobre as pr\u00f3prias car\u00eancias, insens\u00edvel \u00e0s dos outros, o n\u00e3o admitir as pr\u00f3prias fragilidades e erros.<\/p>\n<p><strong>A vitimiza\u00e7\u00e3o<\/strong><\/p>\n<p>Mas o segundo inimigo, a vitimiza\u00e7\u00e3o, tamb\u00e9m \u00e9 perigoso. A v\u00edtima lamenta-se todos os dias do seu pr\u00f3ximo: \u00abNingu\u00e9m me compreende, ningu\u00e9m me ajuda, ningu\u00e9m me quer bem, est\u00e3o todos contra mim!\u00bb E o seu cora\u00e7\u00e3o fecha-se, enquanto se interroga: \u00abPor que n\u00e3o se doam a mim os outros?\u00bb No drama que vivemos, como \u00e9 m\u00e1 a vitimiza\u00e7\u00e3o! Como \u00e9 mau pensar que ningu\u00e9m nos compreende e sente aquilo que sentimos n\u00f3s!<\/p>\n<p><img loading=\"lazy\" class=\"alignnone size-full wp-image-224053\" src=\"https:\/\/franciscanos.org.br\/noticias\/wp-content\/uploads\/2020\/05\/pentecostes_07.jpg\" alt=\"\" width=\"1000\" height=\"563\" srcset=\"https:\/\/franciscanos.org.br\/noticias\/wp-content\/uploads\/2020\/05\/pentecostes_07.jpg 1000w, https:\/\/franciscanos.org.br\/noticias\/wp-content\/uploads\/2020\/05\/pentecostes_07-450x253.jpg 450w, https:\/\/franciscanos.org.br\/noticias\/wp-content\/uploads\/2020\/05\/pentecostes_07-768x432.jpg 768w, https:\/\/franciscanos.org.br\/noticias\/wp-content\/uploads\/2020\/05\/pentecostes_07-150x84.jpg 150w\" sizes=\"(max-width: 1000px) 100vw, 1000px\" \/><\/p>\n<p><strong>O pessimismo<\/strong><\/p>\n<p>Por fim, temos o pessimismo. Neste caso, a ladainha di\u00e1ria \u00e9: \u00abNada vai bem, a sociedade, a pol\u00edtica, a Igreja&#8230;\u00bb O pessimista insurge-se contra o mundo, mas fica inerte e pensa: \u00abAssim para que serve doar-se? \u00c9 in\u00fatil\u00bb. Agora, no grande esfor\u00e7o de recome\u00e7ar, como \u00e9 prejudicial o pessimismo, ver tudo negro, repetir que nada voltar\u00e1 a ser como antes!\u201d<br \/>\nCom este tipo de pensamento \u2013 observou Francisco &#8211; o que seguramente n\u00e3o volta \u00e9 a esperan\u00e7a, \u201cencontramo-nos na carestia da esperan\u00e7a e precisamos apreciar o dom da vida, o dom que \u00e9 cada um de n\u00f3s. Por isso, necessitamos do Esp\u00edrito Santo, dom de Deus que nos cura do narcisismo, da vitimiza\u00e7\u00e3o e do pessimismo.\u201d<\/p>\n<p><strong>Construtores de unidade<\/strong><\/p>\n<p>O Pont\u00edfice assim concluiu sua homilia: \u201cPe\u00e7amos o Esp\u00edrito Santo, mem\u00f3ria de Deus, reavivai em n\u00f3s a lembran\u00e7a do dom recebido. Libertai-nos das paralisias do ego\u00edsmo e acendei em n\u00f3s o desejo de servir, de fazer bem. Porque pior do que esta crise, s\u00f3 o drama de a desperdi\u00e7ar fechando-nos em n\u00f3s mesmos. Vinde, Esp\u00edrito Santo! V\u00f3s que sois harmonia, tornai-nos construtores de unidade; V\u00f3s que sempre Vos doais, dai-nos a coragem de sair de n\u00f3s mesmos, de nos amar e ajudar, para nos tornarmos uma \u00fanica fam\u00edlia. Am\u00e9m\u201d.<\/p>\n<p><em>Fonte: Vatican News<\/em><\/p>\n","protected":false},"excerpt":{"rendered":"<p>Solenidade de Pentecostes<\/p>\n","protected":false},"author":3,"featured_media":224054,"comment_status":"open","ping_status":"open","sticky":false,"template":"","format":"standard","meta":[],"categories":[1428],"tags":[1352],"acf":[],"yoast_head":"<!-- This site is optimized with the Yoast SEO plugin v19.2 - https:\/\/yoast.com\/wordpress\/plugins\/seo\/ -->\n<title>Papa: a uni\u00e3o vem com a un\u00e7\u00e3o. Que o Esp\u00edrito Santo nos torne construtores de unidade. - Not\u00edcias - Franciscanos<\/title>\n<meta name=\"robots\" content=\"index, follow, max-snippet:-1, max-image-preview:large, max-video-preview:-1\" \/>\n<link rel=\"canonical\" href=\"https:\/\/franciscanos.org.br\/noticias\/papa-a-uniao-vem-com-a-uncao-que-o-espirito-santo-nos-torne-construtores-de-unidade.html\" \/>\n<meta property=\"og:locale\" content=\"pt_BR\" \/>\n<meta property=\"og:type\" content=\"article\" \/>\n<meta property=\"og:title\" content=\"Papa: a uni\u00e3o vem com a un\u00e7\u00e3o. Que o Esp\u00edrito Santo nos torne construtores de unidade. - Not\u00edcias - Franciscanos\" \/>\n<meta property=\"og:description\" content=\"Solenidade de Pentecostes\" \/>\n<meta property=\"og:url\" content=\"https:\/\/franciscanos.org.br\/noticias\/papa-a-uniao-vem-com-a-uncao-que-o-espirito-santo-nos-torne-construtores-de-unidade.html\" \/>\n<meta property=\"og:site_name\" content=\"Not\u00edcias - Franciscanos\" \/>\n<meta property=\"article:published_time\" content=\"2020-05-31T10:38:20+00:00\" \/>\n<meta property=\"article:modified_time\" content=\"2021-08-29T14:20:25+00:00\" \/>\n<meta property=\"og:image\" content=\"https:\/\/franciscanos.org.br\/noticias\/wp-content\/uploads\/2020\/05\/pentecostes_01dd.jpg\" \/>\n\t<meta property=\"og:image:width\" content=\"800\" \/>\n\t<meta property=\"og:image:height\" content=\"601\" \/>\n\t<meta property=\"og:image:type\" content=\"image\/jpeg\" \/>\n<meta name=\"author\" content=\"moacir\" \/>\n<meta name=\"twitter:card\" content=\"summary_large_image\" \/>\n<meta name=\"twitter:label1\" content=\"Escrito por\" \/>\n\t<meta name=\"twitter:data1\" content=\"moacir\" \/>\n\t<meta name=\"twitter:label2\" content=\"Est. tempo de leitura\" \/>\n\t<meta name=\"twitter:data2\" content=\"7 minutos\" \/>\n<script type=\"application\/ld+json\" class=\"yoast-schema-graph\">{\"@context\":\"https:\/\/schema.org\",\"@graph\":[{\"@type\":\"WebSite\",\"@id\":\"https:\/\/franciscanos.org.br\/noticias\/#website\",\"url\":\"https:\/\/franciscanos.org.br\/noticias\/\",\"name\":\"Not\u00edcias - Franciscanos\",\"description\":\"Prov\u00edncia Franciscana da Imaculada Concei\u00e7\u00e3o do Brasil - Ordem dos Frades Menores - OFM\",\"potentialAction\":[{\"@type\":\"SearchAction\",\"target\":{\"@type\":\"EntryPoint\",\"urlTemplate\":\"https:\/\/franciscanos.org.br\/noticias\/?s={search_term_string}\"},\"query-input\":\"required name=search_term_string\"}],\"inLanguage\":\"pt-BR\"},{\"@type\":\"ImageObject\",\"inLanguage\":\"pt-BR\",\"@id\":\"https:\/\/franciscanos.org.br\/noticias\/papa-a-uniao-vem-com-a-uncao-que-o-espirito-santo-nos-torne-construtores-de-unidade.html#primaryimage\",\"url\":\"https:\/\/franciscanos.org.br\/noticias\/wp-content\/uploads\/2020\/05\/pentecostes_01dd.jpg\",\"contentUrl\":\"https:\/\/franciscanos.org.br\/noticias\/wp-content\/uploads\/2020\/05\/pentecostes_01dd.jpg\",\"width\":800,\"height\":601},{\"@type\":\"WebPage\",\"@id\":\"https:\/\/franciscanos.org.br\/noticias\/papa-a-uniao-vem-com-a-uncao-que-o-espirito-santo-nos-torne-construtores-de-unidade.html#webpage\",\"url\":\"https:\/\/franciscanos.org.br\/noticias\/papa-a-uniao-vem-com-a-uncao-que-o-espirito-santo-nos-torne-construtores-de-unidade.html\",\"name\":\"Papa: a uni\u00e3o vem com a un\u00e7\u00e3o. Que o Esp\u00edrito Santo nos torne construtores de unidade. - Not\u00edcias - Franciscanos\",\"isPartOf\":{\"@id\":\"https:\/\/franciscanos.org.br\/noticias\/#website\"},\"primaryImageOfPage\":{\"@id\":\"https:\/\/franciscanos.org.br\/noticias\/papa-a-uniao-vem-com-a-uncao-que-o-espirito-santo-nos-torne-construtores-de-unidade.html#primaryimage\"},\"datePublished\":\"2020-05-31T10:38:20+00:00\",\"dateModified\":\"2021-08-29T14:20:25+00:00\",\"author\":{\"@id\":\"https:\/\/franciscanos.org.br\/noticias\/#\/schema\/person\/b5c8cba458c330ccff548b056e95a5d4\"},\"breadcrumb\":{\"@id\":\"https:\/\/franciscanos.org.br\/noticias\/papa-a-uniao-vem-com-a-uncao-que-o-espirito-santo-nos-torne-construtores-de-unidade.html#breadcrumb\"},\"inLanguage\":\"pt-BR\",\"potentialAction\":[{\"@type\":\"ReadAction\",\"target\":[\"https:\/\/franciscanos.org.br\/noticias\/papa-a-uniao-vem-com-a-uncao-que-o-espirito-santo-nos-torne-construtores-de-unidade.html\"]}]},{\"@type\":\"BreadcrumbList\",\"@id\":\"https:\/\/franciscanos.org.br\/noticias\/papa-a-uniao-vem-com-a-uncao-que-o-espirito-santo-nos-torne-construtores-de-unidade.html#breadcrumb\",\"itemListElement\":[{\"@type\":\"ListItem\",\"position\":1,\"name\":\"Home\",\"item\":\"https:\/\/franciscanos.org.br\/noticias\"},{\"@type\":\"ListItem\",\"position\":2,\"name\":\"Papa: a uni\u00e3o vem com a un\u00e7\u00e3o. Que o Esp\u00edrito Santo nos torne construtores de unidade.\"}]},{\"@type\":\"Person\",\"@id\":\"https:\/\/franciscanos.org.br\/noticias\/#\/schema\/person\/b5c8cba458c330ccff548b056e95a5d4\",\"name\":\"moacir\",\"image\":{\"@type\":\"ImageObject\",\"inLanguage\":\"pt-BR\",\"@id\":\"https:\/\/franciscanos.org.br\/noticias\/#\/schema\/person\/image\/\",\"url\":\"https:\/\/secure.gravatar.com\/avatar\/d08aa2ce4c8dd416d4479aa8536fcf64?s=96&d=mm&r=g\",\"contentUrl\":\"https:\/\/secure.gravatar.com\/avatar\/d08aa2ce4c8dd416d4479aa8536fcf64?s=96&d=mm&r=g\",\"caption\":\"moacir\"},\"url\":\"https:\/\/franciscanos.org.br\/noticias\/author\/moacir\"}]}<\/script>\n<!-- \/ Yoast SEO plugin. -->","yoast_head_json":{"title":"Papa: a uni\u00e3o vem com a un\u00e7\u00e3o. Que o Esp\u00edrito Santo nos torne construtores de unidade. - Not\u00edcias - Franciscanos","robots":{"index":"index","follow":"follow","max-snippet":"max-snippet:-1","max-image-preview":"max-image-preview:large","max-video-preview":"max-video-preview:-1"},"canonical":"https:\/\/franciscanos.org.br\/noticias\/papa-a-uniao-vem-com-a-uncao-que-o-espirito-santo-nos-torne-construtores-de-unidade.html","og_locale":"pt_BR","og_type":"article","og_title":"Papa: a uni\u00e3o vem com a un\u00e7\u00e3o. Que o Esp\u00edrito Santo nos torne construtores de unidade. - Not\u00edcias - Franciscanos","og_description":"Solenidade de Pentecostes","og_url":"https:\/\/franciscanos.org.br\/noticias\/papa-a-uniao-vem-com-a-uncao-que-o-espirito-santo-nos-torne-construtores-de-unidade.html","og_site_name":"Not\u00edcias - Franciscanos","article_published_time":"2020-05-31T10:38:20+00:00","article_modified_time":"2021-08-29T14:20:25+00:00","og_image":[{"width":800,"height":601,"url":"https:\/\/franciscanos.org.br\/noticias\/wp-content\/uploads\/2020\/05\/pentecostes_01dd.jpg","type":"image\/jpeg"}],"author":"moacir","twitter_card":"summary_large_image","twitter_misc":{"Escrito por":"moacir","Est. tempo de leitura":"7 minutos"},"schema":{"@context":"https:\/\/schema.org","@graph":[{"@type":"WebSite","@id":"https:\/\/franciscanos.org.br\/noticias\/#website","url":"https:\/\/franciscanos.org.br\/noticias\/","name":"Not\u00edcias - Franciscanos","description":"Prov\u00edncia Franciscana da Imaculada Concei\u00e7\u00e3o do Brasil - Ordem dos Frades Menores - OFM","potentialAction":[{"@type":"SearchAction","target":{"@type":"EntryPoint","urlTemplate":"https:\/\/franciscanos.org.br\/noticias\/?s={search_term_string}"},"query-input":"required name=search_term_string"}],"inLanguage":"pt-BR"},{"@type":"ImageObject","inLanguage":"pt-BR","@id":"https:\/\/franciscanos.org.br\/noticias\/papa-a-uniao-vem-com-a-uncao-que-o-espirito-santo-nos-torne-construtores-de-unidade.html#primaryimage","url":"https:\/\/franciscanos.org.br\/noticias\/wp-content\/uploads\/2020\/05\/pentecostes_01dd.jpg","contentUrl":"https:\/\/franciscanos.org.br\/noticias\/wp-content\/uploads\/2020\/05\/pentecostes_01dd.jpg","width":800,"height":601},{"@type":"WebPage","@id":"https:\/\/franciscanos.org.br\/noticias\/papa-a-uniao-vem-com-a-uncao-que-o-espirito-santo-nos-torne-construtores-de-unidade.html#webpage","url":"https:\/\/franciscanos.org.br\/noticias\/papa-a-uniao-vem-com-a-uncao-que-o-espirito-santo-nos-torne-construtores-de-unidade.html","name":"Papa: a uni\u00e3o vem com a un\u00e7\u00e3o. Que o Esp\u00edrito Santo nos torne construtores de unidade. - Not\u00edcias - Franciscanos","isPartOf":{"@id":"https:\/\/franciscanos.org.br\/noticias\/#website"},"primaryImageOfPage":{"@id":"https:\/\/franciscanos.org.br\/noticias\/papa-a-uniao-vem-com-a-uncao-que-o-espirito-santo-nos-torne-construtores-de-unidade.html#primaryimage"},"datePublished":"2020-05-31T10:38:20+00:00","dateModified":"2021-08-29T14:20:25+00:00","author":{"@id":"https:\/\/franciscanos.org.br\/noticias\/#\/schema\/person\/b5c8cba458c330ccff548b056e95a5d4"},"breadcrumb":{"@id":"https:\/\/franciscanos.org.br\/noticias\/papa-a-uniao-vem-com-a-uncao-que-o-espirito-santo-nos-torne-construtores-de-unidade.html#breadcrumb"},"inLanguage":"pt-BR","potentialAction":[{"@type":"ReadAction","target":["https:\/\/franciscanos.org.br\/noticias\/papa-a-uniao-vem-com-a-uncao-que-o-espirito-santo-nos-torne-construtores-de-unidade.html"]}]},{"@type":"BreadcrumbList","@id":"https:\/\/franciscanos.org.br\/noticias\/papa-a-uniao-vem-com-a-uncao-que-o-espirito-santo-nos-torne-construtores-de-unidade.html#breadcrumb","itemListElement":[{"@type":"ListItem","position":1,"name":"Home","item":"https:\/\/franciscanos.org.br\/noticias"},{"@type":"ListItem","position":2,"name":"Papa: a uni\u00e3o vem com a un\u00e7\u00e3o. Que o Esp\u00edrito Santo nos torne construtores de unidade."}]},{"@type":"Person","@id":"https:\/\/franciscanos.org.br\/noticias\/#\/schema\/person\/b5c8cba458c330ccff548b056e95a5d4","name":"moacir","image":{"@type":"ImageObject","inLanguage":"pt-BR","@id":"https:\/\/franciscanos.org.br\/noticias\/#\/schema\/person\/image\/","url":"https:\/\/secure.gravatar.com\/avatar\/d08aa2ce4c8dd416d4479aa8536fcf64?s=96&d=mm&r=g","contentUrl":"https:\/\/secure.gravatar.com\/avatar\/d08aa2ce4c8dd416d4479aa8536fcf64?s=96&d=mm&r=g","caption":"moacir"},"url":"https:\/\/franciscanos.org.br\/noticias\/author\/moacir"}]}},"_links":{"self":[{"href":"https:\/\/franciscanos.org.br\/noticias\/wp-json\/wp\/v2\/posts\/224047"}],"collection":[{"href":"https:\/\/franciscanos.org.br\/noticias\/wp-json\/wp\/v2\/posts"}],"about":[{"href":"https:\/\/franciscanos.org.br\/noticias\/wp-json\/wp\/v2\/types\/post"}],"author":[{"embeddable":true,"href":"https:\/\/franciscanos.org.br\/noticias\/wp-json\/wp\/v2\/users\/3"}],"replies":[{"embeddable":true,"href":"https:\/\/franciscanos.org.br\/noticias\/wp-json\/wp\/v2\/comments?post=224047"}],"version-history":[{"count":3,"href":"https:\/\/franciscanos.org.br\/noticias\/wp-json\/wp\/v2\/posts\/224047\/revisions"}],"predecessor-version":[{"id":233991,"href":"https:\/\/franciscanos.org.br\/noticias\/wp-json\/wp\/v2\/posts\/224047\/revisions\/233991"}],"wp:featuredmedia":[{"embeddable":true,"href":"https:\/\/franciscanos.org.br\/noticias\/wp-json\/wp\/v2\/media\/224054"}],"wp:attachment":[{"href":"https:\/\/franciscanos.org.br\/noticias\/wp-json\/wp\/v2\/media?parent=224047"}],"wp:term":[{"taxonomy":"category","embeddable":true,"href":"https:\/\/franciscanos.org.br\/noticias\/wp-json\/wp\/v2\/categories?post=224047"},{"taxonomy":"post_tag","embeddable":true,"href":"https:\/\/franciscanos.org.br\/noticias\/wp-json\/wp\/v2\/tags?post=224047"}],"curies":[{"name":"wp","href":"https:\/\/api.w.org\/{rel}","templated":true}]}}