{"id":224034,"date":"2020-05-30T14:25:01","date_gmt":"2020-05-30T17:25:01","guid":{"rendered":"https:\/\/franciscanos.org.br\/noticias\/?p=224034"},"modified":"2021-08-29T11:21:41","modified_gmt":"2021-08-29T14:21:41","slug":"papa-confia-humanidade-a-protecao-divina","status":"publish","type":"post","link":"https:\/\/franciscanos.org.br\/noticias\/papa-confia-humanidade-a-protecao-divina.html","title":{"rendered":"Papa confia humanidade \u00e0 prote\u00e7\u00e3o divina"},"content":{"rendered":"<div class=\"article__subTitle\">\n<div id=\"attachment_224035\" style=\"width: 990px\" class=\"wp-caption alignnone\"><img aria-describedby=\"caption-attachment-224035\" loading=\"lazy\" class=\"wp-image-224035 size-full\" src=\"https:\/\/franciscanos.org.br\/noticias\/wp-content\/uploads\/2020\/05\/terco_3005.jpg\" alt=\"\" width=\"980\" height=\"653\" srcset=\"https:\/\/franciscanos.org.br\/noticias\/wp-content\/uploads\/2020\/05\/terco_3005.jpg 980w, https:\/\/franciscanos.org.br\/noticias\/wp-content\/uploads\/2020\/05\/terco_3005-450x300.jpg 450w, https:\/\/franciscanos.org.br\/noticias\/wp-content\/uploads\/2020\/05\/terco_3005-768x512.jpg 768w, https:\/\/franciscanos.org.br\/noticias\/wp-content\/uploads\/2020\/05\/terco_3005-150x100.jpg 150w\" sizes=\"(max-width: 980px) 100vw, 980px\" \/><p id=\"caption-attachment-224035\" class=\"wp-caption-text\"><em>\u00a0 \u00a0 \u00a0 \u00a0 \u00a0 \u00a0 \u00a0 \u00a0 \u00a0 \u00a0 \u00a0 \u00a0 \u00a0 \u00a0 \u00a0 \u00a0 \u00a0 \u00a0 \u00a0 \u00a0 \u00a0 \u00a0 \u00a0 \u00a0 \u00a0 \u00a0 \u00a0 \u00a0 \u00a0 \u00a0 \u00a0 \u00a0 \u00a0 \u00a0 \u00a0 \u00a0 \u00a0 \u00a0 \u00a0 \u00a0 \u00a0 \u00a0 \u00a0 \u00a0 \u00a0 \u00a0 \u00a0 \u00a0 \u00a0 \u00a0 \u00a0 \u00a0 \u00a0 \u00a0 \u00a0 \u00a0 \u00a0Imagens: Vatican Media<\/em><\/p><\/div>\n<p><b>Cidade do Vaticano &#8211; <\/b>Unidos na ora\u00e7\u00e3o para invocar a ajuda e o socorro da Virgem Maria e para confiar a humanidade ao Senhor. No final da tarde deste s\u00e1bado, 30 de maio, o Papa Francisco rezou o Ter\u00e7o na Gruta de Lourdes nos Jardins Vaticanos, acompanhado por um grupo de leigos, cardeais, bispos, sacerdotes, religiosas, confiando a humanidade a Deus.<\/p>\n<\/div>\n<div class=\"article__text\">\n<p>A celebra\u00e7\u00e3o, transmitida em Mundovis\u00e3o, foi promovida pelo Pontif\u00edcio Conselho para a Promo\u00e7\u00e3o da Nova Evangeliza\u00e7\u00e3o com o tema \u201cPerseverantes e unidos na ora\u00e7\u00e3o, junto com Maria (At 1,14)\u201d.<\/p>\n<p>Santu\u00e1rios em todo o mundo estiveram unidos neste momento de ora\u00e7\u00e3o, que tamb\u00e9m pediu a prote\u00e7\u00e3o materna da Virgem Maria para enfrentar a pandemia: F\u00e1tima, Lourdes, Guadalupe, Aparecida, Luj\u00e1n, Pompeia, Santa Maria dos Anjos em Assis, Chinquinquira na Col\u00f4mbia, Imaculada Concei\u00e7\u00e3o em Washington, Elele na Nig\u00e9ria, Czestochowa na Pol\u00f4nia, entre outros.<\/p>\n<p><img loading=\"lazy\" class=\"alignnone size-full wp-image-224036\" src=\"https:\/\/franciscanos.org.br\/noticias\/wp-content\/uploads\/2020\/05\/terco_3005_2.jpg\" alt=\"\" width=\"1280\" height=\"720\" srcset=\"https:\/\/franciscanos.org.br\/noticias\/wp-content\/uploads\/2020\/05\/terco_3005_2.jpg 1280w, https:\/\/franciscanos.org.br\/noticias\/wp-content\/uploads\/2020\/05\/terco_3005_2-450x253.jpg 450w, https:\/\/franciscanos.org.br\/noticias\/wp-content\/uploads\/2020\/05\/terco_3005_2-1024x576.jpg 1024w, https:\/\/franciscanos.org.br\/noticias\/wp-content\/uploads\/2020\/05\/terco_3005_2-768x432.jpg 768w, https:\/\/franciscanos.org.br\/noticias\/wp-content\/uploads\/2020\/05\/terco_3005_2-150x84.jpg 150w\" sizes=\"(max-width: 1280px) 100vw, 1280px\" \/><\/p>\n<p>A cerim\u00f4nia teve in\u00edcio com o Santo Padre depositando um buqu\u00ea de flores junto \u00e0 imagem de Nossa Senhora de Lourdes, junto com todas as dores e esperan\u00e7as da humanidade. Enquanto era entoada a \u201cAve Maria\u201d, can\u00e7\u00e3o mariana bastante conhecida, o Santo Padre se detinha em ora\u00e7\u00e3o silenciosa diante da imagem colocada na r\u00e9plica na Gruta de Lourdes na Fran\u00e7a.<\/p>\n<p>&#8220;N\u00f3s nos colocamos sob o manto materno da Virgem Maria para confiar ao Senhor, por sua intercess\u00e3o, toda a humanidade, t\u00e3o duramente provada neste tempo de pandemia. Estamos unidos em ora\u00e7\u00e3o com os Santu\u00e1rios e as fam\u00edlias de todo o mundo na recita\u00e7\u00e3o do Santo Ter\u00e7o, na conclus\u00e3o do m\u00eas dedicado a Nossa Senhora&#8221; foi salientado no in\u00edcio da ora\u00e7\u00e3o.<\/p>\n<p><img loading=\"lazy\" class=\"alignnone size-full wp-image-224037\" src=\"https:\/\/franciscanos.org.br\/noticias\/wp-content\/uploads\/2020\/05\/terco_3005_3.jpg\" alt=\"\" width=\"1280\" height=\"720\" srcset=\"https:\/\/franciscanos.org.br\/noticias\/wp-content\/uploads\/2020\/05\/terco_3005_3.jpg 1280w, https:\/\/franciscanos.org.br\/noticias\/wp-content\/uploads\/2020\/05\/terco_3005_3-450x253.jpg 450w, https:\/\/franciscanos.org.br\/noticias\/wp-content\/uploads\/2020\/05\/terco_3005_3-1024x576.jpg 1024w, https:\/\/franciscanos.org.br\/noticias\/wp-content\/uploads\/2020\/05\/terco_3005_3-768x432.jpg 768w, https:\/\/franciscanos.org.br\/noticias\/wp-content\/uploads\/2020\/05\/terco_3005_3-150x84.jpg 150w\" sizes=\"(max-width: 1280px) 100vw, 1280px\" \/><\/p>\n<p>As Ave-Marias foram recitadas por diferentes categorias profissionais e sociais, representando ao menos em parte o universo das pessoas envolvidas direta ou indiretamente pela pandemia: um m\u00e9dico e uma enfermeira, em nome dos profissionais de sa\u00fade empenhados nos hospitais; uma pessoa curada e uma que perdeu um familiar, representando todos aqueles atingidos diretamente pelo sofrimento; um sacerdote, capel\u00e3o de um hospital e uma religiosa enfermeira, representando os sacerdotes e consagrados que estiveram e est\u00e3o pr\u00f3ximos das pessoas provadas pela dor e pela doen\u00e7a; um farmac\u00eautico e uma jornalista, \u00a0categorias profissionais que continuaram a desenvolver seu servi\u00e7o em favor dos outros; um volunt\u00e1rio da Prote\u00e7\u00e3o Civil e sua fam\u00edlia, representando todo o servi\u00e7o de voluntariado, tamb\u00e9m policiais e bombeiros; uma jovem fam\u00edlia, em cujo seio nasceu nestes dias uma crian\u00e7a, sinal da esperan\u00e7a e vit\u00f3ria sobre a morte.<\/p>\n<p><img loading=\"lazy\" class=\"alignnone size-full wp-image-224038\" src=\"https:\/\/franciscanos.org.br\/noticias\/wp-content\/uploads\/2020\/05\/terco_3005_1.jpg\" alt=\"\" width=\"1280\" height=\"720\" srcset=\"https:\/\/franciscanos.org.br\/noticias\/wp-content\/uploads\/2020\/05\/terco_3005_1.jpg 1280w, https:\/\/franciscanos.org.br\/noticias\/wp-content\/uploads\/2020\/05\/terco_3005_1-450x253.jpg 450w, https:\/\/franciscanos.org.br\/noticias\/wp-content\/uploads\/2020\/05\/terco_3005_1-1024x576.jpg 1024w, https:\/\/franciscanos.org.br\/noticias\/wp-content\/uploads\/2020\/05\/terco_3005_1-768x432.jpg 768w, https:\/\/franciscanos.org.br\/noticias\/wp-content\/uploads\/2020\/05\/terco_3005_1-150x84.jpg 150w\" sizes=\"(max-width: 1280px) 100vw, 1280px\" \/><\/p>\n<p>Na introdu\u00e7\u00e3o do Ter\u00e7o, o Papa rezou a ora\u00e7\u00e3o:<\/p>\n<p style=\"padding-left: 40px;\"><i>\u00d3 Maria,<br \/>\nV\u00f3s sempre resplandeceis sobre o nosso caminho<br \/>\ncomo um sinal de salva\u00e7\u00e3o e de esperan\u00e7a.<br \/>\nConfiamo-nos a V\u00f3s, Sa\u00fade dos Enfermos,<br \/>\nque permanecestes, junto da cruz, associada ao sofrimento de Jesus,<br \/>\nmantendo firme a vossa f\u00e9.<br \/>\nV\u00f3s, Salva\u00e7\u00e3o do Povo Romano,<br \/>\nsabeis do que precisamos<br \/>\ne temos a certeza de que no-lo providenciareis<br \/>\npara que, como em Can\u00e1 da Galileia,<br \/>\npossa voltar a alegria e a festa<br \/>\ndepois desta prova\u00e7\u00e3o.<br \/>\nAjudai-nos, M\u00e3e do Divino Amor,<br \/>\na conformar-nos com a vontade do Pai<br \/>\ne a fazer aquilo que nos disser Jesus,<br \/>\nque assumiu sobre Si as nossas enfermidades<br \/>\ne carregou as nossas dores<br \/>\npara nos levar, atrav\u00e9s da cruz,<br \/>\n\u00e0 alegria da ressurrei\u00e7\u00e3o. Am\u00e9m.<\/i><\/p>\n<p style=\"padding-left: 40px;\"><i>\u00c0 vossa prote\u00e7\u00e3o, recorremos, Santa M\u00e3e de Deus;<\/i><\/p>\n<p style=\"padding-left: 40px;\"><i>n\u00e3o desprezeis as nossas s\u00faplicas na hora da prova<\/i><\/p>\n<p style=\"padding-left: 40px;\"><i>mas livrai-nos de todos os perigos, \u00f3 Virgem gloriosa e bendita.<\/i><\/p>\n<p><img loading=\"lazy\" class=\"alignnone size-full wp-image-224039\" src=\"https:\/\/franciscanos.org.br\/noticias\/wp-content\/uploads\/2020\/05\/terco_3005_4.jpg\" alt=\"\" width=\"980\" height=\"648\" srcset=\"https:\/\/franciscanos.org.br\/noticias\/wp-content\/uploads\/2020\/05\/terco_3005_4.jpg 980w, https:\/\/franciscanos.org.br\/noticias\/wp-content\/uploads\/2020\/05\/terco_3005_4-450x298.jpg 450w, https:\/\/franciscanos.org.br\/noticias\/wp-content\/uploads\/2020\/05\/terco_3005_4-768x508.jpg 768w, https:\/\/franciscanos.org.br\/noticias\/wp-content\/uploads\/2020\/05\/terco_3005_4-150x99.jpg 150w\" sizes=\"(max-width: 980px) 100vw, 980px\" \/><\/p>\n<p>Ap\u00f3s a ora\u00e7\u00e3o do Ter\u00e7o, o Santo Padre recitou a seguinte ora\u00e7\u00e3o a Maria:<\/p>\n<p style=\"padding-left: 40px;\"><i>\u00ab\u00c0 vossa prote\u00e7\u00e3o, recorremos, Santa M\u00e3e de Deus\u00bb.<\/i><\/p>\n<p style=\"padding-left: 40px;\"><i>Na dram\u00e1tica situa\u00e7\u00e3o atual, carregada de sofrimentos e ang\u00fastias que oprimem o mundo inteiro, recorremos a V\u00f3s, M\u00e3e de Deus e nossa M\u00e3e, refugiando-nos sob a vossa prote\u00e7\u00e3o.<br \/>\n<\/i><\/p>\n<p style=\"padding-left: 40px;\"><i>\u00d3 Virgem Maria, volvei para n\u00f3s os vossos olhos misericordiosos nesta pandemia do coronav\u00edrus e confortai a quantos se sentem perdidos e choram pelos seus familiares mortos e, por vezes, sepultados duma maneira que fere a alma. Sustentai aqueles que est\u00e3o angustiados por pessoas enfermas de quem n\u00e3o se podem aproximar, para impedir o cont\u00e1gio. Infundi confian\u00e7a em quem vive ansioso com o futuro incerto e as consequ\u00eancias sobre a economia e o trabalho.<br \/>\n<\/i><\/p>\n<p style=\"padding-left: 40px;\"><i>M\u00e3e de Deus e nossa M\u00e3e, alcan\u00e7ai-nos de Deus, Pai de miseric\u00f3rdia, que esta dura prova termine e volte um horizonte de esperan\u00e7a e paz. Como em Can\u00e1, intervinde junto do vosso Divino Filho, pedindo-Lhe que conforte as fam\u00edlias dos doentes e das v\u00edtimas e abra o seu cora\u00e7\u00e3o \u00e0 confian\u00e7a.<br \/>\n<\/i><\/p>\n<p style=\"padding-left: 40px;\"><i>Protegei os m\u00e9dicos, os enfermeiros, os agentes de sa\u00fade, os volunt\u00e1rios que, neste per\u00edodo de emerg\u00eancia, est\u00e3o na vanguarda arriscando a pr\u00f3pria vida para salvar outras vidas. Acompanhai a sua fadiga heroica e dai-lhes for\u00e7a, bondade e sa\u00fade.<br \/>\n<\/i><\/p>\n<p style=\"padding-left: 40px;\"><i>Permanecei junto daqueles que assistem noite e dia os doentes, e dos sacerdotes que procuram ajudar e apoiar a todos, com solicitude pastoral e dedica\u00e7\u00e3o evang\u00e9lica.<br \/>\n<\/i><\/p>\n<p style=\"padding-left: 40px;\"><i>Virgem Santa, iluminai as mentes dos homens e mulheres de ci\u00eancia, a fim de encontrarem as solu\u00e7\u00f5es justas para vencer este v\u00edrus.<br \/>\n<\/i><\/p>\n<p style=\"padding-left: 40px;\"><i>Assisti os Respons\u00e1veis das na\u00e7\u00f5es, para que atuem com sabedoria, solicitude e generosidade, socorrendo aqueles que n\u00e3o t\u00eam o necess\u00e1rio para viver, programando solu\u00e7\u00f5es sociais e econ\u00f3micas com clarivid\u00eancia e esp\u00edrito de solidariedade.<br \/>\n<\/i><\/p>\n<p style=\"padding-left: 40px;\"><i>Maria Sant\u00edssima tocai as consci\u00eancias para que as somas enormes usadas para aumentar e aperfei\u00e7oar os armamentos sejam, antes, destinadas a promover estudos adequados para prevenir cat\u00e1strofes do g\u00e9nero no futuro.<br \/>\n<\/i><\/p>\n<p style=\"padding-left: 40px;\"><i>M\u00e3e amad\u00edssima, fazei crescer no mundo o sentido de perten\u00e7a a uma \u00fanica grande fam\u00edlia, na certeza do v\u00ednculo que une a todos, para acudirmos, com esp\u00edrito fraterno e solid\u00e1rio, a tanta pobreza e in\u00fameras situa\u00e7\u00f5es de mis\u00e9ria. Encorajai a firmeza na f\u00e9, a perseveran\u00e7a no servi\u00e7o, a const\u00e2ncia na ora\u00e7\u00e3o.<br \/>\n<\/i><\/p>\n<p style=\"padding-left: 40px;\"><i>\u00d3 Maria, Consoladora dos aflitos, abra\u00e7ai todos os vossos filhos atribulados e alcan\u00e7ai-nos a gra\u00e7a que Deus intervenha com a sua m\u00e3o omnipotente para nos libertar desta terr\u00edvel epidemia, de modo que a vida possa retomar com serenidade o seu curso normal.<br \/>\n<\/i><\/p>\n<p style=\"padding-left: 40px;\"><i>Confiamo-nos a V\u00f3s, que resplandeceis sobre o nosso caminho como sinal de salva\u00e7\u00e3o e de esperan\u00e7a, \u00f3 clemente, \u00f3 piedosa, \u00f3 doce Virgem Maria. Am\u00e9m.<\/i><\/p>\n<p>Ao final, o Santo Padre fez uma sauda\u00e7\u00e3o especial aos Santu\u00e1rios que se uniram \u00e0 ora\u00e7\u00e3o, agradecendo em espanhol, em particular,\u00a0 os santu\u00e1rios da Am\u00e9rica Latina conectados.<\/p>\n<hr \/>\n<p><em>Fonte: Vatican News<\/em><\/p>\n<\/div>\n","protected":false},"excerpt":{"rendered":"<p>Ora\u00e7\u00e3o do Ter\u00e7o nos Jardins do Vaticano <\/p>\n","protected":false},"author":3,"featured_media":224040,"comment_status":"open","ping_status":"open","sticky":false,"template":"","format":"standard","meta":[],"categories":[1428],"tags":[1627,55],"acf":[],"yoast_head":"<!-- This site is optimized with the Yoast SEO plugin v19.2 - https:\/\/yoast.com\/wordpress\/plugins\/seo\/ -->\n<title>Papa confia humanidade \u00e0 prote\u00e7\u00e3o divina - Not\u00edcias - Franciscanos<\/title>\n<meta name=\"robots\" content=\"index, follow, max-snippet:-1, max-image-preview:large, max-video-preview:-1\" \/>\n<link rel=\"canonical\" href=\"https:\/\/franciscanos.org.br\/noticias\/papa-confia-humanidade-a-protecao-divina.html\" \/>\n<meta property=\"og:locale\" content=\"pt_BR\" \/>\n<meta property=\"og:type\" content=\"article\" \/>\n<meta property=\"og:title\" content=\"Papa confia humanidade \u00e0 prote\u00e7\u00e3o divina - Not\u00edcias - Franciscanos\" \/>\n<meta property=\"og:description\" content=\"Ora\u00e7\u00e3o do Ter\u00e7o nos Jardins do Vaticano\" \/>\n<meta property=\"og:url\" content=\"https:\/\/franciscanos.org.br\/noticias\/papa-confia-humanidade-a-protecao-divina.html\" \/>\n<meta property=\"og:site_name\" content=\"Not\u00edcias - Franciscanos\" \/>\n<meta property=\"article:published_time\" content=\"2020-05-30T17:25:01+00:00\" \/>\n<meta property=\"article:modified_time\" content=\"2021-08-29T14:21:41+00:00\" \/>\n<meta property=\"og:image\" content=\"https:\/\/franciscanos.org.br\/noticias\/wp-content\/uploads\/2020\/05\/terco_3005d.jpg\" \/>\n\t<meta property=\"og:image:width\" content=\"800\" \/>\n\t<meta property=\"og:image:height\" content=\"600\" \/>\n\t<meta property=\"og:image:type\" content=\"image\/jpeg\" \/>\n<meta name=\"author\" content=\"moacir\" \/>\n<meta name=\"twitter:card\" content=\"summary_large_image\" \/>\n<meta name=\"twitter:label1\" content=\"Escrito por\" \/>\n\t<meta name=\"twitter:data1\" content=\"moacir\" \/>\n\t<meta name=\"twitter:label2\" content=\"Est. tempo de leitura\" \/>\n\t<meta name=\"twitter:data2\" content=\"6 minutos\" \/>\n<script type=\"application\/ld+json\" class=\"yoast-schema-graph\">{\"@context\":\"https:\/\/schema.org\",\"@graph\":[{\"@type\":\"WebSite\",\"@id\":\"https:\/\/franciscanos.org.br\/noticias\/#website\",\"url\":\"https:\/\/franciscanos.org.br\/noticias\/\",\"name\":\"Not\u00edcias - Franciscanos\",\"description\":\"Prov\u00edncia Franciscana da Imaculada Concei\u00e7\u00e3o do Brasil - Ordem dos Frades Menores - OFM\",\"potentialAction\":[{\"@type\":\"SearchAction\",\"target\":{\"@type\":\"EntryPoint\",\"urlTemplate\":\"https:\/\/franciscanos.org.br\/noticias\/?s={search_term_string}\"},\"query-input\":\"required name=search_term_string\"}],\"inLanguage\":\"pt-BR\"},{\"@type\":\"ImageObject\",\"inLanguage\":\"pt-BR\",\"@id\":\"https:\/\/franciscanos.org.br\/noticias\/papa-confia-humanidade-a-protecao-divina.html#primaryimage\",\"url\":\"https:\/\/franciscanos.org.br\/noticias\/wp-content\/uploads\/2020\/05\/terco_3005d.jpg\",\"contentUrl\":\"https:\/\/franciscanos.org.br\/noticias\/wp-content\/uploads\/2020\/05\/terco_3005d.jpg\",\"width\":800,\"height\":600},{\"@type\":\"WebPage\",\"@id\":\"https:\/\/franciscanos.org.br\/noticias\/papa-confia-humanidade-a-protecao-divina.html#webpage\",\"url\":\"https:\/\/franciscanos.org.br\/noticias\/papa-confia-humanidade-a-protecao-divina.html\",\"name\":\"Papa confia humanidade \u00e0 prote\u00e7\u00e3o divina - Not\u00edcias - Franciscanos\",\"isPartOf\":{\"@id\":\"https:\/\/franciscanos.org.br\/noticias\/#website\"},\"primaryImageOfPage\":{\"@id\":\"https:\/\/franciscanos.org.br\/noticias\/papa-confia-humanidade-a-protecao-divina.html#primaryimage\"},\"datePublished\":\"2020-05-30T17:25:01+00:00\",\"dateModified\":\"2021-08-29T14:21:41+00:00\",\"author\":{\"@id\":\"https:\/\/franciscanos.org.br\/noticias\/#\/schema\/person\/b5c8cba458c330ccff548b056e95a5d4\"},\"breadcrumb\":{\"@id\":\"https:\/\/franciscanos.org.br\/noticias\/papa-confia-humanidade-a-protecao-divina.html#breadcrumb\"},\"inLanguage\":\"pt-BR\",\"potentialAction\":[{\"@type\":\"ReadAction\",\"target\":[\"https:\/\/franciscanos.org.br\/noticias\/papa-confia-humanidade-a-protecao-divina.html\"]}]},{\"@type\":\"BreadcrumbList\",\"@id\":\"https:\/\/franciscanos.org.br\/noticias\/papa-confia-humanidade-a-protecao-divina.html#breadcrumb\",\"itemListElement\":[{\"@type\":\"ListItem\",\"position\":1,\"name\":\"Home\",\"item\":\"https:\/\/franciscanos.org.br\/noticias\"},{\"@type\":\"ListItem\",\"position\":2,\"name\":\"Papa confia humanidade \u00e0 prote\u00e7\u00e3o divina\"}]},{\"@type\":\"Person\",\"@id\":\"https:\/\/franciscanos.org.br\/noticias\/#\/schema\/person\/b5c8cba458c330ccff548b056e95a5d4\",\"name\":\"moacir\",\"image\":{\"@type\":\"ImageObject\",\"inLanguage\":\"pt-BR\",\"@id\":\"https:\/\/franciscanos.org.br\/noticias\/#\/schema\/person\/image\/\",\"url\":\"https:\/\/secure.gravatar.com\/avatar\/d08aa2ce4c8dd416d4479aa8536fcf64?s=96&d=mm&r=g\",\"contentUrl\":\"https:\/\/secure.gravatar.com\/avatar\/d08aa2ce4c8dd416d4479aa8536fcf64?s=96&d=mm&r=g\",\"caption\":\"moacir\"},\"url\":\"https:\/\/franciscanos.org.br\/noticias\/author\/moacir\"}]}<\/script>\n<!-- \/ Yoast SEO plugin. -->","yoast_head_json":{"title":"Papa confia humanidade \u00e0 prote\u00e7\u00e3o divina - Not\u00edcias - Franciscanos","robots":{"index":"index","follow":"follow","max-snippet":"max-snippet:-1","max-image-preview":"max-image-preview:large","max-video-preview":"max-video-preview:-1"},"canonical":"https:\/\/franciscanos.org.br\/noticias\/papa-confia-humanidade-a-protecao-divina.html","og_locale":"pt_BR","og_type":"article","og_title":"Papa confia humanidade \u00e0 prote\u00e7\u00e3o divina - Not\u00edcias - Franciscanos","og_description":"Ora\u00e7\u00e3o do Ter\u00e7o nos Jardins do Vaticano","og_url":"https:\/\/franciscanos.org.br\/noticias\/papa-confia-humanidade-a-protecao-divina.html","og_site_name":"Not\u00edcias - Franciscanos","article_published_time":"2020-05-30T17:25:01+00:00","article_modified_time":"2021-08-29T14:21:41+00:00","og_image":[{"width":800,"height":600,"url":"https:\/\/franciscanos.org.br\/noticias\/wp-content\/uploads\/2020\/05\/terco_3005d.jpg","type":"image\/jpeg"}],"author":"moacir","twitter_card":"summary_large_image","twitter_misc":{"Escrito por":"moacir","Est. tempo de leitura":"6 minutos"},"schema":{"@context":"https:\/\/schema.org","@graph":[{"@type":"WebSite","@id":"https:\/\/franciscanos.org.br\/noticias\/#website","url":"https:\/\/franciscanos.org.br\/noticias\/","name":"Not\u00edcias - Franciscanos","description":"Prov\u00edncia Franciscana da Imaculada Concei\u00e7\u00e3o do Brasil - Ordem dos Frades Menores - OFM","potentialAction":[{"@type":"SearchAction","target":{"@type":"EntryPoint","urlTemplate":"https:\/\/franciscanos.org.br\/noticias\/?s={search_term_string}"},"query-input":"required name=search_term_string"}],"inLanguage":"pt-BR"},{"@type":"ImageObject","inLanguage":"pt-BR","@id":"https:\/\/franciscanos.org.br\/noticias\/papa-confia-humanidade-a-protecao-divina.html#primaryimage","url":"https:\/\/franciscanos.org.br\/noticias\/wp-content\/uploads\/2020\/05\/terco_3005d.jpg","contentUrl":"https:\/\/franciscanos.org.br\/noticias\/wp-content\/uploads\/2020\/05\/terco_3005d.jpg","width":800,"height":600},{"@type":"WebPage","@id":"https:\/\/franciscanos.org.br\/noticias\/papa-confia-humanidade-a-protecao-divina.html#webpage","url":"https:\/\/franciscanos.org.br\/noticias\/papa-confia-humanidade-a-protecao-divina.html","name":"Papa confia humanidade \u00e0 prote\u00e7\u00e3o divina - Not\u00edcias - Franciscanos","isPartOf":{"@id":"https:\/\/franciscanos.org.br\/noticias\/#website"},"primaryImageOfPage":{"@id":"https:\/\/franciscanos.org.br\/noticias\/papa-confia-humanidade-a-protecao-divina.html#primaryimage"},"datePublished":"2020-05-30T17:25:01+00:00","dateModified":"2021-08-29T14:21:41+00:00","author":{"@id":"https:\/\/franciscanos.org.br\/noticias\/#\/schema\/person\/b5c8cba458c330ccff548b056e95a5d4"},"breadcrumb":{"@id":"https:\/\/franciscanos.org.br\/noticias\/papa-confia-humanidade-a-protecao-divina.html#breadcrumb"},"inLanguage":"pt-BR","potentialAction":[{"@type":"ReadAction","target":["https:\/\/franciscanos.org.br\/noticias\/papa-confia-humanidade-a-protecao-divina.html"]}]},{"@type":"BreadcrumbList","@id":"https:\/\/franciscanos.org.br\/noticias\/papa-confia-humanidade-a-protecao-divina.html#breadcrumb","itemListElement":[{"@type":"ListItem","position":1,"name":"Home","item":"https:\/\/franciscanos.org.br\/noticias"},{"@type":"ListItem","position":2,"name":"Papa confia humanidade \u00e0 prote\u00e7\u00e3o divina"}]},{"@type":"Person","@id":"https:\/\/franciscanos.org.br\/noticias\/#\/schema\/person\/b5c8cba458c330ccff548b056e95a5d4","name":"moacir","image":{"@type":"ImageObject","inLanguage":"pt-BR","@id":"https:\/\/franciscanos.org.br\/noticias\/#\/schema\/person\/image\/","url":"https:\/\/secure.gravatar.com\/avatar\/d08aa2ce4c8dd416d4479aa8536fcf64?s=96&d=mm&r=g","contentUrl":"https:\/\/secure.gravatar.com\/avatar\/d08aa2ce4c8dd416d4479aa8536fcf64?s=96&d=mm&r=g","caption":"moacir"},"url":"https:\/\/franciscanos.org.br\/noticias\/author\/moacir"}]}},"_links":{"self":[{"href":"https:\/\/franciscanos.org.br\/noticias\/wp-json\/wp\/v2\/posts\/224034"}],"collection":[{"href":"https:\/\/franciscanos.org.br\/noticias\/wp-json\/wp\/v2\/posts"}],"about":[{"href":"https:\/\/franciscanos.org.br\/noticias\/wp-json\/wp\/v2\/types\/post"}],"author":[{"embeddable":true,"href":"https:\/\/franciscanos.org.br\/noticias\/wp-json\/wp\/v2\/users\/3"}],"replies":[{"embeddable":true,"href":"https:\/\/franciscanos.org.br\/noticias\/wp-json\/wp\/v2\/comments?post=224034"}],"version-history":[{"count":4,"href":"https:\/\/franciscanos.org.br\/noticias\/wp-json\/wp\/v2\/posts\/224034\/revisions"}],"predecessor-version":[{"id":233993,"href":"https:\/\/franciscanos.org.br\/noticias\/wp-json\/wp\/v2\/posts\/224034\/revisions\/233993"}],"wp:featuredmedia":[{"embeddable":true,"href":"https:\/\/franciscanos.org.br\/noticias\/wp-json\/wp\/v2\/media\/224040"}],"wp:attachment":[{"href":"https:\/\/franciscanos.org.br\/noticias\/wp-json\/wp\/v2\/media?parent=224034"}],"wp:term":[{"taxonomy":"category","embeddable":true,"href":"https:\/\/franciscanos.org.br\/noticias\/wp-json\/wp\/v2\/categories?post=224034"},{"taxonomy":"post_tag","embeddable":true,"href":"https:\/\/franciscanos.org.br\/noticias\/wp-json\/wp\/v2\/tags?post=224034"}],"curies":[{"name":"wp","href":"https:\/\/api.w.org\/{rel}","templated":true}]}}