{"id":224024,"date":"2020-05-29T11:42:12","date_gmt":"2020-05-29T14:42:12","guid":{"rendered":"https:\/\/franciscanos.org.br\/noticias\/?p=224024"},"modified":"2020-05-29T11:42:12","modified_gmt":"2020-05-29T14:42:12","slug":"dom-walmor-aponta-ameacas-e-oportunidades-para-a-igreja-no-brasil-nos-proximos-5-anos","status":"publish","type":"post","link":"https:\/\/franciscanos.org.br\/noticias\/dom-walmor-aponta-ameacas-e-oportunidades-para-a-igreja-no-brasil-nos-proximos-5-anos.html","title":{"rendered":"Dom Walmor aponta amea\u00e7as e oportunidades para a Igreja no Brasil nos pr\u00f3ximos 5 anos"},"content":{"rendered":"<p><img loading=\"lazy\" class=\"alignnone size-full wp-image-224026\" src=\"https:\/\/franciscanos.org.br\/noticias\/wp-content\/uploads\/2020\/05\/walmor.jpeg\" alt=\"\" width=\"1000\" height=\"666\" srcset=\"https:\/\/franciscanos.org.br\/noticias\/wp-content\/uploads\/2020\/05\/walmor.jpeg 1000w, https:\/\/franciscanos.org.br\/noticias\/wp-content\/uploads\/2020\/05\/walmor-450x300.jpeg 450w, https:\/\/franciscanos.org.br\/noticias\/wp-content\/uploads\/2020\/05\/walmor-768x511.jpeg 768w, https:\/\/franciscanos.org.br\/noticias\/wp-content\/uploads\/2020\/05\/walmor-150x100.jpeg 150w\" sizes=\"(max-width: 1000px) 100vw, 1000px\" \/><\/p>\n<p><strong>O presidente da Confer\u00eancia Nacional dos Bispos do Brasil (CNBB), Dom Walmor Oliveira de Azevedo, questionado sobre as amea\u00e7as e oportunidades da Igreja cat\u00f3lica no Brasil nos pr\u00f3ximos 5 anos, responde com tr\u00eas amea\u00e7as e tr\u00eas oportunidades. Precisamos de muita ora\u00e7\u00e3o, de discernimento e muita lucidez neste tempo novo.<\/strong><\/p>\n<p><strong>AMEA\u00c7AS:<\/strong><\/p>\n<p>1. Crescimento de seguimentos conservadores e reacion\u00e1rios levando \u00e0 estagna\u00e7\u00e3o e ao comprometimento do di\u00e1logo construtivo, com preponder\u00e2ncia de obscurantismos e escolhas med\u00edocres, com for\u00e7a de justifica\u00e7\u00e3o das desigualdades existentes e neutraliza\u00e7\u00e3o magistral da doutrina social da Igreja.<\/p>\n<p>2. Dificuldades para reverter situa\u00e7\u00f5es com funcionamentos pesados, que custam muito, comprometendo sustentabilidade e pr\u00e1tica do indispens\u00e1vel compromisso com a preserva\u00e7\u00e3o ambiental, por insist\u00eancias e cristaliza\u00e7\u00f5es advindas do intelectualismo, fazendo perder sensibilidade humanit\u00e1ria e relacional com ganhos de ades\u00f5es e presen\u00e7as. Por isso, o peso precisa ser revisto; o modo marcado pela caracter\u00edstica deste terceiro mil\u00eanio pela leveza.<\/p>\n<p>3. Fragiliza\u00e7\u00f5es de processos de evangeliza\u00e7\u00e3o e servi\u00e7os \u00e0 defesa e promo\u00e7\u00e3o da vida. Perda de for\u00e7as pr\u00f3prias com comprometimento da inegoci\u00e1vel credibilidade em raz\u00e3o de incongru\u00eancias e incoer\u00eancias no \u00e2mbito moral, seja no \u00e2mbito da gest\u00e3o e suas nuances todas, como tamb\u00e9m no espec\u00edfico do testemunho, como bem primeiro da perten\u00e7a eclesial e da autenticidade do discipulado no seguimento de Jesus Cristo.<\/p>\n<p>Tr\u00eas amea\u00e7as profundamente desafiadoras que n\u00f3s precisamos refletir sobre elas para darmos uma reposta nova. Passo agora a compartilhar com seu cora\u00e7\u00e3o, para nosso debate, o que a nossa Igreja cat\u00f3lica tem como oportunidades para os pr\u00f3ximos 5 anos.<\/p>\n<p><strong>OPORTUNIDADES:<\/strong><\/p>\n<p>1. Escuta de interpela\u00e7\u00f5es fortes vindas do impressionante volume de mudan\u00e7as em curso na cultura mundial, com apelos humanit\u00e1rios, especialmente oriundos dos pobres da terra e das possibilidades tecnol\u00f3gicas, tecnol\u00f3gicas medi\u00e1ticas, para efetiva\u00e7\u00e3o de um novo modo de presen\u00e7a p\u00fablica referindo-me tamb\u00e9m a biotecnologias oportunizando adequa\u00e7\u00f5es e novas respostas.<\/p>\n<p>2. Usufruir mais decisivamente, a Igreja precisa do seu pr\u00f3prio tesouro doutrinal e de f\u00e9, particularmente como Igreja da palavra, ganhando esta centralidade, podendo fazer uma reviravolta religiosa na dire\u00e7\u00e3o de n\u00e3o permitir ou reagir aos desdobramentos v\u00e1rios do cristianismo torpe, que est\u00e1 em amplo crescimento na sociedade brasileira, recuperando deste, do cristianismo, a sua for\u00e7a como vetor determinante do sonho de um mundo novo, solid\u00e1rio e fraterno.<\/p>\n<p>3. \u00c0 luz da mistagogia evang\u00e9lica, para dizer de uma espiritualidade profundamente contemplativa, com rica inspira\u00e7\u00e3o de tradi\u00e7\u00f5es e experiencias bimilen\u00e1rias da nossa Igreja, conquistar novas fei\u00e7\u00f5es e din\u00e2micas na ministerialidade da Igreja, com efetivo protagonismo dos crist\u00e3os leigas e leigas, com qualifica\u00e7\u00e3o maior da vida consagrada, com sua profecia, e da vida sacerdotal, liberada de cristaliza\u00e7\u00f5es que a desfiguram, com propriedade para arrastar pela for\u00e7a do testemunho.<\/p>\n<p>Compartilho isso para abrirmos uma reflex\u00e3o. \u00c9 um longo caminho, mas \u00e9 importante nos envolvermos nesta grande tarefa. Participe. \u00c9 hora de a gente contribuir para que a igreja seja uma igreja em sa\u00edda, hospitaleira, mission\u00e1ria e que ajude de fato a recompor o esgar\u00e7ado tecido da nossa sociedade brasileira. \u00c9 tarefa nossa como cidad\u00e3os e cidad\u00e3s civis, mas tamb\u00e9m como cidad\u00e3os do reino, enquanto para ele caminhamos, o reino definitivo.<br \/>\nMeu abra\u00e7o e vamos continuar a pensar e refletir.<\/p>\n<hr \/>\n<p><strong>Texto publicado no site da Confer\u00eancia dos Religiosos do Brasil<\/strong> &#8211; <a href=\"https:\/\/crbnacional.org.br\">https:\/\/crbnacional.org.br<\/a><\/p>\n","protected":false},"excerpt":{"rendered":"<p>Presidente da CNBB<\/p>\n","protected":false},"author":3,"featured_media":224025,"comment_status":"open","ping_status":"open","sticky":false,"template":"","format":"standard","meta":[],"categories":[1],"tags":[29],"acf":[],"yoast_head":"<!-- This site is optimized with the Yoast SEO plugin v19.2 - https:\/\/yoast.com\/wordpress\/plugins\/seo\/ -->\n<title>Dom Walmor aponta amea\u00e7as e oportunidades para a Igreja no Brasil nos pr\u00f3ximos 5 anos - Not\u00edcias - Franciscanos<\/title>\n<meta name=\"robots\" content=\"index, follow, max-snippet:-1, max-image-preview:large, max-video-preview:-1\" \/>\n<link rel=\"canonical\" href=\"https:\/\/franciscanos.org.br\/noticias\/dom-walmor-aponta-ameacas-e-oportunidades-para-a-igreja-no-brasil-nos-proximos-5-anos.html\" \/>\n<meta property=\"og:locale\" content=\"pt_BR\" \/>\n<meta property=\"og:type\" content=\"article\" \/>\n<meta property=\"og:title\" content=\"Dom Walmor aponta amea\u00e7as e oportunidades para a Igreja no Brasil nos pr\u00f3ximos 5 anos - Not\u00edcias - Franciscanos\" \/>\n<meta property=\"og:description\" content=\"Presidente da CNBB\" \/>\n<meta property=\"og:url\" content=\"https:\/\/franciscanos.org.br\/noticias\/dom-walmor-aponta-ameacas-e-oportunidades-para-a-igreja-no-brasil-nos-proximos-5-anos.html\" \/>\n<meta property=\"og:site_name\" content=\"Not\u00edcias - Franciscanos\" \/>\n<meta property=\"article:published_time\" content=\"2020-05-29T14:42:12+00:00\" \/>\n<meta property=\"og:image\" content=\"https:\/\/franciscanos.org.br\/noticias\/wp-content\/uploads\/2020\/05\/walmor_d.jpg\" \/>\n\t<meta property=\"og:image:width\" content=\"800\" \/>\n\t<meta property=\"og:image:height\" content=\"600\" \/>\n\t<meta property=\"og:image:type\" content=\"image\/jpeg\" \/>\n<meta name=\"author\" content=\"moacir\" \/>\n<meta name=\"twitter:card\" content=\"summary_large_image\" \/>\n<meta name=\"twitter:label1\" content=\"Escrito por\" \/>\n\t<meta name=\"twitter:data1\" content=\"moacir\" \/>\n\t<meta name=\"twitter:label2\" content=\"Est. tempo de leitura\" \/>\n\t<meta name=\"twitter:data2\" content=\"3 minutos\" \/>\n<script type=\"application\/ld+json\" class=\"yoast-schema-graph\">{\"@context\":\"https:\/\/schema.org\",\"@graph\":[{\"@type\":\"WebSite\",\"@id\":\"https:\/\/franciscanos.org.br\/noticias\/#website\",\"url\":\"https:\/\/franciscanos.org.br\/noticias\/\",\"name\":\"Not\u00edcias - Franciscanos\",\"description\":\"Prov\u00edncia Franciscana da Imaculada Concei\u00e7\u00e3o do Brasil - Ordem dos Frades Menores - OFM\",\"potentialAction\":[{\"@type\":\"SearchAction\",\"target\":{\"@type\":\"EntryPoint\",\"urlTemplate\":\"https:\/\/franciscanos.org.br\/noticias\/?s={search_term_string}\"},\"query-input\":\"required name=search_term_string\"}],\"inLanguage\":\"pt-BR\"},{\"@type\":\"ImageObject\",\"inLanguage\":\"pt-BR\",\"@id\":\"https:\/\/franciscanos.org.br\/noticias\/dom-walmor-aponta-ameacas-e-oportunidades-para-a-igreja-no-brasil-nos-proximos-5-anos.html#primaryimage\",\"url\":\"https:\/\/franciscanos.org.br\/noticias\/wp-content\/uploads\/2020\/05\/walmor_d.jpg\",\"contentUrl\":\"https:\/\/franciscanos.org.br\/noticias\/wp-content\/uploads\/2020\/05\/walmor_d.jpg\",\"width\":800,\"height\":600},{\"@type\":\"WebPage\",\"@id\":\"https:\/\/franciscanos.org.br\/noticias\/dom-walmor-aponta-ameacas-e-oportunidades-para-a-igreja-no-brasil-nos-proximos-5-anos.html#webpage\",\"url\":\"https:\/\/franciscanos.org.br\/noticias\/dom-walmor-aponta-ameacas-e-oportunidades-para-a-igreja-no-brasil-nos-proximos-5-anos.html\",\"name\":\"Dom Walmor aponta amea\u00e7as e oportunidades para a Igreja no Brasil nos pr\u00f3ximos 5 anos - Not\u00edcias - Franciscanos\",\"isPartOf\":{\"@id\":\"https:\/\/franciscanos.org.br\/noticias\/#website\"},\"primaryImageOfPage\":{\"@id\":\"https:\/\/franciscanos.org.br\/noticias\/dom-walmor-aponta-ameacas-e-oportunidades-para-a-igreja-no-brasil-nos-proximos-5-anos.html#primaryimage\"},\"datePublished\":\"2020-05-29T14:42:12+00:00\",\"dateModified\":\"2020-05-29T14:42:12+00:00\",\"author\":{\"@id\":\"https:\/\/franciscanos.org.br\/noticias\/#\/schema\/person\/b5c8cba458c330ccff548b056e95a5d4\"},\"breadcrumb\":{\"@id\":\"https:\/\/franciscanos.org.br\/noticias\/dom-walmor-aponta-ameacas-e-oportunidades-para-a-igreja-no-brasil-nos-proximos-5-anos.html#breadcrumb\"},\"inLanguage\":\"pt-BR\",\"potentialAction\":[{\"@type\":\"ReadAction\",\"target\":[\"https:\/\/franciscanos.org.br\/noticias\/dom-walmor-aponta-ameacas-e-oportunidades-para-a-igreja-no-brasil-nos-proximos-5-anos.html\"]}]},{\"@type\":\"BreadcrumbList\",\"@id\":\"https:\/\/franciscanos.org.br\/noticias\/dom-walmor-aponta-ameacas-e-oportunidades-para-a-igreja-no-brasil-nos-proximos-5-anos.html#breadcrumb\",\"itemListElement\":[{\"@type\":\"ListItem\",\"position\":1,\"name\":\"Home\",\"item\":\"https:\/\/franciscanos.org.br\/noticias\"},{\"@type\":\"ListItem\",\"position\":2,\"name\":\"Dom Walmor aponta amea\u00e7as e oportunidades para a Igreja no Brasil nos pr\u00f3ximos 5 anos\"}]},{\"@type\":\"Person\",\"@id\":\"https:\/\/franciscanos.org.br\/noticias\/#\/schema\/person\/b5c8cba458c330ccff548b056e95a5d4\",\"name\":\"moacir\",\"image\":{\"@type\":\"ImageObject\",\"inLanguage\":\"pt-BR\",\"@id\":\"https:\/\/franciscanos.org.br\/noticias\/#\/schema\/person\/image\/\",\"url\":\"https:\/\/secure.gravatar.com\/avatar\/d08aa2ce4c8dd416d4479aa8536fcf64?s=96&d=mm&r=g\",\"contentUrl\":\"https:\/\/secure.gravatar.com\/avatar\/d08aa2ce4c8dd416d4479aa8536fcf64?s=96&d=mm&r=g\",\"caption\":\"moacir\"},\"url\":\"https:\/\/franciscanos.org.br\/noticias\/author\/moacir\"}]}<\/script>\n<!-- \/ Yoast SEO plugin. -->","yoast_head_json":{"title":"Dom Walmor aponta amea\u00e7as e oportunidades para a Igreja no Brasil nos pr\u00f3ximos 5 anos - Not\u00edcias - Franciscanos","robots":{"index":"index","follow":"follow","max-snippet":"max-snippet:-1","max-image-preview":"max-image-preview:large","max-video-preview":"max-video-preview:-1"},"canonical":"https:\/\/franciscanos.org.br\/noticias\/dom-walmor-aponta-ameacas-e-oportunidades-para-a-igreja-no-brasil-nos-proximos-5-anos.html","og_locale":"pt_BR","og_type":"article","og_title":"Dom Walmor aponta amea\u00e7as e oportunidades para a Igreja no Brasil nos pr\u00f3ximos 5 anos - Not\u00edcias - Franciscanos","og_description":"Presidente da CNBB","og_url":"https:\/\/franciscanos.org.br\/noticias\/dom-walmor-aponta-ameacas-e-oportunidades-para-a-igreja-no-brasil-nos-proximos-5-anos.html","og_site_name":"Not\u00edcias - Franciscanos","article_published_time":"2020-05-29T14:42:12+00:00","og_image":[{"width":800,"height":600,"url":"https:\/\/franciscanos.org.br\/noticias\/wp-content\/uploads\/2020\/05\/walmor_d.jpg","type":"image\/jpeg"}],"author":"moacir","twitter_card":"summary_large_image","twitter_misc":{"Escrito por":"moacir","Est. tempo de leitura":"3 minutos"},"schema":{"@context":"https:\/\/schema.org","@graph":[{"@type":"WebSite","@id":"https:\/\/franciscanos.org.br\/noticias\/#website","url":"https:\/\/franciscanos.org.br\/noticias\/","name":"Not\u00edcias - Franciscanos","description":"Prov\u00edncia Franciscana da Imaculada Concei\u00e7\u00e3o do Brasil - Ordem dos Frades Menores - OFM","potentialAction":[{"@type":"SearchAction","target":{"@type":"EntryPoint","urlTemplate":"https:\/\/franciscanos.org.br\/noticias\/?s={search_term_string}"},"query-input":"required name=search_term_string"}],"inLanguage":"pt-BR"},{"@type":"ImageObject","inLanguage":"pt-BR","@id":"https:\/\/franciscanos.org.br\/noticias\/dom-walmor-aponta-ameacas-e-oportunidades-para-a-igreja-no-brasil-nos-proximos-5-anos.html#primaryimage","url":"https:\/\/franciscanos.org.br\/noticias\/wp-content\/uploads\/2020\/05\/walmor_d.jpg","contentUrl":"https:\/\/franciscanos.org.br\/noticias\/wp-content\/uploads\/2020\/05\/walmor_d.jpg","width":800,"height":600},{"@type":"WebPage","@id":"https:\/\/franciscanos.org.br\/noticias\/dom-walmor-aponta-ameacas-e-oportunidades-para-a-igreja-no-brasil-nos-proximos-5-anos.html#webpage","url":"https:\/\/franciscanos.org.br\/noticias\/dom-walmor-aponta-ameacas-e-oportunidades-para-a-igreja-no-brasil-nos-proximos-5-anos.html","name":"Dom Walmor aponta amea\u00e7as e oportunidades para a Igreja no Brasil nos pr\u00f3ximos 5 anos - Not\u00edcias - Franciscanos","isPartOf":{"@id":"https:\/\/franciscanos.org.br\/noticias\/#website"},"primaryImageOfPage":{"@id":"https:\/\/franciscanos.org.br\/noticias\/dom-walmor-aponta-ameacas-e-oportunidades-para-a-igreja-no-brasil-nos-proximos-5-anos.html#primaryimage"},"datePublished":"2020-05-29T14:42:12+00:00","dateModified":"2020-05-29T14:42:12+00:00","author":{"@id":"https:\/\/franciscanos.org.br\/noticias\/#\/schema\/person\/b5c8cba458c330ccff548b056e95a5d4"},"breadcrumb":{"@id":"https:\/\/franciscanos.org.br\/noticias\/dom-walmor-aponta-ameacas-e-oportunidades-para-a-igreja-no-brasil-nos-proximos-5-anos.html#breadcrumb"},"inLanguage":"pt-BR","potentialAction":[{"@type":"ReadAction","target":["https:\/\/franciscanos.org.br\/noticias\/dom-walmor-aponta-ameacas-e-oportunidades-para-a-igreja-no-brasil-nos-proximos-5-anos.html"]}]},{"@type":"BreadcrumbList","@id":"https:\/\/franciscanos.org.br\/noticias\/dom-walmor-aponta-ameacas-e-oportunidades-para-a-igreja-no-brasil-nos-proximos-5-anos.html#breadcrumb","itemListElement":[{"@type":"ListItem","position":1,"name":"Home","item":"https:\/\/franciscanos.org.br\/noticias"},{"@type":"ListItem","position":2,"name":"Dom Walmor aponta amea\u00e7as e oportunidades para a Igreja no Brasil nos pr\u00f3ximos 5 anos"}]},{"@type":"Person","@id":"https:\/\/franciscanos.org.br\/noticias\/#\/schema\/person\/b5c8cba458c330ccff548b056e95a5d4","name":"moacir","image":{"@type":"ImageObject","inLanguage":"pt-BR","@id":"https:\/\/franciscanos.org.br\/noticias\/#\/schema\/person\/image\/","url":"https:\/\/secure.gravatar.com\/avatar\/d08aa2ce4c8dd416d4479aa8536fcf64?s=96&d=mm&r=g","contentUrl":"https:\/\/secure.gravatar.com\/avatar\/d08aa2ce4c8dd416d4479aa8536fcf64?s=96&d=mm&r=g","caption":"moacir"},"url":"https:\/\/franciscanos.org.br\/noticias\/author\/moacir"}]}},"_links":{"self":[{"href":"https:\/\/franciscanos.org.br\/noticias\/wp-json\/wp\/v2\/posts\/224024"}],"collection":[{"href":"https:\/\/franciscanos.org.br\/noticias\/wp-json\/wp\/v2\/posts"}],"about":[{"href":"https:\/\/franciscanos.org.br\/noticias\/wp-json\/wp\/v2\/types\/post"}],"author":[{"embeddable":true,"href":"https:\/\/franciscanos.org.br\/noticias\/wp-json\/wp\/v2\/users\/3"}],"replies":[{"embeddable":true,"href":"https:\/\/franciscanos.org.br\/noticias\/wp-json\/wp\/v2\/comments?post=224024"}],"version-history":[{"count":1,"href":"https:\/\/franciscanos.org.br\/noticias\/wp-json\/wp\/v2\/posts\/224024\/revisions"}],"predecessor-version":[{"id":224027,"href":"https:\/\/franciscanos.org.br\/noticias\/wp-json\/wp\/v2\/posts\/224024\/revisions\/224027"}],"wp:featuredmedia":[{"embeddable":true,"href":"https:\/\/franciscanos.org.br\/noticias\/wp-json\/wp\/v2\/media\/224025"}],"wp:attachment":[{"href":"https:\/\/franciscanos.org.br\/noticias\/wp-json\/wp\/v2\/media?parent=224024"}],"wp:term":[{"taxonomy":"category","embeddable":true,"href":"https:\/\/franciscanos.org.br\/noticias\/wp-json\/wp\/v2\/categories?post=224024"},{"taxonomy":"post_tag","embeddable":true,"href":"https:\/\/franciscanos.org.br\/noticias\/wp-json\/wp\/v2\/tags?post=224024"}],"curies":[{"name":"wp","href":"https:\/\/api.w.org\/{rel}","templated":true}]}}