{"id":223985,"date":"2020-05-27T07:34:36","date_gmt":"2020-05-27T10:34:36","guid":{"rendered":"https:\/\/franciscanos.org.br\/noticias\/?p=223985"},"modified":"2021-08-29T11:23:20","modified_gmt":"2021-08-29T14:23:20","slug":"papa-a-oracao-e-um-refugio-diante-da-onda-do-mal-que-cresce-no-mundo","status":"publish","type":"post","link":"https:\/\/franciscanos.org.br\/noticias\/papa-a-oracao-e-um-refugio-diante-da-onda-do-mal-que-cresce-no-mundo.html","title":{"rendered":"Papa: a ora\u00e7\u00e3o \u00e9 um ref\u00fagio diante da onda do mal que cresce no mundo"},"content":{"rendered":"<div id=\"attachment_223986\" style=\"width: 1290px\" class=\"wp-caption alignnone\"><img aria-describedby=\"caption-attachment-223986\" loading=\"lazy\" class=\"wp-image-223986 size-full\" src=\"https:\/\/franciscanos.org.br\/noticias\/wp-content\/uploads\/2020\/05\/audiencia_2705.jpg\" alt=\"\" width=\"1280\" height=\"720\" srcset=\"https:\/\/franciscanos.org.br\/noticias\/wp-content\/uploads\/2020\/05\/audiencia_2705.jpg 1280w, https:\/\/franciscanos.org.br\/noticias\/wp-content\/uploads\/2020\/05\/audiencia_2705-450x253.jpg 450w, https:\/\/franciscanos.org.br\/noticias\/wp-content\/uploads\/2020\/05\/audiencia_2705-1024x576.jpg 1024w, https:\/\/franciscanos.org.br\/noticias\/wp-content\/uploads\/2020\/05\/audiencia_2705-768x432.jpg 768w, https:\/\/franciscanos.org.br\/noticias\/wp-content\/uploads\/2020\/05\/audiencia_2705-150x84.jpg 150w\" sizes=\"(max-width: 1280px) 100vw, 1280px\" \/><p id=\"caption-attachment-223986\" class=\"wp-caption-text\"><em>\u00a0 \u00a0 \u00a0 \u00a0 \u00a0 \u00a0 \u00a0 \u00a0 \u00a0 \u00a0 \u00a0 \u00a0 \u00a0 \u00a0 \u00a0 \u00a0 \u00a0 \u00a0 \u00a0 \u00a0 \u00a0 \u00a0 \u00a0 \u00a0 \u00a0 \u00a0 \u00a0 \u00a0 \u00a0 \u00a0 \u00a0 \u00a0 \u00a0 \u00a0 \u00a0 \u00a0 \u00a0 \u00a0 \u00a0 \u00a0 \u00a0 \u00a0 \u00a0 \u00a0 \u00a0 \u00a0 \u00a0 \u00a0 \u00a0 \u00a0Imagens: Vatican Media<\/em><\/p><\/div>\n<p><strong>Cidade do Vaticano<\/strong> &#8211; \u201cA ora\u00e7\u00e3o dos justos\u201d foi o tema da catequese do Papa Francisco na Audi\u00eancia Geral desta quarta-feira (27\/05), realizada na Biblioteca do Pal\u00e1cio Apost\u00f3lico, por causa da pandemia de coronav\u00edrus ainda em andamento. \u201cO des\u00edgnio de Deus para a humanidade \u00e9 bom, mas em nossa vida cotidiana experimentamos a presen\u00e7a do mal. Os primeiros cap\u00edtulos do Livro do G\u00eanesis descrevem a expans\u00e3o progressiva do pecado nas vicissitudes humanas\u201d, ressaltou o Papa.<\/p>\n<p><strong>O verme da inveja<\/strong><br \/>\n\u201cAd\u00e3o e Eva duvidam das inten\u00e7\u00f5es benevolentes de Deus, pensam que t\u00eam a ver com uma divindade invejosa, que impede a sua felicidade. Da\u00ed a rebeli\u00e3o: eles n\u00e3o acreditam mais num Criador generoso, que deseja sua felicidade. O seu cora\u00e7\u00e3o, cedendo \u00e0 tenta\u00e7\u00e3o do maligno, \u00e9 tomado por del\u00edrios de onipot\u00eancia: \u201cSe comermos o fruto da \u00e1rvore, nos tornaremos como Deus\u201d. E esta \u00e9 a tenta\u00e7\u00e3o: esta \u00e9 a ambi\u00e7\u00e3o que entra no cora\u00e7\u00e3o. Mas a experi\u00eancia segue na dire\u00e7\u00e3o oposta: os seus olhos se abrem e descobrem que est\u00e3o nus, sem nada. N\u00e3o se esque\u00e7am disso: o tentador \u00e9 um mau pagador, ele paga mal\u201d.<\/p>\n<p>O mal se torna ainda mais perturbador com a segunda gera\u00e7\u00e3o humana. \u00c9 mais forte: \u00e9 a hist\u00f3ria de Caim e Abel. Caim tem inveja de seu irm\u00e3o: h\u00e1 o verme da inveja. Embora seja o primog\u00eanito, ele v\u00ea Abel como um rival, algu\u00e9m que amea\u00e7a a sua primazia. O mal aparece em seu cora\u00e7\u00e3o e Caim n\u00e3o consegue domin\u00e1-lo. O mal come\u00e7a a entrar no cora\u00e7\u00e3o: os pensamentos s\u00e3o sempre de olhar mal o outro, com suspeita. E isso, tamb\u00e9m com o pensamento: \u201cEste \u00e9 ruim. Me far\u00e1 mal. E isso vai entrando no cora\u00e7\u00e3o. Assim, a hist\u00f3ria da primeira fraternidade se conclui com um homic\u00eddio. Penso na fraternidade humana: guerras por toda parte.<\/p>\n<p><img loading=\"lazy\" class=\"alignnone size-full wp-image-223987\" src=\"https:\/\/franciscanos.org.br\/noticias\/wp-content\/uploads\/2020\/05\/audiencia_2705_1.jpg\" alt=\"\" width=\"980\" height=\"557\" srcset=\"https:\/\/franciscanos.org.br\/noticias\/wp-content\/uploads\/2020\/05\/audiencia_2705_1.jpg 980w, https:\/\/franciscanos.org.br\/noticias\/wp-content\/uploads\/2020\/05\/audiencia_2705_1-450x256.jpg 450w, https:\/\/franciscanos.org.br\/noticias\/wp-content\/uploads\/2020\/05\/audiencia_2705_1-768x437.jpg 768w, https:\/\/franciscanos.org.br\/noticias\/wp-content\/uploads\/2020\/05\/audiencia_2705_1-150x85.jpg 150w\" sizes=\"(max-width: 980px) 100vw, 980px\" \/><\/p>\n<p><strong>O resgate da esperan\u00e7a<\/strong><br \/>\nSegundo o Papa, \u201cna descend\u00eancia de Caim, se desenvolvem os trabalhos e as artes, mas se desenvolve tamb\u00e9m a viol\u00eancia, expressa pelo c\u00e2ntico sinistro de Lamec, que soa como um hino de vingan\u00e7a: \u00abPor uma ferida, eu matarei um homem, e por uma cicatriz matarei um jovem. Se a vingan\u00e7a de Caim valia por sete, a de Lamec valer\u00e1 por setenta e sete\u00bb. A vingan\u00e7a: voc\u00ea fez, voc\u00ea pagar\u00e1. Mas isso n\u00e3o diz o juiz, digo eu. Torno-me juiz da situa\u00e7\u00e3o. Assim, o mal se espalha como uma mancha de \u00f3leo, at\u00e9 ocupar todo o quadro: \u00abO Senhor viu que a maldade do homem crescia na terra e que todo projeto do cora\u00e7\u00e3o humano era sempre mau\u00bb. Os grandes afrescos do dil\u00favio universal e da torre de Babel revelam a necessidade de um novo in\u00edcio, assim como de uma nova cria\u00e7\u00e3o que ter\u00e1 sua realiza\u00e7\u00e3o em Jesus Cristo\u201d.<\/p>\n<p>No entanto, nessas primeiras p\u00e1ginas da B\u00edblia, est\u00e1 escrita tamb\u00e9m outra hist\u00f3ria, menos evidente, muito mais humilde e devota, que representa o resgate da esperan\u00e7a. Mesmo que quase todos se comportem de maneira brutal, fazendo do \u00f3dio e da conquista o grande motor das vicissitudes humanas, existem pessoas capazes de rezar a Deus com sinceridade, capazes de escrever o destino do homem de uma maneira diferente.<\/p>\n<p><strong>A ora\u00e7\u00e3o aut\u00eantica liberta dos instintos de viol\u00eancia<\/strong><br \/>\nE o Papa citou como exemplo Abel, que oferece a Deus um sacrif\u00edcio de prim\u00edcias. Depois da sua morte, Ad\u00e3o e Eva tiveram um terceiro filho, Set, de quem nasceu En\u00f3s, que significa mortal. Depois aparece Henoc, personagem que \u201ccaminha com Deus\u201d, arrebatado por Deus. Por fim, No\u00e9, um homem justo que \u201ccaminhava com Deus\u201d, diante do qual Deus det\u00e9m seu prop\u00f3sito de cancelar a humanidade. E Francisco acrescentou:<\/p>\n<p>Lendo essas hist\u00f3rias, tem-se a impress\u00e3o de que a ora\u00e7\u00e3o seja ao mesmo tempo um escudo, seja um ref\u00fagio do homem diante da onda do mal que cresce no mundo. N\u00f3s tamb\u00e9m rezamos para ser salvos de n\u00f3s mesmos. \u00c9 importante. Rezar: \u201cSenhor, por favor, salva-me de mim mesmo, das minhas ambi\u00e7\u00f5es, das minhas paix\u00f5es. Salva-me de mim mesmo\u201d. As pessoas que rezam nas primeiras p\u00e1ginas da B\u00edblia s\u00e3o homens promotores de paz: na verdade, a ora\u00e7\u00e3o, quando \u00e9 aut\u00eantica, liberta dos instintos de viol\u00eancia e tem um olhar voltado para Deus, para que Ele volte a cuidar do cora\u00e7\u00e3o do homem.<\/p>\n<p>\u201cEsta qualidade da ora\u00e7\u00e3o \u00e9 vivida por uma multid\u00e3o de justos em todas as religi\u00f5es\u201d, disse ainda o Pont\u00edfice, citando o Catecismo da Igreja Cat\u00f3lica. \u201cA ora\u00e7\u00e3o cultiva canteiros de renascimentos em lugares em que o \u00f3dio do homem s\u00f3 foi capaz de ampliar o deserto. A ora\u00e7\u00e3o \u00e9 poderosa, porque atrai o poder de Deus e o poder de Deus sempre d\u00e1 vida: sempre. Ele \u00e9 o Deus da vida e faz renascer\u201d, frisou o Papa.<\/p>\n<p><img loading=\"lazy\" class=\"alignnone size-full wp-image-223988\" src=\"https:\/\/franciscanos.org.br\/noticias\/wp-content\/uploads\/2020\/05\/audiencia_2705_2.jpg\" alt=\"\" width=\"890\" height=\"593\" srcset=\"https:\/\/franciscanos.org.br\/noticias\/wp-content\/uploads\/2020\/05\/audiencia_2705_2.jpg 890w, https:\/\/franciscanos.org.br\/noticias\/wp-content\/uploads\/2020\/05\/audiencia_2705_2-450x300.jpg 450w, https:\/\/franciscanos.org.br\/noticias\/wp-content\/uploads\/2020\/05\/audiencia_2705_2-768x512.jpg 768w, https:\/\/franciscanos.org.br\/noticias\/wp-content\/uploads\/2020\/05\/audiencia_2705_2-150x100.jpg 150w\" sizes=\"(max-width: 890px) 100vw, 890px\" \/><\/p>\n<p><strong>A ora\u00e7\u00e3o \u00e9 sempre uma corrente de vida<\/strong><br \/>\nSegundo Francisco, \u201co senhorio de Deus passa pela corrente desses homens e mulheres, muitas vezes incompreendidos ou marginalizados no mundo. Mas o mundo vive e cresce gra\u00e7as \u00e0 for\u00e7a de Deus que esses seus servidores atraem com a sua ora\u00e7\u00e3o. S\u00e3o uma corrente que n\u00e3o \u00e9 barulhenta, que raramente sai nas manchetes, mas \u00e9 muito importante para restabelecer a confian\u00e7a no mundo\u201d.<\/p>\n<p>E o Papa contou uma hist\u00f3ria: \u201cLembro-me da hist\u00f3ria de um homem: um chefe de governo, importante, n\u00e3o desse tempo, de tempos passados. Ateu. Ele n\u00e3o tinha senso religioso em seu cora\u00e7\u00e3o. Mas quando crian\u00e7a, ouvia a av\u00f3 que rezava, e isso permaneceu em seu cora\u00e7\u00e3o. Num momento dif\u00edcil de sua vida, aquela lembran\u00e7a voltou ao seu cora\u00e7\u00e3o e disse: \u201cMas a av\u00f3 rezava&#8230;\u201d. Ele come\u00e7ou a rezar com as coisas que sua av\u00f3 dizia e ali encontrou Jesus. A ora\u00e7\u00e3o \u00e9 sempre uma corrente de vida, sempre. Muitos homens e mulheres que rezam, rezam, semeiam vida. A ora\u00e7\u00e3o semeia vida. A pequena ora\u00e7\u00e3o&#8230; Por isso que \u00e9 importante ensinar as crian\u00e7as a rezar. Me d\u00f3i quando encontro crian\u00e7as e \u201cfa\u00e7o o sinal da cruz\u201d, e elas fazem assim, fazem um gesto: n\u00e3o sabem faz\u00ea-lo. Ensine as crian\u00e7as a fazerem bem o sinal da cruz: \u00e9 a primeira ora\u00e7\u00e3o. Que as crian\u00e7as aprendam a rezar. Depois, talvez, elas se esque\u00e7am, sigam outro caminho; mas isso permanece no cora\u00e7\u00e3o, porque \u00e9 uma semente de vida, a semente do di\u00e1logo com Deus\u201d.<\/p>\n<p>Francisco concluiu a sua catequese, afirmando que o caminho de Deus na hist\u00f3ria de Deus \u00e9 transitado por essas pessoas. \u201cPassou por um \u201cresto\u201d da humanidade que n\u00e3o se conformou com a lei do mais forte, mas pediu a Deus para realizar os seus milagres e transformar o nosso cora\u00e7\u00e3o de pedra em cora\u00e7\u00e3o de carne. E isso ajuda a ora\u00e7\u00e3o: porque a ora\u00e7\u00e3o abre a porta para Deus, para que transforme o nosso cora\u00e7\u00e3o muitas vezes de pedra, num cora\u00e7\u00e3o humano. \u00c9 preciso muita humanidade, e com a humanidade se reza bem\u201d.<\/p>\n<hr \/>\n<p><em>Fonte: Vatican News<\/em><\/p>\n","protected":false},"excerpt":{"rendered":"<p>Audi\u00eancia Geral<\/p>\n","protected":false},"author":3,"featured_media":223989,"comment_status":"open","ping_status":"open","sticky":false,"template":"","format":"standard","meta":[],"categories":[1428],"tags":[487],"acf":[],"yoast_head":"<!-- This site is optimized with the Yoast SEO plugin v19.2 - https:\/\/yoast.com\/wordpress\/plugins\/seo\/ -->\n<title>Papa: a ora\u00e7\u00e3o \u00e9 um ref\u00fagio diante da onda do mal que cresce no mundo - Not\u00edcias - Franciscanos<\/title>\n<meta name=\"robots\" content=\"index, follow, max-snippet:-1, max-image-preview:large, max-video-preview:-1\" \/>\n<link rel=\"canonical\" href=\"https:\/\/franciscanos.org.br\/noticias\/papa-a-oracao-e-um-refugio-diante-da-onda-do-mal-que-cresce-no-mundo.html\" \/>\n<meta property=\"og:locale\" content=\"pt_BR\" \/>\n<meta property=\"og:type\" content=\"article\" \/>\n<meta property=\"og:title\" content=\"Papa: a ora\u00e7\u00e3o \u00e9 um ref\u00fagio diante da onda do mal que cresce no mundo - Not\u00edcias - Franciscanos\" \/>\n<meta property=\"og:description\" content=\"Audi\u00eancia Geral\" \/>\n<meta property=\"og:url\" content=\"https:\/\/franciscanos.org.br\/noticias\/papa-a-oracao-e-um-refugio-diante-da-onda-do-mal-que-cresce-no-mundo.html\" \/>\n<meta property=\"og:site_name\" content=\"Not\u00edcias - Franciscanos\" \/>\n<meta property=\"article:published_time\" content=\"2020-05-27T10:34:36+00:00\" \/>\n<meta property=\"article:modified_time\" content=\"2021-08-29T14:23:20+00:00\" \/>\n<meta property=\"og:image\" content=\"https:\/\/franciscanos.org.br\/noticias\/wp-content\/uploads\/2020\/05\/audiencia_2705d.jpg\" \/>\n\t<meta property=\"og:image:width\" content=\"800\" \/>\n\t<meta property=\"og:image:height\" content=\"601\" \/>\n\t<meta property=\"og:image:type\" content=\"image\/jpeg\" \/>\n<meta name=\"author\" content=\"moacir\" \/>\n<meta name=\"twitter:card\" content=\"summary_large_image\" \/>\n<meta name=\"twitter:label1\" content=\"Escrito por\" \/>\n\t<meta name=\"twitter:data1\" content=\"moacir\" \/>\n\t<meta name=\"twitter:label2\" content=\"Est. tempo de leitura\" \/>\n\t<meta name=\"twitter:data2\" content=\"6 minutos\" \/>\n<script type=\"application\/ld+json\" class=\"yoast-schema-graph\">{\"@context\":\"https:\/\/schema.org\",\"@graph\":[{\"@type\":\"WebSite\",\"@id\":\"https:\/\/franciscanos.org.br\/noticias\/#website\",\"url\":\"https:\/\/franciscanos.org.br\/noticias\/\",\"name\":\"Not\u00edcias - Franciscanos\",\"description\":\"Prov\u00edncia Franciscana da Imaculada Concei\u00e7\u00e3o do Brasil - Ordem dos Frades Menores - OFM\",\"potentialAction\":[{\"@type\":\"SearchAction\",\"target\":{\"@type\":\"EntryPoint\",\"urlTemplate\":\"https:\/\/franciscanos.org.br\/noticias\/?s={search_term_string}\"},\"query-input\":\"required name=search_term_string\"}],\"inLanguage\":\"pt-BR\"},{\"@type\":\"ImageObject\",\"inLanguage\":\"pt-BR\",\"@id\":\"https:\/\/franciscanos.org.br\/noticias\/papa-a-oracao-e-um-refugio-diante-da-onda-do-mal-que-cresce-no-mundo.html#primaryimage\",\"url\":\"https:\/\/franciscanos.org.br\/noticias\/wp-content\/uploads\/2020\/05\/audiencia_2705d.jpg\",\"contentUrl\":\"https:\/\/franciscanos.org.br\/noticias\/wp-content\/uploads\/2020\/05\/audiencia_2705d.jpg\",\"width\":800,\"height\":601},{\"@type\":\"WebPage\",\"@id\":\"https:\/\/franciscanos.org.br\/noticias\/papa-a-oracao-e-um-refugio-diante-da-onda-do-mal-que-cresce-no-mundo.html#webpage\",\"url\":\"https:\/\/franciscanos.org.br\/noticias\/papa-a-oracao-e-um-refugio-diante-da-onda-do-mal-que-cresce-no-mundo.html\",\"name\":\"Papa: a ora\u00e7\u00e3o \u00e9 um ref\u00fagio diante da onda do mal que cresce no mundo - Not\u00edcias - Franciscanos\",\"isPartOf\":{\"@id\":\"https:\/\/franciscanos.org.br\/noticias\/#website\"},\"primaryImageOfPage\":{\"@id\":\"https:\/\/franciscanos.org.br\/noticias\/papa-a-oracao-e-um-refugio-diante-da-onda-do-mal-que-cresce-no-mundo.html#primaryimage\"},\"datePublished\":\"2020-05-27T10:34:36+00:00\",\"dateModified\":\"2021-08-29T14:23:20+00:00\",\"author\":{\"@id\":\"https:\/\/franciscanos.org.br\/noticias\/#\/schema\/person\/b5c8cba458c330ccff548b056e95a5d4\"},\"breadcrumb\":{\"@id\":\"https:\/\/franciscanos.org.br\/noticias\/papa-a-oracao-e-um-refugio-diante-da-onda-do-mal-que-cresce-no-mundo.html#breadcrumb\"},\"inLanguage\":\"pt-BR\",\"potentialAction\":[{\"@type\":\"ReadAction\",\"target\":[\"https:\/\/franciscanos.org.br\/noticias\/papa-a-oracao-e-um-refugio-diante-da-onda-do-mal-que-cresce-no-mundo.html\"]}]},{\"@type\":\"BreadcrumbList\",\"@id\":\"https:\/\/franciscanos.org.br\/noticias\/papa-a-oracao-e-um-refugio-diante-da-onda-do-mal-que-cresce-no-mundo.html#breadcrumb\",\"itemListElement\":[{\"@type\":\"ListItem\",\"position\":1,\"name\":\"Home\",\"item\":\"https:\/\/franciscanos.org.br\/noticias\"},{\"@type\":\"ListItem\",\"position\":2,\"name\":\"Papa: a ora\u00e7\u00e3o \u00e9 um ref\u00fagio diante da onda do mal que cresce no mundo\"}]},{\"@type\":\"Person\",\"@id\":\"https:\/\/franciscanos.org.br\/noticias\/#\/schema\/person\/b5c8cba458c330ccff548b056e95a5d4\",\"name\":\"moacir\",\"image\":{\"@type\":\"ImageObject\",\"inLanguage\":\"pt-BR\",\"@id\":\"https:\/\/franciscanos.org.br\/noticias\/#\/schema\/person\/image\/\",\"url\":\"https:\/\/secure.gravatar.com\/avatar\/d08aa2ce4c8dd416d4479aa8536fcf64?s=96&d=mm&r=g\",\"contentUrl\":\"https:\/\/secure.gravatar.com\/avatar\/d08aa2ce4c8dd416d4479aa8536fcf64?s=96&d=mm&r=g\",\"caption\":\"moacir\"},\"url\":\"https:\/\/franciscanos.org.br\/noticias\/author\/moacir\"}]}<\/script>\n<!-- \/ Yoast SEO plugin. -->","yoast_head_json":{"title":"Papa: a ora\u00e7\u00e3o \u00e9 um ref\u00fagio diante da onda do mal que cresce no mundo - Not\u00edcias - Franciscanos","robots":{"index":"index","follow":"follow","max-snippet":"max-snippet:-1","max-image-preview":"max-image-preview:large","max-video-preview":"max-video-preview:-1"},"canonical":"https:\/\/franciscanos.org.br\/noticias\/papa-a-oracao-e-um-refugio-diante-da-onda-do-mal-que-cresce-no-mundo.html","og_locale":"pt_BR","og_type":"article","og_title":"Papa: a ora\u00e7\u00e3o \u00e9 um ref\u00fagio diante da onda do mal que cresce no mundo - Not\u00edcias - Franciscanos","og_description":"Audi\u00eancia Geral","og_url":"https:\/\/franciscanos.org.br\/noticias\/papa-a-oracao-e-um-refugio-diante-da-onda-do-mal-que-cresce-no-mundo.html","og_site_name":"Not\u00edcias - Franciscanos","article_published_time":"2020-05-27T10:34:36+00:00","article_modified_time":"2021-08-29T14:23:20+00:00","og_image":[{"width":800,"height":601,"url":"https:\/\/franciscanos.org.br\/noticias\/wp-content\/uploads\/2020\/05\/audiencia_2705d.jpg","type":"image\/jpeg"}],"author":"moacir","twitter_card":"summary_large_image","twitter_misc":{"Escrito por":"moacir","Est. tempo de leitura":"6 minutos"},"schema":{"@context":"https:\/\/schema.org","@graph":[{"@type":"WebSite","@id":"https:\/\/franciscanos.org.br\/noticias\/#website","url":"https:\/\/franciscanos.org.br\/noticias\/","name":"Not\u00edcias - Franciscanos","description":"Prov\u00edncia Franciscana da Imaculada Concei\u00e7\u00e3o do Brasil - Ordem dos Frades Menores - OFM","potentialAction":[{"@type":"SearchAction","target":{"@type":"EntryPoint","urlTemplate":"https:\/\/franciscanos.org.br\/noticias\/?s={search_term_string}"},"query-input":"required name=search_term_string"}],"inLanguage":"pt-BR"},{"@type":"ImageObject","inLanguage":"pt-BR","@id":"https:\/\/franciscanos.org.br\/noticias\/papa-a-oracao-e-um-refugio-diante-da-onda-do-mal-que-cresce-no-mundo.html#primaryimage","url":"https:\/\/franciscanos.org.br\/noticias\/wp-content\/uploads\/2020\/05\/audiencia_2705d.jpg","contentUrl":"https:\/\/franciscanos.org.br\/noticias\/wp-content\/uploads\/2020\/05\/audiencia_2705d.jpg","width":800,"height":601},{"@type":"WebPage","@id":"https:\/\/franciscanos.org.br\/noticias\/papa-a-oracao-e-um-refugio-diante-da-onda-do-mal-que-cresce-no-mundo.html#webpage","url":"https:\/\/franciscanos.org.br\/noticias\/papa-a-oracao-e-um-refugio-diante-da-onda-do-mal-que-cresce-no-mundo.html","name":"Papa: a ora\u00e7\u00e3o \u00e9 um ref\u00fagio diante da onda do mal que cresce no mundo - Not\u00edcias - Franciscanos","isPartOf":{"@id":"https:\/\/franciscanos.org.br\/noticias\/#website"},"primaryImageOfPage":{"@id":"https:\/\/franciscanos.org.br\/noticias\/papa-a-oracao-e-um-refugio-diante-da-onda-do-mal-que-cresce-no-mundo.html#primaryimage"},"datePublished":"2020-05-27T10:34:36+00:00","dateModified":"2021-08-29T14:23:20+00:00","author":{"@id":"https:\/\/franciscanos.org.br\/noticias\/#\/schema\/person\/b5c8cba458c330ccff548b056e95a5d4"},"breadcrumb":{"@id":"https:\/\/franciscanos.org.br\/noticias\/papa-a-oracao-e-um-refugio-diante-da-onda-do-mal-que-cresce-no-mundo.html#breadcrumb"},"inLanguage":"pt-BR","potentialAction":[{"@type":"ReadAction","target":["https:\/\/franciscanos.org.br\/noticias\/papa-a-oracao-e-um-refugio-diante-da-onda-do-mal-que-cresce-no-mundo.html"]}]},{"@type":"BreadcrumbList","@id":"https:\/\/franciscanos.org.br\/noticias\/papa-a-oracao-e-um-refugio-diante-da-onda-do-mal-que-cresce-no-mundo.html#breadcrumb","itemListElement":[{"@type":"ListItem","position":1,"name":"Home","item":"https:\/\/franciscanos.org.br\/noticias"},{"@type":"ListItem","position":2,"name":"Papa: a ora\u00e7\u00e3o \u00e9 um ref\u00fagio diante da onda do mal que cresce no mundo"}]},{"@type":"Person","@id":"https:\/\/franciscanos.org.br\/noticias\/#\/schema\/person\/b5c8cba458c330ccff548b056e95a5d4","name":"moacir","image":{"@type":"ImageObject","inLanguage":"pt-BR","@id":"https:\/\/franciscanos.org.br\/noticias\/#\/schema\/person\/image\/","url":"https:\/\/secure.gravatar.com\/avatar\/d08aa2ce4c8dd416d4479aa8536fcf64?s=96&d=mm&r=g","contentUrl":"https:\/\/secure.gravatar.com\/avatar\/d08aa2ce4c8dd416d4479aa8536fcf64?s=96&d=mm&r=g","caption":"moacir"},"url":"https:\/\/franciscanos.org.br\/noticias\/author\/moacir"}]}},"_links":{"self":[{"href":"https:\/\/franciscanos.org.br\/noticias\/wp-json\/wp\/v2\/posts\/223985"}],"collection":[{"href":"https:\/\/franciscanos.org.br\/noticias\/wp-json\/wp\/v2\/posts"}],"about":[{"href":"https:\/\/franciscanos.org.br\/noticias\/wp-json\/wp\/v2\/types\/post"}],"author":[{"embeddable":true,"href":"https:\/\/franciscanos.org.br\/noticias\/wp-json\/wp\/v2\/users\/3"}],"replies":[{"embeddable":true,"href":"https:\/\/franciscanos.org.br\/noticias\/wp-json\/wp\/v2\/comments?post=223985"}],"version-history":[{"count":4,"href":"https:\/\/franciscanos.org.br\/noticias\/wp-json\/wp\/v2\/posts\/223985\/revisions"}],"predecessor-version":[{"id":233995,"href":"https:\/\/franciscanos.org.br\/noticias\/wp-json\/wp\/v2\/posts\/223985\/revisions\/233995"}],"wp:featuredmedia":[{"embeddable":true,"href":"https:\/\/franciscanos.org.br\/noticias\/wp-json\/wp\/v2\/media\/223989"}],"wp:attachment":[{"href":"https:\/\/franciscanos.org.br\/noticias\/wp-json\/wp\/v2\/media?parent=223985"}],"wp:term":[{"taxonomy":"category","embeddable":true,"href":"https:\/\/franciscanos.org.br\/noticias\/wp-json\/wp\/v2\/categories?post=223985"},{"taxonomy":"post_tag","embeddable":true,"href":"https:\/\/franciscanos.org.br\/noticias\/wp-json\/wp\/v2\/tags?post=223985"}],"curies":[{"name":"wp","href":"https:\/\/api.w.org\/{rel}","templated":true}]}}