{"id":223968,"date":"2020-05-25T11:19:25","date_gmt":"2020-05-25T14:19:25","guid":{"rendered":"https:\/\/franciscanos.org.br\/noticias\/?p=223968"},"modified":"2020-05-28T09:49:05","modified_gmt":"2020-05-28T12:49:05","slug":"vem-ai-livemariana","status":"publish","type":"post","link":"https:\/\/franciscanos.org.br\/noticias\/vem-ai-livemariana.html","title":{"rendered":"#LiveMariana no encerramento do m\u00eas de Maria"},"content":{"rendered":"<p><img loading=\"lazy\" class=\"alignnone wp-image-223969 size-full\" src=\"https:\/\/franciscanos.org.br\/noticias\/wp-content\/uploads\/2020\/05\/maria_250520.jpg\" alt=\"\" width=\"1200\" height=\"675\" srcset=\"https:\/\/franciscanos.org.br\/noticias\/wp-content\/uploads\/2020\/05\/maria_250520.jpg 1200w, https:\/\/franciscanos.org.br\/noticias\/wp-content\/uploads\/2020\/05\/maria_250520-450x253.jpg 450w, https:\/\/franciscanos.org.br\/noticias\/wp-content\/uploads\/2020\/05\/maria_250520-1024x576.jpg 1024w, https:\/\/franciscanos.org.br\/noticias\/wp-content\/uploads\/2020\/05\/maria_250520-768x432.jpg 768w, https:\/\/franciscanos.org.br\/noticias\/wp-content\/uploads\/2020\/05\/maria_250520-150x84.jpg 150w\" sizes=\"(max-width: 1200px) 100vw, 1200px\" \/><\/p>\n<p><strong>Frei Augusto Luiz Gabriel<\/strong><\/p>\n<p><strong>Petr\u00f3polis (RJ) \u2013 <\/strong>O m\u00eas de maio na Par\u00f3quia e Convento do Sagrado Cora\u00e7\u00e3o de Jesus, em Petr\u00f3polis (RJ), conta com uma programa\u00e7\u00e3o intensa e especial. E, no pr\u00f3ximo domingo (31\/05), \u00e0s 18 horas, os frades lan\u00e7am o \u201cEspecial com Maria\u201d, no encerramento do m\u00eas mariano.<\/p>\n<p>O evento \u00e9 online e visa promover uma noite com muita m\u00fasica, intera\u00e7\u00e3o, devo\u00e7\u00e3o, espiritualidade, arte e f\u00e9. A Par\u00f3quia do Sagrado \u00e9 a anfitri\u00e3 e conta com a parceria da <strong><a href=\"https:\/\/www.youtube.com\/user\/tvfranciscanos\" target=\"_blank\" rel=\"noopener noreferrer\">TvFranciscanos<\/a><\/strong> da Prov\u00edncia da Imaculada Concei\u00e7\u00e3o do Brasil, do Servi\u00e7o de Justi\u00e7a Paz e Integridade da Cria\u00e7\u00e3o (JPIC) da Ordem dos Frades Menores, da Cust\u00f3dia das Sete Alegrias de Nossa Senhora, Par\u00f3quia Santa Clara de Imbari\u00ea (RJ), Convento S\u00e3o Boaventura de Campo Largo (PR), <span style=\"font-weight: 400;\">Par\u00f3quia S\u00e3o Francisco de Assis de Duque de Caxias (RJ), blog do Conex\u00e3o Fraterna, <\/span>Par\u00f3quia Nossa Senhora do Ros\u00e1rio e do Convento da Penha de Vila Velha (ES), e de outras p\u00e1ginas e grupos no Facebook, que aceitaram o convite e ir\u00e3o transmitir em cadeia e ao vivo a #LiveMariana.<\/p>\n<p>Al\u00e9m das m\u00fasicas, ora\u00e7\u00f5es e momentos de espiritualidade que ser\u00e3o conduzidos pelos freis do Sagrado, a <em>live <\/em>contar\u00e1 com can\u00e7\u00f5es em estilo <em>pot-pourri<\/em>, poesias, dan\u00e7a e intera\u00e7\u00e3o com o p\u00fablico. Outros participantes j\u00e1 convidados previamente participar\u00e3o tamb\u00e9m do \u201cEspecial com Maria\u201d.<\/p>\n<p>Segundo o p\u00e1roco, Frei Jorge Paulo Schiavini, encerrar o m\u00eas mariano com um especial a Maria \u00e9 uma oportunidade de fortalecer a esperan\u00e7a neste tempo de pandemia cercado de tantas restri\u00e7\u00f5es e sofrimentos. &#8220;A devo\u00e7\u00e3o a Maria est\u00e1 enraizada no fundo da experi\u00eancia crist\u00e3 cat\u00f3lica. Por isso, \u00e9 importante que cultivemos e fortale\u00e7amos nossa f\u00e9 com a presen\u00e7a iluminadora de Maria&#8221;, ressaltou.<\/p>\n<p>Nesta pandemia, segundo Frei Jorge, muitas pessoas j\u00e1 est\u00e3o se dedicando ao cuidado da vida, \u00e0 solidariedade e \u00e0 ora\u00e7\u00e3o pelos que mais sofrem. &#8220;Que esse singelo evento possa trazer alegria e fortalecer os la\u00e7os do amor\u201d, acrescentou. \u201cConecte-se \u00e0 Par\u00f3quia do Sagrado, no pr\u00f3ximo domingo, e, juntos, possamos voltar o nosso cora\u00e7\u00e3o a Deus por interm\u00e9dio de Maria e, assim, fortalecer nossa esperan\u00e7a\u201d.<span style=\"color: #888888;\"><br clear=\"all\" \/><\/span><\/p>\n<p>A Par\u00f3quia do Sagrado transmite todos os dias, \u00e0s 12 horas, a \u201cDevo\u00e7\u00e3o Franciscana a Maria\u201d. Al\u00e9m disso, as Celebra\u00e7\u00f5es Eucar\u00edsticas, B\u00ean\u00e7\u00e3os de Santo Ant\u00f4nio, Frei Galv\u00e3o e do Sant\u00edssimo tamb\u00e9m s\u00e3o transmitidas ao vivo pelo Facebook da Par\u00f3quia.<\/p>\n<p>Nesse momento de pandemia, fique em casa e celebre conosco. Acesse a p\u00e1gina da <strong><a href=\"https:\/\/www.facebook.com\/paroquiadosagradopetropolis\" target=\"_blank\" rel=\"noopener noreferrer\">Par\u00f3quia do Sagrado<\/a><\/strong>, e participe!<\/p>\n<p><iframe loading=\"lazy\" src=\"https:\/\/www.youtube.com\/embed\/ojrPYTKtK-s\" width=\"100%\" height=\"480\" frameborder=\"0\" allowfullscreen=\"allowfullscreen\"><span data-mce-type=\"bookmark\" style=\"display: inline-block; width: 0px; overflow: hidden; line-height: 0;\" class=\"mce_SELRES_start\">\ufeff<\/span><\/iframe><\/p>\n","protected":false},"excerpt":{"rendered":"<p>Especial com Maria<\/p>\n","protected":false},"author":5,"featured_media":223970,"comment_status":"open","ping_status":"open","sticky":false,"template":"","format":"standard","meta":[],"categories":[1],"tags":[266,190],"acf":[],"yoast_head":"<!-- This site is optimized with the Yoast SEO plugin v19.2 - https:\/\/yoast.com\/wordpress\/plugins\/seo\/ -->\n<title>#LiveMariana no encerramento do m\u00eas de Maria - Not\u00edcias - Franciscanos<\/title>\n<meta name=\"robots\" content=\"index, follow, max-snippet:-1, max-image-preview:large, max-video-preview:-1\" \/>\n<link rel=\"canonical\" href=\"https:\/\/franciscanos.org.br\/noticias\/vem-ai-livemariana.html\" \/>\n<meta property=\"og:locale\" content=\"pt_BR\" \/>\n<meta property=\"og:type\" content=\"article\" \/>\n<meta property=\"og:title\" content=\"#LiveMariana no encerramento do m\u00eas de Maria - Not\u00edcias - Franciscanos\" \/>\n<meta property=\"og:description\" content=\"Especial com Maria\" \/>\n<meta property=\"og:url\" content=\"https:\/\/franciscanos.org.br\/noticias\/vem-ai-livemariana.html\" \/>\n<meta property=\"og:site_name\" content=\"Not\u00edcias - Franciscanos\" \/>\n<meta property=\"article:published_time\" content=\"2020-05-25T14:19:25+00:00\" \/>\n<meta property=\"article:modified_time\" content=\"2020-05-28T12:49:05+00:00\" \/>\n<meta property=\"og:image\" content=\"https:\/\/franciscanos.org.br\/noticias\/wp-content\/uploads\/2020\/05\/maria_250520_1.jpg\" \/>\n\t<meta property=\"og:image:width\" content=\"800\" \/>\n\t<meta property=\"og:image:height\" content=\"600\" \/>\n\t<meta property=\"og:image:type\" content=\"image\/jpeg\" \/>\n<meta name=\"author\" content=\"freiaugusto\" \/>\n<meta name=\"twitter:card\" content=\"summary_large_image\" \/>\n<meta name=\"twitter:label1\" content=\"Escrito por\" \/>\n\t<meta name=\"twitter:data1\" content=\"freiaugusto\" \/>\n\t<meta name=\"twitter:label2\" content=\"Est. tempo de leitura\" \/>\n\t<meta name=\"twitter:data2\" content=\"2 minutos\" \/>\n<script type=\"application\/ld+json\" class=\"yoast-schema-graph\">{\"@context\":\"https:\/\/schema.org\",\"@graph\":[{\"@type\":\"WebSite\",\"@id\":\"https:\/\/franciscanos.org.br\/noticias\/#website\",\"url\":\"https:\/\/franciscanos.org.br\/noticias\/\",\"name\":\"Not\u00edcias - Franciscanos\",\"description\":\"Prov\u00edncia Franciscana da Imaculada Concei\u00e7\u00e3o do Brasil - Ordem dos Frades Menores - OFM\",\"potentialAction\":[{\"@type\":\"SearchAction\",\"target\":{\"@type\":\"EntryPoint\",\"urlTemplate\":\"https:\/\/franciscanos.org.br\/noticias\/?s={search_term_string}\"},\"query-input\":\"required name=search_term_string\"}],\"inLanguage\":\"pt-BR\"},{\"@type\":\"ImageObject\",\"inLanguage\":\"pt-BR\",\"@id\":\"https:\/\/franciscanos.org.br\/noticias\/vem-ai-livemariana.html#primaryimage\",\"url\":\"https:\/\/franciscanos.org.br\/noticias\/wp-content\/uploads\/2020\/05\/maria_250520_1.jpg\",\"contentUrl\":\"https:\/\/franciscanos.org.br\/noticias\/wp-content\/uploads\/2020\/05\/maria_250520_1.jpg\",\"width\":800,\"height\":600},{\"@type\":\"WebPage\",\"@id\":\"https:\/\/franciscanos.org.br\/noticias\/vem-ai-livemariana.html#webpage\",\"url\":\"https:\/\/franciscanos.org.br\/noticias\/vem-ai-livemariana.html\",\"name\":\"#LiveMariana no encerramento do m\u00eas de Maria - Not\u00edcias - Franciscanos\",\"isPartOf\":{\"@id\":\"https:\/\/franciscanos.org.br\/noticias\/#website\"},\"primaryImageOfPage\":{\"@id\":\"https:\/\/franciscanos.org.br\/noticias\/vem-ai-livemariana.html#primaryimage\"},\"datePublished\":\"2020-05-25T14:19:25+00:00\",\"dateModified\":\"2020-05-28T12:49:05+00:00\",\"author\":{\"@id\":\"https:\/\/franciscanos.org.br\/noticias\/#\/schema\/person\/37f88f0d111cd5358b12a6556a99eb91\"},\"breadcrumb\":{\"@id\":\"https:\/\/franciscanos.org.br\/noticias\/vem-ai-livemariana.html#breadcrumb\"},\"inLanguage\":\"pt-BR\",\"potentialAction\":[{\"@type\":\"ReadAction\",\"target\":[\"https:\/\/franciscanos.org.br\/noticias\/vem-ai-livemariana.html\"]}]},{\"@type\":\"BreadcrumbList\",\"@id\":\"https:\/\/franciscanos.org.br\/noticias\/vem-ai-livemariana.html#breadcrumb\",\"itemListElement\":[{\"@type\":\"ListItem\",\"position\":1,\"name\":\"Home\",\"item\":\"https:\/\/franciscanos.org.br\/noticias\"},{\"@type\":\"ListItem\",\"position\":2,\"name\":\"#LiveMariana no encerramento do m\u00eas de Maria\"}]},{\"@type\":\"Person\",\"@id\":\"https:\/\/franciscanos.org.br\/noticias\/#\/schema\/person\/37f88f0d111cd5358b12a6556a99eb91\",\"name\":\"freiaugusto\",\"image\":{\"@type\":\"ImageObject\",\"inLanguage\":\"pt-BR\",\"@id\":\"https:\/\/franciscanos.org.br\/noticias\/#\/schema\/person\/image\/\",\"url\":\"https:\/\/secure.gravatar.com\/avatar\/9840b940e621801b24f3e6b059efb4b7?s=96&d=mm&r=g\",\"contentUrl\":\"https:\/\/secure.gravatar.com\/avatar\/9840b940e621801b24f3e6b059efb4b7?s=96&d=mm&r=g\",\"caption\":\"freiaugusto\"},\"url\":\"https:\/\/franciscanos.org.br\/noticias\/author\/freiaugusto\"}]}<\/script>\n<!-- \/ Yoast SEO plugin. -->","yoast_head_json":{"title":"#LiveMariana no encerramento do m\u00eas de Maria - Not\u00edcias - Franciscanos","robots":{"index":"index","follow":"follow","max-snippet":"max-snippet:-1","max-image-preview":"max-image-preview:large","max-video-preview":"max-video-preview:-1"},"canonical":"https:\/\/franciscanos.org.br\/noticias\/vem-ai-livemariana.html","og_locale":"pt_BR","og_type":"article","og_title":"#LiveMariana no encerramento do m\u00eas de Maria - Not\u00edcias - Franciscanos","og_description":"Especial com Maria","og_url":"https:\/\/franciscanos.org.br\/noticias\/vem-ai-livemariana.html","og_site_name":"Not\u00edcias - Franciscanos","article_published_time":"2020-05-25T14:19:25+00:00","article_modified_time":"2020-05-28T12:49:05+00:00","og_image":[{"width":800,"height":600,"url":"https:\/\/franciscanos.org.br\/noticias\/wp-content\/uploads\/2020\/05\/maria_250520_1.jpg","type":"image\/jpeg"}],"author":"freiaugusto","twitter_card":"summary_large_image","twitter_misc":{"Escrito por":"freiaugusto","Est. tempo de leitura":"2 minutos"},"schema":{"@context":"https:\/\/schema.org","@graph":[{"@type":"WebSite","@id":"https:\/\/franciscanos.org.br\/noticias\/#website","url":"https:\/\/franciscanos.org.br\/noticias\/","name":"Not\u00edcias - Franciscanos","description":"Prov\u00edncia Franciscana da Imaculada Concei\u00e7\u00e3o do Brasil - Ordem dos Frades Menores - OFM","potentialAction":[{"@type":"SearchAction","target":{"@type":"EntryPoint","urlTemplate":"https:\/\/franciscanos.org.br\/noticias\/?s={search_term_string}"},"query-input":"required name=search_term_string"}],"inLanguage":"pt-BR"},{"@type":"ImageObject","inLanguage":"pt-BR","@id":"https:\/\/franciscanos.org.br\/noticias\/vem-ai-livemariana.html#primaryimage","url":"https:\/\/franciscanos.org.br\/noticias\/wp-content\/uploads\/2020\/05\/maria_250520_1.jpg","contentUrl":"https:\/\/franciscanos.org.br\/noticias\/wp-content\/uploads\/2020\/05\/maria_250520_1.jpg","width":800,"height":600},{"@type":"WebPage","@id":"https:\/\/franciscanos.org.br\/noticias\/vem-ai-livemariana.html#webpage","url":"https:\/\/franciscanos.org.br\/noticias\/vem-ai-livemariana.html","name":"#LiveMariana no encerramento do m\u00eas de Maria - Not\u00edcias - Franciscanos","isPartOf":{"@id":"https:\/\/franciscanos.org.br\/noticias\/#website"},"primaryImageOfPage":{"@id":"https:\/\/franciscanos.org.br\/noticias\/vem-ai-livemariana.html#primaryimage"},"datePublished":"2020-05-25T14:19:25+00:00","dateModified":"2020-05-28T12:49:05+00:00","author":{"@id":"https:\/\/franciscanos.org.br\/noticias\/#\/schema\/person\/37f88f0d111cd5358b12a6556a99eb91"},"breadcrumb":{"@id":"https:\/\/franciscanos.org.br\/noticias\/vem-ai-livemariana.html#breadcrumb"},"inLanguage":"pt-BR","potentialAction":[{"@type":"ReadAction","target":["https:\/\/franciscanos.org.br\/noticias\/vem-ai-livemariana.html"]}]},{"@type":"BreadcrumbList","@id":"https:\/\/franciscanos.org.br\/noticias\/vem-ai-livemariana.html#breadcrumb","itemListElement":[{"@type":"ListItem","position":1,"name":"Home","item":"https:\/\/franciscanos.org.br\/noticias"},{"@type":"ListItem","position":2,"name":"#LiveMariana no encerramento do m\u00eas de Maria"}]},{"@type":"Person","@id":"https:\/\/franciscanos.org.br\/noticias\/#\/schema\/person\/37f88f0d111cd5358b12a6556a99eb91","name":"freiaugusto","image":{"@type":"ImageObject","inLanguage":"pt-BR","@id":"https:\/\/franciscanos.org.br\/noticias\/#\/schema\/person\/image\/","url":"https:\/\/secure.gravatar.com\/avatar\/9840b940e621801b24f3e6b059efb4b7?s=96&d=mm&r=g","contentUrl":"https:\/\/secure.gravatar.com\/avatar\/9840b940e621801b24f3e6b059efb4b7?s=96&d=mm&r=g","caption":"freiaugusto"},"url":"https:\/\/franciscanos.org.br\/noticias\/author\/freiaugusto"}]}},"_links":{"self":[{"href":"https:\/\/franciscanos.org.br\/noticias\/wp-json\/wp\/v2\/posts\/223968"}],"collection":[{"href":"https:\/\/franciscanos.org.br\/noticias\/wp-json\/wp\/v2\/posts"}],"about":[{"href":"https:\/\/franciscanos.org.br\/noticias\/wp-json\/wp\/v2\/types\/post"}],"author":[{"embeddable":true,"href":"https:\/\/franciscanos.org.br\/noticias\/wp-json\/wp\/v2\/users\/5"}],"replies":[{"embeddable":true,"href":"https:\/\/franciscanos.org.br\/noticias\/wp-json\/wp\/v2\/comments?post=223968"}],"version-history":[{"count":10,"href":"https:\/\/franciscanos.org.br\/noticias\/wp-json\/wp\/v2\/posts\/223968\/revisions"}],"predecessor-version":[{"id":224000,"href":"https:\/\/franciscanos.org.br\/noticias\/wp-json\/wp\/v2\/posts\/223968\/revisions\/224000"}],"wp:featuredmedia":[{"embeddable":true,"href":"https:\/\/franciscanos.org.br\/noticias\/wp-json\/wp\/v2\/media\/223970"}],"wp:attachment":[{"href":"https:\/\/franciscanos.org.br\/noticias\/wp-json\/wp\/v2\/media?parent=223968"}],"wp:term":[{"taxonomy":"category","embeddable":true,"href":"https:\/\/franciscanos.org.br\/noticias\/wp-json\/wp\/v2\/categories?post=223968"},{"taxonomy":"post_tag","embeddable":true,"href":"https:\/\/franciscanos.org.br\/noticias\/wp-json\/wp\/v2\/tags?post=223968"}],"curies":[{"name":"wp","href":"https:\/\/api.w.org\/{rel}","templated":true}]}}