{"id":223962,"date":"2020-05-25T06:59:37","date_gmt":"2020-05-25T09:59:37","guid":{"rendered":"https:\/\/franciscanos.org.br\/noticias\/?p=223962"},"modified":"2020-05-25T06:59:37","modified_gmt":"2020-05-25T09:59:37","slug":"aniversario-da-laudato-si-e-celebrado-no-kimbo-sao-francisco-de-angola","status":"publish","type":"post","link":"https:\/\/franciscanos.org.br\/noticias\/aniversario-da-laudato-si-e-celebrado-no-kimbo-sao-francisco-de-angola.html","title":{"rendered":"Anivers\u00e1rio da Laudato Si&#8217; \u00e9 celebrado no Kimbo S\u00e3o Francisco de Angola"},"content":{"rendered":"<p><img loading=\"lazy\" class=\"alignnone size-full wp-image-223963\" src=\"https:\/\/franciscanos.org.br\/noticias\/wp-content\/uploads\/2020\/05\/angola_2505.jpg\" alt=\"\" width=\"1280\" height=\"720\" srcset=\"https:\/\/franciscanos.org.br\/noticias\/wp-content\/uploads\/2020\/05\/angola_2505.jpg 1280w, https:\/\/franciscanos.org.br\/noticias\/wp-content\/uploads\/2020\/05\/angola_2505-450x253.jpg 450w, https:\/\/franciscanos.org.br\/noticias\/wp-content\/uploads\/2020\/05\/angola_2505-1024x576.jpg 1024w, https:\/\/franciscanos.org.br\/noticias\/wp-content\/uploads\/2020\/05\/angola_2505-768x432.jpg 768w, https:\/\/franciscanos.org.br\/noticias\/wp-content\/uploads\/2020\/05\/angola_2505-150x84.jpg 150w\" sizes=\"(max-width: 1280px) 100vw, 1280px\" \/><\/p>\n<p>Em isolamento social devido \u00e0 pandemia do coronav\u00edrus, a Funda\u00e7\u00e3o Imaculada M\u00e3e de Deus de Angola (FIMDA) participou da Semana <em>Laudato Si&#8217;<\/em>, que se encerrou neste domingo (24 de maio), anivers\u00e1rio dos 5 anos da enc\u00edclica <em>Laudato Si&#8217;<\/em> do Papa Francisco.<\/p>\n<p>O encerramento da Semana Ecol\u00f3gica teve lugar no Kimbo S\u00e3o Francisco de Assis, no bairro de Palanca, na capital Luanda, com a celebra\u00e7\u00e3o da Santa Missa, que teve in\u00edcio por volta das 10h40, presidida por Pe. Celestino Epalanga, SJ, diretor geral da Comiss\u00e3o Episcopal de Justi\u00e7a, Paz e Migra\u00e7\u00f5es da Confer\u00eancia Episcopal de Angola e S\u00e3o Tom\u00e9 (CEAST) e concelebrada por Frei Jo\u00e3o Alberto Bunga, secret\u00e1rio da Funda\u00e7\u00e3o e mestre nesta Fraternidade. Tamb\u00e9m fizeram parte desta celebra\u00e7\u00e3o quatro membros da mesma Comiss\u00e3o e os Frades Menores do Palanca. No fim da celebra\u00e7\u00e3o, fez-se, em volta de uma \u00e1rvore, a Ora\u00e7\u00e3o Comum para o quinto anivers\u00e1rio da <em>Laudato Si<\/em>&#8216; seguida da ora\u00e7\u00e3o final.<\/p>\n<p><img loading=\"lazy\" class=\"alignnone size-full wp-image-223964\" src=\"https:\/\/franciscanos.org.br\/noticias\/wp-content\/uploads\/2020\/05\/angola_2505_1.jpg\" alt=\"\" width=\"1280\" height=\"720\" srcset=\"https:\/\/franciscanos.org.br\/noticias\/wp-content\/uploads\/2020\/05\/angola_2505_1.jpg 1280w, https:\/\/franciscanos.org.br\/noticias\/wp-content\/uploads\/2020\/05\/angola_2505_1-450x253.jpg 450w, https:\/\/franciscanos.org.br\/noticias\/wp-content\/uploads\/2020\/05\/angola_2505_1-1024x576.jpg 1024w, https:\/\/franciscanos.org.br\/noticias\/wp-content\/uploads\/2020\/05\/angola_2505_1-768x432.jpg 768w, https:\/\/franciscanos.org.br\/noticias\/wp-content\/uploads\/2020\/05\/angola_2505_1-150x84.jpg 150w\" sizes=\"(max-width: 1280px) 100vw, 1280px\" \/><\/p>\n<p>O celebrante lembrou aos presentes que a proposta do Papa Francisco sobre o cuidado da cria\u00e7\u00e3o n\u00e3o deve ser simplesmente te\u00f3rico mas pr\u00e1tico, pois a natureza e todas as criaturas carecem dos cuidados de todos pelo bem-estar da vida na Terra.<\/p>\n<p>A Semana, que foi celebrada em todo o mundo, teve como tema &#8220;Tudo est\u00e1 interligado&#8221;. Durante a semana, as reflex\u00f5es foram feitas exclusivamente pela internet, conduzidas por Frei Jo\u00e3o Bunga e Frei Andr\u00e9 Gurzynski. Al\u00e9m da Comiss\u00e3o da CEAST, a atividade teve apoio da R\u00e1dio Ecl\u00e9sia, emissora cat\u00f3lica de Angola e da Ordem dos Frades Menores da Funda\u00e7\u00e3o e Prov\u00edncia Franciscana da Imaculada Concei\u00e7\u00e3o do Brasil.<\/p>\n<p><strong>Frei Eduardo Jos\u00e9 Cavita Camunha<\/strong><\/p>\n<p><img loading=\"lazy\" class=\"alignnone size-full wp-image-223965\" src=\"https:\/\/franciscanos.org.br\/noticias\/wp-content\/uploads\/2020\/05\/angola_2505_2.jpg\" alt=\"\" width=\"1280\" height=\"720\" srcset=\"https:\/\/franciscanos.org.br\/noticias\/wp-content\/uploads\/2020\/05\/angola_2505_2.jpg 1280w, https:\/\/franciscanos.org.br\/noticias\/wp-content\/uploads\/2020\/05\/angola_2505_2-450x253.jpg 450w, https:\/\/franciscanos.org.br\/noticias\/wp-content\/uploads\/2020\/05\/angola_2505_2-1024x576.jpg 1024w, https:\/\/franciscanos.org.br\/noticias\/wp-content\/uploads\/2020\/05\/angola_2505_2-768x432.jpg 768w, https:\/\/franciscanos.org.br\/noticias\/wp-content\/uploads\/2020\/05\/angola_2505_2-150x84.jpg 150w\" sizes=\"(max-width: 1280px) 100vw, 1280px\" \/><\/p>\n","protected":false},"excerpt":{"rendered":"<p>Semana Laudato Si&#8217; em Angola<\/p>\n","protected":false},"author":3,"featured_media":223966,"comment_status":"open","ping_status":"open","sticky":false,"template":"","format":"standard","meta":[],"categories":[1],"tags":[701],"acf":[],"yoast_head":"<!-- This site is optimized with the Yoast SEO plugin v19.2 - https:\/\/yoast.com\/wordpress\/plugins\/seo\/ -->\n<title>Anivers\u00e1rio da Laudato Si&#039; \u00e9 celebrado no Kimbo S\u00e3o Francisco de Angola - Not\u00edcias - Franciscanos<\/title>\n<meta name=\"robots\" content=\"index, follow, max-snippet:-1, max-image-preview:large, max-video-preview:-1\" \/>\n<link rel=\"canonical\" href=\"https:\/\/franciscanos.org.br\/noticias\/aniversario-da-laudato-si-e-celebrado-no-kimbo-sao-francisco-de-angola.html\" \/>\n<meta property=\"og:locale\" content=\"pt_BR\" \/>\n<meta property=\"og:type\" content=\"article\" \/>\n<meta property=\"og:title\" content=\"Anivers\u00e1rio da Laudato Si&#039; \u00e9 celebrado no Kimbo S\u00e3o Francisco de Angola - Not\u00edcias - Franciscanos\" \/>\n<meta property=\"og:description\" content=\"Semana Laudato Si&#039; em Angola\" \/>\n<meta property=\"og:url\" content=\"https:\/\/franciscanos.org.br\/noticias\/aniversario-da-laudato-si-e-celebrado-no-kimbo-sao-francisco-de-angola.html\" \/>\n<meta property=\"og:site_name\" content=\"Not\u00edcias - Franciscanos\" \/>\n<meta property=\"article:published_time\" content=\"2020-05-25T09:59:37+00:00\" \/>\n<meta property=\"og:image\" content=\"https:\/\/franciscanos.org.br\/noticias\/wp-content\/uploads\/2020\/05\/angola_2505d.jpg\" \/>\n\t<meta property=\"og:image:width\" content=\"800\" \/>\n\t<meta property=\"og:image:height\" content=\"600\" \/>\n\t<meta property=\"og:image:type\" content=\"image\/jpeg\" \/>\n<meta name=\"author\" content=\"moacir\" \/>\n<meta name=\"twitter:card\" content=\"summary_large_image\" \/>\n<meta name=\"twitter:label1\" content=\"Escrito por\" \/>\n\t<meta name=\"twitter:data1\" content=\"moacir\" \/>\n\t<meta name=\"twitter:label2\" content=\"Est. tempo de leitura\" \/>\n\t<meta name=\"twitter:data2\" content=\"2 minutos\" \/>\n<script type=\"application\/ld+json\" class=\"yoast-schema-graph\">{\"@context\":\"https:\/\/schema.org\",\"@graph\":[{\"@type\":\"WebSite\",\"@id\":\"https:\/\/franciscanos.org.br\/noticias\/#website\",\"url\":\"https:\/\/franciscanos.org.br\/noticias\/\",\"name\":\"Not\u00edcias - Franciscanos\",\"description\":\"Prov\u00edncia Franciscana da Imaculada Concei\u00e7\u00e3o do Brasil - Ordem dos Frades Menores - OFM\",\"potentialAction\":[{\"@type\":\"SearchAction\",\"target\":{\"@type\":\"EntryPoint\",\"urlTemplate\":\"https:\/\/franciscanos.org.br\/noticias\/?s={search_term_string}\"},\"query-input\":\"required name=search_term_string\"}],\"inLanguage\":\"pt-BR\"},{\"@type\":\"ImageObject\",\"inLanguage\":\"pt-BR\",\"@id\":\"https:\/\/franciscanos.org.br\/noticias\/aniversario-da-laudato-si-e-celebrado-no-kimbo-sao-francisco-de-angola.html#primaryimage\",\"url\":\"https:\/\/franciscanos.org.br\/noticias\/wp-content\/uploads\/2020\/05\/angola_2505d.jpg\",\"contentUrl\":\"https:\/\/franciscanos.org.br\/noticias\/wp-content\/uploads\/2020\/05\/angola_2505d.jpg\",\"width\":800,\"height\":600},{\"@type\":\"WebPage\",\"@id\":\"https:\/\/franciscanos.org.br\/noticias\/aniversario-da-laudato-si-e-celebrado-no-kimbo-sao-francisco-de-angola.html#webpage\",\"url\":\"https:\/\/franciscanos.org.br\/noticias\/aniversario-da-laudato-si-e-celebrado-no-kimbo-sao-francisco-de-angola.html\",\"name\":\"Anivers\u00e1rio da Laudato Si' \u00e9 celebrado no Kimbo S\u00e3o Francisco de Angola - Not\u00edcias - Franciscanos\",\"isPartOf\":{\"@id\":\"https:\/\/franciscanos.org.br\/noticias\/#website\"},\"primaryImageOfPage\":{\"@id\":\"https:\/\/franciscanos.org.br\/noticias\/aniversario-da-laudato-si-e-celebrado-no-kimbo-sao-francisco-de-angola.html#primaryimage\"},\"datePublished\":\"2020-05-25T09:59:37+00:00\",\"dateModified\":\"2020-05-25T09:59:37+00:00\",\"author\":{\"@id\":\"https:\/\/franciscanos.org.br\/noticias\/#\/schema\/person\/b5c8cba458c330ccff548b056e95a5d4\"},\"breadcrumb\":{\"@id\":\"https:\/\/franciscanos.org.br\/noticias\/aniversario-da-laudato-si-e-celebrado-no-kimbo-sao-francisco-de-angola.html#breadcrumb\"},\"inLanguage\":\"pt-BR\",\"potentialAction\":[{\"@type\":\"ReadAction\",\"target\":[\"https:\/\/franciscanos.org.br\/noticias\/aniversario-da-laudato-si-e-celebrado-no-kimbo-sao-francisco-de-angola.html\"]}]},{\"@type\":\"BreadcrumbList\",\"@id\":\"https:\/\/franciscanos.org.br\/noticias\/aniversario-da-laudato-si-e-celebrado-no-kimbo-sao-francisco-de-angola.html#breadcrumb\",\"itemListElement\":[{\"@type\":\"ListItem\",\"position\":1,\"name\":\"Home\",\"item\":\"https:\/\/franciscanos.org.br\/noticias\"},{\"@type\":\"ListItem\",\"position\":2,\"name\":\"Anivers\u00e1rio da Laudato Si&#8217; \u00e9 celebrado no Kimbo S\u00e3o Francisco de Angola\"}]},{\"@type\":\"Person\",\"@id\":\"https:\/\/franciscanos.org.br\/noticias\/#\/schema\/person\/b5c8cba458c330ccff548b056e95a5d4\",\"name\":\"moacir\",\"image\":{\"@type\":\"ImageObject\",\"inLanguage\":\"pt-BR\",\"@id\":\"https:\/\/franciscanos.org.br\/noticias\/#\/schema\/person\/image\/\",\"url\":\"https:\/\/secure.gravatar.com\/avatar\/d08aa2ce4c8dd416d4479aa8536fcf64?s=96&d=mm&r=g\",\"contentUrl\":\"https:\/\/secure.gravatar.com\/avatar\/d08aa2ce4c8dd416d4479aa8536fcf64?s=96&d=mm&r=g\",\"caption\":\"moacir\"},\"url\":\"https:\/\/franciscanos.org.br\/noticias\/author\/moacir\"}]}<\/script>\n<!-- \/ Yoast SEO plugin. -->","yoast_head_json":{"title":"Anivers\u00e1rio da Laudato Si' \u00e9 celebrado no Kimbo S\u00e3o Francisco de Angola - Not\u00edcias - Franciscanos","robots":{"index":"index","follow":"follow","max-snippet":"max-snippet:-1","max-image-preview":"max-image-preview:large","max-video-preview":"max-video-preview:-1"},"canonical":"https:\/\/franciscanos.org.br\/noticias\/aniversario-da-laudato-si-e-celebrado-no-kimbo-sao-francisco-de-angola.html","og_locale":"pt_BR","og_type":"article","og_title":"Anivers\u00e1rio da Laudato Si' \u00e9 celebrado no Kimbo S\u00e3o Francisco de Angola - Not\u00edcias - Franciscanos","og_description":"Semana Laudato Si' em Angola","og_url":"https:\/\/franciscanos.org.br\/noticias\/aniversario-da-laudato-si-e-celebrado-no-kimbo-sao-francisco-de-angola.html","og_site_name":"Not\u00edcias - Franciscanos","article_published_time":"2020-05-25T09:59:37+00:00","og_image":[{"width":800,"height":600,"url":"https:\/\/franciscanos.org.br\/noticias\/wp-content\/uploads\/2020\/05\/angola_2505d.jpg","type":"image\/jpeg"}],"author":"moacir","twitter_card":"summary_large_image","twitter_misc":{"Escrito por":"moacir","Est. tempo de leitura":"2 minutos"},"schema":{"@context":"https:\/\/schema.org","@graph":[{"@type":"WebSite","@id":"https:\/\/franciscanos.org.br\/noticias\/#website","url":"https:\/\/franciscanos.org.br\/noticias\/","name":"Not\u00edcias - Franciscanos","description":"Prov\u00edncia Franciscana da Imaculada Concei\u00e7\u00e3o do Brasil - Ordem dos Frades Menores - OFM","potentialAction":[{"@type":"SearchAction","target":{"@type":"EntryPoint","urlTemplate":"https:\/\/franciscanos.org.br\/noticias\/?s={search_term_string}"},"query-input":"required name=search_term_string"}],"inLanguage":"pt-BR"},{"@type":"ImageObject","inLanguage":"pt-BR","@id":"https:\/\/franciscanos.org.br\/noticias\/aniversario-da-laudato-si-e-celebrado-no-kimbo-sao-francisco-de-angola.html#primaryimage","url":"https:\/\/franciscanos.org.br\/noticias\/wp-content\/uploads\/2020\/05\/angola_2505d.jpg","contentUrl":"https:\/\/franciscanos.org.br\/noticias\/wp-content\/uploads\/2020\/05\/angola_2505d.jpg","width":800,"height":600},{"@type":"WebPage","@id":"https:\/\/franciscanos.org.br\/noticias\/aniversario-da-laudato-si-e-celebrado-no-kimbo-sao-francisco-de-angola.html#webpage","url":"https:\/\/franciscanos.org.br\/noticias\/aniversario-da-laudato-si-e-celebrado-no-kimbo-sao-francisco-de-angola.html","name":"Anivers\u00e1rio da Laudato Si' \u00e9 celebrado no Kimbo S\u00e3o Francisco de Angola - Not\u00edcias - Franciscanos","isPartOf":{"@id":"https:\/\/franciscanos.org.br\/noticias\/#website"},"primaryImageOfPage":{"@id":"https:\/\/franciscanos.org.br\/noticias\/aniversario-da-laudato-si-e-celebrado-no-kimbo-sao-francisco-de-angola.html#primaryimage"},"datePublished":"2020-05-25T09:59:37+00:00","dateModified":"2020-05-25T09:59:37+00:00","author":{"@id":"https:\/\/franciscanos.org.br\/noticias\/#\/schema\/person\/b5c8cba458c330ccff548b056e95a5d4"},"breadcrumb":{"@id":"https:\/\/franciscanos.org.br\/noticias\/aniversario-da-laudato-si-e-celebrado-no-kimbo-sao-francisco-de-angola.html#breadcrumb"},"inLanguage":"pt-BR","potentialAction":[{"@type":"ReadAction","target":["https:\/\/franciscanos.org.br\/noticias\/aniversario-da-laudato-si-e-celebrado-no-kimbo-sao-francisco-de-angola.html"]}]},{"@type":"BreadcrumbList","@id":"https:\/\/franciscanos.org.br\/noticias\/aniversario-da-laudato-si-e-celebrado-no-kimbo-sao-francisco-de-angola.html#breadcrumb","itemListElement":[{"@type":"ListItem","position":1,"name":"Home","item":"https:\/\/franciscanos.org.br\/noticias"},{"@type":"ListItem","position":2,"name":"Anivers\u00e1rio da Laudato Si&#8217; \u00e9 celebrado no Kimbo S\u00e3o Francisco de Angola"}]},{"@type":"Person","@id":"https:\/\/franciscanos.org.br\/noticias\/#\/schema\/person\/b5c8cba458c330ccff548b056e95a5d4","name":"moacir","image":{"@type":"ImageObject","inLanguage":"pt-BR","@id":"https:\/\/franciscanos.org.br\/noticias\/#\/schema\/person\/image\/","url":"https:\/\/secure.gravatar.com\/avatar\/d08aa2ce4c8dd416d4479aa8536fcf64?s=96&d=mm&r=g","contentUrl":"https:\/\/secure.gravatar.com\/avatar\/d08aa2ce4c8dd416d4479aa8536fcf64?s=96&d=mm&r=g","caption":"moacir"},"url":"https:\/\/franciscanos.org.br\/noticias\/author\/moacir"}]}},"_links":{"self":[{"href":"https:\/\/franciscanos.org.br\/noticias\/wp-json\/wp\/v2\/posts\/223962"}],"collection":[{"href":"https:\/\/franciscanos.org.br\/noticias\/wp-json\/wp\/v2\/posts"}],"about":[{"href":"https:\/\/franciscanos.org.br\/noticias\/wp-json\/wp\/v2\/types\/post"}],"author":[{"embeddable":true,"href":"https:\/\/franciscanos.org.br\/noticias\/wp-json\/wp\/v2\/users\/3"}],"replies":[{"embeddable":true,"href":"https:\/\/franciscanos.org.br\/noticias\/wp-json\/wp\/v2\/comments?post=223962"}],"version-history":[{"count":1,"href":"https:\/\/franciscanos.org.br\/noticias\/wp-json\/wp\/v2\/posts\/223962\/revisions"}],"predecessor-version":[{"id":223967,"href":"https:\/\/franciscanos.org.br\/noticias\/wp-json\/wp\/v2\/posts\/223962\/revisions\/223967"}],"wp:featuredmedia":[{"embeddable":true,"href":"https:\/\/franciscanos.org.br\/noticias\/wp-json\/wp\/v2\/media\/223966"}],"wp:attachment":[{"href":"https:\/\/franciscanos.org.br\/noticias\/wp-json\/wp\/v2\/media?parent=223962"}],"wp:term":[{"taxonomy":"category","embeddable":true,"href":"https:\/\/franciscanos.org.br\/noticias\/wp-json\/wp\/v2\/categories?post=223962"},{"taxonomy":"post_tag","embeddable":true,"href":"https:\/\/franciscanos.org.br\/noticias\/wp-json\/wp\/v2\/tags?post=223962"}],"curies":[{"name":"wp","href":"https:\/\/api.w.org\/{rel}","templated":true}]}}