{"id":223958,"date":"2020-05-24T07:47:29","date_gmt":"2020-05-24T10:47:29","guid":{"rendered":"https:\/\/franciscanos.org.br\/noticias\/?p=223958"},"modified":"2021-08-29T11:24:20","modified_gmt":"2021-08-29T14:24:20","slug":"papa-jesus-esta-ainda-e-sempre-entre-nos-disso-vem-a-nossa-forca","status":"publish","type":"post","link":"https:\/\/franciscanos.org.br\/noticias\/papa-jesus-esta-ainda-e-sempre-entre-nos-disso-vem-a-nossa-forca.html","title":{"rendered":"Papa: Jesus est\u00e1 ainda e sempre entre n\u00f3s; disso v\u00eam a nossa for\u00e7a!"},"content":{"rendered":"<div id=\"attachment_223959\" style=\"width: 1010px\" class=\"wp-caption alignnone\"><img aria-describedby=\"caption-attachment-223959\" loading=\"lazy\" class=\"wp-image-223959 size-full\" src=\"https:\/\/franciscanos.org.br\/noticias\/wp-content\/uploads\/2020\/05\/Audiencia_24.jpg\" alt=\"\" width=\"1000\" height=\"563\" srcset=\"https:\/\/franciscanos.org.br\/noticias\/wp-content\/uploads\/2020\/05\/Audiencia_24.jpg 1000w, https:\/\/franciscanos.org.br\/noticias\/wp-content\/uploads\/2020\/05\/Audiencia_24-450x253.jpg 450w, https:\/\/franciscanos.org.br\/noticias\/wp-content\/uploads\/2020\/05\/Audiencia_24-768x432.jpg 768w, https:\/\/franciscanos.org.br\/noticias\/wp-content\/uploads\/2020\/05\/Audiencia_24-150x84.jpg 150w\" sizes=\"(max-width: 1000px) 100vw, 1000px\" \/><p id=\"caption-attachment-223959\" class=\"wp-caption-text\">\u00a0 \u00a0 \u00a0 \u00a0 \u00a0 \u00a0 \u00a0 \u00a0 \u00a0 \u00a0 \u00a0 \u00a0 \u00a0 \u00a0 \u00a0 \u00a0 \u00a0 \u00a0 \u00a0 \u00a0 \u00a0 \u00a0 \u00a0 \u00a0 \u00a0 \u00a0 \u00a0 \u00a0 \u00a0 \u00a0 \u00a0 \u00a0 \u00a0 \u00a0 \u00a0 \u00a0 \u00a0 \u00a0 \u00a0 \u00a0 \u00a0 \u00a0 <em>\u00a0 \u00a0 \u00a0Imagem: Vatican Media<\/em><\/p><\/div>\n<p><strong>Cidade do Vaticano<\/strong> &#8211; Domingo com a Pra\u00e7a S\u00e3o Pedro finalmente aberta depois de mais de dois meses de fechamento. A \u00faltima ora\u00e7\u00e3o com a presen\u00e7a de fi\u00e9is foi no dia 8 de mar\u00e7o. Mantido o distanciamento, n\u00e3o se pode falar de multid\u00e3o na Pra\u00e7a, mas a possibilidade para os fi\u00e9is de estar ali, rezando com o seu pastor, \u00e9 um sinal de esperan\u00e7a de que a vida, mais cedo ou mais tarde, poder\u00e1 retomar seu ritmo. Como previsto, o Papa rezou o<em> Regina Coeli<\/em> da Biblioteca do Pal\u00e1cio Apost\u00f3lico e somente no final assomou \u00e0 janela para saudar os presentes.<\/p>\n<p><strong>Sem testemunho n\u00e3o h\u00e1 an\u00fancio<\/strong><br \/>\nNa alocu\u00e7\u00e3o, Francisco recordou que em muitos pa\u00edses se celebra a solenidade da Ascens\u00e3o do Senhor. O trecho do Evangelho de Mateus mostra os Ap\u00f3stolos que se re\u00fanem na Galileia e no monte se realiza o \u00faltimo encontro do Senhor ressuscitado com os seus.<\/p>\n<p>Desta vez, no monte Jesus n\u00e3o age nem ensina, mas confia aos disc\u00edpulos a tarefa de continuar a sua obra. Jesus diz: \u00abPortanto, ide e fazei disc\u00edpulos meus todos os povos, batizando-os em nome do Pai e do Filho e do Esp\u00edrito Santo, e ensinando-os a observar tudo o que vos ordenei!\u00bb ( v. 19-20).<\/p>\n<p>A miss\u00e3o confiada aos Ap\u00f3stolos \u00e8 esta, explicou o Papa: anunciar, batizar e ensinar a caminhar na via tra\u00e7ada pelo Mestre, isto \u00e9, o Evangelho. \u201cEsta mensagem de salva\u00e7\u00e3o implica antes de tudo o dever do testemunho, sem testemunho n\u00e3o se pode anunciar, ao qual tamb\u00e9m n\u00f3s, disc\u00edpulos de hoje, somos chamados para dar conta da nossa f\u00e9.\u201d<\/p>\n<p>Diante de uma tarefa t\u00e3o dif\u00edcil, e pensando nas nossas fraquezas, nos sentimos inadequados, prosseguiu Francisco, mas n\u00e3o se deve desencorajar, recordando as palavras que Jesus dirigiu a eles antes de subir ao C\u00e9u: \u00abEis que eu estarei convosco todos os dias, at\u00e9 ao fim do mundo&#8217;.\u00bb (v. 20).<\/p>\n<p>Esta promessa, disse ainda o Papa, garante a presen\u00e7a constante e consoladora de Jesus entre n\u00f3s, que se d\u00e1 por meio do seu Esp\u00edrito. Ele conduz a Igreja a caminhar na hist\u00f3ria como companheira de cada homem.<\/p>\n<p><strong>Um novo modo de estar conosco<\/strong><br \/>\nCom a promessa de permanecer conosco at\u00e9 o fim dos tempos, Jesus inaugura o estilo de sua presen\u00e7a no mundo como Ressuscitado: uma presen\u00e7a revelada na Palavra, nos Sacramentos, na a\u00e7\u00e3o constante e interior do Esp\u00edrito Santo. \u201cA festa da Ascens\u00e3o nos diz que, embora tenha subido ao C\u00e9u para habitar gloriosamente \u00e0 direita do Pai, Jesus est\u00e1 ainda e sempre entre n\u00f3s: disso v\u00eam a nossa for\u00e7a, a nossa perseveran\u00e7a e a nossa alegria. Justamente da presen\u00e7a de Jesus entre n\u00f3s.&#8221;<\/p>\n<p>O Papa concluiu pedindo a intercess\u00e3o de Nossa Senhora para que \u201cacompanhe nossa viagem com sua prote\u00e7\u00e3o materna: dela aprendemos a do\u00e7ura e a coragem de sermos testemunhas no mundo do Senhor Ressuscitado\u201d.<\/p>\n<p><em>Fonte: Vatican News<\/em><\/p>\n","protected":false},"excerpt":{"rendered":"<p>Regina Coeli<\/p>\n","protected":false},"author":3,"featured_media":223960,"comment_status":"open","ping_status":"open","sticky":false,"template":"","format":"standard","meta":[],"categories":[1428],"tags":[564],"acf":[],"yoast_head":"<!-- This site is optimized with the Yoast SEO plugin v19.2 - https:\/\/yoast.com\/wordpress\/plugins\/seo\/ -->\n<title>Papa: Jesus est\u00e1 ainda e sempre entre n\u00f3s; disso v\u00eam a nossa for\u00e7a! - Not\u00edcias - Franciscanos<\/title>\n<meta name=\"robots\" content=\"index, follow, max-snippet:-1, max-image-preview:large, max-video-preview:-1\" \/>\n<link rel=\"canonical\" href=\"https:\/\/franciscanos.org.br\/noticias\/papa-jesus-esta-ainda-e-sempre-entre-nos-disso-vem-a-nossa-forca.html\" \/>\n<meta property=\"og:locale\" content=\"pt_BR\" \/>\n<meta property=\"og:type\" content=\"article\" \/>\n<meta property=\"og:title\" content=\"Papa: Jesus est\u00e1 ainda e sempre entre n\u00f3s; disso v\u00eam a nossa for\u00e7a! - Not\u00edcias - Franciscanos\" \/>\n<meta property=\"og:description\" content=\"Regina Coeli\" \/>\n<meta property=\"og:url\" content=\"https:\/\/franciscanos.org.br\/noticias\/papa-jesus-esta-ainda-e-sempre-entre-nos-disso-vem-a-nossa-forca.html\" \/>\n<meta property=\"og:site_name\" content=\"Not\u00edcias - Franciscanos\" \/>\n<meta property=\"article:published_time\" content=\"2020-05-24T10:47:29+00:00\" \/>\n<meta property=\"article:modified_time\" content=\"2021-08-29T14:24:20+00:00\" \/>\n<meta property=\"og:image\" content=\"https:\/\/franciscanos.org.br\/noticias\/wp-content\/uploads\/2020\/05\/Audiencia_24d.jpg\" \/>\n\t<meta property=\"og:image:width\" content=\"800\" \/>\n\t<meta property=\"og:image:height\" content=\"601\" \/>\n\t<meta property=\"og:image:type\" content=\"image\/jpeg\" \/>\n<meta name=\"author\" content=\"moacir\" \/>\n<meta name=\"twitter:card\" content=\"summary_large_image\" \/>\n<meta name=\"twitter:label1\" content=\"Escrito por\" \/>\n\t<meta name=\"twitter:data1\" content=\"moacir\" \/>\n\t<meta name=\"twitter:label2\" content=\"Est. tempo de leitura\" \/>\n\t<meta name=\"twitter:data2\" content=\"3 minutos\" \/>\n<script type=\"application\/ld+json\" class=\"yoast-schema-graph\">{\"@context\":\"https:\/\/schema.org\",\"@graph\":[{\"@type\":\"WebSite\",\"@id\":\"https:\/\/franciscanos.org.br\/noticias\/#website\",\"url\":\"https:\/\/franciscanos.org.br\/noticias\/\",\"name\":\"Not\u00edcias - Franciscanos\",\"description\":\"Prov\u00edncia Franciscana da Imaculada Concei\u00e7\u00e3o do Brasil - Ordem dos Frades Menores - OFM\",\"potentialAction\":[{\"@type\":\"SearchAction\",\"target\":{\"@type\":\"EntryPoint\",\"urlTemplate\":\"https:\/\/franciscanos.org.br\/noticias\/?s={search_term_string}\"},\"query-input\":\"required name=search_term_string\"}],\"inLanguage\":\"pt-BR\"},{\"@type\":\"ImageObject\",\"inLanguage\":\"pt-BR\",\"@id\":\"https:\/\/franciscanos.org.br\/noticias\/papa-jesus-esta-ainda-e-sempre-entre-nos-disso-vem-a-nossa-forca.html#primaryimage\",\"url\":\"https:\/\/franciscanos.org.br\/noticias\/wp-content\/uploads\/2020\/05\/Audiencia_24d.jpg\",\"contentUrl\":\"https:\/\/franciscanos.org.br\/noticias\/wp-content\/uploads\/2020\/05\/Audiencia_24d.jpg\",\"width\":800,\"height\":601},{\"@type\":\"WebPage\",\"@id\":\"https:\/\/franciscanos.org.br\/noticias\/papa-jesus-esta-ainda-e-sempre-entre-nos-disso-vem-a-nossa-forca.html#webpage\",\"url\":\"https:\/\/franciscanos.org.br\/noticias\/papa-jesus-esta-ainda-e-sempre-entre-nos-disso-vem-a-nossa-forca.html\",\"name\":\"Papa: Jesus est\u00e1 ainda e sempre entre n\u00f3s; disso v\u00eam a nossa for\u00e7a! - Not\u00edcias - Franciscanos\",\"isPartOf\":{\"@id\":\"https:\/\/franciscanos.org.br\/noticias\/#website\"},\"primaryImageOfPage\":{\"@id\":\"https:\/\/franciscanos.org.br\/noticias\/papa-jesus-esta-ainda-e-sempre-entre-nos-disso-vem-a-nossa-forca.html#primaryimage\"},\"datePublished\":\"2020-05-24T10:47:29+00:00\",\"dateModified\":\"2021-08-29T14:24:20+00:00\",\"author\":{\"@id\":\"https:\/\/franciscanos.org.br\/noticias\/#\/schema\/person\/b5c8cba458c330ccff548b056e95a5d4\"},\"breadcrumb\":{\"@id\":\"https:\/\/franciscanos.org.br\/noticias\/papa-jesus-esta-ainda-e-sempre-entre-nos-disso-vem-a-nossa-forca.html#breadcrumb\"},\"inLanguage\":\"pt-BR\",\"potentialAction\":[{\"@type\":\"ReadAction\",\"target\":[\"https:\/\/franciscanos.org.br\/noticias\/papa-jesus-esta-ainda-e-sempre-entre-nos-disso-vem-a-nossa-forca.html\"]}]},{\"@type\":\"BreadcrumbList\",\"@id\":\"https:\/\/franciscanos.org.br\/noticias\/papa-jesus-esta-ainda-e-sempre-entre-nos-disso-vem-a-nossa-forca.html#breadcrumb\",\"itemListElement\":[{\"@type\":\"ListItem\",\"position\":1,\"name\":\"Home\",\"item\":\"https:\/\/franciscanos.org.br\/noticias\"},{\"@type\":\"ListItem\",\"position\":2,\"name\":\"Papa: Jesus est\u00e1 ainda e sempre entre n\u00f3s; disso v\u00eam a nossa for\u00e7a!\"}]},{\"@type\":\"Person\",\"@id\":\"https:\/\/franciscanos.org.br\/noticias\/#\/schema\/person\/b5c8cba458c330ccff548b056e95a5d4\",\"name\":\"moacir\",\"image\":{\"@type\":\"ImageObject\",\"inLanguage\":\"pt-BR\",\"@id\":\"https:\/\/franciscanos.org.br\/noticias\/#\/schema\/person\/image\/\",\"url\":\"https:\/\/secure.gravatar.com\/avatar\/d08aa2ce4c8dd416d4479aa8536fcf64?s=96&d=mm&r=g\",\"contentUrl\":\"https:\/\/secure.gravatar.com\/avatar\/d08aa2ce4c8dd416d4479aa8536fcf64?s=96&d=mm&r=g\",\"caption\":\"moacir\"},\"url\":\"https:\/\/franciscanos.org.br\/noticias\/author\/moacir\"}]}<\/script>\n<!-- \/ Yoast SEO plugin. -->","yoast_head_json":{"title":"Papa: Jesus est\u00e1 ainda e sempre entre n\u00f3s; disso v\u00eam a nossa for\u00e7a! - Not\u00edcias - Franciscanos","robots":{"index":"index","follow":"follow","max-snippet":"max-snippet:-1","max-image-preview":"max-image-preview:large","max-video-preview":"max-video-preview:-1"},"canonical":"https:\/\/franciscanos.org.br\/noticias\/papa-jesus-esta-ainda-e-sempre-entre-nos-disso-vem-a-nossa-forca.html","og_locale":"pt_BR","og_type":"article","og_title":"Papa: Jesus est\u00e1 ainda e sempre entre n\u00f3s; disso v\u00eam a nossa for\u00e7a! - Not\u00edcias - Franciscanos","og_description":"Regina Coeli","og_url":"https:\/\/franciscanos.org.br\/noticias\/papa-jesus-esta-ainda-e-sempre-entre-nos-disso-vem-a-nossa-forca.html","og_site_name":"Not\u00edcias - Franciscanos","article_published_time":"2020-05-24T10:47:29+00:00","article_modified_time":"2021-08-29T14:24:20+00:00","og_image":[{"width":800,"height":601,"url":"https:\/\/franciscanos.org.br\/noticias\/wp-content\/uploads\/2020\/05\/Audiencia_24d.jpg","type":"image\/jpeg"}],"author":"moacir","twitter_card":"summary_large_image","twitter_misc":{"Escrito por":"moacir","Est. tempo de leitura":"3 minutos"},"schema":{"@context":"https:\/\/schema.org","@graph":[{"@type":"WebSite","@id":"https:\/\/franciscanos.org.br\/noticias\/#website","url":"https:\/\/franciscanos.org.br\/noticias\/","name":"Not\u00edcias - Franciscanos","description":"Prov\u00edncia Franciscana da Imaculada Concei\u00e7\u00e3o do Brasil - Ordem dos Frades Menores - OFM","potentialAction":[{"@type":"SearchAction","target":{"@type":"EntryPoint","urlTemplate":"https:\/\/franciscanos.org.br\/noticias\/?s={search_term_string}"},"query-input":"required name=search_term_string"}],"inLanguage":"pt-BR"},{"@type":"ImageObject","inLanguage":"pt-BR","@id":"https:\/\/franciscanos.org.br\/noticias\/papa-jesus-esta-ainda-e-sempre-entre-nos-disso-vem-a-nossa-forca.html#primaryimage","url":"https:\/\/franciscanos.org.br\/noticias\/wp-content\/uploads\/2020\/05\/Audiencia_24d.jpg","contentUrl":"https:\/\/franciscanos.org.br\/noticias\/wp-content\/uploads\/2020\/05\/Audiencia_24d.jpg","width":800,"height":601},{"@type":"WebPage","@id":"https:\/\/franciscanos.org.br\/noticias\/papa-jesus-esta-ainda-e-sempre-entre-nos-disso-vem-a-nossa-forca.html#webpage","url":"https:\/\/franciscanos.org.br\/noticias\/papa-jesus-esta-ainda-e-sempre-entre-nos-disso-vem-a-nossa-forca.html","name":"Papa: Jesus est\u00e1 ainda e sempre entre n\u00f3s; disso v\u00eam a nossa for\u00e7a! - Not\u00edcias - Franciscanos","isPartOf":{"@id":"https:\/\/franciscanos.org.br\/noticias\/#website"},"primaryImageOfPage":{"@id":"https:\/\/franciscanos.org.br\/noticias\/papa-jesus-esta-ainda-e-sempre-entre-nos-disso-vem-a-nossa-forca.html#primaryimage"},"datePublished":"2020-05-24T10:47:29+00:00","dateModified":"2021-08-29T14:24:20+00:00","author":{"@id":"https:\/\/franciscanos.org.br\/noticias\/#\/schema\/person\/b5c8cba458c330ccff548b056e95a5d4"},"breadcrumb":{"@id":"https:\/\/franciscanos.org.br\/noticias\/papa-jesus-esta-ainda-e-sempre-entre-nos-disso-vem-a-nossa-forca.html#breadcrumb"},"inLanguage":"pt-BR","potentialAction":[{"@type":"ReadAction","target":["https:\/\/franciscanos.org.br\/noticias\/papa-jesus-esta-ainda-e-sempre-entre-nos-disso-vem-a-nossa-forca.html"]}]},{"@type":"BreadcrumbList","@id":"https:\/\/franciscanos.org.br\/noticias\/papa-jesus-esta-ainda-e-sempre-entre-nos-disso-vem-a-nossa-forca.html#breadcrumb","itemListElement":[{"@type":"ListItem","position":1,"name":"Home","item":"https:\/\/franciscanos.org.br\/noticias"},{"@type":"ListItem","position":2,"name":"Papa: Jesus est\u00e1 ainda e sempre entre n\u00f3s; disso v\u00eam a nossa for\u00e7a!"}]},{"@type":"Person","@id":"https:\/\/franciscanos.org.br\/noticias\/#\/schema\/person\/b5c8cba458c330ccff548b056e95a5d4","name":"moacir","image":{"@type":"ImageObject","inLanguage":"pt-BR","@id":"https:\/\/franciscanos.org.br\/noticias\/#\/schema\/person\/image\/","url":"https:\/\/secure.gravatar.com\/avatar\/d08aa2ce4c8dd416d4479aa8536fcf64?s=96&d=mm&r=g","contentUrl":"https:\/\/secure.gravatar.com\/avatar\/d08aa2ce4c8dd416d4479aa8536fcf64?s=96&d=mm&r=g","caption":"moacir"},"url":"https:\/\/franciscanos.org.br\/noticias\/author\/moacir"}]}},"_links":{"self":[{"href":"https:\/\/franciscanos.org.br\/noticias\/wp-json\/wp\/v2\/posts\/223958"}],"collection":[{"href":"https:\/\/franciscanos.org.br\/noticias\/wp-json\/wp\/v2\/posts"}],"about":[{"href":"https:\/\/franciscanos.org.br\/noticias\/wp-json\/wp\/v2\/types\/post"}],"author":[{"embeddable":true,"href":"https:\/\/franciscanos.org.br\/noticias\/wp-json\/wp\/v2\/users\/3"}],"replies":[{"embeddable":true,"href":"https:\/\/franciscanos.org.br\/noticias\/wp-json\/wp\/v2\/comments?post=223958"}],"version-history":[{"count":4,"href":"https:\/\/franciscanos.org.br\/noticias\/wp-json\/wp\/v2\/posts\/223958\/revisions"}],"predecessor-version":[{"id":233996,"href":"https:\/\/franciscanos.org.br\/noticias\/wp-json\/wp\/v2\/posts\/223958\/revisions\/233996"}],"wp:featuredmedia":[{"embeddable":true,"href":"https:\/\/franciscanos.org.br\/noticias\/wp-json\/wp\/v2\/media\/223960"}],"wp:attachment":[{"href":"https:\/\/franciscanos.org.br\/noticias\/wp-json\/wp\/v2\/media?parent=223958"}],"wp:term":[{"taxonomy":"category","embeddable":true,"href":"https:\/\/franciscanos.org.br\/noticias\/wp-json\/wp\/v2\/categories?post=223958"},{"taxonomy":"post_tag","embeddable":true,"href":"https:\/\/franciscanos.org.br\/noticias\/wp-json\/wp\/v2\/tags?post=223958"}],"curies":[{"name":"wp","href":"https:\/\/api.w.org\/{rel}","templated":true}]}}