{"id":223931,"date":"2020-05-18T14:17:28","date_gmt":"2020-05-18T17:17:28","guid":{"rendered":"https:\/\/franciscanos.org.br\/noticias\/?p=223931"},"modified":"2020-05-18T14:21:15","modified_gmt":"2020-05-18T17:21:15","slug":"em-lages-mutirao-ajuda-mais-de-200-a-pessoas-no-auxilio-emergencial","status":"publish","type":"post","link":"https:\/\/franciscanos.org.br\/noticias\/em-lages-mutirao-ajuda-mais-de-200-a-pessoas-no-auxilio-emergencial.html","title":{"rendered":"Em Lages, mutir\u00e3o ajuda mais de 200 pessoas a receber o Aux\u00edlio Emergencial"},"content":{"rendered":"<p><img loading=\"lazy\" class=\"alignnone wp-image-223932 size-full\" src=\"https:\/\/franciscanos.org.br\/noticias\/wp-content\/uploads\/2020\/05\/lages_1805.jpg\" alt=\"\" width=\"1280\" height=\"720\" srcset=\"https:\/\/franciscanos.org.br\/noticias\/wp-content\/uploads\/2020\/05\/lages_1805.jpg 1280w, https:\/\/franciscanos.org.br\/noticias\/wp-content\/uploads\/2020\/05\/lages_1805-450x253.jpg 450w, https:\/\/franciscanos.org.br\/noticias\/wp-content\/uploads\/2020\/05\/lages_1805-1024x576.jpg 1024w, https:\/\/franciscanos.org.br\/noticias\/wp-content\/uploads\/2020\/05\/lages_1805-768x432.jpg 768w, https:\/\/franciscanos.org.br\/noticias\/wp-content\/uploads\/2020\/05\/lages_1805-150x84.jpg 150w\" sizes=\"(max-width: 1280px) 100vw, 1280px\" \/><\/p>\n<p>O grupo de jovens da Par\u00f3quia Nossa Senhora Aparecida, conhecida como Par\u00f3quia do Navio, em Lages, promoveu no \u00faltimo s\u00e1bado (16), o Mutir\u00e3o do Aux\u00edlio Emergencial, que atendeu mais de 200 pessoas durante as tr\u00eas horas de a\u00e7\u00e3o. Cerca de 15 jovens tiraram d\u00favidas, fizeram cadastros e ajudaram nos encaminhamentos para ter esse benef\u00edcio.<\/p>\n<p>Al\u00e9m do aplicativo do banco p\u00fablico para o aux\u00edlio, os jovens viabilizaram o acesso ao aplicativo &#8220;Caixa Tem&#8221;, para os que optaram sacar o aux\u00edlio por meio da conta digital. Ao chegar no local, as pessoas eram recebidas obecendo as normas de higiene e preven\u00e7\u00e3o ao novo coronav\u00edrus: uso de m\u00e1scara, higieniza\u00e7\u00e3o com \u00e1lcool 70% e a demarca\u00e7\u00e3o na fila com distanciamento de dois metros.<\/p>\n<p>A coordena\u00e7\u00e3o do grupo informou que, conforme planejado, muitas pessoas n\u00e3o chegaram nem \u00e0s mesas, sendo atendidas na fila. Orienta\u00e7\u00f5es, consulta de situa\u00e7\u00e3o do aux\u00edlio e informa\u00e7\u00f5es sobre documenta\u00e7\u00e3o foram solucionadas logo na chegada. Dessa forma, n\u00e3o houve aglomera\u00e7\u00e3o no local e o tempo m\u00e1ximo de quem permanecia na fila foi de cinco minutos.<\/p>\n<p><img loading=\"lazy\" class=\"alignnone size-full wp-image-223934\" src=\"https:\/\/franciscanos.org.br\/noticias\/wp-content\/uploads\/2020\/05\/lages_1805_1.jpg\" alt=\"\" width=\"1280\" height=\"720\" srcset=\"https:\/\/franciscanos.org.br\/noticias\/wp-content\/uploads\/2020\/05\/lages_1805_1.jpg 1280w, https:\/\/franciscanos.org.br\/noticias\/wp-content\/uploads\/2020\/05\/lages_1805_1-450x253.jpg 450w, https:\/\/franciscanos.org.br\/noticias\/wp-content\/uploads\/2020\/05\/lages_1805_1-1024x576.jpg 1024w, https:\/\/franciscanos.org.br\/noticias\/wp-content\/uploads\/2020\/05\/lages_1805_1-768x432.jpg 768w, https:\/\/franciscanos.org.br\/noticias\/wp-content\/uploads\/2020\/05\/lages_1805_1-150x84.jpg 150w\" sizes=\"(max-width: 1280px) 100vw, 1280px\" \/><\/p>\n<p>Um dos problemas destacados pelos volunt\u00e1rios e pelas pessoas que recorriam \u00e0 a\u00e7\u00e3o foi a falta de informa\u00e7\u00e3o para solicita\u00e7\u00e3o do benef\u00edcio e tamb\u00e9m do saque. Era comum, segundo os volunt\u00e1rios, que pessoas com cadastro ativo no Cad\u00danico ou que recebem o Bolsa Fam\u00edlia, relatarem n\u00e3o possuir informa\u00e7\u00e3o sobre o direito de receber ou n\u00e3o o pagamento dos R$ 600.<\/p>\n<p>A pr\u00f3xima a\u00e7\u00e3o est\u00e1 sendo planejada pelo grupo para o \u00faltimo s\u00e1bado do m\u00eas (30). A Fraternidade deve realizar um novo mutir\u00e3o, atendendo ao pedido da pr\u00f3pria comunidade e tamb\u00e9m das localidades do interior, que est\u00e3o programando a vinda para a cidade em raz\u00e3o do aux\u00edlio.<\/p>\n<hr \/>\n<p><em>Texto e fotos do Grupo de Jovens<\/em><\/p>\n","protected":false},"excerpt":{"rendered":"<p>Par\u00f3quia do Navio de Lages<\/p>\n","protected":false},"author":3,"featured_media":223933,"comment_status":"open","ping_status":"open","sticky":false,"template":"","format":"standard","meta":[],"categories":[1488,1],"tags":[1603],"acf":[],"yoast_head":"<!-- This site is optimized with the Yoast SEO plugin v19.2 - https:\/\/yoast.com\/wordpress\/plugins\/seo\/ -->\n<title>Em Lages, mutir\u00e3o ajuda mais de 200 pessoas a receber o Aux\u00edlio Emergencial - Not\u00edcias - Franciscanos<\/title>\n<meta name=\"robots\" content=\"index, follow, max-snippet:-1, max-image-preview:large, max-video-preview:-1\" \/>\n<link rel=\"canonical\" href=\"https:\/\/franciscanos.org.br\/noticias\/em-lages-mutirao-ajuda-mais-de-200-a-pessoas-no-auxilio-emergencial.html\" \/>\n<meta property=\"og:locale\" content=\"pt_BR\" \/>\n<meta property=\"og:type\" content=\"article\" \/>\n<meta property=\"og:title\" content=\"Em Lages, mutir\u00e3o ajuda mais de 200 pessoas a receber o Aux\u00edlio Emergencial - Not\u00edcias - Franciscanos\" \/>\n<meta property=\"og:description\" content=\"Par\u00f3quia do Navio de Lages\" \/>\n<meta property=\"og:url\" content=\"https:\/\/franciscanos.org.br\/noticias\/em-lages-mutirao-ajuda-mais-de-200-a-pessoas-no-auxilio-emergencial.html\" \/>\n<meta property=\"og:site_name\" content=\"Not\u00edcias - Franciscanos\" \/>\n<meta property=\"article:published_time\" content=\"2020-05-18T17:17:28+00:00\" \/>\n<meta property=\"article:modified_time\" content=\"2020-05-18T17:21:15+00:00\" \/>\n<meta property=\"og:image\" content=\"https:\/\/franciscanos.org.br\/noticias\/wp-content\/uploads\/2020\/05\/lages_1805d.jpg\" \/>\n\t<meta property=\"og:image:width\" content=\"800\" \/>\n\t<meta property=\"og:image:height\" content=\"600\" \/>\n\t<meta property=\"og:image:type\" content=\"image\/jpeg\" \/>\n<meta name=\"author\" content=\"moacir\" \/>\n<meta name=\"twitter:card\" content=\"summary_large_image\" \/>\n<meta name=\"twitter:label1\" content=\"Escrito por\" \/>\n\t<meta name=\"twitter:data1\" content=\"moacir\" \/>\n\t<meta name=\"twitter:label2\" content=\"Est. tempo de leitura\" \/>\n\t<meta name=\"twitter:data2\" content=\"2 minutos\" \/>\n<script type=\"application\/ld+json\" class=\"yoast-schema-graph\">{\"@context\":\"https:\/\/schema.org\",\"@graph\":[{\"@type\":\"WebSite\",\"@id\":\"https:\/\/franciscanos.org.br\/noticias\/#website\",\"url\":\"https:\/\/franciscanos.org.br\/noticias\/\",\"name\":\"Not\u00edcias - Franciscanos\",\"description\":\"Prov\u00edncia Franciscana da Imaculada Concei\u00e7\u00e3o do Brasil - Ordem dos Frades Menores - OFM\",\"potentialAction\":[{\"@type\":\"SearchAction\",\"target\":{\"@type\":\"EntryPoint\",\"urlTemplate\":\"https:\/\/franciscanos.org.br\/noticias\/?s={search_term_string}\"},\"query-input\":\"required name=search_term_string\"}],\"inLanguage\":\"pt-BR\"},{\"@type\":\"ImageObject\",\"inLanguage\":\"pt-BR\",\"@id\":\"https:\/\/franciscanos.org.br\/noticias\/em-lages-mutirao-ajuda-mais-de-200-a-pessoas-no-auxilio-emergencial.html#primaryimage\",\"url\":\"https:\/\/franciscanos.org.br\/noticias\/wp-content\/uploads\/2020\/05\/lages_1805d.jpg\",\"contentUrl\":\"https:\/\/franciscanos.org.br\/noticias\/wp-content\/uploads\/2020\/05\/lages_1805d.jpg\",\"width\":800,\"height\":600},{\"@type\":\"WebPage\",\"@id\":\"https:\/\/franciscanos.org.br\/noticias\/em-lages-mutirao-ajuda-mais-de-200-a-pessoas-no-auxilio-emergencial.html#webpage\",\"url\":\"https:\/\/franciscanos.org.br\/noticias\/em-lages-mutirao-ajuda-mais-de-200-a-pessoas-no-auxilio-emergencial.html\",\"name\":\"Em Lages, mutir\u00e3o ajuda mais de 200 pessoas a receber o Aux\u00edlio Emergencial - Not\u00edcias - Franciscanos\",\"isPartOf\":{\"@id\":\"https:\/\/franciscanos.org.br\/noticias\/#website\"},\"primaryImageOfPage\":{\"@id\":\"https:\/\/franciscanos.org.br\/noticias\/em-lages-mutirao-ajuda-mais-de-200-a-pessoas-no-auxilio-emergencial.html#primaryimage\"},\"datePublished\":\"2020-05-18T17:17:28+00:00\",\"dateModified\":\"2020-05-18T17:21:15+00:00\",\"author\":{\"@id\":\"https:\/\/franciscanos.org.br\/noticias\/#\/schema\/person\/b5c8cba458c330ccff548b056e95a5d4\"},\"breadcrumb\":{\"@id\":\"https:\/\/franciscanos.org.br\/noticias\/em-lages-mutirao-ajuda-mais-de-200-a-pessoas-no-auxilio-emergencial.html#breadcrumb\"},\"inLanguage\":\"pt-BR\",\"potentialAction\":[{\"@type\":\"ReadAction\",\"target\":[\"https:\/\/franciscanos.org.br\/noticias\/em-lages-mutirao-ajuda-mais-de-200-a-pessoas-no-auxilio-emergencial.html\"]}]},{\"@type\":\"BreadcrumbList\",\"@id\":\"https:\/\/franciscanos.org.br\/noticias\/em-lages-mutirao-ajuda-mais-de-200-a-pessoas-no-auxilio-emergencial.html#breadcrumb\",\"itemListElement\":[{\"@type\":\"ListItem\",\"position\":1,\"name\":\"Home\",\"item\":\"https:\/\/franciscanos.org.br\/noticias\"},{\"@type\":\"ListItem\",\"position\":2,\"name\":\"Em Lages, mutir\u00e3o ajuda mais de 200 pessoas a receber o Aux\u00edlio Emergencial\"}]},{\"@type\":\"Person\",\"@id\":\"https:\/\/franciscanos.org.br\/noticias\/#\/schema\/person\/b5c8cba458c330ccff548b056e95a5d4\",\"name\":\"moacir\",\"image\":{\"@type\":\"ImageObject\",\"inLanguage\":\"pt-BR\",\"@id\":\"https:\/\/franciscanos.org.br\/noticias\/#\/schema\/person\/image\/\",\"url\":\"https:\/\/secure.gravatar.com\/avatar\/d08aa2ce4c8dd416d4479aa8536fcf64?s=96&d=mm&r=g\",\"contentUrl\":\"https:\/\/secure.gravatar.com\/avatar\/d08aa2ce4c8dd416d4479aa8536fcf64?s=96&d=mm&r=g\",\"caption\":\"moacir\"},\"url\":\"https:\/\/franciscanos.org.br\/noticias\/author\/moacir\"}]}<\/script>\n<!-- \/ Yoast SEO plugin. -->","yoast_head_json":{"title":"Em Lages, mutir\u00e3o ajuda mais de 200 pessoas a receber o Aux\u00edlio Emergencial - Not\u00edcias - Franciscanos","robots":{"index":"index","follow":"follow","max-snippet":"max-snippet:-1","max-image-preview":"max-image-preview:large","max-video-preview":"max-video-preview:-1"},"canonical":"https:\/\/franciscanos.org.br\/noticias\/em-lages-mutirao-ajuda-mais-de-200-a-pessoas-no-auxilio-emergencial.html","og_locale":"pt_BR","og_type":"article","og_title":"Em Lages, mutir\u00e3o ajuda mais de 200 pessoas a receber o Aux\u00edlio Emergencial - Not\u00edcias - Franciscanos","og_description":"Par\u00f3quia do Navio de Lages","og_url":"https:\/\/franciscanos.org.br\/noticias\/em-lages-mutirao-ajuda-mais-de-200-a-pessoas-no-auxilio-emergencial.html","og_site_name":"Not\u00edcias - Franciscanos","article_published_time":"2020-05-18T17:17:28+00:00","article_modified_time":"2020-05-18T17:21:15+00:00","og_image":[{"width":800,"height":600,"url":"https:\/\/franciscanos.org.br\/noticias\/wp-content\/uploads\/2020\/05\/lages_1805d.jpg","type":"image\/jpeg"}],"author":"moacir","twitter_card":"summary_large_image","twitter_misc":{"Escrito por":"moacir","Est. tempo de leitura":"2 minutos"},"schema":{"@context":"https:\/\/schema.org","@graph":[{"@type":"WebSite","@id":"https:\/\/franciscanos.org.br\/noticias\/#website","url":"https:\/\/franciscanos.org.br\/noticias\/","name":"Not\u00edcias - Franciscanos","description":"Prov\u00edncia Franciscana da Imaculada Concei\u00e7\u00e3o do Brasil - Ordem dos Frades Menores - OFM","potentialAction":[{"@type":"SearchAction","target":{"@type":"EntryPoint","urlTemplate":"https:\/\/franciscanos.org.br\/noticias\/?s={search_term_string}"},"query-input":"required name=search_term_string"}],"inLanguage":"pt-BR"},{"@type":"ImageObject","inLanguage":"pt-BR","@id":"https:\/\/franciscanos.org.br\/noticias\/em-lages-mutirao-ajuda-mais-de-200-a-pessoas-no-auxilio-emergencial.html#primaryimage","url":"https:\/\/franciscanos.org.br\/noticias\/wp-content\/uploads\/2020\/05\/lages_1805d.jpg","contentUrl":"https:\/\/franciscanos.org.br\/noticias\/wp-content\/uploads\/2020\/05\/lages_1805d.jpg","width":800,"height":600},{"@type":"WebPage","@id":"https:\/\/franciscanos.org.br\/noticias\/em-lages-mutirao-ajuda-mais-de-200-a-pessoas-no-auxilio-emergencial.html#webpage","url":"https:\/\/franciscanos.org.br\/noticias\/em-lages-mutirao-ajuda-mais-de-200-a-pessoas-no-auxilio-emergencial.html","name":"Em Lages, mutir\u00e3o ajuda mais de 200 pessoas a receber o Aux\u00edlio Emergencial - Not\u00edcias - Franciscanos","isPartOf":{"@id":"https:\/\/franciscanos.org.br\/noticias\/#website"},"primaryImageOfPage":{"@id":"https:\/\/franciscanos.org.br\/noticias\/em-lages-mutirao-ajuda-mais-de-200-a-pessoas-no-auxilio-emergencial.html#primaryimage"},"datePublished":"2020-05-18T17:17:28+00:00","dateModified":"2020-05-18T17:21:15+00:00","author":{"@id":"https:\/\/franciscanos.org.br\/noticias\/#\/schema\/person\/b5c8cba458c330ccff548b056e95a5d4"},"breadcrumb":{"@id":"https:\/\/franciscanos.org.br\/noticias\/em-lages-mutirao-ajuda-mais-de-200-a-pessoas-no-auxilio-emergencial.html#breadcrumb"},"inLanguage":"pt-BR","potentialAction":[{"@type":"ReadAction","target":["https:\/\/franciscanos.org.br\/noticias\/em-lages-mutirao-ajuda-mais-de-200-a-pessoas-no-auxilio-emergencial.html"]}]},{"@type":"BreadcrumbList","@id":"https:\/\/franciscanos.org.br\/noticias\/em-lages-mutirao-ajuda-mais-de-200-a-pessoas-no-auxilio-emergencial.html#breadcrumb","itemListElement":[{"@type":"ListItem","position":1,"name":"Home","item":"https:\/\/franciscanos.org.br\/noticias"},{"@type":"ListItem","position":2,"name":"Em Lages, mutir\u00e3o ajuda mais de 200 pessoas a receber o Aux\u00edlio Emergencial"}]},{"@type":"Person","@id":"https:\/\/franciscanos.org.br\/noticias\/#\/schema\/person\/b5c8cba458c330ccff548b056e95a5d4","name":"moacir","image":{"@type":"ImageObject","inLanguage":"pt-BR","@id":"https:\/\/franciscanos.org.br\/noticias\/#\/schema\/person\/image\/","url":"https:\/\/secure.gravatar.com\/avatar\/d08aa2ce4c8dd416d4479aa8536fcf64?s=96&d=mm&r=g","contentUrl":"https:\/\/secure.gravatar.com\/avatar\/d08aa2ce4c8dd416d4479aa8536fcf64?s=96&d=mm&r=g","caption":"moacir"},"url":"https:\/\/franciscanos.org.br\/noticias\/author\/moacir"}]}},"_links":{"self":[{"href":"https:\/\/franciscanos.org.br\/noticias\/wp-json\/wp\/v2\/posts\/223931"}],"collection":[{"href":"https:\/\/franciscanos.org.br\/noticias\/wp-json\/wp\/v2\/posts"}],"about":[{"href":"https:\/\/franciscanos.org.br\/noticias\/wp-json\/wp\/v2\/types\/post"}],"author":[{"embeddable":true,"href":"https:\/\/franciscanos.org.br\/noticias\/wp-json\/wp\/v2\/users\/3"}],"replies":[{"embeddable":true,"href":"https:\/\/franciscanos.org.br\/noticias\/wp-json\/wp\/v2\/comments?post=223931"}],"version-history":[{"count":4,"href":"https:\/\/franciscanos.org.br\/noticias\/wp-json\/wp\/v2\/posts\/223931\/revisions"}],"predecessor-version":[{"id":223938,"href":"https:\/\/franciscanos.org.br\/noticias\/wp-json\/wp\/v2\/posts\/223931\/revisions\/223938"}],"wp:featuredmedia":[{"embeddable":true,"href":"https:\/\/franciscanos.org.br\/noticias\/wp-json\/wp\/v2\/media\/223933"}],"wp:attachment":[{"href":"https:\/\/franciscanos.org.br\/noticias\/wp-json\/wp\/v2\/media?parent=223931"}],"wp:term":[{"taxonomy":"category","embeddable":true,"href":"https:\/\/franciscanos.org.br\/noticias\/wp-json\/wp\/v2\/categories?post=223931"},{"taxonomy":"post_tag","embeddable":true,"href":"https:\/\/franciscanos.org.br\/noticias\/wp-json\/wp\/v2\/tags?post=223931"}],"curies":[{"name":"wp","href":"https:\/\/api.w.org\/{rel}","templated":true}]}}