{"id":223893,"date":"2020-05-17T08:45:56","date_gmt":"2020-05-17T11:45:56","guid":{"rendered":"https:\/\/franciscanos.org.br\/noticias\/?p=223893"},"modified":"2020-06-05T11:38:57","modified_gmt":"2020-06-05T14:38:57","slug":"regina-coeli-o-espirito-santo-ilumina-e-sustenta-nossos-passos","status":"publish","type":"post","link":"https:\/\/franciscanos.org.br\/noticias\/regina-coeli-o-espirito-santo-ilumina-e-sustenta-nossos-passos.html","title":{"rendered":"Regina Coeli: o Esp\u00edrito Santo ilumina e sustenta nossos passos"},"content":{"rendered":"<p><img loading=\"lazy\" class=\"alignnone size-full wp-image-223894\" src=\"https:\/\/franciscanos.org.br\/noticias\/wp-content\/uploads\/2020\/05\/regina_1705.jpg\" alt=\"\" width=\"1280\" height=\"720\" srcset=\"https:\/\/franciscanos.org.br\/noticias\/wp-content\/uploads\/2020\/05\/regina_1705.jpg 1280w, https:\/\/franciscanos.org.br\/noticias\/wp-content\/uploads\/2020\/05\/regina_1705-450x253.jpg 450w, https:\/\/franciscanos.org.br\/noticias\/wp-content\/uploads\/2020\/05\/regina_1705-1024x576.jpg 1024w, https:\/\/franciscanos.org.br\/noticias\/wp-content\/uploads\/2020\/05\/regina_1705-768x432.jpg 768w, https:\/\/franciscanos.org.br\/noticias\/wp-content\/uploads\/2020\/05\/regina_1705-150x84.jpg 150w\" sizes=\"(max-width: 1280px) 100vw, 1280px\" \/><\/p>\n<p><strong>Cidade do Vaticano<\/strong> &#8211; \u00c9 o sexto domingo da P\u00e1scoa, o Evangelho de Jo\u00e3o fala no cap\u00edtulo 14, 15-21 do amor de Deus. \u00c9 um amor &#8220;gratuito&#8221; que Jesus quer que s torne tamb\u00e9m a &#8220;forma concreta de vida entre n\u00f3s&#8221;, um amor que d\u00e1 &#8220;ao cora\u00e7\u00e3o do crist\u00e3o&#8221; o Esp\u00edrito Santo, para que Ele nos ajude a cumprir a Sua vontade.<\/p>\n<p>Aqui est\u00e3o as duas mensagens fundamentais que a liturgia de hoje cont\u00e9m: &#8220;a observ\u00e2ncia dos mandamentos e a promessa do Esp\u00edrito Santo&#8221;. O Papa Francisco colocou-as no centro da reflex\u00e3o que precedeu a recita\u00e7\u00e3o da ora\u00e7\u00e3o do <em>Regina Coeli,<\/em> tamb\u00e9m neste domingo, na Biblioteca do Pal\u00e1cio Apost\u00f3lico:<\/p>\n<p>Jesus nos pede para am\u00e1-lo, mas explica: esse amor n\u00e3o termina num desejo por Ele, ou num sentimento, n\u00e3o, requer a disponibilidade para seguir Seu caminho, ou seja, a vontade do Pai. E isto se resume no mandamento do amor rec\u00edproco, dado pelo pr\u00f3prio Jesus: &#8220;Como eu vos amei, assim tamb\u00e9m vos ameis uns aos outros&#8221; (Jo 13:34). Ele n\u00e3o disse: &#8220;Amai-me como eu vos amei&#8221;, mas &#8220;amai-vos uns aos outros como eu vos amei&#8221;. Ele nos ama sem nos pedir nada em troca, e quer que esse seu amor gratuito se torne a forma concreta da vida entre n\u00f3s: essa \u00e9 a sua vontade.<\/p>\n<p><strong>O Esp\u00edrito Santo nos ajuda a permanecer no caminho de Jesus<\/strong><br \/>\n&#8220;Se me amardes, guardareis os meus mandamentos; e eu rezarei ao Pai e Ele vos dar\u00e1 outro Par\u00e1clito&#8221;: nas palavras de Jo\u00e3o, h\u00e1 a promessa que Jesus faz, na sua despedida, aos disc\u00edpulos para ajud\u00e1-los a caminhar na estrada do amor: promete n\u00e3o deix\u00e1-los sozinhos e enviar em Seu lugar um &#8220;Consolador&#8221;, um &#8220;Defensor&#8221; que infunde neles &#8220;intelig\u00eancia para escutar&#8221; e &#8220;coragem para observar Suas palavras&#8221;. Este dom, que desce ao cora\u00e7\u00e3o dos crist\u00e3os batizados, \u00e9 o Esp\u00edrito Santo:<\/p>\n<p>O pr\u00f3prio Esp\u00edrito os guia, os ilumina, os fortalece, para que cada um caminhe na vida, mesmo atrav\u00e9s das adversidades e dificuldades, nas alegrias e tristezas, permanecendo na estrada de Jesus. Isto \u00e9 poss\u00edvel precisamente permanecendo d\u00f3ceis ao Esp\u00edrito Santo, para que, atrav\u00e9s de Sua presen\u00e7a operante, Ele possa n\u00e3o s\u00f3 consolar, mas transformar os cora\u00e7\u00f5es, abrindo-os \u00e0 verdade e ao amor.<\/p>\n<p><strong>A Palavra de Deus \u00e9 vida<\/strong><br \/>\nO Esp\u00edrito Santo que consola, que transforma, que &#8220;nos ajuda a n\u00e3o sucumbir&#8221; diante da experi\u00eancia do erro e do pecado que &#8220;todos n\u00f3s fazemos&#8221;, que nos faz &#8220;viver plenamente&#8221; a Palavra de Deus que \u00e9 &#8220;luz para os nossos passos&#8221; e &#8220;vida&#8221;:<\/p>\n<p>A Palavra de Deus nos \u00e9 dada como a Palavra de vida, que transforma, que renova, que n\u00e3o julga para condenar, mas cura e tem como finalidade o perd\u00e3o. Uma Palavra que \u00e9 luz para os nossos passos. E tudo isso \u00e9 obra do Esp\u00edrito Santo! Ele \u00e9 o Dom de Deus, \u00e9 o pr\u00f3prio Deus, que nos ajuda a sermos pessoas livres, pessoas que querem e sabem amar, pessoas que compreenderam que a vida \u00e9 uma miss\u00e3o para proclamar as maravilhas que o Senhor realiza naqueles que confiam n\u2019Ele.<\/p>\n<p>A entrega final do Papa \u00e9 \u00e0 Virgem Maria, &#8220;modelo da Igreja que sabe escutar a Palavra de Deus e acolher o dom do Esp\u00edrito Santo&#8221;: para que ela nos ajude, pede Francisco, a viver com alegria o Evangelho, sabendo que o Esp\u00edrito Santo nos sustenta e nos guia.<\/p>\n<hr \/>\n<h3><img loading=\"lazy\" class=\"alignnone wp-image-223896 size-full\" src=\"https:\/\/franciscanos.org.br\/noticias\/wp-content\/uploads\/2020\/05\/regina_1705_1.jpg\" alt=\"\" width=\"1280\" height=\"720\" srcset=\"https:\/\/franciscanos.org.br\/noticias\/wp-content\/uploads\/2020\/05\/regina_1705_1.jpg 1280w, https:\/\/franciscanos.org.br\/noticias\/wp-content\/uploads\/2020\/05\/regina_1705_1-450x253.jpg 450w, https:\/\/franciscanos.org.br\/noticias\/wp-content\/uploads\/2020\/05\/regina_1705_1-1024x576.jpg 1024w, https:\/\/franciscanos.org.br\/noticias\/wp-content\/uploads\/2020\/05\/regina_1705_1-768x432.jpg 768w, https:\/\/franciscanos.org.br\/noticias\/wp-content\/uploads\/2020\/05\/regina_1705_1-150x84.jpg 150w\" sizes=\"(max-width: 1280px) 100vw, 1280px\" \/><\/h3>\n<h3>Francisco celebra a Missa no centen\u00e1rio do nascimento de S\u00e3o Jo\u00e3o Paulo II<\/h3>\n<p>\u201cAmanh\u00e3 de manh\u00e3, \u00e0s 7 da manh\u00e3, celebrarei a Santa Missa, que ser\u00e1 transmitida para todo o mundo, no altar onde repousam seus restos mortais. Do C\u00e9u ele continua a interceder pelo Povo de Deus e pela paz no mundo\u201d.<\/p>\n<p>Em alguns pa\u00edses as celebra\u00e7\u00f5es lit\u00fargicas com os fi\u00e9is foram retomadas; em outros a possibilidade est\u00e1 sendo considerada; na It\u00e1lia, a partir desta segunda-feira a missa ser\u00e1 celebrada com o povo. Mas, por favor, &#8211; disse o Papa continuemos com as normas, as prescri\u00e7\u00f5es que nos d\u00e3o para proteger assim a sa\u00fade de cada um e do povo.<\/p>\n<p>O Santo Padre recordou ainda que no m\u00eas de maio, \u00e9 tradi\u00e7\u00e3o em muitas par\u00f3quias celebrar as Missas da Primeira Comunh\u00e3o. Claramente, por causa da pandemia, este belo momento de f\u00e9 e celebra\u00e7\u00e3o foi adiado. Francisco ent\u00e3o enviou um pensamento afetuoso aos meninos e meninas que deveriam ter recebido a Eucaristia pela primeira vez.<\/p>\n<p>\u201cCar\u00edssimos, convido voc\u00eas a viverem este tempo de espera como uma oportunidade para se prepararem melhor: rezando, lendo o livro de catecismo para aprofundar o conhecimento de Jesus, crescer na bondade e no servi\u00e7o aos outros. Bom caminho\u201d.<\/p>\n<p>Francisco recordou ainda que teve in\u00edcio a semana da <em>Laudato Si&#8217;<\/em>, que terminar\u00e1 no pr\u00f3ximo domingo, que comemora o quinto anivers\u00e1rio da publica\u00e7\u00e3o da Enc\u00edclica.<\/p>\n<p>Nestes tempos de pandemia em que estamos mais conscientes da import\u00e2ncia do cuidado da nossa casa comum, fa\u00e7o votos de que toda a nossa reflex\u00e3o e compromisso comuns ajudem a criar e fortalecer atitudes construtivas para o cuidado da Cria\u00e7\u00e3o.<\/p>\n<p>Antes de se despedir de todos os fi\u00e9is Francisco assomou a janela do apartamento pontif\u00edcio para aben\u00e7oar mais uma vez os fi\u00e9is de Roma e do mundo inteiro <strong>(foto acima).<\/strong><\/p>\n<p><em>Fonte: Vatican News<\/em><\/p>\n<p><a href=\"https:\/\/app.payplace.com.br\/pvf\/produtos\/todos\" target=\"_blank\" rel=\"noopener noreferrer\"><img loading=\"lazy\" class=\"alignnone wp-image-223849 size-full\" src=\"https:\/\/franciscanos.org.br\/noticias\/wp-content\/uploads\/2020\/05\/A-MISSAO-NAO-PODE-PARAR-1280x150-1.png\" alt=\"\" width=\"1280\" height=\"150\" srcset=\"https:\/\/franciscanos.org.br\/noticias\/wp-content\/uploads\/2020\/05\/A-MISSAO-NAO-PODE-PARAR-1280x150-1.png 1280w, https:\/\/franciscanos.org.br\/noticias\/wp-content\/uploads\/2020\/05\/A-MISSAO-NAO-PODE-PARAR-1280x150-1-450x53.png 450w, https:\/\/franciscanos.org.br\/noticias\/wp-content\/uploads\/2020\/05\/A-MISSAO-NAO-PODE-PARAR-1280x150-1-1024x120.png 1024w, https:\/\/franciscanos.org.br\/noticias\/wp-content\/uploads\/2020\/05\/A-MISSAO-NAO-PODE-PARAR-1280x150-1-768x90.png 768w, https:\/\/franciscanos.org.br\/noticias\/wp-content\/uploads\/2020\/05\/A-MISSAO-NAO-PODE-PARAR-1280x150-1-150x18.png 150w\" sizes=\"(max-width: 1280px) 100vw, 1280px\" \/><\/a><\/p>\n","protected":false},"excerpt":{"rendered":"<p>Regina Coeli<\/p>\n","protected":false},"author":3,"featured_media":223895,"comment_status":"open","ping_status":"open","sticky":false,"template":"","format":"standard","meta":[],"categories":[1428],"tags":[564],"acf":[],"yoast_head":"<!-- This site is optimized with the Yoast SEO plugin v19.2 - https:\/\/yoast.com\/wordpress\/plugins\/seo\/ -->\n<title>Regina Coeli: o Esp\u00edrito Santo ilumina e sustenta nossos passos - Not\u00edcias - Franciscanos<\/title>\n<meta name=\"robots\" content=\"index, follow, max-snippet:-1, max-image-preview:large, max-video-preview:-1\" \/>\n<link rel=\"canonical\" href=\"https:\/\/franciscanos.org.br\/noticias\/regina-coeli-o-espirito-santo-ilumina-e-sustenta-nossos-passos.html\" \/>\n<meta property=\"og:locale\" content=\"pt_BR\" \/>\n<meta property=\"og:type\" content=\"article\" \/>\n<meta property=\"og:title\" content=\"Regina Coeli: o Esp\u00edrito Santo ilumina e sustenta nossos passos - Not\u00edcias - Franciscanos\" \/>\n<meta property=\"og:description\" content=\"Regina Coeli\" \/>\n<meta property=\"og:url\" content=\"https:\/\/franciscanos.org.br\/noticias\/regina-coeli-o-espirito-santo-ilumina-e-sustenta-nossos-passos.html\" \/>\n<meta property=\"og:site_name\" content=\"Not\u00edcias - Franciscanos\" \/>\n<meta property=\"article:published_time\" content=\"2020-05-17T11:45:56+00:00\" \/>\n<meta property=\"article:modified_time\" content=\"2020-06-05T14:38:57+00:00\" \/>\n<meta property=\"og:image\" content=\"https:\/\/franciscanos.org.br\/noticias\/wp-content\/uploads\/2020\/05\/regina_1705d.jpg\" \/>\n\t<meta property=\"og:image:width\" content=\"800\" \/>\n\t<meta property=\"og:image:height\" content=\"600\" \/>\n\t<meta property=\"og:image:type\" content=\"image\/jpeg\" \/>\n<meta name=\"author\" content=\"moacir\" \/>\n<meta name=\"twitter:card\" content=\"summary_large_image\" \/>\n<meta name=\"twitter:label1\" content=\"Escrito por\" \/>\n\t<meta name=\"twitter:data1\" content=\"moacir\" \/>\n\t<meta name=\"twitter:label2\" content=\"Est. tempo de leitura\" \/>\n\t<meta name=\"twitter:data2\" content=\"5 minutos\" \/>\n<script type=\"application\/ld+json\" class=\"yoast-schema-graph\">{\"@context\":\"https:\/\/schema.org\",\"@graph\":[{\"@type\":\"WebSite\",\"@id\":\"https:\/\/franciscanos.org.br\/noticias\/#website\",\"url\":\"https:\/\/franciscanos.org.br\/noticias\/\",\"name\":\"Not\u00edcias - Franciscanos\",\"description\":\"Prov\u00edncia Franciscana da Imaculada Concei\u00e7\u00e3o do Brasil - Ordem dos Frades Menores - OFM\",\"potentialAction\":[{\"@type\":\"SearchAction\",\"target\":{\"@type\":\"EntryPoint\",\"urlTemplate\":\"https:\/\/franciscanos.org.br\/noticias\/?s={search_term_string}\"},\"query-input\":\"required name=search_term_string\"}],\"inLanguage\":\"pt-BR\"},{\"@type\":\"ImageObject\",\"inLanguage\":\"pt-BR\",\"@id\":\"https:\/\/franciscanos.org.br\/noticias\/regina-coeli-o-espirito-santo-ilumina-e-sustenta-nossos-passos.html#primaryimage\",\"url\":\"https:\/\/franciscanos.org.br\/noticias\/wp-content\/uploads\/2020\/05\/regina_1705d.jpg\",\"contentUrl\":\"https:\/\/franciscanos.org.br\/noticias\/wp-content\/uploads\/2020\/05\/regina_1705d.jpg\",\"width\":800,\"height\":600},{\"@type\":\"WebPage\",\"@id\":\"https:\/\/franciscanos.org.br\/noticias\/regina-coeli-o-espirito-santo-ilumina-e-sustenta-nossos-passos.html#webpage\",\"url\":\"https:\/\/franciscanos.org.br\/noticias\/regina-coeli-o-espirito-santo-ilumina-e-sustenta-nossos-passos.html\",\"name\":\"Regina Coeli: o Esp\u00edrito Santo ilumina e sustenta nossos passos - Not\u00edcias - Franciscanos\",\"isPartOf\":{\"@id\":\"https:\/\/franciscanos.org.br\/noticias\/#website\"},\"primaryImageOfPage\":{\"@id\":\"https:\/\/franciscanos.org.br\/noticias\/regina-coeli-o-espirito-santo-ilumina-e-sustenta-nossos-passos.html#primaryimage\"},\"datePublished\":\"2020-05-17T11:45:56+00:00\",\"dateModified\":\"2020-06-05T14:38:57+00:00\",\"author\":{\"@id\":\"https:\/\/franciscanos.org.br\/noticias\/#\/schema\/person\/b5c8cba458c330ccff548b056e95a5d4\"},\"breadcrumb\":{\"@id\":\"https:\/\/franciscanos.org.br\/noticias\/regina-coeli-o-espirito-santo-ilumina-e-sustenta-nossos-passos.html#breadcrumb\"},\"inLanguage\":\"pt-BR\",\"potentialAction\":[{\"@type\":\"ReadAction\",\"target\":[\"https:\/\/franciscanos.org.br\/noticias\/regina-coeli-o-espirito-santo-ilumina-e-sustenta-nossos-passos.html\"]}]},{\"@type\":\"BreadcrumbList\",\"@id\":\"https:\/\/franciscanos.org.br\/noticias\/regina-coeli-o-espirito-santo-ilumina-e-sustenta-nossos-passos.html#breadcrumb\",\"itemListElement\":[{\"@type\":\"ListItem\",\"position\":1,\"name\":\"Home\",\"item\":\"https:\/\/franciscanos.org.br\/noticias\"},{\"@type\":\"ListItem\",\"position\":2,\"name\":\"Regina Coeli: o Esp\u00edrito Santo ilumina e sustenta nossos passos\"}]},{\"@type\":\"Person\",\"@id\":\"https:\/\/franciscanos.org.br\/noticias\/#\/schema\/person\/b5c8cba458c330ccff548b056e95a5d4\",\"name\":\"moacir\",\"image\":{\"@type\":\"ImageObject\",\"inLanguage\":\"pt-BR\",\"@id\":\"https:\/\/franciscanos.org.br\/noticias\/#\/schema\/person\/image\/\",\"url\":\"https:\/\/secure.gravatar.com\/avatar\/d08aa2ce4c8dd416d4479aa8536fcf64?s=96&d=mm&r=g\",\"contentUrl\":\"https:\/\/secure.gravatar.com\/avatar\/d08aa2ce4c8dd416d4479aa8536fcf64?s=96&d=mm&r=g\",\"caption\":\"moacir\"},\"url\":\"https:\/\/franciscanos.org.br\/noticias\/author\/moacir\"}]}<\/script>\n<!-- \/ Yoast SEO plugin. -->","yoast_head_json":{"title":"Regina Coeli: o Esp\u00edrito Santo ilumina e sustenta nossos passos - Not\u00edcias - Franciscanos","robots":{"index":"index","follow":"follow","max-snippet":"max-snippet:-1","max-image-preview":"max-image-preview:large","max-video-preview":"max-video-preview:-1"},"canonical":"https:\/\/franciscanos.org.br\/noticias\/regina-coeli-o-espirito-santo-ilumina-e-sustenta-nossos-passos.html","og_locale":"pt_BR","og_type":"article","og_title":"Regina Coeli: o Esp\u00edrito Santo ilumina e sustenta nossos passos - Not\u00edcias - Franciscanos","og_description":"Regina Coeli","og_url":"https:\/\/franciscanos.org.br\/noticias\/regina-coeli-o-espirito-santo-ilumina-e-sustenta-nossos-passos.html","og_site_name":"Not\u00edcias - Franciscanos","article_published_time":"2020-05-17T11:45:56+00:00","article_modified_time":"2020-06-05T14:38:57+00:00","og_image":[{"width":800,"height":600,"url":"https:\/\/franciscanos.org.br\/noticias\/wp-content\/uploads\/2020\/05\/regina_1705d.jpg","type":"image\/jpeg"}],"author":"moacir","twitter_card":"summary_large_image","twitter_misc":{"Escrito por":"moacir","Est. tempo de leitura":"5 minutos"},"schema":{"@context":"https:\/\/schema.org","@graph":[{"@type":"WebSite","@id":"https:\/\/franciscanos.org.br\/noticias\/#website","url":"https:\/\/franciscanos.org.br\/noticias\/","name":"Not\u00edcias - Franciscanos","description":"Prov\u00edncia Franciscana da Imaculada Concei\u00e7\u00e3o do Brasil - Ordem dos Frades Menores - OFM","potentialAction":[{"@type":"SearchAction","target":{"@type":"EntryPoint","urlTemplate":"https:\/\/franciscanos.org.br\/noticias\/?s={search_term_string}"},"query-input":"required name=search_term_string"}],"inLanguage":"pt-BR"},{"@type":"ImageObject","inLanguage":"pt-BR","@id":"https:\/\/franciscanos.org.br\/noticias\/regina-coeli-o-espirito-santo-ilumina-e-sustenta-nossos-passos.html#primaryimage","url":"https:\/\/franciscanos.org.br\/noticias\/wp-content\/uploads\/2020\/05\/regina_1705d.jpg","contentUrl":"https:\/\/franciscanos.org.br\/noticias\/wp-content\/uploads\/2020\/05\/regina_1705d.jpg","width":800,"height":600},{"@type":"WebPage","@id":"https:\/\/franciscanos.org.br\/noticias\/regina-coeli-o-espirito-santo-ilumina-e-sustenta-nossos-passos.html#webpage","url":"https:\/\/franciscanos.org.br\/noticias\/regina-coeli-o-espirito-santo-ilumina-e-sustenta-nossos-passos.html","name":"Regina Coeli: o Esp\u00edrito Santo ilumina e sustenta nossos passos - Not\u00edcias - Franciscanos","isPartOf":{"@id":"https:\/\/franciscanos.org.br\/noticias\/#website"},"primaryImageOfPage":{"@id":"https:\/\/franciscanos.org.br\/noticias\/regina-coeli-o-espirito-santo-ilumina-e-sustenta-nossos-passos.html#primaryimage"},"datePublished":"2020-05-17T11:45:56+00:00","dateModified":"2020-06-05T14:38:57+00:00","author":{"@id":"https:\/\/franciscanos.org.br\/noticias\/#\/schema\/person\/b5c8cba458c330ccff548b056e95a5d4"},"breadcrumb":{"@id":"https:\/\/franciscanos.org.br\/noticias\/regina-coeli-o-espirito-santo-ilumina-e-sustenta-nossos-passos.html#breadcrumb"},"inLanguage":"pt-BR","potentialAction":[{"@type":"ReadAction","target":["https:\/\/franciscanos.org.br\/noticias\/regina-coeli-o-espirito-santo-ilumina-e-sustenta-nossos-passos.html"]}]},{"@type":"BreadcrumbList","@id":"https:\/\/franciscanos.org.br\/noticias\/regina-coeli-o-espirito-santo-ilumina-e-sustenta-nossos-passos.html#breadcrumb","itemListElement":[{"@type":"ListItem","position":1,"name":"Home","item":"https:\/\/franciscanos.org.br\/noticias"},{"@type":"ListItem","position":2,"name":"Regina Coeli: o Esp\u00edrito Santo ilumina e sustenta nossos passos"}]},{"@type":"Person","@id":"https:\/\/franciscanos.org.br\/noticias\/#\/schema\/person\/b5c8cba458c330ccff548b056e95a5d4","name":"moacir","image":{"@type":"ImageObject","inLanguage":"pt-BR","@id":"https:\/\/franciscanos.org.br\/noticias\/#\/schema\/person\/image\/","url":"https:\/\/secure.gravatar.com\/avatar\/d08aa2ce4c8dd416d4479aa8536fcf64?s=96&d=mm&r=g","contentUrl":"https:\/\/secure.gravatar.com\/avatar\/d08aa2ce4c8dd416d4479aa8536fcf64?s=96&d=mm&r=g","caption":"moacir"},"url":"https:\/\/franciscanos.org.br\/noticias\/author\/moacir"}]}},"_links":{"self":[{"href":"https:\/\/franciscanos.org.br\/noticias\/wp-json\/wp\/v2\/posts\/223893"}],"collection":[{"href":"https:\/\/franciscanos.org.br\/noticias\/wp-json\/wp\/v2\/posts"}],"about":[{"href":"https:\/\/franciscanos.org.br\/noticias\/wp-json\/wp\/v2\/types\/post"}],"author":[{"embeddable":true,"href":"https:\/\/franciscanos.org.br\/noticias\/wp-json\/wp\/v2\/users\/3"}],"replies":[{"embeddable":true,"href":"https:\/\/franciscanos.org.br\/noticias\/wp-json\/wp\/v2\/comments?post=223893"}],"version-history":[{"count":4,"href":"https:\/\/franciscanos.org.br\/noticias\/wp-json\/wp\/v2\/posts\/223893\/revisions"}],"predecessor-version":[{"id":224199,"href":"https:\/\/franciscanos.org.br\/noticias\/wp-json\/wp\/v2\/posts\/223893\/revisions\/224199"}],"wp:featuredmedia":[{"embeddable":true,"href":"https:\/\/franciscanos.org.br\/noticias\/wp-json\/wp\/v2\/media\/223895"}],"wp:attachment":[{"href":"https:\/\/franciscanos.org.br\/noticias\/wp-json\/wp\/v2\/media?parent=223893"}],"wp:term":[{"taxonomy":"category","embeddable":true,"href":"https:\/\/franciscanos.org.br\/noticias\/wp-json\/wp\/v2\/categories?post=223893"},{"taxonomy":"post_tag","embeddable":true,"href":"https:\/\/franciscanos.org.br\/noticias\/wp-json\/wp\/v2\/tags?post=223893"}],"curies":[{"name":"wp","href":"https:\/\/api.w.org\/{rel}","templated":true}]}}