{"id":223888,"date":"2020-05-17T06:29:40","date_gmt":"2020-05-17T09:29:40","guid":{"rendered":"https:\/\/franciscanos.org.br\/noticias\/?p=223888"},"modified":"2020-06-05T11:39:32","modified_gmt":"2020-06-05T14:39:32","slug":"papa-reza-pelos-responsaveis-pela-limpeza-somente-em-deus-pai-somos-irmaos","status":"publish","type":"post","link":"https:\/\/franciscanos.org.br\/noticias\/papa-reza-pelos-responsaveis-pela-limpeza-somente-em-deus-pai-somos-irmaos.html","title":{"rendered":"Papa reza pelos respons\u00e1veis pela limpeza. Somente em Deus Pai somos irm\u00e3os."},"content":{"rendered":"<div class=\"article__text\">\n<p><img loading=\"lazy\" class=\"alignnone size-full wp-image-223889\" src=\"https:\/\/franciscanos.org.br\/noticias\/wp-content\/uploads\/2020\/05\/marta_1705_1.jpg\" alt=\"\" width=\"1280\" height=\"720\" srcset=\"https:\/\/franciscanos.org.br\/noticias\/wp-content\/uploads\/2020\/05\/marta_1705_1.jpg 1280w, https:\/\/franciscanos.org.br\/noticias\/wp-content\/uploads\/2020\/05\/marta_1705_1-450x253.jpg 450w, https:\/\/franciscanos.org.br\/noticias\/wp-content\/uploads\/2020\/05\/marta_1705_1-1024x576.jpg 1024w, https:\/\/franciscanos.org.br\/noticias\/wp-content\/uploads\/2020\/05\/marta_1705_1-768x432.jpg 768w, https:\/\/franciscanos.org.br\/noticias\/wp-content\/uploads\/2020\/05\/marta_1705_1-150x84.jpg 150w\" sizes=\"(max-width: 1280px) 100vw, 1280px\" \/><\/p>\n<p><strong>Cidade do Vaticano<\/strong> &#8211; O Papa Francisco presidiu a Missa na Casa Santa Marta, no Vaticano, na manh\u00e3 deste 17 de maio, VI Domingo da P\u00e1scoa. Na introdu\u00e7\u00e3o, dirigiu o pensamento aos encarregados da limpeza:\u00a0<i>Hoje,\u00a0 a nossa ora\u00e7\u00e3o \u00e9 pelas muitas pessoas que limpam os hospitais, as ruas, que esvaziam as lixeiras, que passam pelas casas para recolher o lixo: um trabalho que ningu\u00e9m v\u00ea, mas que \u00e9 necess\u00e1rio para sobreviver.<\/i><\/p>\n<p>Na homilia, o Papa comentou o\u00a0Evangelho do dia\u00a0(Jo 14,15-21) em que Jesus diz a seus disc\u00edpulos: \u201cSe me amais, guardareis os meus mandamentos, e eu rogarei ao Pai, e ele vos dar\u00e1 um outro defensor, para que permane\u00e7a sempre convosco: o Esp\u00edrito da verdade, que o mundo n\u00e3o \u00e9 capaz de receber, porque n\u00e3o o v\u00ea nem o conhece. V\u00f3s o conheceis, porque ele permanece junto de v\u00f3s e estar\u00e1 dentro de v\u00f3s. N\u00e3o vos deixarei \u00f3rf\u00e3os\u201d.<\/p>\n<p>Ao despedir-se dos disc\u00edpulos, Jesus \u2013 afirmou Francisco \u2013 lhes d\u00e1 tranquilidade e paz, com uma promessa: \u201cN\u00e3o vos deixarei \u00f3rf\u00e3os\u201d. \u201cDefende-os daquela dor, daquele sentimento doloroso da orfandade. Hoje, no mundo, h\u00e1 um grande sentimento de orfandade: muitos t\u00eam tantas coisas, mas falta o Pai. E na hist\u00f3ria da humanidade isso se repete: quando falta o Pai, falta algo e sempre existe a vontade de encontrar o Pai, inclusive nos mitos antigos: pensemos nos mitos de \u00c9dipo, de Tel\u00eamaco\u201d e tantos outros que mostram sempre essa busca do pai que falta.<\/p>\n<p>\u201cE hoje podemos dizer que vivemos numa sociedade onde falta o Pai, um sentido de orfandade que diz respeito propriamente \u00e0 perten\u00e7a e \u00e0 fraternidade. Por isso, promete: \u2019Eu rogarei ao Pai, e Ele vos dar\u00e1 um outro defensor\u2019. \u2018Eu vou (para o Pai) \u2013 disse Jesus \u2013, mas chegar\u00e1 um outro que vos ensinar\u00e1 o acesso ao Pai. Recordar-vos-\u00e1 o acesso ao Pai\u2019. O Esp\u00edrito Santo n\u00e3o vem para \u2018fazer-vos seus clientes\u2019; vem para indicar o acesso ao Pai, para recordar o acesso ao Pai, o acesso que Jesus abriu, que Jesus mostrou. N\u00e3o existe uma espiritualidade unicamente do Filho, unicamente do Esp\u00edrito Santo: o centro \u00e9 o Pai. O Filho \u00e9 o enviado pelo Pai e volta para o Pai. O Esp\u00edrito Santo \u00e9 enviado pelo Pai para recordar e ensinar o acesso ao Pai.\u201d<\/p>\n<p><img loading=\"lazy\" class=\"alignnone size-full wp-image-223900\" src=\"https:\/\/franciscanos.org.br\/noticias\/wp-content\/uploads\/2020\/05\/marta_1705.jpg\" alt=\"\" width=\"1280\" height=\"720\" srcset=\"https:\/\/franciscanos.org.br\/noticias\/wp-content\/uploads\/2020\/05\/marta_1705.jpg 1280w, https:\/\/franciscanos.org.br\/noticias\/wp-content\/uploads\/2020\/05\/marta_1705-450x253.jpg 450w, https:\/\/franciscanos.org.br\/noticias\/wp-content\/uploads\/2020\/05\/marta_1705-1024x576.jpg 1024w, https:\/\/franciscanos.org.br\/noticias\/wp-content\/uploads\/2020\/05\/marta_1705-768x432.jpg 768w, https:\/\/franciscanos.org.br\/noticias\/wp-content\/uploads\/2020\/05\/marta_1705-150x84.jpg 150w\" sizes=\"(max-width: 1280px) 100vw, 1280px\" \/><\/p>\n<p>\u201cSomente com essa consci\u00eancia de filhos que n\u00e3o s\u00e3o \u00f3rf\u00e3os se pode viver em paz entre n\u00f3s. As guerras, sempre, sejam as pequenas ou as grandes guerras, sempre t\u00eam uma dimens\u00e3o de orfandade: falta o Pai que fa\u00e7a a paz.\u201d Por isso \u2013 explicou o Papa comentando a leitura anterior (1Pd 3,15-18) \u2013, Pedro convida a primeira comunidade crist\u00e3 a responder com do\u00e7ura, respeito e com uma consci\u00eancia reta aos que pedem raz\u00e3o da f\u00e9: \u201cou seja, a mansid\u00e3o que o Esp\u00edrito Santo d\u00e1. O Esp\u00edrito Santo nos ensina essa mansid\u00e3o, essa do\u00e7ura dos filhos do Pai. O Esp\u00edrito Santo n\u00e3o nos ensina a insultar. E uma das consequ\u00eancias do sentido de orfandade \u00e9 o insulto, as guerras, porque se falta o Pai n\u00e3o h\u00e1 irm\u00e3os, se perde a irmandade. S\u00e3o \u2013 essa do\u00e7ura, respeito, mansid\u00e3o \u2013, s\u00e3o atitudes de perten\u00e7a, de perten\u00e7a a uma fam\u00edlia\u201d que tem um Pai, \u201cque \u00e9 o centro de tudo, a origem de tudo, a unidade de todos, a salva\u00e7\u00e3o de todos, porque enviou seu Filho para todos nos salvar\u201d. E envia o Esp\u00edrito Santo para recordar-nos o acesso ao Pai, \u201cessa paternidade, essa atitude fraterna de mansid\u00e3o, de do\u00e7ura, de paz\u201d.<\/p>\n<p>\u201cPe\u00e7amos ao Esp\u00edrito Santo que nos recorde sempre, sempre esse acesso ao Pai, que nos recorde que n\u00f3s temos um Pai, e a essa civilidade que tem um grande sentimento de orfandade, conceda a gra\u00e7a de reencontrar o Pai, o Pai que d\u00e1 sentido a toda a vida e faz que todos os homens sejam uma fam\u00edlia.\u201d<\/p>\n<p><b>O Papa convidou a fazer a Comunh\u00e3o espiritual com a seguinte ora\u00e7\u00e3o:<\/b><\/p>\n<p style=\"padding-left: 40px;\"><i>Meu Jesus, eu creio que estais realmente presente no Sant\u00edssimo Sacramento do Altar. Amo-vos sobre todas as coisas, e minha alma suspira por V\u00f3s. Mas, como n\u00e3o posso receber-Vos agora no Sant\u00edssimo Sacramento, vinde, ao menos espiritualmente, a meu cora\u00e7\u00e3o. Abra\u00e7o-me convosco como se j\u00e1 estiv\u00e9sseis comigo: uno-me Convosco inteiramente. Ah! n\u00e3o permitais que torne a separar-me de V\u00f3s!<\/i><\/p>\n<p>Francisco terminou a celebra\u00e7\u00e3o com adora\u00e7\u00e3o e a b\u00ean\u00e7\u00e3o eucar\u00edstica. Antes de deixar a Capela dedicada ao Esp\u00edrito Santo, foi entoada a\u00a0<b>ant\u00edfona mariana \u201cRegina Coeli\u201d,<\/b>\u00a0cantada no tempo pascal:<\/p>\n<p style=\"padding-left: 40px;\"><i>Rainha dos c\u00e9us, alegrai-vos. Aleluia!<\/i><\/p>\n<p style=\"padding-left: 40px;\"><i>Porque Aquele que merecestes trazer em vosso seio. Aleluia!<\/i><\/p>\n<p style=\"padding-left: 40px;\"><i>Ressuscitou como disse. Aleluia!<\/i><\/p>\n<p style=\"padding-left: 40px;\"><i>Rogai por n\u00f3s a Deus. Aleluia!<\/i><\/p>\n<p style=\"padding-left: 40px;\"><i>D.\/ Alegrai-vos e exultai, \u00f3 Virgem Maria. Aleluia!<\/i><\/p>\n<p style=\"padding-left: 40px;\"><i>C.\/ Porque o Senhor ressuscitou, verdadeiramente. Aleluia!<\/i><\/p>\n<p><em>Fonte: Vatican News<\/em><\/p>\n<p><a href=\"https:\/\/app.payplace.com.br\/pvf\/produtos\/todos\" target=\"_blank\" rel=\"noopener noreferrer\"><img loading=\"lazy\" class=\"alignnone wp-image-223849 size-full\" src=\"https:\/\/franciscanos.org.br\/noticias\/wp-content\/uploads\/2020\/05\/A-MISSAO-NAO-PODE-PARAR-1280x150-1.png\" alt=\"\" width=\"1280\" height=\"150\" srcset=\"https:\/\/franciscanos.org.br\/noticias\/wp-content\/uploads\/2020\/05\/A-MISSAO-NAO-PODE-PARAR-1280x150-1.png 1280w, https:\/\/franciscanos.org.br\/noticias\/wp-content\/uploads\/2020\/05\/A-MISSAO-NAO-PODE-PARAR-1280x150-1-450x53.png 450w, https:\/\/franciscanos.org.br\/noticias\/wp-content\/uploads\/2020\/05\/A-MISSAO-NAO-PODE-PARAR-1280x150-1-1024x120.png 1024w, https:\/\/franciscanos.org.br\/noticias\/wp-content\/uploads\/2020\/05\/A-MISSAO-NAO-PODE-PARAR-1280x150-1-768x90.png 768w, https:\/\/franciscanos.org.br\/noticias\/wp-content\/uploads\/2020\/05\/A-MISSAO-NAO-PODE-PARAR-1280x150-1-150x18.png 150w\" sizes=\"(max-width: 1280px) 100vw, 1280px\" \/><\/a><\/p>\n<\/div>\n","protected":false},"excerpt":{"rendered":"<p>Missa em Santa Marta<\/p>\n","protected":false},"author":3,"featured_media":223890,"comment_status":"open","ping_status":"open","sticky":false,"template":"","format":"standard","meta":[],"categories":[1428],"tags":[1586],"acf":[],"yoast_head":"<!-- This site is optimized with the Yoast SEO plugin v19.2 - https:\/\/yoast.com\/wordpress\/plugins\/seo\/ -->\n<title>Papa reza pelos respons\u00e1veis pela limpeza. Somente em Deus Pai somos irm\u00e3os. - Not\u00edcias - Franciscanos<\/title>\n<meta name=\"robots\" content=\"index, follow, max-snippet:-1, max-image-preview:large, max-video-preview:-1\" \/>\n<link rel=\"canonical\" href=\"https:\/\/franciscanos.org.br\/noticias\/papa-reza-pelos-responsaveis-pela-limpeza-somente-em-deus-pai-somos-irmaos.html\" \/>\n<meta property=\"og:locale\" content=\"pt_BR\" \/>\n<meta property=\"og:type\" content=\"article\" \/>\n<meta property=\"og:title\" content=\"Papa reza pelos respons\u00e1veis pela limpeza. Somente em Deus Pai somos irm\u00e3os. - Not\u00edcias - Franciscanos\" \/>\n<meta property=\"og:description\" content=\"Missa em Santa Marta\" \/>\n<meta property=\"og:url\" content=\"https:\/\/franciscanos.org.br\/noticias\/papa-reza-pelos-responsaveis-pela-limpeza-somente-em-deus-pai-somos-irmaos.html\" \/>\n<meta property=\"og:site_name\" content=\"Not\u00edcias - Franciscanos\" \/>\n<meta property=\"article:published_time\" content=\"2020-05-17T09:29:40+00:00\" \/>\n<meta property=\"article:modified_time\" content=\"2020-06-05T14:39:32+00:00\" \/>\n<meta property=\"og:image\" content=\"https:\/\/franciscanos.org.br\/noticias\/wp-content\/uploads\/2020\/05\/marta_1705d.jpg\" \/>\n\t<meta property=\"og:image:width\" content=\"800\" \/>\n\t<meta property=\"og:image:height\" content=\"600\" \/>\n\t<meta property=\"og:image:type\" content=\"image\/jpeg\" \/>\n<meta name=\"author\" content=\"moacir\" \/>\n<meta name=\"twitter:card\" content=\"summary_large_image\" \/>\n<meta name=\"twitter:label1\" content=\"Escrito por\" \/>\n\t<meta name=\"twitter:data1\" content=\"moacir\" \/>\n\t<meta name=\"twitter:label2\" content=\"Est. tempo de leitura\" \/>\n\t<meta name=\"twitter:data2\" content=\"4 minutos\" \/>\n<script type=\"application\/ld+json\" class=\"yoast-schema-graph\">{\"@context\":\"https:\/\/schema.org\",\"@graph\":[{\"@type\":\"WebSite\",\"@id\":\"https:\/\/franciscanos.org.br\/noticias\/#website\",\"url\":\"https:\/\/franciscanos.org.br\/noticias\/\",\"name\":\"Not\u00edcias - Franciscanos\",\"description\":\"Prov\u00edncia Franciscana da Imaculada Concei\u00e7\u00e3o do Brasil - Ordem dos Frades Menores - OFM\",\"potentialAction\":[{\"@type\":\"SearchAction\",\"target\":{\"@type\":\"EntryPoint\",\"urlTemplate\":\"https:\/\/franciscanos.org.br\/noticias\/?s={search_term_string}\"},\"query-input\":\"required name=search_term_string\"}],\"inLanguage\":\"pt-BR\"},{\"@type\":\"ImageObject\",\"inLanguage\":\"pt-BR\",\"@id\":\"https:\/\/franciscanos.org.br\/noticias\/papa-reza-pelos-responsaveis-pela-limpeza-somente-em-deus-pai-somos-irmaos.html#primaryimage\",\"url\":\"https:\/\/franciscanos.org.br\/noticias\/wp-content\/uploads\/2020\/05\/marta_1705d.jpg\",\"contentUrl\":\"https:\/\/franciscanos.org.br\/noticias\/wp-content\/uploads\/2020\/05\/marta_1705d.jpg\",\"width\":800,\"height\":600},{\"@type\":\"WebPage\",\"@id\":\"https:\/\/franciscanos.org.br\/noticias\/papa-reza-pelos-responsaveis-pela-limpeza-somente-em-deus-pai-somos-irmaos.html#webpage\",\"url\":\"https:\/\/franciscanos.org.br\/noticias\/papa-reza-pelos-responsaveis-pela-limpeza-somente-em-deus-pai-somos-irmaos.html\",\"name\":\"Papa reza pelos respons\u00e1veis pela limpeza. Somente em Deus Pai somos irm\u00e3os. - Not\u00edcias - Franciscanos\",\"isPartOf\":{\"@id\":\"https:\/\/franciscanos.org.br\/noticias\/#website\"},\"primaryImageOfPage\":{\"@id\":\"https:\/\/franciscanos.org.br\/noticias\/papa-reza-pelos-responsaveis-pela-limpeza-somente-em-deus-pai-somos-irmaos.html#primaryimage\"},\"datePublished\":\"2020-05-17T09:29:40+00:00\",\"dateModified\":\"2020-06-05T14:39:32+00:00\",\"author\":{\"@id\":\"https:\/\/franciscanos.org.br\/noticias\/#\/schema\/person\/b5c8cba458c330ccff548b056e95a5d4\"},\"breadcrumb\":{\"@id\":\"https:\/\/franciscanos.org.br\/noticias\/papa-reza-pelos-responsaveis-pela-limpeza-somente-em-deus-pai-somos-irmaos.html#breadcrumb\"},\"inLanguage\":\"pt-BR\",\"potentialAction\":[{\"@type\":\"ReadAction\",\"target\":[\"https:\/\/franciscanos.org.br\/noticias\/papa-reza-pelos-responsaveis-pela-limpeza-somente-em-deus-pai-somos-irmaos.html\"]}]},{\"@type\":\"BreadcrumbList\",\"@id\":\"https:\/\/franciscanos.org.br\/noticias\/papa-reza-pelos-responsaveis-pela-limpeza-somente-em-deus-pai-somos-irmaos.html#breadcrumb\",\"itemListElement\":[{\"@type\":\"ListItem\",\"position\":1,\"name\":\"Home\",\"item\":\"https:\/\/franciscanos.org.br\/noticias\"},{\"@type\":\"ListItem\",\"position\":2,\"name\":\"Papa reza pelos respons\u00e1veis pela limpeza. Somente em Deus Pai somos irm\u00e3os.\"}]},{\"@type\":\"Person\",\"@id\":\"https:\/\/franciscanos.org.br\/noticias\/#\/schema\/person\/b5c8cba458c330ccff548b056e95a5d4\",\"name\":\"moacir\",\"image\":{\"@type\":\"ImageObject\",\"inLanguage\":\"pt-BR\",\"@id\":\"https:\/\/franciscanos.org.br\/noticias\/#\/schema\/person\/image\/\",\"url\":\"https:\/\/secure.gravatar.com\/avatar\/d08aa2ce4c8dd416d4479aa8536fcf64?s=96&d=mm&r=g\",\"contentUrl\":\"https:\/\/secure.gravatar.com\/avatar\/d08aa2ce4c8dd416d4479aa8536fcf64?s=96&d=mm&r=g\",\"caption\":\"moacir\"},\"url\":\"https:\/\/franciscanos.org.br\/noticias\/author\/moacir\"}]}<\/script>\n<!-- \/ Yoast SEO plugin. -->","yoast_head_json":{"title":"Papa reza pelos respons\u00e1veis pela limpeza. Somente em Deus Pai somos irm\u00e3os. - Not\u00edcias - Franciscanos","robots":{"index":"index","follow":"follow","max-snippet":"max-snippet:-1","max-image-preview":"max-image-preview:large","max-video-preview":"max-video-preview:-1"},"canonical":"https:\/\/franciscanos.org.br\/noticias\/papa-reza-pelos-responsaveis-pela-limpeza-somente-em-deus-pai-somos-irmaos.html","og_locale":"pt_BR","og_type":"article","og_title":"Papa reza pelos respons\u00e1veis pela limpeza. Somente em Deus Pai somos irm\u00e3os. - Not\u00edcias - Franciscanos","og_description":"Missa em Santa Marta","og_url":"https:\/\/franciscanos.org.br\/noticias\/papa-reza-pelos-responsaveis-pela-limpeza-somente-em-deus-pai-somos-irmaos.html","og_site_name":"Not\u00edcias - Franciscanos","article_published_time":"2020-05-17T09:29:40+00:00","article_modified_time":"2020-06-05T14:39:32+00:00","og_image":[{"width":800,"height":600,"url":"https:\/\/franciscanos.org.br\/noticias\/wp-content\/uploads\/2020\/05\/marta_1705d.jpg","type":"image\/jpeg"}],"author":"moacir","twitter_card":"summary_large_image","twitter_misc":{"Escrito por":"moacir","Est. tempo de leitura":"4 minutos"},"schema":{"@context":"https:\/\/schema.org","@graph":[{"@type":"WebSite","@id":"https:\/\/franciscanos.org.br\/noticias\/#website","url":"https:\/\/franciscanos.org.br\/noticias\/","name":"Not\u00edcias - Franciscanos","description":"Prov\u00edncia Franciscana da Imaculada Concei\u00e7\u00e3o do Brasil - Ordem dos Frades Menores - OFM","potentialAction":[{"@type":"SearchAction","target":{"@type":"EntryPoint","urlTemplate":"https:\/\/franciscanos.org.br\/noticias\/?s={search_term_string}"},"query-input":"required name=search_term_string"}],"inLanguage":"pt-BR"},{"@type":"ImageObject","inLanguage":"pt-BR","@id":"https:\/\/franciscanos.org.br\/noticias\/papa-reza-pelos-responsaveis-pela-limpeza-somente-em-deus-pai-somos-irmaos.html#primaryimage","url":"https:\/\/franciscanos.org.br\/noticias\/wp-content\/uploads\/2020\/05\/marta_1705d.jpg","contentUrl":"https:\/\/franciscanos.org.br\/noticias\/wp-content\/uploads\/2020\/05\/marta_1705d.jpg","width":800,"height":600},{"@type":"WebPage","@id":"https:\/\/franciscanos.org.br\/noticias\/papa-reza-pelos-responsaveis-pela-limpeza-somente-em-deus-pai-somos-irmaos.html#webpage","url":"https:\/\/franciscanos.org.br\/noticias\/papa-reza-pelos-responsaveis-pela-limpeza-somente-em-deus-pai-somos-irmaos.html","name":"Papa reza pelos respons\u00e1veis pela limpeza. Somente em Deus Pai somos irm\u00e3os. - Not\u00edcias - Franciscanos","isPartOf":{"@id":"https:\/\/franciscanos.org.br\/noticias\/#website"},"primaryImageOfPage":{"@id":"https:\/\/franciscanos.org.br\/noticias\/papa-reza-pelos-responsaveis-pela-limpeza-somente-em-deus-pai-somos-irmaos.html#primaryimage"},"datePublished":"2020-05-17T09:29:40+00:00","dateModified":"2020-06-05T14:39:32+00:00","author":{"@id":"https:\/\/franciscanos.org.br\/noticias\/#\/schema\/person\/b5c8cba458c330ccff548b056e95a5d4"},"breadcrumb":{"@id":"https:\/\/franciscanos.org.br\/noticias\/papa-reza-pelos-responsaveis-pela-limpeza-somente-em-deus-pai-somos-irmaos.html#breadcrumb"},"inLanguage":"pt-BR","potentialAction":[{"@type":"ReadAction","target":["https:\/\/franciscanos.org.br\/noticias\/papa-reza-pelos-responsaveis-pela-limpeza-somente-em-deus-pai-somos-irmaos.html"]}]},{"@type":"BreadcrumbList","@id":"https:\/\/franciscanos.org.br\/noticias\/papa-reza-pelos-responsaveis-pela-limpeza-somente-em-deus-pai-somos-irmaos.html#breadcrumb","itemListElement":[{"@type":"ListItem","position":1,"name":"Home","item":"https:\/\/franciscanos.org.br\/noticias"},{"@type":"ListItem","position":2,"name":"Papa reza pelos respons\u00e1veis pela limpeza. Somente em Deus Pai somos irm\u00e3os."}]},{"@type":"Person","@id":"https:\/\/franciscanos.org.br\/noticias\/#\/schema\/person\/b5c8cba458c330ccff548b056e95a5d4","name":"moacir","image":{"@type":"ImageObject","inLanguage":"pt-BR","@id":"https:\/\/franciscanos.org.br\/noticias\/#\/schema\/person\/image\/","url":"https:\/\/secure.gravatar.com\/avatar\/d08aa2ce4c8dd416d4479aa8536fcf64?s=96&d=mm&r=g","contentUrl":"https:\/\/secure.gravatar.com\/avatar\/d08aa2ce4c8dd416d4479aa8536fcf64?s=96&d=mm&r=g","caption":"moacir"},"url":"https:\/\/franciscanos.org.br\/noticias\/author\/moacir"}]}},"_links":{"self":[{"href":"https:\/\/franciscanos.org.br\/noticias\/wp-json\/wp\/v2\/posts\/223888"}],"collection":[{"href":"https:\/\/franciscanos.org.br\/noticias\/wp-json\/wp\/v2\/posts"}],"about":[{"href":"https:\/\/franciscanos.org.br\/noticias\/wp-json\/wp\/v2\/types\/post"}],"author":[{"embeddable":true,"href":"https:\/\/franciscanos.org.br\/noticias\/wp-json\/wp\/v2\/users\/3"}],"replies":[{"embeddable":true,"href":"https:\/\/franciscanos.org.br\/noticias\/wp-json\/wp\/v2\/comments?post=223888"}],"version-history":[{"count":4,"href":"https:\/\/franciscanos.org.br\/noticias\/wp-json\/wp\/v2\/posts\/223888\/revisions"}],"predecessor-version":[{"id":224200,"href":"https:\/\/franciscanos.org.br\/noticias\/wp-json\/wp\/v2\/posts\/223888\/revisions\/224200"}],"wp:featuredmedia":[{"embeddable":true,"href":"https:\/\/franciscanos.org.br\/noticias\/wp-json\/wp\/v2\/media\/223890"}],"wp:attachment":[{"href":"https:\/\/franciscanos.org.br\/noticias\/wp-json\/wp\/v2\/media?parent=223888"}],"wp:term":[{"taxonomy":"category","embeddable":true,"href":"https:\/\/franciscanos.org.br\/noticias\/wp-json\/wp\/v2\/categories?post=223888"},{"taxonomy":"post_tag","embeddable":true,"href":"https:\/\/franciscanos.org.br\/noticias\/wp-json\/wp\/v2\/tags?post=223888"}],"curies":[{"name":"wp","href":"https:\/\/api.w.org\/{rel}","templated":true}]}}