{"id":223880,"date":"2020-05-16T18:52:13","date_gmt":"2020-05-16T21:52:13","guid":{"rendered":"https:\/\/franciscanos.org.br\/noticias\/?p=223880"},"modified":"2020-05-17T09:01:59","modified_gmt":"2020-05-17T12:01:59","slug":"frei-alessandro-nao-deixe-a-tristeza-dominar-o-seu-coracao","status":"publish","type":"post","link":"https:\/\/franciscanos.org.br\/noticias\/frei-alessandro-nao-deixe-a-tristeza-dominar-o-seu-coracao.html","title":{"rendered":"Frei Alessandro: &#8220;N\u00e3o deixe a tristeza dominar o seu cora\u00e7\u00e3o!&#8221;"},"content":{"rendered":"<p><img loading=\"lazy\" class=\"alignnone size-full wp-image-223881\" src=\"https:\/\/franciscanos.org.br\/noticias\/wp-content\/uploads\/2020\/05\/penha_1605.jpg\" alt=\"\" width=\"1280\" height=\"720\" srcset=\"https:\/\/franciscanos.org.br\/noticias\/wp-content\/uploads\/2020\/05\/penha_1605.jpg 1280w, https:\/\/franciscanos.org.br\/noticias\/wp-content\/uploads\/2020\/05\/penha_1605-450x253.jpg 450w, https:\/\/franciscanos.org.br\/noticias\/wp-content\/uploads\/2020\/05\/penha_1605-1024x576.jpg 1024w, https:\/\/franciscanos.org.br\/noticias\/wp-content\/uploads\/2020\/05\/penha_1605-768x432.jpg 768w, https:\/\/franciscanos.org.br\/noticias\/wp-content\/uploads\/2020\/05\/penha_1605-150x84.jpg 150w\" sizes=\"(max-width: 1280px) 100vw, 1280px\" \/><\/p>\n<p><strong>S\u00e3o Paulo (SP)<\/strong> \u2013 No alto do Convento da Penha, aos p\u00e9s da Virgem Nossa Senhora da Penha, no Estado do Esp\u00edrito Santo, os frades da Fraternidade da Penha rezaram e confortaram as fam\u00edlias que, neste momento, choram a perda de seus entes queridos, v\u00edtimas da pandemia do novo coronav\u00edrus. Neste s\u00e1bado, \u00e0s 17 horas, Frei Alessandro Dias do Nascimento presidiu \u201cCelebra\u00e7\u00e3o do Abra\u00e7o e da Esperan\u00e7a\u201d atrav\u00e9s TVFranciscanos, pelo seu canal no Youtube.<\/p>\n<p>Desde o \u00faltimo domingo, as Fraternidades da Prov\u00edncia Franciscana da Imaculada Concei\u00e7\u00e3o se revezaram para presidir esta celebra\u00e7\u00e3o, uma forma de estar pr\u00f3ximas das pessoas que nem puderam se despedir de seus entes queridos. Todos os dias, as pessoas enlutadas, em todo o pa\u00eds, enviaram as inten\u00e7\u00f5es (nomes, fotos e as datas de nascimento e falecimento) previamente pelo n\u00famero do WhatsApp: (11) 97693-2430.<\/p>\n<p>Neste s\u00e1bado, 15.368 mortes foram provocadas pela Covid-19 e 229.204 casos da doen\u00e7a foram confirmados em todo o pa\u00eds.<\/p>\n<p><img loading=\"lazy\" class=\"alignnone size-full wp-image-223883\" src=\"https:\/\/franciscanos.org.br\/noticias\/wp-content\/uploads\/2020\/05\/penha_1605_2.jpg\" alt=\"\" width=\"1280\" height=\"720\" srcset=\"https:\/\/franciscanos.org.br\/noticias\/wp-content\/uploads\/2020\/05\/penha_1605_2.jpg 1280w, https:\/\/franciscanos.org.br\/noticias\/wp-content\/uploads\/2020\/05\/penha_1605_2-450x253.jpg 450w, https:\/\/franciscanos.org.br\/noticias\/wp-content\/uploads\/2020\/05\/penha_1605_2-1024x576.jpg 1024w, https:\/\/franciscanos.org.br\/noticias\/wp-content\/uploads\/2020\/05\/penha_1605_2-768x432.jpg 768w, https:\/\/franciscanos.org.br\/noticias\/wp-content\/uploads\/2020\/05\/penha_1605_2-150x84.jpg 150w\" sizes=\"(max-width: 1280px) 100vw, 1280px\" \/><\/p>\n<p>Para Frei Alessandro, essas pessoas que partiram deixaram suas marcas nos cora\u00e7\u00f5es de tantas fam\u00edlias. Segundo o frade, nunca estamos preparados para enfrentar este momento da morte. &#8220;N\u00f3s n\u00e3o queremos falar da morte. A gente sempre busca um pretexto para fugir do assunto&#8221;, lembrou. &#8220;Mas a gente vence a morte a cada dia. Vive-se e morre a cada dia, a cada minuto de nossa vida&#8221;, observou. Segundo Frei Alessandro, a vida plena s\u00f3 vai acontecer com Deus. &#8220;\u00c9 no encontro definitivo com Deus que o ser humano se realiza plenamente&#8221;, explicou.<\/p>\n<p>Citando S\u00e3o Paulo, na segunda carta aos Cor\u00edntios, diz que ali, claramente, caminhamos pela f\u00e9 e n\u00e3o atrav\u00e9s da vis\u00e3o. &#8220;A gente n\u00e3o caminha s\u00f3 pelo que vemos. \u00c9 a nossa f\u00e9 que nos faz caminhar em dire\u00e7\u00e3o a Deus, em dire\u00e7\u00e3o ao abra\u00e7o amoroso do Pai&#8221;, acrescentou.<\/p>\n<p>&#8220;Essa celebra\u00e7\u00e3o nos lembra que Deus acolhe a todos n\u00f3s na sua morada. \u00c9 o que Jesus nos diz no Evangelho que foi lido. Na casa do Pai h\u00e1 muitas moradas. Vou preparar um lugar para voc\u00eas. E Jesus diz: &#8216;Voc\u00ea que tem f\u00e9 em Deus, tenha f\u00e9 em mim tamb\u00e9m&#8217;. Ele passou pela morte, abra\u00e7ou a cruz e nos mostra que a ressurrei\u00e7\u00e3o \u00e9 a resposta de amor de Deus por n\u00f3s. \u00c9 a vida que supera a morte. Mas a morte \u00e9 uma passagem necess\u00e1ria para entrarmos na vida eterna&#8221;, considerou.<\/p>\n<p><img loading=\"lazy\" class=\"alignnone size-full wp-image-223882\" src=\"https:\/\/franciscanos.org.br\/noticias\/wp-content\/uploads\/2020\/05\/penha_1605_3.jpg\" alt=\"\" width=\"1280\" height=\"720\" srcset=\"https:\/\/franciscanos.org.br\/noticias\/wp-content\/uploads\/2020\/05\/penha_1605_3.jpg 1280w, https:\/\/franciscanos.org.br\/noticias\/wp-content\/uploads\/2020\/05\/penha_1605_3-450x253.jpg 450w, https:\/\/franciscanos.org.br\/noticias\/wp-content\/uploads\/2020\/05\/penha_1605_3-1024x576.jpg 1024w, https:\/\/franciscanos.org.br\/noticias\/wp-content\/uploads\/2020\/05\/penha_1605_3-768x432.jpg 768w, https:\/\/franciscanos.org.br\/noticias\/wp-content\/uploads\/2020\/05\/penha_1605_3-150x84.jpg 150w\" sizes=\"(max-width: 1280px) 100vw, 1280px\" \/><\/p>\n<p>Para o frade, n\u00e3o sabemos lidar com a perda e gostar\u00edamos de ter a pessoa querida sempre conosco. &#8220;Mas nos planos de Deus, que \u00e0s vezes n\u00e3o os compreendemos, temos que fazer como Nossa Senhora nos ensina: guardar no cora\u00e7\u00e3o. Ou seja, guardar no cora\u00e7\u00e3o essa certeza do amor de Deus por n\u00f3s. E Jesus, neste evangelho, mostra isso: Ele vai preparar um lugar para n\u00f3s&#8221;, animou.<\/p>\n<p>Segundo o frade, esta Celebra\u00e7\u00e3o tamb\u00e9m \u00e9 de Esperan\u00e7a. &#8220;Deus nos chama a valorizarmos essa vida presente, que \u00e9 t\u00e3o passageira. N\u00e3o \u00e9 o momento de ficarmos guardando uma tristeza profunda. A gente entrega nossa vida nas m\u00e3os de Deus, na certeza de que Ele nos acolhe, assim como acolhe nossos irm\u00e3os e irm\u00e3s&#8221;, disse.<\/p>\n<p>Segundo o frade, n\u00e3o importa quanto tempo as pessoas vivem, mas qualidade de vida que t\u00eam aqui. Por isso, S\u00e3o Paulo diz: \u00e9 prefer\u00edvel deixar essa morada para estar junto do Senhor. &#8220;Vivendo ou morrendo, nossa vida \u00e9 para o louvor de Deus. Em vez de ficarmos perguntando por que a pessoa se foi, n\u00f3s dever\u00edamos perguntar por que estamos aqui? E quando a gente pergunta por isso, a gente lembra que temos uma miss\u00e3o. Deus tem uma expectativa por cada um de n\u00f3s&#8221;, continuou.<\/p>\n<p>Para Frei Alessandro, nossa miss\u00e3o na vida \u00e9 glorificar a Deus na medida em que vivemos os ensinamentos de Jesus, \u201cEle que \u00e9 o Caminho, a Verdade e a Vida. Ningu\u00e9m vai ao Pai sen\u00e3o por Ele\u201d. &#8220;Ent\u00e3o, que n\u00f3s possamos perguntar: como estou vivendo a minha vida? Por que estou aqui? Qual a minha miss\u00e3o?&#8221;, ensinou, lembrando que isso requer convers\u00e3o tamb\u00e9m. &#8220;Se a nossa vida \u00e9 t\u00e3o passageira, n\u00e3o sabemos quando vamos partir, cada dia vamos viver da melhor forma poss\u00edvel. Vamos pedir perd\u00e3o \u00e0s pessoas que ofendemos, vamos perdoar aqueles que nos ofenderam, vamos ser solid\u00e1rios, vamos reconciliar uns com outros, vamos amar. Porque \u00e9 isso que permanece. Tudo passa, menos amor de Deus por n\u00f3s. Confiemos no Senhor para que ele possa confortar o nosso cora\u00e7\u00e3o&#8221;, encerrou.<\/p>\n<p><img loading=\"lazy\" class=\"alignnone size-full wp-image-223884\" src=\"https:\/\/franciscanos.org.br\/noticias\/wp-content\/uploads\/2020\/05\/penha_1605_4.jpg\" alt=\"\" width=\"1280\" height=\"720\" srcset=\"https:\/\/franciscanos.org.br\/noticias\/wp-content\/uploads\/2020\/05\/penha_1605_4.jpg 1280w, https:\/\/franciscanos.org.br\/noticias\/wp-content\/uploads\/2020\/05\/penha_1605_4-450x253.jpg 450w, https:\/\/franciscanos.org.br\/noticias\/wp-content\/uploads\/2020\/05\/penha_1605_4-1024x576.jpg 1024w, https:\/\/franciscanos.org.br\/noticias\/wp-content\/uploads\/2020\/05\/penha_1605_4-768x432.jpg 768w, https:\/\/franciscanos.org.br\/noticias\/wp-content\/uploads\/2020\/05\/penha_1605_4-150x84.jpg 150w\" sizes=\"(max-width: 1280px) 100vw, 1280px\" \/><\/p>\n<p>Depois das preces, da Ora\u00e7\u00e3o da Encomenda\u00e7\u00e3o, Frei Alessandro deu a b\u00ean\u00e7\u00e3o final e pediu novamente: &#8220;N\u00e3o deixe a tristeza dominar o seu cora\u00e7\u00e3o! Que Deus possa fortalecer voc\u00eas nesse momento de dor!&#8221;<\/p>\n<p>Neste domingo, a celebra\u00e7\u00e3o na Capela da Sede Provincial, em S\u00e3o Paulo, ser\u00e1 mais cedo, \u00e0s 18 horas.<\/p>\n<p>Na segunda-feira (18\/5), a Fraternidade do Sagrado conduzir\u00e1, de Petr\u00f3polis (RJ), esta celebra\u00e7\u00e3o; na ter\u00e7a (19\/5), ser\u00e1 a Fraternidade do Convento S\u00e3o Francisco de S\u00e3o Paulo; na quarta (20\/5), a Fraternidade Santo Est\u00eav\u00e3o de Ituporanga (SC); na quinta (21\/5), a Fraternidade S\u00e3o Pedro Ap\u00f3stolo de Pato Branco; na sexta (22\/5), a Fraternidade Santa In\u00eas de Balne\u00e1rio Cambori\u00fa (SC); e, no s\u00e1bado, a Fraternidade Nossa Senhora da Penha de Vila Velha (ES).<\/p>\n<table>\n<tbody>\n<tr>\n<td width=\"158\"><strong>DIA DA SEMANA<\/strong><\/td>\n<td width=\"416\"><strong>FRATERNIDADE <\/strong><\/td>\n<td width=\"85\"><strong>HOR\u00c1RIO<\/strong><\/td>\n<\/tr>\n<tr>\n<td width=\"158\"><\/td>\n<td width=\"416\"><\/td>\n<td width=\"85\"><\/td>\n<\/tr>\n<tr>\n<td width=\"158\">SEGUNDA<\/td>\n<td width=\"416\">Sagrado Cora\u00e7\u00e3o de Jesus (Petr\u00f3polis, RJ)<\/td>\n<td width=\"85\">19h00<\/td>\n<\/tr>\n<tr>\n<td width=\"158\">TER\u00c7A<\/td>\n<td width=\"416\">Convento S\u00e3o Francisco (S\u00e3o Paulo, SP)<\/td>\n<td width=\"85\">19h00<\/td>\n<\/tr>\n<tr>\n<td width=\"158\">QUARTA<\/td>\n<td width=\"416\">Par\u00f3quia Santo Est\u00eav\u00e3o (Ituporanga, SC)<\/td>\n<td width=\"85\">18h45<\/td>\n<\/tr>\n<tr>\n<td width=\"158\">QUINTA<\/td>\n<td width=\"416\">Par\u00f3quia S\u00e3o Pedro Ap\u00f3stolo (Pato Branco, PR)<\/td>\n<td width=\"85\">20h30<\/td>\n<\/tr>\n<tr>\n<td width=\"158\">SEXTA<\/td>\n<td width=\"416\">Par\u00f3quia Santa In\u00eas (Balne\u00e1rio Cambori\u00fa, SC)<\/td>\n<td width=\"85\">20h30<\/td>\n<\/tr>\n<tr>\n<td width=\"158\">S\u00c1BADO<\/td>\n<td width=\"416\">Convento da Penha (Vila Velha, ES)<\/td>\n<td width=\"85\">17h00<\/td>\n<\/tr>\n<\/tbody>\n<\/table>\n<p><a href=\"https:\/\/app.payplace.com.br\/pvf\/produtos\/todos\" target=\"_blank\" rel=\"noopener noreferrer\"><img loading=\"lazy\" class=\"alignnone wp-image-223849 size-full\" src=\"https:\/\/franciscanos.org.br\/noticias\/wp-content\/uploads\/2020\/05\/A-MISSAO-NAO-PODE-PARAR-1280x150-1.png\" alt=\"\" width=\"1280\" height=\"150\" srcset=\"https:\/\/franciscanos.org.br\/noticias\/wp-content\/uploads\/2020\/05\/A-MISSAO-NAO-PODE-PARAR-1280x150-1.png 1280w, https:\/\/franciscanos.org.br\/noticias\/wp-content\/uploads\/2020\/05\/A-MISSAO-NAO-PODE-PARAR-1280x150-1-450x53.png 450w, https:\/\/franciscanos.org.br\/noticias\/wp-content\/uploads\/2020\/05\/A-MISSAO-NAO-PODE-PARAR-1280x150-1-1024x120.png 1024w, https:\/\/franciscanos.org.br\/noticias\/wp-content\/uploads\/2020\/05\/A-MISSAO-NAO-PODE-PARAR-1280x150-1-768x90.png 768w, https:\/\/franciscanos.org.br\/noticias\/wp-content\/uploads\/2020\/05\/A-MISSAO-NAO-PODE-PARAR-1280x150-1-150x18.png 150w\" sizes=\"(max-width: 1280px) 100vw, 1280px\" \/><\/a><\/p>\n","protected":false},"excerpt":{"rendered":"<p>Celebra\u00e7\u00e3o do Abra\u00e7o e da Esperan\u00e7a<\/p>\n","protected":false},"author":3,"featured_media":223887,"comment_status":"open","ping_status":"open","sticky":false,"template":"","format":"standard","meta":[],"categories":[1],"tags":[1620],"acf":[],"yoast_head":"<!-- This site is optimized with the Yoast SEO plugin v19.2 - https:\/\/yoast.com\/wordpress\/plugins\/seo\/ -->\n<title>Frei Alessandro: &quot;N\u00e3o deixe a tristeza dominar o seu cora\u00e7\u00e3o!&quot; - Not\u00edcias - Franciscanos<\/title>\n<meta name=\"robots\" content=\"index, follow, max-snippet:-1, max-image-preview:large, max-video-preview:-1\" \/>\n<link rel=\"canonical\" href=\"https:\/\/franciscanos.org.br\/noticias\/frei-alessandro-nao-deixe-a-tristeza-dominar-o-seu-coracao.html\" \/>\n<meta property=\"og:locale\" content=\"pt_BR\" \/>\n<meta property=\"og:type\" content=\"article\" \/>\n<meta property=\"og:title\" content=\"Frei Alessandro: &quot;N\u00e3o deixe a tristeza dominar o seu cora\u00e7\u00e3o!&quot; - Not\u00edcias - Franciscanos\" \/>\n<meta property=\"og:description\" content=\"Celebra\u00e7\u00e3o do Abra\u00e7o e da Esperan\u00e7a\" \/>\n<meta property=\"og:url\" content=\"https:\/\/franciscanos.org.br\/noticias\/frei-alessandro-nao-deixe-a-tristeza-dominar-o-seu-coracao.html\" \/>\n<meta property=\"og:site_name\" content=\"Not\u00edcias - Franciscanos\" \/>\n<meta property=\"article:published_time\" content=\"2020-05-16T21:52:13+00:00\" \/>\n<meta property=\"article:modified_time\" content=\"2020-05-17T12:01:59+00:00\" \/>\n<meta property=\"og:image\" content=\"https:\/\/franciscanos.org.br\/noticias\/wp-content\/uploads\/2020\/05\/penha_1605d.jpg\" \/>\n\t<meta property=\"og:image:width\" content=\"800\" \/>\n\t<meta property=\"og:image:height\" content=\"600\" \/>\n\t<meta property=\"og:image:type\" content=\"image\/jpeg\" \/>\n<meta name=\"author\" content=\"moacir\" \/>\n<meta name=\"twitter:card\" content=\"summary_large_image\" \/>\n<meta name=\"twitter:label1\" content=\"Escrito por\" \/>\n\t<meta name=\"twitter:data1\" content=\"moacir\" \/>\n\t<meta name=\"twitter:label2\" content=\"Est. tempo de leitura\" \/>\n\t<meta name=\"twitter:data2\" content=\"5 minutos\" \/>\n<script type=\"application\/ld+json\" class=\"yoast-schema-graph\">{\"@context\":\"https:\/\/schema.org\",\"@graph\":[{\"@type\":\"WebSite\",\"@id\":\"https:\/\/franciscanos.org.br\/noticias\/#website\",\"url\":\"https:\/\/franciscanos.org.br\/noticias\/\",\"name\":\"Not\u00edcias - Franciscanos\",\"description\":\"Prov\u00edncia Franciscana da Imaculada Concei\u00e7\u00e3o do Brasil - Ordem dos Frades Menores - OFM\",\"potentialAction\":[{\"@type\":\"SearchAction\",\"target\":{\"@type\":\"EntryPoint\",\"urlTemplate\":\"https:\/\/franciscanos.org.br\/noticias\/?s={search_term_string}\"},\"query-input\":\"required name=search_term_string\"}],\"inLanguage\":\"pt-BR\"},{\"@type\":\"ImageObject\",\"inLanguage\":\"pt-BR\",\"@id\":\"https:\/\/franciscanos.org.br\/noticias\/frei-alessandro-nao-deixe-a-tristeza-dominar-o-seu-coracao.html#primaryimage\",\"url\":\"https:\/\/franciscanos.org.br\/noticias\/wp-content\/uploads\/2020\/05\/penha_1605d.jpg\",\"contentUrl\":\"https:\/\/franciscanos.org.br\/noticias\/wp-content\/uploads\/2020\/05\/penha_1605d.jpg\",\"width\":800,\"height\":600},{\"@type\":\"WebPage\",\"@id\":\"https:\/\/franciscanos.org.br\/noticias\/frei-alessandro-nao-deixe-a-tristeza-dominar-o-seu-coracao.html#webpage\",\"url\":\"https:\/\/franciscanos.org.br\/noticias\/frei-alessandro-nao-deixe-a-tristeza-dominar-o-seu-coracao.html\",\"name\":\"Frei Alessandro: \\\"N\u00e3o deixe a tristeza dominar o seu cora\u00e7\u00e3o!\\\" - Not\u00edcias - Franciscanos\",\"isPartOf\":{\"@id\":\"https:\/\/franciscanos.org.br\/noticias\/#website\"},\"primaryImageOfPage\":{\"@id\":\"https:\/\/franciscanos.org.br\/noticias\/frei-alessandro-nao-deixe-a-tristeza-dominar-o-seu-coracao.html#primaryimage\"},\"datePublished\":\"2020-05-16T21:52:13+00:00\",\"dateModified\":\"2020-05-17T12:01:59+00:00\",\"author\":{\"@id\":\"https:\/\/franciscanos.org.br\/noticias\/#\/schema\/person\/b5c8cba458c330ccff548b056e95a5d4\"},\"breadcrumb\":{\"@id\":\"https:\/\/franciscanos.org.br\/noticias\/frei-alessandro-nao-deixe-a-tristeza-dominar-o-seu-coracao.html#breadcrumb\"},\"inLanguage\":\"pt-BR\",\"potentialAction\":[{\"@type\":\"ReadAction\",\"target\":[\"https:\/\/franciscanos.org.br\/noticias\/frei-alessandro-nao-deixe-a-tristeza-dominar-o-seu-coracao.html\"]}]},{\"@type\":\"BreadcrumbList\",\"@id\":\"https:\/\/franciscanos.org.br\/noticias\/frei-alessandro-nao-deixe-a-tristeza-dominar-o-seu-coracao.html#breadcrumb\",\"itemListElement\":[{\"@type\":\"ListItem\",\"position\":1,\"name\":\"Home\",\"item\":\"https:\/\/franciscanos.org.br\/noticias\"},{\"@type\":\"ListItem\",\"position\":2,\"name\":\"Frei Alessandro: &#8220;N\u00e3o deixe a tristeza dominar o seu cora\u00e7\u00e3o!&#8221;\"}]},{\"@type\":\"Person\",\"@id\":\"https:\/\/franciscanos.org.br\/noticias\/#\/schema\/person\/b5c8cba458c330ccff548b056e95a5d4\",\"name\":\"moacir\",\"image\":{\"@type\":\"ImageObject\",\"inLanguage\":\"pt-BR\",\"@id\":\"https:\/\/franciscanos.org.br\/noticias\/#\/schema\/person\/image\/\",\"url\":\"https:\/\/secure.gravatar.com\/avatar\/d08aa2ce4c8dd416d4479aa8536fcf64?s=96&d=mm&r=g\",\"contentUrl\":\"https:\/\/secure.gravatar.com\/avatar\/d08aa2ce4c8dd416d4479aa8536fcf64?s=96&d=mm&r=g\",\"caption\":\"moacir\"},\"url\":\"https:\/\/franciscanos.org.br\/noticias\/author\/moacir\"}]}<\/script>\n<!-- \/ Yoast SEO plugin. -->","yoast_head_json":{"title":"Frei Alessandro: \"N\u00e3o deixe a tristeza dominar o seu cora\u00e7\u00e3o!\" - Not\u00edcias - Franciscanos","robots":{"index":"index","follow":"follow","max-snippet":"max-snippet:-1","max-image-preview":"max-image-preview:large","max-video-preview":"max-video-preview:-1"},"canonical":"https:\/\/franciscanos.org.br\/noticias\/frei-alessandro-nao-deixe-a-tristeza-dominar-o-seu-coracao.html","og_locale":"pt_BR","og_type":"article","og_title":"Frei Alessandro: \"N\u00e3o deixe a tristeza dominar o seu cora\u00e7\u00e3o!\" - Not\u00edcias - Franciscanos","og_description":"Celebra\u00e7\u00e3o do Abra\u00e7o e da Esperan\u00e7a","og_url":"https:\/\/franciscanos.org.br\/noticias\/frei-alessandro-nao-deixe-a-tristeza-dominar-o-seu-coracao.html","og_site_name":"Not\u00edcias - Franciscanos","article_published_time":"2020-05-16T21:52:13+00:00","article_modified_time":"2020-05-17T12:01:59+00:00","og_image":[{"width":800,"height":600,"url":"https:\/\/franciscanos.org.br\/noticias\/wp-content\/uploads\/2020\/05\/penha_1605d.jpg","type":"image\/jpeg"}],"author":"moacir","twitter_card":"summary_large_image","twitter_misc":{"Escrito por":"moacir","Est. tempo de leitura":"5 minutos"},"schema":{"@context":"https:\/\/schema.org","@graph":[{"@type":"WebSite","@id":"https:\/\/franciscanos.org.br\/noticias\/#website","url":"https:\/\/franciscanos.org.br\/noticias\/","name":"Not\u00edcias - Franciscanos","description":"Prov\u00edncia Franciscana da Imaculada Concei\u00e7\u00e3o do Brasil - Ordem dos Frades Menores - OFM","potentialAction":[{"@type":"SearchAction","target":{"@type":"EntryPoint","urlTemplate":"https:\/\/franciscanos.org.br\/noticias\/?s={search_term_string}"},"query-input":"required name=search_term_string"}],"inLanguage":"pt-BR"},{"@type":"ImageObject","inLanguage":"pt-BR","@id":"https:\/\/franciscanos.org.br\/noticias\/frei-alessandro-nao-deixe-a-tristeza-dominar-o-seu-coracao.html#primaryimage","url":"https:\/\/franciscanos.org.br\/noticias\/wp-content\/uploads\/2020\/05\/penha_1605d.jpg","contentUrl":"https:\/\/franciscanos.org.br\/noticias\/wp-content\/uploads\/2020\/05\/penha_1605d.jpg","width":800,"height":600},{"@type":"WebPage","@id":"https:\/\/franciscanos.org.br\/noticias\/frei-alessandro-nao-deixe-a-tristeza-dominar-o-seu-coracao.html#webpage","url":"https:\/\/franciscanos.org.br\/noticias\/frei-alessandro-nao-deixe-a-tristeza-dominar-o-seu-coracao.html","name":"Frei Alessandro: \"N\u00e3o deixe a tristeza dominar o seu cora\u00e7\u00e3o!\" - Not\u00edcias - Franciscanos","isPartOf":{"@id":"https:\/\/franciscanos.org.br\/noticias\/#website"},"primaryImageOfPage":{"@id":"https:\/\/franciscanos.org.br\/noticias\/frei-alessandro-nao-deixe-a-tristeza-dominar-o-seu-coracao.html#primaryimage"},"datePublished":"2020-05-16T21:52:13+00:00","dateModified":"2020-05-17T12:01:59+00:00","author":{"@id":"https:\/\/franciscanos.org.br\/noticias\/#\/schema\/person\/b5c8cba458c330ccff548b056e95a5d4"},"breadcrumb":{"@id":"https:\/\/franciscanos.org.br\/noticias\/frei-alessandro-nao-deixe-a-tristeza-dominar-o-seu-coracao.html#breadcrumb"},"inLanguage":"pt-BR","potentialAction":[{"@type":"ReadAction","target":["https:\/\/franciscanos.org.br\/noticias\/frei-alessandro-nao-deixe-a-tristeza-dominar-o-seu-coracao.html"]}]},{"@type":"BreadcrumbList","@id":"https:\/\/franciscanos.org.br\/noticias\/frei-alessandro-nao-deixe-a-tristeza-dominar-o-seu-coracao.html#breadcrumb","itemListElement":[{"@type":"ListItem","position":1,"name":"Home","item":"https:\/\/franciscanos.org.br\/noticias"},{"@type":"ListItem","position":2,"name":"Frei Alessandro: &#8220;N\u00e3o deixe a tristeza dominar o seu cora\u00e7\u00e3o!&#8221;"}]},{"@type":"Person","@id":"https:\/\/franciscanos.org.br\/noticias\/#\/schema\/person\/b5c8cba458c330ccff548b056e95a5d4","name":"moacir","image":{"@type":"ImageObject","inLanguage":"pt-BR","@id":"https:\/\/franciscanos.org.br\/noticias\/#\/schema\/person\/image\/","url":"https:\/\/secure.gravatar.com\/avatar\/d08aa2ce4c8dd416d4479aa8536fcf64?s=96&d=mm&r=g","contentUrl":"https:\/\/secure.gravatar.com\/avatar\/d08aa2ce4c8dd416d4479aa8536fcf64?s=96&d=mm&r=g","caption":"moacir"},"url":"https:\/\/franciscanos.org.br\/noticias\/author\/moacir"}]}},"_links":{"self":[{"href":"https:\/\/franciscanos.org.br\/noticias\/wp-json\/wp\/v2\/posts\/223880"}],"collection":[{"href":"https:\/\/franciscanos.org.br\/noticias\/wp-json\/wp\/v2\/posts"}],"about":[{"href":"https:\/\/franciscanos.org.br\/noticias\/wp-json\/wp\/v2\/types\/post"}],"author":[{"embeddable":true,"href":"https:\/\/franciscanos.org.br\/noticias\/wp-json\/wp\/v2\/users\/3"}],"replies":[{"embeddable":true,"href":"https:\/\/franciscanos.org.br\/noticias\/wp-json\/wp\/v2\/comments?post=223880"}],"version-history":[{"count":4,"href":"https:\/\/franciscanos.org.br\/noticias\/wp-json\/wp\/v2\/posts\/223880\/revisions"}],"predecessor-version":[{"id":223904,"href":"https:\/\/franciscanos.org.br\/noticias\/wp-json\/wp\/v2\/posts\/223880\/revisions\/223904"}],"wp:featuredmedia":[{"embeddable":true,"href":"https:\/\/franciscanos.org.br\/noticias\/wp-json\/wp\/v2\/media\/223887"}],"wp:attachment":[{"href":"https:\/\/franciscanos.org.br\/noticias\/wp-json\/wp\/v2\/media?parent=223880"}],"wp:term":[{"taxonomy":"category","embeddable":true,"href":"https:\/\/franciscanos.org.br\/noticias\/wp-json\/wp\/v2\/categories?post=223880"},{"taxonomy":"post_tag","embeddable":true,"href":"https:\/\/franciscanos.org.br\/noticias\/wp-json\/wp\/v2\/tags?post=223880"}],"curies":[{"name":"wp","href":"https:\/\/api.w.org\/{rel}","templated":true}]}}