{"id":223868,"date":"2020-05-16T07:03:21","date_gmt":"2020-05-16T10:03:21","guid":{"rendered":"https:\/\/franciscanos.org.br\/noticias\/?p=223868"},"modified":"2020-06-05T11:40:03","modified_gmt":"2020-06-05T14:40:03","slug":"papa-deus-nos-defenda-do-mundanismo-espiritual-que-corrompe-a-igreja","status":"publish","type":"post","link":"https:\/\/franciscanos.org.br\/noticias\/papa-deus-nos-defenda-do-mundanismo-espiritual-que-corrompe-a-igreja.html","title":{"rendered":"Papa: Deus nos defenda do mundanismo espiritual que corrompe a Igreja"},"content":{"rendered":"<p><img loading=\"lazy\" class=\"alignnone size-full wp-image-223869\" src=\"https:\/\/franciscanos.org.br\/noticias\/wp-content\/uploads\/2020\/05\/papa_1605.jpg\" alt=\"\" width=\"1280\" height=\"719\" srcset=\"https:\/\/franciscanos.org.br\/noticias\/wp-content\/uploads\/2020\/05\/papa_1605.jpg 1280w, https:\/\/franciscanos.org.br\/noticias\/wp-content\/uploads\/2020\/05\/papa_1605-450x253.jpg 450w, https:\/\/franciscanos.org.br\/noticias\/wp-content\/uploads\/2020\/05\/papa_1605-1024x575.jpg 1024w, https:\/\/franciscanos.org.br\/noticias\/wp-content\/uploads\/2020\/05\/papa_1605-768x431.jpg 768w, https:\/\/franciscanos.org.br\/noticias\/wp-content\/uploads\/2020\/05\/papa_1605-150x84.jpg 150w\" sizes=\"(max-width: 1280px) 100vw, 1280px\" \/><\/p>\n<p><strong>Cidade do Vaticano<\/strong> &#8211; O Papa Francisco presidiu a Missa na Casa Santa Marta na manh\u00e3 deste s\u00e1bado (16\/05) da quinta semana da P\u00e1scoa. Na introdu\u00e7\u00e3o dirigiu o pensamento aos que realizam o servi\u00e7o de sepultura dos mortos:<\/p>\n<p>Rezemos hoje pelas pessoas que t\u00eam a tarefa de sepultar os mortos nesta pandemia. \u00c9 uma das obras de miseric\u00f3rdia sepultar os mortos, e n\u00e3o \u00e9 uma coisa agrad\u00e1vel, naturalmente. Rezemos por essas pessoas que tamb\u00e9m arriscam a vida e ser contagiadas.<\/p>\n<p>Ou\u00e7a e compartilhe<br \/>\nNa homilia, o Papa comentou o Evangelho do dia (Jo 15,18-21) em que Jesus diz a seus disc\u00edpulos: \u201cSe o mundo vos odeia, sabei que primeiro me odiou a mim. Se f\u00f4sseis do mundo, o mundo gostaria daquilo que lhe pertence. Mas, porque n\u00e3o sois do mundo, porque eu vos escolhi e apartei do mundo, o mundo por isso vos odeia\u201d.<\/p>\n<p>Jesus \u2013 disse Francisco \u2013 muitas vezes fala do mundo, fala do \u00f3dio contra Ele e seus disc\u00edpulos e reza ao Pai para que n\u00e3o tire os disc\u00edpulos do mundo, mas os defenda do esp\u00edrito do mundo.<\/p>\n<p>O Papa se perguntou: \u201cQual \u00e9 o esp\u00edrito do mundo? O que \u00e9 esse mundanismo, capaz de odiar, de destruir Jesus e seus disc\u00edpulos, ali\u00e1s, de corromp\u00ea-los e de corromper a Igreja?\u201d. \u201cO mundanismo \u00e9 uma proposta de vida\u201d, \u201c\u00e9 uma cultura, \u00e9 uma cultura do ef\u00eamero, uma cultura do aparecer, da maquiagem, uma cultura \u2018do hoje sim, amanh\u00e3 n\u00e3o, amanh\u00e3 sim e hoje n\u00e3o\u2019. H\u00e1 valores superficiais. Uma cultura que n\u00e3o sabe o que \u00e9 fidelidade, porque muda segundo as circunst\u00e2ncias, negocia tudo. Essa \u00e9 a cultura mundana, a cultura dos mundanismos\u201d. E Jesus reza \u201cpara que o Pai nos defenda dessa cultura do mundanismo. \u00c9 uma cultura do descart\u00e1vel\u201d, segundo a conveni\u00eancia. \u201c\u00c9 uma cultura sem fidelidade\u201d e \u00e9 \u201cum modo de viver tamb\u00e9m de muitos que se dizem crist\u00e3os. S\u00e3o crist\u00e3os, mas s\u00e3o mundanos\u201d.<\/p>\n<p>\u201cJesus na Par\u00e1bola da semente que cai na terra diz que as preocupa\u00e7\u00f5es do mundo\u201d, isto \u00e9, o mundanismo, sufocam a Palavra de Deus, n\u00e3o a deixam crescer. Francisco citou um livro do padre Henri de Lubac no qual fala do mundanismo espiritual, dizendo \u201cque \u00e9 o pior dos males que pode acontecer \u00e0 Igreja; e n\u00e3o exagera\u201d descrevendo \u201calguns males que s\u00e3o terr\u00edveis\u201d. O mundanismo espiritual \u201c\u00e9 uma hermen\u00eautica de vida, \u00e9 um modo de viver; tamb\u00e9m um modo de viver o cristianismo. E para sobreviver diante da prega\u00e7\u00e3o do Evangelho, odeia, mata\u201d.<\/p>\n<p>O Papa falou dos m\u00e1rtires, assassinados por \u00f3dio \u00e0 f\u00e9, mas n\u00e3o s\u00e3o a maioria. A maioria \u00e9 assassinada pelo mundanismo que odeia a f\u00e9.<\/p>\n<p>O mundanismo \u2013 observou Francisco \u2013 n\u00e3o \u00e9 superficial, tem \u201cra\u00edzes profundas\u201d e \u00e9 \u201ccamale\u00f4nico, muda\u201d, segundo as circunst\u00e2ncias, mas a subst\u00e2ncia \u00e9 a mesma: uma proposta de vida que entra em todos os lugares, inclusive na Igreja. O mundanismo, a hermen\u00eautica mundana, a maquiagem, tudo se maquia para ser assim\u201d.<\/p>\n<p>Francisco recordou o discurso de Paulo no Are\u00f3pago de Atenas, que chama a aten\u00e7\u00e3o quando fala do \u201cdeus desconhecido\u201d e come\u00e7a a pregar o Evangelho: \u201cMas quando chegou \u00e0 cruz e \u00e0 ressurrei\u00e7\u00e3o se escandalizaram e foram embora. Tem uma coisa que o mundanismo n\u00e3o tolera: o esc\u00e2ndalo da Cruz. N\u00e3o tolera. E o \u00fanico rem\u00e9dio contra o esp\u00edrito do mundanismo \u00e9 Cristo morto e ressuscitado por n\u00f3s, esc\u00e2ndalo e loucura\u201d.<\/p>\n<p>O Ap\u00f3stolo Jo\u00e3o diz que \u201ca vit\u00f3ria contra o mundo \u00e9 a nossa f\u00e9\u201d, a \u00fanica vit\u00f3ria \u00e9 \u201ca f\u00e9 em Jesus Cristo, morto e ressuscitado. E isso n\u00e3o significa ser fan\u00e1ticos\u201d, deixar de dialogar com todas as pessoas, mas saber que a vit\u00f3ria contra o esp\u00edrito mundano \u00e9 a nossa f\u00e9, o esc\u00e2ndalo da Cruz.<\/p>\n<p>\u201cPe\u00e7amos ao Esp\u00edrito Santo\u201d \u2013 foi a ora\u00e7\u00e3o conclusiva do Papa Francisco \u2013 nestes \u00faltimos dias do tempo pascal, \u201ca gra\u00e7a de discernir o que \u00e9 mundanismo e o que \u00e9 Evangelho e que n\u00e3o nos deixemos enganar, porque o mundo nos odeia, o mundo odiou Jesus e Jesus rezou para que o Pai nos defendesse do esp\u00edrito do mundo\u201d.<\/p>\n<p>O Papa convidou a fazer a Comunh\u00e3o espiritual com a seguinte ora\u00e7\u00e3o:<\/p>\n<p style=\"padding-left: 40px;\"><em>Meu Jesus, eu creio que estais realmente presente no Sant\u00edssimo Sacramento do Altar. Amo-vos sobre todas as coisas, e minha alma suspira por V\u00f3s. Mas, como n\u00e3o posso receber-Vos agora no Sant\u00edssimo Sacramento, vinde, ao menos espiritualmente, a meu cora\u00e7\u00e3o. Abra\u00e7o-me convosco como se j\u00e1 estiv\u00e9sseis comigo: uno-me Convosco inteiramente. Ah! n\u00e3o permitais que torne a separar-me de V\u00f3s!<\/em><\/p>\n<p>Francisco terminou a celebra\u00e7\u00e3o com adora\u00e7\u00e3o e a b\u00ean\u00e7\u00e3o eucar\u00edstica. Antes de deixar a Capela dedicada ao Esp\u00edrito Santo, foi entoada a ant\u00edfona mariana \u201cRegina caeli\u201d, cantada no tempo pascal:<\/p>\n<p style=\"padding-left: 40px;\"><em>Rainha dos c\u00e9us, alegrai-vos. Aleluia!<\/em><\/p>\n<p style=\"padding-left: 40px;\"><em>Porque Aquele que merecestes trazer em vosso seio. Aleluia!<\/em><\/p>\n<p style=\"padding-left: 40px;\"><em>Ressuscitou como disse. Aleluia!<\/em><\/p>\n<p style=\"padding-left: 40px;\"><em>Rogai por n\u00f3s a Deus. Aleluia!<\/em><\/p>\n<p style=\"padding-left: 40px;\"><em>D.\/ Alegrai-vos e exultai, \u00f3 Virgem Maria. Aleluia!<\/em><\/p>\n<p style=\"padding-left: 40px;\"><em>C.\/ Porque o Senhor ressuscitou, verdadeiramente. Aleluia!<\/em><\/p>\n<p><em>Fonte: Vatican News<\/em><\/p>\n<p><a href=\"https:\/\/app.payplace.com.br\/pvf\/produtos\/todos\" target=\"_blank\" rel=\"noopener noreferrer\"><img loading=\"lazy\" class=\"alignnone wp-image-223849 size-full\" src=\"https:\/\/franciscanos.org.br\/noticias\/wp-content\/uploads\/2020\/05\/A-MISSAO-NAO-PODE-PARAR-1280x150-1.png\" alt=\"\" width=\"1280\" height=\"150\" srcset=\"https:\/\/franciscanos.org.br\/noticias\/wp-content\/uploads\/2020\/05\/A-MISSAO-NAO-PODE-PARAR-1280x150-1.png 1280w, https:\/\/franciscanos.org.br\/noticias\/wp-content\/uploads\/2020\/05\/A-MISSAO-NAO-PODE-PARAR-1280x150-1-450x53.png 450w, https:\/\/franciscanos.org.br\/noticias\/wp-content\/uploads\/2020\/05\/A-MISSAO-NAO-PODE-PARAR-1280x150-1-1024x120.png 1024w, https:\/\/franciscanos.org.br\/noticias\/wp-content\/uploads\/2020\/05\/A-MISSAO-NAO-PODE-PARAR-1280x150-1-768x90.png 768w, https:\/\/franciscanos.org.br\/noticias\/wp-content\/uploads\/2020\/05\/A-MISSAO-NAO-PODE-PARAR-1280x150-1-150x18.png 150w\" sizes=\"(max-width: 1280px) 100vw, 1280px\" \/><\/a><\/p>\n","protected":false},"excerpt":{"rendered":"<p>Missa em Santa Marta <\/p>\n","protected":false},"author":3,"featured_media":223870,"comment_status":"open","ping_status":"open","sticky":false,"template":"","format":"standard","meta":[],"categories":[1428],"tags":[1586],"acf":[],"yoast_head":"<!-- This site is optimized with the Yoast SEO plugin v19.2 - https:\/\/yoast.com\/wordpress\/plugins\/seo\/ -->\n<title>Papa: Deus nos defenda do mundanismo espiritual que corrompe a Igreja - Not\u00edcias - Franciscanos<\/title>\n<meta name=\"robots\" content=\"index, follow, max-snippet:-1, max-image-preview:large, max-video-preview:-1\" \/>\n<link rel=\"canonical\" href=\"https:\/\/franciscanos.org.br\/noticias\/papa-deus-nos-defenda-do-mundanismo-espiritual-que-corrompe-a-igreja.html\" \/>\n<meta property=\"og:locale\" content=\"pt_BR\" \/>\n<meta property=\"og:type\" content=\"article\" \/>\n<meta property=\"og:title\" content=\"Papa: Deus nos defenda do mundanismo espiritual que corrompe a Igreja - Not\u00edcias - Franciscanos\" \/>\n<meta property=\"og:description\" content=\"Missa em Santa Marta\" \/>\n<meta property=\"og:url\" content=\"https:\/\/franciscanos.org.br\/noticias\/papa-deus-nos-defenda-do-mundanismo-espiritual-que-corrompe-a-igreja.html\" \/>\n<meta property=\"og:site_name\" content=\"Not\u00edcias - Franciscanos\" \/>\n<meta property=\"article:published_time\" content=\"2020-05-16T10:03:21+00:00\" \/>\n<meta property=\"article:modified_time\" content=\"2020-06-05T14:40:03+00:00\" \/>\n<meta property=\"og:image\" content=\"https:\/\/franciscanos.org.br\/noticias\/wp-content\/uploads\/2020\/05\/papa_1605d.jpg\" \/>\n\t<meta property=\"og:image:width\" content=\"800\" \/>\n\t<meta property=\"og:image:height\" content=\"600\" \/>\n\t<meta property=\"og:image:type\" content=\"image\/jpeg\" \/>\n<meta name=\"author\" content=\"moacir\" \/>\n<meta name=\"twitter:card\" content=\"summary_large_image\" \/>\n<meta name=\"twitter:label1\" content=\"Escrito por\" \/>\n\t<meta name=\"twitter:data1\" content=\"moacir\" \/>\n\t<meta name=\"twitter:label2\" content=\"Est. tempo de leitura\" \/>\n\t<meta name=\"twitter:data2\" content=\"4 minutos\" \/>\n<script type=\"application\/ld+json\" class=\"yoast-schema-graph\">{\"@context\":\"https:\/\/schema.org\",\"@graph\":[{\"@type\":\"WebSite\",\"@id\":\"https:\/\/franciscanos.org.br\/noticias\/#website\",\"url\":\"https:\/\/franciscanos.org.br\/noticias\/\",\"name\":\"Not\u00edcias - Franciscanos\",\"description\":\"Prov\u00edncia Franciscana da Imaculada Concei\u00e7\u00e3o do Brasil - Ordem dos Frades Menores - OFM\",\"potentialAction\":[{\"@type\":\"SearchAction\",\"target\":{\"@type\":\"EntryPoint\",\"urlTemplate\":\"https:\/\/franciscanos.org.br\/noticias\/?s={search_term_string}\"},\"query-input\":\"required name=search_term_string\"}],\"inLanguage\":\"pt-BR\"},{\"@type\":\"ImageObject\",\"inLanguage\":\"pt-BR\",\"@id\":\"https:\/\/franciscanos.org.br\/noticias\/papa-deus-nos-defenda-do-mundanismo-espiritual-que-corrompe-a-igreja.html#primaryimage\",\"url\":\"https:\/\/franciscanos.org.br\/noticias\/wp-content\/uploads\/2020\/05\/papa_1605d.jpg\",\"contentUrl\":\"https:\/\/franciscanos.org.br\/noticias\/wp-content\/uploads\/2020\/05\/papa_1605d.jpg\",\"width\":800,\"height\":600},{\"@type\":\"WebPage\",\"@id\":\"https:\/\/franciscanos.org.br\/noticias\/papa-deus-nos-defenda-do-mundanismo-espiritual-que-corrompe-a-igreja.html#webpage\",\"url\":\"https:\/\/franciscanos.org.br\/noticias\/papa-deus-nos-defenda-do-mundanismo-espiritual-que-corrompe-a-igreja.html\",\"name\":\"Papa: Deus nos defenda do mundanismo espiritual que corrompe a Igreja - Not\u00edcias - Franciscanos\",\"isPartOf\":{\"@id\":\"https:\/\/franciscanos.org.br\/noticias\/#website\"},\"primaryImageOfPage\":{\"@id\":\"https:\/\/franciscanos.org.br\/noticias\/papa-deus-nos-defenda-do-mundanismo-espiritual-que-corrompe-a-igreja.html#primaryimage\"},\"datePublished\":\"2020-05-16T10:03:21+00:00\",\"dateModified\":\"2020-06-05T14:40:03+00:00\",\"author\":{\"@id\":\"https:\/\/franciscanos.org.br\/noticias\/#\/schema\/person\/b5c8cba458c330ccff548b056e95a5d4\"},\"breadcrumb\":{\"@id\":\"https:\/\/franciscanos.org.br\/noticias\/papa-deus-nos-defenda-do-mundanismo-espiritual-que-corrompe-a-igreja.html#breadcrumb\"},\"inLanguage\":\"pt-BR\",\"potentialAction\":[{\"@type\":\"ReadAction\",\"target\":[\"https:\/\/franciscanos.org.br\/noticias\/papa-deus-nos-defenda-do-mundanismo-espiritual-que-corrompe-a-igreja.html\"]}]},{\"@type\":\"BreadcrumbList\",\"@id\":\"https:\/\/franciscanos.org.br\/noticias\/papa-deus-nos-defenda-do-mundanismo-espiritual-que-corrompe-a-igreja.html#breadcrumb\",\"itemListElement\":[{\"@type\":\"ListItem\",\"position\":1,\"name\":\"Home\",\"item\":\"https:\/\/franciscanos.org.br\/noticias\"},{\"@type\":\"ListItem\",\"position\":2,\"name\":\"Papa: Deus nos defenda do mundanismo espiritual que corrompe a Igreja\"}]},{\"@type\":\"Person\",\"@id\":\"https:\/\/franciscanos.org.br\/noticias\/#\/schema\/person\/b5c8cba458c330ccff548b056e95a5d4\",\"name\":\"moacir\",\"image\":{\"@type\":\"ImageObject\",\"inLanguage\":\"pt-BR\",\"@id\":\"https:\/\/franciscanos.org.br\/noticias\/#\/schema\/person\/image\/\",\"url\":\"https:\/\/secure.gravatar.com\/avatar\/d08aa2ce4c8dd416d4479aa8536fcf64?s=96&d=mm&r=g\",\"contentUrl\":\"https:\/\/secure.gravatar.com\/avatar\/d08aa2ce4c8dd416d4479aa8536fcf64?s=96&d=mm&r=g\",\"caption\":\"moacir\"},\"url\":\"https:\/\/franciscanos.org.br\/noticias\/author\/moacir\"}]}<\/script>\n<!-- \/ Yoast SEO plugin. -->","yoast_head_json":{"title":"Papa: Deus nos defenda do mundanismo espiritual que corrompe a Igreja - Not\u00edcias - Franciscanos","robots":{"index":"index","follow":"follow","max-snippet":"max-snippet:-1","max-image-preview":"max-image-preview:large","max-video-preview":"max-video-preview:-1"},"canonical":"https:\/\/franciscanos.org.br\/noticias\/papa-deus-nos-defenda-do-mundanismo-espiritual-que-corrompe-a-igreja.html","og_locale":"pt_BR","og_type":"article","og_title":"Papa: Deus nos defenda do mundanismo espiritual que corrompe a Igreja - Not\u00edcias - Franciscanos","og_description":"Missa em Santa Marta","og_url":"https:\/\/franciscanos.org.br\/noticias\/papa-deus-nos-defenda-do-mundanismo-espiritual-que-corrompe-a-igreja.html","og_site_name":"Not\u00edcias - Franciscanos","article_published_time":"2020-05-16T10:03:21+00:00","article_modified_time":"2020-06-05T14:40:03+00:00","og_image":[{"width":800,"height":600,"url":"https:\/\/franciscanos.org.br\/noticias\/wp-content\/uploads\/2020\/05\/papa_1605d.jpg","type":"image\/jpeg"}],"author":"moacir","twitter_card":"summary_large_image","twitter_misc":{"Escrito por":"moacir","Est. tempo de leitura":"4 minutos"},"schema":{"@context":"https:\/\/schema.org","@graph":[{"@type":"WebSite","@id":"https:\/\/franciscanos.org.br\/noticias\/#website","url":"https:\/\/franciscanos.org.br\/noticias\/","name":"Not\u00edcias - Franciscanos","description":"Prov\u00edncia Franciscana da Imaculada Concei\u00e7\u00e3o do Brasil - Ordem dos Frades Menores - OFM","potentialAction":[{"@type":"SearchAction","target":{"@type":"EntryPoint","urlTemplate":"https:\/\/franciscanos.org.br\/noticias\/?s={search_term_string}"},"query-input":"required name=search_term_string"}],"inLanguage":"pt-BR"},{"@type":"ImageObject","inLanguage":"pt-BR","@id":"https:\/\/franciscanos.org.br\/noticias\/papa-deus-nos-defenda-do-mundanismo-espiritual-que-corrompe-a-igreja.html#primaryimage","url":"https:\/\/franciscanos.org.br\/noticias\/wp-content\/uploads\/2020\/05\/papa_1605d.jpg","contentUrl":"https:\/\/franciscanos.org.br\/noticias\/wp-content\/uploads\/2020\/05\/papa_1605d.jpg","width":800,"height":600},{"@type":"WebPage","@id":"https:\/\/franciscanos.org.br\/noticias\/papa-deus-nos-defenda-do-mundanismo-espiritual-que-corrompe-a-igreja.html#webpage","url":"https:\/\/franciscanos.org.br\/noticias\/papa-deus-nos-defenda-do-mundanismo-espiritual-que-corrompe-a-igreja.html","name":"Papa: Deus nos defenda do mundanismo espiritual que corrompe a Igreja - Not\u00edcias - Franciscanos","isPartOf":{"@id":"https:\/\/franciscanos.org.br\/noticias\/#website"},"primaryImageOfPage":{"@id":"https:\/\/franciscanos.org.br\/noticias\/papa-deus-nos-defenda-do-mundanismo-espiritual-que-corrompe-a-igreja.html#primaryimage"},"datePublished":"2020-05-16T10:03:21+00:00","dateModified":"2020-06-05T14:40:03+00:00","author":{"@id":"https:\/\/franciscanos.org.br\/noticias\/#\/schema\/person\/b5c8cba458c330ccff548b056e95a5d4"},"breadcrumb":{"@id":"https:\/\/franciscanos.org.br\/noticias\/papa-deus-nos-defenda-do-mundanismo-espiritual-que-corrompe-a-igreja.html#breadcrumb"},"inLanguage":"pt-BR","potentialAction":[{"@type":"ReadAction","target":["https:\/\/franciscanos.org.br\/noticias\/papa-deus-nos-defenda-do-mundanismo-espiritual-que-corrompe-a-igreja.html"]}]},{"@type":"BreadcrumbList","@id":"https:\/\/franciscanos.org.br\/noticias\/papa-deus-nos-defenda-do-mundanismo-espiritual-que-corrompe-a-igreja.html#breadcrumb","itemListElement":[{"@type":"ListItem","position":1,"name":"Home","item":"https:\/\/franciscanos.org.br\/noticias"},{"@type":"ListItem","position":2,"name":"Papa: Deus nos defenda do mundanismo espiritual que corrompe a Igreja"}]},{"@type":"Person","@id":"https:\/\/franciscanos.org.br\/noticias\/#\/schema\/person\/b5c8cba458c330ccff548b056e95a5d4","name":"moacir","image":{"@type":"ImageObject","inLanguage":"pt-BR","@id":"https:\/\/franciscanos.org.br\/noticias\/#\/schema\/person\/image\/","url":"https:\/\/secure.gravatar.com\/avatar\/d08aa2ce4c8dd416d4479aa8536fcf64?s=96&d=mm&r=g","contentUrl":"https:\/\/secure.gravatar.com\/avatar\/d08aa2ce4c8dd416d4479aa8536fcf64?s=96&d=mm&r=g","caption":"moacir"},"url":"https:\/\/franciscanos.org.br\/noticias\/author\/moacir"}]}},"_links":{"self":[{"href":"https:\/\/franciscanos.org.br\/noticias\/wp-json\/wp\/v2\/posts\/223868"}],"collection":[{"href":"https:\/\/franciscanos.org.br\/noticias\/wp-json\/wp\/v2\/posts"}],"about":[{"href":"https:\/\/franciscanos.org.br\/noticias\/wp-json\/wp\/v2\/types\/post"}],"author":[{"embeddable":true,"href":"https:\/\/franciscanos.org.br\/noticias\/wp-json\/wp\/v2\/users\/3"}],"replies":[{"embeddable":true,"href":"https:\/\/franciscanos.org.br\/noticias\/wp-json\/wp\/v2\/comments?post=223868"}],"version-history":[{"count":3,"href":"https:\/\/franciscanos.org.br\/noticias\/wp-json\/wp\/v2\/posts\/223868\/revisions"}],"predecessor-version":[{"id":224201,"href":"https:\/\/franciscanos.org.br\/noticias\/wp-json\/wp\/v2\/posts\/223868\/revisions\/224201"}],"wp:featuredmedia":[{"embeddable":true,"href":"https:\/\/franciscanos.org.br\/noticias\/wp-json\/wp\/v2\/media\/223870"}],"wp:attachment":[{"href":"https:\/\/franciscanos.org.br\/noticias\/wp-json\/wp\/v2\/media?parent=223868"}],"wp:term":[{"taxonomy":"category","embeddable":true,"href":"https:\/\/franciscanos.org.br\/noticias\/wp-json\/wp\/v2\/categories?post=223868"},{"taxonomy":"post_tag","embeddable":true,"href":"https:\/\/franciscanos.org.br\/noticias\/wp-json\/wp\/v2\/tags?post=223868"}],"curies":[{"name":"wp","href":"https:\/\/api.w.org\/{rel}","templated":true}]}}