{"id":223853,"date":"2020-05-15T22:20:30","date_gmt":"2020-05-16T01:20:30","guid":{"rendered":"https:\/\/franciscanos.org.br\/noticias\/?p=223853"},"modified":"2020-05-15T22:20:30","modified_gmt":"2020-05-16T01:20:30","slug":"o-choro-de-deus-e-a-compaixao-afirma-frei-clauzemir","status":"publish","type":"post","link":"https:\/\/franciscanos.org.br\/noticias\/o-choro-de-deus-e-a-compaixao-afirma-frei-clauzemir.html","title":{"rendered":"\u201cO choro de Deus \u00e9 a compaix\u00e3o\u201d, afirma Frei Clauzemir"},"content":{"rendered":"<p><img loading=\"lazy\" class=\"alignnone size-full wp-image-223858\" src=\"https:\/\/franciscanos.org.br\/noticias\/wp-content\/uploads\/2020\/05\/baln_150520_or4.jpg\" alt=\"\" width=\"890\" height=\"500\" srcset=\"https:\/\/franciscanos.org.br\/noticias\/wp-content\/uploads\/2020\/05\/baln_150520_or4.jpg 890w, https:\/\/franciscanos.org.br\/noticias\/wp-content\/uploads\/2020\/05\/baln_150520_or4-450x253.jpg 450w, https:\/\/franciscanos.org.br\/noticias\/wp-content\/uploads\/2020\/05\/baln_150520_or4-768x431.jpg 768w, https:\/\/franciscanos.org.br\/noticias\/wp-content\/uploads\/2020\/05\/baln_150520_or4-150x84.jpg 150w\" sizes=\"(max-width: 890px) 100vw, 890px\" \/><\/p>\n<p><strong>S\u00e3o Paulo (SP) \u2013<\/strong> Nesta sexta-feira (15\/05) a Fraternidade e Par\u00f3quia Santa In\u00eas, em Balne\u00e1rio Cambori\u00fa (SC), acolheu a \u201cCelebra\u00e7\u00e3o do Abra\u00e7o e da Esperan\u00e7a\u201d, que est\u00e1 sendo realizada desde domingo, em mem\u00f3ria das v\u00edtimas fatais da covid-19. A ora\u00e7\u00e3o \u00e9 transmitida ao vivo atrav\u00e9s da <a href=\"http:\/\/youtube.com\/tvfranciscanos\" target=\"_blank\" rel=\"noopener noreferrer\">TVFranciscanos<\/a>, no YouTube. Em sua homilia, falando sobre o choro de Jesus diante da morte do amigo L\u00e1zaro, Frei Clauzemir Makximovitz explicou: \u201cO choro de Deus \u00e9 a compaix\u00e3o. Daquele que conhece, ama e assume\u201d.<\/p>\n<p>Segundo o p\u00e1roco e definidor provincial, Frei Daniel Dellandrea, a iniciativa \u00e9 uma forma simples da Prov\u00edncia Franciscana da Imaculada Concei\u00e7\u00e3o expressar a comunh\u00e3o e solidariedade com todos os amigos e familiares das v\u00edtimas. \u201cQuando cremos, a nossa tristeza se torna menos pesada. Sintam-se sempre pr\u00f3ximos de n\u00f3s, franciscanos\u201d, consolou o frade.<\/p>\n<p>Na homilia, o vig\u00e1rio paroquial, Frei Clauzemir, falou sobre o valor da ora\u00e7\u00e3o. O gesto de rezar demonstra a proximidade com Deus. \u201cRezamos quando nos deparamos com momentos espec\u00edficos de nossa vida, como uma nova vida, o in\u00edcio de uma fam\u00edlia, em a\u00e7\u00e3o de gra\u00e7as, para pedir aux\u00edlio e recordar como Deus \u00e9 pr\u00f3ximo de n\u00f3s. Em todos os momentos de nossa vida, principalmente os que mais importam, n\u00f3s celebramos rezando\u201d, recordou.<\/p>\n<p>Segundo o frade, a ora\u00e7\u00e3o \u2013 desde as grandes liturgias da Igreja at\u00e9 o simples gesto devocional do sinal da cruz \u2013 \u00e9 um testemunho de f\u00e9 e declaram que Deus n\u00e3o \u00e9 distante daqueles que rezam, mas um companheiro. \u201cN\u00e3o expomos nossa fragilidade diante de um estranho. Ora\u00e7\u00e3o \u00e9 intimidade com Deus\u201d, acrescentou Frei Clauzemir.<\/p>\n<div id=\"attachment_223857\" style=\"width: 900px\" class=\"wp-caption alignnone\"><img aria-describedby=\"caption-attachment-223857\" loading=\"lazy\" class=\"wp-image-223857 size-full\" src=\"https:\/\/franciscanos.org.br\/noticias\/wp-content\/uploads\/2020\/05\/baln_150520_hom2.jpg\" alt=\"\" width=\"890\" height=\"500\" srcset=\"https:\/\/franciscanos.org.br\/noticias\/wp-content\/uploads\/2020\/05\/baln_150520_hom2.jpg 890w, https:\/\/franciscanos.org.br\/noticias\/wp-content\/uploads\/2020\/05\/baln_150520_hom2-450x253.jpg 450w, https:\/\/franciscanos.org.br\/noticias\/wp-content\/uploads\/2020\/05\/baln_150520_hom2-768x431.jpg 768w, https:\/\/franciscanos.org.br\/noticias\/wp-content\/uploads\/2020\/05\/baln_150520_hom2-150x84.jpg 150w\" sizes=\"(max-width: 890px) 100vw, 890px\" \/><p id=\"caption-attachment-223857\" class=\"wp-caption-text\"><i>Frei Clauzemir Makximovitz fez a homilia na Celebra\u00e7\u00e3o<\/i><\/p><\/div>\n<p>Refletindo sobre o evangelho lido na celebra\u00e7\u00e3o, da ressurrei\u00e7\u00e3o de L\u00e1zaro, o frade explica que Jesus n\u00e3o chora por desespero, mas por conhecer e assumir o amor que sentia pelo amigo que havia partido. \u201cO choro de Deus \u00e9 a compaix\u00e3o, de quem conhece, ama e assume\u201d, ressaltou.<\/p>\n<p>Frei Clauzemir acrescentou que por ter vivido tal situa\u00e7\u00e3o, Jesus compreende a dor sentida por aqueles que perdem seus entes queridos. \u201cDeus compreende nosso sentimento de impot\u00eancia, e estende seu ombro amigo para acolher nosso pranto\u201d, salientou o frade.<\/p>\n<p>Mas apesar da dor, Deus d\u00e1 esperan\u00e7a \u00e0queles que sofrem, ensinando a ressignificar todas as situa\u00e7\u00f5es de aparente e poss\u00edvel desespero. \u201cQue a nossa ora\u00e7\u00e3o seja celebra\u00e7\u00e3o da intimidade, n\u00e3o de um Deus distante, mas de algu\u00e9m que caminha conosco. Os amigos e entes queridos nos precedem no encontro com o Pai\u201d, concluiu o vig\u00e1rio paroquial.<\/p>\n<p>Ao final da Celebra\u00e7\u00e3o, Frei Daniel Dellandrea rezou, pedindo a intercess\u00e3o da Virgem Maria para \u201caqueles que se sentem perdidos e choram por seus familiares mortos, e por vezes sepultados de uma maneira que fere a alma. Sustentai aqueles que est\u00e3o angustiados por pessoas enfermas e de quem n\u00e3o se podem aproximar para impedir o cont\u00e1gio. Infundi confian\u00e7a em que vive ansioso com o futuro incerto e as consequ\u00eancias sobre a economia e o trabalho\u201d.<\/p>\n<div id=\"attachment_223859\" style=\"width: 900px\" class=\"wp-caption alignnone\"><img aria-describedby=\"caption-attachment-223859\" loading=\"lazy\" class=\"size-full wp-image-223859\" src=\"https:\/\/franciscanos.org.br\/noticias\/wp-content\/uploads\/2020\/05\/baln_150520_falec.jpg\" alt=\"\" width=\"890\" height=\"500\" srcset=\"https:\/\/franciscanos.org.br\/noticias\/wp-content\/uploads\/2020\/05\/baln_150520_falec.jpg 890w, https:\/\/franciscanos.org.br\/noticias\/wp-content\/uploads\/2020\/05\/baln_150520_falec-450x253.jpg 450w, https:\/\/franciscanos.org.br\/noticias\/wp-content\/uploads\/2020\/05\/baln_150520_falec-768x431.jpg 768w, https:\/\/franciscanos.org.br\/noticias\/wp-content\/uploads\/2020\/05\/baln_150520_falec-150x84.jpg 150w\" sizes=\"(max-width: 890px) 100vw, 890px\" \/><p id=\"caption-attachment-223859\" class=\"wp-caption-text\"><i>Falecidos cuja mem\u00f3ria foi lembrada nesta sexta-feira<\/i><\/p><\/div>\n<p>A Celebra\u00e7\u00e3o do Abra\u00e7o e da Esperan\u00e7a est\u00e1 sendo realizada durante toda a semana em diversas par\u00f3quias e conventos da Prov\u00edncia e transmitida atrav\u00e9s da <em>TVFranciscanos<\/em> (<a href=\"http:\/\/youtube.com\/tvfranciscanos\" target=\"_blank\" rel=\"noopener noreferrer\">LINK<\/a>). Para enviar as inten\u00e7\u00f5es, mande uma mensagem de <em>WhatsApp<\/em> para <a href=\"https:\/\/api.whatsapp.com\/send?1=pt_BR&amp;phone=5511976932430\" target=\"_blank\" rel=\"noopener noreferrer\">(11) 97693-2430<\/a>. Neste n\u00famero, \u00e9 poss\u00edvel encaminhar a foto de seu amigo ou familiar falecido, com nome completo, local e data de nascimento e falecimento.<\/p>\n<p>Amanh\u00e3 acontece a \u00faltima ora\u00e7\u00e3o, que ser\u00e1 realizada \u00e0s<strong> 17h<\/strong> no <strong>Convento da Penha<\/strong>, em Vila Velha (ES).<\/p>\n<p><a href=\"https:\/\/app.payplace.com.br\/pvf\/produtos\/todos\" target=\"_blank\" rel=\"noopener noreferrer\"><img loading=\"lazy\" class=\"alignnone wp-image-223849 size-full\" src=\"https:\/\/franciscanos.org.br\/noticias\/wp-content\/uploads\/2020\/05\/A-MISSAO-NAO-PODE-PARAR-1280x150-1.png\" alt=\"\" width=\"1280\" height=\"150\" srcset=\"https:\/\/franciscanos.org.br\/noticias\/wp-content\/uploads\/2020\/05\/A-MISSAO-NAO-PODE-PARAR-1280x150-1.png 1280w, https:\/\/franciscanos.org.br\/noticias\/wp-content\/uploads\/2020\/05\/A-MISSAO-NAO-PODE-PARAR-1280x150-1-450x53.png 450w, https:\/\/franciscanos.org.br\/noticias\/wp-content\/uploads\/2020\/05\/A-MISSAO-NAO-PODE-PARAR-1280x150-1-1024x120.png 1024w, https:\/\/franciscanos.org.br\/noticias\/wp-content\/uploads\/2020\/05\/A-MISSAO-NAO-PODE-PARAR-1280x150-1-768x90.png 768w, https:\/\/franciscanos.org.br\/noticias\/wp-content\/uploads\/2020\/05\/A-MISSAO-NAO-PODE-PARAR-1280x150-1-150x18.png 150w\" sizes=\"(max-width: 1280px) 100vw, 1280px\" \/><\/a><\/p>\n","protected":false},"excerpt":{"rendered":"<p>Celebra\u00e7\u00e3o do Abra\u00e7o e da Esperan\u00e7a<\/p>\n","protected":false},"author":1,"featured_media":223856,"comment_status":"open","ping_status":"open","sticky":false,"template":"","format":"standard","meta":[],"categories":[1],"tags":[1620],"acf":[],"yoast_head":"<!-- This site is optimized with the Yoast SEO plugin v19.2 - https:\/\/yoast.com\/wordpress\/plugins\/seo\/ -->\n<title>\u201cO choro de Deus \u00e9 a compaix\u00e3o\u201d, afirma Frei Clauzemir - Not\u00edcias - Franciscanos<\/title>\n<meta name=\"robots\" content=\"index, follow, max-snippet:-1, max-image-preview:large, max-video-preview:-1\" \/>\n<link rel=\"canonical\" href=\"https:\/\/franciscanos.org.br\/noticias\/o-choro-de-deus-e-a-compaixao-afirma-frei-clauzemir.html\" \/>\n<meta property=\"og:locale\" content=\"pt_BR\" \/>\n<meta property=\"og:type\" content=\"article\" \/>\n<meta property=\"og:title\" content=\"\u201cO choro de Deus \u00e9 a compaix\u00e3o\u201d, afirma Frei Clauzemir - Not\u00edcias - Franciscanos\" \/>\n<meta property=\"og:description\" content=\"Celebra\u00e7\u00e3o do Abra\u00e7o e da Esperan\u00e7a\" \/>\n<meta property=\"og:url\" content=\"https:\/\/franciscanos.org.br\/noticias\/o-choro-de-deus-e-a-compaixao-afirma-frei-clauzemir.html\" \/>\n<meta property=\"og:site_name\" content=\"Not\u00edcias - Franciscanos\" \/>\n<meta property=\"article:published_time\" content=\"2020-05-16T01:20:30+00:00\" \/>\n<meta property=\"og:image\" content=\"https:\/\/franciscanos.org.br\/noticias\/wp-content\/uploads\/2020\/05\/baln_150520_p.jpg\" \/>\n\t<meta property=\"og:image:width\" content=\"800\" \/>\n\t<meta property=\"og:image:height\" content=\"600\" \/>\n\t<meta property=\"og:image:type\" content=\"image\/jpeg\" \/>\n<meta name=\"author\" content=\"admin\" \/>\n<meta name=\"twitter:card\" content=\"summary_large_image\" \/>\n<meta name=\"twitter:label1\" content=\"Escrito por\" \/>\n\t<meta name=\"twitter:data1\" content=\"admin\" \/>\n\t<meta name=\"twitter:label2\" content=\"Est. tempo de leitura\" \/>\n\t<meta name=\"twitter:data2\" content=\"3 minutos\" \/>\n<script type=\"application\/ld+json\" class=\"yoast-schema-graph\">{\"@context\":\"https:\/\/schema.org\",\"@graph\":[{\"@type\":\"WebSite\",\"@id\":\"https:\/\/franciscanos.org.br\/noticias\/#website\",\"url\":\"https:\/\/franciscanos.org.br\/noticias\/\",\"name\":\"Not\u00edcias - Franciscanos\",\"description\":\"Prov\u00edncia Franciscana da Imaculada Concei\u00e7\u00e3o do Brasil - Ordem dos Frades Menores - OFM\",\"potentialAction\":[{\"@type\":\"SearchAction\",\"target\":{\"@type\":\"EntryPoint\",\"urlTemplate\":\"https:\/\/franciscanos.org.br\/noticias\/?s={search_term_string}\"},\"query-input\":\"required name=search_term_string\"}],\"inLanguage\":\"pt-BR\"},{\"@type\":\"ImageObject\",\"inLanguage\":\"pt-BR\",\"@id\":\"https:\/\/franciscanos.org.br\/noticias\/o-choro-de-deus-e-a-compaixao-afirma-frei-clauzemir.html#primaryimage\",\"url\":\"https:\/\/franciscanos.org.br\/noticias\/wp-content\/uploads\/2020\/05\/baln_150520_p.jpg\",\"contentUrl\":\"https:\/\/franciscanos.org.br\/noticias\/wp-content\/uploads\/2020\/05\/baln_150520_p.jpg\",\"width\":800,\"height\":600},{\"@type\":\"WebPage\",\"@id\":\"https:\/\/franciscanos.org.br\/noticias\/o-choro-de-deus-e-a-compaixao-afirma-frei-clauzemir.html#webpage\",\"url\":\"https:\/\/franciscanos.org.br\/noticias\/o-choro-de-deus-e-a-compaixao-afirma-frei-clauzemir.html\",\"name\":\"\u201cO choro de Deus \u00e9 a compaix\u00e3o\u201d, afirma Frei Clauzemir - Not\u00edcias - Franciscanos\",\"isPartOf\":{\"@id\":\"https:\/\/franciscanos.org.br\/noticias\/#website\"},\"primaryImageOfPage\":{\"@id\":\"https:\/\/franciscanos.org.br\/noticias\/o-choro-de-deus-e-a-compaixao-afirma-frei-clauzemir.html#primaryimage\"},\"datePublished\":\"2020-05-16T01:20:30+00:00\",\"dateModified\":\"2020-05-16T01:20:30+00:00\",\"author\":{\"@id\":\"https:\/\/franciscanos.org.br\/noticias\/#\/schema\/person\/b38fbf43118f02820bd932f2e4b14ad3\"},\"breadcrumb\":{\"@id\":\"https:\/\/franciscanos.org.br\/noticias\/o-choro-de-deus-e-a-compaixao-afirma-frei-clauzemir.html#breadcrumb\"},\"inLanguage\":\"pt-BR\",\"potentialAction\":[{\"@type\":\"ReadAction\",\"target\":[\"https:\/\/franciscanos.org.br\/noticias\/o-choro-de-deus-e-a-compaixao-afirma-frei-clauzemir.html\"]}]},{\"@type\":\"BreadcrumbList\",\"@id\":\"https:\/\/franciscanos.org.br\/noticias\/o-choro-de-deus-e-a-compaixao-afirma-frei-clauzemir.html#breadcrumb\",\"itemListElement\":[{\"@type\":\"ListItem\",\"position\":1,\"name\":\"Home\",\"item\":\"https:\/\/franciscanos.org.br\/noticias\"},{\"@type\":\"ListItem\",\"position\":2,\"name\":\"\u201cO choro de Deus \u00e9 a compaix\u00e3o\u201d, afirma Frei Clauzemir\"}]},{\"@type\":\"Person\",\"@id\":\"https:\/\/franciscanos.org.br\/noticias\/#\/schema\/person\/b38fbf43118f02820bd932f2e4b14ad3\",\"name\":\"admin\",\"image\":{\"@type\":\"ImageObject\",\"inLanguage\":\"pt-BR\",\"@id\":\"https:\/\/franciscanos.org.br\/noticias\/#\/schema\/person\/image\/\",\"url\":\"https:\/\/secure.gravatar.com\/avatar\/e8495742d34d0ba6448ea1c628263b3e?s=96&d=mm&r=g\",\"contentUrl\":\"https:\/\/secure.gravatar.com\/avatar\/e8495742d34d0ba6448ea1c628263b3e?s=96&d=mm&r=g\",\"caption\":\"admin\"},\"url\":\"https:\/\/franciscanos.org.br\/noticias\/author\/admin\"}]}<\/script>\n<!-- \/ Yoast SEO plugin. -->","yoast_head_json":{"title":"\u201cO choro de Deus \u00e9 a compaix\u00e3o\u201d, afirma Frei Clauzemir - Not\u00edcias - Franciscanos","robots":{"index":"index","follow":"follow","max-snippet":"max-snippet:-1","max-image-preview":"max-image-preview:large","max-video-preview":"max-video-preview:-1"},"canonical":"https:\/\/franciscanos.org.br\/noticias\/o-choro-de-deus-e-a-compaixao-afirma-frei-clauzemir.html","og_locale":"pt_BR","og_type":"article","og_title":"\u201cO choro de Deus \u00e9 a compaix\u00e3o\u201d, afirma Frei Clauzemir - Not\u00edcias - Franciscanos","og_description":"Celebra\u00e7\u00e3o do Abra\u00e7o e da Esperan\u00e7a","og_url":"https:\/\/franciscanos.org.br\/noticias\/o-choro-de-deus-e-a-compaixao-afirma-frei-clauzemir.html","og_site_name":"Not\u00edcias - Franciscanos","article_published_time":"2020-05-16T01:20:30+00:00","og_image":[{"width":800,"height":600,"url":"https:\/\/franciscanos.org.br\/noticias\/wp-content\/uploads\/2020\/05\/baln_150520_p.jpg","type":"image\/jpeg"}],"author":"admin","twitter_card":"summary_large_image","twitter_misc":{"Escrito por":"admin","Est. tempo de leitura":"3 minutos"},"schema":{"@context":"https:\/\/schema.org","@graph":[{"@type":"WebSite","@id":"https:\/\/franciscanos.org.br\/noticias\/#website","url":"https:\/\/franciscanos.org.br\/noticias\/","name":"Not\u00edcias - Franciscanos","description":"Prov\u00edncia Franciscana da Imaculada Concei\u00e7\u00e3o do Brasil - Ordem dos Frades Menores - OFM","potentialAction":[{"@type":"SearchAction","target":{"@type":"EntryPoint","urlTemplate":"https:\/\/franciscanos.org.br\/noticias\/?s={search_term_string}"},"query-input":"required name=search_term_string"}],"inLanguage":"pt-BR"},{"@type":"ImageObject","inLanguage":"pt-BR","@id":"https:\/\/franciscanos.org.br\/noticias\/o-choro-de-deus-e-a-compaixao-afirma-frei-clauzemir.html#primaryimage","url":"https:\/\/franciscanos.org.br\/noticias\/wp-content\/uploads\/2020\/05\/baln_150520_p.jpg","contentUrl":"https:\/\/franciscanos.org.br\/noticias\/wp-content\/uploads\/2020\/05\/baln_150520_p.jpg","width":800,"height":600},{"@type":"WebPage","@id":"https:\/\/franciscanos.org.br\/noticias\/o-choro-de-deus-e-a-compaixao-afirma-frei-clauzemir.html#webpage","url":"https:\/\/franciscanos.org.br\/noticias\/o-choro-de-deus-e-a-compaixao-afirma-frei-clauzemir.html","name":"\u201cO choro de Deus \u00e9 a compaix\u00e3o\u201d, afirma Frei Clauzemir - Not\u00edcias - Franciscanos","isPartOf":{"@id":"https:\/\/franciscanos.org.br\/noticias\/#website"},"primaryImageOfPage":{"@id":"https:\/\/franciscanos.org.br\/noticias\/o-choro-de-deus-e-a-compaixao-afirma-frei-clauzemir.html#primaryimage"},"datePublished":"2020-05-16T01:20:30+00:00","dateModified":"2020-05-16T01:20:30+00:00","author":{"@id":"https:\/\/franciscanos.org.br\/noticias\/#\/schema\/person\/b38fbf43118f02820bd932f2e4b14ad3"},"breadcrumb":{"@id":"https:\/\/franciscanos.org.br\/noticias\/o-choro-de-deus-e-a-compaixao-afirma-frei-clauzemir.html#breadcrumb"},"inLanguage":"pt-BR","potentialAction":[{"@type":"ReadAction","target":["https:\/\/franciscanos.org.br\/noticias\/o-choro-de-deus-e-a-compaixao-afirma-frei-clauzemir.html"]}]},{"@type":"BreadcrumbList","@id":"https:\/\/franciscanos.org.br\/noticias\/o-choro-de-deus-e-a-compaixao-afirma-frei-clauzemir.html#breadcrumb","itemListElement":[{"@type":"ListItem","position":1,"name":"Home","item":"https:\/\/franciscanos.org.br\/noticias"},{"@type":"ListItem","position":2,"name":"\u201cO choro de Deus \u00e9 a compaix\u00e3o\u201d, afirma Frei Clauzemir"}]},{"@type":"Person","@id":"https:\/\/franciscanos.org.br\/noticias\/#\/schema\/person\/b38fbf43118f02820bd932f2e4b14ad3","name":"admin","image":{"@type":"ImageObject","inLanguage":"pt-BR","@id":"https:\/\/franciscanos.org.br\/noticias\/#\/schema\/person\/image\/","url":"https:\/\/secure.gravatar.com\/avatar\/e8495742d34d0ba6448ea1c628263b3e?s=96&d=mm&r=g","contentUrl":"https:\/\/secure.gravatar.com\/avatar\/e8495742d34d0ba6448ea1c628263b3e?s=96&d=mm&r=g","caption":"admin"},"url":"https:\/\/franciscanos.org.br\/noticias\/author\/admin"}]}},"_links":{"self":[{"href":"https:\/\/franciscanos.org.br\/noticias\/wp-json\/wp\/v2\/posts\/223853"}],"collection":[{"href":"https:\/\/franciscanos.org.br\/noticias\/wp-json\/wp\/v2\/posts"}],"about":[{"href":"https:\/\/franciscanos.org.br\/noticias\/wp-json\/wp\/v2\/types\/post"}],"author":[{"embeddable":true,"href":"https:\/\/franciscanos.org.br\/noticias\/wp-json\/wp\/v2\/users\/1"}],"replies":[{"embeddable":true,"href":"https:\/\/franciscanos.org.br\/noticias\/wp-json\/wp\/v2\/comments?post=223853"}],"version-history":[{"count":9,"href":"https:\/\/franciscanos.org.br\/noticias\/wp-json\/wp\/v2\/posts\/223853\/revisions"}],"predecessor-version":[{"id":223866,"href":"https:\/\/franciscanos.org.br\/noticias\/wp-json\/wp\/v2\/posts\/223853\/revisions\/223866"}],"wp:featuredmedia":[{"embeddable":true,"href":"https:\/\/franciscanos.org.br\/noticias\/wp-json\/wp\/v2\/media\/223856"}],"wp:attachment":[{"href":"https:\/\/franciscanos.org.br\/noticias\/wp-json\/wp\/v2\/media?parent=223853"}],"wp:term":[{"taxonomy":"category","embeddable":true,"href":"https:\/\/franciscanos.org.br\/noticias\/wp-json\/wp\/v2\/categories?post=223853"},{"taxonomy":"post_tag","embeddable":true,"href":"https:\/\/franciscanos.org.br\/noticias\/wp-json\/wp\/v2\/tags?post=223853"}],"curies":[{"name":"wp","href":"https:\/\/api.w.org\/{rel}","templated":true}]}}