{"id":223727,"date":"2020-05-15T06:28:34","date_gmt":"2020-05-15T09:28:34","guid":{"rendered":"https:\/\/franciscanos.org.br\/noticias\/?p=223727"},"modified":"2020-06-05T11:44:15","modified_gmt":"2020-06-05T14:44:15","slug":"papa-cresca-o-amor-nas-familias-onde-ha-rigidez-nao-se-encontra-o-espirito-de-deus","status":"publish","type":"post","link":"https:\/\/franciscanos.org.br\/noticias\/papa-cresca-o-amor-nas-familias-onde-ha-rigidez-nao-se-encontra-o-espirito-de-deus.html","title":{"rendered":"Papa: cres\u00e7a o amor nas fam\u00edlias. Onde h\u00e1 rigidez n\u00e3o se encontra o Esp\u00edrito de Deus."},"content":{"rendered":"<p><img loading=\"lazy\" class=\"alignnone wp-image-223728 size-full\" src=\"https:\/\/franciscanos.org.br\/noticias\/wp-content\/uploads\/2020\/05\/marta_1505.jpg\" alt=\"\" width=\"1280\" height=\"720\" srcset=\"https:\/\/franciscanos.org.br\/noticias\/wp-content\/uploads\/2020\/05\/marta_1505.jpg 1280w, https:\/\/franciscanos.org.br\/noticias\/wp-content\/uploads\/2020\/05\/marta_1505-450x253.jpg 450w, https:\/\/franciscanos.org.br\/noticias\/wp-content\/uploads\/2020\/05\/marta_1505-1024x576.jpg 1024w, https:\/\/franciscanos.org.br\/noticias\/wp-content\/uploads\/2020\/05\/marta_1505-768x432.jpg 768w, https:\/\/franciscanos.org.br\/noticias\/wp-content\/uploads\/2020\/05\/marta_1505-150x84.jpg 150w\" sizes=\"(max-width: 1280px) 100vw, 1280px\" \/><\/p>\n<p><strong>Cidade do Vaticano<\/strong> -O Papa Francisco presidiu a Missa na Casa Santa Marta, no Vaticano, na manh\u00e3 desta sexta-feira (15\/05) da V Semana da P\u00e1scoa. Na introdu\u00e7\u00e3o, dirigiu o pensamento \u00e0s fam\u00edlias:\u00a0Hoje \u00e9 o dia mundial da fam\u00edlia: rezemos pelas fam\u00edlias, para que cres\u00e7a nas fam\u00edlias o Esp\u00edrito do Senhor, o esp\u00edrito de amor, de respeito, de liberdade.<\/p>\n<p>Na homilia, o Papa comentou a passagem dos Atos dos Ap\u00f3stolos (At 15,22-31) em que Paulo e Barnab\u00e9 s\u00e3o enviados aos pag\u00e3os convertidos de Antioquia, transtornados e perturbados com os discursos de alguns que n\u00e3o tinham recebido nenhum encargo. Os ap\u00f3stolos levam consigo uma carta que encoraja e alegra os novos disc\u00edpulos, explicando-lhes que n\u00e3o s\u00e3o obrigados \u00e0 circuncis\u00e3o segundo a Lei mosaica, como pretendiam alguns fariseus que se tinham se tornado crist\u00e3os.<\/p>\n<p>\u201cNo Livro dos Atos dos Ap\u00f3stolos \u2013 disse o Papa \u2013 vemos que na Igreja, no in\u00edcio, havia tempos de paz\u201d, mas \u201chavia tamb\u00e9m tempos de persegui\u00e7\u00e3o\u201d e \u201ctempos de perturba\u00e7\u00e3o. E esse \u00e9 o tema da primeira leitura de hoje: um tempo de perturba\u00e7\u00e3o\u201d. Deu-se que os crist\u00e3os que provinham do paganismo \u201ctinham acreditado em Jesus Cristo e recebido o batismo, e estavam felizes: tinham recebido o Esp\u00edrito Santo. Do paganismo ao cristianismo, sem nenhuma etapa intermedi\u00e1ria\u201d.<\/p>\n<p>Mas havia crist\u00e3os \u201cjudaizantes\u201d que \u201cdefendiam que n\u00e3o se podia fazer isso. Se algu\u00e9m era pag\u00e3o, primeiro devia tornar-se judeu, um bom judeu, e depois tornar-se crist\u00e3o\u201d. E os crist\u00e3os convertidos do paganismo n\u00e3o entendiam isso: \u201cComo \u00e9 isso, somos crist\u00e3os de segunda classe? N\u00e3o se pode passar do paganismo diretamente ao cristianismo?\u201d Perguntavam-se se a Ressurrei\u00e7\u00e3o de Cristo tinha ou n\u00e3o levado a lei antiga a uma maior plenitude. Estavam perturbados e havia muitas discuss\u00f5es entre eles.<\/p>\n<p>Os \u201cjudaizantes\u201d defendiam suas teses \u201ccom argumentos pastorais, argumentos teol\u00f3gicos, alguns inclusive morais\u201d e \u201cisso colocava em discuss\u00e3o a liberdade do Esp\u00edrito Santo, tamb\u00e9m a gratuidade da Ressurrei\u00e7\u00e3o de Cristo e da gra\u00e7a. Eram met\u00f3dicos. E tamb\u00e9m r\u00edgidos\u201d. Jesus j\u00e1 tinha repreendido esses doutores da Lei por tornar os pros\u00e9litos pior do que eles. \u201cEste povo que era ideol\u00f3gico\u201d, mais que dogm\u00e1tico\u201d, tinha \u201creduzido a Lei, o dogma a uma ideologia\u201d, a \u201cuma religi\u00e3o de prescri\u00e7\u00f5es, e com isso tolhiam a liberdade do Esp\u00edrito. E seus seguidores eram pessoas r\u00edgidas\u201d, que n\u00e3o conheciam a alegria do Evangelho. A perfei\u00e7\u00e3o do caminho para seguir Jesus era a rigidez. \u201cEsses doutores manipulavam as consci\u00eancias dos fi\u00e9is, ou os faziam tornar-se r\u00edgidos ou iam embora\u201d.<\/p>\n<p>O Papa reiterou isso: \u201cA rigidez n\u00e3o \u00e9 do bom Esp\u00edrito, porque coloca em quest\u00e3o a gratuidade da Reden\u00e7\u00e3o, a gratuidade da Ressurrei\u00e7\u00e3o de Cristo\u201d e \u201cdurante a hist\u00f3ria da Igreja isso se repetiu. Pensemos nos pelagianos\u201d, \u201cr\u00edgidos famosos\u201d. E tamb\u00e9m em nossos tempos vimos algumas organiza\u00e7\u00f5es apost\u00f3licas que pareciam muito bem organizadas, que trabalhavam bem\u2026 mas todos r\u00edgidos, todos iguais um ao outro, e depois soubemos da corrup\u00e7\u00e3o que havia internamente, inclusive nos fundadores\u201d.<\/p>\n<p>\u201cOnde h\u00e1 rigidez n\u00e3o se encontra o Esp\u00edrito de Deus, porque o Esp\u00edrito de Deus \u00e9 liberdade\u201d. E esse povo tolhia \u201ca liberdade do Esp\u00edrito de Deus e a gratuidade da Reden\u00e7\u00e3o\u201d. Mas \u201ca justifica\u00e7\u00e3o \u00e9 gratuita. A morte e a Ressurrei\u00e7\u00e3o de Cristo \u00e9 gratuita. N\u00e3o se paga, n\u00e3o se compra: \u00e9 um dom\u201d.<\/p>\n<p>\u201cOs ap\u00f3stolos se re\u00fanem neste conc\u00edlio e ao t\u00e9rmino escrevem uma carta que come\u00e7a assim: \u2018Pareceu bem ao Esp\u00edrito Santo e a n\u00f3s n\u00e3o vos impor nenhum fardo\u2019 (al\u00e9m das coisas indispens\u00e1veis), e colocam essas obriga\u00e7\u00f5es mais morais, de bom senso: n\u00e3o confundir o cristianismo com o paganismo\u201d, e, \u201cpor fim, quando esses crist\u00e3os que estavam perturbados, reunidos em assembleia, receberam a carta\u201d, se \u201calegraram pelo encorajamento que infundia. Da perturba\u00e7\u00e3o \u00e0 alegria. O esp\u00edrito da rigidez sempre leva voc\u00ea \u00e0 perturba\u00e7\u00e3o: \u2018Fiz bem isso? N\u00e3o o fiz bem?\u2019 O escr\u00fapulo\u201d. Ao inv\u00e9s, o esp\u00edrito da liberdade evang\u00e9lica leva voc\u00ea \u00e0 alegria, porque foi propriamente isso que Jesus fez com a sua Ressurrei\u00e7\u00e3o: a alegria. A rela\u00e7\u00e3o com Deus, a rela\u00e7\u00e3o com Jesus n\u00e3o leva voc\u00ea a dizer: \u201cEu fa\u00e7o isso e V\u00f3s me dais aquilo\u201d, uma \u201crela\u00e7\u00e3o comercial: n\u00e3o! \u00c9 gratuita, como a rela\u00e7\u00e3o de Jesus com os disc\u00edpulos \u00e9 gratuita: \u2018V\u00f3s sois meus amigos. N\u00e3o vos chamo servos, chamo-vos amigos. N\u00e3o fostes v\u00f3s que me escolhestes, mas eu que vos escolhi\u2019: essa \u00e9 a gratuidade\u201d.<\/p>\n<p>\u201cPe\u00e7amos ao Senhor que nos ajude a discernir os frutos da gratuidade evang\u00e9lica dos frutos da rigidez n\u00e3o-evang\u00e9lica, e que nos liberte de toda perturba\u00e7\u00e3o daqueles que colocam a f\u00e9, a vida da f\u00e9 sob as prescri\u00e7\u00f5es casu\u00edsticas, as prescri\u00e7\u00f5es que n\u00e3o t\u00eam sentido. Refiro-me a essas prescri\u00e7\u00f5es que n\u00e3o t\u00eam sentido, n\u00e3o aos Mandamentos. Que nos liberte desse esp\u00edrito de rigidez que lhe tolhe a liberdade\u201d.<\/p>\n<p>O Papa convidou a fazer a Comunh\u00e3o espiritual com a seguinte ora\u00e7\u00e3o:<\/p>\n<p style=\"padding-left: 40px;\"><em>Aos vossos p\u00e9s, \u00f3 meu Jesus, me prostro e vos ofere\u00e7o o arrependimento do meu cora\u00e7\u00e3o contrito que mergulha no seu nada na Vossa santa presen\u00e7a. Eu vos adoro no Sacramento do vosso amor, a inef\u00e1vel Eucaristia. Desejo receber-vos na pobre morada que meu cora\u00e7\u00e3o vos oferece; \u00e0 espera da felicidade da comunh\u00e3o sacramental, quero possuir-vos em Esp\u00edrito. Vinde a mim, \u00f3 meu Jesus, que eu venha a v\u00f3s. Que o vosso amor possa inflamar todo o meu ser, para a vida e para a morte. Creio em v\u00f3s, espero em v\u00f3s. Amo-vos. Assim seja.<\/em><\/p>\n<p>O Santo Padre terminou a celebra\u00e7\u00e3o com a adora\u00e7\u00e3o e a b\u00ean\u00e7\u00e3o eucar\u00edstica. Antes de deixar a Capela dedicada ao Esp\u00edrito Santo, foi entoada a ant\u00edfona mariana \u201cRegina caeli\u201d, cantada no tempo pascal:<\/p>\n<p style=\"padding-left: 40px;\"><em>Rainha dos c\u00e9us, alegrai-vos. Aleluia!<\/em><\/p>\n<p style=\"padding-left: 40px;\"><em>Porque Aquele que merecestes trazer em vosso seio. Aleluia!<\/em><\/p>\n<p style=\"padding-left: 40px;\"><em>Ressuscitou como disse. Aleluia!<\/em><\/p>\n<p style=\"padding-left: 40px;\"><em>Rogai por n\u00f3s a Deus. Aleluia!<\/em><\/p>\n<p style=\"padding-left: 40px;\"><em>D.\/ Alegrai-vos e exultai, \u00f3 Virgem Maria. Aleluia!<\/em><\/p>\n<p style=\"padding-left: 40px;\"><em>C.\/ Porque o Senhor ressuscitou, verdadeiramente. Aleluia!<\/em><\/p>\n<p><em>Fonte: Vatican News<\/em><\/p>\n<p><a href=\"https:\/\/app.payplace.com.br\/pvf\/produtos\/todos\"><img loading=\"lazy\" class=\"alignnone wp-image-223849 size-full\" src=\"https:\/\/franciscanos.org.br\/noticias\/wp-content\/uploads\/2020\/05\/A-MISSAO-NAO-PODE-PARAR-1280x150-1.png\" alt=\"\" width=\"1280\" height=\"150\" srcset=\"https:\/\/franciscanos.org.br\/noticias\/wp-content\/uploads\/2020\/05\/A-MISSAO-NAO-PODE-PARAR-1280x150-1.png 1280w, https:\/\/franciscanos.org.br\/noticias\/wp-content\/uploads\/2020\/05\/A-MISSAO-NAO-PODE-PARAR-1280x150-1-450x53.png 450w, https:\/\/franciscanos.org.br\/noticias\/wp-content\/uploads\/2020\/05\/A-MISSAO-NAO-PODE-PARAR-1280x150-1-1024x120.png 1024w, https:\/\/franciscanos.org.br\/noticias\/wp-content\/uploads\/2020\/05\/A-MISSAO-NAO-PODE-PARAR-1280x150-1-768x90.png 768w, https:\/\/franciscanos.org.br\/noticias\/wp-content\/uploads\/2020\/05\/A-MISSAO-NAO-PODE-PARAR-1280x150-1-150x18.png 150w\" sizes=\"(max-width: 1280px) 100vw, 1280px\" \/><\/a><\/p>\n","protected":false},"excerpt":{"rendered":"<p>Missa em Santa Marta<\/p>\n","protected":false},"author":3,"featured_media":223729,"comment_status":"open","ping_status":"open","sticky":false,"template":"","format":"standard","meta":[],"categories":[1428],"tags":[1586],"acf":[],"yoast_head":"<!-- This site is optimized with the Yoast SEO plugin v19.2 - https:\/\/yoast.com\/wordpress\/plugins\/seo\/ -->\n<title>Papa: cres\u00e7a o amor nas fam\u00edlias. Onde h\u00e1 rigidez n\u00e3o se encontra o Esp\u00edrito de Deus. - Not\u00edcias - Franciscanos<\/title>\n<meta name=\"robots\" content=\"index, follow, max-snippet:-1, max-image-preview:large, max-video-preview:-1\" \/>\n<link rel=\"canonical\" href=\"https:\/\/franciscanos.org.br\/noticias\/papa-cresca-o-amor-nas-familias-onde-ha-rigidez-nao-se-encontra-o-espirito-de-deus.html\" \/>\n<meta property=\"og:locale\" content=\"pt_BR\" \/>\n<meta property=\"og:type\" content=\"article\" \/>\n<meta property=\"og:title\" content=\"Papa: cres\u00e7a o amor nas fam\u00edlias. Onde h\u00e1 rigidez n\u00e3o se encontra o Esp\u00edrito de Deus. - Not\u00edcias - Franciscanos\" \/>\n<meta property=\"og:description\" content=\"Missa em Santa Marta\" \/>\n<meta property=\"og:url\" content=\"https:\/\/franciscanos.org.br\/noticias\/papa-cresca-o-amor-nas-familias-onde-ha-rigidez-nao-se-encontra-o-espirito-de-deus.html\" \/>\n<meta property=\"og:site_name\" content=\"Not\u00edcias - Franciscanos\" \/>\n<meta property=\"article:published_time\" content=\"2020-05-15T09:28:34+00:00\" \/>\n<meta property=\"article:modified_time\" content=\"2020-06-05T14:44:15+00:00\" \/>\n<meta property=\"og:image\" content=\"https:\/\/franciscanos.org.br\/noticias\/wp-content\/uploads\/2020\/05\/marta_1505d.jpg\" \/>\n\t<meta property=\"og:image:width\" content=\"800\" \/>\n\t<meta property=\"og:image:height\" content=\"600\" \/>\n\t<meta property=\"og:image:type\" content=\"image\/jpeg\" \/>\n<meta name=\"author\" content=\"moacir\" \/>\n<meta name=\"twitter:card\" content=\"summary_large_image\" \/>\n<meta name=\"twitter:label1\" content=\"Escrito por\" \/>\n\t<meta name=\"twitter:data1\" content=\"moacir\" \/>\n\t<meta name=\"twitter:label2\" content=\"Est. tempo de leitura\" \/>\n\t<meta name=\"twitter:data2\" content=\"5 minutos\" \/>\n<script type=\"application\/ld+json\" class=\"yoast-schema-graph\">{\"@context\":\"https:\/\/schema.org\",\"@graph\":[{\"@type\":\"WebSite\",\"@id\":\"https:\/\/franciscanos.org.br\/noticias\/#website\",\"url\":\"https:\/\/franciscanos.org.br\/noticias\/\",\"name\":\"Not\u00edcias - Franciscanos\",\"description\":\"Prov\u00edncia Franciscana da Imaculada Concei\u00e7\u00e3o do Brasil - Ordem dos Frades Menores - OFM\",\"potentialAction\":[{\"@type\":\"SearchAction\",\"target\":{\"@type\":\"EntryPoint\",\"urlTemplate\":\"https:\/\/franciscanos.org.br\/noticias\/?s={search_term_string}\"},\"query-input\":\"required name=search_term_string\"}],\"inLanguage\":\"pt-BR\"},{\"@type\":\"ImageObject\",\"inLanguage\":\"pt-BR\",\"@id\":\"https:\/\/franciscanos.org.br\/noticias\/papa-cresca-o-amor-nas-familias-onde-ha-rigidez-nao-se-encontra-o-espirito-de-deus.html#primaryimage\",\"url\":\"https:\/\/franciscanos.org.br\/noticias\/wp-content\/uploads\/2020\/05\/marta_1505d.jpg\",\"contentUrl\":\"https:\/\/franciscanos.org.br\/noticias\/wp-content\/uploads\/2020\/05\/marta_1505d.jpg\",\"width\":800,\"height\":600},{\"@type\":\"WebPage\",\"@id\":\"https:\/\/franciscanos.org.br\/noticias\/papa-cresca-o-amor-nas-familias-onde-ha-rigidez-nao-se-encontra-o-espirito-de-deus.html#webpage\",\"url\":\"https:\/\/franciscanos.org.br\/noticias\/papa-cresca-o-amor-nas-familias-onde-ha-rigidez-nao-se-encontra-o-espirito-de-deus.html\",\"name\":\"Papa: cres\u00e7a o amor nas fam\u00edlias. Onde h\u00e1 rigidez n\u00e3o se encontra o Esp\u00edrito de Deus. - Not\u00edcias - Franciscanos\",\"isPartOf\":{\"@id\":\"https:\/\/franciscanos.org.br\/noticias\/#website\"},\"primaryImageOfPage\":{\"@id\":\"https:\/\/franciscanos.org.br\/noticias\/papa-cresca-o-amor-nas-familias-onde-ha-rigidez-nao-se-encontra-o-espirito-de-deus.html#primaryimage\"},\"datePublished\":\"2020-05-15T09:28:34+00:00\",\"dateModified\":\"2020-06-05T14:44:15+00:00\",\"author\":{\"@id\":\"https:\/\/franciscanos.org.br\/noticias\/#\/schema\/person\/b5c8cba458c330ccff548b056e95a5d4\"},\"breadcrumb\":{\"@id\":\"https:\/\/franciscanos.org.br\/noticias\/papa-cresca-o-amor-nas-familias-onde-ha-rigidez-nao-se-encontra-o-espirito-de-deus.html#breadcrumb\"},\"inLanguage\":\"pt-BR\",\"potentialAction\":[{\"@type\":\"ReadAction\",\"target\":[\"https:\/\/franciscanos.org.br\/noticias\/papa-cresca-o-amor-nas-familias-onde-ha-rigidez-nao-se-encontra-o-espirito-de-deus.html\"]}]},{\"@type\":\"BreadcrumbList\",\"@id\":\"https:\/\/franciscanos.org.br\/noticias\/papa-cresca-o-amor-nas-familias-onde-ha-rigidez-nao-se-encontra-o-espirito-de-deus.html#breadcrumb\",\"itemListElement\":[{\"@type\":\"ListItem\",\"position\":1,\"name\":\"Home\",\"item\":\"https:\/\/franciscanos.org.br\/noticias\"},{\"@type\":\"ListItem\",\"position\":2,\"name\":\"Papa: cres\u00e7a o amor nas fam\u00edlias. Onde h\u00e1 rigidez n\u00e3o se encontra o Esp\u00edrito de Deus.\"}]},{\"@type\":\"Person\",\"@id\":\"https:\/\/franciscanos.org.br\/noticias\/#\/schema\/person\/b5c8cba458c330ccff548b056e95a5d4\",\"name\":\"moacir\",\"image\":{\"@type\":\"ImageObject\",\"inLanguage\":\"pt-BR\",\"@id\":\"https:\/\/franciscanos.org.br\/noticias\/#\/schema\/person\/image\/\",\"url\":\"https:\/\/secure.gravatar.com\/avatar\/d08aa2ce4c8dd416d4479aa8536fcf64?s=96&d=mm&r=g\",\"contentUrl\":\"https:\/\/secure.gravatar.com\/avatar\/d08aa2ce4c8dd416d4479aa8536fcf64?s=96&d=mm&r=g\",\"caption\":\"moacir\"},\"url\":\"https:\/\/franciscanos.org.br\/noticias\/author\/moacir\"}]}<\/script>\n<!-- \/ Yoast SEO plugin. -->","yoast_head_json":{"title":"Papa: cres\u00e7a o amor nas fam\u00edlias. Onde h\u00e1 rigidez n\u00e3o se encontra o Esp\u00edrito de Deus. - Not\u00edcias - Franciscanos","robots":{"index":"index","follow":"follow","max-snippet":"max-snippet:-1","max-image-preview":"max-image-preview:large","max-video-preview":"max-video-preview:-1"},"canonical":"https:\/\/franciscanos.org.br\/noticias\/papa-cresca-o-amor-nas-familias-onde-ha-rigidez-nao-se-encontra-o-espirito-de-deus.html","og_locale":"pt_BR","og_type":"article","og_title":"Papa: cres\u00e7a o amor nas fam\u00edlias. Onde h\u00e1 rigidez n\u00e3o se encontra o Esp\u00edrito de Deus. - Not\u00edcias - Franciscanos","og_description":"Missa em Santa Marta","og_url":"https:\/\/franciscanos.org.br\/noticias\/papa-cresca-o-amor-nas-familias-onde-ha-rigidez-nao-se-encontra-o-espirito-de-deus.html","og_site_name":"Not\u00edcias - Franciscanos","article_published_time":"2020-05-15T09:28:34+00:00","article_modified_time":"2020-06-05T14:44:15+00:00","og_image":[{"width":800,"height":600,"url":"https:\/\/franciscanos.org.br\/noticias\/wp-content\/uploads\/2020\/05\/marta_1505d.jpg","type":"image\/jpeg"}],"author":"moacir","twitter_card":"summary_large_image","twitter_misc":{"Escrito por":"moacir","Est. tempo de leitura":"5 minutos"},"schema":{"@context":"https:\/\/schema.org","@graph":[{"@type":"WebSite","@id":"https:\/\/franciscanos.org.br\/noticias\/#website","url":"https:\/\/franciscanos.org.br\/noticias\/","name":"Not\u00edcias - Franciscanos","description":"Prov\u00edncia Franciscana da Imaculada Concei\u00e7\u00e3o do Brasil - Ordem dos Frades Menores - OFM","potentialAction":[{"@type":"SearchAction","target":{"@type":"EntryPoint","urlTemplate":"https:\/\/franciscanos.org.br\/noticias\/?s={search_term_string}"},"query-input":"required name=search_term_string"}],"inLanguage":"pt-BR"},{"@type":"ImageObject","inLanguage":"pt-BR","@id":"https:\/\/franciscanos.org.br\/noticias\/papa-cresca-o-amor-nas-familias-onde-ha-rigidez-nao-se-encontra-o-espirito-de-deus.html#primaryimage","url":"https:\/\/franciscanos.org.br\/noticias\/wp-content\/uploads\/2020\/05\/marta_1505d.jpg","contentUrl":"https:\/\/franciscanos.org.br\/noticias\/wp-content\/uploads\/2020\/05\/marta_1505d.jpg","width":800,"height":600},{"@type":"WebPage","@id":"https:\/\/franciscanos.org.br\/noticias\/papa-cresca-o-amor-nas-familias-onde-ha-rigidez-nao-se-encontra-o-espirito-de-deus.html#webpage","url":"https:\/\/franciscanos.org.br\/noticias\/papa-cresca-o-amor-nas-familias-onde-ha-rigidez-nao-se-encontra-o-espirito-de-deus.html","name":"Papa: cres\u00e7a o amor nas fam\u00edlias. Onde h\u00e1 rigidez n\u00e3o se encontra o Esp\u00edrito de Deus. - Not\u00edcias - Franciscanos","isPartOf":{"@id":"https:\/\/franciscanos.org.br\/noticias\/#website"},"primaryImageOfPage":{"@id":"https:\/\/franciscanos.org.br\/noticias\/papa-cresca-o-amor-nas-familias-onde-ha-rigidez-nao-se-encontra-o-espirito-de-deus.html#primaryimage"},"datePublished":"2020-05-15T09:28:34+00:00","dateModified":"2020-06-05T14:44:15+00:00","author":{"@id":"https:\/\/franciscanos.org.br\/noticias\/#\/schema\/person\/b5c8cba458c330ccff548b056e95a5d4"},"breadcrumb":{"@id":"https:\/\/franciscanos.org.br\/noticias\/papa-cresca-o-amor-nas-familias-onde-ha-rigidez-nao-se-encontra-o-espirito-de-deus.html#breadcrumb"},"inLanguage":"pt-BR","potentialAction":[{"@type":"ReadAction","target":["https:\/\/franciscanos.org.br\/noticias\/papa-cresca-o-amor-nas-familias-onde-ha-rigidez-nao-se-encontra-o-espirito-de-deus.html"]}]},{"@type":"BreadcrumbList","@id":"https:\/\/franciscanos.org.br\/noticias\/papa-cresca-o-amor-nas-familias-onde-ha-rigidez-nao-se-encontra-o-espirito-de-deus.html#breadcrumb","itemListElement":[{"@type":"ListItem","position":1,"name":"Home","item":"https:\/\/franciscanos.org.br\/noticias"},{"@type":"ListItem","position":2,"name":"Papa: cres\u00e7a o amor nas fam\u00edlias. Onde h\u00e1 rigidez n\u00e3o se encontra o Esp\u00edrito de Deus."}]},{"@type":"Person","@id":"https:\/\/franciscanos.org.br\/noticias\/#\/schema\/person\/b5c8cba458c330ccff548b056e95a5d4","name":"moacir","image":{"@type":"ImageObject","inLanguage":"pt-BR","@id":"https:\/\/franciscanos.org.br\/noticias\/#\/schema\/person\/image\/","url":"https:\/\/secure.gravatar.com\/avatar\/d08aa2ce4c8dd416d4479aa8536fcf64?s=96&d=mm&r=g","contentUrl":"https:\/\/secure.gravatar.com\/avatar\/d08aa2ce4c8dd416d4479aa8536fcf64?s=96&d=mm&r=g","caption":"moacir"},"url":"https:\/\/franciscanos.org.br\/noticias\/author\/moacir"}]}},"_links":{"self":[{"href":"https:\/\/franciscanos.org.br\/noticias\/wp-json\/wp\/v2\/posts\/223727"}],"collection":[{"href":"https:\/\/franciscanos.org.br\/noticias\/wp-json\/wp\/v2\/posts"}],"about":[{"href":"https:\/\/franciscanos.org.br\/noticias\/wp-json\/wp\/v2\/types\/post"}],"author":[{"embeddable":true,"href":"https:\/\/franciscanos.org.br\/noticias\/wp-json\/wp\/v2\/users\/3"}],"replies":[{"embeddable":true,"href":"https:\/\/franciscanos.org.br\/noticias\/wp-json\/wp\/v2\/comments?post=223727"}],"version-history":[{"count":3,"href":"https:\/\/franciscanos.org.br\/noticias\/wp-json\/wp\/v2\/posts\/223727\/revisions"}],"predecessor-version":[{"id":224205,"href":"https:\/\/franciscanos.org.br\/noticias\/wp-json\/wp\/v2\/posts\/223727\/revisions\/224205"}],"wp:featuredmedia":[{"embeddable":true,"href":"https:\/\/franciscanos.org.br\/noticias\/wp-json\/wp\/v2\/media\/223729"}],"wp:attachment":[{"href":"https:\/\/franciscanos.org.br\/noticias\/wp-json\/wp\/v2\/media?parent=223727"}],"wp:term":[{"taxonomy":"category","embeddable":true,"href":"https:\/\/franciscanos.org.br\/noticias\/wp-json\/wp\/v2\/categories?post=223727"},{"taxonomy":"post_tag","embeddable":true,"href":"https:\/\/franciscanos.org.br\/noticias\/wp-json\/wp\/v2\/tags?post=223727"}],"curies":[{"name":"wp","href":"https:\/\/api.w.org\/{rel}","templated":true}]}}