{"id":223718,"date":"2020-05-14T22:25:34","date_gmt":"2020-05-15T01:25:34","guid":{"rendered":"https:\/\/franciscanos.org.br\/noticias\/?p=223718"},"modified":"2020-05-15T08:05:47","modified_gmt":"2020-05-15T11:05:47","slug":"os-fieis-falecidos-celebram-com-deus-a-festa-que-nunca-termina","status":"publish","type":"post","link":"https:\/\/franciscanos.org.br\/noticias\/os-fieis-falecidos-celebram-com-deus-a-festa-que-nunca-termina.html","title":{"rendered":"Os fi\u00e9is falecidos celebram com Deus a festa que nunca termina"},"content":{"rendered":"<p><img loading=\"lazy\" class=\"alignnone size-full wp-image-223719\" src=\"https:\/\/franciscanos.org.br\/noticias\/wp-content\/uploads\/2020\/05\/celebra_140520.jpg\" alt=\"\" width=\"890\" height=\"500\" srcset=\"https:\/\/franciscanos.org.br\/noticias\/wp-content\/uploads\/2020\/05\/celebra_140520.jpg 890w, https:\/\/franciscanos.org.br\/noticias\/wp-content\/uploads\/2020\/05\/celebra_140520-450x253.jpg 450w, https:\/\/franciscanos.org.br\/noticias\/wp-content\/uploads\/2020\/05\/celebra_140520-768x431.jpg 768w, https:\/\/franciscanos.org.br\/noticias\/wp-content\/uploads\/2020\/05\/celebra_140520-150x84.jpg 150w\" sizes=\"(max-width: 890px) 100vw, 890px\" \/><\/p>\n<p><strong>S\u00e3o Paulo (SP) \u2013<\/strong> Nesta quinta-feira (14\/5), a Prov\u00edncia Franciscana da Imaculada Concei\u00e7\u00e3o voltou-se em clima de ora\u00e7\u00e3o para o Sudoeste do Paran\u00e1, de onde foi realizado o 5\u00ba dia da \u201cCelebra\u00e7\u00e3o do Abra\u00e7o e da Esperan\u00e7a\u201d, em homenagem \u00e0s v\u00edtimas fatais da covid-19. Da Par\u00f3quia S\u00e3o Pedro Ap\u00f3stolo, em Pato Branco (PR), os participantes que acompanharam a transmiss\u00e3o rezaram a mem\u00f3ria de seus familiares e amigos.<\/p>\n<p>A celebra\u00e7\u00e3o foi presidida pelo p\u00e1roco, Frei Alex Sandro Ciarnoscki, que contou com a ajuda de membros da comunidade na liturgia. Segundo o frade, apesar da tristeza pela separa\u00e7\u00e3o, o sentimento deve ser de alegria, pois a vida \u00e9 celebrada. \u201cN\u00e3o \u00e9 a morte que nos re\u00fane neste noite, mas a vida. Estamos aqui para celebrar a vida de pessoas que amamos e que est\u00e3o no cora\u00e7\u00e3o de Deus\u201d, afirmou o frade.<\/p>\n<p>Segundo Frei Alex, mesmo diante da tristeza, a morte dos entes queridos deve despertar no cora\u00e7\u00e3o humano um sentimento de gratid\u00e3o a Deus, pelo dom da vida e pela vida das pessoas que faleceram, pois elas deixam marcas profundas de amor, ternura e bondade. \u201cQuantas marcas bonitas as pessoas cuja mem\u00f3ria celebramos hoje gravaram em nossos cora\u00e7\u00f5es? Mesmo com tristeza, mas carregados de esperan\u00e7a, queremos louvar e bendizer ao Senhor, Deus da vida\u201d, exortou o frade.<\/p>\n<div id=\"attachment_223725\" style=\"width: 900px\" class=\"wp-caption alignnone\"><img aria-describedby=\"caption-attachment-223725\" loading=\"lazy\" class=\"wp-image-223725 size-full\" src=\"https:\/\/franciscanos.org.br\/noticias\/wp-content\/uploads\/2020\/05\/celebra_140520g3.jpg\" alt=\"\" width=\"890\" height=\"585\" srcset=\"https:\/\/franciscanos.org.br\/noticias\/wp-content\/uploads\/2020\/05\/celebra_140520g3.jpg 890w, https:\/\/franciscanos.org.br\/noticias\/wp-content\/uploads\/2020\/05\/celebra_140520g3-450x296.jpg 450w, https:\/\/franciscanos.org.br\/noticias\/wp-content\/uploads\/2020\/05\/celebra_140520g3-768x505.jpg 768w, https:\/\/franciscanos.org.br\/noticias\/wp-content\/uploads\/2020\/05\/celebra_140520g3-150x99.jpg 150w\" sizes=\"(max-width: 890px) 100vw, 890px\" \/><p id=\"caption-attachment-223725\" class=\"wp-caption-text\"><i>Falecidos cuja mem\u00f3ria foi lembrada nesta quinta-feira<\/i><\/p><\/div>\n<p>O p\u00e1roco afirmou que a imagem que deve ser levada no cora\u00e7\u00e3o \u00e9 a festa que ser\u00e1 feita no c\u00e9u com a chegada das pessoas cuja mem\u00f3ria estava sendo celebrada. \u201cDeus, em sua infinita bondade, nos prepara um lugar. N\u00e3o um lugar qualquer, mas uma casa. N\u00e3o uma constru\u00e7\u00e3o material, mas casa como lugar da acolhida, lugar do encontro, do abra\u00e7o e da ternura, lugar do calor, de sentir-se bem. A celebra\u00e7\u00e3o da morte \u00e9 como se record\u00e1ssemos as portas da casa de Deus que se abrem para receber os seus filhos e filhas\u201d, consolou Frei Alex.<\/p>\n<p>\u201cSe porventura em nosso cora\u00e7\u00e3o hoje h\u00e1 tristeza da despedida, na casa de Deus tem festa. Tem celebra\u00e7\u00e3o da vida, do abra\u00e7o e da ternura. Que nossos entes queridos possam desfrutar do abra\u00e7o carinhoso do Deus da vida, que possam celebrar em torno da mesa eterna a festa que nunca termina\u201d, afirmou o frade, que tamb\u00e9m \u00e9 vice-postulador da causa de Frei Bruno Linden.<\/p>\n<p>Segundo ele, os que permanecem na terra ainda est\u00e3o a caminho. Mas para chegar ao banquete eterno, \u00e9 preciso seguir de perto os passos de Jesus. \u201cSe quisermos alcan\u00e7ar a vida de verdade, \u00e9 preciso nos empenharmos para fazer o caminho de Jesus. Busquemos amar, perdoar, acolher os pobres e necessitados, busquemos ser fraternos, justos, solid\u00e1rios, busquemos passar fazendo o bem. Este \u00e9 o caminho de Jesus, este deve ser o nosso caminho. Quem segue este caminho chega at\u00e9 a casa de Deus\u201d, aconselhou Frei Alex.<\/p>\n<p>Ap\u00f3s o Pai-nosso, as preces da comunidade e a ora\u00e7\u00e3o da encomenda\u00e7\u00e3o, a equipe pediu a intercess\u00e3o da Virgem Maria, concluindo assim o momento celebrativo.<\/p>\n<p><img loading=\"lazy\" class=\"alignnone size-full wp-image-223720\" src=\"https:\/\/franciscanos.org.br\/noticias\/wp-content\/uploads\/2020\/05\/celebra_140520G2.jpg\" alt=\"\" width=\"890\" height=\"500\" srcset=\"https:\/\/franciscanos.org.br\/noticias\/wp-content\/uploads\/2020\/05\/celebra_140520G2.jpg 890w, https:\/\/franciscanos.org.br\/noticias\/wp-content\/uploads\/2020\/05\/celebra_140520G2-450x253.jpg 450w, https:\/\/franciscanos.org.br\/noticias\/wp-content\/uploads\/2020\/05\/celebra_140520G2-768x431.jpg 768w, https:\/\/franciscanos.org.br\/noticias\/wp-content\/uploads\/2020\/05\/celebra_140520G2-150x84.jpg 150w\" sizes=\"(max-width: 890px) 100vw, 890px\" \/><\/p>\n<p>A Celebra\u00e7\u00e3o do Abra\u00e7o e da Esperan\u00e7a est\u00e1 sendo realizada durante toda a semana em diversas par\u00f3quias e conventos da Prov\u00edncia e transmitida atrav\u00e9s da <em>TVFranciscanos<\/em> (<strong><a href=\"https:\/\/www.youtube.com\/user\/tvfranciscanos\" target=\"_blank\" rel=\"noopener noreferrer\">LINK<\/a><\/strong>). Para enviar as inten\u00e7\u00f5es, mande uma mensagem de <em>WhatsApp<\/em> para <strong><a href=\"https:\/\/api.whatsapp.com\/send?1=pt_BR&amp;phone=5511976932430\" target=\"_blank\" rel=\"noopener noreferrer\">(11) 97693-2430<\/a>.<\/strong> Neste n\u00famero, \u00e9 poss\u00edvel encaminhar a foto de seu amigo ou familiar falecido, com nome completo, local e data de nascimento e falecimento.<\/p>\n<p>Confira abaixo o dia, hor\u00e1rio e local das pr\u00f3ximas transmiss\u00f5es:<\/p>\n<table>\n<tbody>\n<tr>\n<td width=\"158\"><strong>DIA DA SEMANA<\/strong><\/td>\n<td width=\"416\"><strong>FRATERNIDADE <\/strong><\/td>\n<td width=\"85\"><strong>HOR\u00c1RIO<\/strong><\/td>\n<\/tr>\n<tr>\n<td width=\"158\">SEXTA<\/td>\n<td width=\"416\">Par\u00f3quia Santa In\u00eas (Balne\u00e1rio Cambori\u00fa, SC)<\/td>\n<td width=\"85\">20h30<\/td>\n<\/tr>\n<tr>\n<td width=\"158\">S\u00c1BADO<\/td>\n<td width=\"416\">Convento da Penha (Vila Velha, ES)<\/td>\n<td width=\"85\">17h00<\/td>\n<\/tr>\n<\/tbody>\n<\/table>\n","protected":false},"excerpt":{"rendered":"<p>Celebra\u00e7\u00e3o do Abra\u00e7o e da Esperan\u00e7a<\/p>\n","protected":false},"author":1,"featured_media":223722,"comment_status":"open","ping_status":"open","sticky":false,"template":"","format":"standard","meta":[],"categories":[1],"tags":[1620],"acf":[],"yoast_head":"<!-- This site is optimized with the Yoast SEO plugin v19.2 - https:\/\/yoast.com\/wordpress\/plugins\/seo\/ -->\n<title>Os fi\u00e9is falecidos celebram com Deus a festa que nunca termina - Not\u00edcias - Franciscanos<\/title>\n<meta name=\"robots\" content=\"index, follow, max-snippet:-1, max-image-preview:large, max-video-preview:-1\" \/>\n<link rel=\"canonical\" href=\"https:\/\/franciscanos.org.br\/noticias\/os-fieis-falecidos-celebram-com-deus-a-festa-que-nunca-termina.html\" \/>\n<meta property=\"og:locale\" content=\"pt_BR\" \/>\n<meta property=\"og:type\" content=\"article\" \/>\n<meta property=\"og:title\" content=\"Os fi\u00e9is falecidos celebram com Deus a festa que nunca termina - Not\u00edcias - Franciscanos\" \/>\n<meta property=\"og:description\" content=\"Celebra\u00e7\u00e3o do Abra\u00e7o e da Esperan\u00e7a\" \/>\n<meta property=\"og:url\" content=\"https:\/\/franciscanos.org.br\/noticias\/os-fieis-falecidos-celebram-com-deus-a-festa-que-nunca-termina.html\" \/>\n<meta property=\"og:site_name\" content=\"Not\u00edcias - Franciscanos\" \/>\n<meta property=\"article:published_time\" content=\"2020-05-15T01:25:34+00:00\" \/>\n<meta property=\"article:modified_time\" content=\"2020-05-15T11:05:47+00:00\" \/>\n<meta property=\"og:image\" content=\"https:\/\/franciscanos.org.br\/noticias\/wp-content\/uploads\/2020\/05\/celebra_140520P.jpg\" \/>\n\t<meta property=\"og:image:width\" content=\"800\" \/>\n\t<meta property=\"og:image:height\" content=\"600\" \/>\n\t<meta property=\"og:image:type\" content=\"image\/jpeg\" \/>\n<meta name=\"author\" content=\"admin\" \/>\n<meta name=\"twitter:card\" content=\"summary_large_image\" \/>\n<meta name=\"twitter:label1\" content=\"Escrito por\" \/>\n\t<meta name=\"twitter:data1\" content=\"admin\" \/>\n\t<meta name=\"twitter:label2\" content=\"Est. tempo de leitura\" \/>\n\t<meta name=\"twitter:data2\" content=\"3 minutos\" \/>\n<script type=\"application\/ld+json\" class=\"yoast-schema-graph\">{\"@context\":\"https:\/\/schema.org\",\"@graph\":[{\"@type\":\"WebSite\",\"@id\":\"https:\/\/franciscanos.org.br\/noticias\/#website\",\"url\":\"https:\/\/franciscanos.org.br\/noticias\/\",\"name\":\"Not\u00edcias - Franciscanos\",\"description\":\"Prov\u00edncia Franciscana da Imaculada Concei\u00e7\u00e3o do Brasil - Ordem dos Frades Menores - OFM\",\"potentialAction\":[{\"@type\":\"SearchAction\",\"target\":{\"@type\":\"EntryPoint\",\"urlTemplate\":\"https:\/\/franciscanos.org.br\/noticias\/?s={search_term_string}\"},\"query-input\":\"required name=search_term_string\"}],\"inLanguage\":\"pt-BR\"},{\"@type\":\"ImageObject\",\"inLanguage\":\"pt-BR\",\"@id\":\"https:\/\/franciscanos.org.br\/noticias\/os-fieis-falecidos-celebram-com-deus-a-festa-que-nunca-termina.html#primaryimage\",\"url\":\"https:\/\/franciscanos.org.br\/noticias\/wp-content\/uploads\/2020\/05\/celebra_140520P.jpg\",\"contentUrl\":\"https:\/\/franciscanos.org.br\/noticias\/wp-content\/uploads\/2020\/05\/celebra_140520P.jpg\",\"width\":800,\"height\":600},{\"@type\":\"WebPage\",\"@id\":\"https:\/\/franciscanos.org.br\/noticias\/os-fieis-falecidos-celebram-com-deus-a-festa-que-nunca-termina.html#webpage\",\"url\":\"https:\/\/franciscanos.org.br\/noticias\/os-fieis-falecidos-celebram-com-deus-a-festa-que-nunca-termina.html\",\"name\":\"Os fi\u00e9is falecidos celebram com Deus a festa que nunca termina - Not\u00edcias - Franciscanos\",\"isPartOf\":{\"@id\":\"https:\/\/franciscanos.org.br\/noticias\/#website\"},\"primaryImageOfPage\":{\"@id\":\"https:\/\/franciscanos.org.br\/noticias\/os-fieis-falecidos-celebram-com-deus-a-festa-que-nunca-termina.html#primaryimage\"},\"datePublished\":\"2020-05-15T01:25:34+00:00\",\"dateModified\":\"2020-05-15T11:05:47+00:00\",\"author\":{\"@id\":\"https:\/\/franciscanos.org.br\/noticias\/#\/schema\/person\/b38fbf43118f02820bd932f2e4b14ad3\"},\"breadcrumb\":{\"@id\":\"https:\/\/franciscanos.org.br\/noticias\/os-fieis-falecidos-celebram-com-deus-a-festa-que-nunca-termina.html#breadcrumb\"},\"inLanguage\":\"pt-BR\",\"potentialAction\":[{\"@type\":\"ReadAction\",\"target\":[\"https:\/\/franciscanos.org.br\/noticias\/os-fieis-falecidos-celebram-com-deus-a-festa-que-nunca-termina.html\"]}]},{\"@type\":\"BreadcrumbList\",\"@id\":\"https:\/\/franciscanos.org.br\/noticias\/os-fieis-falecidos-celebram-com-deus-a-festa-que-nunca-termina.html#breadcrumb\",\"itemListElement\":[{\"@type\":\"ListItem\",\"position\":1,\"name\":\"Home\",\"item\":\"https:\/\/franciscanos.org.br\/noticias\"},{\"@type\":\"ListItem\",\"position\":2,\"name\":\"Os fi\u00e9is falecidos celebram com Deus a festa que nunca termina\"}]},{\"@type\":\"Person\",\"@id\":\"https:\/\/franciscanos.org.br\/noticias\/#\/schema\/person\/b38fbf43118f02820bd932f2e4b14ad3\",\"name\":\"admin\",\"image\":{\"@type\":\"ImageObject\",\"inLanguage\":\"pt-BR\",\"@id\":\"https:\/\/franciscanos.org.br\/noticias\/#\/schema\/person\/image\/\",\"url\":\"https:\/\/secure.gravatar.com\/avatar\/e8495742d34d0ba6448ea1c628263b3e?s=96&d=mm&r=g\",\"contentUrl\":\"https:\/\/secure.gravatar.com\/avatar\/e8495742d34d0ba6448ea1c628263b3e?s=96&d=mm&r=g\",\"caption\":\"admin\"},\"url\":\"https:\/\/franciscanos.org.br\/noticias\/author\/admin\"}]}<\/script>\n<!-- \/ Yoast SEO plugin. -->","yoast_head_json":{"title":"Os fi\u00e9is falecidos celebram com Deus a festa que nunca termina - Not\u00edcias - Franciscanos","robots":{"index":"index","follow":"follow","max-snippet":"max-snippet:-1","max-image-preview":"max-image-preview:large","max-video-preview":"max-video-preview:-1"},"canonical":"https:\/\/franciscanos.org.br\/noticias\/os-fieis-falecidos-celebram-com-deus-a-festa-que-nunca-termina.html","og_locale":"pt_BR","og_type":"article","og_title":"Os fi\u00e9is falecidos celebram com Deus a festa que nunca termina - Not\u00edcias - Franciscanos","og_description":"Celebra\u00e7\u00e3o do Abra\u00e7o e da Esperan\u00e7a","og_url":"https:\/\/franciscanos.org.br\/noticias\/os-fieis-falecidos-celebram-com-deus-a-festa-que-nunca-termina.html","og_site_name":"Not\u00edcias - Franciscanos","article_published_time":"2020-05-15T01:25:34+00:00","article_modified_time":"2020-05-15T11:05:47+00:00","og_image":[{"width":800,"height":600,"url":"https:\/\/franciscanos.org.br\/noticias\/wp-content\/uploads\/2020\/05\/celebra_140520P.jpg","type":"image\/jpeg"}],"author":"admin","twitter_card":"summary_large_image","twitter_misc":{"Escrito por":"admin","Est. tempo de leitura":"3 minutos"},"schema":{"@context":"https:\/\/schema.org","@graph":[{"@type":"WebSite","@id":"https:\/\/franciscanos.org.br\/noticias\/#website","url":"https:\/\/franciscanos.org.br\/noticias\/","name":"Not\u00edcias - Franciscanos","description":"Prov\u00edncia Franciscana da Imaculada Concei\u00e7\u00e3o do Brasil - Ordem dos Frades Menores - OFM","potentialAction":[{"@type":"SearchAction","target":{"@type":"EntryPoint","urlTemplate":"https:\/\/franciscanos.org.br\/noticias\/?s={search_term_string}"},"query-input":"required name=search_term_string"}],"inLanguage":"pt-BR"},{"@type":"ImageObject","inLanguage":"pt-BR","@id":"https:\/\/franciscanos.org.br\/noticias\/os-fieis-falecidos-celebram-com-deus-a-festa-que-nunca-termina.html#primaryimage","url":"https:\/\/franciscanos.org.br\/noticias\/wp-content\/uploads\/2020\/05\/celebra_140520P.jpg","contentUrl":"https:\/\/franciscanos.org.br\/noticias\/wp-content\/uploads\/2020\/05\/celebra_140520P.jpg","width":800,"height":600},{"@type":"WebPage","@id":"https:\/\/franciscanos.org.br\/noticias\/os-fieis-falecidos-celebram-com-deus-a-festa-que-nunca-termina.html#webpage","url":"https:\/\/franciscanos.org.br\/noticias\/os-fieis-falecidos-celebram-com-deus-a-festa-que-nunca-termina.html","name":"Os fi\u00e9is falecidos celebram com Deus a festa que nunca termina - Not\u00edcias - Franciscanos","isPartOf":{"@id":"https:\/\/franciscanos.org.br\/noticias\/#website"},"primaryImageOfPage":{"@id":"https:\/\/franciscanos.org.br\/noticias\/os-fieis-falecidos-celebram-com-deus-a-festa-que-nunca-termina.html#primaryimage"},"datePublished":"2020-05-15T01:25:34+00:00","dateModified":"2020-05-15T11:05:47+00:00","author":{"@id":"https:\/\/franciscanos.org.br\/noticias\/#\/schema\/person\/b38fbf43118f02820bd932f2e4b14ad3"},"breadcrumb":{"@id":"https:\/\/franciscanos.org.br\/noticias\/os-fieis-falecidos-celebram-com-deus-a-festa-que-nunca-termina.html#breadcrumb"},"inLanguage":"pt-BR","potentialAction":[{"@type":"ReadAction","target":["https:\/\/franciscanos.org.br\/noticias\/os-fieis-falecidos-celebram-com-deus-a-festa-que-nunca-termina.html"]}]},{"@type":"BreadcrumbList","@id":"https:\/\/franciscanos.org.br\/noticias\/os-fieis-falecidos-celebram-com-deus-a-festa-que-nunca-termina.html#breadcrumb","itemListElement":[{"@type":"ListItem","position":1,"name":"Home","item":"https:\/\/franciscanos.org.br\/noticias"},{"@type":"ListItem","position":2,"name":"Os fi\u00e9is falecidos celebram com Deus a festa que nunca termina"}]},{"@type":"Person","@id":"https:\/\/franciscanos.org.br\/noticias\/#\/schema\/person\/b38fbf43118f02820bd932f2e4b14ad3","name":"admin","image":{"@type":"ImageObject","inLanguage":"pt-BR","@id":"https:\/\/franciscanos.org.br\/noticias\/#\/schema\/person\/image\/","url":"https:\/\/secure.gravatar.com\/avatar\/e8495742d34d0ba6448ea1c628263b3e?s=96&d=mm&r=g","contentUrl":"https:\/\/secure.gravatar.com\/avatar\/e8495742d34d0ba6448ea1c628263b3e?s=96&d=mm&r=g","caption":"admin"},"url":"https:\/\/franciscanos.org.br\/noticias\/author\/admin"}]}},"_links":{"self":[{"href":"https:\/\/franciscanos.org.br\/noticias\/wp-json\/wp\/v2\/posts\/223718"}],"collection":[{"href":"https:\/\/franciscanos.org.br\/noticias\/wp-json\/wp\/v2\/posts"}],"about":[{"href":"https:\/\/franciscanos.org.br\/noticias\/wp-json\/wp\/v2\/types\/post"}],"author":[{"embeddable":true,"href":"https:\/\/franciscanos.org.br\/noticias\/wp-json\/wp\/v2\/users\/1"}],"replies":[{"embeddable":true,"href":"https:\/\/franciscanos.org.br\/noticias\/wp-json\/wp\/v2\/comments?post=223718"}],"version-history":[{"count":3,"href":"https:\/\/franciscanos.org.br\/noticias\/wp-json\/wp\/v2\/posts\/223718\/revisions"}],"predecessor-version":[{"id":223731,"href":"https:\/\/franciscanos.org.br\/noticias\/wp-json\/wp\/v2\/posts\/223718\/revisions\/223731"}],"wp:featuredmedia":[{"embeddable":true,"href":"https:\/\/franciscanos.org.br\/noticias\/wp-json\/wp\/v2\/media\/223722"}],"wp:attachment":[{"href":"https:\/\/franciscanos.org.br\/noticias\/wp-json\/wp\/v2\/media?parent=223718"}],"wp:term":[{"taxonomy":"category","embeddable":true,"href":"https:\/\/franciscanos.org.br\/noticias\/wp-json\/wp\/v2\/categories?post=223718"},{"taxonomy":"post_tag","embeddable":true,"href":"https:\/\/franciscanos.org.br\/noticias\/wp-json\/wp\/v2\/tags?post=223718"}],"curies":[{"name":"wp","href":"https:\/\/api.w.org\/{rel}","templated":true}]}}