{"id":223664,"date":"2020-05-14T06:34:51","date_gmt":"2020-05-14T09:34:51","guid":{"rendered":"https:\/\/franciscanos.org.br\/noticias\/?p=223664"},"modified":"2020-06-05T11:45:07","modified_gmt":"2020-06-05T14:45:07","slug":"papa-rezemos-juntos-como-irmaos-pela-libertacao-de-todas-as-pandemias","status":"publish","type":"post","link":"https:\/\/franciscanos.org.br\/noticias\/papa-rezemos-juntos-como-irmaos-pela-libertacao-de-todas-as-pandemias.html","title":{"rendered":"Papa: rezemos juntos como irm\u00e3os pela liberta\u00e7\u00e3o de todas as pandemias"},"content":{"rendered":"<p><img loading=\"lazy\" class=\"alignnone size-full wp-image-223665\" src=\"https:\/\/franciscanos.org.br\/noticias\/wp-content\/uploads\/2020\/05\/marta_1405.jpg\" alt=\"\" width=\"1280\" height=\"729\" srcset=\"https:\/\/franciscanos.org.br\/noticias\/wp-content\/uploads\/2020\/05\/marta_1405.jpg 1280w, https:\/\/franciscanos.org.br\/noticias\/wp-content\/uploads\/2020\/05\/marta_1405-450x256.jpg 450w, https:\/\/franciscanos.org.br\/noticias\/wp-content\/uploads\/2020\/05\/marta_1405-1024x583.jpg 1024w, https:\/\/franciscanos.org.br\/noticias\/wp-content\/uploads\/2020\/05\/marta_1405-768x437.jpg 768w, https:\/\/franciscanos.org.br\/noticias\/wp-content\/uploads\/2020\/05\/marta_1405-150x85.jpg 150w\" sizes=\"(max-width: 1280px) 100vw, 1280px\" \/><\/p>\n<p><strong>Cidade do Vaticano<\/strong> &#8211; O Papa Francisco presidiu a Missa na Casa Santa Marta, no Vaticano, na manh\u00e3 desta quinta-feira, 14 de maio, data em que a Igreja celebra em seu calend\u00e1rio lit\u00fargico a Festa de S\u00e3o Matias Ap\u00f3stolo. Na introdu\u00e7\u00e3o, recordou o Dia mundial de ora\u00e7\u00e3o, jejum e obras de caridade, promovido pelo Alto Comit\u00ea da Fraternidade Humana, e encorajou todos a se unirem como irm\u00e3os, para pedir a liberta\u00e7\u00e3o deste mal:<\/p>\n<p>O Alto Comit\u00ea para a Fraternidade Humana convocou para hoje um dia de ora\u00e7\u00e3o, jejum para pedir a Deus miseric\u00f3rdia e piedade neste momento tr\u00e1gico da pandemia. Todos somos irm\u00e3os. S\u00e3o Francisco de Assis dizia: \u201cTodos irm\u00e3os\u201d. E por isto, homens e mulheres de todas as confiss\u00f5es religiosas hoje nos unimos na ora\u00e7\u00e3o e na penit\u00eancia para pedir a gra\u00e7a da cura desta pandemia.<\/p>\n<p>Na homilia, o Papa comentou a primeira leitura, extra\u00edda do Livro de Jonas, em que o profeta convida o povo de N\u00ednive a converter-se para n\u00e3o sofrer a destrui\u00e7\u00e3o da cidade. N\u00ednive se converteu e a cidade foi salva de alguma pandemia, talvez \u201cuma pandemia moral\u201d, observou o Santo Padre. \u201cE hoje \u2013 ressaltou \u2013 todos n\u00f3s, irm\u00e3os e irm\u00e3s de todas as tradi\u00e7\u00f5es religiosas, rezamos: dia de ora\u00e7\u00e3o e de jejum, de penit\u00eancia, convocado pelo Alto Comit\u00ea para a Fraternidade Humana. Cada um de n\u00f3s reza, as comunidades rezam, as confiss\u00f5es religiosa rezam: rezam a Deus, todos irm\u00e3os, unidos na fraternidade que nos une neste momento de dor e de trag\u00e9dia.\u201d<\/p>\n<p>\u201cN\u00f3s n\u00e3o esper\u00e1vamos esta pandemia, veio sem que n\u00f3s a esper\u00e1ssemos, mas agora est\u00e1 a\u00ed. E muitas pessoas morrem. E muitas pessoas morrem sozinhas e muitas gente morre sem poder fazer nada. Muitas vezes se pode pensar: \u2018N\u00e3o me diz respeito, gra\u00e7as a Deus me salvei\u2019. Mas pense nos outros! Pense na trag\u00e9dia e tamb\u00e9m nas consequ\u00eancias econ\u00f4micas, nas consequ\u00eancias sobre a educa\u00e7\u00e3o\u201d e \u201cnaquilo que vir\u00e1 depois. E por isso hoje, todos, irm\u00e3os e irm\u00e3s, de toda e qualquer confiss\u00e3o religiosa, rezemos a Deus\u201d.<\/p>\n<p>\u201cTalvez \u2013 observou o Papa \u2013 algu\u00e9m possa dizer: \u2018Mas isso \u00e9 relativismo religioso e n\u00e3o se pode fazer\u2019. Como n\u00e3o se pode fazer, rezar ao Pai de todos? Cada um reza como sabe, como pode\u201d, segundo a pr\u00f3pria cultura. \u201cN\u00f3s n\u00e3o estamos rezando um contra o outro, esta tradi\u00e7\u00e3o religiosa contra aquela, n\u00e3o! Estamos todos unidos como seres humanos, como irm\u00e3os, rezando a Deus, segundo a pr\u00f3pria cultura, segundo a pr\u00f3pria tradi\u00e7\u00e3o, segundo os pr\u00f3prios credos, mas irm\u00e3os rezando a Deus, isso \u00e9 importante: irm\u00e3os, fazendo jejum, pedindo perd\u00e3o a Deus pelos nossos pecados, para que o Senhor tenha miseric\u00f3rdia de n\u00f3s, para que o Senhor nos perdoe, para que o Senhor detenha esta pandemia. Hoje \u00e9 um dia de fraternidade, olhando para o \u00fanico Pai, irm\u00e3os e paternidade. Dia de ora\u00e7\u00e3o.\u201d<\/p>\n<p>Esta pandemia \u2013 disse Francisco \u2013 \u201cveio como um dil\u00favio, veio abruptamente. Agora estamos nos acordando um pouco. Mas existem tantas outras pandemias que fazem as pessoas morrer e n\u00e3o nos damos conta disso, olhamos para outro lado. Somos um pouco inconscientes diante das trag\u00e9dias que se verificam no mundo neste momento\u201d.<\/p>\n<p>O Papa citou uma estat\u00edstica oficial, que n\u00e3o fala da pandemia do coronav\u00edrus, mas de outra pandemia: \u201cNos primeiros quatro meses deste ano morreram 3 milh\u00f5es e 700 mil pessoas. Existe a pandemia da fome. Em quatro meses, quase 4 milh\u00f5es de pessoas. Esta ora\u00e7\u00e3o de hoje para pedir que o Senhor detenha esta pandemia nos deve levar a pensar nas outras pandemias do mundo. H\u00e1 muitas pandemias! A pandemia das guerras, da fome e muitas outras. Mas o importante \u00e9 que, hoje, juntos e gra\u00e7as \u00e0 coragem que o Alto Comit\u00ea para a Fraternidade Humana teve, juntos fomos convidados a rezar cada um segundo a pr\u00f3pria tradi\u00e7\u00e3o e a fazer um dia de penit\u00eancia de jejum e tamb\u00e9m de caridade, de ajuda aos outros. Isso \u00e9 importante. No livro de Jonas ouvimos que o Senhor, quando viu como o povo tinha reagido \u2013 tinha se convertido \u2013 o Senhor cessou, desistiu daquilo que Ele queria fazer\u201d.<\/p>\n<p>\u201cQue Deus detenha esta trag\u00e9dia \u2013 foi a ora\u00e7\u00e3o do Papa Francisco \u2013, que detenha esta pandemia. Que Deus tenha piedade de n\u00f3s e que cesse tamb\u00e9m as outras pandemias t\u00e3o ruins: a da fome, a da guerra, a das crian\u00e7as sem instru\u00e7\u00e3o. E pe\u00e7amos isso como irm\u00e3os, todos juntos. Que Deus nos aben\u00e7oe a todos e tenha piedade de n\u00f3s.\u201d<\/p>\n<p>O Papa convidou a fazer a Comunh\u00e3o espiritual com a seguinte ora\u00e7\u00e3o:<\/p>\n<p style=\"padding-left: 40px;\"><em>Meu Jesus, eu creio que estais realmente presente no Sant\u00edssimo Sacramento do Altar. Amo-vos sobre todas as coisas, e minha alma suspira por V\u00f3s. Mas, como n\u00e3o posso receber-Vos agora no Sant\u00edssimo Sacramento, vinde, ao menos espiritualmente, a meu cora\u00e7\u00e3o. Abra\u00e7o-me convosco como se j\u00e1 estiv\u00e9sseis comigo: uno-me Convosco inteiramente. Ah! n\u00e3o permitais que torne a separar-me de V\u00f3s!<\/em><\/p>\n<p>Francisco terminou a celebra\u00e7\u00e3o com adora\u00e7\u00e3o e a b\u00ean\u00e7\u00e3o eucar\u00edstica. No final da Missa, o Papa agradeceu a Tommaso Pallottino, o t\u00e9cnico de som do Dicast\u00e9rio para a Comunica\u00e7\u00e3o que o acompanhou nestas transmiss\u00f5es ao vivo e hoje era seu \u00faltimo dia de trabalho antes da aposentadoria: \u201cQue o Senhor \u2013 pediu o Santo Padre \u2013 o aben\u00e7oe e o acompanhe na nova etapa da vida\u201d. Antes de deixar a Capela dedicada ao Esp\u00edrito Santo, foi entoada a ant\u00edfona mariana \u201cRegina caeli\u201d, cantada no tempo pascal:<\/p>\n<p style=\"padding-left: 40px;\"><em>Rainha dos c\u00e9us, alegrai-vos. Aleluia!<\/em><\/p>\n<p style=\"padding-left: 40px;\"><em>Porque Aquele que merecestes trazer em vosso seio. Aleluia!<\/em><\/p>\n<p style=\"padding-left: 40px;\"><em>Ressuscitou como disse. Aleluia!<\/em><\/p>\n<p style=\"padding-left: 40px;\"><em>Rogai por n\u00f3s a Deus. Aleluia!<\/em><\/p>\n<p style=\"padding-left: 40px;\"><em>D.\/ Alegrai-vos e exultai, \u00f3 Virgem Maria. Aleluia!<\/em><\/p>\n<p style=\"padding-left: 40px;\"><em>C.\/ Porque o Senhor ressuscitou, verdadeiramente. Aleluia!<\/em><\/p>\n<p><em>Fonte: Vatican News<\/em><\/p>\n","protected":false},"excerpt":{"rendered":"<p>Missa em Santa Marta<\/p>\n","protected":false},"author":3,"featured_media":223666,"comment_status":"open","ping_status":"open","sticky":false,"template":"","format":"standard","meta":[],"categories":[1428],"tags":[1586],"acf":[],"yoast_head":"<!-- This site is optimized with the Yoast SEO plugin v19.2 - https:\/\/yoast.com\/wordpress\/plugins\/seo\/ -->\n<title>Papa: rezemos juntos como irm\u00e3os pela liberta\u00e7\u00e3o de todas as pandemias - Not\u00edcias - Franciscanos<\/title>\n<meta name=\"robots\" content=\"index, follow, max-snippet:-1, max-image-preview:large, max-video-preview:-1\" \/>\n<link rel=\"canonical\" href=\"https:\/\/franciscanos.org.br\/noticias\/papa-rezemos-juntos-como-irmaos-pela-libertacao-de-todas-as-pandemias.html\" \/>\n<meta property=\"og:locale\" content=\"pt_BR\" \/>\n<meta property=\"og:type\" content=\"article\" \/>\n<meta property=\"og:title\" content=\"Papa: rezemos juntos como irm\u00e3os pela liberta\u00e7\u00e3o de todas as pandemias - Not\u00edcias - Franciscanos\" \/>\n<meta property=\"og:description\" content=\"Missa em Santa Marta\" \/>\n<meta property=\"og:url\" content=\"https:\/\/franciscanos.org.br\/noticias\/papa-rezemos-juntos-como-irmaos-pela-libertacao-de-todas-as-pandemias.html\" \/>\n<meta property=\"og:site_name\" content=\"Not\u00edcias - Franciscanos\" \/>\n<meta property=\"article:published_time\" content=\"2020-05-14T09:34:51+00:00\" \/>\n<meta property=\"article:modified_time\" content=\"2020-06-05T14:45:07+00:00\" \/>\n<meta property=\"og:image\" content=\"https:\/\/franciscanos.org.br\/noticias\/wp-content\/uploads\/2020\/05\/marta_1405d.jpg\" \/>\n\t<meta property=\"og:image:width\" content=\"800\" \/>\n\t<meta property=\"og:image:height\" content=\"600\" \/>\n\t<meta property=\"og:image:type\" content=\"image\/jpeg\" \/>\n<meta name=\"author\" content=\"moacir\" \/>\n<meta name=\"twitter:card\" content=\"summary_large_image\" \/>\n<meta name=\"twitter:label1\" content=\"Escrito por\" \/>\n\t<meta name=\"twitter:data1\" content=\"moacir\" \/>\n\t<meta name=\"twitter:label2\" content=\"Est. tempo de leitura\" \/>\n\t<meta name=\"twitter:data2\" content=\"5 minutos\" \/>\n<script type=\"application\/ld+json\" class=\"yoast-schema-graph\">{\"@context\":\"https:\/\/schema.org\",\"@graph\":[{\"@type\":\"WebSite\",\"@id\":\"https:\/\/franciscanos.org.br\/noticias\/#website\",\"url\":\"https:\/\/franciscanos.org.br\/noticias\/\",\"name\":\"Not\u00edcias - Franciscanos\",\"description\":\"Prov\u00edncia Franciscana da Imaculada Concei\u00e7\u00e3o do Brasil - Ordem dos Frades Menores - OFM\",\"potentialAction\":[{\"@type\":\"SearchAction\",\"target\":{\"@type\":\"EntryPoint\",\"urlTemplate\":\"https:\/\/franciscanos.org.br\/noticias\/?s={search_term_string}\"},\"query-input\":\"required name=search_term_string\"}],\"inLanguage\":\"pt-BR\"},{\"@type\":\"ImageObject\",\"inLanguage\":\"pt-BR\",\"@id\":\"https:\/\/franciscanos.org.br\/noticias\/papa-rezemos-juntos-como-irmaos-pela-libertacao-de-todas-as-pandemias.html#primaryimage\",\"url\":\"https:\/\/franciscanos.org.br\/noticias\/wp-content\/uploads\/2020\/05\/marta_1405d.jpg\",\"contentUrl\":\"https:\/\/franciscanos.org.br\/noticias\/wp-content\/uploads\/2020\/05\/marta_1405d.jpg\",\"width\":800,\"height\":600},{\"@type\":\"WebPage\",\"@id\":\"https:\/\/franciscanos.org.br\/noticias\/papa-rezemos-juntos-como-irmaos-pela-libertacao-de-todas-as-pandemias.html#webpage\",\"url\":\"https:\/\/franciscanos.org.br\/noticias\/papa-rezemos-juntos-como-irmaos-pela-libertacao-de-todas-as-pandemias.html\",\"name\":\"Papa: rezemos juntos como irm\u00e3os pela liberta\u00e7\u00e3o de todas as pandemias - Not\u00edcias - Franciscanos\",\"isPartOf\":{\"@id\":\"https:\/\/franciscanos.org.br\/noticias\/#website\"},\"primaryImageOfPage\":{\"@id\":\"https:\/\/franciscanos.org.br\/noticias\/papa-rezemos-juntos-como-irmaos-pela-libertacao-de-todas-as-pandemias.html#primaryimage\"},\"datePublished\":\"2020-05-14T09:34:51+00:00\",\"dateModified\":\"2020-06-05T14:45:07+00:00\",\"author\":{\"@id\":\"https:\/\/franciscanos.org.br\/noticias\/#\/schema\/person\/b5c8cba458c330ccff548b056e95a5d4\"},\"breadcrumb\":{\"@id\":\"https:\/\/franciscanos.org.br\/noticias\/papa-rezemos-juntos-como-irmaos-pela-libertacao-de-todas-as-pandemias.html#breadcrumb\"},\"inLanguage\":\"pt-BR\",\"potentialAction\":[{\"@type\":\"ReadAction\",\"target\":[\"https:\/\/franciscanos.org.br\/noticias\/papa-rezemos-juntos-como-irmaos-pela-libertacao-de-todas-as-pandemias.html\"]}]},{\"@type\":\"BreadcrumbList\",\"@id\":\"https:\/\/franciscanos.org.br\/noticias\/papa-rezemos-juntos-como-irmaos-pela-libertacao-de-todas-as-pandemias.html#breadcrumb\",\"itemListElement\":[{\"@type\":\"ListItem\",\"position\":1,\"name\":\"Home\",\"item\":\"https:\/\/franciscanos.org.br\/noticias\"},{\"@type\":\"ListItem\",\"position\":2,\"name\":\"Papa: rezemos juntos como irm\u00e3os pela liberta\u00e7\u00e3o de todas as pandemias\"}]},{\"@type\":\"Person\",\"@id\":\"https:\/\/franciscanos.org.br\/noticias\/#\/schema\/person\/b5c8cba458c330ccff548b056e95a5d4\",\"name\":\"moacir\",\"image\":{\"@type\":\"ImageObject\",\"inLanguage\":\"pt-BR\",\"@id\":\"https:\/\/franciscanos.org.br\/noticias\/#\/schema\/person\/image\/\",\"url\":\"https:\/\/secure.gravatar.com\/avatar\/d08aa2ce4c8dd416d4479aa8536fcf64?s=96&d=mm&r=g\",\"contentUrl\":\"https:\/\/secure.gravatar.com\/avatar\/d08aa2ce4c8dd416d4479aa8536fcf64?s=96&d=mm&r=g\",\"caption\":\"moacir\"},\"url\":\"https:\/\/franciscanos.org.br\/noticias\/author\/moacir\"}]}<\/script>\n<!-- \/ Yoast SEO plugin. -->","yoast_head_json":{"title":"Papa: rezemos juntos como irm\u00e3os pela liberta\u00e7\u00e3o de todas as pandemias - Not\u00edcias - Franciscanos","robots":{"index":"index","follow":"follow","max-snippet":"max-snippet:-1","max-image-preview":"max-image-preview:large","max-video-preview":"max-video-preview:-1"},"canonical":"https:\/\/franciscanos.org.br\/noticias\/papa-rezemos-juntos-como-irmaos-pela-libertacao-de-todas-as-pandemias.html","og_locale":"pt_BR","og_type":"article","og_title":"Papa: rezemos juntos como irm\u00e3os pela liberta\u00e7\u00e3o de todas as pandemias - Not\u00edcias - Franciscanos","og_description":"Missa em Santa Marta","og_url":"https:\/\/franciscanos.org.br\/noticias\/papa-rezemos-juntos-como-irmaos-pela-libertacao-de-todas-as-pandemias.html","og_site_name":"Not\u00edcias - Franciscanos","article_published_time":"2020-05-14T09:34:51+00:00","article_modified_time":"2020-06-05T14:45:07+00:00","og_image":[{"width":800,"height":600,"url":"https:\/\/franciscanos.org.br\/noticias\/wp-content\/uploads\/2020\/05\/marta_1405d.jpg","type":"image\/jpeg"}],"author":"moacir","twitter_card":"summary_large_image","twitter_misc":{"Escrito por":"moacir","Est. tempo de leitura":"5 minutos"},"schema":{"@context":"https:\/\/schema.org","@graph":[{"@type":"WebSite","@id":"https:\/\/franciscanos.org.br\/noticias\/#website","url":"https:\/\/franciscanos.org.br\/noticias\/","name":"Not\u00edcias - Franciscanos","description":"Prov\u00edncia Franciscana da Imaculada Concei\u00e7\u00e3o do Brasil - Ordem dos Frades Menores - OFM","potentialAction":[{"@type":"SearchAction","target":{"@type":"EntryPoint","urlTemplate":"https:\/\/franciscanos.org.br\/noticias\/?s={search_term_string}"},"query-input":"required name=search_term_string"}],"inLanguage":"pt-BR"},{"@type":"ImageObject","inLanguage":"pt-BR","@id":"https:\/\/franciscanos.org.br\/noticias\/papa-rezemos-juntos-como-irmaos-pela-libertacao-de-todas-as-pandemias.html#primaryimage","url":"https:\/\/franciscanos.org.br\/noticias\/wp-content\/uploads\/2020\/05\/marta_1405d.jpg","contentUrl":"https:\/\/franciscanos.org.br\/noticias\/wp-content\/uploads\/2020\/05\/marta_1405d.jpg","width":800,"height":600},{"@type":"WebPage","@id":"https:\/\/franciscanos.org.br\/noticias\/papa-rezemos-juntos-como-irmaos-pela-libertacao-de-todas-as-pandemias.html#webpage","url":"https:\/\/franciscanos.org.br\/noticias\/papa-rezemos-juntos-como-irmaos-pela-libertacao-de-todas-as-pandemias.html","name":"Papa: rezemos juntos como irm\u00e3os pela liberta\u00e7\u00e3o de todas as pandemias - Not\u00edcias - Franciscanos","isPartOf":{"@id":"https:\/\/franciscanos.org.br\/noticias\/#website"},"primaryImageOfPage":{"@id":"https:\/\/franciscanos.org.br\/noticias\/papa-rezemos-juntos-como-irmaos-pela-libertacao-de-todas-as-pandemias.html#primaryimage"},"datePublished":"2020-05-14T09:34:51+00:00","dateModified":"2020-06-05T14:45:07+00:00","author":{"@id":"https:\/\/franciscanos.org.br\/noticias\/#\/schema\/person\/b5c8cba458c330ccff548b056e95a5d4"},"breadcrumb":{"@id":"https:\/\/franciscanos.org.br\/noticias\/papa-rezemos-juntos-como-irmaos-pela-libertacao-de-todas-as-pandemias.html#breadcrumb"},"inLanguage":"pt-BR","potentialAction":[{"@type":"ReadAction","target":["https:\/\/franciscanos.org.br\/noticias\/papa-rezemos-juntos-como-irmaos-pela-libertacao-de-todas-as-pandemias.html"]}]},{"@type":"BreadcrumbList","@id":"https:\/\/franciscanos.org.br\/noticias\/papa-rezemos-juntos-como-irmaos-pela-libertacao-de-todas-as-pandemias.html#breadcrumb","itemListElement":[{"@type":"ListItem","position":1,"name":"Home","item":"https:\/\/franciscanos.org.br\/noticias"},{"@type":"ListItem","position":2,"name":"Papa: rezemos juntos como irm\u00e3os pela liberta\u00e7\u00e3o de todas as pandemias"}]},{"@type":"Person","@id":"https:\/\/franciscanos.org.br\/noticias\/#\/schema\/person\/b5c8cba458c330ccff548b056e95a5d4","name":"moacir","image":{"@type":"ImageObject","inLanguage":"pt-BR","@id":"https:\/\/franciscanos.org.br\/noticias\/#\/schema\/person\/image\/","url":"https:\/\/secure.gravatar.com\/avatar\/d08aa2ce4c8dd416d4479aa8536fcf64?s=96&d=mm&r=g","contentUrl":"https:\/\/secure.gravatar.com\/avatar\/d08aa2ce4c8dd416d4479aa8536fcf64?s=96&d=mm&r=g","caption":"moacir"},"url":"https:\/\/franciscanos.org.br\/noticias\/author\/moacir"}]}},"_links":{"self":[{"href":"https:\/\/franciscanos.org.br\/noticias\/wp-json\/wp\/v2\/posts\/223664"}],"collection":[{"href":"https:\/\/franciscanos.org.br\/noticias\/wp-json\/wp\/v2\/posts"}],"about":[{"href":"https:\/\/franciscanos.org.br\/noticias\/wp-json\/wp\/v2\/types\/post"}],"author":[{"embeddable":true,"href":"https:\/\/franciscanos.org.br\/noticias\/wp-json\/wp\/v2\/users\/3"}],"replies":[{"embeddable":true,"href":"https:\/\/franciscanos.org.br\/noticias\/wp-json\/wp\/v2\/comments?post=223664"}],"version-history":[{"count":2,"href":"https:\/\/franciscanos.org.br\/noticias\/wp-json\/wp\/v2\/posts\/223664\/revisions"}],"predecessor-version":[{"id":224206,"href":"https:\/\/franciscanos.org.br\/noticias\/wp-json\/wp\/v2\/posts\/223664\/revisions\/224206"}],"wp:featuredmedia":[{"embeddable":true,"href":"https:\/\/franciscanos.org.br\/noticias\/wp-json\/wp\/v2\/media\/223666"}],"wp:attachment":[{"href":"https:\/\/franciscanos.org.br\/noticias\/wp-json\/wp\/v2\/media?parent=223664"}],"wp:term":[{"taxonomy":"category","embeddable":true,"href":"https:\/\/franciscanos.org.br\/noticias\/wp-json\/wp\/v2\/categories?post=223664"},{"taxonomy":"post_tag","embeddable":true,"href":"https:\/\/franciscanos.org.br\/noticias\/wp-json\/wp\/v2\/tags?post=223664"}],"curies":[{"name":"wp","href":"https:\/\/api.w.org\/{rel}","templated":true}]}}