{"id":223630,"date":"2020-05-13T20:16:00","date_gmt":"2020-05-13T23:16:00","guid":{"rendered":"https:\/\/franciscanos.org.br\/noticias\/?p=223630"},"modified":"2020-05-13T20:32:07","modified_gmt":"2020-05-13T23:32:07","slug":"o-abraco-as-familias-enlutadas-vem-de-ituporanga-nesta-quarta","status":"publish","type":"post","link":"https:\/\/franciscanos.org.br\/noticias\/o-abraco-as-familias-enlutadas-vem-de-ituporanga-nesta-quarta.html","title":{"rendered":"O abra\u00e7o \u00e0s fam\u00edlias enlutadas vem de Ituporanga nesta quarta"},"content":{"rendered":"<p><img loading=\"lazy\" class=\"alignnone size-full wp-image-223631\" src=\"https:\/\/franciscanos.org.br\/noticias\/wp-content\/uploads\/2020\/05\/ituporanga_1.jpg\" alt=\"\" width=\"1280\" height=\"720\" srcset=\"https:\/\/franciscanos.org.br\/noticias\/wp-content\/uploads\/2020\/05\/ituporanga_1.jpg 1280w, https:\/\/franciscanos.org.br\/noticias\/wp-content\/uploads\/2020\/05\/ituporanga_1-450x253.jpg 450w, https:\/\/franciscanos.org.br\/noticias\/wp-content\/uploads\/2020\/05\/ituporanga_1-1024x576.jpg 1024w, https:\/\/franciscanos.org.br\/noticias\/wp-content\/uploads\/2020\/05\/ituporanga_1-768x432.jpg 768w, https:\/\/franciscanos.org.br\/noticias\/wp-content\/uploads\/2020\/05\/ituporanga_1-150x84.jpg 150w\" sizes=\"(max-width: 1280px) 100vw, 1280px\" \/><\/p>\n<p><strong>S\u00e3o Paulo (SP)<\/strong> &#8211; No quarto dia da &#8220;Celebra\u00e7\u00e3o do Abra\u00e7o e da Esperan\u00e7a&#8221;, nesta quarta-feira (13\/05), a Fraternidade Franciscana Santo Est\u00eav\u00e3o, de Ituporanga (SC), reuniu-se nesta noite para levar um pouco de consolo, paz e esperan\u00e7a \u00e0s fam\u00edlias enlutadas que praticamente nem puderam se despedir de seus entes queridos em meio \u00e0 pandemia do coronav\u00edrus que assola nosso pa\u00eds. Para se ter uma ideia, neste dia, o Brasil atingiu a marca de 185.568 infectados e 13.010 mortes. Nesta celebra\u00e7\u00e3o foram lembrados os falecimentos de D. Wanda Loeiro, de S\u00e3o Paulo, e de Luciano Figueiredo, de S\u00e3o Gon\u00e7alo (RJ).<\/p>\n<p>O p\u00e1roco e guardi\u00e3o Frei Evandro Balestrin presidiu a celebra\u00e7\u00e3o <em>on line<\/em> pela TVFranciscanos com seus confrades: Frei Rafael Spricigo, Frei Fabiano Kessin, Frei Marcos Prado dos Santos e Frei Valdemar Schweitzer. Para ele, era um momento de se unir a todos os familiares enlutados num momento t\u00e3o doloroso, onde nem uma celebra\u00e7\u00e3o digna \u00e9 poss\u00edvel por causa da situa\u00e7\u00e3o sanit\u00e1ria.<\/p>\n<p>&#8220;O intuito nosso \u00e9 de nos aproximarmos de voc\u00eas &#8211; os familiares de D. Wanda e os familiares de Luciano, que foi sepultado hoje &#8211; e, com certeza, podermos nos abra\u00e7armos na f\u00e9 de Jesus Cristo, porque \u00e9 Ele o Pastor, \u00e9 Ele que nos conduz, \u00e9 Ele que nos carrega no colo, \u00e9 Ele que faz descansar nas \u00e1guas repousantes. \u00c9 Jesus que conduz a nossa vida&#8221;, disse Frei Evandro, referindo ao Evangelho do Bom Pastor, do 4\u00ba domingo de P\u00e1scoa.<\/p>\n<p>&#8220;Este Evangelho simboliza esse Cristo que est\u00e1 vivo e presente no nosso meio, conduzindo-nos para a plenitude da vida&#8221;, observou. &#8220;Para quem n\u00e3o acredita, a morte talvez seja muito dolorosa. Mas para quem acredita, quem tem f\u00e9, como nos ensina o livro da Sabedora, essa vida n\u00e3o termina com a morte, porque ela nos conduz \u00e0 plenitude da Ressurrei\u00e7\u00e3o. Para quem cr\u00ea, a vida n\u00e3o \u00e9 tirada, mas \u00e9 transformada&#8221;, refletiu.<\/p>\n<p>Segundo Frei Evandro, diante dessa realidade de dor e sofrimento, n\u00e3o tem como fugirmos. &#8220;\u00c9 um sentimento que toma conta da gente quando perdemos ou deixamos de ter algu\u00e9m ao nosso lado, um ente querido, uma pessoa que faz parte da nossa vida e da nossa caminhada. E como isso d\u00f3i no cora\u00e7\u00e3o e na vida da gente!&#8221;, exclamou.<\/p>\n<p><img loading=\"lazy\" class=\"alignnone size-full wp-image-223633\" src=\"https:\/\/franciscanos.org.br\/noticias\/wp-content\/uploads\/2020\/05\/ituporanga_2.jpg\" alt=\"\" width=\"1280\" height=\"402\" srcset=\"https:\/\/franciscanos.org.br\/noticias\/wp-content\/uploads\/2020\/05\/ituporanga_2.jpg 1280w, https:\/\/franciscanos.org.br\/noticias\/wp-content\/uploads\/2020\/05\/ituporanga_2-450x141.jpg 450w, https:\/\/franciscanos.org.br\/noticias\/wp-content\/uploads\/2020\/05\/ituporanga_2-1024x322.jpg 1024w, https:\/\/franciscanos.org.br\/noticias\/wp-content\/uploads\/2020\/05\/ituporanga_2-768x241.jpg 768w, https:\/\/franciscanos.org.br\/noticias\/wp-content\/uploads\/2020\/05\/ituporanga_2-150x47.jpg 150w\" sizes=\"(max-width: 1280px) 100vw, 1280px\" \/><\/p>\n<p>&#8220;Mesmo que n\u00e3o tenhamos conhecido D. Wanda e o Luciano, hoje tenho certeza que os conhecemos a partir da f\u00e9, a partir da ora\u00e7\u00e3o, porque em Jesus Cristo somos todos irm\u00e3os. E por isso n\u00f3s gostar\u00edamos, como Fraternidade, de abra\u00e7\u00e1-los, j\u00e1 que atrav\u00e9s da f\u00e9 podemos abra\u00e7ar a cada um neste momento de dor&#8221;, consolou.<\/p>\n<p>&#8220;Quem ama quer a felicidade. Tenho certeza que D. Wanda quer ver seus familiares tocando a vida adiante, na for\u00e7a e na f\u00e9. Todos os familiares de Luciano, esposa e filhos, tamb\u00e9m querem que voc\u00eas toquem a vida adiante. Depositem a confian\u00e7a Naquele que est\u00e1 ao lado, Naquele que nos protege e Naquele que nos leva repousar em \u00e1guas tranquilas, da paz plena, que \u00e9 Jesus Cristo. Ele \u00e9 a porta e \u00e9 por ele que passamos&#8221;, concluiu, transmitindo um abra\u00e7o fraternal a todos os familiares.<\/p>\n<p>Depois das preces, Frei Evandro fez a Ora\u00e7\u00e3o de Encomenda\u00e7\u00e3o e concluiu a celebra\u00e7\u00e3o a b\u00ean\u00e7\u00e3o final.<\/p>\n<p>A Celebra\u00e7\u00e3o do Abra\u00e7o e da Esperan\u00e7a est\u00e1 sendo realizada durante toda a semana em diversas par\u00f3quias e conventos da Prov\u00edncia e transmitida atrav\u00e9s da <em>TVFranciscanos<\/em>. Para enviar as inten\u00e7\u00f5es, mande uma mensagem de <em>WhatsApp<\/em> para <strong><a href=\"https:\/\/api.whatsapp.com\/send?1=pt_BR&amp;phone=551197693-2430\" target=\"_blank\" rel=\"noopener noreferrer\">(11) 97693-2430<\/a><\/strong>. Neste n\u00famero, \u00e9 poss\u00edvel enviar a foto de seu amigo ou familiar falecido, com nome completo, local e data de nascimento e falecimento.<\/p>\n<p>Confira abaixo o dia, hor\u00e1rio e local das pr\u00f3ximas transmiss\u00f5es:<\/p>\n<table>\n<tbody>\n<tr>\n<td width=\"158\">DIA DA SEMANA<\/td>\n<td width=\"416\">FRATERNIDADE<\/td>\n<td width=\"85\">HOR\u00c1RIO<\/td>\n<\/tr>\n<tr>\n<td width=\"158\"><\/td>\n<td width=\"416\"><\/td>\n<td width=\"85\"><\/td>\n<\/tr>\n<tr>\n<td width=\"158\">QUINTA<\/td>\n<td width=\"416\">Par\u00f3quia S\u00e3o Pedro Ap\u00f3stolo (Pato Branco, PR)<\/td>\n<td width=\"85\">20h30<\/td>\n<\/tr>\n<tr>\n<td width=\"158\">SEXTA<\/td>\n<td width=\"416\">Par\u00f3quia Santa In\u00eas (Balne\u00e1rio Cambori\u00fa, SC)<\/td>\n<td width=\"85\">20h30<\/td>\n<\/tr>\n<tr>\n<td width=\"158\">S\u00c1BADO<\/td>\n<td width=\"416\">Convento da Penha (Vila Velha, ES)<\/td>\n<td width=\"85\">17h00<\/td>\n<\/tr>\n<\/tbody>\n<\/table>\n","protected":false},"excerpt":{"rendered":"<p>Celebra\u00e7\u00e3o do Abra\u00e7o e da Esperan\u00e7a<\/p>\n","protected":false},"author":3,"featured_media":223632,"comment_status":"open","ping_status":"open","sticky":false,"template":"","format":"standard","meta":[],"categories":[1],"tags":[1620],"acf":[],"yoast_head":"<!-- This site is optimized with the Yoast SEO plugin v19.2 - https:\/\/yoast.com\/wordpress\/plugins\/seo\/ -->\n<title>O abra\u00e7o \u00e0s fam\u00edlias enlutadas vem de Ituporanga nesta quarta - Not\u00edcias - Franciscanos<\/title>\n<meta name=\"robots\" content=\"index, follow, max-snippet:-1, max-image-preview:large, max-video-preview:-1\" \/>\n<link rel=\"canonical\" href=\"https:\/\/franciscanos.org.br\/noticias\/o-abraco-as-familias-enlutadas-vem-de-ituporanga-nesta-quarta.html\" \/>\n<meta property=\"og:locale\" content=\"pt_BR\" \/>\n<meta property=\"og:type\" content=\"article\" \/>\n<meta property=\"og:title\" content=\"O abra\u00e7o \u00e0s fam\u00edlias enlutadas vem de Ituporanga nesta quarta - Not\u00edcias - Franciscanos\" \/>\n<meta property=\"og:description\" content=\"Celebra\u00e7\u00e3o do Abra\u00e7o e da Esperan\u00e7a\" \/>\n<meta property=\"og:url\" content=\"https:\/\/franciscanos.org.br\/noticias\/o-abraco-as-familias-enlutadas-vem-de-ituporanga-nesta-quarta.html\" \/>\n<meta property=\"og:site_name\" content=\"Not\u00edcias - Franciscanos\" \/>\n<meta property=\"article:published_time\" content=\"2020-05-13T23:16:00+00:00\" \/>\n<meta property=\"article:modified_time\" content=\"2020-05-13T23:32:07+00:00\" \/>\n<meta property=\"og:image\" content=\"https:\/\/franciscanos.org.br\/noticias\/wp-content\/uploads\/2020\/05\/ituporanga_d.jpg\" \/>\n\t<meta property=\"og:image:width\" content=\"800\" \/>\n\t<meta property=\"og:image:height\" content=\"600\" \/>\n\t<meta property=\"og:image:type\" content=\"image\/jpeg\" \/>\n<meta name=\"author\" content=\"moacir\" \/>\n<meta name=\"twitter:card\" content=\"summary_large_image\" \/>\n<meta name=\"twitter:label1\" content=\"Escrito por\" \/>\n\t<meta name=\"twitter:data1\" content=\"moacir\" \/>\n\t<meta name=\"twitter:label2\" content=\"Est. tempo de leitura\" \/>\n\t<meta name=\"twitter:data2\" content=\"3 minutos\" \/>\n<script type=\"application\/ld+json\" class=\"yoast-schema-graph\">{\"@context\":\"https:\/\/schema.org\",\"@graph\":[{\"@type\":\"WebSite\",\"@id\":\"https:\/\/franciscanos.org.br\/noticias\/#website\",\"url\":\"https:\/\/franciscanos.org.br\/noticias\/\",\"name\":\"Not\u00edcias - Franciscanos\",\"description\":\"Prov\u00edncia Franciscana da Imaculada Concei\u00e7\u00e3o do Brasil - Ordem dos Frades Menores - OFM\",\"potentialAction\":[{\"@type\":\"SearchAction\",\"target\":{\"@type\":\"EntryPoint\",\"urlTemplate\":\"https:\/\/franciscanos.org.br\/noticias\/?s={search_term_string}\"},\"query-input\":\"required name=search_term_string\"}],\"inLanguage\":\"pt-BR\"},{\"@type\":\"ImageObject\",\"inLanguage\":\"pt-BR\",\"@id\":\"https:\/\/franciscanos.org.br\/noticias\/o-abraco-as-familias-enlutadas-vem-de-ituporanga-nesta-quarta.html#primaryimage\",\"url\":\"https:\/\/franciscanos.org.br\/noticias\/wp-content\/uploads\/2020\/05\/ituporanga_d.jpg\",\"contentUrl\":\"https:\/\/franciscanos.org.br\/noticias\/wp-content\/uploads\/2020\/05\/ituporanga_d.jpg\",\"width\":800,\"height\":600},{\"@type\":\"WebPage\",\"@id\":\"https:\/\/franciscanos.org.br\/noticias\/o-abraco-as-familias-enlutadas-vem-de-ituporanga-nesta-quarta.html#webpage\",\"url\":\"https:\/\/franciscanos.org.br\/noticias\/o-abraco-as-familias-enlutadas-vem-de-ituporanga-nesta-quarta.html\",\"name\":\"O abra\u00e7o \u00e0s fam\u00edlias enlutadas vem de Ituporanga nesta quarta - Not\u00edcias - Franciscanos\",\"isPartOf\":{\"@id\":\"https:\/\/franciscanos.org.br\/noticias\/#website\"},\"primaryImageOfPage\":{\"@id\":\"https:\/\/franciscanos.org.br\/noticias\/o-abraco-as-familias-enlutadas-vem-de-ituporanga-nesta-quarta.html#primaryimage\"},\"datePublished\":\"2020-05-13T23:16:00+00:00\",\"dateModified\":\"2020-05-13T23:32:07+00:00\",\"author\":{\"@id\":\"https:\/\/franciscanos.org.br\/noticias\/#\/schema\/person\/b5c8cba458c330ccff548b056e95a5d4\"},\"breadcrumb\":{\"@id\":\"https:\/\/franciscanos.org.br\/noticias\/o-abraco-as-familias-enlutadas-vem-de-ituporanga-nesta-quarta.html#breadcrumb\"},\"inLanguage\":\"pt-BR\",\"potentialAction\":[{\"@type\":\"ReadAction\",\"target\":[\"https:\/\/franciscanos.org.br\/noticias\/o-abraco-as-familias-enlutadas-vem-de-ituporanga-nesta-quarta.html\"]}]},{\"@type\":\"BreadcrumbList\",\"@id\":\"https:\/\/franciscanos.org.br\/noticias\/o-abraco-as-familias-enlutadas-vem-de-ituporanga-nesta-quarta.html#breadcrumb\",\"itemListElement\":[{\"@type\":\"ListItem\",\"position\":1,\"name\":\"Home\",\"item\":\"https:\/\/franciscanos.org.br\/noticias\"},{\"@type\":\"ListItem\",\"position\":2,\"name\":\"O abra\u00e7o \u00e0s fam\u00edlias enlutadas vem de Ituporanga nesta quarta\"}]},{\"@type\":\"Person\",\"@id\":\"https:\/\/franciscanos.org.br\/noticias\/#\/schema\/person\/b5c8cba458c330ccff548b056e95a5d4\",\"name\":\"moacir\",\"image\":{\"@type\":\"ImageObject\",\"inLanguage\":\"pt-BR\",\"@id\":\"https:\/\/franciscanos.org.br\/noticias\/#\/schema\/person\/image\/\",\"url\":\"https:\/\/secure.gravatar.com\/avatar\/d08aa2ce4c8dd416d4479aa8536fcf64?s=96&d=mm&r=g\",\"contentUrl\":\"https:\/\/secure.gravatar.com\/avatar\/d08aa2ce4c8dd416d4479aa8536fcf64?s=96&d=mm&r=g\",\"caption\":\"moacir\"},\"url\":\"https:\/\/franciscanos.org.br\/noticias\/author\/moacir\"}]}<\/script>\n<!-- \/ Yoast SEO plugin. -->","yoast_head_json":{"title":"O abra\u00e7o \u00e0s fam\u00edlias enlutadas vem de Ituporanga nesta quarta - Not\u00edcias - Franciscanos","robots":{"index":"index","follow":"follow","max-snippet":"max-snippet:-1","max-image-preview":"max-image-preview:large","max-video-preview":"max-video-preview:-1"},"canonical":"https:\/\/franciscanos.org.br\/noticias\/o-abraco-as-familias-enlutadas-vem-de-ituporanga-nesta-quarta.html","og_locale":"pt_BR","og_type":"article","og_title":"O abra\u00e7o \u00e0s fam\u00edlias enlutadas vem de Ituporanga nesta quarta - Not\u00edcias - Franciscanos","og_description":"Celebra\u00e7\u00e3o do Abra\u00e7o e da Esperan\u00e7a","og_url":"https:\/\/franciscanos.org.br\/noticias\/o-abraco-as-familias-enlutadas-vem-de-ituporanga-nesta-quarta.html","og_site_name":"Not\u00edcias - Franciscanos","article_published_time":"2020-05-13T23:16:00+00:00","article_modified_time":"2020-05-13T23:32:07+00:00","og_image":[{"width":800,"height":600,"url":"https:\/\/franciscanos.org.br\/noticias\/wp-content\/uploads\/2020\/05\/ituporanga_d.jpg","type":"image\/jpeg"}],"author":"moacir","twitter_card":"summary_large_image","twitter_misc":{"Escrito por":"moacir","Est. tempo de leitura":"3 minutos"},"schema":{"@context":"https:\/\/schema.org","@graph":[{"@type":"WebSite","@id":"https:\/\/franciscanos.org.br\/noticias\/#website","url":"https:\/\/franciscanos.org.br\/noticias\/","name":"Not\u00edcias - Franciscanos","description":"Prov\u00edncia Franciscana da Imaculada Concei\u00e7\u00e3o do Brasil - Ordem dos Frades Menores - OFM","potentialAction":[{"@type":"SearchAction","target":{"@type":"EntryPoint","urlTemplate":"https:\/\/franciscanos.org.br\/noticias\/?s={search_term_string}"},"query-input":"required name=search_term_string"}],"inLanguage":"pt-BR"},{"@type":"ImageObject","inLanguage":"pt-BR","@id":"https:\/\/franciscanos.org.br\/noticias\/o-abraco-as-familias-enlutadas-vem-de-ituporanga-nesta-quarta.html#primaryimage","url":"https:\/\/franciscanos.org.br\/noticias\/wp-content\/uploads\/2020\/05\/ituporanga_d.jpg","contentUrl":"https:\/\/franciscanos.org.br\/noticias\/wp-content\/uploads\/2020\/05\/ituporanga_d.jpg","width":800,"height":600},{"@type":"WebPage","@id":"https:\/\/franciscanos.org.br\/noticias\/o-abraco-as-familias-enlutadas-vem-de-ituporanga-nesta-quarta.html#webpage","url":"https:\/\/franciscanos.org.br\/noticias\/o-abraco-as-familias-enlutadas-vem-de-ituporanga-nesta-quarta.html","name":"O abra\u00e7o \u00e0s fam\u00edlias enlutadas vem de Ituporanga nesta quarta - Not\u00edcias - Franciscanos","isPartOf":{"@id":"https:\/\/franciscanos.org.br\/noticias\/#website"},"primaryImageOfPage":{"@id":"https:\/\/franciscanos.org.br\/noticias\/o-abraco-as-familias-enlutadas-vem-de-ituporanga-nesta-quarta.html#primaryimage"},"datePublished":"2020-05-13T23:16:00+00:00","dateModified":"2020-05-13T23:32:07+00:00","author":{"@id":"https:\/\/franciscanos.org.br\/noticias\/#\/schema\/person\/b5c8cba458c330ccff548b056e95a5d4"},"breadcrumb":{"@id":"https:\/\/franciscanos.org.br\/noticias\/o-abraco-as-familias-enlutadas-vem-de-ituporanga-nesta-quarta.html#breadcrumb"},"inLanguage":"pt-BR","potentialAction":[{"@type":"ReadAction","target":["https:\/\/franciscanos.org.br\/noticias\/o-abraco-as-familias-enlutadas-vem-de-ituporanga-nesta-quarta.html"]}]},{"@type":"BreadcrumbList","@id":"https:\/\/franciscanos.org.br\/noticias\/o-abraco-as-familias-enlutadas-vem-de-ituporanga-nesta-quarta.html#breadcrumb","itemListElement":[{"@type":"ListItem","position":1,"name":"Home","item":"https:\/\/franciscanos.org.br\/noticias"},{"@type":"ListItem","position":2,"name":"O abra\u00e7o \u00e0s fam\u00edlias enlutadas vem de Ituporanga nesta quarta"}]},{"@type":"Person","@id":"https:\/\/franciscanos.org.br\/noticias\/#\/schema\/person\/b5c8cba458c330ccff548b056e95a5d4","name":"moacir","image":{"@type":"ImageObject","inLanguage":"pt-BR","@id":"https:\/\/franciscanos.org.br\/noticias\/#\/schema\/person\/image\/","url":"https:\/\/secure.gravatar.com\/avatar\/d08aa2ce4c8dd416d4479aa8536fcf64?s=96&d=mm&r=g","contentUrl":"https:\/\/secure.gravatar.com\/avatar\/d08aa2ce4c8dd416d4479aa8536fcf64?s=96&d=mm&r=g","caption":"moacir"},"url":"https:\/\/franciscanos.org.br\/noticias\/author\/moacir"}]}},"_links":{"self":[{"href":"https:\/\/franciscanos.org.br\/noticias\/wp-json\/wp\/v2\/posts\/223630"}],"collection":[{"href":"https:\/\/franciscanos.org.br\/noticias\/wp-json\/wp\/v2\/posts"}],"about":[{"href":"https:\/\/franciscanos.org.br\/noticias\/wp-json\/wp\/v2\/types\/post"}],"author":[{"embeddable":true,"href":"https:\/\/franciscanos.org.br\/noticias\/wp-json\/wp\/v2\/users\/3"}],"replies":[{"embeddable":true,"href":"https:\/\/franciscanos.org.br\/noticias\/wp-json\/wp\/v2\/comments?post=223630"}],"version-history":[{"count":3,"href":"https:\/\/franciscanos.org.br\/noticias\/wp-json\/wp\/v2\/posts\/223630\/revisions"}],"predecessor-version":[{"id":223643,"href":"https:\/\/franciscanos.org.br\/noticias\/wp-json\/wp\/v2\/posts\/223630\/revisions\/223643"}],"wp:featuredmedia":[{"embeddable":true,"href":"https:\/\/franciscanos.org.br\/noticias\/wp-json\/wp\/v2\/media\/223632"}],"wp:attachment":[{"href":"https:\/\/franciscanos.org.br\/noticias\/wp-json\/wp\/v2\/media?parent=223630"}],"wp:term":[{"taxonomy":"category","embeddable":true,"href":"https:\/\/franciscanos.org.br\/noticias\/wp-json\/wp\/v2\/categories?post=223630"},{"taxonomy":"post_tag","embeddable":true,"href":"https:\/\/franciscanos.org.br\/noticias\/wp-json\/wp\/v2\/tags?post=223630"}],"curies":[{"name":"wp","href":"https:\/\/api.w.org\/{rel}","templated":true}]}}