{"id":223620,"date":"2020-05-13T06:58:25","date_gmt":"2020-05-13T09:58:25","guid":{"rendered":"https:\/\/franciscanos.org.br\/noticias\/?p=223620"},"modified":"2021-08-29T11:31:43","modified_gmt":"2021-08-29T14:31:43","slug":"papa-rezar-e-o-misterio-mais-intimo-de-nos-mesmos","status":"publish","type":"post","link":"https:\/\/franciscanos.org.br\/noticias\/papa-rezar-e-o-misterio-mais-intimo-de-nos-mesmos.html","title":{"rendered":"Papa: rezar \u00e9 o mist\u00e9rio mais \u00edntimo de n\u00f3s mesmos"},"content":{"rendered":"<div id=\"attachment_223621\" style=\"width: 1010px\" class=\"wp-caption alignnone\"><img aria-describedby=\"caption-attachment-223621\" loading=\"lazy\" class=\"wp-image-223621 size-full\" src=\"https:\/\/franciscanos.org.br\/noticias\/wp-content\/uploads\/2020\/05\/audiencia_1305.jpg\" alt=\"\" width=\"1000\" height=\"563\" srcset=\"https:\/\/franciscanos.org.br\/noticias\/wp-content\/uploads\/2020\/05\/audiencia_1305.jpg 1000w, https:\/\/franciscanos.org.br\/noticias\/wp-content\/uploads\/2020\/05\/audiencia_1305-450x253.jpg 450w, https:\/\/franciscanos.org.br\/noticias\/wp-content\/uploads\/2020\/05\/audiencia_1305-768x432.jpg 768w, https:\/\/franciscanos.org.br\/noticias\/wp-content\/uploads\/2020\/05\/audiencia_1305-150x84.jpg 150w\" sizes=\"(max-width: 1000px) 100vw, 1000px\" \/><p id=\"caption-attachment-223621\" class=\"wp-caption-text\">\u00a0 \u00a0 \u00a0 \u00a0 \u00a0 \u00a0 \u00a0 \u00a0 \u00a0 \u00a0 \u00a0 \u00a0 \u00a0 \u00a0 \u00a0 \u00a0 \u00a0 \u00a0 \u00a0 \u00a0 \u00a0 \u00a0 \u00a0 \u00a0 \u00a0 \u00a0 \u00a0 \u00a0 \u00a0 \u00a0 \u00a0 \u00a0 \u00a0 \u00a0 \u00a0 \u00a0 \u00a0 \u00a0 \u00a0 \u00a0 \u00a0 \u00a0 \u00a0 \u00a0 \u00a0 \u00a0 \u00a0 \u00a0 \u00a0 \u00a0<em> \u00a0 \u00a0Imagem: Vatican Media<\/em><\/p><\/div>\n<p><strong>Cidade do Vaticano &#8211;<\/strong> Na catequese da Audi\u00eancia Geral desta quarta-feira (13\/05), realizada na Biblioteca do Pal\u00e1cio Apost\u00f3lico, por causa da pandemia de coronav\u00edrus, o Papa Francisco deu continuidade ao tema da ora\u00e7\u00e3o, iniciado na semana passada.<\/p>\n<p>\u201cA ora\u00e7\u00e3o pertence a todos: aos homens de todas as religi\u00f5es, e provavelmente tamb\u00e9m \u00e0queles que n\u00e3o professam nenhuma\u201d, disse Francisco, reiterando que \u201ca ora\u00e7\u00e3o nasce no segredo de n\u00f3s mesmos, naquele lugar interior que muitas vezes os autores espirituais costumam chamar de \u201ccora\u00e7\u00e3o\u201d.\u201d<\/p>\n<p>Portanto, rezar n\u00e3o \u00e9 algo perif\u00e9rico em n\u00f3s, n\u00e3o \u00e9 uma nossa faculdade secund\u00e1ria e marginal, mas \u00e9 o mist\u00e9rio mais \u00edntimo de n\u00f3s mesmos. \u00c9 esse mist\u00e9rio que reza. As emo\u00e7\u00f5es rezam, mas n\u00e3o se pode dizer que a ora\u00e7\u00e3o seja apenas emo\u00e7\u00e3o. A intelig\u00eancia reza, mas rezar n\u00e3o \u00e9 apenas um ato intelectual. O corpo reza, mas pode-se falar com Deus at\u00e9 mesmo na mais grave invalidez. Portanto, \u00e9 todo o ser humano que reza, o seu \u201ccora\u00e7\u00e3o\u201d reza.<\/p>\n<p>Segundo o Papa, \u201ca ora\u00e7\u00e3o \u00e9 um impulso, \u00e9 uma invoca\u00e7\u00e3o que vai al\u00e9m de n\u00f3s mesmos: algo que nasce no \u00edntimo de nossa pessoa e se estende, porque sente a saudade de um encontro. Devemos sublinhar isso: sente a saudade de um encontro, aquela saudade que \u00e9 mais que uma necessidade, mais que uma necessidade; \u00e9 uma estrada, a saudade de um encontro.<\/p>\n<p>\u201cA ora\u00e7\u00e3o \u00e9 a voz de um \u201ceu\u201d que tateia, que procede tateando, procurando um \u201cTu\u201d. O encontro entre o \u201ceu\u201d e o \u201cTu\u201d n\u00e3o pode ser feito com calculadoras. \u00c9 um encontro humano e se procede tateando, muitas vezes, para encontrar o \u201cTu\u201d que o meu \u201ceu\u201d procura\u201d.\u201d<\/p>\n<p>Francisco disse que \u201ca ora\u00e7\u00e3o do crist\u00e3o nasce de uma revela\u00e7\u00e3o: o \u201cTu\u201d n\u00e3o ficou envolvido no mist\u00e9rio, mas entrou numa rela\u00e7\u00e3o conosco. O cristianismo \u00e9 a religi\u00e3o que celebra continuamente a \u201cmanifesta\u00e7\u00e3o\u201d de Deus, a sua epifania. As primeiras festas do ano lit\u00fargico s\u00e3o a celebra\u00e7\u00e3o deste Deus que n\u00e3o permanece escondido, mas que oferece sua amizade aos homens. Deus revela a sua gl\u00f3ria na pobreza de Bel\u00e9m, na contempla\u00e7\u00e3o dos Reis Magos, no Batismo no Jord\u00e3o, no prod\u00edgio das Bodas de Can\u00e1. O Evangelho de Jo\u00e3o conclui com uma afirma\u00e7\u00e3o sint\u00e9tica o grande hino do pr\u00f3logo: \u00abNingu\u00e9m jamais viu a Deus; quem nos revelou Deus foi o Filho \u00fanico, que est\u00e1 junto ao Pai\u00bb.\u201d<\/p>\n<p>A ora\u00e7\u00e3o do crist\u00e3o entra numa rela\u00e7\u00e3o com o Deus do rosto terno, que n\u00e3o quer amedrontar os homens. Essa \u00e9 a primeira caracter\u00edstica da ora\u00e7\u00e3o crist\u00e3. Se os homens eram acostumados a se aproximar de Deus um pouco t\u00edmidos, com um pouco de medo desse mist\u00e9rio fascinante e tremendo, se eram acostumados a vener\u00e1-lo com uma atitude servil, semelhante \u00e0 de um s\u00fadito que n\u00e3o quer faltar de respeito ao seu senhor, os crist\u00e3os se voltam para Ele, ousando cham\u00e1-lo de maneira confidente com o nome de \u201cPai\u201d.<\/p>\n<p>\u201cO Pont\u00edfice frisou que o \u201ccristianismo baniu da liga\u00e7\u00e3o com Deus toda rela\u00e7\u00e3o \u201cfeudal\u201d. No patrim\u00f4nio de nossa f\u00e9, n\u00e3o h\u00e1 express\u00f5es como \u2018submiss\u00e3o\u2019, \u2018escravid\u00e3o\u2019 ou \u2018vassalagem\u2019; mas palavras como \u2018alian\u00e7a\u2019, \u2018amizade\u2019, \u2018promessa\u2019, \u2018comunh\u00e3o\u2019, \u2018proximidade&#8217;.\u201d<\/p>\n<p>Deus \u00e9 o amigo, o aliado, o esposo. Na ora\u00e7\u00e3o, se estabelece uma rela\u00e7\u00e3o de confid\u00eancia com Ele, tanto \u00e9 verdade que, no \u201cPai-Nosso\u201d, Jesus nos ensinou a fazer uma s\u00e9rie de pedidos a Deus. Podemos pedir a Deus tudo, explicar tudo, contar tudo. N\u00e3o importa se na rela\u00e7\u00e3o com Deus sentimos que somos falhos: n\u00e3o somos bons amigos, n\u00e3o somos filhos agradecidos, n\u00e3o somos esposos fi\u00e9is. Ele continua nos querendo bem.<\/p>\n<p>\u201c\u00c9 o que Jesus demonstra definitivamente na \u00daltima Ceia, quando diz: \u201cEste c\u00e1lice \u00e9 a nova alian\u00e7a do meu sangue, que \u00e9 derramado por voc\u00eas.\u201d Nesse gesto, Jesus antecipa o mist\u00e9rio da cruz no cen\u00e1culo. Deus \u00e9 um aliado fiel: se os homens deixam de amar, Ele continua a am\u00e1-lo, mesmo que o amor o leve ao Calv\u00e1rio. Deus est\u00e1 sempre perto da porta do nosso cora\u00e7\u00e3o. Espera. Espera que abramos a porta a ele. E \u00e0s vezes bate, no cora\u00e7\u00e3o; mas n\u00e3o \u00e9 um invasor: espera. A paci\u00eancia de Deus conosco: \u00e9 a paci\u00eancia de um pai, de algu\u00e9m que nos ama muito. Eu diria que \u00e9 a paci\u00eancia de um pai e uma m\u00e3e, todos juntos. Sempre perto do nosso cora\u00e7\u00e3o, e quando ele bate, o faz com ternura e com muito amor\u201d, frisou Francisco.<\/p>\n<p>O Papa concluiu sua catequese, pedindo-nos para tentar rezar assim, \u201centrando no mist\u00e9rio da Alian\u00e7a. A colocar-nos atrav\u00e9s da ora\u00e7\u00e3o nos bra\u00e7os misericordiosos de Deus, sentir-nos envolvidos nesse mist\u00e9rio de felicidade que \u00e9 a vida trinit\u00e1ria, a sentir-nos convidados que n\u00e3o mereciam tanta honra e a repetir a Deus, no estupor da ora\u00e7\u00e3o: \u00e9 poss\u00edvel que Tu apenas conheces o amor? Conhece somente o amor e n\u00e3o \u00f3dio? Esse \u00e9 o Deus ao qual nos dirigimos. Este \u00e9 o n\u00facleo incandescente de toda ora\u00e7\u00e3o crist\u00e3\u201d.<\/p>\n<p><strong>NOSSA SENHORA DE F\u00c1TIMA<\/strong><\/p>\n<p>Neste 13 de maio, Festa lit\u00fargica de Nossa Senhora de F\u00e1tima, o Papa Francisco quis \u201caproximar-se com o cora\u00e7\u00e3o da Diocese de F\u00e1tima, ao Santu\u00e1rio\u201d. Dirigindo-se aos peregrinos de l\u00edngua portuguesa na Audi\u00eancia Geral, assim falou: Sa\u00fado os ouvintes de l\u00edngua portuguesa e, neste dia treze de maio, a todos encorajo a conhecer e seguir o exemplo da Virgem Maria. Para isso procuremos viver este m\u00eas com uma ora\u00e7\u00e3o di\u00e1ria mais intensa e fiel, em particular rezando o ter\u00e7o, como recomenda a Igreja, obedecendo a um desejo repetidamente expresso em F\u00e1tima por Nossa Senhora. Sob a sua prote\u00e7\u00e3o, vereis que os sofrimentos e as afli\u00e7\u00f5es da vida vos far\u00e3o menos mal. Gostaria de aproximar-me com o cora\u00e7\u00e3o \u00e0 Diocese de F\u00e1tima, ao Santu\u00e1rio de Nossa Senhora, hoje. Sa\u00fado todos os peregrinos que rezam diariamente, sa\u00fado o cardeal bispo, sa\u00fado todos. Todos unidos com Nossa Senhora, que nos acompanhe neste caminho de convers\u00e3o di\u00e1ria a Jesus. Que Deus vos aben\u00e7oe!<\/p>\n<p>Tamb\u00e9m ao saudar os poloneses, Francisco convidou a recordar das mensagens da Virgem de F\u00e1tima dirigidas ao mundo:<\/p>\n<p>\u201cHoje celebramos a mem\u00f3ria lit\u00fargica da Nossa Senhora de F\u00e1tima. Voltemos com o pensamento \u00e0s suas apari\u00e7\u00f5es e sua mensagem transmitida ao mundo, bem como ao atentado contra S\u00e3o Jo\u00e3o Paulo II, que na salva\u00e7\u00e3o de sua vida viu a interven\u00e7\u00e3o materna da Santa Virgem. Em nossas ora\u00e7\u00f5es, pe\u00e7amos a Deus, pela intercess\u00e3o do Imaculado Cora\u00e7\u00e3o de Maria, pela paz para o mundo, o fim da pandemia, o esp\u00edrito de penit\u00eancia e nossa convers\u00e3o\u201d.<\/p>\n<hr \/>\n<h3><img loading=\"lazy\" class=\"alignnone size-full wp-image-223622\" src=\"https:\/\/franciscanos.org.br\/noticias\/wp-content\/uploads\/2020\/05\/marta_1305.jpg\" alt=\"\" width=\"1280\" height=\"720\" srcset=\"https:\/\/franciscanos.org.br\/noticias\/wp-content\/uploads\/2020\/05\/marta_1305.jpg 1280w, https:\/\/franciscanos.org.br\/noticias\/wp-content\/uploads\/2020\/05\/marta_1305-450x253.jpg 450w, https:\/\/franciscanos.org.br\/noticias\/wp-content\/uploads\/2020\/05\/marta_1305-1024x576.jpg 1024w, https:\/\/franciscanos.org.br\/noticias\/wp-content\/uploads\/2020\/05\/marta_1305-768x432.jpg 768w, https:\/\/franciscanos.org.br\/noticias\/wp-content\/uploads\/2020\/05\/marta_1305-150x84.jpg 150w\" sizes=\"(max-width: 1280px) 100vw, 1280px\" \/><\/h3>\n<h3>PAPA REZA POR ALUNOS E PROFESSORES. A VIDA CRIST\u00c3 \u00c9 PERMANECER EM JESUS.<\/h3>\n<p>Francisco presidiu a Missa na Casa Santa Marta, no Vaticano, na manh\u00e3 desta quarta-feira (13\/05) da V Semana da P\u00e1scoa e no dia em que a Igreja celebra a mem\u00f3ria lit\u00fargica de Nossa Senhora de F\u00e1tima. Na introdu\u00e7\u00e3o, dirigiu seu pensamento a estudantes e professores:<\/p>\n<p>Rezemos hoje pelos estudantes, os jovens que estudam, e os professores que devem encontrar novas modalidades para seguir adiante no ensino: que o Senhor os ajude neste caminho, lhes d\u00ea coragem e tamb\u00e9m sucesso.<\/p>\n<p>Na homilia, o Papa comentou o Evangelho do dia (Jo 15,1-8) em que Jesus diz a seus disc\u00edpulos: \u201cEu sou a videira verdadeira, e meu Pai \u00e9 o agricultor. Todo ramo que em mim n\u00e3o d\u00e1 fruto, ele o corta; e todo ramo que d\u00e1 fruto, ele o limpa, para que d\u00ea mais fruto ainda\u2026 Como o ramo n\u00e3o pode dar fruto por si mesmo se n\u00e3o permanecer na videira, assim tamb\u00e9m v\u00f3s n\u00e3o podereis dar fruto se n\u00e3o permanecerdes em mim. Eu sou a videira, e v\u00f3s os ramos. Aquele que permanece em mim, e eu nele, esse produz muito fruto; porque sem mim nada podeis fazer\u201d.<\/p>\n<p>\u201cO Senhor \u2013 disse o Papa \u2013 retorna ao \u2018permanecer n\u2019Ele\u2019, e nos diz: \u2018A vida crist\u00e3 \u00e9 permanecer em mim\u2019. Permanecer. E usa aqui a imagem da videira, como os ramos permanecem na videira. E esse \u2018permanecer\u2019 n\u00e3o \u00e9 um permanecer passivo, um adormentar-se no Senhor: esse talvez fosse um sono beat\u00edfico.\u201d Ao inv\u00e9s, \u201ceste \u2018permanecer\u2019 \u00e9 um \u2018permanecer\u2019 ativo, e tamb\u00e9m \u00e9 um \u2018permanecer\u2019 rec\u00edproco. Porqu\u00ea? Porque Ele diz: \u2018Permanecei em mim e eu em v\u00f3s\u2019. Tamb\u00e9m Ele permanece em n\u00f3s, n\u00e3o somente n\u00f3s n\u2019Ele. \u00c9 um permanecer rec\u00edproco\u201d.<\/p>\n<p>Este \u201cpermanecer rec\u00edproco\u201d \u2013 prosseguiu \u2013 \u201c\u00e9 um mist\u00e9rio\u201d, \u201cum mist\u00e9rio de vida, um mist\u00e9rio bel\u00edssimo\u201d. \u201c\u00c9 verdade, os ramos sem a videira n\u00e3o podem fazer nada porque a seiva n\u00e3o chega, precisam da seiva para crescer e para dar fruto. Mas tamb\u00e9m a \u00e1rvore, a videira precisa dos ramos, porque os frutos n\u00e3o crescem na \u00e1rvore, na videira. \u00c9 uma necessidade rec\u00edproca, \u00e9 um permanecer rec\u00edproco para dar fruto.\u201d<\/p>\n<p>\u201cE esta \u00e9 a vida crist\u00e3: \u00e9 verdade, a vida crist\u00e3 \u00e9 cumprir os mandamentos, isso deve ser feito. A vida crist\u00e3 \u00e9 trilhar no caminho das bem-aventuran\u00e7as, isso deve ser feito. A vida crist\u00e3 \u00e9 levar adiante as obras de miseric\u00f3rdia, como o Senhor nos ensina no Evangelho, e isso deve ser feito. Mas tem mais: \u00e9 esse permanecer rec\u00edproco. N\u00f3s sem Jesus nada podemos fazer, como os ramos sem a videira. E Ele \u2013 o Senhor me permita dizer isso \u2013 parece que sem n\u00f3s nada pode fazer, porque o fruto \u00e9 dado pelos ramos, n\u00e3o pela \u00e1rvore, a videira\u201d. Neste \u201cpermanecer\u201d rec\u00edproco est\u00e1 a fecundidade.<\/p>\n<p>E qual \u00e9 \u2013 pergunta-se o Papa \u201ccom um pouco de aud\u00e1cia\u201d \u2013 a necessidade que a \u00e1rvore da videira tem dos ramos? \u201c\u00c9 ter frutos\u201d. \u201cQual \u00e9 a necessidade que Jesus tem de n\u00f3s? O testemunho. Quando no Evangelho diz que n\u00f3s somos luz, diz: \u2018Sede luz, para que os homens vejam vossas boas obras e glorifiquem o Pai\u2019, ou seja, a necessidade que Jesus tem de n\u00f3s \u00e9 do testemunho. Dar testemunho de seu nome, porque a f\u00e9, o Evangelho cresce pelo testemunho.\u201d<\/p>\n<p>Jesus \u201cprecisa do nosso testemunho\u201d para que \u201ca Igreja cres\u00e7a. E esse \u00e9 o mist\u00e9rio rec\u00edproco do \u2018permanecer\u2019. Ele e o Pai e o Esp\u00edrito Santo em n\u00f3s, e n\u00f3s permanecemos em Jesus\u201d.<\/p>\n<p>\u201cPensar e refletir sobre isto nos far\u00e1 bem: permanecer em Jesus e Jesus permanece em n\u00f3s. Permanecer em Jesus para ter a seiva, a for\u00e7a, para ter a justifica\u00e7\u00e3o, a gratuidade, para ter a fecundidade. E Ele permanece em n\u00f3s para dar-nos a for\u00e7a do fruto, para dar-nos a for\u00e7a do testemunho com o qual a Igreja cresce.\u201d<\/p>\n<p>E a rela\u00e7\u00e3o entre n\u00f3s e Jesus \u201c\u00e9 uma rela\u00e7\u00e3o de intimidade, uma rela\u00e7\u00e3o m\u00edstica, uma rela\u00e7\u00e3o sem palavras. \u2018Mas padre, que sejam os m\u00edsticos a fazer isso!\u2019 N\u00e3o: isso \u00e9 para todos n\u00f3s. Com pequenos pensamentos: \u2018Senhor, eu sei que V\u00f3s sois: Dai-me a for\u00e7a e eu farei aquilo que v\u00f3s me direis\u2019. Aquele di\u00e1logo de intimidade com o Senhor. O Senhor est\u00e1 presente, o Senhor est\u00e1 presente em n\u00f3s, o Pai est\u00e1 presente em n\u00f3s, o Esp\u00edrito est\u00e1 presente em n\u00f3s; permanecem em n\u00f3s. Mas eu devo permanecer n\u2019Eles\u201d.<\/p>\n<p>\u201cQue o Senhor \u2013 foi a ora\u00e7\u00e3o do Papa \u2013 nos ajude a entender, a sentir essa m\u00edstica do \u2018permanecer\u2019 sobre o qual Jesus insiste tanto.\u201d \u201cMuitas vezes n\u00f3s, quando falamos da videira e dos ramos, nos detemos \u00e0 figura, ao trabalho do agricultor, do Pai, que \u00e0quele que produz fruto, o poda; e \u00e0quele que n\u00e3o produz fruto, o corta.\u201d \u201c\u00c9 verdade, faz isso, mas n\u00e3o \u00e9 tudo, n\u00e3o. Tem mais. Esta \u00e9 a ajuda: as prova\u00e7\u00f5es, as dificuldades da vida, tamb\u00e9m as corre\u00e7\u00f5es que o Senhor nos faz. Mas n\u00e3o nos detenhamos a\u00ed. Entre a videira e os ramos h\u00e1 esse \u2018permanecer\u2019 \u00edntimo. Os ramos, n\u00f3s, precisamos da seiva, e a videira precisa dos frutos, do testemunho.\u201d<\/p>\n<p>O Papa convidou a fazer a Comunh\u00e3o espiritual com a seguinte ora\u00e7\u00e3o:<\/p>\n<p style=\"padding-left: 40px;\"><em>Meu Jesus, eu creio que estais realmente presente no Sant\u00edssimo Sacramento do Altar. Amo-vos sobre todas as coisas, e minha alma suspira por V\u00f3s. Mas, como n\u00e3o posso receber-Vos agora no Sant\u00edssimo Sacramento, vinde, ao menos espiritualmente, a meu cora\u00e7\u00e3o. Abra\u00e7o-me convosco como se j\u00e1 estiv\u00e9sseis comigo: uno-me Convosco inteiramente. Ah! n\u00e3o permitais que torne a separar-me de V\u00f3s!<\/em><\/p>\n<p>Francisco terminou a celebra\u00e7\u00e3o com adora\u00e7\u00e3o e a b\u00ean\u00e7\u00e3o eucar\u00edstica. Por fim, na mem\u00f3ria lit\u00fargica de Nossa Senhora de F\u00e1tima, celebrada este 13 de maio, foram entoadas duas estrofes da Ave-Maria:<\/p>\n<p style=\"padding-left: 40px;\"><em>&#8220;A treze de maio na cova da \u00cdria<\/em><br \/>\n<em>No c\u00e9u aparece a Virgem Maria<\/em><br \/>\n<em>Ave, ave, ave Maria<\/em><br \/>\n<em>Ave, ave, ave Maria<\/em><br \/>\n<em>A tr\u00eas pastorinhos cercada de luz<\/em><br \/>\n<em>Visita Maria, m\u00e3e de Jesus<\/em><br \/>\n<em>Ave, ave, ave Maria<\/em><br \/>\n<em>Ave, ave, ave Maria<\/em><br \/>\n<em>A virgem nos manda o ter\u00e7o rezar<\/em><br \/>\n<em>Assim diz &#8220;meus filhos, vos hei de salvar&#8221;<\/em><br \/>\n<em>Ave, ave, ave Maria<\/em><br \/>\n<em>Ave, ave, ave Maria&#8221;.<\/em><\/p>\n<p><em>Fonte: Vatican News<\/em><\/p>\n","protected":false},"excerpt":{"rendered":"<p>Missa em Santa Marta e Audi\u00eancia Geral<\/p>\n","protected":false},"author":3,"featured_media":223623,"comment_status":"open","ping_status":"open","sticky":false,"template":"","format":"standard","meta":[],"categories":[1428],"tags":[487],"acf":[],"yoast_head":"<!-- This site is optimized with the Yoast SEO plugin v19.2 - https:\/\/yoast.com\/wordpress\/plugins\/seo\/ -->\n<title>Papa: rezar \u00e9 o mist\u00e9rio mais \u00edntimo de n\u00f3s mesmos - Not\u00edcias - Franciscanos<\/title>\n<meta name=\"robots\" content=\"index, follow, max-snippet:-1, max-image-preview:large, max-video-preview:-1\" \/>\n<link rel=\"canonical\" href=\"https:\/\/franciscanos.org.br\/noticias\/papa-rezar-e-o-misterio-mais-intimo-de-nos-mesmos.html\" \/>\n<meta property=\"og:locale\" content=\"pt_BR\" \/>\n<meta property=\"og:type\" content=\"article\" \/>\n<meta property=\"og:title\" content=\"Papa: rezar \u00e9 o mist\u00e9rio mais \u00edntimo de n\u00f3s mesmos - Not\u00edcias - Franciscanos\" \/>\n<meta property=\"og:description\" content=\"Missa em Santa Marta e Audi\u00eancia Geral\" \/>\n<meta property=\"og:url\" content=\"https:\/\/franciscanos.org.br\/noticias\/papa-rezar-e-o-misterio-mais-intimo-de-nos-mesmos.html\" \/>\n<meta property=\"og:site_name\" content=\"Not\u00edcias - Franciscanos\" \/>\n<meta property=\"article:published_time\" content=\"2020-05-13T09:58:25+00:00\" \/>\n<meta property=\"article:modified_time\" content=\"2021-08-29T14:31:43+00:00\" \/>\n<meta property=\"og:image\" content=\"https:\/\/franciscanos.org.br\/noticias\/wp-content\/uploads\/2020\/05\/marta_1305d.jpg\" \/>\n\t<meta property=\"og:image:width\" content=\"800\" \/>\n\t<meta property=\"og:image:height\" content=\"600\" \/>\n\t<meta property=\"og:image:type\" content=\"image\/jpeg\" \/>\n<meta name=\"author\" content=\"moacir\" \/>\n<meta name=\"twitter:card\" content=\"summary_large_image\" \/>\n<meta name=\"twitter:label1\" content=\"Escrito por\" \/>\n\t<meta name=\"twitter:data1\" content=\"moacir\" \/>\n\t<meta name=\"twitter:label2\" content=\"Est. tempo de leitura\" \/>\n\t<meta name=\"twitter:data2\" content=\"12 minutos\" \/>\n<script type=\"application\/ld+json\" class=\"yoast-schema-graph\">{\"@context\":\"https:\/\/schema.org\",\"@graph\":[{\"@type\":\"WebSite\",\"@id\":\"https:\/\/franciscanos.org.br\/noticias\/#website\",\"url\":\"https:\/\/franciscanos.org.br\/noticias\/\",\"name\":\"Not\u00edcias - Franciscanos\",\"description\":\"Prov\u00edncia Franciscana da Imaculada Concei\u00e7\u00e3o do Brasil - Ordem dos Frades Menores - OFM\",\"potentialAction\":[{\"@type\":\"SearchAction\",\"target\":{\"@type\":\"EntryPoint\",\"urlTemplate\":\"https:\/\/franciscanos.org.br\/noticias\/?s={search_term_string}\"},\"query-input\":\"required name=search_term_string\"}],\"inLanguage\":\"pt-BR\"},{\"@type\":\"ImageObject\",\"inLanguage\":\"pt-BR\",\"@id\":\"https:\/\/franciscanos.org.br\/noticias\/papa-rezar-e-o-misterio-mais-intimo-de-nos-mesmos.html#primaryimage\",\"url\":\"https:\/\/franciscanos.org.br\/noticias\/wp-content\/uploads\/2020\/05\/marta_1305d.jpg\",\"contentUrl\":\"https:\/\/franciscanos.org.br\/noticias\/wp-content\/uploads\/2020\/05\/marta_1305d.jpg\",\"width\":800,\"height\":600},{\"@type\":\"WebPage\",\"@id\":\"https:\/\/franciscanos.org.br\/noticias\/papa-rezar-e-o-misterio-mais-intimo-de-nos-mesmos.html#webpage\",\"url\":\"https:\/\/franciscanos.org.br\/noticias\/papa-rezar-e-o-misterio-mais-intimo-de-nos-mesmos.html\",\"name\":\"Papa: rezar \u00e9 o mist\u00e9rio mais \u00edntimo de n\u00f3s mesmos - Not\u00edcias - Franciscanos\",\"isPartOf\":{\"@id\":\"https:\/\/franciscanos.org.br\/noticias\/#website\"},\"primaryImageOfPage\":{\"@id\":\"https:\/\/franciscanos.org.br\/noticias\/papa-rezar-e-o-misterio-mais-intimo-de-nos-mesmos.html#primaryimage\"},\"datePublished\":\"2020-05-13T09:58:25+00:00\",\"dateModified\":\"2021-08-29T14:31:43+00:00\",\"author\":{\"@id\":\"https:\/\/franciscanos.org.br\/noticias\/#\/schema\/person\/b5c8cba458c330ccff548b056e95a5d4\"},\"breadcrumb\":{\"@id\":\"https:\/\/franciscanos.org.br\/noticias\/papa-rezar-e-o-misterio-mais-intimo-de-nos-mesmos.html#breadcrumb\"},\"inLanguage\":\"pt-BR\",\"potentialAction\":[{\"@type\":\"ReadAction\",\"target\":[\"https:\/\/franciscanos.org.br\/noticias\/papa-rezar-e-o-misterio-mais-intimo-de-nos-mesmos.html\"]}]},{\"@type\":\"BreadcrumbList\",\"@id\":\"https:\/\/franciscanos.org.br\/noticias\/papa-rezar-e-o-misterio-mais-intimo-de-nos-mesmos.html#breadcrumb\",\"itemListElement\":[{\"@type\":\"ListItem\",\"position\":1,\"name\":\"Home\",\"item\":\"https:\/\/franciscanos.org.br\/noticias\"},{\"@type\":\"ListItem\",\"position\":2,\"name\":\"Papa: rezar \u00e9 o mist\u00e9rio mais \u00edntimo de n\u00f3s mesmos\"}]},{\"@type\":\"Person\",\"@id\":\"https:\/\/franciscanos.org.br\/noticias\/#\/schema\/person\/b5c8cba458c330ccff548b056e95a5d4\",\"name\":\"moacir\",\"image\":{\"@type\":\"ImageObject\",\"inLanguage\":\"pt-BR\",\"@id\":\"https:\/\/franciscanos.org.br\/noticias\/#\/schema\/person\/image\/\",\"url\":\"https:\/\/secure.gravatar.com\/avatar\/d08aa2ce4c8dd416d4479aa8536fcf64?s=96&d=mm&r=g\",\"contentUrl\":\"https:\/\/secure.gravatar.com\/avatar\/d08aa2ce4c8dd416d4479aa8536fcf64?s=96&d=mm&r=g\",\"caption\":\"moacir\"},\"url\":\"https:\/\/franciscanos.org.br\/noticias\/author\/moacir\"}]}<\/script>\n<!-- \/ Yoast SEO plugin. -->","yoast_head_json":{"title":"Papa: rezar \u00e9 o mist\u00e9rio mais \u00edntimo de n\u00f3s mesmos - Not\u00edcias - Franciscanos","robots":{"index":"index","follow":"follow","max-snippet":"max-snippet:-1","max-image-preview":"max-image-preview:large","max-video-preview":"max-video-preview:-1"},"canonical":"https:\/\/franciscanos.org.br\/noticias\/papa-rezar-e-o-misterio-mais-intimo-de-nos-mesmos.html","og_locale":"pt_BR","og_type":"article","og_title":"Papa: rezar \u00e9 o mist\u00e9rio mais \u00edntimo de n\u00f3s mesmos - Not\u00edcias - Franciscanos","og_description":"Missa em Santa Marta e Audi\u00eancia Geral","og_url":"https:\/\/franciscanos.org.br\/noticias\/papa-rezar-e-o-misterio-mais-intimo-de-nos-mesmos.html","og_site_name":"Not\u00edcias - Franciscanos","article_published_time":"2020-05-13T09:58:25+00:00","article_modified_time":"2021-08-29T14:31:43+00:00","og_image":[{"width":800,"height":600,"url":"https:\/\/franciscanos.org.br\/noticias\/wp-content\/uploads\/2020\/05\/marta_1305d.jpg","type":"image\/jpeg"}],"author":"moacir","twitter_card":"summary_large_image","twitter_misc":{"Escrito por":"moacir","Est. tempo de leitura":"12 minutos"},"schema":{"@context":"https:\/\/schema.org","@graph":[{"@type":"WebSite","@id":"https:\/\/franciscanos.org.br\/noticias\/#website","url":"https:\/\/franciscanos.org.br\/noticias\/","name":"Not\u00edcias - Franciscanos","description":"Prov\u00edncia Franciscana da Imaculada Concei\u00e7\u00e3o do Brasil - Ordem dos Frades Menores - OFM","potentialAction":[{"@type":"SearchAction","target":{"@type":"EntryPoint","urlTemplate":"https:\/\/franciscanos.org.br\/noticias\/?s={search_term_string}"},"query-input":"required name=search_term_string"}],"inLanguage":"pt-BR"},{"@type":"ImageObject","inLanguage":"pt-BR","@id":"https:\/\/franciscanos.org.br\/noticias\/papa-rezar-e-o-misterio-mais-intimo-de-nos-mesmos.html#primaryimage","url":"https:\/\/franciscanos.org.br\/noticias\/wp-content\/uploads\/2020\/05\/marta_1305d.jpg","contentUrl":"https:\/\/franciscanos.org.br\/noticias\/wp-content\/uploads\/2020\/05\/marta_1305d.jpg","width":800,"height":600},{"@type":"WebPage","@id":"https:\/\/franciscanos.org.br\/noticias\/papa-rezar-e-o-misterio-mais-intimo-de-nos-mesmos.html#webpage","url":"https:\/\/franciscanos.org.br\/noticias\/papa-rezar-e-o-misterio-mais-intimo-de-nos-mesmos.html","name":"Papa: rezar \u00e9 o mist\u00e9rio mais \u00edntimo de n\u00f3s mesmos - Not\u00edcias - Franciscanos","isPartOf":{"@id":"https:\/\/franciscanos.org.br\/noticias\/#website"},"primaryImageOfPage":{"@id":"https:\/\/franciscanos.org.br\/noticias\/papa-rezar-e-o-misterio-mais-intimo-de-nos-mesmos.html#primaryimage"},"datePublished":"2020-05-13T09:58:25+00:00","dateModified":"2021-08-29T14:31:43+00:00","author":{"@id":"https:\/\/franciscanos.org.br\/noticias\/#\/schema\/person\/b5c8cba458c330ccff548b056e95a5d4"},"breadcrumb":{"@id":"https:\/\/franciscanos.org.br\/noticias\/papa-rezar-e-o-misterio-mais-intimo-de-nos-mesmos.html#breadcrumb"},"inLanguage":"pt-BR","potentialAction":[{"@type":"ReadAction","target":["https:\/\/franciscanos.org.br\/noticias\/papa-rezar-e-o-misterio-mais-intimo-de-nos-mesmos.html"]}]},{"@type":"BreadcrumbList","@id":"https:\/\/franciscanos.org.br\/noticias\/papa-rezar-e-o-misterio-mais-intimo-de-nos-mesmos.html#breadcrumb","itemListElement":[{"@type":"ListItem","position":1,"name":"Home","item":"https:\/\/franciscanos.org.br\/noticias"},{"@type":"ListItem","position":2,"name":"Papa: rezar \u00e9 o mist\u00e9rio mais \u00edntimo de n\u00f3s mesmos"}]},{"@type":"Person","@id":"https:\/\/franciscanos.org.br\/noticias\/#\/schema\/person\/b5c8cba458c330ccff548b056e95a5d4","name":"moacir","image":{"@type":"ImageObject","inLanguage":"pt-BR","@id":"https:\/\/franciscanos.org.br\/noticias\/#\/schema\/person\/image\/","url":"https:\/\/secure.gravatar.com\/avatar\/d08aa2ce4c8dd416d4479aa8536fcf64?s=96&d=mm&r=g","contentUrl":"https:\/\/secure.gravatar.com\/avatar\/d08aa2ce4c8dd416d4479aa8536fcf64?s=96&d=mm&r=g","caption":"moacir"},"url":"https:\/\/franciscanos.org.br\/noticias\/author\/moacir"}]}},"_links":{"self":[{"href":"https:\/\/franciscanos.org.br\/noticias\/wp-json\/wp\/v2\/posts\/223620"}],"collection":[{"href":"https:\/\/franciscanos.org.br\/noticias\/wp-json\/wp\/v2\/posts"}],"about":[{"href":"https:\/\/franciscanos.org.br\/noticias\/wp-json\/wp\/v2\/types\/post"}],"author":[{"embeddable":true,"href":"https:\/\/franciscanos.org.br\/noticias\/wp-json\/wp\/v2\/users\/3"}],"replies":[{"embeddable":true,"href":"https:\/\/franciscanos.org.br\/noticias\/wp-json\/wp\/v2\/comments?post=223620"}],"version-history":[{"count":3,"href":"https:\/\/franciscanos.org.br\/noticias\/wp-json\/wp\/v2\/posts\/223620\/revisions"}],"predecessor-version":[{"id":234002,"href":"https:\/\/franciscanos.org.br\/noticias\/wp-json\/wp\/v2\/posts\/223620\/revisions\/234002"}],"wp:featuredmedia":[{"embeddable":true,"href":"https:\/\/franciscanos.org.br\/noticias\/wp-json\/wp\/v2\/media\/223623"}],"wp:attachment":[{"href":"https:\/\/franciscanos.org.br\/noticias\/wp-json\/wp\/v2\/media?parent=223620"}],"wp:term":[{"taxonomy":"category","embeddable":true,"href":"https:\/\/franciscanos.org.br\/noticias\/wp-json\/wp\/v2\/categories?post=223620"},{"taxonomy":"post_tag","embeddable":true,"href":"https:\/\/franciscanos.org.br\/noticias\/wp-json\/wp\/v2\/tags?post=223620"}],"curies":[{"name":"wp","href":"https:\/\/api.w.org\/{rel}","templated":true}]}}