{"id":223604,"date":"2020-05-12T21:40:54","date_gmt":"2020-05-13T00:40:54","guid":{"rendered":"https:\/\/franciscanos.org.br\/noticias\/?p=223604"},"modified":"2020-05-13T05:36:39","modified_gmt":"2020-05-13T08:36:39","slug":"estar-em-deus-e-estar-em-paz-recorda-frei-mario-em-momento-celebrativo","status":"publish","type":"post","link":"https:\/\/franciscanos.org.br\/noticias\/estar-em-deus-e-estar-em-paz-recorda-frei-mario-em-momento-celebrativo.html","title":{"rendered":"\u201cEstar em Deus \u00e9 estar em paz\u201d, recorda Frei M\u00e1rio em momento celebrativo"},"content":{"rendered":"<p><img loading=\"lazy\" class=\"alignnone size-full wp-image-223606\" src=\"https:\/\/franciscanos.org.br\/noticias\/wp-content\/uploads\/2020\/05\/celebra_120520G.jpg\" alt=\"\" width=\"890\" height=\"500\" srcset=\"https:\/\/franciscanos.org.br\/noticias\/wp-content\/uploads\/2020\/05\/celebra_120520G.jpg 890w, https:\/\/franciscanos.org.br\/noticias\/wp-content\/uploads\/2020\/05\/celebra_120520G-450x253.jpg 450w, https:\/\/franciscanos.org.br\/noticias\/wp-content\/uploads\/2020\/05\/celebra_120520G-768x431.jpg 768w, https:\/\/franciscanos.org.br\/noticias\/wp-content\/uploads\/2020\/05\/celebra_120520G-150x84.jpg 150w\" sizes=\"(max-width: 890px) 100vw, 890px\" \/><\/p>\n<p><strong>S\u00e3o Paulo (SP) &#8211;<\/strong> Nesta ter\u00e7a-feira (12\/05), a Celebra\u00e7\u00e3o do Abra\u00e7o e da Esperan\u00e7a &#8211; iniciativa que come\u00e7ou no domingo (10) &#8211; retornou \u00e0 capital paulista. Frei M\u00e1rio Tagliari, reitor e guardi\u00e3o do Convento S\u00e3o Francisco, e Frei Fid\u00eancio Vanboemmel, moderador da Forma\u00e7\u00e3o Permanente da Prov\u00edncia da Imaculada, conduziram o momento celebrativo transmitido ao vivo do Convento S\u00e3o Francisco (SP).<\/p>\n<p>A iniciativa quer dar um pouco de conforto aos familiares e amigos das v\u00edtimas fatais da covid-19. O Brasil ultrapassou a marca de 12 mil mortos nesta ter\u00e7a-feira, com mais de 178 mil casos confirmados. Entre estes casos, est\u00e3o Frei M\u00e1rio e Frei Alexandre Rohling, que tamb\u00e9m participou da celebra\u00e7\u00e3o de hoje. Eles passaram por tratamento, chegaram a ser internados, mas agora se recuperam bem.<\/p>\n<p>Ao in\u00edcio da celebra\u00e7\u00e3o, Frei Fid\u00eancio explicou por que este momento foi chamado como abra\u00e7o e esperan\u00e7a. \u201cO abra\u00e7o \u00e9 porque queremos sentir o palpitar do cora\u00e7\u00e3o ferido de cada pessoa e fam\u00edlia que nestes dias entregaram a vida de seus entes queridos a Deus, sem que eles pudessem ter uma digna celebra\u00e7\u00e3o de despedida. E a esperan\u00e7a \u00e9 porque nos unimos na f\u00e9 para proclamar que a vida de nossas pessoas queridas n\u00e3o foi uma passageira ilus\u00e3o. Pelo mist\u00e9rio da morte, eles n\u00e3o est\u00e3o mergulhados na escurid\u00e3o, mas participam da ressurrei\u00e7\u00e3o de Cristo. Se a pandemia tirou a vida de tantas pessoas &#8211; hoje mais de 880 pessoas &#8211; assim mesmo cremos que a vida n\u00e3o foi tirada, mas transformada. Por isso, temos que ter presentes as palavras do Senhor, que vem para salvar e dar vida plena. \u201cEu sou a ressurrei\u00e7\u00e3o e a vida. Quem cr\u00ea em mim, n\u00e3o morrer\u00e1 para sempre\u201d, explicou o frade.<\/p>\n<p>O guardi\u00e3o do Convento afirmou que a ora\u00e7\u00e3o realizada nesta noite \u00e9 para celebrar a vida e n\u00e3o a morte. Na homilia, o frade falou a respeito da paz, abordada no evangelho lido durante a Celebra\u00e7\u00e3o (Jo 14, 27-31). \u201cEste evangelho quer ser um consolo, uma esperan\u00e7a para cada um de n\u00f3s. \u2018Deixo-vos a paz, a minha paz vos dou\u2019, \u00e9 a promessa de Jesus. Estar em Deus \u00e9 estar em paz. E isso n\u00e3o \u00e9 s\u00f3 para depois da nossa passagem neste mundo. Isso \u00e9 uma proposta de vida para o nosso dia a dia. Quem est\u00e1 em Deus, como Jesus testemunhou, por isso ele \u00e9 um homem de paz\u201d, afirmou o frade.<\/p>\n<p>Segundo Frei M\u00e1rio, a paz deixada por Jesus para a humanidade deve ser transformada em servi\u00e7o, em atitudes concretas que transformam a vida das pessoas e da sociedade. Quem tem a paz de Jesus, deve ter compaix\u00e3o, assim como Ele teve. \u201cJesus teve compaix\u00e3o, compadeceu-se da dor e do sofrimento da vi\u00fava de Naim. Neste gesto, Jesus quis mostrar que n\u00f3s viemos de Deus e para Deus voltamos, que esta vida \u00e9 passageira\u201d, acrescentou.<\/p>\n<div id=\"attachment_223607\" style=\"width: 900px\" class=\"wp-caption alignnone\"><img aria-describedby=\"caption-attachment-223607\" loading=\"lazy\" class=\"wp-image-223607 size-full\" src=\"https:\/\/franciscanos.org.br\/noticias\/wp-content\/uploads\/2020\/05\/celebra_120520G2.jpg\" alt=\"\" width=\"890\" height=\"500\" srcset=\"https:\/\/franciscanos.org.br\/noticias\/wp-content\/uploads\/2020\/05\/celebra_120520G2.jpg 890w, https:\/\/franciscanos.org.br\/noticias\/wp-content\/uploads\/2020\/05\/celebra_120520G2-450x253.jpg 450w, https:\/\/franciscanos.org.br\/noticias\/wp-content\/uploads\/2020\/05\/celebra_120520G2-768x431.jpg 768w, https:\/\/franciscanos.org.br\/noticias\/wp-content\/uploads\/2020\/05\/celebra_120520G2-150x84.jpg 150w\" sizes=\"(max-width: 890px) 100vw, 890px\" \/><p id=\"caption-attachment-223607\" class=\"wp-caption-text\"><i><small>Roberto \u00e9 uma das v\u00edtimas da covid-19 que foram lembradas hoje. Ele era da Par\u00f3quia S\u00e3o Jo\u00e3o Batista, em S\u00e3o Jo\u00e3o do Meriti (RJ)<\/small><\/i><\/p><\/div>\n<p>O frade citou ainda o C\u00e2ntico das Criaturas, composto por S\u00e3o Francisco de Assis. \u201cEle comp\u00f4s a \u00faltima estrofe na hora de sua morte. \u2018Louvados sejas, meu Senhor, por nossa irm\u00e3, a morte corporal, felizes aquele que ela os encontrar na gra\u00e7a\u2019\u201d, recordou. Este \u00e9 um pedido para que a morte n\u00e3o traga tristeza, mas paz.<\/p>\n<p>A Celebra\u00e7\u00e3o do Abra\u00e7o e da Esperan\u00e7a est\u00e1 sendo realizada durante toda a semana em diversas par\u00f3quias e conventos da Prov\u00edncia e transmitida atrav\u00e9s da <em>TVFranciscanos<\/em> (<strong><a href=\"https:\/\/www.youtube.com\/user\/tvfranciscanos\" target=\"_blank\" rel=\"noopener noreferrer\">LINK<\/a><\/strong>). Para enviar as inten\u00e7\u00f5es, mande uma mensagem de <em>WhatsApp<\/em> para <strong><a href=\"https:\/\/api.whatsapp.com\/send?1=pt_BR&amp;phone=551197693-2430\" target=\"_blank\" rel=\"noopener noreferrer\">(11) 97693-2430<\/a><\/strong>. Neste n\u00famero, \u00e9 poss\u00edvel enviar a foto de seu amigo ou familiar falecido, com nome completo, local e data de nascimento e falecimento.<\/p>\n<p>Confira abaixo o dia, hor\u00e1rio e local das pr\u00f3ximas transmiss\u00f5es:<\/p>\n<table>\n<tbody>\n<tr>\n<td width=\"158\"><strong>DIA DA SEMANA<\/strong><\/td>\n<td width=\"416\"><strong>FRATERNIDADE <\/strong><\/td>\n<td width=\"85\"><strong>HOR\u00c1RIO<\/strong><\/td>\n<\/tr>\n<tr>\n<td width=\"158\">QUARTA<\/td>\n<td width=\"416\">Par\u00f3quia Santo Est\u00eav\u00e3o (Ituporanga, SC)<\/td>\n<td width=\"85\">18h45<\/td>\n<\/tr>\n<tr>\n<td width=\"158\">QUINTA<\/td>\n<td width=\"416\">Par\u00f3quia S\u00e3o Pedro Ap\u00f3stolo (Pato Branco, PR)<\/td>\n<td width=\"85\">20h30<\/td>\n<\/tr>\n<tr>\n<td width=\"158\">SEXTA<\/td>\n<td width=\"416\">Par\u00f3quia Santa In\u00eas (Balne\u00e1rio Cambori\u00fa, SC)<\/td>\n<td width=\"85\">20h30<\/td>\n<\/tr>\n<tr>\n<td width=\"158\">S\u00c1BADO<\/td>\n<td width=\"416\">Convento da Penha (Vila Velha, ES)<\/td>\n<td width=\"85\">17h00<\/td>\n<\/tr>\n<\/tbody>\n<\/table>\n","protected":false},"excerpt":{"rendered":"<p>Celebra\u00e7\u00e3o do Abra\u00e7o e da Esperan\u00e7a<\/p>\n","protected":false},"author":1,"featured_media":223608,"comment_status":"open","ping_status":"open","sticky":false,"template":"","format":"standard","meta":[],"categories":[1],"tags":[1620],"acf":[],"yoast_head":"<!-- This site is optimized with the Yoast SEO plugin v19.2 - https:\/\/yoast.com\/wordpress\/plugins\/seo\/ -->\n<title>\u201cEstar em Deus \u00e9 estar em paz\u201d, recorda Frei M\u00e1rio em momento celebrativo - Not\u00edcias - Franciscanos<\/title>\n<meta name=\"robots\" content=\"index, follow, max-snippet:-1, max-image-preview:large, max-video-preview:-1\" \/>\n<link rel=\"canonical\" href=\"https:\/\/franciscanos.org.br\/noticias\/estar-em-deus-e-estar-em-paz-recorda-frei-mario-em-momento-celebrativo.html\" \/>\n<meta property=\"og:locale\" content=\"pt_BR\" \/>\n<meta property=\"og:type\" content=\"article\" \/>\n<meta property=\"og:title\" content=\"\u201cEstar em Deus \u00e9 estar em paz\u201d, recorda Frei M\u00e1rio em momento celebrativo - Not\u00edcias - Franciscanos\" \/>\n<meta property=\"og:description\" content=\"Celebra\u00e7\u00e3o do Abra\u00e7o e da Esperan\u00e7a\" \/>\n<meta property=\"og:url\" content=\"https:\/\/franciscanos.org.br\/noticias\/estar-em-deus-e-estar-em-paz-recorda-frei-mario-em-momento-celebrativo.html\" \/>\n<meta property=\"og:site_name\" content=\"Not\u00edcias - Franciscanos\" \/>\n<meta property=\"article:published_time\" content=\"2020-05-13T00:40:54+00:00\" \/>\n<meta property=\"article:modified_time\" content=\"2020-05-13T08:36:39+00:00\" \/>\n<meta property=\"og:image\" content=\"https:\/\/franciscanos.org.br\/noticias\/wp-content\/uploads\/2020\/05\/celebra_120520p.jpg\" \/>\n\t<meta property=\"og:image:width\" content=\"800\" \/>\n\t<meta property=\"og:image:height\" content=\"600\" \/>\n\t<meta property=\"og:image:type\" content=\"image\/jpeg\" \/>\n<meta name=\"author\" content=\"admin\" \/>\n<meta name=\"twitter:card\" content=\"summary_large_image\" \/>\n<meta name=\"twitter:label1\" content=\"Escrito por\" \/>\n\t<meta name=\"twitter:data1\" content=\"admin\" \/>\n\t<meta name=\"twitter:label2\" content=\"Est. tempo de leitura\" \/>\n\t<meta name=\"twitter:data2\" content=\"4 minutos\" \/>\n<script type=\"application\/ld+json\" class=\"yoast-schema-graph\">{\"@context\":\"https:\/\/schema.org\",\"@graph\":[{\"@type\":\"WebSite\",\"@id\":\"https:\/\/franciscanos.org.br\/noticias\/#website\",\"url\":\"https:\/\/franciscanos.org.br\/noticias\/\",\"name\":\"Not\u00edcias - Franciscanos\",\"description\":\"Prov\u00edncia Franciscana da Imaculada Concei\u00e7\u00e3o do Brasil - Ordem dos Frades Menores - OFM\",\"potentialAction\":[{\"@type\":\"SearchAction\",\"target\":{\"@type\":\"EntryPoint\",\"urlTemplate\":\"https:\/\/franciscanos.org.br\/noticias\/?s={search_term_string}\"},\"query-input\":\"required name=search_term_string\"}],\"inLanguage\":\"pt-BR\"},{\"@type\":\"ImageObject\",\"inLanguage\":\"pt-BR\",\"@id\":\"https:\/\/franciscanos.org.br\/noticias\/estar-em-deus-e-estar-em-paz-recorda-frei-mario-em-momento-celebrativo.html#primaryimage\",\"url\":\"https:\/\/franciscanos.org.br\/noticias\/wp-content\/uploads\/2020\/05\/celebra_120520p.jpg\",\"contentUrl\":\"https:\/\/franciscanos.org.br\/noticias\/wp-content\/uploads\/2020\/05\/celebra_120520p.jpg\",\"width\":800,\"height\":600},{\"@type\":\"WebPage\",\"@id\":\"https:\/\/franciscanos.org.br\/noticias\/estar-em-deus-e-estar-em-paz-recorda-frei-mario-em-momento-celebrativo.html#webpage\",\"url\":\"https:\/\/franciscanos.org.br\/noticias\/estar-em-deus-e-estar-em-paz-recorda-frei-mario-em-momento-celebrativo.html\",\"name\":\"\u201cEstar em Deus \u00e9 estar em paz\u201d, recorda Frei M\u00e1rio em momento celebrativo - Not\u00edcias - Franciscanos\",\"isPartOf\":{\"@id\":\"https:\/\/franciscanos.org.br\/noticias\/#website\"},\"primaryImageOfPage\":{\"@id\":\"https:\/\/franciscanos.org.br\/noticias\/estar-em-deus-e-estar-em-paz-recorda-frei-mario-em-momento-celebrativo.html#primaryimage\"},\"datePublished\":\"2020-05-13T00:40:54+00:00\",\"dateModified\":\"2020-05-13T08:36:39+00:00\",\"author\":{\"@id\":\"https:\/\/franciscanos.org.br\/noticias\/#\/schema\/person\/b38fbf43118f02820bd932f2e4b14ad3\"},\"breadcrumb\":{\"@id\":\"https:\/\/franciscanos.org.br\/noticias\/estar-em-deus-e-estar-em-paz-recorda-frei-mario-em-momento-celebrativo.html#breadcrumb\"},\"inLanguage\":\"pt-BR\",\"potentialAction\":[{\"@type\":\"ReadAction\",\"target\":[\"https:\/\/franciscanos.org.br\/noticias\/estar-em-deus-e-estar-em-paz-recorda-frei-mario-em-momento-celebrativo.html\"]}]},{\"@type\":\"BreadcrumbList\",\"@id\":\"https:\/\/franciscanos.org.br\/noticias\/estar-em-deus-e-estar-em-paz-recorda-frei-mario-em-momento-celebrativo.html#breadcrumb\",\"itemListElement\":[{\"@type\":\"ListItem\",\"position\":1,\"name\":\"Home\",\"item\":\"https:\/\/franciscanos.org.br\/noticias\"},{\"@type\":\"ListItem\",\"position\":2,\"name\":\"\u201cEstar em Deus \u00e9 estar em paz\u201d, recorda Frei M\u00e1rio em momento celebrativo\"}]},{\"@type\":\"Person\",\"@id\":\"https:\/\/franciscanos.org.br\/noticias\/#\/schema\/person\/b38fbf43118f02820bd932f2e4b14ad3\",\"name\":\"admin\",\"image\":{\"@type\":\"ImageObject\",\"inLanguage\":\"pt-BR\",\"@id\":\"https:\/\/franciscanos.org.br\/noticias\/#\/schema\/person\/image\/\",\"url\":\"https:\/\/secure.gravatar.com\/avatar\/e8495742d34d0ba6448ea1c628263b3e?s=96&d=mm&r=g\",\"contentUrl\":\"https:\/\/secure.gravatar.com\/avatar\/e8495742d34d0ba6448ea1c628263b3e?s=96&d=mm&r=g\",\"caption\":\"admin\"},\"url\":\"https:\/\/franciscanos.org.br\/noticias\/author\/admin\"}]}<\/script>\n<!-- \/ Yoast SEO plugin. -->","yoast_head_json":{"title":"\u201cEstar em Deus \u00e9 estar em paz\u201d, recorda Frei M\u00e1rio em momento celebrativo - Not\u00edcias - Franciscanos","robots":{"index":"index","follow":"follow","max-snippet":"max-snippet:-1","max-image-preview":"max-image-preview:large","max-video-preview":"max-video-preview:-1"},"canonical":"https:\/\/franciscanos.org.br\/noticias\/estar-em-deus-e-estar-em-paz-recorda-frei-mario-em-momento-celebrativo.html","og_locale":"pt_BR","og_type":"article","og_title":"\u201cEstar em Deus \u00e9 estar em paz\u201d, recorda Frei M\u00e1rio em momento celebrativo - Not\u00edcias - Franciscanos","og_description":"Celebra\u00e7\u00e3o do Abra\u00e7o e da Esperan\u00e7a","og_url":"https:\/\/franciscanos.org.br\/noticias\/estar-em-deus-e-estar-em-paz-recorda-frei-mario-em-momento-celebrativo.html","og_site_name":"Not\u00edcias - Franciscanos","article_published_time":"2020-05-13T00:40:54+00:00","article_modified_time":"2020-05-13T08:36:39+00:00","og_image":[{"width":800,"height":600,"url":"https:\/\/franciscanos.org.br\/noticias\/wp-content\/uploads\/2020\/05\/celebra_120520p.jpg","type":"image\/jpeg"}],"author":"admin","twitter_card":"summary_large_image","twitter_misc":{"Escrito por":"admin","Est. tempo de leitura":"4 minutos"},"schema":{"@context":"https:\/\/schema.org","@graph":[{"@type":"WebSite","@id":"https:\/\/franciscanos.org.br\/noticias\/#website","url":"https:\/\/franciscanos.org.br\/noticias\/","name":"Not\u00edcias - Franciscanos","description":"Prov\u00edncia Franciscana da Imaculada Concei\u00e7\u00e3o do Brasil - Ordem dos Frades Menores - OFM","potentialAction":[{"@type":"SearchAction","target":{"@type":"EntryPoint","urlTemplate":"https:\/\/franciscanos.org.br\/noticias\/?s={search_term_string}"},"query-input":"required name=search_term_string"}],"inLanguage":"pt-BR"},{"@type":"ImageObject","inLanguage":"pt-BR","@id":"https:\/\/franciscanos.org.br\/noticias\/estar-em-deus-e-estar-em-paz-recorda-frei-mario-em-momento-celebrativo.html#primaryimage","url":"https:\/\/franciscanos.org.br\/noticias\/wp-content\/uploads\/2020\/05\/celebra_120520p.jpg","contentUrl":"https:\/\/franciscanos.org.br\/noticias\/wp-content\/uploads\/2020\/05\/celebra_120520p.jpg","width":800,"height":600},{"@type":"WebPage","@id":"https:\/\/franciscanos.org.br\/noticias\/estar-em-deus-e-estar-em-paz-recorda-frei-mario-em-momento-celebrativo.html#webpage","url":"https:\/\/franciscanos.org.br\/noticias\/estar-em-deus-e-estar-em-paz-recorda-frei-mario-em-momento-celebrativo.html","name":"\u201cEstar em Deus \u00e9 estar em paz\u201d, recorda Frei M\u00e1rio em momento celebrativo - Not\u00edcias - Franciscanos","isPartOf":{"@id":"https:\/\/franciscanos.org.br\/noticias\/#website"},"primaryImageOfPage":{"@id":"https:\/\/franciscanos.org.br\/noticias\/estar-em-deus-e-estar-em-paz-recorda-frei-mario-em-momento-celebrativo.html#primaryimage"},"datePublished":"2020-05-13T00:40:54+00:00","dateModified":"2020-05-13T08:36:39+00:00","author":{"@id":"https:\/\/franciscanos.org.br\/noticias\/#\/schema\/person\/b38fbf43118f02820bd932f2e4b14ad3"},"breadcrumb":{"@id":"https:\/\/franciscanos.org.br\/noticias\/estar-em-deus-e-estar-em-paz-recorda-frei-mario-em-momento-celebrativo.html#breadcrumb"},"inLanguage":"pt-BR","potentialAction":[{"@type":"ReadAction","target":["https:\/\/franciscanos.org.br\/noticias\/estar-em-deus-e-estar-em-paz-recorda-frei-mario-em-momento-celebrativo.html"]}]},{"@type":"BreadcrumbList","@id":"https:\/\/franciscanos.org.br\/noticias\/estar-em-deus-e-estar-em-paz-recorda-frei-mario-em-momento-celebrativo.html#breadcrumb","itemListElement":[{"@type":"ListItem","position":1,"name":"Home","item":"https:\/\/franciscanos.org.br\/noticias"},{"@type":"ListItem","position":2,"name":"\u201cEstar em Deus \u00e9 estar em paz\u201d, recorda Frei M\u00e1rio em momento celebrativo"}]},{"@type":"Person","@id":"https:\/\/franciscanos.org.br\/noticias\/#\/schema\/person\/b38fbf43118f02820bd932f2e4b14ad3","name":"admin","image":{"@type":"ImageObject","inLanguage":"pt-BR","@id":"https:\/\/franciscanos.org.br\/noticias\/#\/schema\/person\/image\/","url":"https:\/\/secure.gravatar.com\/avatar\/e8495742d34d0ba6448ea1c628263b3e?s=96&d=mm&r=g","contentUrl":"https:\/\/secure.gravatar.com\/avatar\/e8495742d34d0ba6448ea1c628263b3e?s=96&d=mm&r=g","caption":"admin"},"url":"https:\/\/franciscanos.org.br\/noticias\/author\/admin"}]}},"_links":{"self":[{"href":"https:\/\/franciscanos.org.br\/noticias\/wp-json\/wp\/v2\/posts\/223604"}],"collection":[{"href":"https:\/\/franciscanos.org.br\/noticias\/wp-json\/wp\/v2\/posts"}],"about":[{"href":"https:\/\/franciscanos.org.br\/noticias\/wp-json\/wp\/v2\/types\/post"}],"author":[{"embeddable":true,"href":"https:\/\/franciscanos.org.br\/noticias\/wp-json\/wp\/v2\/users\/1"}],"replies":[{"embeddable":true,"href":"https:\/\/franciscanos.org.br\/noticias\/wp-json\/wp\/v2\/comments?post=223604"}],"version-history":[{"count":10,"href":"https:\/\/franciscanos.org.br\/noticias\/wp-json\/wp\/v2\/posts\/223604\/revisions"}],"predecessor-version":[{"id":223619,"href":"https:\/\/franciscanos.org.br\/noticias\/wp-json\/wp\/v2\/posts\/223604\/revisions\/223619"}],"wp:featuredmedia":[{"embeddable":true,"href":"https:\/\/franciscanos.org.br\/noticias\/wp-json\/wp\/v2\/media\/223608"}],"wp:attachment":[{"href":"https:\/\/franciscanos.org.br\/noticias\/wp-json\/wp\/v2\/media?parent=223604"}],"wp:term":[{"taxonomy":"category","embeddable":true,"href":"https:\/\/franciscanos.org.br\/noticias\/wp-json\/wp\/v2\/categories?post=223604"},{"taxonomy":"post_tag","embeddable":true,"href":"https:\/\/franciscanos.org.br\/noticias\/wp-json\/wp\/v2\/tags?post=223604"}],"curies":[{"name":"wp","href":"https:\/\/api.w.org\/{rel}","templated":true}]}}