{"id":223578,"date":"2020-05-12T06:21:17","date_gmt":"2020-05-12T09:21:17","guid":{"rendered":"https:\/\/franciscanos.org.br\/noticias\/?p=223578"},"modified":"2020-06-05T11:49:34","modified_gmt":"2020-06-05T14:49:34","slug":"o-papa-reza-pelos-enfermeiros-exemplo-de-heroismo-a-paz-de-jesus-nos-abre-aos-outros","status":"publish","type":"post","link":"https:\/\/franciscanos.org.br\/noticias\/o-papa-reza-pelos-enfermeiros-exemplo-de-heroismo-a-paz-de-jesus-nos-abre-aos-outros.html","title":{"rendered":"O Papa reza pelos enfermeiros, exemplo de hero\u00edsmo. A paz de Jesus nos abre aos outros."},"content":{"rendered":"<p><img loading=\"lazy\" class=\"alignnone wp-image-223579 size-full\" src=\"https:\/\/franciscanos.org.br\/noticias\/wp-content\/uploads\/2020\/05\/marta_1205.jpg\" alt=\"\" width=\"1280\" height=\"729\" srcset=\"https:\/\/franciscanos.org.br\/noticias\/wp-content\/uploads\/2020\/05\/marta_1205.jpg 1280w, https:\/\/franciscanos.org.br\/noticias\/wp-content\/uploads\/2020\/05\/marta_1205-450x256.jpg 450w, https:\/\/franciscanos.org.br\/noticias\/wp-content\/uploads\/2020\/05\/marta_1205-1024x583.jpg 1024w, https:\/\/franciscanos.org.br\/noticias\/wp-content\/uploads\/2020\/05\/marta_1205-768x437.jpg 768w, https:\/\/franciscanos.org.br\/noticias\/wp-content\/uploads\/2020\/05\/marta_1205-150x85.jpg 150w\" sizes=\"(max-width: 1280px) 100vw, 1280px\" \/><\/p>\n<p><strong>Cidade do Vaticano<\/strong> &#8211; O Papa Francisco presidiu a Missa na Casa Santa Marta, no Vaticano, na manh\u00e3 desta ter\u00e7a-feira (12\/05) da V Semana da P\u00e1scoa. Na introdu\u00e7\u00e3o, dirigiu seu pensamento aos enfermeiros:<\/p>\n<p>Hoje \u00e9 o Dia dos enfermeiros. Ontem enviei uma mensagem. Rezemos hoje pelos enfermeiros e enfermeiras, homens, mulheres, rapazes e mo\u00e7as que t\u00eam essa profiss\u00e3o, que \u00e9 mais que uma profiss\u00e3o, \u00e9 uma voca\u00e7\u00e3o, uma dedica\u00e7\u00e3o. Que o Senhor os aben\u00e7oe. Neste tempo da pandemia deram exemplo de hero\u00edsmo e alguns deram a vida. Rezemos pelas enfermeiras e enfermeiros.<\/p>\n<p>Na homilia, o Papa comentou o Evangelho do dia (Jo 14,27-31) em que Jesus diz a seus disc\u00edpulos: \u201cDeixo-vos a paz, a minha paz vos dou; mas n\u00e3o a dou como o mundo\u201d.<\/p>\n<p>\u201cO Senhor, antes de os deixar, sa\u00fada os seus e d\u00e1 o dom da paz, a paz do Senhor\u201d, disse o Papa. \u201cN\u00e3o se trata da paz universal, aquela paz sem guerras que todos n\u00f3s gostar\u00edamos que sempre existisse, mas a paz do cora\u00e7\u00e3o, a paz da alma, a paz que cada um de n\u00f3s tem dentro de si. E o Senhor a d\u00e1, mas \u2013 ressalta \u2013, n\u00e3o como a d\u00e1 o mundo.\u201d Trata-se de pazes diferentes.<\/p>\n<p>\u201cO mundo \u2013 observou Francisco \u2013 d\u00e1 a voc\u00ea paz interior\u201d, a paz da sua vida, este viver com o cora\u00e7\u00e3o em paz, \u201cuma posse sua, como uma coisa que \u00e9 sua e isola voc\u00ea dos outros\u201d e \u201c\u00e9 uma aquisi\u00e7\u00e3o sua: tenho a paz. E voc\u00ea, sem se dar conta, se fecha naquela paz, \u00e9 uma paz um pouco para voc\u00ea\u201d e o torna tranquilo e mesmo feliz, mas \u201co adormenta um pouco\u201d, o anestesia e o faz permanecer consigo mesmo\u201d: \u00e9 \u201cum pouco ego\u00edsta\u201d. O mundo d\u00e1 a paz desse modo. E \u00e9 \u201cuma paz cara porque voc\u00ea deve mudar continuamente os instrumentos de paz: quando uma coisa o entusiasma, uma coisa lhe d\u00e1 a paz, depois acaba e voc\u00ea deve encontrar outra\u2026 \u00c9 cara porque \u00e9 provis\u00f3ria e est\u00e9ril\u201d.<\/p>\n<p>\u201cAo inv\u00e9s, a paz que Jesus d\u00e1 \u00e9 outra coisa. \u00c9 uma paz que coloca voc\u00ea em movimento, n\u00e3o o isola, o coloca em movimento, faz voc\u00ea ir ao encontro dos outros, cria comunidade, cria comunica\u00e7\u00e3o. A paz do mundo \u00e9 dispendiosa, a de Jesus \u00e9 gratuita, \u00e9 gr\u00e1tis: a paz do Senhor \u00e9 um dom do Senhor . \u00c9 fecunda, leva voc\u00ea sempre avante. Um exemplo do Evangelho que me faz pensar como \u00e9 a paz do mundo \u00e9 aquele senhor que tinha os celeiros repletos\u201d e pensou construir outros armaz\u00e9ns para depois viver finalmente tranquilo. \u201cInsensato, diz Deus, este noite tu morrer\u00e1s\u201d. \u201c\u00c9 uma paz imanente, que n\u00e3o lhe abre a porta para o al\u00e9m. Ao inv\u00e9s, a paz do Senhor\u201d \u00e9 \u201caberta ao C\u00e9u, \u00e9 aberta ao Para\u00edso. \u00c9 uma paz fecunda que se abre e leva tamb\u00e9m outros com voc\u00ea ao Para\u00edso\u201d.<\/p>\n<p>O Papa convidou a ver dentro de n\u00f3s qual \u00e9 a nossa paz: encontramos a paz no bem-estar, na posse e em tantas outras coisas ou encontro a paz como dom do Senhor? \u201cDevo pagar a paz ou a recebo gr\u00e1tis do Senhor? Como \u00e9 a minha paz? Quando me falta algo, fico furioso? Esta n\u00e3o \u00e9 a paz do Senhor. Esta \u00e9 uma das provas. Estou tranquilo na minha paz, me adormento? N\u00e3o \u00e9 do Senhor. Estou em paz e quero comunic\u00e1-la aos outros e levar algo avante? Essa \u00e9 a paz do Senhor. Mesmo nos momentos ruins, dif\u00edceis, permanece em mim aquela paz? \u00c9 do Senhor. E a paz do Senhor \u00e9 fecunda tamb\u00e9m para mim porque \u00e9 repleta de esperan\u00e7a, isto \u00e9, olha para o C\u00e9u.\u201d<\/p>\n<p>O Papa Francisco contou ter recebido ontem uma carta de um bom sacerdote que lhe disse que ele fala pouco do C\u00e9u, que deveria falar mais do C\u00e9u: \u201cE tem raz\u00e3o, tem raz\u00e3o. Por isso hoje eu quis ressaltar isto: que a paz, esta que o Senhor nos d\u00e1, \u00e9 uma paz para agora e para o futuro. \u00c9 come\u00e7ar a viver o C\u00e9u, com a fecundidade do C\u00e9u. N\u00e3o \u00e9 anestesia. A outra, sim: voc\u00ea se anestesia com as coisas do mundo e quando a dose dessa anestesia acaba, toma outra, depois outra, depois outra\u2026 Essa \u00e9 uma paz definitiva, tamb\u00e9m fecunda e contagiosa. N\u00e3o \u00e9 narcisista, porque sempre olha para o Senhor. A outra olha para voc\u00ea, \u00e9 um pouco narcisista\u201d.<\/p>\n<p>\u201cQue o Senhor \u2013 concluiu o Papa \u2013 nos d\u00ea esta paz repleta de esperan\u00e7a, que nos torna fecundos, nos torna comunicativos com os outros, que cria comunidade e que sempre olha a paz definitiva do Para\u00edso.\u201d<\/p>\n<p>O Papa Francisco terminou a celebra\u00e7\u00e3o com adora\u00e7\u00e3o e a b\u00ean\u00e7\u00e3o eucar\u00edstica. Antes de deixar a Capela dedicada ao Esp\u00edrito Santo, foi entoada a ant\u00edfona mariana \u201cRegina Coeli\u201d, cantada no tempo pascal:<\/p>\n<p style=\"padding-left: 40px;\"><em>Rainha dos c\u00e9us, alegrai-vos. Aleluia!<\/em><\/p>\n<p style=\"padding-left: 40px;\"><em>Porque Aquele que merecestes trazer em vosso seio. Aleluia!<\/em><\/p>\n<p style=\"padding-left: 40px;\"><em>Ressuscitou como disse. Aleluia!<\/em><\/p>\n<p style=\"padding-left: 40px;\"><em>Rogai por n\u00f3s a Deus. Aleluia!<\/em><\/p>\n<p style=\"padding-left: 40px;\"><em>D.\/ Alegrai-vos e exultai, \u00f3 Virgem Maria. Aleluia!<\/em><\/p>\n<p style=\"padding-left: 40px;\"><em>C.\/ Porque o Senhor ressuscitou, verdadeiramente. Aleluia!<\/em><\/p>\n<hr \/>\n<p align=\"center\"><span style=\"color: #663300;\"><b><span style=\"font-size: large;\"><i>MENSAGEM DO PAPA FRANCISCO<br \/>\nA ENFERMEIROS E OBSTETRAS NO DIA INTERNACIONAL DA ENFERMEIRA<\/i><\/span><\/b><\/span><\/p>\n<p><i>Queridos irm\u00e3os e irm\u00e3s!<\/i><\/p>\n<p>Celebramos hoje o Dia Internacional da Enfermeira, no contexto do Ano Internacional da Enfermeira e da Obstetra, proclamado pela Organiza\u00e7\u00e3o Mundial da Sa\u00fade. Neste mesmo dia, recordamos tamb\u00e9m o bicenten\u00e1rio do nascimento de Florence Nightingale, que deu in\u00edcio \u00e0 enfermagem moderna.<\/p>\n<p>Neste momento hist\u00f3rico, marcado pela emerg\u00eancia sanit\u00e1ria mundial provocada pela pandemia do v\u00edrus Covid-19, redescobrimos o papel de import\u00e2ncia fundamental que desempenha a pessoa do enfermeiro, como tamb\u00e9m a da obstetra. Diariamente assistimos ao testemunho de coragem e sacrif\u00edcio dos profissionais de sa\u00fade, nomeadamente enfermeiras e enfermeiros, que, com profissionalismo, abnega\u00e7\u00e3o, sentido de responsabilidade e amor ao pr\u00f3ximo, prestam assist\u00eancia \u00e0s pessoas afetadas pelo v\u00edrus, com risco da pr\u00f3pria sa\u00fade. Prova disso mesmo \u00e9 o alto n\u00famero de profissionais de sa\u00fade que, infelizmente, morreram no fiel cumprimento do seu servi\u00e7o. Rezo por eles \u2013 o Senhor conhece-os por nome um a um \u2013 e por todas as v\u00edtimas desta epidemia. O Senhor ressuscitado conceda a cada um a luz do Para\u00edso e, \u00e0s suas fam\u00edlias, o conforto da f\u00e9.<\/p>\n<p>Os enfermeiros sempre tiveram papel central na assist\u00eancia sanit\u00e1ria. No contacto di\u00e1rio com os doentes, fazem experi\u00eancia do trauma que o sofrimento provoca na vida duma pessoa. S\u00e3o homens e mulheres que optaram por dizer \u00absim\u00bb a uma voca\u00e7\u00e3o espec\u00edfica: ser bons samaritanos que se ocupam da vida e das feridas do pr\u00f3ximo. Guardi\u00f5es e servidores da vida, ao mesmo tempo que ministram as terapias necess\u00e1rias, infundem coragem, esperan\u00e7a e confian\u00e7a<a title=\"\" href=\"http:\/\/www.vatican.va\/content\/francesco\/pt\/messages\/pont-messages\/2020\/documents\/papa-francesco_20200512_messaggio-giornata-infermiere.html#_ftn1\" name=\"_ftnref1\">[1]<\/a>.<\/p>\n<p>Queridas enfermeiras, queridos enfermeiros, a responsabilidade moral guie o vosso profissionalismo, que n\u00e3o se h\u00e1 de limitar aos conhecimentos t\u00e9cnico-cient\u00edficos, mas aparecer constantemente iluminado pela rela\u00e7\u00e3o humana e humanizadora com o doente. \u00abOcupando-vos de mulheres e homens, crian\u00e7as e idosos, em cada fase da sua vida, do nascimento \u00e0 morte, estais comprometidos numa escuta cont\u00ednua, destinada a compreender as exig\u00eancias daquele doente, na fase que est\u00e1 a atravessar. Com efeito, diante da singularidade de cada situa\u00e7\u00e3o, nunca \u00e9 suficiente seguir um protocolo, mas \u00e9 exigido um cont\u00ednuo \u2013 e cansativo! \u2013 esfor\u00e7o de discernimento e de aten\u00e7\u00e3o a cada pessoa\u00bb<a title=\"\" href=\"http:\/\/www.vatican.va\/content\/francesco\/pt\/messages\/pont-messages\/2020\/documents\/papa-francesco_20200512_messaggio-giornata-infermiere.html#_ftn2\" name=\"_ftnref2\">[2]<\/a>.<\/p>\n<p>V\u00f3s, assim como as obstetras, estais junto da pessoa nos momentos cruciais da sua exist\u00eancia \u2013 o nascimento e a morte, a doen\u00e7a e a cura \u2013, para a ajudar a superar as situa\u00e7\u00f5es mais traum\u00e1ticas. \u00c0s vezes encontrais-vos ao lado dela quando est\u00e1 a morrer, oferecendo-lhe conforto e al\u00edvio nos \u00faltimos momentos. Por esta vossa dedica\u00e7\u00e3o, estais entre \u00abos santos de ao p\u00e9 da porta\u00bb<a title=\"\" href=\"http:\/\/www.vatican.va\/content\/francesco\/pt\/messages\/pont-messages\/2020\/documents\/papa-francesco_20200512_messaggio-giornata-infermiere.html#_ftn3\" name=\"_ftnref3\">[3]<\/a>. Sois imagem daquela Igreja \u00abhospital de campanha\u00bb que d\u00e1 continuidade \u00e0 miss\u00e3o de Jesus Cristo: Ele aproximou-Se e curou pessoas que sofriam de todo o g\u00eanero de males e ajoelhou-Se a lavar os p\u00e9s dos seus disc\u00edpulos. Obrigado por este vosso servi\u00e7o \u00e0 humanidade!<\/p>\n<p>Em v\u00e1rios pa\u00edses, a pandemia fez vir \u00e0 luz tamb\u00e9m muitas car\u00eancias a n\u00edvel da assist\u00eancia sanit\u00e1ria. Por isso, apelo aos Respons\u00e1veis das na\u00e7\u00f5es de todo o mundo para que invistam neste bem comum prim\u00e1rio que \u00e9 a sa\u00fade, refor\u00e7ando as estruturas e empregando mais enfermeiros, para se garantir a todos um atendimento adequado, no respeito pela dignidade de cada pessoa. \u00c9 importante reconhecer, com factos, o papel essencial que desempenha esta profiss\u00e3o no cuidado dos pacientes, nas atividades territoriais de emerg\u00eancia, na preven\u00e7\u00e3o das doen\u00e7as, na promo\u00e7\u00e3o da sa\u00fade, na assist\u00eancia aos setores familiar, comunit\u00e1rio e escolar.<\/p>\n<p>Os enfermeiros e as enfermeiras, bem como as obstetras, t\u00eam direito e merecem ser melhor valorizados e coenvolvidos nos processos que dizem respeito \u00e0 sa\u00fade das pessoas e da comunidade. Est\u00e1 comprovado que investir neles melhora os resultados em termos de assist\u00eancia e sa\u00fade geral. Portanto, \u00e9 necess\u00e1rio elevar o seu perfil profissional, fornecendo instrumentos adequados para a sua forma\u00e7\u00e3o a n\u00edvel cient\u00edfico, humano, psicol\u00f3gico e espiritual, bem como melhorar as suas condi\u00e7\u00f5es de trabalho e garantir os seus direitos, para que possam desempenhar com toda a dignidade o seu servi\u00e7o.<\/p>\n<p>Neste sentido, cabe uma fun\u00e7\u00e3o importante \u00e0s Associa\u00e7\u00f5es dos profissionais de sa\u00fade, que, al\u00e9m de oferecer uma forma\u00e7\u00e3o org\u00e2nica, acompanham individualmente os respetivos aderentes, fazendo-os sentir-se parte dum \u00fanico corpo e n\u00e3o os deixando jamais perdidos e sozinhos perante os desafios \u00e9ticos, econ\u00f4micos e humanos que a profiss\u00e3o comporta.<\/p>\n<p>Agora dirigindo-me de forma particular \u00e0s obstetras, que prestam assist\u00eancia \u00e0s mulheres gr\u00e1vidas e as ajudam a dar \u00e0 luz os seus filhos, digo: o vosso trabalho conta-se entre os mais nobres que h\u00e1, consagrado como est\u00e1 diretamente ao servi\u00e7o da vida e da maternidade. Na B\u00edblia, quase ao in\u00edcio do livro do \u00caxodo (cf. 1, 15-21), ficaram imortalizados os nomes de duas parteiras heroicas: Chifra e Pua. Tamb\u00e9m hoje vos olha com gratid\u00e3o o Pai celeste.<\/p>\n<p>Queridos enfermeiros, queridas enfermeiras e obstetras, que esta ocorr\u00eancia coloque no centro a dignidade do vosso trabalho, em benef\u00edcio da sa\u00fade da sociedade inteira. Por v\u00f3s, pelas vossas fam\u00edlias e por quantos assistis e cuidais, asseguro a minha ora\u00e7\u00e3o e, de cora\u00e7\u00e3o, concedo a B\u00ean\u00e7\u00e3o Apost\u00f3lica.<\/p>\n<p><i>Roma, em S\u00e3o Jo\u00e3o de Latr\u00e3o, 12 de maio de 2020.<\/i><\/p>\n<p align=\"center\"><b>Francisco<\/b><\/p>\n<hr align=\"left\" size=\"1\" width=\"33%\" \/>\n<p><a title=\"\" href=\"http:\/\/www.vatican.va\/content\/francesco\/pt\/messages\/pont-messages\/2020\/documents\/papa-francesco_20200512_messaggio-giornata-infermiere.html#_ftnref1\" name=\"_ftn1\">[1]<\/a>\u00a0Cf.\u00a0<i>Nova Carta dos Profissionais de Sa\u00fade<\/i>, nn. 1-8.<\/p>\n<p><a title=\"\" href=\"http:\/\/www.vatican.va\/content\/francesco\/pt\/messages\/pont-messages\/2020\/documents\/papa-francesco_20200512_messaggio-giornata-infermiere.html#_ftnref2\" name=\"_ftn2\">[2]<\/a>\u00a0Francisco,\u00a0<i><a href=\"http:\/\/w2.vatican.va\/content\/francesco\/pt\/speeches\/2018\/march\/documents\/papa-francesco_20180303_ipasvi.html\">Discurso aos membros da Federa\u00e7\u00e3o Italiana das Ordens das Profiss\u00f5es de Enfermagem<\/a><\/i>, 3\/III\/2018.<\/p>\n<p><a title=\"\" href=\"http:\/\/www.vatican.va\/content\/francesco\/pt\/messages\/pont-messages\/2020\/documents\/papa-francesco_20200512_messaggio-giornata-infermiere.html#_ftnref3\" name=\"_ftn3\">[3]<\/a>\u00a0Francisco,\u00a0<i><a href=\"http:\/\/w2.vatican.va\/content\/francesco\/pt\/homilies\/2020\/documents\/papa-francesco_20200409_omelia-coenadomini.html\">Homilia na Missa da Ceia do Senhor<\/a><\/i>, 09\/IV\/2020.<\/p>\n<hr \/>\n<p><em>Fonte: Vatican News<\/em><\/p>\n","protected":false},"excerpt":{"rendered":"<p>Missa em Santa Marta<\/p>\n","protected":false},"author":3,"featured_media":223580,"comment_status":"open","ping_status":"open","sticky":false,"template":"","format":"standard","meta":[],"categories":[1428],"tags":[1586],"acf":[],"yoast_head":"<!-- This site is optimized with the Yoast SEO plugin v19.2 - https:\/\/yoast.com\/wordpress\/plugins\/seo\/ -->\n<title>O Papa reza pelos enfermeiros, exemplo de hero\u00edsmo. A paz de Jesus nos abre aos outros. - Not\u00edcias - Franciscanos<\/title>\n<meta name=\"robots\" content=\"index, follow, max-snippet:-1, max-image-preview:large, max-video-preview:-1\" \/>\n<link rel=\"canonical\" href=\"https:\/\/franciscanos.org.br\/noticias\/o-papa-reza-pelos-enfermeiros-exemplo-de-heroismo-a-paz-de-jesus-nos-abre-aos-outros.html\" \/>\n<meta property=\"og:locale\" content=\"pt_BR\" \/>\n<meta property=\"og:type\" content=\"article\" \/>\n<meta property=\"og:title\" content=\"O Papa reza pelos enfermeiros, exemplo de hero\u00edsmo. A paz de Jesus nos abre aos outros. - Not\u00edcias - Franciscanos\" \/>\n<meta property=\"og:description\" content=\"Missa em Santa Marta\" \/>\n<meta property=\"og:url\" content=\"https:\/\/franciscanos.org.br\/noticias\/o-papa-reza-pelos-enfermeiros-exemplo-de-heroismo-a-paz-de-jesus-nos-abre-aos-outros.html\" \/>\n<meta property=\"og:site_name\" content=\"Not\u00edcias - Franciscanos\" \/>\n<meta property=\"article:published_time\" content=\"2020-05-12T09:21:17+00:00\" \/>\n<meta property=\"article:modified_time\" content=\"2020-06-05T14:49:34+00:00\" \/>\n<meta property=\"og:image\" content=\"https:\/\/franciscanos.org.br\/noticias\/wp-content\/uploads\/2020\/05\/marta_1205d.jpg\" \/>\n\t<meta property=\"og:image:width\" content=\"800\" \/>\n\t<meta property=\"og:image:height\" content=\"600\" \/>\n\t<meta property=\"og:image:type\" content=\"image\/jpeg\" \/>\n<meta name=\"author\" content=\"moacir\" \/>\n<meta name=\"twitter:card\" content=\"summary_large_image\" \/>\n<meta name=\"twitter:label1\" content=\"Escrito por\" \/>\n\t<meta name=\"twitter:data1\" content=\"moacir\" \/>\n\t<meta name=\"twitter:label2\" content=\"Est. tempo de leitura\" \/>\n\t<meta name=\"twitter:data2\" content=\"9 minutos\" \/>\n<script type=\"application\/ld+json\" class=\"yoast-schema-graph\">{\"@context\":\"https:\/\/schema.org\",\"@graph\":[{\"@type\":\"WebSite\",\"@id\":\"https:\/\/franciscanos.org.br\/noticias\/#website\",\"url\":\"https:\/\/franciscanos.org.br\/noticias\/\",\"name\":\"Not\u00edcias - Franciscanos\",\"description\":\"Prov\u00edncia Franciscana da Imaculada Concei\u00e7\u00e3o do Brasil - Ordem dos Frades Menores - OFM\",\"potentialAction\":[{\"@type\":\"SearchAction\",\"target\":{\"@type\":\"EntryPoint\",\"urlTemplate\":\"https:\/\/franciscanos.org.br\/noticias\/?s={search_term_string}\"},\"query-input\":\"required name=search_term_string\"}],\"inLanguage\":\"pt-BR\"},{\"@type\":\"ImageObject\",\"inLanguage\":\"pt-BR\",\"@id\":\"https:\/\/franciscanos.org.br\/noticias\/o-papa-reza-pelos-enfermeiros-exemplo-de-heroismo-a-paz-de-jesus-nos-abre-aos-outros.html#primaryimage\",\"url\":\"https:\/\/franciscanos.org.br\/noticias\/wp-content\/uploads\/2020\/05\/marta_1205d.jpg\",\"contentUrl\":\"https:\/\/franciscanos.org.br\/noticias\/wp-content\/uploads\/2020\/05\/marta_1205d.jpg\",\"width\":800,\"height\":600},{\"@type\":\"WebPage\",\"@id\":\"https:\/\/franciscanos.org.br\/noticias\/o-papa-reza-pelos-enfermeiros-exemplo-de-heroismo-a-paz-de-jesus-nos-abre-aos-outros.html#webpage\",\"url\":\"https:\/\/franciscanos.org.br\/noticias\/o-papa-reza-pelos-enfermeiros-exemplo-de-heroismo-a-paz-de-jesus-nos-abre-aos-outros.html\",\"name\":\"O Papa reza pelos enfermeiros, exemplo de hero\u00edsmo. A paz de Jesus nos abre aos outros. - Not\u00edcias - Franciscanos\",\"isPartOf\":{\"@id\":\"https:\/\/franciscanos.org.br\/noticias\/#website\"},\"primaryImageOfPage\":{\"@id\":\"https:\/\/franciscanos.org.br\/noticias\/o-papa-reza-pelos-enfermeiros-exemplo-de-heroismo-a-paz-de-jesus-nos-abre-aos-outros.html#primaryimage\"},\"datePublished\":\"2020-05-12T09:21:17+00:00\",\"dateModified\":\"2020-06-05T14:49:34+00:00\",\"author\":{\"@id\":\"https:\/\/franciscanos.org.br\/noticias\/#\/schema\/person\/b5c8cba458c330ccff548b056e95a5d4\"},\"breadcrumb\":{\"@id\":\"https:\/\/franciscanos.org.br\/noticias\/o-papa-reza-pelos-enfermeiros-exemplo-de-heroismo-a-paz-de-jesus-nos-abre-aos-outros.html#breadcrumb\"},\"inLanguage\":\"pt-BR\",\"potentialAction\":[{\"@type\":\"ReadAction\",\"target\":[\"https:\/\/franciscanos.org.br\/noticias\/o-papa-reza-pelos-enfermeiros-exemplo-de-heroismo-a-paz-de-jesus-nos-abre-aos-outros.html\"]}]},{\"@type\":\"BreadcrumbList\",\"@id\":\"https:\/\/franciscanos.org.br\/noticias\/o-papa-reza-pelos-enfermeiros-exemplo-de-heroismo-a-paz-de-jesus-nos-abre-aos-outros.html#breadcrumb\",\"itemListElement\":[{\"@type\":\"ListItem\",\"position\":1,\"name\":\"Home\",\"item\":\"https:\/\/franciscanos.org.br\/noticias\"},{\"@type\":\"ListItem\",\"position\":2,\"name\":\"O Papa reza pelos enfermeiros, exemplo de hero\u00edsmo. A paz de Jesus nos abre aos outros.\"}]},{\"@type\":\"Person\",\"@id\":\"https:\/\/franciscanos.org.br\/noticias\/#\/schema\/person\/b5c8cba458c330ccff548b056e95a5d4\",\"name\":\"moacir\",\"image\":{\"@type\":\"ImageObject\",\"inLanguage\":\"pt-BR\",\"@id\":\"https:\/\/franciscanos.org.br\/noticias\/#\/schema\/person\/image\/\",\"url\":\"https:\/\/secure.gravatar.com\/avatar\/d08aa2ce4c8dd416d4479aa8536fcf64?s=96&d=mm&r=g\",\"contentUrl\":\"https:\/\/secure.gravatar.com\/avatar\/d08aa2ce4c8dd416d4479aa8536fcf64?s=96&d=mm&r=g\",\"caption\":\"moacir\"},\"url\":\"https:\/\/franciscanos.org.br\/noticias\/author\/moacir\"}]}<\/script>\n<!-- \/ Yoast SEO plugin. -->","yoast_head_json":{"title":"O Papa reza pelos enfermeiros, exemplo de hero\u00edsmo. A paz de Jesus nos abre aos outros. - Not\u00edcias - Franciscanos","robots":{"index":"index","follow":"follow","max-snippet":"max-snippet:-1","max-image-preview":"max-image-preview:large","max-video-preview":"max-video-preview:-1"},"canonical":"https:\/\/franciscanos.org.br\/noticias\/o-papa-reza-pelos-enfermeiros-exemplo-de-heroismo-a-paz-de-jesus-nos-abre-aos-outros.html","og_locale":"pt_BR","og_type":"article","og_title":"O Papa reza pelos enfermeiros, exemplo de hero\u00edsmo. A paz de Jesus nos abre aos outros. - Not\u00edcias - Franciscanos","og_description":"Missa em Santa Marta","og_url":"https:\/\/franciscanos.org.br\/noticias\/o-papa-reza-pelos-enfermeiros-exemplo-de-heroismo-a-paz-de-jesus-nos-abre-aos-outros.html","og_site_name":"Not\u00edcias - Franciscanos","article_published_time":"2020-05-12T09:21:17+00:00","article_modified_time":"2020-06-05T14:49:34+00:00","og_image":[{"width":800,"height":600,"url":"https:\/\/franciscanos.org.br\/noticias\/wp-content\/uploads\/2020\/05\/marta_1205d.jpg","type":"image\/jpeg"}],"author":"moacir","twitter_card":"summary_large_image","twitter_misc":{"Escrito por":"moacir","Est. tempo de leitura":"9 minutos"},"schema":{"@context":"https:\/\/schema.org","@graph":[{"@type":"WebSite","@id":"https:\/\/franciscanos.org.br\/noticias\/#website","url":"https:\/\/franciscanos.org.br\/noticias\/","name":"Not\u00edcias - Franciscanos","description":"Prov\u00edncia Franciscana da Imaculada Concei\u00e7\u00e3o do Brasil - Ordem dos Frades Menores - OFM","potentialAction":[{"@type":"SearchAction","target":{"@type":"EntryPoint","urlTemplate":"https:\/\/franciscanos.org.br\/noticias\/?s={search_term_string}"},"query-input":"required name=search_term_string"}],"inLanguage":"pt-BR"},{"@type":"ImageObject","inLanguage":"pt-BR","@id":"https:\/\/franciscanos.org.br\/noticias\/o-papa-reza-pelos-enfermeiros-exemplo-de-heroismo-a-paz-de-jesus-nos-abre-aos-outros.html#primaryimage","url":"https:\/\/franciscanos.org.br\/noticias\/wp-content\/uploads\/2020\/05\/marta_1205d.jpg","contentUrl":"https:\/\/franciscanos.org.br\/noticias\/wp-content\/uploads\/2020\/05\/marta_1205d.jpg","width":800,"height":600},{"@type":"WebPage","@id":"https:\/\/franciscanos.org.br\/noticias\/o-papa-reza-pelos-enfermeiros-exemplo-de-heroismo-a-paz-de-jesus-nos-abre-aos-outros.html#webpage","url":"https:\/\/franciscanos.org.br\/noticias\/o-papa-reza-pelos-enfermeiros-exemplo-de-heroismo-a-paz-de-jesus-nos-abre-aos-outros.html","name":"O Papa reza pelos enfermeiros, exemplo de hero\u00edsmo. A paz de Jesus nos abre aos outros. - Not\u00edcias - Franciscanos","isPartOf":{"@id":"https:\/\/franciscanos.org.br\/noticias\/#website"},"primaryImageOfPage":{"@id":"https:\/\/franciscanos.org.br\/noticias\/o-papa-reza-pelos-enfermeiros-exemplo-de-heroismo-a-paz-de-jesus-nos-abre-aos-outros.html#primaryimage"},"datePublished":"2020-05-12T09:21:17+00:00","dateModified":"2020-06-05T14:49:34+00:00","author":{"@id":"https:\/\/franciscanos.org.br\/noticias\/#\/schema\/person\/b5c8cba458c330ccff548b056e95a5d4"},"breadcrumb":{"@id":"https:\/\/franciscanos.org.br\/noticias\/o-papa-reza-pelos-enfermeiros-exemplo-de-heroismo-a-paz-de-jesus-nos-abre-aos-outros.html#breadcrumb"},"inLanguage":"pt-BR","potentialAction":[{"@type":"ReadAction","target":["https:\/\/franciscanos.org.br\/noticias\/o-papa-reza-pelos-enfermeiros-exemplo-de-heroismo-a-paz-de-jesus-nos-abre-aos-outros.html"]}]},{"@type":"BreadcrumbList","@id":"https:\/\/franciscanos.org.br\/noticias\/o-papa-reza-pelos-enfermeiros-exemplo-de-heroismo-a-paz-de-jesus-nos-abre-aos-outros.html#breadcrumb","itemListElement":[{"@type":"ListItem","position":1,"name":"Home","item":"https:\/\/franciscanos.org.br\/noticias"},{"@type":"ListItem","position":2,"name":"O Papa reza pelos enfermeiros, exemplo de hero\u00edsmo. A paz de Jesus nos abre aos outros."}]},{"@type":"Person","@id":"https:\/\/franciscanos.org.br\/noticias\/#\/schema\/person\/b5c8cba458c330ccff548b056e95a5d4","name":"moacir","image":{"@type":"ImageObject","inLanguage":"pt-BR","@id":"https:\/\/franciscanos.org.br\/noticias\/#\/schema\/person\/image\/","url":"https:\/\/secure.gravatar.com\/avatar\/d08aa2ce4c8dd416d4479aa8536fcf64?s=96&d=mm&r=g","contentUrl":"https:\/\/secure.gravatar.com\/avatar\/d08aa2ce4c8dd416d4479aa8536fcf64?s=96&d=mm&r=g","caption":"moacir"},"url":"https:\/\/franciscanos.org.br\/noticias\/author\/moacir"}]}},"_links":{"self":[{"href":"https:\/\/franciscanos.org.br\/noticias\/wp-json\/wp\/v2\/posts\/223578"}],"collection":[{"href":"https:\/\/franciscanos.org.br\/noticias\/wp-json\/wp\/v2\/posts"}],"about":[{"href":"https:\/\/franciscanos.org.br\/noticias\/wp-json\/wp\/v2\/types\/post"}],"author":[{"embeddable":true,"href":"https:\/\/franciscanos.org.br\/noticias\/wp-json\/wp\/v2\/users\/3"}],"replies":[{"embeddable":true,"href":"https:\/\/franciscanos.org.br\/noticias\/wp-json\/wp\/v2\/comments?post=223578"}],"version-history":[{"count":3,"href":"https:\/\/franciscanos.org.br\/noticias\/wp-json\/wp\/v2\/posts\/223578\/revisions"}],"predecessor-version":[{"id":224212,"href":"https:\/\/franciscanos.org.br\/noticias\/wp-json\/wp\/v2\/posts\/223578\/revisions\/224212"}],"wp:featuredmedia":[{"embeddable":true,"href":"https:\/\/franciscanos.org.br\/noticias\/wp-json\/wp\/v2\/media\/223580"}],"wp:attachment":[{"href":"https:\/\/franciscanos.org.br\/noticias\/wp-json\/wp\/v2\/media?parent=223578"}],"wp:term":[{"taxonomy":"category","embeddable":true,"href":"https:\/\/franciscanos.org.br\/noticias\/wp-json\/wp\/v2\/categories?post=223578"},{"taxonomy":"post_tag","embeddable":true,"href":"https:\/\/franciscanos.org.br\/noticias\/wp-json\/wp\/v2\/tags?post=223578"}],"curies":[{"name":"wp","href":"https:\/\/api.w.org\/{rel}","templated":true}]}}