{"id":223532,"date":"2020-05-12T00:26:09","date_gmt":"2020-05-12T03:26:09","guid":{"rendered":"https:\/\/franciscanos.org.br\/noticias\/?p=223532"},"modified":"2020-05-12T09:55:59","modified_gmt":"2020-05-12T12:55:59","slug":"pecamos-a-graca-de-seguir-o-caminho-da-fe-deseja-frei-jorge","status":"publish","type":"post","link":"https:\/\/franciscanos.org.br\/noticias\/pecamos-a-graca-de-seguir-o-caminho-da-fe-deseja-frei-jorge.html","title":{"rendered":"\u201cPe\u00e7amos a gra\u00e7a de seguir o caminho da f\u00e9\u201d, deseja Frei Jorge"},"content":{"rendered":"<p><img loading=\"lazy\" class=\"alignnone wp-image-223533 size-full\" src=\"https:\/\/franciscanos.org.br\/noticias\/wp-content\/uploads\/2020\/05\/celebracao_110520_1.jpg\" alt=\"\" width=\"1200\" height=\"700\" srcset=\"https:\/\/franciscanos.org.br\/noticias\/wp-content\/uploads\/2020\/05\/celebracao_110520_1.jpg 1200w, https:\/\/franciscanos.org.br\/noticias\/wp-content\/uploads\/2020\/05\/celebracao_110520_1-450x263.jpg 450w, https:\/\/franciscanos.org.br\/noticias\/wp-content\/uploads\/2020\/05\/celebracao_110520_1-1024x597.jpg 1024w, https:\/\/franciscanos.org.br\/noticias\/wp-content\/uploads\/2020\/05\/celebracao_110520_1-768x448.jpg 768w, https:\/\/franciscanos.org.br\/noticias\/wp-content\/uploads\/2020\/05\/celebracao_110520_1-150x88.jpg 150w\" sizes=\"(max-width: 1200px) 100vw, 1200px\" \/><\/p>\n<p><strong>Frei Augusto Luiz Gabriel<\/strong><\/p>\n<p><strong>Petr\u00f3polis (RJ) \u2013<\/strong> \u201cPe\u00e7amos a gra\u00e7a de seguir o caminho da f\u00e9! \u00c9 o Senhor Ressuscitado que caminha conosco e ir\u00e1 nos consolar em seu infinito amor\u201d, recordou o p\u00e1roco Frei Jorge Paulo Schiavini em sua reflex\u00e3o na \u201cCelebra\u00e7\u00e3o do Abra\u00e7o e da Esperan\u00e7a\u201d, que nesta segunda-feira (11\/05), foi transmitida ao vivo pela <a href=\"https:\/\/youtu.be\/k7Rmvb7pNLE\"><strong>TvFranciscanos<\/strong><\/a>, diretamente da Igreja do Sagrado Cora\u00e7\u00e3o de Jesus de Petr\u00f3polis (RJ), \u00e0s 19 horas. Os frades do Tempo da Teologia ajudaram a conduzir este momento de f\u00e9 e esperan\u00e7a.<\/p>\n<p>\u201cQue nossa ora\u00e7\u00e3o possa ser uma forma de dizer aos entes queridos que partiram que o amamos e que sempre vamos guard\u00e1-los no cora\u00e7\u00e3o. Que possamos sentir o abra\u00e7o de Deus que acolhe estes entes queridos e abra\u00e7a calorosamente cada um de voc\u00eas que nos acompanha\u201d, animou o celebrante no in\u00edcio da ora\u00e7\u00e3o.<\/p>\n<p>Dentre tantas inten\u00e7\u00f5es, os frades rezaram com especial afeto pelo av\u00f4 do Frei Tiago Gomes Elias, que falecera ontem (10\/05), vitima do Covid-19, aos 85 anos. Para Frei Tiago, a f\u00e9 na ressurrei\u00e7\u00e3o n\u00e3o \u00e9 um mero acreditar: \u201c\u00c9 uma experi\u00eancia \u00fanica e verdadeira quando vivenciamos a perda de um ente querido e recebemos da M\u00e3e Igreja o consolo e o conforto do encontro com o Sumo Bem, Deus\u201d.<\/p>\n<p>Durante a transmiss\u00e3o, os telespectadores puderam acompanhar imagens de pessoas das pessoas que faleceram nos \u00faltimos dias, v\u00edtimas do coronav\u00edrus e outras causas. Para Frei Jorge, este \u00e9 o momento de partilhar o precioso dom da f\u00e9 que nos ilumina, aquece e nos conduz nos momentos mais dif\u00edceis de nossas vidas.<\/p>\n<p><img loading=\"lazy\" class=\"alignnone wp-image-223534 size-full\" src=\"https:\/\/franciscanos.org.br\/noticias\/wp-content\/uploads\/2020\/05\/celebracao_110520_2.jpg\" alt=\"\" width=\"1200\" height=\"700\" srcset=\"https:\/\/franciscanos.org.br\/noticias\/wp-content\/uploads\/2020\/05\/celebracao_110520_2.jpg 1200w, https:\/\/franciscanos.org.br\/noticias\/wp-content\/uploads\/2020\/05\/celebracao_110520_2-450x263.jpg 450w, https:\/\/franciscanos.org.br\/noticias\/wp-content\/uploads\/2020\/05\/celebracao_110520_2-1024x597.jpg 1024w, https:\/\/franciscanos.org.br\/noticias\/wp-content\/uploads\/2020\/05\/celebracao_110520_2-768x448.jpg 768w, https:\/\/franciscanos.org.br\/noticias\/wp-content\/uploads\/2020\/05\/celebracao_110520_2-150x88.jpg 150w\" sizes=\"(max-width: 1200px) 100vw, 1200px\" \/><\/p>\n<p>Partindo do Evangelho do dia (Jo 14, 21-26), o p\u00e1roco e guardi\u00e3o do Sagrado refletiu sobre a palavra de conforto que Jesus oferece aos seus disc\u00edpulos ao dizer: \u201cN\u00e3o se perturbe o vosso cora\u00e7\u00e3o. Tendes f\u00e9 em Deus\u201d. Segundo ele, estas s\u00e3o as palavras adequadas para a ocasi\u00e3o de perda de algu\u00e9m querido pois, na sua despedida, Jesus quis dar for\u00e7a aos disc\u00edpulos para n\u00e3o se perderem diante do sofrimento e da morte pela qual Ele iria passar. \u201cNa afirma\u00e7\u00e3o de Jesus, podemos perceber que Ele conhece intimamente o sofrimento de seus disc\u00edpulos. Ele conhece o sofrimento de cada um. Por isso, essa palavra quer confortar e iluminar. O Cora\u00e7\u00e3o de Jesus quer estar bem pr\u00f3ximo do cora\u00e7\u00e3o de voc\u00eas. Por isso, confiem a Deus o seu ente querido e reze continuamente a Deus, pois \u2018Na casa do Pai h\u00e1 muitas moradas\u2019\u201d, sublinhou.<\/p>\n<p>Aos familiares e amigos, disse que caminhando pelo mesmo caminho de Cristo, da confian\u00e7a no Pai, da intimidade com Ele e do cultivo do amor aos irm\u00e3os, teremos sempre a vida plena. &#8220;Cristo ressuscitado destruir\u00e1 a morte para sempre. Ele \u2018enxugar\u00e1 as l\u00e1grimas de todas as faces e far\u00e1 desaparecer da terra inteira o opr\u00f3brio que pesa sobre o seu povo&#8221;, destacou.<\/p>\n<p><img loading=\"lazy\" class=\"alignnone wp-image-223556 size-full\" src=\"https:\/\/franciscanos.org.br\/noticias\/wp-content\/uploads\/2020\/05\/celebracao_110520_4.jpg\" alt=\"\" width=\"1200\" height=\"700\" srcset=\"https:\/\/franciscanos.org.br\/noticias\/wp-content\/uploads\/2020\/05\/celebracao_110520_4.jpg 1200w, https:\/\/franciscanos.org.br\/noticias\/wp-content\/uploads\/2020\/05\/celebracao_110520_4-450x263.jpg 450w, https:\/\/franciscanos.org.br\/noticias\/wp-content\/uploads\/2020\/05\/celebracao_110520_4-1024x597.jpg 1024w, https:\/\/franciscanos.org.br\/noticias\/wp-content\/uploads\/2020\/05\/celebracao_110520_4-768x448.jpg 768w, https:\/\/franciscanos.org.br\/noticias\/wp-content\/uploads\/2020\/05\/celebracao_110520_4-150x88.jpg 150w\" sizes=\"(max-width: 1200px) 100vw, 1200px\" \/><\/p>\n<p>Por fim, ressaltou que a morte n\u00e3o tem a \u00faltima palavra e que o amor incondicional de Jesus supera tudo. \u201cCristo, em seu amor, est\u00e1 ao lado de voc\u00eas que est\u00e3o sofrendo a perda de seus entes queridos. \u00c9 o Senhor que sustenta e sofre com voc\u00eas neste momento. Ele abra\u00e7a cada um em seu amor. Pe\u00e7amos, tamb\u00e9m n\u00f3s, a gra\u00e7a de seguir o caminho da f\u00e9. \u00c9 o Senhor Ressuscitado que caminha com voc\u00eas e ir\u00e1 consol\u00e1-los em seu infinito amor\u201d, desejou.<\/p>\n<p>Ap\u00f3s o momento das preces, o celebrante incluiu tamb\u00e9m todas as inten\u00e7\u00f5es e pedidos que chegaram pelos coment\u00e1rios do <em>stream<\/em> no YouTube. Depois, durante a canto do <em>Magnifcat<\/em>, Frei Tiago Elias, depositou, aos p\u00e9s do amb\u00e3o da palavra, um pouco de incenso. \u201cJunto com o incenso, suba at\u00e9 Deus a nossa ora\u00e7\u00e3o e a vida dos irm\u00e3os e irm\u00e3s que partiam. Que o Senhor, Deus da vida, os acolha neste momento\u201d, rezou. A celebra\u00e7\u00e3o terminou com a ora\u00e7\u00e3o do Pai Nosso, seguida da prece de encomenda\u00e7\u00e3o e a b\u00ean\u00e7\u00e3o final.<\/p>\n<p>Durante a semana, a celebra\u00e7\u00e3o ser\u00e1 transmitida a partir de diferentes Fraternidades da Prov\u00edncia da Imaculada. Nesta ter\u00e7a-feira (12\/05), a Celebra\u00e7\u00e3o ser\u00e1 realizada pela da Fraternidade do Convento S\u00e3o Francisco de S\u00e3o Paulo; na quarta (13\/5), a Fraternidade Santo Est\u00eav\u00e3o de Ituporanga (SC); na quinta (14\/5), a Fraternidade S\u00e3o Pedro Ap\u00f3stolo de Pato Branco; na sexta (15\/5), a Fraternidade Santa In\u00eas de Balne\u00e1rio Cambori\u00fa (SC); e, no s\u00e1bado, a Fraternidade Nossa Senhora da Penha de Vila Velha (ES) e, no domingo, a Fraternidade S\u00e3o Francisco de Assis da Sede Provincial, \u00e0s 19 horas.<\/p>\n<hr \/>\n<h3 style=\"text-align: center;\"><strong>VEJA MAIS IMAGENS<\/strong><\/h3>\n\n\t\t<style type=\"text\/css\">\n\t\t\t#gallery-1 {\n\t\t\t\tmargin: auto;\n\t\t\t}\n\t\t\t#gallery-1 .gallery-item {\n\t\t\t\tfloat: left;\n\t\t\t\tmargin-top: 10px;\n\t\t\t\ttext-align: center;\n\t\t\t\twidth: 25%;\n\t\t\t}\n\t\t\t#gallery-1 img {\n\t\t\t\tborder: 2px solid #cfcfcf;\n\t\t\t}\n\t\t\t#gallery-1 .gallery-caption {\n\t\t\t\tmargin-left: 0;\n\t\t\t}\n\t\t\t\/* see gallery_shortcode() in wp-includes\/media.php *\/\n\t\t<\/style>\n\t\t<div id='gallery-1' class='gallery galleryid-223532 gallery-columns-4 gallery-size-thumbnail'><dl class='gallery-item'>\n\t\t\t<dt class='gallery-icon landscape'>\n\t\t\t\t<a href='https:\/\/franciscanos.org.br\/noticias\/wp-content\/uploads\/2020\/05\/celebracao_110520-2-scaled.jpg'><img width=\"300\" height=\"300\" src=\"https:\/\/franciscanos.org.br\/noticias\/wp-content\/uploads\/2020\/05\/celebracao_110520-2-300x300.jpg\" class=\"attachment-thumbnail size-thumbnail\" alt=\"\" loading=\"lazy\" srcset=\"https:\/\/franciscanos.org.br\/noticias\/wp-content\/uploads\/2020\/05\/celebracao_110520-2-300x300.jpg 300w, https:\/\/franciscanos.org.br\/noticias\/wp-content\/uploads\/2020\/05\/celebracao_110520-2-100x100.jpg 100w\" sizes=\"(max-width: 300px) 100vw, 300px\" \/><\/a>\n\t\t\t<\/dt><\/dl><dl class='gallery-item'>\n\t\t\t<dt class='gallery-icon landscape'>\n\t\t\t\t<a href='https:\/\/franciscanos.org.br\/noticias\/wp-content\/uploads\/2020\/05\/celebracao_110520-3-scaled.jpg'><img width=\"300\" height=\"300\" src=\"https:\/\/franciscanos.org.br\/noticias\/wp-content\/uploads\/2020\/05\/celebracao_110520-3-300x300.jpg\" class=\"attachment-thumbnail size-thumbnail\" alt=\"\" loading=\"lazy\" srcset=\"https:\/\/franciscanos.org.br\/noticias\/wp-content\/uploads\/2020\/05\/celebracao_110520-3-300x300.jpg 300w, https:\/\/franciscanos.org.br\/noticias\/wp-content\/uploads\/2020\/05\/celebracao_110520-3-100x100.jpg 100w\" sizes=\"(max-width: 300px) 100vw, 300px\" \/><\/a>\n\t\t\t<\/dt><\/dl><dl class='gallery-item'>\n\t\t\t<dt class='gallery-icon landscape'>\n\t\t\t\t<a href='https:\/\/franciscanos.org.br\/noticias\/wp-content\/uploads\/2020\/05\/celebracao_110520-4-scaled.jpg'><img width=\"300\" height=\"300\" src=\"https:\/\/franciscanos.org.br\/noticias\/wp-content\/uploads\/2020\/05\/celebracao_110520-4-300x300.jpg\" class=\"attachment-thumbnail size-thumbnail\" alt=\"\" loading=\"lazy\" srcset=\"https:\/\/franciscanos.org.br\/noticias\/wp-content\/uploads\/2020\/05\/celebracao_110520-4-300x300.jpg 300w, https:\/\/franciscanos.org.br\/noticias\/wp-content\/uploads\/2020\/05\/celebracao_110520-4-100x100.jpg 100w\" sizes=\"(max-width: 300px) 100vw, 300px\" \/><\/a>\n\t\t\t<\/dt><\/dl><dl class='gallery-item'>\n\t\t\t<dt class='gallery-icon landscape'>\n\t\t\t\t<a href='https:\/\/franciscanos.org.br\/noticias\/wp-content\/uploads\/2020\/05\/celebracao_110520-5-scaled.jpg'><img width=\"300\" height=\"300\" src=\"https:\/\/franciscanos.org.br\/noticias\/wp-content\/uploads\/2020\/05\/celebracao_110520-5-300x300.jpg\" class=\"attachment-thumbnail size-thumbnail\" alt=\"\" loading=\"lazy\" srcset=\"https:\/\/franciscanos.org.br\/noticias\/wp-content\/uploads\/2020\/05\/celebracao_110520-5-300x300.jpg 300w, https:\/\/franciscanos.org.br\/noticias\/wp-content\/uploads\/2020\/05\/celebracao_110520-5-100x100.jpg 100w\" sizes=\"(max-width: 300px) 100vw, 300px\" \/><\/a>\n\t\t\t<\/dt><\/dl><br style=\"clear: both\" \/><dl class='gallery-item'>\n\t\t\t<dt class='gallery-icon landscape'>\n\t\t\t\t<a href='https:\/\/franciscanos.org.br\/noticias\/wp-content\/uploads\/2020\/05\/celebracao_110520-6-scaled.jpg'><img width=\"300\" height=\"300\" src=\"https:\/\/franciscanos.org.br\/noticias\/wp-content\/uploads\/2020\/05\/celebracao_110520-6-300x300.jpg\" class=\"attachment-thumbnail size-thumbnail\" alt=\"\" loading=\"lazy\" srcset=\"https:\/\/franciscanos.org.br\/noticias\/wp-content\/uploads\/2020\/05\/celebracao_110520-6-300x300.jpg 300w, https:\/\/franciscanos.org.br\/noticias\/wp-content\/uploads\/2020\/05\/celebracao_110520-6-100x100.jpg 100w\" sizes=\"(max-width: 300px) 100vw, 300px\" \/><\/a>\n\t\t\t<\/dt><\/dl><dl class='gallery-item'>\n\t\t\t<dt class='gallery-icon landscape'>\n\t\t\t\t<a href='https:\/\/franciscanos.org.br\/noticias\/wp-content\/uploads\/2020\/05\/celebracao_110520-7-scaled.jpg'><img width=\"300\" height=\"300\" src=\"https:\/\/franciscanos.org.br\/noticias\/wp-content\/uploads\/2020\/05\/celebracao_110520-7-300x300.jpg\" class=\"attachment-thumbnail size-thumbnail\" alt=\"\" loading=\"lazy\" srcset=\"https:\/\/franciscanos.org.br\/noticias\/wp-content\/uploads\/2020\/05\/celebracao_110520-7-300x300.jpg 300w, https:\/\/franciscanos.org.br\/noticias\/wp-content\/uploads\/2020\/05\/celebracao_110520-7-100x100.jpg 100w\" sizes=\"(max-width: 300px) 100vw, 300px\" \/><\/a>\n\t\t\t<\/dt><\/dl><dl class='gallery-item'>\n\t\t\t<dt class='gallery-icon landscape'>\n\t\t\t\t<a href='https:\/\/franciscanos.org.br\/noticias\/wp-content\/uploads\/2020\/05\/celebracao_110520-8-scaled.jpg'><img width=\"300\" height=\"300\" src=\"https:\/\/franciscanos.org.br\/noticias\/wp-content\/uploads\/2020\/05\/celebracao_110520-8-300x300.jpg\" class=\"attachment-thumbnail size-thumbnail\" alt=\"\" loading=\"lazy\" srcset=\"https:\/\/franciscanos.org.br\/noticias\/wp-content\/uploads\/2020\/05\/celebracao_110520-8-300x300.jpg 300w, https:\/\/franciscanos.org.br\/noticias\/wp-content\/uploads\/2020\/05\/celebracao_110520-8-100x100.jpg 100w\" sizes=\"(max-width: 300px) 100vw, 300px\" \/><\/a>\n\t\t\t<\/dt><\/dl><dl class='gallery-item'>\n\t\t\t<dt class='gallery-icon landscape'>\n\t\t\t\t<a href='https:\/\/franciscanos.org.br\/noticias\/wp-content\/uploads\/2020\/05\/celebracao_110520-9-scaled.jpg'><img width=\"300\" height=\"300\" src=\"https:\/\/franciscanos.org.br\/noticias\/wp-content\/uploads\/2020\/05\/celebracao_110520-9-300x300.jpg\" class=\"attachment-thumbnail size-thumbnail\" alt=\"\" loading=\"lazy\" srcset=\"https:\/\/franciscanos.org.br\/noticias\/wp-content\/uploads\/2020\/05\/celebracao_110520-9-300x300.jpg 300w, https:\/\/franciscanos.org.br\/noticias\/wp-content\/uploads\/2020\/05\/celebracao_110520-9-100x100.jpg 100w\" sizes=\"(max-width: 300px) 100vw, 300px\" \/><\/a>\n\t\t\t<\/dt><\/dl><br style=\"clear: both\" \/><dl class='gallery-item'>\n\t\t\t<dt class='gallery-icon landscape'>\n\t\t\t\t<a href='https:\/\/franciscanos.org.br\/noticias\/wp-content\/uploads\/2020\/05\/celebracao_110520-11-1-scaled.jpg'><img width=\"300\" height=\"300\" src=\"https:\/\/franciscanos.org.br\/noticias\/wp-content\/uploads\/2020\/05\/celebracao_110520-11-1-300x300.jpg\" class=\"attachment-thumbnail size-thumbnail\" alt=\"\" loading=\"lazy\" srcset=\"https:\/\/franciscanos.org.br\/noticias\/wp-content\/uploads\/2020\/05\/celebracao_110520-11-1-300x300.jpg 300w, https:\/\/franciscanos.org.br\/noticias\/wp-content\/uploads\/2020\/05\/celebracao_110520-11-1-100x100.jpg 100w\" sizes=\"(max-width: 300px) 100vw, 300px\" \/><\/a>\n\t\t\t<\/dt><\/dl><dl class='gallery-item'>\n\t\t\t<dt class='gallery-icon landscape'>\n\t\t\t\t<a href='https:\/\/franciscanos.org.br\/noticias\/wp-content\/uploads\/2020\/05\/celebracao_110520-12-scaled.jpg'><img width=\"300\" height=\"300\" src=\"https:\/\/franciscanos.org.br\/noticias\/wp-content\/uploads\/2020\/05\/celebracao_110520-12-300x300.jpg\" class=\"attachment-thumbnail size-thumbnail\" alt=\"\" loading=\"lazy\" srcset=\"https:\/\/franciscanos.org.br\/noticias\/wp-content\/uploads\/2020\/05\/celebracao_110520-12-300x300.jpg 300w, https:\/\/franciscanos.org.br\/noticias\/wp-content\/uploads\/2020\/05\/celebracao_110520-12-100x100.jpg 100w\" sizes=\"(max-width: 300px) 100vw, 300px\" \/><\/a>\n\t\t\t<\/dt><\/dl><dl class='gallery-item'>\n\t\t\t<dt class='gallery-icon landscape'>\n\t\t\t\t<a href='https:\/\/franciscanos.org.br\/noticias\/wp-content\/uploads\/2020\/05\/celebracao_110520-14-1-scaled.jpg'><img width=\"300\" height=\"300\" src=\"https:\/\/franciscanos.org.br\/noticias\/wp-content\/uploads\/2020\/05\/celebracao_110520-14-1-300x300.jpg\" class=\"attachment-thumbnail size-thumbnail\" alt=\"\" loading=\"lazy\" srcset=\"https:\/\/franciscanos.org.br\/noticias\/wp-content\/uploads\/2020\/05\/celebracao_110520-14-1-300x300.jpg 300w, https:\/\/franciscanos.org.br\/noticias\/wp-content\/uploads\/2020\/05\/celebracao_110520-14-1-100x100.jpg 100w\" sizes=\"(max-width: 300px) 100vw, 300px\" \/><\/a>\n\t\t\t<\/dt><\/dl><dl class='gallery-item'>\n\t\t\t<dt class='gallery-icon landscape'>\n\t\t\t\t<a href='https:\/\/franciscanos.org.br\/noticias\/wp-content\/uploads\/2020\/05\/celebracao_110520-15-1-scaled.jpg'><img width=\"300\" height=\"300\" src=\"https:\/\/franciscanos.org.br\/noticias\/wp-content\/uploads\/2020\/05\/celebracao_110520-15-1-300x300.jpg\" class=\"attachment-thumbnail size-thumbnail\" alt=\"\" loading=\"lazy\" srcset=\"https:\/\/franciscanos.org.br\/noticias\/wp-content\/uploads\/2020\/05\/celebracao_110520-15-1-300x300.jpg 300w, https:\/\/franciscanos.org.br\/noticias\/wp-content\/uploads\/2020\/05\/celebracao_110520-15-1-100x100.jpg 100w\" sizes=\"(max-width: 300px) 100vw, 300px\" \/><\/a>\n\t\t\t<\/dt><\/dl><br style=\"clear: both\" \/>\n\t\t<\/div>\n\n<hr \/>\n<h3 style=\"text-align: center;\"><strong>ASSISTA A CELEBRA\u00c7\u00c3O<\/strong><\/h3>\n<p><iframe loading=\"lazy\" src=\"https:\/\/www.youtube.com\/embed\/k7Rmvb7pNLE\" width=\"100%\" height=\"480\" frameborder=\"0\" allowfullscreen=\"allowfullscreen\"><span data-mce-type=\"bookmark\" style=\"display: inline-block; width: 0px; overflow: hidden; line-height: 0;\" class=\"mce_SELRES_start\">\ufeff<\/span><\/iframe><\/p>\n","protected":false},"excerpt":{"rendered":"<p>Celebra\u00e7\u00e3o do Abra\u00e7o e da Esperan\u00e7a<\/p>\n","protected":false},"author":5,"featured_media":223555,"comment_status":"open","ping_status":"open","sticky":false,"template":"","format":"standard","meta":[],"categories":[1],"tags":[1620,190],"acf":[],"yoast_head":"<!-- This site is optimized with the Yoast SEO plugin v19.2 - https:\/\/yoast.com\/wordpress\/plugins\/seo\/ -->\n<title>\u201cPe\u00e7amos a gra\u00e7a de seguir o caminho da f\u00e9\u201d, deseja Frei Jorge - Not\u00edcias - Franciscanos<\/title>\n<meta name=\"robots\" content=\"index, follow, max-snippet:-1, max-image-preview:large, max-video-preview:-1\" \/>\n<link rel=\"canonical\" href=\"https:\/\/franciscanos.org.br\/noticias\/pecamos-a-graca-de-seguir-o-caminho-da-fe-deseja-frei-jorge.html\" \/>\n<meta property=\"og:locale\" content=\"pt_BR\" \/>\n<meta property=\"og:type\" content=\"article\" \/>\n<meta property=\"og:title\" content=\"\u201cPe\u00e7amos a gra\u00e7a de seguir o caminho da f\u00e9\u201d, deseja Frei Jorge - Not\u00edcias - Franciscanos\" \/>\n<meta property=\"og:description\" content=\"Celebra\u00e7\u00e3o do Abra\u00e7o e da Esperan\u00e7a\" \/>\n<meta property=\"og:url\" content=\"https:\/\/franciscanos.org.br\/noticias\/pecamos-a-graca-de-seguir-o-caminho-da-fe-deseja-frei-jorge.html\" \/>\n<meta property=\"og:site_name\" content=\"Not\u00edcias - Franciscanos\" \/>\n<meta property=\"article:published_time\" content=\"2020-05-12T03:26:09+00:00\" \/>\n<meta property=\"article:modified_time\" content=\"2020-05-12T12:55:59+00:00\" \/>\n<meta property=\"og:image\" content=\"https:\/\/franciscanos.org.br\/noticias\/wp-content\/uploads\/2020\/05\/celebracao_110520_5.jpg\" \/>\n\t<meta property=\"og:image:width\" content=\"800\" \/>\n\t<meta property=\"og:image:height\" content=\"600\" \/>\n\t<meta property=\"og:image:type\" content=\"image\/jpeg\" \/>\n<meta name=\"author\" content=\"freiaugusto\" \/>\n<meta name=\"twitter:card\" content=\"summary_large_image\" \/>\n<meta name=\"twitter:label1\" content=\"Escrito por\" \/>\n\t<meta name=\"twitter:data1\" content=\"freiaugusto\" \/>\n\t<meta name=\"twitter:label2\" content=\"Est. tempo de leitura\" \/>\n\t<meta name=\"twitter:data2\" content=\"4 minutos\" \/>\n<script type=\"application\/ld+json\" class=\"yoast-schema-graph\">{\"@context\":\"https:\/\/schema.org\",\"@graph\":[{\"@type\":\"WebSite\",\"@id\":\"https:\/\/franciscanos.org.br\/noticias\/#website\",\"url\":\"https:\/\/franciscanos.org.br\/noticias\/\",\"name\":\"Not\u00edcias - Franciscanos\",\"description\":\"Prov\u00edncia Franciscana da Imaculada Concei\u00e7\u00e3o do Brasil - Ordem dos Frades Menores - OFM\",\"potentialAction\":[{\"@type\":\"SearchAction\",\"target\":{\"@type\":\"EntryPoint\",\"urlTemplate\":\"https:\/\/franciscanos.org.br\/noticias\/?s={search_term_string}\"},\"query-input\":\"required name=search_term_string\"}],\"inLanguage\":\"pt-BR\"},{\"@type\":\"ImageObject\",\"inLanguage\":\"pt-BR\",\"@id\":\"https:\/\/franciscanos.org.br\/noticias\/pecamos-a-graca-de-seguir-o-caminho-da-fe-deseja-frei-jorge.html#primaryimage\",\"url\":\"https:\/\/franciscanos.org.br\/noticias\/wp-content\/uploads\/2020\/05\/celebracao_110520_5.jpg\",\"contentUrl\":\"https:\/\/franciscanos.org.br\/noticias\/wp-content\/uploads\/2020\/05\/celebracao_110520_5.jpg\",\"width\":800,\"height\":600},{\"@type\":\"WebPage\",\"@id\":\"https:\/\/franciscanos.org.br\/noticias\/pecamos-a-graca-de-seguir-o-caminho-da-fe-deseja-frei-jorge.html#webpage\",\"url\":\"https:\/\/franciscanos.org.br\/noticias\/pecamos-a-graca-de-seguir-o-caminho-da-fe-deseja-frei-jorge.html\",\"name\":\"\u201cPe\u00e7amos a gra\u00e7a de seguir o caminho da f\u00e9\u201d, deseja Frei Jorge - Not\u00edcias - Franciscanos\",\"isPartOf\":{\"@id\":\"https:\/\/franciscanos.org.br\/noticias\/#website\"},\"primaryImageOfPage\":{\"@id\":\"https:\/\/franciscanos.org.br\/noticias\/pecamos-a-graca-de-seguir-o-caminho-da-fe-deseja-frei-jorge.html#primaryimage\"},\"datePublished\":\"2020-05-12T03:26:09+00:00\",\"dateModified\":\"2020-05-12T12:55:59+00:00\",\"author\":{\"@id\":\"https:\/\/franciscanos.org.br\/noticias\/#\/schema\/person\/37f88f0d111cd5358b12a6556a99eb91\"},\"breadcrumb\":{\"@id\":\"https:\/\/franciscanos.org.br\/noticias\/pecamos-a-graca-de-seguir-o-caminho-da-fe-deseja-frei-jorge.html#breadcrumb\"},\"inLanguage\":\"pt-BR\",\"potentialAction\":[{\"@type\":\"ReadAction\",\"target\":[\"https:\/\/franciscanos.org.br\/noticias\/pecamos-a-graca-de-seguir-o-caminho-da-fe-deseja-frei-jorge.html\"]}]},{\"@type\":\"BreadcrumbList\",\"@id\":\"https:\/\/franciscanos.org.br\/noticias\/pecamos-a-graca-de-seguir-o-caminho-da-fe-deseja-frei-jorge.html#breadcrumb\",\"itemListElement\":[{\"@type\":\"ListItem\",\"position\":1,\"name\":\"Home\",\"item\":\"https:\/\/franciscanos.org.br\/noticias\"},{\"@type\":\"ListItem\",\"position\":2,\"name\":\"\u201cPe\u00e7amos a gra\u00e7a de seguir o caminho da f\u00e9\u201d, deseja Frei Jorge\"}]},{\"@type\":\"Person\",\"@id\":\"https:\/\/franciscanos.org.br\/noticias\/#\/schema\/person\/37f88f0d111cd5358b12a6556a99eb91\",\"name\":\"freiaugusto\",\"image\":{\"@type\":\"ImageObject\",\"inLanguage\":\"pt-BR\",\"@id\":\"https:\/\/franciscanos.org.br\/noticias\/#\/schema\/person\/image\/\",\"url\":\"https:\/\/secure.gravatar.com\/avatar\/9840b940e621801b24f3e6b059efb4b7?s=96&d=mm&r=g\",\"contentUrl\":\"https:\/\/secure.gravatar.com\/avatar\/9840b940e621801b24f3e6b059efb4b7?s=96&d=mm&r=g\",\"caption\":\"freiaugusto\"},\"url\":\"https:\/\/franciscanos.org.br\/noticias\/author\/freiaugusto\"}]}<\/script>\n<!-- \/ Yoast SEO plugin. -->","yoast_head_json":{"title":"\u201cPe\u00e7amos a gra\u00e7a de seguir o caminho da f\u00e9\u201d, deseja Frei Jorge - Not\u00edcias - Franciscanos","robots":{"index":"index","follow":"follow","max-snippet":"max-snippet:-1","max-image-preview":"max-image-preview:large","max-video-preview":"max-video-preview:-1"},"canonical":"https:\/\/franciscanos.org.br\/noticias\/pecamos-a-graca-de-seguir-o-caminho-da-fe-deseja-frei-jorge.html","og_locale":"pt_BR","og_type":"article","og_title":"\u201cPe\u00e7amos a gra\u00e7a de seguir o caminho da f\u00e9\u201d, deseja Frei Jorge - Not\u00edcias - Franciscanos","og_description":"Celebra\u00e7\u00e3o do Abra\u00e7o e da Esperan\u00e7a","og_url":"https:\/\/franciscanos.org.br\/noticias\/pecamos-a-graca-de-seguir-o-caminho-da-fe-deseja-frei-jorge.html","og_site_name":"Not\u00edcias - Franciscanos","article_published_time":"2020-05-12T03:26:09+00:00","article_modified_time":"2020-05-12T12:55:59+00:00","og_image":[{"width":800,"height":600,"url":"https:\/\/franciscanos.org.br\/noticias\/wp-content\/uploads\/2020\/05\/celebracao_110520_5.jpg","type":"image\/jpeg"}],"author":"freiaugusto","twitter_card":"summary_large_image","twitter_misc":{"Escrito por":"freiaugusto","Est. tempo de leitura":"4 minutos"},"schema":{"@context":"https:\/\/schema.org","@graph":[{"@type":"WebSite","@id":"https:\/\/franciscanos.org.br\/noticias\/#website","url":"https:\/\/franciscanos.org.br\/noticias\/","name":"Not\u00edcias - Franciscanos","description":"Prov\u00edncia Franciscana da Imaculada Concei\u00e7\u00e3o do Brasil - Ordem dos Frades Menores - OFM","potentialAction":[{"@type":"SearchAction","target":{"@type":"EntryPoint","urlTemplate":"https:\/\/franciscanos.org.br\/noticias\/?s={search_term_string}"},"query-input":"required name=search_term_string"}],"inLanguage":"pt-BR"},{"@type":"ImageObject","inLanguage":"pt-BR","@id":"https:\/\/franciscanos.org.br\/noticias\/pecamos-a-graca-de-seguir-o-caminho-da-fe-deseja-frei-jorge.html#primaryimage","url":"https:\/\/franciscanos.org.br\/noticias\/wp-content\/uploads\/2020\/05\/celebracao_110520_5.jpg","contentUrl":"https:\/\/franciscanos.org.br\/noticias\/wp-content\/uploads\/2020\/05\/celebracao_110520_5.jpg","width":800,"height":600},{"@type":"WebPage","@id":"https:\/\/franciscanos.org.br\/noticias\/pecamos-a-graca-de-seguir-o-caminho-da-fe-deseja-frei-jorge.html#webpage","url":"https:\/\/franciscanos.org.br\/noticias\/pecamos-a-graca-de-seguir-o-caminho-da-fe-deseja-frei-jorge.html","name":"\u201cPe\u00e7amos a gra\u00e7a de seguir o caminho da f\u00e9\u201d, deseja Frei Jorge - Not\u00edcias - Franciscanos","isPartOf":{"@id":"https:\/\/franciscanos.org.br\/noticias\/#website"},"primaryImageOfPage":{"@id":"https:\/\/franciscanos.org.br\/noticias\/pecamos-a-graca-de-seguir-o-caminho-da-fe-deseja-frei-jorge.html#primaryimage"},"datePublished":"2020-05-12T03:26:09+00:00","dateModified":"2020-05-12T12:55:59+00:00","author":{"@id":"https:\/\/franciscanos.org.br\/noticias\/#\/schema\/person\/37f88f0d111cd5358b12a6556a99eb91"},"breadcrumb":{"@id":"https:\/\/franciscanos.org.br\/noticias\/pecamos-a-graca-de-seguir-o-caminho-da-fe-deseja-frei-jorge.html#breadcrumb"},"inLanguage":"pt-BR","potentialAction":[{"@type":"ReadAction","target":["https:\/\/franciscanos.org.br\/noticias\/pecamos-a-graca-de-seguir-o-caminho-da-fe-deseja-frei-jorge.html"]}]},{"@type":"BreadcrumbList","@id":"https:\/\/franciscanos.org.br\/noticias\/pecamos-a-graca-de-seguir-o-caminho-da-fe-deseja-frei-jorge.html#breadcrumb","itemListElement":[{"@type":"ListItem","position":1,"name":"Home","item":"https:\/\/franciscanos.org.br\/noticias"},{"@type":"ListItem","position":2,"name":"\u201cPe\u00e7amos a gra\u00e7a de seguir o caminho da f\u00e9\u201d, deseja Frei Jorge"}]},{"@type":"Person","@id":"https:\/\/franciscanos.org.br\/noticias\/#\/schema\/person\/37f88f0d111cd5358b12a6556a99eb91","name":"freiaugusto","image":{"@type":"ImageObject","inLanguage":"pt-BR","@id":"https:\/\/franciscanos.org.br\/noticias\/#\/schema\/person\/image\/","url":"https:\/\/secure.gravatar.com\/avatar\/9840b940e621801b24f3e6b059efb4b7?s=96&d=mm&r=g","contentUrl":"https:\/\/secure.gravatar.com\/avatar\/9840b940e621801b24f3e6b059efb4b7?s=96&d=mm&r=g","caption":"freiaugusto"},"url":"https:\/\/franciscanos.org.br\/noticias\/author\/freiaugusto"}]}},"_links":{"self":[{"href":"https:\/\/franciscanos.org.br\/noticias\/wp-json\/wp\/v2\/posts\/223532"}],"collection":[{"href":"https:\/\/franciscanos.org.br\/noticias\/wp-json\/wp\/v2\/posts"}],"about":[{"href":"https:\/\/franciscanos.org.br\/noticias\/wp-json\/wp\/v2\/types\/post"}],"author":[{"embeddable":true,"href":"https:\/\/franciscanos.org.br\/noticias\/wp-json\/wp\/v2\/users\/5"}],"replies":[{"embeddable":true,"href":"https:\/\/franciscanos.org.br\/noticias\/wp-json\/wp\/v2\/comments?post=223532"}],"version-history":[{"count":10,"href":"https:\/\/franciscanos.org.br\/noticias\/wp-json\/wp\/v2\/posts\/223532\/revisions"}],"predecessor-version":[{"id":223585,"href":"https:\/\/franciscanos.org.br\/noticias\/wp-json\/wp\/v2\/posts\/223532\/revisions\/223585"}],"wp:featuredmedia":[{"embeddable":true,"href":"https:\/\/franciscanos.org.br\/noticias\/wp-json\/wp\/v2\/media\/223555"}],"wp:attachment":[{"href":"https:\/\/franciscanos.org.br\/noticias\/wp-json\/wp\/v2\/media?parent=223532"}],"wp:term":[{"taxonomy":"category","embeddable":true,"href":"https:\/\/franciscanos.org.br\/noticias\/wp-json\/wp\/v2\/categories?post=223532"},{"taxonomy":"post_tag","embeddable":true,"href":"https:\/\/franciscanos.org.br\/noticias\/wp-json\/wp\/v2\/tags?post=223532"}],"curies":[{"name":"wp","href":"https:\/\/api.w.org\/{rel}","templated":true}]}}