{"id":223528,"date":"2020-05-11T16:27:10","date_gmt":"2020-05-11T19:27:10","guid":{"rendered":"https:\/\/franciscanos.org.br\/noticias\/?p=223528"},"modified":"2020-05-11T16:27:10","modified_gmt":"2020-05-11T19:27:10","slug":"nota-de-solidariedade-da-provincia-pelo-falecimento-de-frei-bruno","status":"publish","type":"post","link":"https:\/\/franciscanos.org.br\/noticias\/nota-de-solidariedade-da-provincia-pelo-falecimento-de-frei-bruno.html","title":{"rendered":"Nota de solidariedade da Prov\u00edncia pelo falecimento de Frei Bruno"},"content":{"rendered":"<p><img loading=\"lazy\" class=\"alignright  wp-image-223520\" src=\"https:\/\/franciscanos.org.br\/noticias\/wp-content\/uploads\/2020\/05\/LEMBRANCA.jpg\" alt=\"\" width=\"455\" height=\"642\" srcset=\"https:\/\/franciscanos.org.br\/noticias\/wp-content\/uploads\/2020\/05\/LEMBRANCA.jpg 600w, https:\/\/franciscanos.org.br\/noticias\/wp-content\/uploads\/2020\/05\/LEMBRANCA-319x450.jpg 319w, https:\/\/franciscanos.org.br\/noticias\/wp-content\/uploads\/2020\/05\/LEMBRANCA-150x212.jpg 150w\" sizes=\"(max-width: 455px) 100vw, 455px\" \/>A Prov\u00edncia Franciscana da Imaculada Concei\u00e7\u00e3o do Brasil vem, por meio desta, solidarizar-se com a Fraternidade S\u00e3o Francisco de Assis na Provid\u00eancia de Deus e familiares por ocasi\u00e3o do passamento de Frei Bruno (Paulo Fernando de Campos Meneses), ocorrido no dia 09 de maio, em S\u00e3o Jos\u00e9 do Rio Preto, SP, em decorr\u00eancia da Covid 19. Frei Bruno soma-se ao triste n\u00famero de milhares de brasileiros cujas vidas v\u00eam sendo ceifadas por esta pandemia. Desejamos tamb\u00e9m partilhar com os confrades e familiares deste irm\u00e3o nossa esperan\u00e7a na vida eterna que nasce da experi\u00eancia de encontro com o Ressuscitado que orientou e dirigiu os passos de nosso Pai S\u00e3o Francisco de Assis.<br \/>\nEm tempos de tantos desafios, quando a doen\u00e7a e a morte parecem ter a \u00faltima palavra, a vida de Frei Bruno, que agora participa do descanso eterno junto a Deus, sirva de est\u00edmulo para continuarmos nossa miss\u00e3o, testemunhando a op\u00e7\u00e3o pelo amor e pela solidariedade como for\u00e7a para vencermos o \u00f3dio, a exclus\u00e3o e a morte.<\/p>\n<p>Como gesto de solidariedade e comunh\u00e3o, vamos incluir a mem\u00f3ria de Frei Bruno em nossa Celebra\u00e7\u00e3o do Abra\u00e7o e da Esperan\u00e7a, nesta segunda-feira, dia 11, \u00e0s 19h, que ser\u00e1 transmitida online a partir do Convento do Sagrado Cora\u00e7\u00e3o de Jesus, em Petr\u00f3polis e que poder\u00e1 ser acompanhada pelo link\u00a0<a href=\"https:\/\/www.youtube.com\/watch?v=k7Rmvb7pNLE\" target=\"_blank\" rel=\"noopener noreferrer\" data-saferedirecturl=\"https:\/\/www.google.com\/url?q=https:\/\/www.youtube.com\/watch?v%3Dk7Rmvb7pNLE&amp;source=gmail&amp;ust=1589311519564000&amp;usg=AFQjCNFjGNkFgx8WqZO24nkGyb_dxypqJw\">https:\/\/www.youtube.com\/watch?<wbr \/>v=k7Rmvb7pNLE<\/a>\u00a0e para a qual todos est\u00e3o convidados.<\/p>\n<p>Com estima fraterna,<br \/>\n<strong>Frei C\u00e9sar K\u00fclkamp, OFM<\/strong><br \/>\nMinistro Provincial<\/p>\n","protected":false},"excerpt":{"rendered":"<p>Falecimento<\/p>\n","protected":false},"author":3,"featured_media":223529,"comment_status":"open","ping_status":"open","sticky":false,"template":"","format":"standard","meta":[],"categories":[1],"tags":[1160],"acf":[],"yoast_head":"<!-- This site is optimized with the Yoast SEO plugin v19.2 - https:\/\/yoast.com\/wordpress\/plugins\/seo\/ -->\n<title>Nota de solidariedade da Prov\u00edncia pelo falecimento de Frei Bruno - Not\u00edcias - Franciscanos<\/title>\n<meta name=\"robots\" content=\"index, follow, max-snippet:-1, max-image-preview:large, max-video-preview:-1\" \/>\n<link rel=\"canonical\" href=\"https:\/\/franciscanos.org.br\/noticias\/nota-de-solidariedade-da-provincia-pelo-falecimento-de-frei-bruno.html\" \/>\n<meta property=\"og:locale\" content=\"pt_BR\" \/>\n<meta property=\"og:type\" content=\"article\" \/>\n<meta property=\"og:title\" content=\"Nota de solidariedade da Prov\u00edncia pelo falecimento de Frei Bruno - Not\u00edcias - Franciscanos\" \/>\n<meta property=\"og:description\" content=\"Falecimento\" \/>\n<meta property=\"og:url\" content=\"https:\/\/franciscanos.org.br\/noticias\/nota-de-solidariedade-da-provincia-pelo-falecimento-de-frei-bruno.html\" \/>\n<meta property=\"og:site_name\" content=\"Not\u00edcias - Franciscanos\" \/>\n<meta property=\"article:published_time\" content=\"2020-05-11T19:27:10+00:00\" \/>\n<meta property=\"og:image\" content=\"https:\/\/franciscanos.org.br\/noticias\/wp-content\/uploads\/2020\/05\/bruno_1105d-1.jpg\" \/>\n\t<meta property=\"og:image:width\" content=\"800\" \/>\n\t<meta property=\"og:image:height\" content=\"600\" \/>\n\t<meta property=\"og:image:type\" content=\"image\/jpeg\" \/>\n<meta name=\"author\" content=\"moacir\" \/>\n<meta name=\"twitter:card\" content=\"summary_large_image\" \/>\n<meta name=\"twitter:label1\" content=\"Escrito por\" \/>\n\t<meta name=\"twitter:data1\" content=\"moacir\" \/>\n\t<meta name=\"twitter:label2\" content=\"Est. tempo de leitura\" \/>\n\t<meta name=\"twitter:data2\" content=\"1 minuto\" \/>\n<script type=\"application\/ld+json\" class=\"yoast-schema-graph\">{\"@context\":\"https:\/\/schema.org\",\"@graph\":[{\"@type\":\"WebSite\",\"@id\":\"https:\/\/franciscanos.org.br\/noticias\/#website\",\"url\":\"https:\/\/franciscanos.org.br\/noticias\/\",\"name\":\"Not\u00edcias - Franciscanos\",\"description\":\"Prov\u00edncia Franciscana da Imaculada Concei\u00e7\u00e3o do Brasil - Ordem dos Frades Menores - OFM\",\"potentialAction\":[{\"@type\":\"SearchAction\",\"target\":{\"@type\":\"EntryPoint\",\"urlTemplate\":\"https:\/\/franciscanos.org.br\/noticias\/?s={search_term_string}\"},\"query-input\":\"required name=search_term_string\"}],\"inLanguage\":\"pt-BR\"},{\"@type\":\"ImageObject\",\"inLanguage\":\"pt-BR\",\"@id\":\"https:\/\/franciscanos.org.br\/noticias\/nota-de-solidariedade-da-provincia-pelo-falecimento-de-frei-bruno.html#primaryimage\",\"url\":\"https:\/\/franciscanos.org.br\/noticias\/wp-content\/uploads\/2020\/05\/bruno_1105d-1.jpg\",\"contentUrl\":\"https:\/\/franciscanos.org.br\/noticias\/wp-content\/uploads\/2020\/05\/bruno_1105d-1.jpg\",\"width\":800,\"height\":600},{\"@type\":\"WebPage\",\"@id\":\"https:\/\/franciscanos.org.br\/noticias\/nota-de-solidariedade-da-provincia-pelo-falecimento-de-frei-bruno.html#webpage\",\"url\":\"https:\/\/franciscanos.org.br\/noticias\/nota-de-solidariedade-da-provincia-pelo-falecimento-de-frei-bruno.html\",\"name\":\"Nota de solidariedade da Prov\u00edncia pelo falecimento de Frei Bruno - Not\u00edcias - Franciscanos\",\"isPartOf\":{\"@id\":\"https:\/\/franciscanos.org.br\/noticias\/#website\"},\"primaryImageOfPage\":{\"@id\":\"https:\/\/franciscanos.org.br\/noticias\/nota-de-solidariedade-da-provincia-pelo-falecimento-de-frei-bruno.html#primaryimage\"},\"datePublished\":\"2020-05-11T19:27:10+00:00\",\"dateModified\":\"2020-05-11T19:27:10+00:00\",\"author\":{\"@id\":\"https:\/\/franciscanos.org.br\/noticias\/#\/schema\/person\/b5c8cba458c330ccff548b056e95a5d4\"},\"breadcrumb\":{\"@id\":\"https:\/\/franciscanos.org.br\/noticias\/nota-de-solidariedade-da-provincia-pelo-falecimento-de-frei-bruno.html#breadcrumb\"},\"inLanguage\":\"pt-BR\",\"potentialAction\":[{\"@type\":\"ReadAction\",\"target\":[\"https:\/\/franciscanos.org.br\/noticias\/nota-de-solidariedade-da-provincia-pelo-falecimento-de-frei-bruno.html\"]}]},{\"@type\":\"BreadcrumbList\",\"@id\":\"https:\/\/franciscanos.org.br\/noticias\/nota-de-solidariedade-da-provincia-pelo-falecimento-de-frei-bruno.html#breadcrumb\",\"itemListElement\":[{\"@type\":\"ListItem\",\"position\":1,\"name\":\"Home\",\"item\":\"https:\/\/franciscanos.org.br\/noticias\"},{\"@type\":\"ListItem\",\"position\":2,\"name\":\"Nota de solidariedade da Prov\u00edncia pelo falecimento de Frei Bruno\"}]},{\"@type\":\"Person\",\"@id\":\"https:\/\/franciscanos.org.br\/noticias\/#\/schema\/person\/b5c8cba458c330ccff548b056e95a5d4\",\"name\":\"moacir\",\"image\":{\"@type\":\"ImageObject\",\"inLanguage\":\"pt-BR\",\"@id\":\"https:\/\/franciscanos.org.br\/noticias\/#\/schema\/person\/image\/\",\"url\":\"https:\/\/secure.gravatar.com\/avatar\/d08aa2ce4c8dd416d4479aa8536fcf64?s=96&d=mm&r=g\",\"contentUrl\":\"https:\/\/secure.gravatar.com\/avatar\/d08aa2ce4c8dd416d4479aa8536fcf64?s=96&d=mm&r=g\",\"caption\":\"moacir\"},\"url\":\"https:\/\/franciscanos.org.br\/noticias\/author\/moacir\"}]}<\/script>\n<!-- \/ Yoast SEO plugin. -->","yoast_head_json":{"title":"Nota de solidariedade da Prov\u00edncia pelo falecimento de Frei Bruno - Not\u00edcias - Franciscanos","robots":{"index":"index","follow":"follow","max-snippet":"max-snippet:-1","max-image-preview":"max-image-preview:large","max-video-preview":"max-video-preview:-1"},"canonical":"https:\/\/franciscanos.org.br\/noticias\/nota-de-solidariedade-da-provincia-pelo-falecimento-de-frei-bruno.html","og_locale":"pt_BR","og_type":"article","og_title":"Nota de solidariedade da Prov\u00edncia pelo falecimento de Frei Bruno - Not\u00edcias - Franciscanos","og_description":"Falecimento","og_url":"https:\/\/franciscanos.org.br\/noticias\/nota-de-solidariedade-da-provincia-pelo-falecimento-de-frei-bruno.html","og_site_name":"Not\u00edcias - Franciscanos","article_published_time":"2020-05-11T19:27:10+00:00","og_image":[{"width":800,"height":600,"url":"https:\/\/franciscanos.org.br\/noticias\/wp-content\/uploads\/2020\/05\/bruno_1105d-1.jpg","type":"image\/jpeg"}],"author":"moacir","twitter_card":"summary_large_image","twitter_misc":{"Escrito por":"moacir","Est. tempo de leitura":"1 minuto"},"schema":{"@context":"https:\/\/schema.org","@graph":[{"@type":"WebSite","@id":"https:\/\/franciscanos.org.br\/noticias\/#website","url":"https:\/\/franciscanos.org.br\/noticias\/","name":"Not\u00edcias - Franciscanos","description":"Prov\u00edncia Franciscana da Imaculada Concei\u00e7\u00e3o do Brasil - Ordem dos Frades Menores - OFM","potentialAction":[{"@type":"SearchAction","target":{"@type":"EntryPoint","urlTemplate":"https:\/\/franciscanos.org.br\/noticias\/?s={search_term_string}"},"query-input":"required name=search_term_string"}],"inLanguage":"pt-BR"},{"@type":"ImageObject","inLanguage":"pt-BR","@id":"https:\/\/franciscanos.org.br\/noticias\/nota-de-solidariedade-da-provincia-pelo-falecimento-de-frei-bruno.html#primaryimage","url":"https:\/\/franciscanos.org.br\/noticias\/wp-content\/uploads\/2020\/05\/bruno_1105d-1.jpg","contentUrl":"https:\/\/franciscanos.org.br\/noticias\/wp-content\/uploads\/2020\/05\/bruno_1105d-1.jpg","width":800,"height":600},{"@type":"WebPage","@id":"https:\/\/franciscanos.org.br\/noticias\/nota-de-solidariedade-da-provincia-pelo-falecimento-de-frei-bruno.html#webpage","url":"https:\/\/franciscanos.org.br\/noticias\/nota-de-solidariedade-da-provincia-pelo-falecimento-de-frei-bruno.html","name":"Nota de solidariedade da Prov\u00edncia pelo falecimento de Frei Bruno - Not\u00edcias - Franciscanos","isPartOf":{"@id":"https:\/\/franciscanos.org.br\/noticias\/#website"},"primaryImageOfPage":{"@id":"https:\/\/franciscanos.org.br\/noticias\/nota-de-solidariedade-da-provincia-pelo-falecimento-de-frei-bruno.html#primaryimage"},"datePublished":"2020-05-11T19:27:10+00:00","dateModified":"2020-05-11T19:27:10+00:00","author":{"@id":"https:\/\/franciscanos.org.br\/noticias\/#\/schema\/person\/b5c8cba458c330ccff548b056e95a5d4"},"breadcrumb":{"@id":"https:\/\/franciscanos.org.br\/noticias\/nota-de-solidariedade-da-provincia-pelo-falecimento-de-frei-bruno.html#breadcrumb"},"inLanguage":"pt-BR","potentialAction":[{"@type":"ReadAction","target":["https:\/\/franciscanos.org.br\/noticias\/nota-de-solidariedade-da-provincia-pelo-falecimento-de-frei-bruno.html"]}]},{"@type":"BreadcrumbList","@id":"https:\/\/franciscanos.org.br\/noticias\/nota-de-solidariedade-da-provincia-pelo-falecimento-de-frei-bruno.html#breadcrumb","itemListElement":[{"@type":"ListItem","position":1,"name":"Home","item":"https:\/\/franciscanos.org.br\/noticias"},{"@type":"ListItem","position":2,"name":"Nota de solidariedade da Prov\u00edncia pelo falecimento de Frei Bruno"}]},{"@type":"Person","@id":"https:\/\/franciscanos.org.br\/noticias\/#\/schema\/person\/b5c8cba458c330ccff548b056e95a5d4","name":"moacir","image":{"@type":"ImageObject","inLanguage":"pt-BR","@id":"https:\/\/franciscanos.org.br\/noticias\/#\/schema\/person\/image\/","url":"https:\/\/secure.gravatar.com\/avatar\/d08aa2ce4c8dd416d4479aa8536fcf64?s=96&d=mm&r=g","contentUrl":"https:\/\/secure.gravatar.com\/avatar\/d08aa2ce4c8dd416d4479aa8536fcf64?s=96&d=mm&r=g","caption":"moacir"},"url":"https:\/\/franciscanos.org.br\/noticias\/author\/moacir"}]}},"_links":{"self":[{"href":"https:\/\/franciscanos.org.br\/noticias\/wp-json\/wp\/v2\/posts\/223528"}],"collection":[{"href":"https:\/\/franciscanos.org.br\/noticias\/wp-json\/wp\/v2\/posts"}],"about":[{"href":"https:\/\/franciscanos.org.br\/noticias\/wp-json\/wp\/v2\/types\/post"}],"author":[{"embeddable":true,"href":"https:\/\/franciscanos.org.br\/noticias\/wp-json\/wp\/v2\/users\/3"}],"replies":[{"embeddable":true,"href":"https:\/\/franciscanos.org.br\/noticias\/wp-json\/wp\/v2\/comments?post=223528"}],"version-history":[{"count":1,"href":"https:\/\/franciscanos.org.br\/noticias\/wp-json\/wp\/v2\/posts\/223528\/revisions"}],"predecessor-version":[{"id":223530,"href":"https:\/\/franciscanos.org.br\/noticias\/wp-json\/wp\/v2\/posts\/223528\/revisions\/223530"}],"wp:featuredmedia":[{"embeddable":true,"href":"https:\/\/franciscanos.org.br\/noticias\/wp-json\/wp\/v2\/media\/223529"}],"wp:attachment":[{"href":"https:\/\/franciscanos.org.br\/noticias\/wp-json\/wp\/v2\/media?parent=223528"}],"wp:term":[{"taxonomy":"category","embeddable":true,"href":"https:\/\/franciscanos.org.br\/noticias\/wp-json\/wp\/v2\/categories?post=223528"},{"taxonomy":"post_tag","embeddable":true,"href":"https:\/\/franciscanos.org.br\/noticias\/wp-json\/wp\/v2\/tags?post=223528"}],"curies":[{"name":"wp","href":"https:\/\/api.w.org\/{rel}","templated":true}]}}