{"id":223507,"date":"2020-05-11T07:44:35","date_gmt":"2020-05-11T10:44:35","guid":{"rendered":"https:\/\/franciscanos.org.br\/noticias\/?p=223507"},"modified":"2020-05-11T16:30:17","modified_gmt":"2020-05-11T19:30:17","slug":"pandemia-faz-primeira-morte-de-religioso-franciscano-em-sao-jose-do-rio-preto","status":"publish","type":"post","link":"https:\/\/franciscanos.org.br\/noticias\/pandemia-faz-primeira-morte-de-religioso-franciscano-em-sao-jose-do-rio-preto.html","title":{"rendered":"Religioso franciscano \u00e9 v\u00edtima da covid-19 em S\u00e3o Jos\u00e9 do Rio Preto"},"content":{"rendered":"<p><img loading=\"lazy\" class=\"alignnone size-full wp-image-223508\" src=\"https:\/\/franciscanos.org.br\/noticias\/wp-content\/uploads\/2020\/05\/bruno_1105.jpg\" alt=\"\" width=\"1279\" height=\"720\" srcset=\"https:\/\/franciscanos.org.br\/noticias\/wp-content\/uploads\/2020\/05\/bruno_1105.jpg 1279w, https:\/\/franciscanos.org.br\/noticias\/wp-content\/uploads\/2020\/05\/bruno_1105-450x253.jpg 450w, https:\/\/franciscanos.org.br\/noticias\/wp-content\/uploads\/2020\/05\/bruno_1105-1024x576.jpg 1024w, https:\/\/franciscanos.org.br\/noticias\/wp-content\/uploads\/2020\/05\/bruno_1105-768x432.jpg 768w, https:\/\/franciscanos.org.br\/noticias\/wp-content\/uploads\/2020\/05\/bruno_1105-150x84.jpg 150w\" sizes=\"(max-width: 1279px) 100vw, 1279px\" \/><\/p>\n<p>A Diocese de S\u00e3o Jos\u00e9 do Rio Preto (SP) divulgou ontem, domingo (10\/5), a morte do religioso franciscano Frei Bruno da Associa\u00e7\u00e3o Lar S\u00e3o Francisco de Assis na Provid\u00eancia de Deus, entidade religiosa com sede em Jaci (SP). Bruno \u00e9 o nome religioso que Paulo Fernando de Campos Meneses recebeu na Fraternidade em 2018.<\/p>\n<p>&#8220;A Diocese de S\u00e3o Jos\u00e9 do Rio Preto, com pesar e esperan\u00e7a, associada \u00e0 Associa\u00e7\u00e3o S\u00e3o Francisco de Assis na Provid\u00eancia de Deus, em Jaci, comunica o falecimento do novi\u00e7o Bruno, na noite de hoje 09\/05, v\u00edtima da covid-19. Rezemos pelo seu descanso eterno, pela sua fam\u00edlia e pelos membros da Fraternidade, atrav\u00e9s do Frei Francisco&#8221;, explicou em nota Dom Tom\u00e9 Ferreira da Silva, bispo da Diocese de Rio Preto.<\/p>\n<p>Frei Bruno foi diagnosticado com o novo coronav\u00edrus em 23 de abril. No dia 27 ele foi transferido para o Hospital de Base, mas o estado de sa\u00fade piorou e ele precisou ir para a UTI, onde morreu neste s\u00e1bado (9). Frei Bruno foi sepultado neste domingo.<\/p>\n<p><img loading=\"lazy\" class=\"alignright wp-image-223520\" src=\"https:\/\/franciscanos.org.br\/noticias\/wp-content\/uploads\/2020\/05\/LEMBRANCA.jpg\" alt=\"\" width=\"478\" height=\"674\" srcset=\"https:\/\/franciscanos.org.br\/noticias\/wp-content\/uploads\/2020\/05\/LEMBRANCA.jpg 600w, https:\/\/franciscanos.org.br\/noticias\/wp-content\/uploads\/2020\/05\/LEMBRANCA-319x450.jpg 319w, https:\/\/franciscanos.org.br\/noticias\/wp-content\/uploads\/2020\/05\/LEMBRANCA-150x212.jpg 150w\" sizes=\"(max-width: 478px) 100vw, 478px\" \/>&#8220;A Fraternidade lamenta o falecimento de um irm\u00e3o. O nosso trabalho \u00e9 sempre estar a servi\u00e7o da vida. A Fraternidade segue o seu enfrentamento nesse momento de pandemia, acolhendo e cuidando dos mais necessitados&#8221;, disse em nota a Associa\u00e7\u00e3o Lar S\u00e3o Francisco de Assis.<\/p>\n<p><a href=\"https:\/\/franciscanos.org.br\/noticias\/nota-de-solidariedade-da-provincia-pelo-falecimento-de-frei-bruno.html\"><strong>VEJA A NOTA DE SOLIDARIEDADE DESTA PROV\u00cdNCIA<\/strong><\/a><\/p>\n<p>A Associa\u00e7\u00e3o e Fraternidade S\u00e3o Francisco de Assis na Provid\u00eancia de Deus \u00e9 uma entidade filantr\u00f3pica crist\u00e3 sem fins lucrativos dedicada a acolher, cuidar e servir \u00e0queles que mais necessitam. Sua sede \u00e9 localizada em Jaci, SP. Por\u00e9m, sua atua\u00e7\u00e3o se estende pelos Estados de Goi\u00e1s, Paran\u00e1, Cear\u00e1, Par\u00e1, Rio de Janeiro e S\u00e3o Paulo.<\/p>\n<p>A Associa\u00e7\u00e3o Lar S\u00e3o Francisco de Assis na Provid\u00eancia de Deus tem sede em Jaci (SP), mas est\u00e1 presente tamb\u00e9m em Goi\u00e1s, Paran\u00e1, Cear\u00e1, Par\u00e1, Rio de Janeiro e S\u00e3o Paulo. O trabalho da Associa\u00e7\u00e3o engloba a gest\u00e3o hospitais gerais e espec\u00edficos (para portadores de multidefici\u00eancias e idosos em fase terminal); servi\u00e7os de sa\u00fade como Ambulat\u00f3rios M\u00e9dicos de Especialidades, Pronto Socorro, Farm\u00e1cia de Alto Custo, entre outros; albergue, casa abrigo para doentes em tratamento de sa\u00fade, restaurante popular; comunidades terap\u00eauticas de recupera\u00e7\u00e3o; ambulat\u00f3rio para diagn\u00f3stico e tratamento de \u00e1lcool e drogas e projetos educacionais \u2018Semeando o Futuro\u2019, que tem como objetivo prevenir o uso de drogas pelas crian\u00e7as e adolescentes. Al\u00e9m disso, mant\u00e9m uma miss\u00e3o em Porto Pr\u00edncipe, Haiti, que desenvolve atendimentos de sa\u00fade, educa\u00e7\u00e3o e nutri\u00e7\u00e3o.<\/p>\n<p>A Associa\u00e7\u00e3o administra dois hospitais desta Prov\u00edncia Franciscana da Imaculada Concei\u00e7\u00e3o: Hospital da Universidade S\u00e3o Francisco de Assis (HUSF), em Bragan\u00e7a Paulista, e o Hospital da Vener\u00e1vel Ordem Terceira, no Rio de Janeiro.<\/p>\n<p>Fundada por Frei Francisco \u2013 Padre N\u00e9lio Joel Angeli Belotti, a primeira obra da entidade foi a comunidade terap\u00eautica para dependentes qu\u00edmicos Lar S\u00e3o Francisco de Assis na Provid\u00eancia de Deus, inaugurada no dia 4 de outubro de 1985, em Jaci, SP. O atendimento come\u00e7ou com apenas sete pacientes e uma equipe formada por volunt\u00e1rios. Em 30 anos, mais de 40 mil dependentes qu\u00edmicos foram atendidos nos ambulat\u00f3rios espalhados pelo Estado de S\u00e3o Paulo. A maioria deles conseguiu se libertar do v\u00edcio e se recolocar no conv\u00edvio social.<\/p>\n","protected":false},"excerpt":{"rendered":"<p>Associa\u00e7\u00e3o Lar S\u00e3o Francisco de Assis na Provid\u00eancia de Deus<\/p>\n","protected":false},"author":3,"featured_media":223509,"comment_status":"open","ping_status":"open","sticky":false,"template":"","format":"standard","meta":[],"categories":[1],"tags":[1621],"acf":[],"yoast_head":"<!-- This site is optimized with the Yoast SEO plugin v19.2 - https:\/\/yoast.com\/wordpress\/plugins\/seo\/ -->\n<title>Religioso franciscano \u00e9 v\u00edtima da covid-19 em S\u00e3o Jos\u00e9 do Rio Preto - Not\u00edcias - Franciscanos<\/title>\n<meta name=\"robots\" content=\"index, follow, max-snippet:-1, max-image-preview:large, max-video-preview:-1\" \/>\n<link rel=\"canonical\" href=\"https:\/\/franciscanos.org.br\/noticias\/pandemia-faz-primeira-morte-de-religioso-franciscano-em-sao-jose-do-rio-preto.html\" \/>\n<meta property=\"og:locale\" content=\"pt_BR\" \/>\n<meta property=\"og:type\" content=\"article\" \/>\n<meta property=\"og:title\" content=\"Religioso franciscano \u00e9 v\u00edtima da covid-19 em S\u00e3o Jos\u00e9 do Rio Preto - Not\u00edcias - Franciscanos\" \/>\n<meta property=\"og:description\" content=\"Associa\u00e7\u00e3o Lar S\u00e3o Francisco de Assis na Provid\u00eancia de Deus\" \/>\n<meta property=\"og:url\" content=\"https:\/\/franciscanos.org.br\/noticias\/pandemia-faz-primeira-morte-de-religioso-franciscano-em-sao-jose-do-rio-preto.html\" \/>\n<meta property=\"og:site_name\" content=\"Not\u00edcias - Franciscanos\" \/>\n<meta property=\"article:published_time\" content=\"2020-05-11T10:44:35+00:00\" \/>\n<meta property=\"article:modified_time\" content=\"2020-05-11T19:30:17+00:00\" \/>\n<meta property=\"og:image\" content=\"https:\/\/franciscanos.org.br\/noticias\/wp-content\/uploads\/2020\/05\/bruno_1105d.jpg\" \/>\n\t<meta property=\"og:image:width\" content=\"800\" \/>\n\t<meta property=\"og:image:height\" content=\"600\" \/>\n\t<meta property=\"og:image:type\" content=\"image\/jpeg\" \/>\n<meta name=\"author\" content=\"moacir\" \/>\n<meta name=\"twitter:card\" content=\"summary_large_image\" \/>\n<meta name=\"twitter:label1\" content=\"Escrito por\" \/>\n\t<meta name=\"twitter:data1\" content=\"moacir\" \/>\n\t<meta name=\"twitter:label2\" content=\"Est. tempo de leitura\" \/>\n\t<meta name=\"twitter:data2\" content=\"3 minutos\" \/>\n<script type=\"application\/ld+json\" class=\"yoast-schema-graph\">{\"@context\":\"https:\/\/schema.org\",\"@graph\":[{\"@type\":\"WebSite\",\"@id\":\"https:\/\/franciscanos.org.br\/noticias\/#website\",\"url\":\"https:\/\/franciscanos.org.br\/noticias\/\",\"name\":\"Not\u00edcias - Franciscanos\",\"description\":\"Prov\u00edncia Franciscana da Imaculada Concei\u00e7\u00e3o do Brasil - Ordem dos Frades Menores - OFM\",\"potentialAction\":[{\"@type\":\"SearchAction\",\"target\":{\"@type\":\"EntryPoint\",\"urlTemplate\":\"https:\/\/franciscanos.org.br\/noticias\/?s={search_term_string}\"},\"query-input\":\"required name=search_term_string\"}],\"inLanguage\":\"pt-BR\"},{\"@type\":\"ImageObject\",\"inLanguage\":\"pt-BR\",\"@id\":\"https:\/\/franciscanos.org.br\/noticias\/pandemia-faz-primeira-morte-de-religioso-franciscano-em-sao-jose-do-rio-preto.html#primaryimage\",\"url\":\"https:\/\/franciscanos.org.br\/noticias\/wp-content\/uploads\/2020\/05\/bruno_1105d.jpg\",\"contentUrl\":\"https:\/\/franciscanos.org.br\/noticias\/wp-content\/uploads\/2020\/05\/bruno_1105d.jpg\",\"width\":800,\"height\":600},{\"@type\":\"WebPage\",\"@id\":\"https:\/\/franciscanos.org.br\/noticias\/pandemia-faz-primeira-morte-de-religioso-franciscano-em-sao-jose-do-rio-preto.html#webpage\",\"url\":\"https:\/\/franciscanos.org.br\/noticias\/pandemia-faz-primeira-morte-de-religioso-franciscano-em-sao-jose-do-rio-preto.html\",\"name\":\"Religioso franciscano \u00e9 v\u00edtima da covid-19 em S\u00e3o Jos\u00e9 do Rio Preto - Not\u00edcias - Franciscanos\",\"isPartOf\":{\"@id\":\"https:\/\/franciscanos.org.br\/noticias\/#website\"},\"primaryImageOfPage\":{\"@id\":\"https:\/\/franciscanos.org.br\/noticias\/pandemia-faz-primeira-morte-de-religioso-franciscano-em-sao-jose-do-rio-preto.html#primaryimage\"},\"datePublished\":\"2020-05-11T10:44:35+00:00\",\"dateModified\":\"2020-05-11T19:30:17+00:00\",\"author\":{\"@id\":\"https:\/\/franciscanos.org.br\/noticias\/#\/schema\/person\/b5c8cba458c330ccff548b056e95a5d4\"},\"breadcrumb\":{\"@id\":\"https:\/\/franciscanos.org.br\/noticias\/pandemia-faz-primeira-morte-de-religioso-franciscano-em-sao-jose-do-rio-preto.html#breadcrumb\"},\"inLanguage\":\"pt-BR\",\"potentialAction\":[{\"@type\":\"ReadAction\",\"target\":[\"https:\/\/franciscanos.org.br\/noticias\/pandemia-faz-primeira-morte-de-religioso-franciscano-em-sao-jose-do-rio-preto.html\"]}]},{\"@type\":\"BreadcrumbList\",\"@id\":\"https:\/\/franciscanos.org.br\/noticias\/pandemia-faz-primeira-morte-de-religioso-franciscano-em-sao-jose-do-rio-preto.html#breadcrumb\",\"itemListElement\":[{\"@type\":\"ListItem\",\"position\":1,\"name\":\"Home\",\"item\":\"https:\/\/franciscanos.org.br\/noticias\"},{\"@type\":\"ListItem\",\"position\":2,\"name\":\"Religioso franciscano \u00e9 v\u00edtima da covid-19 em S\u00e3o Jos\u00e9 do Rio Preto\"}]},{\"@type\":\"Person\",\"@id\":\"https:\/\/franciscanos.org.br\/noticias\/#\/schema\/person\/b5c8cba458c330ccff548b056e95a5d4\",\"name\":\"moacir\",\"image\":{\"@type\":\"ImageObject\",\"inLanguage\":\"pt-BR\",\"@id\":\"https:\/\/franciscanos.org.br\/noticias\/#\/schema\/person\/image\/\",\"url\":\"https:\/\/secure.gravatar.com\/avatar\/d08aa2ce4c8dd416d4479aa8536fcf64?s=96&d=mm&r=g\",\"contentUrl\":\"https:\/\/secure.gravatar.com\/avatar\/d08aa2ce4c8dd416d4479aa8536fcf64?s=96&d=mm&r=g\",\"caption\":\"moacir\"},\"url\":\"https:\/\/franciscanos.org.br\/noticias\/author\/moacir\"}]}<\/script>\n<!-- \/ Yoast SEO plugin. -->","yoast_head_json":{"title":"Religioso franciscano \u00e9 v\u00edtima da covid-19 em S\u00e3o Jos\u00e9 do Rio Preto - Not\u00edcias - Franciscanos","robots":{"index":"index","follow":"follow","max-snippet":"max-snippet:-1","max-image-preview":"max-image-preview:large","max-video-preview":"max-video-preview:-1"},"canonical":"https:\/\/franciscanos.org.br\/noticias\/pandemia-faz-primeira-morte-de-religioso-franciscano-em-sao-jose-do-rio-preto.html","og_locale":"pt_BR","og_type":"article","og_title":"Religioso franciscano \u00e9 v\u00edtima da covid-19 em S\u00e3o Jos\u00e9 do Rio Preto - Not\u00edcias - Franciscanos","og_description":"Associa\u00e7\u00e3o Lar S\u00e3o Francisco de Assis na Provid\u00eancia de Deus","og_url":"https:\/\/franciscanos.org.br\/noticias\/pandemia-faz-primeira-morte-de-religioso-franciscano-em-sao-jose-do-rio-preto.html","og_site_name":"Not\u00edcias - Franciscanos","article_published_time":"2020-05-11T10:44:35+00:00","article_modified_time":"2020-05-11T19:30:17+00:00","og_image":[{"width":800,"height":600,"url":"https:\/\/franciscanos.org.br\/noticias\/wp-content\/uploads\/2020\/05\/bruno_1105d.jpg","type":"image\/jpeg"}],"author":"moacir","twitter_card":"summary_large_image","twitter_misc":{"Escrito por":"moacir","Est. tempo de leitura":"3 minutos"},"schema":{"@context":"https:\/\/schema.org","@graph":[{"@type":"WebSite","@id":"https:\/\/franciscanos.org.br\/noticias\/#website","url":"https:\/\/franciscanos.org.br\/noticias\/","name":"Not\u00edcias - Franciscanos","description":"Prov\u00edncia Franciscana da Imaculada Concei\u00e7\u00e3o do Brasil - Ordem dos Frades Menores - OFM","potentialAction":[{"@type":"SearchAction","target":{"@type":"EntryPoint","urlTemplate":"https:\/\/franciscanos.org.br\/noticias\/?s={search_term_string}"},"query-input":"required name=search_term_string"}],"inLanguage":"pt-BR"},{"@type":"ImageObject","inLanguage":"pt-BR","@id":"https:\/\/franciscanos.org.br\/noticias\/pandemia-faz-primeira-morte-de-religioso-franciscano-em-sao-jose-do-rio-preto.html#primaryimage","url":"https:\/\/franciscanos.org.br\/noticias\/wp-content\/uploads\/2020\/05\/bruno_1105d.jpg","contentUrl":"https:\/\/franciscanos.org.br\/noticias\/wp-content\/uploads\/2020\/05\/bruno_1105d.jpg","width":800,"height":600},{"@type":"WebPage","@id":"https:\/\/franciscanos.org.br\/noticias\/pandemia-faz-primeira-morte-de-religioso-franciscano-em-sao-jose-do-rio-preto.html#webpage","url":"https:\/\/franciscanos.org.br\/noticias\/pandemia-faz-primeira-morte-de-religioso-franciscano-em-sao-jose-do-rio-preto.html","name":"Religioso franciscano \u00e9 v\u00edtima da covid-19 em S\u00e3o Jos\u00e9 do Rio Preto - Not\u00edcias - Franciscanos","isPartOf":{"@id":"https:\/\/franciscanos.org.br\/noticias\/#website"},"primaryImageOfPage":{"@id":"https:\/\/franciscanos.org.br\/noticias\/pandemia-faz-primeira-morte-de-religioso-franciscano-em-sao-jose-do-rio-preto.html#primaryimage"},"datePublished":"2020-05-11T10:44:35+00:00","dateModified":"2020-05-11T19:30:17+00:00","author":{"@id":"https:\/\/franciscanos.org.br\/noticias\/#\/schema\/person\/b5c8cba458c330ccff548b056e95a5d4"},"breadcrumb":{"@id":"https:\/\/franciscanos.org.br\/noticias\/pandemia-faz-primeira-morte-de-religioso-franciscano-em-sao-jose-do-rio-preto.html#breadcrumb"},"inLanguage":"pt-BR","potentialAction":[{"@type":"ReadAction","target":["https:\/\/franciscanos.org.br\/noticias\/pandemia-faz-primeira-morte-de-religioso-franciscano-em-sao-jose-do-rio-preto.html"]}]},{"@type":"BreadcrumbList","@id":"https:\/\/franciscanos.org.br\/noticias\/pandemia-faz-primeira-morte-de-religioso-franciscano-em-sao-jose-do-rio-preto.html#breadcrumb","itemListElement":[{"@type":"ListItem","position":1,"name":"Home","item":"https:\/\/franciscanos.org.br\/noticias"},{"@type":"ListItem","position":2,"name":"Religioso franciscano \u00e9 v\u00edtima da covid-19 em S\u00e3o Jos\u00e9 do Rio Preto"}]},{"@type":"Person","@id":"https:\/\/franciscanos.org.br\/noticias\/#\/schema\/person\/b5c8cba458c330ccff548b056e95a5d4","name":"moacir","image":{"@type":"ImageObject","inLanguage":"pt-BR","@id":"https:\/\/franciscanos.org.br\/noticias\/#\/schema\/person\/image\/","url":"https:\/\/secure.gravatar.com\/avatar\/d08aa2ce4c8dd416d4479aa8536fcf64?s=96&d=mm&r=g","contentUrl":"https:\/\/secure.gravatar.com\/avatar\/d08aa2ce4c8dd416d4479aa8536fcf64?s=96&d=mm&r=g","caption":"moacir"},"url":"https:\/\/franciscanos.org.br\/noticias\/author\/moacir"}]}},"_links":{"self":[{"href":"https:\/\/franciscanos.org.br\/noticias\/wp-json\/wp\/v2\/posts\/223507"}],"collection":[{"href":"https:\/\/franciscanos.org.br\/noticias\/wp-json\/wp\/v2\/posts"}],"about":[{"href":"https:\/\/franciscanos.org.br\/noticias\/wp-json\/wp\/v2\/types\/post"}],"author":[{"embeddable":true,"href":"https:\/\/franciscanos.org.br\/noticias\/wp-json\/wp\/v2\/users\/3"}],"replies":[{"embeddable":true,"href":"https:\/\/franciscanos.org.br\/noticias\/wp-json\/wp\/v2\/comments?post=223507"}],"version-history":[{"count":8,"href":"https:\/\/franciscanos.org.br\/noticias\/wp-json\/wp\/v2\/posts\/223507\/revisions"}],"predecessor-version":[{"id":223531,"href":"https:\/\/franciscanos.org.br\/noticias\/wp-json\/wp\/v2\/posts\/223507\/revisions\/223531"}],"wp:featuredmedia":[{"embeddable":true,"href":"https:\/\/franciscanos.org.br\/noticias\/wp-json\/wp\/v2\/media\/223509"}],"wp:attachment":[{"href":"https:\/\/franciscanos.org.br\/noticias\/wp-json\/wp\/v2\/media?parent=223507"}],"wp:term":[{"taxonomy":"category","embeddable":true,"href":"https:\/\/franciscanos.org.br\/noticias\/wp-json\/wp\/v2\/categories?post=223507"},{"taxonomy":"post_tag","embeddable":true,"href":"https:\/\/franciscanos.org.br\/noticias\/wp-json\/wp\/v2\/tags?post=223507"}],"curies":[{"name":"wp","href":"https:\/\/api.w.org\/{rel}","templated":true}]}}