{"id":223503,"date":"2020-05-11T06:59:32","date_gmt":"2020-05-11T09:59:32","guid":{"rendered":"https:\/\/franciscanos.org.br\/noticias\/?p=223503"},"modified":"2020-06-05T11:50:18","modified_gmt":"2020-06-05T14:50:18","slug":"o-papa-reza-pelos-desempregados-o-espirito-faz-a-compreensao-da-fe-crescer","status":"publish","type":"post","link":"https:\/\/franciscanos.org.br\/noticias\/o-papa-reza-pelos-desempregados-o-espirito-faz-a-compreensao-da-fe-crescer.html","title":{"rendered":"O Papa reza pelos desempregados. O Esp\u00edrito faz a compreens\u00e3o da f\u00e9 crescer."},"content":{"rendered":"<p><img loading=\"lazy\" class=\"alignnone size-full wp-image-223504\" src=\"https:\/\/franciscanos.org.br\/noticias\/wp-content\/uploads\/2020\/05\/marta_1105.jpg\" alt=\"\" width=\"1280\" height=\"729\" srcset=\"https:\/\/franciscanos.org.br\/noticias\/wp-content\/uploads\/2020\/05\/marta_1105.jpg 1280w, https:\/\/franciscanos.org.br\/noticias\/wp-content\/uploads\/2020\/05\/marta_1105-450x256.jpg 450w, https:\/\/franciscanos.org.br\/noticias\/wp-content\/uploads\/2020\/05\/marta_1105-1024x583.jpg 1024w, https:\/\/franciscanos.org.br\/noticias\/wp-content\/uploads\/2020\/05\/marta_1105-768x437.jpg 768w, https:\/\/franciscanos.org.br\/noticias\/wp-content\/uploads\/2020\/05\/marta_1105-150x85.jpg 150w\" sizes=\"(max-width: 1280px) 100vw, 1280px\" \/><\/p>\n<p><strong>Cidade do Vaticano<\/strong> &#8211; O Papa Francisco presidiu a Missa na Casa Santa Marta na manh\u00e3 desta segunda-feira (11\/05) da V Semana da P\u00e1scoa. Na introdu\u00e7\u00e3o, recordou o 75\u00ba anivers\u00e1rio da descoberta do corpo de S\u00e3o Tim\u00f3teo, encontrado na cripta da Catedral de Termoli \u2013 regi\u00e3o italiana de Molise \u2013 durante os trabalhos de restaura\u00e7\u00e3o em 1945, e dirigiu seu pensamento aos desempregados:<\/p>\n<p>Unamo-nos aos fi\u00e9is de Termoli na festa da descoberta do corpo de S\u00e3o Tim\u00f3teo hoje. Nestes dias, muitas pessoas perderam o emprego, n\u00e3o foram readmitidas, trabalhavam sem contrato. Rezemos por estes nossos irm\u00e3os e irm\u00e3s que sofrem com a falta de trabalho.<\/p>\n<p>Na homilia, o Papa comentou o Evangelho do dia (Jo 14,21-26) em que Jesus diz a seus disc\u00edpulos: \u201cSe algu\u00e9m me ama, guardar\u00e1 a minha palavra, e o meu Pai o amar\u00e1, e n\u00f3s viremos e faremos nele a nossa morada. Quem n\u00e3o me ama n\u00e3o guarda a minha palavra. E a palavra que escutais n\u00e3o \u00e9 minha, mas do Pai que me enviou. Isso \u00e9 o que vos disse enquanto estava convosco. Mas o defensor, o Esp\u00edrito Santo, que o Pai enviar\u00e1 em meu nome, ele vos ensinar\u00e1 tudo e vos recordar\u00e1 tudo o que eu vos tenho dito\u201d.<\/p>\n<p>\u201c\u00c9 a promessa do Esp\u00edrito Santo \u2013 disse o Papa \u2013, o Esp\u00edrito Santo que habita conosco e que o Pai e o Filho enviam\u201d para \u201cacompanhar-nos na vida\u201d. \u00c9 chamado Par\u00e1clito, isto \u00e9, Aquele que \u201csustenta, que acompanha para n\u00e3o cair, que lhe mant\u00e9m firme, que \u00e9 pr\u00f3ximo de voc\u00ea para sustent\u00e1-lo. E o Senhor nos prometeu esse sustento, que \u00e9 Deus como Ele: \u00e9 o Esp\u00edrito Santo. O que o Esp\u00edrito Santo faz em n\u00f3s? O Senhor o diz: \u201cEle vos ensinar\u00e1 tudo e vos recordar\u00e1 tudo o que eu vos tenho dito\u201d. Ensinar e recordar. Esse \u00e9 o of\u00edcio do Esp\u00edrito Santo. Ensina-nos: nos ensina o mist\u00e9rio da f\u00e9, nos ensina a entrar no mist\u00e9rio, a entender um pouco mais o mist\u00e9rio, nos ensina a doutrina de Jesus e nos ensina como desenvolver a nossa f\u00e9 sem errar, porque a doutrina cresce, mas sempre na mesma dire\u00e7\u00e3o: cresce na compreens\u00e3o. E o Esp\u00edrito nos ajuda a crescer na compreens\u00e3o da f\u00e9, compreend\u00ea-la mais e compreender isso que a f\u00e9 diz. A f\u00e9 n\u00e3o \u00e9 uma coisa est\u00e1tica; a doutrina n\u00e3o \u00e9 uma coisa est\u00e1tica: cresce sempre, mas cresce \u201cna mesa dire\u00e7\u00e3o. E o Esp\u00edrito Santo evita que a doutrina erre, evita que permane\u00e7a parada ali, sem crescer em n\u00f3s. Ensinar-nos-\u00e1 as coisas que Jesus nos ensinou, desenvolver\u00e1 em n\u00f3s a compreens\u00e3o daquilo que Jesus nos ensinou, far\u00e1 crescer em n\u00f3s, at\u00e9 alcan\u00e7ar a maturidade, a doutrina do Senhor\u201d.<\/p>\n<p>E outra coisa que o Esp\u00edrito Santo faz \u00e9 recordar: \u201cRecordar\u00e1 tudo o que eu vos tenho dito\u201d. \u201cO Esp\u00edrito Santo \u00e9 como a mem\u00f3ria, nos desperta\u201d, nos mant\u00e9m sempre despertos \u201cnas coisas do Senhor\u201d e nos faz tamb\u00e9m recordar a nossa vida, quando encontramos o Senhor ou quando o deixamos.<\/p>\n<p>O Papa recordou uma pessoa que rezava diante do Senhor do assim: \u201cSenhor, eu sou o mesmo que quando crian\u00e7a, quando garoto, tinha esses sonhos. Depois, trilhei por caminhos errados. Agora me chamastes\u201d. Essa \u2013 disse \u2013 \u201c\u00e9 a mem\u00f3ria do Esp\u00edrito Santo na pr\u00f3pria vida. Leva-o \u00e0 mem\u00f3ria da salva\u00e7\u00e3o, \u00e0 mem\u00f3ria daquilo que Jesus ensinou, mas tamb\u00e9m \u00e0 mem\u00f3ria da pr\u00f3pria vida\u201d. Este \u2013 prosseguiu \u2013 \u00e9 um modo bonito de rezar ao Senhor: \u201cSou o mesmo. Caminhei muito, errei bastante, mas sou o mesmo e v\u00f3s me amais\u201d. \u00c9 \u201ca mem\u00f3ria do caminho da vida\u201d.<\/p>\n<p>\u201cE nessa mem\u00f3ria, o Esp\u00edrito Santo nos guia; nos guia para discernir, para discernir o que devo fazer agora, qual \u00e9 o caminho certo e qual \u00e9 o errado, mesmo nas pequenas decis\u00f5es. Se n\u00f3s pedirmos a luz ao Esp\u00edrito Santo, Ele nos ajudar\u00e1 a discernir para tomar as decis\u00f5es acertadas, as pequenas de todos os dias e as maiores.\u201d O Esp\u00edrito Santo nos acompanha, nos sustenta no discernimento\u201d, \u201cnos ensinar\u00e1 todas as coisas, isto \u00e9, faz a f\u00e9 crescer, nos introduz no mist\u00e9rio, o Esp\u00edrito que nos recorda: nos recorda a f\u00e9, nos recorda a pr\u00f3pria vida e o Esp\u00edrito que neste ensinamento, nesta recorda\u00e7\u00e3o, nos ensina a discernir as decis\u00f5es que devemos tomar\u201d. E os Evangelho d\u00e3o um nome ao Esp\u00edrito Santo, al\u00e9m de Par\u00e1clito, porque nos sustenta, \u201coutro nome mais bonito: \u00e9 o Dom de Deus. O Esp\u00edrito \u00e9 o Dom de Deus. O Esp\u00edrito \u00e9 propriamente o Dom: \u2018N\u00e3o vos deixareis sozinhos, vos enviarei um Par\u00e1clito que vos sustentar\u00e1\u2019 e nos ajudar\u00e1 a seguir adiante, a recordar, a discernir e a crescer. O Dom de Deus \u00e9 o Esp\u00edrito Santo\u201d.<\/p>\n<p>\u201cQue o Senhor \u2013 foi a ora\u00e7\u00e3o conclusiva do Santo Padre \u2013 nos ajude a custodiar esse Dom que Ele nos deu no Batismo e que todos temos dentro de n\u00f3s.\u201d<\/p>\n<p><em>A seguir, o texto da homilia transcrita pelo Vatican News:<\/em><\/p>\n<p>A passagem do Evangelho de hoje \u00e9 a despedida de Jesus na Ceia (conf. Jo 14,21-26). O Senhor conclui com estes vers\u00edculos: \u201cIsso \u00e9 o que vos disse enquanto estava convosco. Mas o defensor, o Esp\u00edrito Santo, que o Pai enviar\u00e1 em meu nome, ele vos ensinar\u00e1 tudo e vos recordar\u00e1 tudo o que eu vos tenho dito\u201d (vers. 25-26). \u00c9 a promessa do Esp\u00edrito Santo; o Esp\u00edrito Santo que habita conosco e que o Pai e o Filho enviam. \u201cO Pai enviar\u00e1 no meu nome\u201d, disse Jesus, para acompanhar-nos na vida. E o chamam Par\u00e1clito. Esse \u00e9 o of\u00edcio do Esp\u00edrito Santo. Em grego, o Par\u00e1clito \u00e9 aquele que sustenta, que acompanha para n\u00e3o cair, que lhe mant\u00e9m firme, que \u00e9 pr\u00f3ximo de voc\u00ea para sustent\u00e1-lo. E o Senhor nos prometeu esse sustento, que \u00e9 Deus como Ele: \u00e9 o Esp\u00edrito Santo. O que o Esp\u00edrito Santo faz em n\u00f3s? O Senhor o diz: \u201cEle vos ensinar\u00e1 tudo e vos recordar\u00e1 tudo o que eu vos tenho dito\u201d (vers. 26). Ensinar e recordar. Esse \u00e9 o of\u00edcio do Esp\u00edrito Santo. Ensina-nos: nos ensina o mist\u00e9rio da f\u00e9, nos ensina a entrar no mist\u00e9rio, a entender um pouco mais o mist\u00e9rio, nos ensina a doutrina de Jesus e nos ensina como desenvolver a nossa f\u00e9 sem errar, porque a doutrina cresce, mas sempre na mesma dire\u00e7\u00e3o: cresce na compreens\u00e3o. E o Esp\u00edrito nos ajuda a crescer na compreens\u00e3o da f\u00e9, a compreend\u00ea-la mais, a compreender aquilo que a f\u00e9 diz. A f\u00e9 n\u00e3o \u00e9 uma coisa est\u00e1tica; a doutrina n\u00e3o \u00e9 uma coisa est\u00e1tica: cresce. Cresce como as \u00e1rvores crescem, sempre as mesmas, mas maiores, com fruto, mas sempre o mesmo, na mesma dire\u00e7\u00e3o. E o Esp\u00edrito Santo evita que a doutrina erre, evita que permane\u00e7a parada ali, sem crescer em n\u00f3s. Ensinar-nos-\u00e1 as coisas que Jesus nos ensinou, desenvolver\u00e1 em n\u00f3s a compreens\u00e3o daquilo que Jesus nos ensinou, far\u00e1 crescer em n\u00f3s, at\u00e9 alcan\u00e7ar a maturidade, a doutrina do Senhor.<\/p>\n<p>E outra coisa que Jesus diz que o Esp\u00edrito Santo faz \u00e9 recordar: \u201cRecordar\u00e1 tudo o que eu vos tenho dito\u201d (vers. 26). O Esp\u00edrito Santo \u00e9 como a mem\u00f3ria, nos desperta: \u201cMas voc\u00ea se recorda disso, se recorda daquilo\u201d; nos mant\u00e9m despertos, sempre despertos nas coisas do Senhor e nos faz tamb\u00e9m recordar a nossa vida: \u201cPense naquele momento, pense quando encontrou o Senhor, pense quando deixou o Senhor\u201d.<\/p>\n<p>Uma vez, ouvi dizer que uma pessoa rezava diante do Senhor do assim: \u201cSenhor, eu sou o mesmo que quando crian\u00e7a, quando garoto, tinha esses sonhos. Depois, trilhei por caminhos errados. Agora me chamastes\u201d. Eu sou o mesmo: essa \u00e9 a mem\u00f3ria do Esp\u00edrito Santo na pr\u00f3pria vida. Leva-o \u00e0 mem\u00f3ria da salva\u00e7\u00e3o, \u00e0 mem\u00f3ria daquilo que Jesus ensinou, mas tamb\u00e9m \u00e0 mem\u00f3ria da pr\u00f3pria vida. E isso me faz pensar \u2013 isso que aquele senhor dizia &#8211; num modo bonito de rezar, olhar para o Senhor: \u201cSou o mesmo. Caminhei muito, errei bastante, mas sou o mesmo e v\u00f3s me amais\u201d. A mem\u00f3ria do caminho da vida\u201d.<\/p>\n<p>E nessa mem\u00f3ria, o Esp\u00edrito Santo nos guia; nos guia para discernir, para discernir o que devo fazer agora, qual \u00e9 o caminho certo e qual \u00e9 o errado, mesmo nas pequenas decis\u00f5es. Se n\u00f3s pedirmos a luz ao Esp\u00edrito Santo, Ele nos ajudar\u00e1 a discernir para tomar as verdadeiras decis\u00f5es, as pequenas de todos os dias e as maiores. \u00c9 aquele que nos acompanha, nos sustenta no discernimento. Isto \u00e9, o Esp\u00edrito que ensina, nos ensinar\u00e1 todas as coisas, ou seja, faz a f\u00e9 crescer, nos introduz no mist\u00e9rio, o Esp\u00edrito que nos recorda. Recorda-nos a f\u00e9, nos recorda a pr\u00f3pria vida, e \u00e9 o Esp\u00edrito que neste ensinamento, nesta recorda\u00e7\u00e3o, nos ensina a discernir as decis\u00f5es que devemos tomar. E a isso os Evangelho d\u00e3o um nome ao Esp\u00edrito Santo: sim, Par\u00e1clito, porque nos sustenta, mas outro nome mais bonito: \u00e9 o Dom de Deus. O Esp\u00edrito \u00e9 o Dom de Deus. O Esp\u00edrito \u00e9 propriamente o Dom. N\u00e3o vos deixareis sozinhos, vos enviarei um Par\u00e1clito que vos sustentar\u00e1 e vos ajudar\u00e1 a seguir adiante, a recordar, a discernir e a crescer. O Dom de Deus \u00e9 o Esp\u00edrito Santo.<\/p>\n<p>Que o Senhor nos ajude a custodiar esse Dom que Ele nos deu no Batismo e que todos temos dentro de n\u00f3s.<\/p>\n<p>O Papa convidou a fazer a Comunh\u00e3o espiritual com a seguinte ora\u00e7\u00e3o:<\/p>\n<p style=\"padding-left: 40px;\"><em>Meu Jesus, eu creio que estais realmente presente no Sant\u00edssimo Sacramento do Altar. Amo-vos sobre todas as coisas, e minha alma suspira por V\u00f3s. Mas, como n\u00e3o posso receber-Vos agora no Sant\u00edssimo Sacramento, vinde, ao menos espiritualmente, a meu cora\u00e7\u00e3o. Abra\u00e7o-me convosco como se j\u00e1 estiv\u00e9sseis comigo: uno-me Convosco inteiramente. Ah! n\u00e3o permitais que torne a separar-me de V\u00f3s!<\/em><\/p>\n<p>Francisco terminou a celebra\u00e7\u00e3o com adora\u00e7\u00e3o e a b\u00ean\u00e7\u00e3o eucar\u00edstica. Antes de deixar a Capela dedicada ao Esp\u00edrito Santo, foi entoada a ant\u00edfona mariana \u201cRegina caeli\u201d, cantada no tempo pascal:<\/p>\n<p style=\"padding-left: 40px;\"><em>Rainha dos c\u00e9us, alegrai-vos. Aleluia!<\/em><\/p>\n<p style=\"padding-left: 40px;\"><em>Porque Aquele que merecestes trazer em vosso seio. Aleluia!<\/em><\/p>\n<p style=\"padding-left: 40px;\"><em>Ressuscitou como disse. Aleluia!<\/em><\/p>\n<p style=\"padding-left: 40px;\"><em>Rogai por n\u00f3s a Deus. Aleluia!<\/em><\/p>\n<p style=\"padding-left: 40px;\"><em>D.\/ Alegrai-vos e exultai, \u00f3 Virgem Maria. Aleluia!<\/em><\/p>\n<p style=\"padding-left: 40px;\"><em>C.\/ Porque o Senhor ressuscitou, verdadeiramente. Aleluia!<\/em><\/p>\n<hr \/>\n<p><em>Fonte: Vatican News<\/em><\/p>\n","protected":false},"excerpt":{"rendered":"<p>Missa em Santa Marta<\/p>\n","protected":false},"author":3,"featured_media":223505,"comment_status":"open","ping_status":"open","sticky":false,"template":"","format":"standard","meta":[],"categories":[1428],"tags":[1586],"acf":[],"yoast_head":"<!-- This site is optimized with the Yoast SEO plugin v19.2 - https:\/\/yoast.com\/wordpress\/plugins\/seo\/ -->\n<title>O Papa reza pelos desempregados. O Esp\u00edrito faz a compreens\u00e3o da f\u00e9 crescer. - Not\u00edcias - Franciscanos<\/title>\n<meta name=\"robots\" content=\"index, follow, max-snippet:-1, max-image-preview:large, max-video-preview:-1\" \/>\n<link rel=\"canonical\" href=\"https:\/\/franciscanos.org.br\/noticias\/o-papa-reza-pelos-desempregados-o-espirito-faz-a-compreensao-da-fe-crescer.html\" \/>\n<meta property=\"og:locale\" content=\"pt_BR\" \/>\n<meta property=\"og:type\" content=\"article\" \/>\n<meta property=\"og:title\" content=\"O Papa reza pelos desempregados. O Esp\u00edrito faz a compreens\u00e3o da f\u00e9 crescer. - Not\u00edcias - Franciscanos\" \/>\n<meta property=\"og:description\" content=\"Missa em Santa Marta\" \/>\n<meta property=\"og:url\" content=\"https:\/\/franciscanos.org.br\/noticias\/o-papa-reza-pelos-desempregados-o-espirito-faz-a-compreensao-da-fe-crescer.html\" \/>\n<meta property=\"og:site_name\" content=\"Not\u00edcias - Franciscanos\" \/>\n<meta property=\"article:published_time\" content=\"2020-05-11T09:59:32+00:00\" \/>\n<meta property=\"article:modified_time\" content=\"2020-06-05T14:50:18+00:00\" \/>\n<meta property=\"og:image\" content=\"https:\/\/franciscanos.org.br\/noticias\/wp-content\/uploads\/2020\/05\/marta_1105d.jpg\" \/>\n\t<meta property=\"og:image:width\" content=\"800\" \/>\n\t<meta property=\"og:image:height\" content=\"600\" \/>\n\t<meta property=\"og:image:type\" content=\"image\/jpeg\" \/>\n<meta name=\"author\" content=\"moacir\" \/>\n<meta name=\"twitter:card\" content=\"summary_large_image\" \/>\n<meta name=\"twitter:label1\" content=\"Escrito por\" \/>\n\t<meta name=\"twitter:data1\" content=\"moacir\" \/>\n\t<meta name=\"twitter:label2\" content=\"Est. tempo de leitura\" \/>\n\t<meta name=\"twitter:data2\" content=\"9 minutos\" \/>\n<script type=\"application\/ld+json\" class=\"yoast-schema-graph\">{\"@context\":\"https:\/\/schema.org\",\"@graph\":[{\"@type\":\"WebSite\",\"@id\":\"https:\/\/franciscanos.org.br\/noticias\/#website\",\"url\":\"https:\/\/franciscanos.org.br\/noticias\/\",\"name\":\"Not\u00edcias - Franciscanos\",\"description\":\"Prov\u00edncia Franciscana da Imaculada Concei\u00e7\u00e3o do Brasil - Ordem dos Frades Menores - OFM\",\"potentialAction\":[{\"@type\":\"SearchAction\",\"target\":{\"@type\":\"EntryPoint\",\"urlTemplate\":\"https:\/\/franciscanos.org.br\/noticias\/?s={search_term_string}\"},\"query-input\":\"required name=search_term_string\"}],\"inLanguage\":\"pt-BR\"},{\"@type\":\"ImageObject\",\"inLanguage\":\"pt-BR\",\"@id\":\"https:\/\/franciscanos.org.br\/noticias\/o-papa-reza-pelos-desempregados-o-espirito-faz-a-compreensao-da-fe-crescer.html#primaryimage\",\"url\":\"https:\/\/franciscanos.org.br\/noticias\/wp-content\/uploads\/2020\/05\/marta_1105d.jpg\",\"contentUrl\":\"https:\/\/franciscanos.org.br\/noticias\/wp-content\/uploads\/2020\/05\/marta_1105d.jpg\",\"width\":800,\"height\":600},{\"@type\":\"WebPage\",\"@id\":\"https:\/\/franciscanos.org.br\/noticias\/o-papa-reza-pelos-desempregados-o-espirito-faz-a-compreensao-da-fe-crescer.html#webpage\",\"url\":\"https:\/\/franciscanos.org.br\/noticias\/o-papa-reza-pelos-desempregados-o-espirito-faz-a-compreensao-da-fe-crescer.html\",\"name\":\"O Papa reza pelos desempregados. O Esp\u00edrito faz a compreens\u00e3o da f\u00e9 crescer. - Not\u00edcias - Franciscanos\",\"isPartOf\":{\"@id\":\"https:\/\/franciscanos.org.br\/noticias\/#website\"},\"primaryImageOfPage\":{\"@id\":\"https:\/\/franciscanos.org.br\/noticias\/o-papa-reza-pelos-desempregados-o-espirito-faz-a-compreensao-da-fe-crescer.html#primaryimage\"},\"datePublished\":\"2020-05-11T09:59:32+00:00\",\"dateModified\":\"2020-06-05T14:50:18+00:00\",\"author\":{\"@id\":\"https:\/\/franciscanos.org.br\/noticias\/#\/schema\/person\/b5c8cba458c330ccff548b056e95a5d4\"},\"breadcrumb\":{\"@id\":\"https:\/\/franciscanos.org.br\/noticias\/o-papa-reza-pelos-desempregados-o-espirito-faz-a-compreensao-da-fe-crescer.html#breadcrumb\"},\"inLanguage\":\"pt-BR\",\"potentialAction\":[{\"@type\":\"ReadAction\",\"target\":[\"https:\/\/franciscanos.org.br\/noticias\/o-papa-reza-pelos-desempregados-o-espirito-faz-a-compreensao-da-fe-crescer.html\"]}]},{\"@type\":\"BreadcrumbList\",\"@id\":\"https:\/\/franciscanos.org.br\/noticias\/o-papa-reza-pelos-desempregados-o-espirito-faz-a-compreensao-da-fe-crescer.html#breadcrumb\",\"itemListElement\":[{\"@type\":\"ListItem\",\"position\":1,\"name\":\"Home\",\"item\":\"https:\/\/franciscanos.org.br\/noticias\"},{\"@type\":\"ListItem\",\"position\":2,\"name\":\"O Papa reza pelos desempregados. O Esp\u00edrito faz a compreens\u00e3o da f\u00e9 crescer.\"}]},{\"@type\":\"Person\",\"@id\":\"https:\/\/franciscanos.org.br\/noticias\/#\/schema\/person\/b5c8cba458c330ccff548b056e95a5d4\",\"name\":\"moacir\",\"image\":{\"@type\":\"ImageObject\",\"inLanguage\":\"pt-BR\",\"@id\":\"https:\/\/franciscanos.org.br\/noticias\/#\/schema\/person\/image\/\",\"url\":\"https:\/\/secure.gravatar.com\/avatar\/d08aa2ce4c8dd416d4479aa8536fcf64?s=96&d=mm&r=g\",\"contentUrl\":\"https:\/\/secure.gravatar.com\/avatar\/d08aa2ce4c8dd416d4479aa8536fcf64?s=96&d=mm&r=g\",\"caption\":\"moacir\"},\"url\":\"https:\/\/franciscanos.org.br\/noticias\/author\/moacir\"}]}<\/script>\n<!-- \/ Yoast SEO plugin. -->","yoast_head_json":{"title":"O Papa reza pelos desempregados. O Esp\u00edrito faz a compreens\u00e3o da f\u00e9 crescer. - Not\u00edcias - Franciscanos","robots":{"index":"index","follow":"follow","max-snippet":"max-snippet:-1","max-image-preview":"max-image-preview:large","max-video-preview":"max-video-preview:-1"},"canonical":"https:\/\/franciscanos.org.br\/noticias\/o-papa-reza-pelos-desempregados-o-espirito-faz-a-compreensao-da-fe-crescer.html","og_locale":"pt_BR","og_type":"article","og_title":"O Papa reza pelos desempregados. O Esp\u00edrito faz a compreens\u00e3o da f\u00e9 crescer. - Not\u00edcias - Franciscanos","og_description":"Missa em Santa Marta","og_url":"https:\/\/franciscanos.org.br\/noticias\/o-papa-reza-pelos-desempregados-o-espirito-faz-a-compreensao-da-fe-crescer.html","og_site_name":"Not\u00edcias - Franciscanos","article_published_time":"2020-05-11T09:59:32+00:00","article_modified_time":"2020-06-05T14:50:18+00:00","og_image":[{"width":800,"height":600,"url":"https:\/\/franciscanos.org.br\/noticias\/wp-content\/uploads\/2020\/05\/marta_1105d.jpg","type":"image\/jpeg"}],"author":"moacir","twitter_card":"summary_large_image","twitter_misc":{"Escrito por":"moacir","Est. tempo de leitura":"9 minutos"},"schema":{"@context":"https:\/\/schema.org","@graph":[{"@type":"WebSite","@id":"https:\/\/franciscanos.org.br\/noticias\/#website","url":"https:\/\/franciscanos.org.br\/noticias\/","name":"Not\u00edcias - Franciscanos","description":"Prov\u00edncia Franciscana da Imaculada Concei\u00e7\u00e3o do Brasil - Ordem dos Frades Menores - OFM","potentialAction":[{"@type":"SearchAction","target":{"@type":"EntryPoint","urlTemplate":"https:\/\/franciscanos.org.br\/noticias\/?s={search_term_string}"},"query-input":"required name=search_term_string"}],"inLanguage":"pt-BR"},{"@type":"ImageObject","inLanguage":"pt-BR","@id":"https:\/\/franciscanos.org.br\/noticias\/o-papa-reza-pelos-desempregados-o-espirito-faz-a-compreensao-da-fe-crescer.html#primaryimage","url":"https:\/\/franciscanos.org.br\/noticias\/wp-content\/uploads\/2020\/05\/marta_1105d.jpg","contentUrl":"https:\/\/franciscanos.org.br\/noticias\/wp-content\/uploads\/2020\/05\/marta_1105d.jpg","width":800,"height":600},{"@type":"WebPage","@id":"https:\/\/franciscanos.org.br\/noticias\/o-papa-reza-pelos-desempregados-o-espirito-faz-a-compreensao-da-fe-crescer.html#webpage","url":"https:\/\/franciscanos.org.br\/noticias\/o-papa-reza-pelos-desempregados-o-espirito-faz-a-compreensao-da-fe-crescer.html","name":"O Papa reza pelos desempregados. O Esp\u00edrito faz a compreens\u00e3o da f\u00e9 crescer. - Not\u00edcias - Franciscanos","isPartOf":{"@id":"https:\/\/franciscanos.org.br\/noticias\/#website"},"primaryImageOfPage":{"@id":"https:\/\/franciscanos.org.br\/noticias\/o-papa-reza-pelos-desempregados-o-espirito-faz-a-compreensao-da-fe-crescer.html#primaryimage"},"datePublished":"2020-05-11T09:59:32+00:00","dateModified":"2020-06-05T14:50:18+00:00","author":{"@id":"https:\/\/franciscanos.org.br\/noticias\/#\/schema\/person\/b5c8cba458c330ccff548b056e95a5d4"},"breadcrumb":{"@id":"https:\/\/franciscanos.org.br\/noticias\/o-papa-reza-pelos-desempregados-o-espirito-faz-a-compreensao-da-fe-crescer.html#breadcrumb"},"inLanguage":"pt-BR","potentialAction":[{"@type":"ReadAction","target":["https:\/\/franciscanos.org.br\/noticias\/o-papa-reza-pelos-desempregados-o-espirito-faz-a-compreensao-da-fe-crescer.html"]}]},{"@type":"BreadcrumbList","@id":"https:\/\/franciscanos.org.br\/noticias\/o-papa-reza-pelos-desempregados-o-espirito-faz-a-compreensao-da-fe-crescer.html#breadcrumb","itemListElement":[{"@type":"ListItem","position":1,"name":"Home","item":"https:\/\/franciscanos.org.br\/noticias"},{"@type":"ListItem","position":2,"name":"O Papa reza pelos desempregados. O Esp\u00edrito faz a compreens\u00e3o da f\u00e9 crescer."}]},{"@type":"Person","@id":"https:\/\/franciscanos.org.br\/noticias\/#\/schema\/person\/b5c8cba458c330ccff548b056e95a5d4","name":"moacir","image":{"@type":"ImageObject","inLanguage":"pt-BR","@id":"https:\/\/franciscanos.org.br\/noticias\/#\/schema\/person\/image\/","url":"https:\/\/secure.gravatar.com\/avatar\/d08aa2ce4c8dd416d4479aa8536fcf64?s=96&d=mm&r=g","contentUrl":"https:\/\/secure.gravatar.com\/avatar\/d08aa2ce4c8dd416d4479aa8536fcf64?s=96&d=mm&r=g","caption":"moacir"},"url":"https:\/\/franciscanos.org.br\/noticias\/author\/moacir"}]}},"_links":{"self":[{"href":"https:\/\/franciscanos.org.br\/noticias\/wp-json\/wp\/v2\/posts\/223503"}],"collection":[{"href":"https:\/\/franciscanos.org.br\/noticias\/wp-json\/wp\/v2\/posts"}],"about":[{"href":"https:\/\/franciscanos.org.br\/noticias\/wp-json\/wp\/v2\/types\/post"}],"author":[{"embeddable":true,"href":"https:\/\/franciscanos.org.br\/noticias\/wp-json\/wp\/v2\/users\/3"}],"replies":[{"embeddable":true,"href":"https:\/\/franciscanos.org.br\/noticias\/wp-json\/wp\/v2\/comments?post=223503"}],"version-history":[{"count":2,"href":"https:\/\/franciscanos.org.br\/noticias\/wp-json\/wp\/v2\/posts\/223503\/revisions"}],"predecessor-version":[{"id":224213,"href":"https:\/\/franciscanos.org.br\/noticias\/wp-json\/wp\/v2\/posts\/223503\/revisions\/224213"}],"wp:featuredmedia":[{"embeddable":true,"href":"https:\/\/franciscanos.org.br\/noticias\/wp-json\/wp\/v2\/media\/223505"}],"wp:attachment":[{"href":"https:\/\/franciscanos.org.br\/noticias\/wp-json\/wp\/v2\/media?parent=223503"}],"wp:term":[{"taxonomy":"category","embeddable":true,"href":"https:\/\/franciscanos.org.br\/noticias\/wp-json\/wp\/v2\/categories?post=223503"},{"taxonomy":"post_tag","embeddable":true,"href":"https:\/\/franciscanos.org.br\/noticias\/wp-json\/wp\/v2\/tags?post=223503"}],"curies":[{"name":"wp","href":"https:\/\/api.w.org\/{rel}","templated":true}]}}