{"id":223490,"date":"2020-05-10T20:56:57","date_gmt":"2020-05-10T23:56:57","guid":{"rendered":"https:\/\/franciscanos.org.br\/noticias\/?p=223490"},"modified":"2020-05-11T15:58:15","modified_gmt":"2020-05-11T18:58:15","slug":"nao-se-sinta-sozinho-nao-se-sinta-abandonado-consola-frei-medella","status":"publish","type":"post","link":"https:\/\/franciscanos.org.br\/noticias\/nao-se-sinta-sozinho-nao-se-sinta-abandonado-consola-frei-medella.html","title":{"rendered":"&#8220;N\u00e3o se sinta sozinho, n\u00e3o se sinta abandonado&#8221;, consola Frei Medella"},"content":{"rendered":"<p><img loading=\"lazy\" class=\"alignnone size-full wp-image-223491\" src=\"https:\/\/franciscanos.org.br\/noticias\/wp-content\/uploads\/2020\/05\/celebracao_02.jpg\" alt=\"\" width=\"1280\" height=\"723\" srcset=\"https:\/\/franciscanos.org.br\/noticias\/wp-content\/uploads\/2020\/05\/celebracao_02.jpg 1280w, https:\/\/franciscanos.org.br\/noticias\/wp-content\/uploads\/2020\/05\/celebracao_02-450x254.jpg 450w, https:\/\/franciscanos.org.br\/noticias\/wp-content\/uploads\/2020\/05\/celebracao_02-1024x578.jpg 1024w, https:\/\/franciscanos.org.br\/noticias\/wp-content\/uploads\/2020\/05\/celebracao_02-768x434.jpg 768w, https:\/\/franciscanos.org.br\/noticias\/wp-content\/uploads\/2020\/05\/celebracao_02-150x85.jpg 150w\" sizes=\"(max-width: 1280px) 100vw, 1280px\" \/><\/p>\n<p><strong>S\u00e3o Paulo (SP) &#8211;<\/strong> No domingo (10\/5) em que o Brasil atingiu a marca de mais de 11 mil mortes por causa da pandemia do novo coronav\u00edrus, a Prov\u00edncia Franciscana da Imaculada Concei\u00e7\u00e3o deu in\u00edcio \u00e0s celebra\u00e7\u00f5es di\u00e1rias <em>on line<\/em> para levar um pouco de alento e conforto \u00e0s fam\u00edlias enlutadas que praticamente nem puderam se despedir de seus entes queridos. Na capela da Fraternidade da Sede Provincial (SP), \u00e0s 19 horas, o Vig\u00e1rio Provincial Frei Gustavo Medella iniciou a Celebra\u00e7\u00e3o do Abra\u00e7o e da Esperan\u00e7a, mostrando, atrav\u00e9s de fotos, as inten\u00e7\u00f5es apresentadas nesta celebra\u00e7\u00e3o.<\/p>\n<p>Enquanto Frei Carlos L\u00facio tocava e cantava &#8220;Quem nos separar\u00e1 do amor de Cristo&#8221;, Fernanda Bortoluzzi, filha de D. Joana, agradeceu: &#8220;Ver a foto de minha m\u00e3e me emocionou demais&#8221;.<\/p>\n<p>Frei Medella deu as boas vindas a todos e apresentou ainda Frei Raimundo Oliveira Castro, Frei Euclyides Pezzamiglio e Frei Je\u00e2 Andrade. &#8220;Todos n\u00f3s sabemos que sepultar um ente querido \u00e9 um direito humano fundamental que nos distingue do profundo do nosso ser. E quando n\u00e3o podemos exercer esse direito, a tend\u00eancia \u00e9 que fique dentro de n\u00f3s uma ferida bastante dolorosa. E esse ferimento pode depreender de muitas circunst\u00e2ncias e a circunst\u00e2ncia mais forte que nos aparece \u00e9 essa pandemia que estamos vivendo&#8221;, explicou Frei Gustavo.<\/p>\n<p><img loading=\"lazy\" class=\"alignnone size-full wp-image-223492\" src=\"https:\/\/franciscanos.org.br\/noticias\/wp-content\/uploads\/2020\/05\/celebracao_01.jpg\" alt=\"\" width=\"1280\" height=\"720\" srcset=\"https:\/\/franciscanos.org.br\/noticias\/wp-content\/uploads\/2020\/05\/celebracao_01.jpg 1280w, https:\/\/franciscanos.org.br\/noticias\/wp-content\/uploads\/2020\/05\/celebracao_01-450x253.jpg 450w, https:\/\/franciscanos.org.br\/noticias\/wp-content\/uploads\/2020\/05\/celebracao_01-1024x576.jpg 1024w, https:\/\/franciscanos.org.br\/noticias\/wp-content\/uploads\/2020\/05\/celebracao_01-768x432.jpg 768w, https:\/\/franciscanos.org.br\/noticias\/wp-content\/uploads\/2020\/05\/celebracao_01-150x84.jpg 150w\" sizes=\"(max-width: 1280px) 100vw, 1280px\" \/><\/p>\n<p>Segundo Frei Medella- dirigindo-se \u00e0s fam\u00edlias que n\u00e3o tiveram a chance de velar, celebrar e sepultar seu ente querido -, nesta celebra\u00e7\u00e3o oferecia algo semelhante ao que S\u00e3o Pedro diz ao homem que lhe pediu uma gra\u00e7a na porta do templo. &#8220;S\u00e3o Pedro disse o seguinte: &#8216;Eu n\u00e3o tenho ouro nem prata, mas o que tenho eu lhe dou&#8217;. O que S\u00e3o Pedro tinha? A f\u00e9 em Nosso Senhor Jesus Cristo. N\u00f3s n\u00e3o temos ouro nem prata. N\u00f3s temos isso aqui: a simplicidade dos nossos meios e a for\u00e7a da nossa f\u00e9 em Jesus Cristo. \u00c9 essa for\u00e7a que queremos oferecer nesta &#8216;Celebra\u00e7\u00e3o do Abra\u00e7o e da Esperan\u00e7a'&#8221;, explicou.<\/p>\n<p>Frei Medella observou que todas as fotos dos falecidos que foram escolhidas e enviadas pelos familiares tinham algo em comum e que chamou a sua aten\u00e7\u00e3o: todos estavam sorrindo. &#8220;Podemos imaginar, \u00e9 claro, que quem recorda o seu ente querido e o quer apresent\u00e1-lo para recorda\u00e7\u00e3o, vai preferir uma imagem bonita, serena, que transmita algo positivo, algo belo. Por outro lado, creio que motivando esta escolha em cada um de n\u00f3s existe a certeza plantada por Deus em n\u00f3s de que a vida \u00e9 um presente maravilhoso, um dom, que vale a pena e que n\u00e3o se resume ao n\u00famero de dias que passamos sobre a terra, mas \u00e9 algo eterno, que vai al\u00e9m do limite da nossa compreens\u00e3o&#8221;, destacou.<\/p>\n<p>&#8220;Essa certeza faz com que queiramos, ent\u00e3o, partilhar essas imagens de sorriso, de paz interior, de satisfa\u00e7\u00e3o plena daqueles que partiram. E, certamente, temos dentro de n\u00f3s a certeza de que agora esses que celebramos vivem do jeito que n\u00f3s os apresentamos: na plenitude de uma vida onde n\u00e3o h\u00e1 mais contradi\u00e7\u00e3o, onde n\u00e3o h\u00e1 mais dor, onde n\u00e3o h\u00e1 mais tristeza. O que h\u00e1 \u00e9 um conv\u00edvio amoroso no seio de amor de Deus Pai, Filho e Esp\u00edrito Santo&#8221;, acrescentou Frei Gustavo.<\/p>\n<p><img loading=\"lazy\" class=\"alignnone size-full wp-image-223493\" src=\"https:\/\/franciscanos.org.br\/noticias\/wp-content\/uploads\/2020\/05\/celebracao_03.jpg\" alt=\"\" width=\"1280\" height=\"720\" srcset=\"https:\/\/franciscanos.org.br\/noticias\/wp-content\/uploads\/2020\/05\/celebracao_03.jpg 1280w, https:\/\/franciscanos.org.br\/noticias\/wp-content\/uploads\/2020\/05\/celebracao_03-450x253.jpg 450w, https:\/\/franciscanos.org.br\/noticias\/wp-content\/uploads\/2020\/05\/celebracao_03-1024x576.jpg 1024w, https:\/\/franciscanos.org.br\/noticias\/wp-content\/uploads\/2020\/05\/celebracao_03-768x432.jpg 768w, https:\/\/franciscanos.org.br\/noticias\/wp-content\/uploads\/2020\/05\/celebracao_03-150x84.jpg 150w\" sizes=\"(max-width: 1280px) 100vw, 1280px\" \/><\/p>\n<p>A exorta\u00e7\u00e3o de Jesus no Evangelho de Jo\u00e3o foi escolhida para esta reflex\u00e3o: &#8220;N\u00e3o se perturbe o vosso cora\u00e7\u00e3o. Tendes f\u00e9 em Deus, tende f\u00e9 em mim tamb\u00e9m&#8221;. \u00a0&#8220;\u00c9 dessa uni\u00e3o pela f\u00e9, que se transmite no abra\u00e7o e na solidariedade, que Ele nos consola&#8221;, disse Frei Medella, lembrando que a f\u00e9 desperta em n\u00f3s aquilo que temos de melhor.<\/p>\n<p>Falando \u00e0s fam\u00edlias que n\u00e3o puderam celebrar presencialmente o sepultamento dos seus, enfatizou que n\u00e3o nascemos para morrer, mas vivemos para ressuscitar. Segundo o frade, \u00e9 na ressurrei\u00e7\u00e3o que vamos encontrar o consolo de que tanto precisamos. &#8220;E consolados somos tamb\u00e9m capazes de ser fonte de consola\u00e7\u00e3o uns para os outros. M\u00e3o amiga, ombro acolhedor, abra\u00e7o que envolve, for\u00e7a que reergue, m\u00e3o que indica o caminho. Jesus age em n\u00f3s e atrav\u00e9s de n\u00f3s. N\u00e3o se sinta sozinho, n\u00e3o se sinta abandonado. Fortale\u00e7a-se na f\u00e9 que Deus planta no cora\u00e7\u00e3o de cada um de n\u00f3s. Que essa certeza n\u00e3o seja tirada de n\u00f3s por nada deste mundo. Seu ente querido que partiu descanse na plenitude e na gl\u00f3ria de Deus!&#8221;, pediu.<\/p>\n<p>Depois das preces, Frei Gustavo fez a Ora\u00e7\u00e3o de Encomenda\u00e7\u00e3o e concluiu a celebra\u00e7\u00e3o a b\u00ean\u00e7\u00e3o final.<br \/>\n<iframe loading=\"lazy\" src=\"https:\/\/www.youtube.com\/embed\/1N4RBB7WSSE\" width=\"560\" height=\"315\" frameborder=\"0\" allowfullscreen=\"allowfullscreen\"><\/iframe><\/p>\n<p>Durante a semana, a celebra\u00e7\u00e3o ser\u00e1 transmitida a partir de diferentes Fraternidades da Prov\u00edncia da Imaculada. Nesta segunda-feira (11\/5), a Fraternidade do Sagrado conduzir\u00e1, de Petr\u00f3polis (RJ), esta celebra\u00e7\u00e3o\u00a0 (<a href=\"https:\/\/youtu.be\/k7Rmvb7pNLE\"><strong>Acesse o link da transmiss\u00e3o<\/strong><\/a>); na ter\u00e7a (12\/5), ser\u00e1 a Fraternidade do Convento S\u00e3o Francisco de S\u00e3o Paulo; na quarta (13\/5), a Fraternidade Santo Est\u00eav\u00e3o de Ituporanga (SC); na quinta (14\/5), a Fraternidade S\u00e3o Pedro Ap\u00f3stolo de Pato Branco; na sexta (15\/5), a Fraternidade Santa In\u00eas de Balne\u00e1rio Cambori\u00fa (SC); e, no s\u00e1bado, a Fraternidade Nossa Senhora da Penha de Vila Velha (ES).<\/p>\n<table>\n<tbody>\n<tr>\n<td width=\"158\"><strong>DIA DA SEMANA<\/strong><\/td>\n<td width=\"416\"><strong>FRATERNIDADE <\/strong><\/td>\n<td width=\"85\"><strong>HOR\u00c1RIO<\/strong><\/td>\n<\/tr>\n<tr>\n<td width=\"158\"><\/td>\n<td width=\"416\"><\/td>\n<td width=\"85\"><\/td>\n<\/tr>\n<tr>\n<td width=\"158\">SEGUNDA<\/td>\n<td width=\"416\">Sagrado Cora\u00e7\u00e3o de Jesus (Petr\u00f3polis, RJ)<\/td>\n<td width=\"85\">19h00<\/td>\n<\/tr>\n<tr>\n<td width=\"158\">TER\u00c7A<\/td>\n<td width=\"416\">Convento S\u00e3o Francisco (S\u00e3o Paulo, SP)<\/td>\n<td width=\"85\">19h00<\/td>\n<\/tr>\n<tr>\n<td width=\"158\">QUARTA<\/td>\n<td width=\"416\">Par\u00f3quia Santo Est\u00eav\u00e3o (Ituporanga, SC)<\/td>\n<td width=\"85\">18h45<\/td>\n<\/tr>\n<tr>\n<td width=\"158\">QUINTA<\/td>\n<td width=\"416\">Par\u00f3quia S\u00e3o Pedro Ap\u00f3stolo (Pato Branco, PR)<\/td>\n<td width=\"85\">20h30<\/td>\n<\/tr>\n<tr>\n<td width=\"158\">SEXTA<\/td>\n<td width=\"416\">Par\u00f3quia Santa In\u00eas (Balne\u00e1rio Cambori\u00fa, SC)<\/td>\n<td width=\"85\">20h30<\/td>\n<\/tr>\n<tr>\n<td width=\"158\">S\u00c1BADO<\/td>\n<td width=\"416\">Convento da Penha (Vila Velha, ES)<\/td>\n<td width=\"85\">17h00<\/td>\n<\/tr>\n<\/tbody>\n<\/table>\n","protected":false},"excerpt":{"rendered":"<p>Celebra\u00e7\u00e3o do Abra\u00e7o e da Esperan\u00e7a<\/p>\n","protected":false},"author":3,"featured_media":223494,"comment_status":"open","ping_status":"open","sticky":false,"template":"","format":"standard","meta":[],"categories":[1],"tags":[1620],"acf":[],"yoast_head":"<!-- This site is optimized with the Yoast SEO plugin v19.2 - https:\/\/yoast.com\/wordpress\/plugins\/seo\/ -->\n<title>&quot;N\u00e3o se sinta sozinho, n\u00e3o se sinta abandonado&quot;, consola Frei Medella - Not\u00edcias - Franciscanos<\/title>\n<meta name=\"robots\" content=\"index, follow, max-snippet:-1, max-image-preview:large, max-video-preview:-1\" \/>\n<link rel=\"canonical\" href=\"https:\/\/franciscanos.org.br\/noticias\/nao-se-sinta-sozinho-nao-se-sinta-abandonado-consola-frei-medella.html\" \/>\n<meta property=\"og:locale\" content=\"pt_BR\" \/>\n<meta property=\"og:type\" content=\"article\" \/>\n<meta property=\"og:title\" content=\"&quot;N\u00e3o se sinta sozinho, n\u00e3o se sinta abandonado&quot;, consola Frei Medella - Not\u00edcias - Franciscanos\" \/>\n<meta property=\"og:description\" content=\"Celebra\u00e7\u00e3o do Abra\u00e7o e da Esperan\u00e7a\" \/>\n<meta property=\"og:url\" content=\"https:\/\/franciscanos.org.br\/noticias\/nao-se-sinta-sozinho-nao-se-sinta-abandonado-consola-frei-medella.html\" \/>\n<meta property=\"og:site_name\" content=\"Not\u00edcias - Franciscanos\" \/>\n<meta property=\"article:published_time\" content=\"2020-05-10T23:56:57+00:00\" \/>\n<meta property=\"article:modified_time\" content=\"2020-05-11T18:58:15+00:00\" \/>\n<meta property=\"og:image\" content=\"https:\/\/franciscanos.org.br\/noticias\/wp-content\/uploads\/2020\/05\/destaque_celebracao.jpg\" \/>\n\t<meta property=\"og:image:width\" content=\"800\" \/>\n\t<meta property=\"og:image:height\" content=\"600\" \/>\n\t<meta property=\"og:image:type\" content=\"image\/jpeg\" \/>\n<meta name=\"author\" content=\"moacir\" \/>\n<meta name=\"twitter:card\" content=\"summary_large_image\" \/>\n<meta name=\"twitter:label1\" content=\"Escrito por\" \/>\n\t<meta name=\"twitter:data1\" content=\"moacir\" \/>\n\t<meta name=\"twitter:label2\" content=\"Est. tempo de leitura\" \/>\n\t<meta name=\"twitter:data2\" content=\"5 minutos\" \/>\n<script type=\"application\/ld+json\" class=\"yoast-schema-graph\">{\"@context\":\"https:\/\/schema.org\",\"@graph\":[{\"@type\":\"WebSite\",\"@id\":\"https:\/\/franciscanos.org.br\/noticias\/#website\",\"url\":\"https:\/\/franciscanos.org.br\/noticias\/\",\"name\":\"Not\u00edcias - Franciscanos\",\"description\":\"Prov\u00edncia Franciscana da Imaculada Concei\u00e7\u00e3o do Brasil - Ordem dos Frades Menores - OFM\",\"potentialAction\":[{\"@type\":\"SearchAction\",\"target\":{\"@type\":\"EntryPoint\",\"urlTemplate\":\"https:\/\/franciscanos.org.br\/noticias\/?s={search_term_string}\"},\"query-input\":\"required name=search_term_string\"}],\"inLanguage\":\"pt-BR\"},{\"@type\":\"ImageObject\",\"inLanguage\":\"pt-BR\",\"@id\":\"https:\/\/franciscanos.org.br\/noticias\/nao-se-sinta-sozinho-nao-se-sinta-abandonado-consola-frei-medella.html#primaryimage\",\"url\":\"https:\/\/franciscanos.org.br\/noticias\/wp-content\/uploads\/2020\/05\/destaque_celebracao.jpg\",\"contentUrl\":\"https:\/\/franciscanos.org.br\/noticias\/wp-content\/uploads\/2020\/05\/destaque_celebracao.jpg\",\"width\":800,\"height\":600},{\"@type\":\"WebPage\",\"@id\":\"https:\/\/franciscanos.org.br\/noticias\/nao-se-sinta-sozinho-nao-se-sinta-abandonado-consola-frei-medella.html#webpage\",\"url\":\"https:\/\/franciscanos.org.br\/noticias\/nao-se-sinta-sozinho-nao-se-sinta-abandonado-consola-frei-medella.html\",\"name\":\"\\\"N\u00e3o se sinta sozinho, n\u00e3o se sinta abandonado\\\", consola Frei Medella - Not\u00edcias - Franciscanos\",\"isPartOf\":{\"@id\":\"https:\/\/franciscanos.org.br\/noticias\/#website\"},\"primaryImageOfPage\":{\"@id\":\"https:\/\/franciscanos.org.br\/noticias\/nao-se-sinta-sozinho-nao-se-sinta-abandonado-consola-frei-medella.html#primaryimage\"},\"datePublished\":\"2020-05-10T23:56:57+00:00\",\"dateModified\":\"2020-05-11T18:58:15+00:00\",\"author\":{\"@id\":\"https:\/\/franciscanos.org.br\/noticias\/#\/schema\/person\/b5c8cba458c330ccff548b056e95a5d4\"},\"breadcrumb\":{\"@id\":\"https:\/\/franciscanos.org.br\/noticias\/nao-se-sinta-sozinho-nao-se-sinta-abandonado-consola-frei-medella.html#breadcrumb\"},\"inLanguage\":\"pt-BR\",\"potentialAction\":[{\"@type\":\"ReadAction\",\"target\":[\"https:\/\/franciscanos.org.br\/noticias\/nao-se-sinta-sozinho-nao-se-sinta-abandonado-consola-frei-medella.html\"]}]},{\"@type\":\"BreadcrumbList\",\"@id\":\"https:\/\/franciscanos.org.br\/noticias\/nao-se-sinta-sozinho-nao-se-sinta-abandonado-consola-frei-medella.html#breadcrumb\",\"itemListElement\":[{\"@type\":\"ListItem\",\"position\":1,\"name\":\"Home\",\"item\":\"https:\/\/franciscanos.org.br\/noticias\"},{\"@type\":\"ListItem\",\"position\":2,\"name\":\"&#8220;N\u00e3o se sinta sozinho, n\u00e3o se sinta abandonado&#8221;, consola Frei Medella\"}]},{\"@type\":\"Person\",\"@id\":\"https:\/\/franciscanos.org.br\/noticias\/#\/schema\/person\/b5c8cba458c330ccff548b056e95a5d4\",\"name\":\"moacir\",\"image\":{\"@type\":\"ImageObject\",\"inLanguage\":\"pt-BR\",\"@id\":\"https:\/\/franciscanos.org.br\/noticias\/#\/schema\/person\/image\/\",\"url\":\"https:\/\/secure.gravatar.com\/avatar\/d08aa2ce4c8dd416d4479aa8536fcf64?s=96&d=mm&r=g\",\"contentUrl\":\"https:\/\/secure.gravatar.com\/avatar\/d08aa2ce4c8dd416d4479aa8536fcf64?s=96&d=mm&r=g\",\"caption\":\"moacir\"},\"url\":\"https:\/\/franciscanos.org.br\/noticias\/author\/moacir\"}]}<\/script>\n<!-- \/ Yoast SEO plugin. -->","yoast_head_json":{"title":"\"N\u00e3o se sinta sozinho, n\u00e3o se sinta abandonado\", consola Frei Medella - Not\u00edcias - Franciscanos","robots":{"index":"index","follow":"follow","max-snippet":"max-snippet:-1","max-image-preview":"max-image-preview:large","max-video-preview":"max-video-preview:-1"},"canonical":"https:\/\/franciscanos.org.br\/noticias\/nao-se-sinta-sozinho-nao-se-sinta-abandonado-consola-frei-medella.html","og_locale":"pt_BR","og_type":"article","og_title":"\"N\u00e3o se sinta sozinho, n\u00e3o se sinta abandonado\", consola Frei Medella - Not\u00edcias - Franciscanos","og_description":"Celebra\u00e7\u00e3o do Abra\u00e7o e da Esperan\u00e7a","og_url":"https:\/\/franciscanos.org.br\/noticias\/nao-se-sinta-sozinho-nao-se-sinta-abandonado-consola-frei-medella.html","og_site_name":"Not\u00edcias - Franciscanos","article_published_time":"2020-05-10T23:56:57+00:00","article_modified_time":"2020-05-11T18:58:15+00:00","og_image":[{"width":800,"height":600,"url":"https:\/\/franciscanos.org.br\/noticias\/wp-content\/uploads\/2020\/05\/destaque_celebracao.jpg","type":"image\/jpeg"}],"author":"moacir","twitter_card":"summary_large_image","twitter_misc":{"Escrito por":"moacir","Est. tempo de leitura":"5 minutos"},"schema":{"@context":"https:\/\/schema.org","@graph":[{"@type":"WebSite","@id":"https:\/\/franciscanos.org.br\/noticias\/#website","url":"https:\/\/franciscanos.org.br\/noticias\/","name":"Not\u00edcias - Franciscanos","description":"Prov\u00edncia Franciscana da Imaculada Concei\u00e7\u00e3o do Brasil - Ordem dos Frades Menores - OFM","potentialAction":[{"@type":"SearchAction","target":{"@type":"EntryPoint","urlTemplate":"https:\/\/franciscanos.org.br\/noticias\/?s={search_term_string}"},"query-input":"required name=search_term_string"}],"inLanguage":"pt-BR"},{"@type":"ImageObject","inLanguage":"pt-BR","@id":"https:\/\/franciscanos.org.br\/noticias\/nao-se-sinta-sozinho-nao-se-sinta-abandonado-consola-frei-medella.html#primaryimage","url":"https:\/\/franciscanos.org.br\/noticias\/wp-content\/uploads\/2020\/05\/destaque_celebracao.jpg","contentUrl":"https:\/\/franciscanos.org.br\/noticias\/wp-content\/uploads\/2020\/05\/destaque_celebracao.jpg","width":800,"height":600},{"@type":"WebPage","@id":"https:\/\/franciscanos.org.br\/noticias\/nao-se-sinta-sozinho-nao-se-sinta-abandonado-consola-frei-medella.html#webpage","url":"https:\/\/franciscanos.org.br\/noticias\/nao-se-sinta-sozinho-nao-se-sinta-abandonado-consola-frei-medella.html","name":"\"N\u00e3o se sinta sozinho, n\u00e3o se sinta abandonado\", consola Frei Medella - Not\u00edcias - Franciscanos","isPartOf":{"@id":"https:\/\/franciscanos.org.br\/noticias\/#website"},"primaryImageOfPage":{"@id":"https:\/\/franciscanos.org.br\/noticias\/nao-se-sinta-sozinho-nao-se-sinta-abandonado-consola-frei-medella.html#primaryimage"},"datePublished":"2020-05-10T23:56:57+00:00","dateModified":"2020-05-11T18:58:15+00:00","author":{"@id":"https:\/\/franciscanos.org.br\/noticias\/#\/schema\/person\/b5c8cba458c330ccff548b056e95a5d4"},"breadcrumb":{"@id":"https:\/\/franciscanos.org.br\/noticias\/nao-se-sinta-sozinho-nao-se-sinta-abandonado-consola-frei-medella.html#breadcrumb"},"inLanguage":"pt-BR","potentialAction":[{"@type":"ReadAction","target":["https:\/\/franciscanos.org.br\/noticias\/nao-se-sinta-sozinho-nao-se-sinta-abandonado-consola-frei-medella.html"]}]},{"@type":"BreadcrumbList","@id":"https:\/\/franciscanos.org.br\/noticias\/nao-se-sinta-sozinho-nao-se-sinta-abandonado-consola-frei-medella.html#breadcrumb","itemListElement":[{"@type":"ListItem","position":1,"name":"Home","item":"https:\/\/franciscanos.org.br\/noticias"},{"@type":"ListItem","position":2,"name":"&#8220;N\u00e3o se sinta sozinho, n\u00e3o se sinta abandonado&#8221;, consola Frei Medella"}]},{"@type":"Person","@id":"https:\/\/franciscanos.org.br\/noticias\/#\/schema\/person\/b5c8cba458c330ccff548b056e95a5d4","name":"moacir","image":{"@type":"ImageObject","inLanguage":"pt-BR","@id":"https:\/\/franciscanos.org.br\/noticias\/#\/schema\/person\/image\/","url":"https:\/\/secure.gravatar.com\/avatar\/d08aa2ce4c8dd416d4479aa8536fcf64?s=96&d=mm&r=g","contentUrl":"https:\/\/secure.gravatar.com\/avatar\/d08aa2ce4c8dd416d4479aa8536fcf64?s=96&d=mm&r=g","caption":"moacir"},"url":"https:\/\/franciscanos.org.br\/noticias\/author\/moacir"}]}},"_links":{"self":[{"href":"https:\/\/franciscanos.org.br\/noticias\/wp-json\/wp\/v2\/posts\/223490"}],"collection":[{"href":"https:\/\/franciscanos.org.br\/noticias\/wp-json\/wp\/v2\/posts"}],"about":[{"href":"https:\/\/franciscanos.org.br\/noticias\/wp-json\/wp\/v2\/types\/post"}],"author":[{"embeddable":true,"href":"https:\/\/franciscanos.org.br\/noticias\/wp-json\/wp\/v2\/users\/3"}],"replies":[{"embeddable":true,"href":"https:\/\/franciscanos.org.br\/noticias\/wp-json\/wp\/v2\/comments?post=223490"}],"version-history":[{"count":9,"href":"https:\/\/franciscanos.org.br\/noticias\/wp-json\/wp\/v2\/posts\/223490\/revisions"}],"predecessor-version":[{"id":223525,"href":"https:\/\/franciscanos.org.br\/noticias\/wp-json\/wp\/v2\/posts\/223490\/revisions\/223525"}],"wp:featuredmedia":[{"embeddable":true,"href":"https:\/\/franciscanos.org.br\/noticias\/wp-json\/wp\/v2\/media\/223494"}],"wp:attachment":[{"href":"https:\/\/franciscanos.org.br\/noticias\/wp-json\/wp\/v2\/media?parent=223490"}],"wp:term":[{"taxonomy":"category","embeddable":true,"href":"https:\/\/franciscanos.org.br\/noticias\/wp-json\/wp\/v2\/categories?post=223490"},{"taxonomy":"post_tag","embeddable":true,"href":"https:\/\/franciscanos.org.br\/noticias\/wp-json\/wp\/v2\/tags?post=223490"}],"curies":[{"name":"wp","href":"https:\/\/api.w.org\/{rel}","templated":true}]}}