{"id":223484,"date":"2020-05-10T06:44:26","date_gmt":"2020-05-10T09:44:26","guid":{"rendered":"https:\/\/franciscanos.org.br\/noticias\/?p=223484"},"modified":"2020-06-05T11:50:54","modified_gmt":"2020-06-05T14:50:54","slug":"papa-rezar-com-pouca-coragem-e-falta-de-respeito","status":"publish","type":"post","link":"https:\/\/franciscanos.org.br\/noticias\/papa-rezar-com-pouca-coragem-e-falta-de-respeito.html","title":{"rendered":"Papa: Rezar com pouca coragem \u00e9 falta de respeito"},"content":{"rendered":"<p><img loading=\"lazy\" class=\"alignnone size-full wp-image-223486\" src=\"https:\/\/franciscanos.org.br\/noticias\/wp-content\/uploads\/2020\/05\/marta_1005.jpg\" alt=\"\" width=\"1339\" height=\"754\" srcset=\"https:\/\/franciscanos.org.br\/noticias\/wp-content\/uploads\/2020\/05\/marta_1005.jpg 1339w, https:\/\/franciscanos.org.br\/noticias\/wp-content\/uploads\/2020\/05\/marta_1005-450x253.jpg 450w, https:\/\/franciscanos.org.br\/noticias\/wp-content\/uploads\/2020\/05\/marta_1005-1024x577.jpg 1024w, https:\/\/franciscanos.org.br\/noticias\/wp-content\/uploads\/2020\/05\/marta_1005-768x432.jpg 768w, https:\/\/franciscanos.org.br\/noticias\/wp-content\/uploads\/2020\/05\/marta_1005-150x84.jpg 150w\" sizes=\"(max-width: 1339px) 100vw, 1339px\" \/><\/p>\n<p><strong>Cidade do Vaticano<\/strong> &#8211; O Papa Francisco presidiu a missa na Casa Santa Marta no 5\u00ba Domingo de P\u00e1scoa. Na introdu\u00e7\u00e3o, voltou o seu pensamento para a Europa:<\/p>\n<p>Nos \u00faltimos dois dias, houve duas comemora\u00e7\u00f5es: o 70\u00ba anivers\u00e1rio da Declara\u00e7\u00e3o de Robert Schuman, que iniciou a Uni\u00e3o Europeia, e tamb\u00e9m a comemora\u00e7\u00e3o do fim da guerra. Hoje, pe\u00e7amos ao Senhor para que a Europa cres\u00e7a unida nesta unidade de fraternidade que faz com que todos os povos cres\u00e7am em unidade na diversidade.<\/p>\n<p>O Papa centralizou sua homilia na ora\u00e7\u00e3o. Comentou o Evangelho de hoje (Jo 14, 1-12), em que Jesus diz aos seus disc\u00edpulos que quem Nele crer, tamb\u00e9m realizar\u00e1 as obras que Ele faz e far\u00e1 maiores do que estas, porque Ele vai ao Pai: \u201cO que voc\u00eas pedirem em meu nome, eu o farei, para que o Pai seja glorificado no Filho.\u201d<\/p>\n<p>\u201cPodemos dizer\u201d, disse o Papa, \u201cque esta passagem do Evangelho de Jo\u00e3o \u00e9 a declara\u00e7\u00e3o de acesso ao Pai. O Pai sempre esteve presente na vida de Jesus, e Jesus \u201cdizia que o Pai cuida de n\u00f3s e de suas criaturas. E quando os disc\u00edpulos lhe pediram para que lhes ensinasse a rezar, Jesus lhes ensinou o \u201cPai-Nosso\u201d. Jesus \u201csempre vai ao Pai\u201d e \u201cnesta passagem \u00e9 muito forte\u201d porque \u201c\u00e9 como se Ele abrisse as portas da onipot\u00eancia da ora\u00e7\u00e3o\u201d, porque diz: \u201cEu estou com o Pai: pe\u00e7am e eu farei tudo, porque o Pai o far\u00e1 comigo\u201d.<\/p>\n<p>\u201cA confian\u00e7a no Pai, confian\u00e7a no Pai que \u00e9 capaz de fazer tudo. A coragem de rezar, porque para rezar \u00e9 preciso coragem, \u00e9 necess\u00e1ria a mesma coragem, a mesma franqueza para pregar: a mesma\u201d. O Papa recordou a coragem de Abra\u00e3o, quando \u201cnegociava\u201d: ele \u201ctinha a coragem de lutar na ora\u00e7\u00e3o, porque rezar \u00e9 lutar: lutar com Deus\u201d. A coragem da ora\u00e7\u00e3o de Mois\u00e9s que ousou dizer \u201cn\u00e3o\u201d ao Pai. Rezar com pouca coragem \u201c\u00e9 falta de respeito. Rezar \u00e9 ir com Jesus ao Pai que lhe dar\u00e1 tudo. Coragem na ora\u00e7\u00e3o, franqueza na ora\u00e7\u00e3o. A mesma que \u00e9 preciso para pregar\u201d.<\/p>\n<p>O Papa ent\u00e3o comentou a Primeira Leitura, extra\u00edda dos Atos dos Ap\u00f3stolos, onde se refere \u201cao conflito nos primeiros tempos da Igreja, porque os crist\u00e3os de origem grega murmuravam, murmuravam, j\u00e1 naquele tempo se fazia isso: se v\u00ea que \u00e9 um costume da Igreja. Murmuravam porque suas vi\u00favas, seus \u00f3rf\u00e3os n\u00e3o eram bem protegidos. Os ap\u00f3stolos n\u00e3o tinham tempo\u201d. \u201cPedro, iluminado pelo Esp\u00edrito Santo, &#8216;inventou&#8217; os di\u00e1conos: sete pessoas de f\u00e9 que cuidassem do servi\u00e7o, de modo que essas pessoas que tinham motivos para reclamar, fossem atendidas em suas necessidades. Pedro tomou essa decis\u00e3o para que os ap\u00f3stolos pudessem se dedicar \u00e0 ora\u00e7\u00e3o e ao an\u00fancio da Palavra.<\/p>\n<p>\u201cEssa\u201d, disse Francisco, \u201c\u00e9 a tarefa do bispo: rezar e pregar. Com essa for\u00e7a que sentimos no Evangelho: o bispo \u00e9 o primeiro a ir ao Pai, com a confian\u00e7a que Jesus deu, com coragem, com parresia, para lutar por seu povo. A primeira tarefa do bispo \u00e9 rezar\u201d.<\/p>\n<p>O Papa recordou um sacerdote, \u201cum santo p\u00e1roco, bom\u201d que sempre fazia a mesma pergunta quando encontrava um bispo: \u201cExcel\u00eancia, quantas horas por dia o senhor reza?\u201d, e sempre dizia: \u201cPorque a primeira tarefa \u00e9 rezar\u201d. \u201cPorque \u00e9 a ora\u00e7\u00e3o do chefe da comunidade pela comunidade, a intercess\u00e3o ao Pai para proteger o povo\u201d.<\/p>\n<p>\u201cA ora\u00e7\u00e3o do bispo, a primeira tarefa: rezar. E o povo, vendo o bispo rezar, aprende a rezar. Porque o Esp\u00edrito Santo nos ensina que \u00e9 Deus quem &#8216;faz a coisa&#8217;. N\u00f3s fazemos um pouquinho, mas \u00e9 Ele quem &#8216;faz as coisas&#8217; da Igreja, e a ora\u00e7\u00e3o \u00e9 que leva a Igreja adiante. Por isso, \u201cos bispos devem seguir em frente com a ora\u00e7\u00e3o\u201d.<\/p>\n<p>Essa palavra de Pedro \u00e9 prof\u00e9tica: \u201cQue os di\u00e1conos fa\u00e7am tudo isso, pois assim as pessoas est\u00e3o bem protegidas e resolveu os problemas e tamb\u00e9m suas necessidades. Mas para n\u00f3s, bispos, a ora\u00e7\u00e3o e o an\u00fancio da Palavra\u201d.<\/p>\n<p>\u201c\u00c9 triste\u201d, observou Francisco, \u201cver bons bispos, bons, pessoas boas, mas atarefas em muitas coisas, a economia, e isso e aquilo. A ora\u00e7\u00e3o em primeiro lugar. Depois as outras coisas. Mas quando as outras coisas tiram espa\u00e7o para a ora\u00e7\u00e3o, algo n\u00e3o funciona. E a ora\u00e7\u00e3o \u00e9 forte\u201d. Jesus disse: \u201cEu vou para o Pai. O que voc\u00eas pedirem ao Pai em meu nome, eu o farei, para que o Pai seja glorificado\u201d. \u201cAssim\u201d, concluiu o Papa, \u201ca Igreja vai adiante com a ora\u00e7\u00e3o, a coragem da ora\u00e7\u00e3o, porque a Igreja sabe que sem esse acesso ao Pai n\u00e3o pode sobreviver\u201d.<\/p>\n<p>O Papa convidou a fazer a comunh\u00e3o espiritual com esta ora\u00e7\u00e3o:<\/p>\n<p style=\"padding-left: 40px;\"><em>Aos vossos p\u00e9s,<\/em><\/p>\n<p style=\"padding-left: 40px;\"><em>\u00f3 meu Jesus,<\/em><\/p>\n<p style=\"padding-left: 40px;\"><em>me prostro e vos ofere\u00e7o<\/em><\/p>\n<p style=\"padding-left: 40px;\"><em>o arrependimento do meu cora\u00e7\u00e3o<\/em><\/p>\n<p style=\"padding-left: 40px;\"><em>que mergulha no seu nada<\/em><\/p>\n<p style=\"padding-left: 40px;\"><em>na Vossa santa presen\u00e7a<\/em><\/p>\n<p style=\"padding-left: 40px;\"><em>Eu vos adoro no Sacramento do vosso amor, a inef\u00e1vel Eucaristia.<\/em><\/p>\n<p style=\"padding-left: 40px;\"><em>Desejo receber-vos na pobre morada<\/em><\/p>\n<p style=\"padding-left: 40px;\"><em>que meu cora\u00e7\u00e3o vos oferece.<\/em><\/p>\n<p style=\"padding-left: 40px;\"><em>\u00c0 espera da felicidade da comunh\u00e3o sacramental,<\/em><\/p>\n<p style=\"padding-left: 40px;\"><em>quero possuir-vos em Esp\u00edrito.<\/em><\/p>\n<p style=\"padding-left: 40px;\"><em>Vinde a mim,<\/em><\/p>\n<p style=\"padding-left: 40px;\"><em>\u00f3 meu Jesus,<\/em><\/p>\n<p style=\"padding-left: 40px;\"><em>que eu venha a v\u00f3s.<\/em><\/p>\n<p style=\"padding-left: 40px;\"><em>Que o vosso amor<\/em><\/p>\n<p style=\"padding-left: 40px;\"><em>Possa inflamar todo o meu ser,<\/em><\/p>\n<p style=\"padding-left: 40px;\"><em>para a vida e para a morte.<\/em><\/p>\n<p style=\"padding-left: 40px;\"><em>Creio em v\u00f3s,<\/em><\/p>\n<p style=\"padding-left: 40px;\"><em>espero em v\u00f3s.<\/em><\/p>\n<p style=\"padding-left: 40px;\"><em>Amo-vos.<\/em><\/p>\n<p style=\"padding-left: 40px;\"><em>Assim seja.<\/em><\/p>\n<p style=\"padding-left: 40px;\"><em>(Card. Rafael Merry del Val)<\/em><\/p>\n<p>O Papa Francisco concluiu a celebra\u00e7\u00e3o com a adora\u00e7\u00e3o e a b\u00ean\u00e7\u00e3o eucar\u00edstica. Antes de sair da capela dedicada ao Esp\u00edrito Santo, foi entoada a ant\u00edfona mariana do \u201cRegina Coeli\u201d, cantada no tempo pascal:<\/p>\n<p style=\"padding-left: 40px;\"><em>Rainha do C\u00e9u<\/em><\/p>\n<p style=\"padding-left: 40px;\"><em>Rainha dos c\u00e9us, alegrai-vos. Aleluia!<\/em><\/p>\n<p style=\"padding-left: 40px;\"><em>Porque Aquele que merecestes trazer em vosso seio. Aleluia!<\/em><\/p>\n<p style=\"padding-left: 40px;\"><em>Ressuscitou como disse. Aleluia!<\/em><\/p>\n<p style=\"padding-left: 40px;\"><em>Rogai por n\u00f3s a Deus. Aleluia!<\/em><\/p>\n<p style=\"padding-left: 40px;\"><em>D.\/ Alegrai-vos e exultai, \u00f3 Virgem Maria. Aleluia!<\/em><\/p>\n<p style=\"padding-left: 40px;\"><em>C.\/ Porque o Senhor ressuscitou, verdadeiramente. Aleluia!<\/em><\/p>\n<hr \/>\n<p><strong>REGINA COELI<\/strong><\/p>\n<h1 class=\"article__title\">O Papa: seguir o caminho de Jesus protagonista da minha vida<\/h1>\n<div class=\"article__subTitle\">O Papa Francisco rezou a ora\u00e7\u00e3o mariana do Regina Coeli deste domingo (10\/05), na Biblioteca do Pal\u00e1cio Apost\u00f3lico, no Vaticano, por causa da pandemia de coronav\u00edrus ainda em andamento.<\/div>\n<div class=\"article__text\">\n<p>Francisco recordou que no Evangelho deste domingo, \u201couvimos o in\u00edcio do assim chamado \u2018Discurso de despedida\u2019 de Jesus. S\u00e3o palavras que Ele dirigiu aos disc\u00edpulos no final da \u00daltima Ceia, pouco antes de enfrentar a paix\u00e3o. Num momento t\u00e3o dram\u00e1tico, Jesus come\u00e7ou dizendo: \u201cN\u00e3o fique perturbado o cora\u00e7\u00e3o de voc\u00eas\u201d. Ele diz a n\u00f3s tamb\u00e9m, nos dramas da vida. Mas como fazer para que o cora\u00e7\u00e3o n\u00e3o se perturbe?\u201d<\/p>\n<p><i>O Senhor indica dois rem\u00e9dios para a perturba\u00e7\u00e3o. O primeiro \u00e9: \u201cTenham f\u00e9 em mim\u201d. Parece um conselho um pouco te\u00f3rico, abstrato. Em vez disso, Jesus quer nos dizer uma coisa espec\u00edfica. Ele sabe que, na vida, a ansiedade pior, a perturba\u00e7\u00e3o, nasce da sensa\u00e7\u00e3o de n\u00e3o ser capaz, do sentir-se sozinho e sem pontos de refer\u00eancia diante do que acontece. Essa ang\u00fastia, em que a dificuldade acrescenta dificuldade, n\u00e3o pode ser superada sozinha. Precisamos da ajuda de Jesus.<\/i><\/p>\n<p>\u201c\u00c9 por isso que Jesus pede para ter f\u00e9 Nele, ou seja, n\u00e3o nos apoiar em n\u00f3s mesmos, mas Nele, porque a liberta\u00e7\u00e3o da perturba\u00e7\u00e3o passa atrav\u00e9s da confian\u00e7a\u201d, frisou o Papa. \u201cConfiar-se a Jesus. Dar este passo. Esta \u00e9 a liberta\u00e7\u00e3o do turbamento. Jesus ressuscitou e est\u00e1 vivo para ficar sempre ao nosso lado. Ent\u00e3o podemos dizer-lhe: \u2018Jesus, creio que voc\u00ea ressuscitou e que est\u00e1 ao meu lado. Creio que voc\u00ea me ouve. Apresento-lhe o que me perturba, as minhas preocupa\u00e7\u00f5es: tenho f\u00e9 em Ti e me confio a Ti\u2019.\u201d<\/p>\n<p>A seguir, Francisco disse que \u201ch\u00e1 um segundo rem\u00e9dio para a perturba\u00e7\u00e3o, que Jesus expressa com essas palavras: \u2018Na casa de meu Pai h\u00e1 muitas moradas. [&#8230;] vou preparar um lugar para voc\u00eas\u2019.\u201d<\/p>\n<p><i>Eis o que Jesus fez por n\u00f3s: nos reservou um lugar no C\u00e9u. Tomou sobre si a nossa humanidade para lev\u00e1-la al\u00e9m da morte, para um novo lugar, no C\u00e9u, para que onde Ele est\u00e1, estejamos tamb\u00e9m n\u00f3s. \u00c9 a certeza que nos consola: h\u00e1 um lugar reservado para cada um. N\u00e3o vivemos sem meta e sem destino. Somos esperados, somos preciosos. Deus \u00e9 apaixonado pela beleza de seus filhos. E para n\u00f3s Ele preparou o lugar mais digno e bonito: o Para\u00edso.<\/i><\/p>\n<p>\u201cN\u00e3o nos esque\u00e7amos\u201d, disse o Pont\u00edfice: \u201cA morada que nos espera \u00e9 o Para\u00edso. Aqui estamos de passagem. Somos feitos para o C\u00e9u, para a vida eterna, para viver para sempre. Para sempre: \u00e9 algo que agora n\u00e3o conseguimos imaginar. Mas \u00e9 ainda mais bonito pensar que esse para\u00a0<i>sempre<\/i>\u00a0ser\u00e1 na alegria, na plena comunh\u00e3o com Deus e com os outros, sem mais l\u00e1grimas, rancores, divis\u00f5es e perturba\u00e7\u00f5es\u201d.<\/p>\n<p>\u201cMas como chegar ao Para\u00edso? Qual \u00e9 o caminho?\u201d, perguntou o Papa. Eis a frase decisiva de Jesus hoje: \u201cEu sou o caminho\u201d.<\/p>\n<p><i>Para subir ao C\u00e9u o caminho \u00e9 Jesus: \u00e9 ter um rela\u00e7\u00e3o viva com Ele, \u00e9 imit\u00e1-lo no amor, \u00e9 seguir os seus passos. E eu, crist\u00e3o, posso me perguntar: \u201cQual caminho devo seguir?\u201d Existem caminhos que n\u00e3o levam ao C\u00e9u: os caminhos da mundanidade, os caminhos da autoafirma\u00e7\u00e3o, os caminhos do poder ego\u00edsta. E h\u00e1 o caminho de Jesus, o caminho do amor humilde, da ora\u00e7\u00e3o, da mansid\u00e3o, da confian\u00e7a, do servi\u00e7o aos outros. N\u00e3o \u00e9 o caminho do meu protagonismo, \u00e9 o caminho de Jesus protagonista da minha vida. \u00c9 seguir em frente todos os dias dizendo-lhe: \u201cJesus, o que voc\u00ea acha dessa minha escolha? O que voc\u00ea faria nessa situa\u00e7\u00e3o, com essas pessoas?\u201d<\/i><\/p>\n<p>Francisco concluiu, dizendo que \u201cnos far\u00e1 bem perguntar a Jesus, que \u00e9 o caminho, as indica\u00e7\u00f5es para o C\u00e9u. Que Nossa Senhora, Rainha do C\u00e9u, nos ajude a seguir Jesus, que abriu o Para\u00edso para n\u00f3s\u201d.<\/p>\n<hr \/>\n<p><em>Fonte: Vatican News<\/em><\/p>\n<\/div>\n","protected":false},"excerpt":{"rendered":"<p>Missa em Santa Marta<\/p>\n","protected":false},"author":3,"featured_media":223485,"comment_status":"open","ping_status":"open","sticky":false,"template":"","format":"standard","meta":[],"categories":[1428],"tags":[1586],"acf":[],"yoast_head":"<!-- This site is optimized with the Yoast SEO plugin v19.2 - https:\/\/yoast.com\/wordpress\/plugins\/seo\/ -->\n<title>Papa: Rezar com pouca coragem \u00e9 falta de respeito - Not\u00edcias - Franciscanos<\/title>\n<meta name=\"robots\" content=\"index, follow, max-snippet:-1, max-image-preview:large, max-video-preview:-1\" \/>\n<link rel=\"canonical\" href=\"https:\/\/franciscanos.org.br\/noticias\/papa-rezar-com-pouca-coragem-e-falta-de-respeito.html\" \/>\n<meta property=\"og:locale\" content=\"pt_BR\" \/>\n<meta property=\"og:type\" content=\"article\" \/>\n<meta property=\"og:title\" content=\"Papa: Rezar com pouca coragem \u00e9 falta de respeito - Not\u00edcias - Franciscanos\" \/>\n<meta property=\"og:description\" content=\"Missa em Santa Marta\" \/>\n<meta property=\"og:url\" content=\"https:\/\/franciscanos.org.br\/noticias\/papa-rezar-com-pouca-coragem-e-falta-de-respeito.html\" \/>\n<meta property=\"og:site_name\" content=\"Not\u00edcias - Franciscanos\" \/>\n<meta property=\"article:published_time\" content=\"2020-05-10T09:44:26+00:00\" \/>\n<meta property=\"article:modified_time\" content=\"2020-06-05T14:50:54+00:00\" \/>\n<meta property=\"og:image\" content=\"https:\/\/franciscanos.org.br\/noticias\/wp-content\/uploads\/2020\/05\/marta_1005d.jpg\" \/>\n\t<meta property=\"og:image:width\" content=\"800\" \/>\n\t<meta property=\"og:image:height\" content=\"600\" \/>\n\t<meta property=\"og:image:type\" content=\"image\/jpeg\" \/>\n<meta name=\"author\" content=\"moacir\" \/>\n<meta name=\"twitter:card\" content=\"summary_large_image\" \/>\n<meta name=\"twitter:label1\" content=\"Escrito por\" \/>\n\t<meta name=\"twitter:data1\" content=\"moacir\" \/>\n\t<meta name=\"twitter:label2\" content=\"Est. tempo de leitura\" \/>\n\t<meta name=\"twitter:data2\" content=\"9 minutos\" \/>\n<script type=\"application\/ld+json\" class=\"yoast-schema-graph\">{\"@context\":\"https:\/\/schema.org\",\"@graph\":[{\"@type\":\"WebSite\",\"@id\":\"https:\/\/franciscanos.org.br\/noticias\/#website\",\"url\":\"https:\/\/franciscanos.org.br\/noticias\/\",\"name\":\"Not\u00edcias - Franciscanos\",\"description\":\"Prov\u00edncia Franciscana da Imaculada Concei\u00e7\u00e3o do Brasil - Ordem dos Frades Menores - OFM\",\"potentialAction\":[{\"@type\":\"SearchAction\",\"target\":{\"@type\":\"EntryPoint\",\"urlTemplate\":\"https:\/\/franciscanos.org.br\/noticias\/?s={search_term_string}\"},\"query-input\":\"required name=search_term_string\"}],\"inLanguage\":\"pt-BR\"},{\"@type\":\"ImageObject\",\"inLanguage\":\"pt-BR\",\"@id\":\"https:\/\/franciscanos.org.br\/noticias\/papa-rezar-com-pouca-coragem-e-falta-de-respeito.html#primaryimage\",\"url\":\"https:\/\/franciscanos.org.br\/noticias\/wp-content\/uploads\/2020\/05\/marta_1005d.jpg\",\"contentUrl\":\"https:\/\/franciscanos.org.br\/noticias\/wp-content\/uploads\/2020\/05\/marta_1005d.jpg\",\"width\":800,\"height\":600},{\"@type\":\"WebPage\",\"@id\":\"https:\/\/franciscanos.org.br\/noticias\/papa-rezar-com-pouca-coragem-e-falta-de-respeito.html#webpage\",\"url\":\"https:\/\/franciscanos.org.br\/noticias\/papa-rezar-com-pouca-coragem-e-falta-de-respeito.html\",\"name\":\"Papa: Rezar com pouca coragem \u00e9 falta de respeito - Not\u00edcias - Franciscanos\",\"isPartOf\":{\"@id\":\"https:\/\/franciscanos.org.br\/noticias\/#website\"},\"primaryImageOfPage\":{\"@id\":\"https:\/\/franciscanos.org.br\/noticias\/papa-rezar-com-pouca-coragem-e-falta-de-respeito.html#primaryimage\"},\"datePublished\":\"2020-05-10T09:44:26+00:00\",\"dateModified\":\"2020-06-05T14:50:54+00:00\",\"author\":{\"@id\":\"https:\/\/franciscanos.org.br\/noticias\/#\/schema\/person\/b5c8cba458c330ccff548b056e95a5d4\"},\"breadcrumb\":{\"@id\":\"https:\/\/franciscanos.org.br\/noticias\/papa-rezar-com-pouca-coragem-e-falta-de-respeito.html#breadcrumb\"},\"inLanguage\":\"pt-BR\",\"potentialAction\":[{\"@type\":\"ReadAction\",\"target\":[\"https:\/\/franciscanos.org.br\/noticias\/papa-rezar-com-pouca-coragem-e-falta-de-respeito.html\"]}]},{\"@type\":\"BreadcrumbList\",\"@id\":\"https:\/\/franciscanos.org.br\/noticias\/papa-rezar-com-pouca-coragem-e-falta-de-respeito.html#breadcrumb\",\"itemListElement\":[{\"@type\":\"ListItem\",\"position\":1,\"name\":\"Home\",\"item\":\"https:\/\/franciscanos.org.br\/noticias\"},{\"@type\":\"ListItem\",\"position\":2,\"name\":\"Papa: Rezar com pouca coragem \u00e9 falta de respeito\"}]},{\"@type\":\"Person\",\"@id\":\"https:\/\/franciscanos.org.br\/noticias\/#\/schema\/person\/b5c8cba458c330ccff548b056e95a5d4\",\"name\":\"moacir\",\"image\":{\"@type\":\"ImageObject\",\"inLanguage\":\"pt-BR\",\"@id\":\"https:\/\/franciscanos.org.br\/noticias\/#\/schema\/person\/image\/\",\"url\":\"https:\/\/secure.gravatar.com\/avatar\/d08aa2ce4c8dd416d4479aa8536fcf64?s=96&d=mm&r=g\",\"contentUrl\":\"https:\/\/secure.gravatar.com\/avatar\/d08aa2ce4c8dd416d4479aa8536fcf64?s=96&d=mm&r=g\",\"caption\":\"moacir\"},\"url\":\"https:\/\/franciscanos.org.br\/noticias\/author\/moacir\"}]}<\/script>\n<!-- \/ Yoast SEO plugin. -->","yoast_head_json":{"title":"Papa: Rezar com pouca coragem \u00e9 falta de respeito - Not\u00edcias - Franciscanos","robots":{"index":"index","follow":"follow","max-snippet":"max-snippet:-1","max-image-preview":"max-image-preview:large","max-video-preview":"max-video-preview:-1"},"canonical":"https:\/\/franciscanos.org.br\/noticias\/papa-rezar-com-pouca-coragem-e-falta-de-respeito.html","og_locale":"pt_BR","og_type":"article","og_title":"Papa: Rezar com pouca coragem \u00e9 falta de respeito - Not\u00edcias - Franciscanos","og_description":"Missa em Santa Marta","og_url":"https:\/\/franciscanos.org.br\/noticias\/papa-rezar-com-pouca-coragem-e-falta-de-respeito.html","og_site_name":"Not\u00edcias - Franciscanos","article_published_time":"2020-05-10T09:44:26+00:00","article_modified_time":"2020-06-05T14:50:54+00:00","og_image":[{"width":800,"height":600,"url":"https:\/\/franciscanos.org.br\/noticias\/wp-content\/uploads\/2020\/05\/marta_1005d.jpg","type":"image\/jpeg"}],"author":"moacir","twitter_card":"summary_large_image","twitter_misc":{"Escrito por":"moacir","Est. tempo de leitura":"9 minutos"},"schema":{"@context":"https:\/\/schema.org","@graph":[{"@type":"WebSite","@id":"https:\/\/franciscanos.org.br\/noticias\/#website","url":"https:\/\/franciscanos.org.br\/noticias\/","name":"Not\u00edcias - Franciscanos","description":"Prov\u00edncia Franciscana da Imaculada Concei\u00e7\u00e3o do Brasil - Ordem dos Frades Menores - OFM","potentialAction":[{"@type":"SearchAction","target":{"@type":"EntryPoint","urlTemplate":"https:\/\/franciscanos.org.br\/noticias\/?s={search_term_string}"},"query-input":"required name=search_term_string"}],"inLanguage":"pt-BR"},{"@type":"ImageObject","inLanguage":"pt-BR","@id":"https:\/\/franciscanos.org.br\/noticias\/papa-rezar-com-pouca-coragem-e-falta-de-respeito.html#primaryimage","url":"https:\/\/franciscanos.org.br\/noticias\/wp-content\/uploads\/2020\/05\/marta_1005d.jpg","contentUrl":"https:\/\/franciscanos.org.br\/noticias\/wp-content\/uploads\/2020\/05\/marta_1005d.jpg","width":800,"height":600},{"@type":"WebPage","@id":"https:\/\/franciscanos.org.br\/noticias\/papa-rezar-com-pouca-coragem-e-falta-de-respeito.html#webpage","url":"https:\/\/franciscanos.org.br\/noticias\/papa-rezar-com-pouca-coragem-e-falta-de-respeito.html","name":"Papa: Rezar com pouca coragem \u00e9 falta de respeito - Not\u00edcias - Franciscanos","isPartOf":{"@id":"https:\/\/franciscanos.org.br\/noticias\/#website"},"primaryImageOfPage":{"@id":"https:\/\/franciscanos.org.br\/noticias\/papa-rezar-com-pouca-coragem-e-falta-de-respeito.html#primaryimage"},"datePublished":"2020-05-10T09:44:26+00:00","dateModified":"2020-06-05T14:50:54+00:00","author":{"@id":"https:\/\/franciscanos.org.br\/noticias\/#\/schema\/person\/b5c8cba458c330ccff548b056e95a5d4"},"breadcrumb":{"@id":"https:\/\/franciscanos.org.br\/noticias\/papa-rezar-com-pouca-coragem-e-falta-de-respeito.html#breadcrumb"},"inLanguage":"pt-BR","potentialAction":[{"@type":"ReadAction","target":["https:\/\/franciscanos.org.br\/noticias\/papa-rezar-com-pouca-coragem-e-falta-de-respeito.html"]}]},{"@type":"BreadcrumbList","@id":"https:\/\/franciscanos.org.br\/noticias\/papa-rezar-com-pouca-coragem-e-falta-de-respeito.html#breadcrumb","itemListElement":[{"@type":"ListItem","position":1,"name":"Home","item":"https:\/\/franciscanos.org.br\/noticias"},{"@type":"ListItem","position":2,"name":"Papa: Rezar com pouca coragem \u00e9 falta de respeito"}]},{"@type":"Person","@id":"https:\/\/franciscanos.org.br\/noticias\/#\/schema\/person\/b5c8cba458c330ccff548b056e95a5d4","name":"moacir","image":{"@type":"ImageObject","inLanguage":"pt-BR","@id":"https:\/\/franciscanos.org.br\/noticias\/#\/schema\/person\/image\/","url":"https:\/\/secure.gravatar.com\/avatar\/d08aa2ce4c8dd416d4479aa8536fcf64?s=96&d=mm&r=g","contentUrl":"https:\/\/secure.gravatar.com\/avatar\/d08aa2ce4c8dd416d4479aa8536fcf64?s=96&d=mm&r=g","caption":"moacir"},"url":"https:\/\/franciscanos.org.br\/noticias\/author\/moacir"}]}},"_links":{"self":[{"href":"https:\/\/franciscanos.org.br\/noticias\/wp-json\/wp\/v2\/posts\/223484"}],"collection":[{"href":"https:\/\/franciscanos.org.br\/noticias\/wp-json\/wp\/v2\/posts"}],"about":[{"href":"https:\/\/franciscanos.org.br\/noticias\/wp-json\/wp\/v2\/types\/post"}],"author":[{"embeddable":true,"href":"https:\/\/franciscanos.org.br\/noticias\/wp-json\/wp\/v2\/users\/3"}],"replies":[{"embeddable":true,"href":"https:\/\/franciscanos.org.br\/noticias\/wp-json\/wp\/v2\/comments?post=223484"}],"version-history":[{"count":3,"href":"https:\/\/franciscanos.org.br\/noticias\/wp-json\/wp\/v2\/posts\/223484\/revisions"}],"predecessor-version":[{"id":224214,"href":"https:\/\/franciscanos.org.br\/noticias\/wp-json\/wp\/v2\/posts\/223484\/revisions\/224214"}],"wp:featuredmedia":[{"embeddable":true,"href":"https:\/\/franciscanos.org.br\/noticias\/wp-json\/wp\/v2\/media\/223485"}],"wp:attachment":[{"href":"https:\/\/franciscanos.org.br\/noticias\/wp-json\/wp\/v2\/media?parent=223484"}],"wp:term":[{"taxonomy":"category","embeddable":true,"href":"https:\/\/franciscanos.org.br\/noticias\/wp-json\/wp\/v2\/categories?post=223484"},{"taxonomy":"post_tag","embeddable":true,"href":"https:\/\/franciscanos.org.br\/noticias\/wp-json\/wp\/v2\/tags?post=223484"}],"curies":[{"name":"wp","href":"https:\/\/api.w.org\/{rel}","templated":true}]}}