{"id":223479,"date":"2020-05-09T15:27:35","date_gmt":"2020-05-09T18:27:35","guid":{"rendered":"https:\/\/franciscanos.org.br\/noticias\/?p=223479"},"modified":"2020-05-13T10:14:29","modified_gmt":"2020-05-13T13:14:29","slug":"telefonema-e-bencao-do-papa-francisco-ao-povo-de-sao-paulo","status":"publish","type":"post","link":"https:\/\/franciscanos.org.br\/noticias\/telefonema-e-bencao-do-papa-francisco-ao-povo-de-sao-paulo.html","title":{"rendered":"Telefonema e b\u00ean\u00e7\u00e3o do Papa Francisco ao povo de S\u00e3o Paulo"},"content":{"rendered":"<p><img loading=\"lazy\" class=\"alignnone size-full wp-image-223480\" src=\"https:\/\/franciscanos.org.br\/noticias\/wp-content\/uploads\/2020\/05\/se.jpg\" alt=\"\" width=\"1280\" height=\"720\" srcset=\"https:\/\/franciscanos.org.br\/noticias\/wp-content\/uploads\/2020\/05\/se.jpg 1280w, https:\/\/franciscanos.org.br\/noticias\/wp-content\/uploads\/2020\/05\/se-450x253.jpg 450w, https:\/\/franciscanos.org.br\/noticias\/wp-content\/uploads\/2020\/05\/se-1024x576.jpg 1024w, https:\/\/franciscanos.org.br\/noticias\/wp-content\/uploads\/2020\/05\/se-768x432.jpg 768w, https:\/\/franciscanos.org.br\/noticias\/wp-content\/uploads\/2020\/05\/se-150x84.jpg 150w\" sizes=\"(max-width: 1280px) 100vw, 1280px\" \/><\/p>\n<p><strong>Cidade do Vaticano<\/strong> &#8211; O arcebispo de S\u00e3o Paulo, cardeal Odilo Pedro Scherer informou que neste s\u00e1bado, 9 de maio, \u00e0s 11h50 teve a grata surpresa de receber, no seu celular, uma liga\u00e7\u00e3o do Papa Francisco. Em uma nota dom Odilo disse que o Papa perguntou \u201ccomo estamos em S\u00e3o Paulo, pois teve informa\u00e7\u00f5es sobre a situa\u00e7\u00e3o grave da pandemia em S\u00e3o Paulo. Manifestou grande preocupa\u00e7\u00e3o pelo n\u00famero crescente de doentes e pelas perdas de vidas humanas, prometendo rezar por todos. Tamb\u00e9m quis saber como est\u00e3o os pobres e expressou sua preocupa\u00e7\u00e3o pela situa\u00e7\u00e3o deles, sabendo que nem sempre eles t\u00eam casa, nem condi\u00e7\u00f5es adequadas para seguir as medidas preventivas contra o cont\u00e1gio. Expressou sua proximidade e solidariedade para com toda a popula\u00e7\u00e3o de S\u00e3o Paulo e disse que estava orando por n\u00f3s\u201d.<\/p>\n<p>Por fim, &#8211; acrescentou o cardeal Scherer \u2013 \u201cele pediu para transmitir a todos a sua b\u00ean\u00e7\u00e3o apost\u00f3lica e tamb\u00e9m se recomendou \u00e0s nossas ora\u00e7\u00f5es por ele. Eu lhe agradeci e disse que sua liga\u00e7\u00e3o e suas palavras eram motivo de grande conforto para n\u00f3s e que eu as transmitiria a todos, juntamente com sua b\u00ean\u00e7\u00e3o apost\u00f3lica\u201d.<\/p>\n<p><img loading=\"lazy\" src=\"https:\/\/franciscanos.org.br\/noticias\/wp-content\/uploads\/2020\/05\/carta.jpg\" alt=\"\" width=\"1280\" height=\"1570\" \/><\/p>\n","protected":false},"excerpt":{"rendered":"<p>Solidariedade do Papa Francisco<\/p>\n","protected":false},"author":3,"featured_media":223482,"comment_status":"open","ping_status":"open","sticky":false,"template":"","format":"standard","meta":[],"categories":[1],"tags":[55],"acf":[],"yoast_head":"<!-- This site is optimized with the Yoast SEO plugin v19.2 - https:\/\/yoast.com\/wordpress\/plugins\/seo\/ -->\n<title>Telefonema e b\u00ean\u00e7\u00e3o do Papa Francisco ao povo de S\u00e3o Paulo - Not\u00edcias - Franciscanos<\/title>\n<meta name=\"robots\" content=\"index, follow, max-snippet:-1, max-image-preview:large, max-video-preview:-1\" \/>\n<link rel=\"canonical\" href=\"https:\/\/franciscanos.org.br\/noticias\/telefonema-e-bencao-do-papa-francisco-ao-povo-de-sao-paulo.html\" \/>\n<meta property=\"og:locale\" content=\"pt_BR\" \/>\n<meta property=\"og:type\" content=\"article\" \/>\n<meta property=\"og:title\" content=\"Telefonema e b\u00ean\u00e7\u00e3o do Papa Francisco ao povo de S\u00e3o Paulo - Not\u00edcias - Franciscanos\" \/>\n<meta property=\"og:description\" content=\"Solidariedade do Papa Francisco\" \/>\n<meta property=\"og:url\" content=\"https:\/\/franciscanos.org.br\/noticias\/telefonema-e-bencao-do-papa-francisco-ao-povo-de-sao-paulo.html\" \/>\n<meta property=\"og:site_name\" content=\"Not\u00edcias - Franciscanos\" \/>\n<meta property=\"article:published_time\" content=\"2020-05-09T18:27:35+00:00\" \/>\n<meta property=\"article:modified_time\" content=\"2020-05-13T13:14:29+00:00\" \/>\n<meta property=\"og:image\" content=\"https:\/\/franciscanos.org.br\/noticias\/wp-content\/uploads\/2020\/05\/se_d.jpg\" \/>\n\t<meta property=\"og:image:width\" content=\"800\" \/>\n\t<meta property=\"og:image:height\" content=\"600\" \/>\n\t<meta property=\"og:image:type\" content=\"image\/jpeg\" \/>\n<meta name=\"author\" content=\"moacir\" \/>\n<meta name=\"twitter:card\" content=\"summary_large_image\" \/>\n<meta name=\"twitter:label1\" content=\"Escrito por\" \/>\n\t<meta name=\"twitter:data1\" content=\"moacir\" \/>\n\t<meta name=\"twitter:label2\" content=\"Est. tempo de leitura\" \/>\n\t<meta name=\"twitter:data2\" content=\"1 minuto\" \/>\n<script type=\"application\/ld+json\" class=\"yoast-schema-graph\">{\"@context\":\"https:\/\/schema.org\",\"@graph\":[{\"@type\":\"WebSite\",\"@id\":\"https:\/\/franciscanos.org.br\/noticias\/#website\",\"url\":\"https:\/\/franciscanos.org.br\/noticias\/\",\"name\":\"Not\u00edcias - Franciscanos\",\"description\":\"Prov\u00edncia Franciscana da Imaculada Concei\u00e7\u00e3o do Brasil - Ordem dos Frades Menores - OFM\",\"potentialAction\":[{\"@type\":\"SearchAction\",\"target\":{\"@type\":\"EntryPoint\",\"urlTemplate\":\"https:\/\/franciscanos.org.br\/noticias\/?s={search_term_string}\"},\"query-input\":\"required name=search_term_string\"}],\"inLanguage\":\"pt-BR\"},{\"@type\":\"ImageObject\",\"inLanguage\":\"pt-BR\",\"@id\":\"https:\/\/franciscanos.org.br\/noticias\/telefonema-e-bencao-do-papa-francisco-ao-povo-de-sao-paulo.html#primaryimage\",\"url\":\"https:\/\/franciscanos.org.br\/noticias\/wp-content\/uploads\/2020\/05\/se_d.jpg\",\"contentUrl\":\"https:\/\/franciscanos.org.br\/noticias\/wp-content\/uploads\/2020\/05\/se_d.jpg\",\"width\":800,\"height\":600},{\"@type\":\"WebPage\",\"@id\":\"https:\/\/franciscanos.org.br\/noticias\/telefonema-e-bencao-do-papa-francisco-ao-povo-de-sao-paulo.html#webpage\",\"url\":\"https:\/\/franciscanos.org.br\/noticias\/telefonema-e-bencao-do-papa-francisco-ao-povo-de-sao-paulo.html\",\"name\":\"Telefonema e b\u00ean\u00e7\u00e3o do Papa Francisco ao povo de S\u00e3o Paulo - Not\u00edcias - Franciscanos\",\"isPartOf\":{\"@id\":\"https:\/\/franciscanos.org.br\/noticias\/#website\"},\"primaryImageOfPage\":{\"@id\":\"https:\/\/franciscanos.org.br\/noticias\/telefonema-e-bencao-do-papa-francisco-ao-povo-de-sao-paulo.html#primaryimage\"},\"datePublished\":\"2020-05-09T18:27:35+00:00\",\"dateModified\":\"2020-05-13T13:14:29+00:00\",\"author\":{\"@id\":\"https:\/\/franciscanos.org.br\/noticias\/#\/schema\/person\/b5c8cba458c330ccff548b056e95a5d4\"},\"breadcrumb\":{\"@id\":\"https:\/\/franciscanos.org.br\/noticias\/telefonema-e-bencao-do-papa-francisco-ao-povo-de-sao-paulo.html#breadcrumb\"},\"inLanguage\":\"pt-BR\",\"potentialAction\":[{\"@type\":\"ReadAction\",\"target\":[\"https:\/\/franciscanos.org.br\/noticias\/telefonema-e-bencao-do-papa-francisco-ao-povo-de-sao-paulo.html\"]}]},{\"@type\":\"BreadcrumbList\",\"@id\":\"https:\/\/franciscanos.org.br\/noticias\/telefonema-e-bencao-do-papa-francisco-ao-povo-de-sao-paulo.html#breadcrumb\",\"itemListElement\":[{\"@type\":\"ListItem\",\"position\":1,\"name\":\"Home\",\"item\":\"https:\/\/franciscanos.org.br\/noticias\"},{\"@type\":\"ListItem\",\"position\":2,\"name\":\"Telefonema e b\u00ean\u00e7\u00e3o do Papa Francisco ao povo de S\u00e3o Paulo\"}]},{\"@type\":\"Person\",\"@id\":\"https:\/\/franciscanos.org.br\/noticias\/#\/schema\/person\/b5c8cba458c330ccff548b056e95a5d4\",\"name\":\"moacir\",\"image\":{\"@type\":\"ImageObject\",\"inLanguage\":\"pt-BR\",\"@id\":\"https:\/\/franciscanos.org.br\/noticias\/#\/schema\/person\/image\/\",\"url\":\"https:\/\/secure.gravatar.com\/avatar\/d08aa2ce4c8dd416d4479aa8536fcf64?s=96&d=mm&r=g\",\"contentUrl\":\"https:\/\/secure.gravatar.com\/avatar\/d08aa2ce4c8dd416d4479aa8536fcf64?s=96&d=mm&r=g\",\"caption\":\"moacir\"},\"url\":\"https:\/\/franciscanos.org.br\/noticias\/author\/moacir\"}]}<\/script>\n<!-- \/ Yoast SEO plugin. -->","yoast_head_json":{"title":"Telefonema e b\u00ean\u00e7\u00e3o do Papa Francisco ao povo de S\u00e3o Paulo - Not\u00edcias - Franciscanos","robots":{"index":"index","follow":"follow","max-snippet":"max-snippet:-1","max-image-preview":"max-image-preview:large","max-video-preview":"max-video-preview:-1"},"canonical":"https:\/\/franciscanos.org.br\/noticias\/telefonema-e-bencao-do-papa-francisco-ao-povo-de-sao-paulo.html","og_locale":"pt_BR","og_type":"article","og_title":"Telefonema e b\u00ean\u00e7\u00e3o do Papa Francisco ao povo de S\u00e3o Paulo - Not\u00edcias - Franciscanos","og_description":"Solidariedade do Papa Francisco","og_url":"https:\/\/franciscanos.org.br\/noticias\/telefonema-e-bencao-do-papa-francisco-ao-povo-de-sao-paulo.html","og_site_name":"Not\u00edcias - Franciscanos","article_published_time":"2020-05-09T18:27:35+00:00","article_modified_time":"2020-05-13T13:14:29+00:00","og_image":[{"width":800,"height":600,"url":"https:\/\/franciscanos.org.br\/noticias\/wp-content\/uploads\/2020\/05\/se_d.jpg","type":"image\/jpeg"}],"author":"moacir","twitter_card":"summary_large_image","twitter_misc":{"Escrito por":"moacir","Est. tempo de leitura":"1 minuto"},"schema":{"@context":"https:\/\/schema.org","@graph":[{"@type":"WebSite","@id":"https:\/\/franciscanos.org.br\/noticias\/#website","url":"https:\/\/franciscanos.org.br\/noticias\/","name":"Not\u00edcias - Franciscanos","description":"Prov\u00edncia Franciscana da Imaculada Concei\u00e7\u00e3o do Brasil - Ordem dos Frades Menores - OFM","potentialAction":[{"@type":"SearchAction","target":{"@type":"EntryPoint","urlTemplate":"https:\/\/franciscanos.org.br\/noticias\/?s={search_term_string}"},"query-input":"required name=search_term_string"}],"inLanguage":"pt-BR"},{"@type":"ImageObject","inLanguage":"pt-BR","@id":"https:\/\/franciscanos.org.br\/noticias\/telefonema-e-bencao-do-papa-francisco-ao-povo-de-sao-paulo.html#primaryimage","url":"https:\/\/franciscanos.org.br\/noticias\/wp-content\/uploads\/2020\/05\/se_d.jpg","contentUrl":"https:\/\/franciscanos.org.br\/noticias\/wp-content\/uploads\/2020\/05\/se_d.jpg","width":800,"height":600},{"@type":"WebPage","@id":"https:\/\/franciscanos.org.br\/noticias\/telefonema-e-bencao-do-papa-francisco-ao-povo-de-sao-paulo.html#webpage","url":"https:\/\/franciscanos.org.br\/noticias\/telefonema-e-bencao-do-papa-francisco-ao-povo-de-sao-paulo.html","name":"Telefonema e b\u00ean\u00e7\u00e3o do Papa Francisco ao povo de S\u00e3o Paulo - Not\u00edcias - Franciscanos","isPartOf":{"@id":"https:\/\/franciscanos.org.br\/noticias\/#website"},"primaryImageOfPage":{"@id":"https:\/\/franciscanos.org.br\/noticias\/telefonema-e-bencao-do-papa-francisco-ao-povo-de-sao-paulo.html#primaryimage"},"datePublished":"2020-05-09T18:27:35+00:00","dateModified":"2020-05-13T13:14:29+00:00","author":{"@id":"https:\/\/franciscanos.org.br\/noticias\/#\/schema\/person\/b5c8cba458c330ccff548b056e95a5d4"},"breadcrumb":{"@id":"https:\/\/franciscanos.org.br\/noticias\/telefonema-e-bencao-do-papa-francisco-ao-povo-de-sao-paulo.html#breadcrumb"},"inLanguage":"pt-BR","potentialAction":[{"@type":"ReadAction","target":["https:\/\/franciscanos.org.br\/noticias\/telefonema-e-bencao-do-papa-francisco-ao-povo-de-sao-paulo.html"]}]},{"@type":"BreadcrumbList","@id":"https:\/\/franciscanos.org.br\/noticias\/telefonema-e-bencao-do-papa-francisco-ao-povo-de-sao-paulo.html#breadcrumb","itemListElement":[{"@type":"ListItem","position":1,"name":"Home","item":"https:\/\/franciscanos.org.br\/noticias"},{"@type":"ListItem","position":2,"name":"Telefonema e b\u00ean\u00e7\u00e3o do Papa Francisco ao povo de S\u00e3o Paulo"}]},{"@type":"Person","@id":"https:\/\/franciscanos.org.br\/noticias\/#\/schema\/person\/b5c8cba458c330ccff548b056e95a5d4","name":"moacir","image":{"@type":"ImageObject","inLanguage":"pt-BR","@id":"https:\/\/franciscanos.org.br\/noticias\/#\/schema\/person\/image\/","url":"https:\/\/secure.gravatar.com\/avatar\/d08aa2ce4c8dd416d4479aa8536fcf64?s=96&d=mm&r=g","contentUrl":"https:\/\/secure.gravatar.com\/avatar\/d08aa2ce4c8dd416d4479aa8536fcf64?s=96&d=mm&r=g","caption":"moacir"},"url":"https:\/\/franciscanos.org.br\/noticias\/author\/moacir"}]}},"_links":{"self":[{"href":"https:\/\/franciscanos.org.br\/noticias\/wp-json\/wp\/v2\/posts\/223479"}],"collection":[{"href":"https:\/\/franciscanos.org.br\/noticias\/wp-json\/wp\/v2\/posts"}],"about":[{"href":"https:\/\/franciscanos.org.br\/noticias\/wp-json\/wp\/v2\/types\/post"}],"author":[{"embeddable":true,"href":"https:\/\/franciscanos.org.br\/noticias\/wp-json\/wp\/v2\/users\/3"}],"replies":[{"embeddable":true,"href":"https:\/\/franciscanos.org.br\/noticias\/wp-json\/wp\/v2\/comments?post=223479"}],"version-history":[{"count":3,"href":"https:\/\/franciscanos.org.br\/noticias\/wp-json\/wp\/v2\/posts\/223479\/revisions"}],"predecessor-version":[{"id":223628,"href":"https:\/\/franciscanos.org.br\/noticias\/wp-json\/wp\/v2\/posts\/223479\/revisions\/223628"}],"wp:featuredmedia":[{"embeddable":true,"href":"https:\/\/franciscanos.org.br\/noticias\/wp-json\/wp\/v2\/media\/223482"}],"wp:attachment":[{"href":"https:\/\/franciscanos.org.br\/noticias\/wp-json\/wp\/v2\/media?parent=223479"}],"wp:term":[{"taxonomy":"category","embeddable":true,"href":"https:\/\/franciscanos.org.br\/noticias\/wp-json\/wp\/v2\/categories?post=223479"},{"taxonomy":"post_tag","embeddable":true,"href":"https:\/\/franciscanos.org.br\/noticias\/wp-json\/wp\/v2\/tags?post=223479"}],"curies":[{"name":"wp","href":"https:\/\/api.w.org\/{rel}","templated":true}]}}