{"id":223475,"date":"2020-05-09T07:02:06","date_gmt":"2020-05-09T10:02:06","guid":{"rendered":"https:\/\/franciscanos.org.br\/noticias\/?p=223475"},"modified":"2021-08-29T11:33:30","modified_gmt":"2021-08-29T14:33:30","slug":"papa-o-diabo-quer-destruir-a-igreja-por-inveja-com-poder-e-dinheiro","status":"publish","type":"post","link":"https:\/\/franciscanos.org.br\/noticias\/papa-o-diabo-quer-destruir-a-igreja-por-inveja-com-poder-e-dinheiro.html","title":{"rendered":"Papa: o diabo quer destruir a Igreja por inveja com poder e dinheiro"},"content":{"rendered":"<div id=\"attachment_223476\" style=\"width: 990px\" class=\"wp-caption alignnone\"><img aria-describedby=\"caption-attachment-223476\" loading=\"lazy\" class=\"wp-image-223476 size-full\" src=\"https:\/\/franciscanos.org.br\/noticias\/wp-content\/uploads\/2020\/05\/marta_0905.jpg\" alt=\"\" width=\"980\" height=\"551\" srcset=\"https:\/\/franciscanos.org.br\/noticias\/wp-content\/uploads\/2020\/05\/marta_0905.jpg 980w, https:\/\/franciscanos.org.br\/noticias\/wp-content\/uploads\/2020\/05\/marta_0905-450x253.jpg 450w, https:\/\/franciscanos.org.br\/noticias\/wp-content\/uploads\/2020\/05\/marta_0905-768x432.jpg 768w, https:\/\/franciscanos.org.br\/noticias\/wp-content\/uploads\/2020\/05\/marta_0905-150x84.jpg 150w\" sizes=\"(max-width: 980px) 100vw, 980px\" \/><p id=\"caption-attachment-223476\" class=\"wp-caption-text\">\u00a0 \u00a0 \u00a0 \u00a0 \u00a0 \u00a0 \u00a0 \u00a0 \u00a0 \u00a0 \u00a0 \u00a0 \u00a0 \u00a0 \u00a0 \u00a0 \u00a0 \u00a0 \u00a0 \u00a0 \u00a0 \u00a0 \u00a0 \u00a0 \u00a0 \u00a0 \u00a0 \u00a0 \u00a0 \u00a0 \u00a0 \u00a0 \u00a0 \u00a0 \u00a0 \u00a0 \u00a0 \u00a0 \u00a0 \u00a0 \u00a0 \u00a0 \u00a0 \u00a0 \u00a0 \u00a0 \u00a0 \u00a0 \u00a0 \u00a0 \u00a0 \u00a0 \u00a0 \u00a0 \u00a0 \u00a0 \u00a0<em> \u00a0 Imagem: Vatican Media<\/em><\/p><\/div>\n<p><strong>Cidade do Vaticano<\/strong> &#8211; O Papa Francisco presidiu a missa na Casa Santa Marta no s\u00e1bado (09\/05) da quarta semana da P\u00e1scoa. Na introdu\u00e7\u00e3o, recordou a mem\u00f3ria de Santa Lu\u00edsa de Marillac, rezando pelas religiosas vicentinas que ajudam o Papa e pelos que vivem na Casa Santa Marta e administram o dispens\u00e1rio pedi\u00e1trico situado no Vaticano. A mem\u00f3ria de Santa Lu\u00edsa de Marillac \u00e9 normalmente celebrada em 15 de mar\u00e7o, mas caindo esse dia no Tempo da Quaresma, foi transferida para hoje. As irm\u00e3s que trabalham na Casa Santa Marta pertencem \u00e0 Congrega\u00e7\u00e3o das Filhas da Caridade, congrega\u00e7\u00e3o fundada por Santa Lu\u00edsa de Marillac, pertencente \u00e0 fam\u00edlia vicentina. Um quadro representando a santa foi levado para a capela. Esta \u00e9 a inten\u00e7\u00e3o de hoje do Papa:<\/p>\n<p>Hoje recordamos Santa Lu\u00edsa de Marillac: rezamos pelas irm\u00e3s vicentinas que levam adiante este ambulat\u00f3rio, este hospital h\u00e1 quase 100 anos e trabalham aqui, na Santa Marta, para este hospital. O Senhor aben\u00e7oe as religiosas.<\/p>\n<p><strong>A ora\u00e7\u00e3o do Papa<\/strong><br \/>\nNa homilia, o Papa comentou a passagem dos Atos dos Ap\u00f3stolos (Atos 13, 44-52), em que os judeus de Antioquia \u201ccheios de inveja e com palavras ofensivas\u201d contrariam as afirma\u00e7\u00f5es de Paulo sobre Jesus que d\u00e3o tanta alegria aos pag\u00e3os e provocam as mulheres da nobreza e os not\u00e1veis da cidade, suscitando uma persegui\u00e7\u00e3o que obriga Paolo e Barnab\u00e9 a deixarem o territ\u00f3rio.<\/p>\n<p>Francisco recordou o Salmo que foi lido: \u201cCantai ao Senhor um canto novo, porque ele fez prod\u00edgios! Sua m\u00e3o e o seu bra\u00e7o forte e santo alcan\u00e7aram-lhe a vit\u00f3ria. O Senhor fez conhecer a sua salva\u00e7\u00e3o, aos olhos do povo, revelou a sua justi\u00e7a\u201d. \u201cO Senhor\u201d, disse ele, \u201cfez maravilhas. Mas quanto esfor\u00e7o! Quanto esfor\u00e7o para as comunidades crist\u00e3s levarem adiante essas maravilhas do Senhor. Ouvimos a alegria na passagem dos Atos dos Ap\u00f3stolos: toda a cidade de Antioquia se reuniu para ouvir a Palavra do Senhor, porque Paulo, os ap\u00f3stolos pregaram com for\u00e7a, e o Esp\u00edrito os ajudava. Mas quando viram aquela multid\u00e3o, os judeus ficaram cheios de inveja e com palavras ofensivas, contrariaram as afirma\u00e7\u00f5es de Paulo\u201d.<\/p>\n<p>\u201cPor um lado, h\u00e1 o Senhor, h\u00e1 o Esp\u00edrito Santo que faz a Igreja crescer, e sempre cresce mais: isso \u00e9 verdade. Mas por outro, h\u00e1 o esp\u00edrito mau que procura destruir a Igreja. \u00c9 sempre assim. Sempre assim. Se vai adiante, mas depois vem o inimigo procurando destruir. O balan\u00e7o \u00e9 sempre positivo a longo prazo, mas quanto esfor\u00e7o, quanta dor, quanto mart\u00edrio! E o que aconteceu aqui, em Antioquia, acontece em todo lugar no Livro dos Atos dos Ap\u00f3stolos.\u201d<\/p>\n<p>\u201cPor um lado\u201d, observou o Papa, \u201ca Palavra de Deus\u201d que faz crescer e \u201cpor outro lado, a persegui\u00e7\u00e3o\u201d. \u201cQual \u00e9 o instrumento do diabo para destruir o an\u00fancio do Evangelho? \u00c9 a inveja. O Livro da Sabedoria fala claro: \u201cO pecado entrou no mundo pela inveja do diabo\u201d, inveja, ci\u00fame&#8230; Sempre esse sentimento amargo, amargo. Essas pessoas viram como se pregava o Evangelho e ficaram com raiva, roeram o f\u00edgado de raiva. E essa raiva os levou adiante: \u00e9 a raiva do diabo, \u00e9 a raiva que destr\u00f3i, a raiva do \u201cCrucifica-o, crucifica-o!\u201d, da tortura de Jesus. Ele quer destruir. Sempre. Sempre.\u201d<\/p>\n<p>\u201cA Igreja\u201d, recordou Francisco, \u201csegue em frente entre os consolos de Deus e as persegui\u00e7\u00f5es do mundo. Uma Igreja \u201cque n\u00e3o tem dificuldades falta alguma coisa\u201d e \u201cse o diabo est\u00e1 tranquilo, as coisas n\u00e3o v\u00e3o bem. Sempre existe a dificuldade, a tenta\u00e7\u00e3o, a luta&#8230; a inveja que destr\u00f3i. O Esp\u00edrito Santo faz a harmonia da Igreja e o esp\u00edrito mau destr\u00f3i, at\u00e9 hoje. Sempre essa luta\u201d. \u201cO instrumento dessa inveja\u201d, observou o Papa, \u201cs\u00e3o os poderes temporais. Nessa passagem se diz que \u201cos judeus provocaram as mulheres da nobreza\u201d. Foram a essas mulheres e disseram: \u201cEsses a\u00ed s\u00e3o revolucion\u00e1rios. Mandem eles embora\u201d. E \u201cas mulheres falaram com as outras e os mandaram embora. As mulheres piedosas da nobreza&#8230; E tamb\u00e9m os not\u00e1veis da cidade: eles v\u00e3o ao poder temporal e o poder temporal pode ser bom, as pessoas podem ser boas, mas o poder como tal \u00e9 sempre perigoso. O poder do mundo contra o poder de Deus movem tudo isso e sempre por tr\u00e1s disso, do poder, est\u00e1 o dinheiro\u201d.<\/p>\n<p>\u201cO que acontece na Igreja primitiva\u201d, disse o Papa, ou seja, \u201ca obra do Esp\u00edrito para construir a Igreja, para harmonizar a Igreja e a obra do esp\u00edrito mau para destru\u00ed-la, o recurso aos poderes temporais para deter a Igreja, destruir a Igreja, \u00e9 apenas um desenvolvimento do que acontece na manh\u00e3 da ressurrei\u00e7\u00e3o. Os soldados, vendo esse triunfo, foram at\u00e9 os sacerdotes e compraram a verdade&#8230; os sacerdotes. E a verdade foi silenciada. Desde a primeira manh\u00e3 da ressurrei\u00e7\u00e3o, triunfo de Cristo, existe essa trai\u00e7\u00e3o, este silenciar a palavra de Cristo, silenciar o triunfo da ressurrei\u00e7\u00e3o com o poder temporal: os chefes dos sacerdotes e o dinheiro\u201d.<\/p>\n<p>O Papa concluiu com uma exorta\u00e7\u00e3o: \u201cEstejamos atentos, estejamos atentos com a prega\u00e7\u00e3o do Evangelho\u201d para nunca cair na tenta\u00e7\u00e3o \u201cde confiar nos poderes temporais e no dinheiro. A confian\u00e7a dos crist\u00e3os est\u00e1 em Jesus Cristo e no Esp\u00edrito Santo que Ele enviou e o Esp\u00edrito Santo \u00e9 o fermento, \u00e9 a for\u00e7a que faz a Igreja crescer. Sim, a Igreja vai adiante, em paz, com resigna\u00e7\u00e3o, alegre: entre os consolos de Deus e as persegui\u00e7\u00f5es do mundo\u201d.<\/p>\n<p>O Papa convidou a fazer comunh\u00e3o espiritual com esta ora\u00e7\u00e3o:<\/p>\n<p style=\"padding-left: 40px;\"><em>Meu Jesus,<\/em><\/p>\n<p style=\"padding-left: 40px;\"><em>Eu creio que estais presente<\/em><\/p>\n<p style=\"padding-left: 40px;\"><em>no Sant\u00edssimo Sacramento do Altar.<\/em><\/p>\n<p style=\"padding-left: 40px;\"><em>Amo-vos sobre todas as coisas,<\/em><\/p>\n<p style=\"padding-left: 40px;\"><em>e minha alma suspira por V\u00f3s.<\/em><\/p>\n<p style=\"padding-left: 40px;\"><em>Mas como n\u00e3o posso receber-Vos<\/em><\/p>\n<p style=\"padding-left: 40px;\"><em>agora no Sant\u00edssimo Sacramento,<\/em><\/p>\n<p style=\"padding-left: 40px;\"><em>vinde, ao menos espiritualmente,<\/em><\/p>\n<p style=\"padding-left: 40px;\"><em>ao meu cora\u00e7\u00e3o.<\/em><\/p>\n<p style=\"padding-left: 40px;\"><em>Abra\u00e7o-me convosco come se j\u00e1<\/em><\/p>\n<p style=\"padding-left: 40px;\"><em>estiv\u00e9sseis comigo:<\/em><\/p>\n<p style=\"padding-left: 40px;\"><em>uno-me Convosco inteiramente.<\/em><\/p>\n<p style=\"padding-left: 40px;\"><em>Ah! N\u00e3o permitais que torne a<\/em><\/p>\n<p style=\"padding-left: 40px;\"><em>Separar-me de v\u00f3s!<\/em><\/p>\n<p>O Papa Francisco concluiu a celebra\u00e7\u00e3o com a adora\u00e7\u00e3o e a b\u00ean\u00e7\u00e3o eucar\u00edstica. Antes de sair da capela dedicada ao Esp\u00edrito Santo, foi entoada a ant\u00edfona mariana \u201cRegina caeli\u201d, cantada no tempo pascal:<\/p>\n<p style=\"padding-left: 40px;\"><em>Rainha do C\u00e9u<\/em><\/p>\n<p style=\"padding-left: 40px;\"><em>Rainha dos c\u00e9us, alegrai-vos. Aleluia!<\/em><\/p>\n<p style=\"padding-left: 40px;\"><em>Porque Aquele que merecestes trazer em vosso seio. Aleluia!<\/em><\/p>\n<p style=\"padding-left: 40px;\"><em>Ressuscitou como disse. Aleluia!<\/em><\/p>\n<p style=\"padding-left: 40px;\"><em>Rogai por n\u00f3s a Deus. Aleluia!<\/em><\/p>\n<p style=\"padding-left: 40px;\"><em>D.\/ Alegrai-vos e exultai, \u00f3 Virgem Maria. Aleluia!<\/em><\/p>\n<p style=\"padding-left: 40px;\"><em>C.\/ Porque o Senhor ressuscitou, verdadeiramente. Aleluia!<\/em><\/p>\n<hr \/>\n<p><em>Fonte: Vatican News<\/em><\/p>\n","protected":false},"excerpt":{"rendered":"<p>Missa em Santa Marta<\/p>\n","protected":false},"author":3,"featured_media":223477,"comment_status":"open","ping_status":"open","sticky":false,"template":"","format":"standard","meta":[],"categories":[1428],"tags":[1586],"acf":[],"yoast_head":"<!-- This site is optimized with the Yoast SEO plugin v19.2 - https:\/\/yoast.com\/wordpress\/plugins\/seo\/ -->\n<title>Papa: o diabo quer destruir a Igreja por inveja com poder e dinheiro - Not\u00edcias - Franciscanos<\/title>\n<meta name=\"robots\" content=\"index, follow, max-snippet:-1, max-image-preview:large, max-video-preview:-1\" \/>\n<link rel=\"canonical\" href=\"https:\/\/franciscanos.org.br\/noticias\/papa-o-diabo-quer-destruir-a-igreja-por-inveja-com-poder-e-dinheiro.html\" \/>\n<meta property=\"og:locale\" content=\"pt_BR\" \/>\n<meta property=\"og:type\" content=\"article\" \/>\n<meta property=\"og:title\" content=\"Papa: o diabo quer destruir a Igreja por inveja com poder e dinheiro - Not\u00edcias - Franciscanos\" \/>\n<meta property=\"og:description\" content=\"Missa em Santa Marta\" \/>\n<meta property=\"og:url\" content=\"https:\/\/franciscanos.org.br\/noticias\/papa-o-diabo-quer-destruir-a-igreja-por-inveja-com-poder-e-dinheiro.html\" \/>\n<meta property=\"og:site_name\" content=\"Not\u00edcias - Franciscanos\" \/>\n<meta property=\"article:published_time\" content=\"2020-05-09T10:02:06+00:00\" \/>\n<meta property=\"article:modified_time\" content=\"2021-08-29T14:33:30+00:00\" \/>\n<meta property=\"og:image\" content=\"https:\/\/franciscanos.org.br\/noticias\/wp-content\/uploads\/2020\/05\/marta_0905d.jpg\" \/>\n\t<meta property=\"og:image:width\" content=\"800\" \/>\n\t<meta property=\"og:image:height\" content=\"601\" \/>\n\t<meta property=\"og:image:type\" content=\"image\/jpeg\" \/>\n<meta name=\"author\" content=\"moacir\" \/>\n<meta name=\"twitter:card\" content=\"summary_large_image\" \/>\n<meta name=\"twitter:label1\" content=\"Escrito por\" \/>\n\t<meta name=\"twitter:data1\" content=\"moacir\" \/>\n\t<meta name=\"twitter:label2\" content=\"Est. tempo de leitura\" \/>\n\t<meta name=\"twitter:data2\" content=\"6 minutos\" \/>\n<script type=\"application\/ld+json\" class=\"yoast-schema-graph\">{\"@context\":\"https:\/\/schema.org\",\"@graph\":[{\"@type\":\"WebSite\",\"@id\":\"https:\/\/franciscanos.org.br\/noticias\/#website\",\"url\":\"https:\/\/franciscanos.org.br\/noticias\/\",\"name\":\"Not\u00edcias - Franciscanos\",\"description\":\"Prov\u00edncia Franciscana da Imaculada Concei\u00e7\u00e3o do Brasil - Ordem dos Frades Menores - OFM\",\"potentialAction\":[{\"@type\":\"SearchAction\",\"target\":{\"@type\":\"EntryPoint\",\"urlTemplate\":\"https:\/\/franciscanos.org.br\/noticias\/?s={search_term_string}\"},\"query-input\":\"required name=search_term_string\"}],\"inLanguage\":\"pt-BR\"},{\"@type\":\"ImageObject\",\"inLanguage\":\"pt-BR\",\"@id\":\"https:\/\/franciscanos.org.br\/noticias\/papa-o-diabo-quer-destruir-a-igreja-por-inveja-com-poder-e-dinheiro.html#primaryimage\",\"url\":\"https:\/\/franciscanos.org.br\/noticias\/wp-content\/uploads\/2020\/05\/marta_0905d.jpg\",\"contentUrl\":\"https:\/\/franciscanos.org.br\/noticias\/wp-content\/uploads\/2020\/05\/marta_0905d.jpg\",\"width\":800,\"height\":601},{\"@type\":\"WebPage\",\"@id\":\"https:\/\/franciscanos.org.br\/noticias\/papa-o-diabo-quer-destruir-a-igreja-por-inveja-com-poder-e-dinheiro.html#webpage\",\"url\":\"https:\/\/franciscanos.org.br\/noticias\/papa-o-diabo-quer-destruir-a-igreja-por-inveja-com-poder-e-dinheiro.html\",\"name\":\"Papa: o diabo quer destruir a Igreja por inveja com poder e dinheiro - Not\u00edcias - Franciscanos\",\"isPartOf\":{\"@id\":\"https:\/\/franciscanos.org.br\/noticias\/#website\"},\"primaryImageOfPage\":{\"@id\":\"https:\/\/franciscanos.org.br\/noticias\/papa-o-diabo-quer-destruir-a-igreja-por-inveja-com-poder-e-dinheiro.html#primaryimage\"},\"datePublished\":\"2020-05-09T10:02:06+00:00\",\"dateModified\":\"2021-08-29T14:33:30+00:00\",\"author\":{\"@id\":\"https:\/\/franciscanos.org.br\/noticias\/#\/schema\/person\/b5c8cba458c330ccff548b056e95a5d4\"},\"breadcrumb\":{\"@id\":\"https:\/\/franciscanos.org.br\/noticias\/papa-o-diabo-quer-destruir-a-igreja-por-inveja-com-poder-e-dinheiro.html#breadcrumb\"},\"inLanguage\":\"pt-BR\",\"potentialAction\":[{\"@type\":\"ReadAction\",\"target\":[\"https:\/\/franciscanos.org.br\/noticias\/papa-o-diabo-quer-destruir-a-igreja-por-inveja-com-poder-e-dinheiro.html\"]}]},{\"@type\":\"BreadcrumbList\",\"@id\":\"https:\/\/franciscanos.org.br\/noticias\/papa-o-diabo-quer-destruir-a-igreja-por-inveja-com-poder-e-dinheiro.html#breadcrumb\",\"itemListElement\":[{\"@type\":\"ListItem\",\"position\":1,\"name\":\"Home\",\"item\":\"https:\/\/franciscanos.org.br\/noticias\"},{\"@type\":\"ListItem\",\"position\":2,\"name\":\"Papa: o diabo quer destruir a Igreja por inveja com poder e dinheiro\"}]},{\"@type\":\"Person\",\"@id\":\"https:\/\/franciscanos.org.br\/noticias\/#\/schema\/person\/b5c8cba458c330ccff548b056e95a5d4\",\"name\":\"moacir\",\"image\":{\"@type\":\"ImageObject\",\"inLanguage\":\"pt-BR\",\"@id\":\"https:\/\/franciscanos.org.br\/noticias\/#\/schema\/person\/image\/\",\"url\":\"https:\/\/secure.gravatar.com\/avatar\/d08aa2ce4c8dd416d4479aa8536fcf64?s=96&d=mm&r=g\",\"contentUrl\":\"https:\/\/secure.gravatar.com\/avatar\/d08aa2ce4c8dd416d4479aa8536fcf64?s=96&d=mm&r=g\",\"caption\":\"moacir\"},\"url\":\"https:\/\/franciscanos.org.br\/noticias\/author\/moacir\"}]}<\/script>\n<!-- \/ Yoast SEO plugin. -->","yoast_head_json":{"title":"Papa: o diabo quer destruir a Igreja por inveja com poder e dinheiro - Not\u00edcias - Franciscanos","robots":{"index":"index","follow":"follow","max-snippet":"max-snippet:-1","max-image-preview":"max-image-preview:large","max-video-preview":"max-video-preview:-1"},"canonical":"https:\/\/franciscanos.org.br\/noticias\/papa-o-diabo-quer-destruir-a-igreja-por-inveja-com-poder-e-dinheiro.html","og_locale":"pt_BR","og_type":"article","og_title":"Papa: o diabo quer destruir a Igreja por inveja com poder e dinheiro - Not\u00edcias - Franciscanos","og_description":"Missa em Santa Marta","og_url":"https:\/\/franciscanos.org.br\/noticias\/papa-o-diabo-quer-destruir-a-igreja-por-inveja-com-poder-e-dinheiro.html","og_site_name":"Not\u00edcias - Franciscanos","article_published_time":"2020-05-09T10:02:06+00:00","article_modified_time":"2021-08-29T14:33:30+00:00","og_image":[{"width":800,"height":601,"url":"https:\/\/franciscanos.org.br\/noticias\/wp-content\/uploads\/2020\/05\/marta_0905d.jpg","type":"image\/jpeg"}],"author":"moacir","twitter_card":"summary_large_image","twitter_misc":{"Escrito por":"moacir","Est. tempo de leitura":"6 minutos"},"schema":{"@context":"https:\/\/schema.org","@graph":[{"@type":"WebSite","@id":"https:\/\/franciscanos.org.br\/noticias\/#website","url":"https:\/\/franciscanos.org.br\/noticias\/","name":"Not\u00edcias - Franciscanos","description":"Prov\u00edncia Franciscana da Imaculada Concei\u00e7\u00e3o do Brasil - Ordem dos Frades Menores - OFM","potentialAction":[{"@type":"SearchAction","target":{"@type":"EntryPoint","urlTemplate":"https:\/\/franciscanos.org.br\/noticias\/?s={search_term_string}"},"query-input":"required name=search_term_string"}],"inLanguage":"pt-BR"},{"@type":"ImageObject","inLanguage":"pt-BR","@id":"https:\/\/franciscanos.org.br\/noticias\/papa-o-diabo-quer-destruir-a-igreja-por-inveja-com-poder-e-dinheiro.html#primaryimage","url":"https:\/\/franciscanos.org.br\/noticias\/wp-content\/uploads\/2020\/05\/marta_0905d.jpg","contentUrl":"https:\/\/franciscanos.org.br\/noticias\/wp-content\/uploads\/2020\/05\/marta_0905d.jpg","width":800,"height":601},{"@type":"WebPage","@id":"https:\/\/franciscanos.org.br\/noticias\/papa-o-diabo-quer-destruir-a-igreja-por-inveja-com-poder-e-dinheiro.html#webpage","url":"https:\/\/franciscanos.org.br\/noticias\/papa-o-diabo-quer-destruir-a-igreja-por-inveja-com-poder-e-dinheiro.html","name":"Papa: o diabo quer destruir a Igreja por inveja com poder e dinheiro - Not\u00edcias - Franciscanos","isPartOf":{"@id":"https:\/\/franciscanos.org.br\/noticias\/#website"},"primaryImageOfPage":{"@id":"https:\/\/franciscanos.org.br\/noticias\/papa-o-diabo-quer-destruir-a-igreja-por-inveja-com-poder-e-dinheiro.html#primaryimage"},"datePublished":"2020-05-09T10:02:06+00:00","dateModified":"2021-08-29T14:33:30+00:00","author":{"@id":"https:\/\/franciscanos.org.br\/noticias\/#\/schema\/person\/b5c8cba458c330ccff548b056e95a5d4"},"breadcrumb":{"@id":"https:\/\/franciscanos.org.br\/noticias\/papa-o-diabo-quer-destruir-a-igreja-por-inveja-com-poder-e-dinheiro.html#breadcrumb"},"inLanguage":"pt-BR","potentialAction":[{"@type":"ReadAction","target":["https:\/\/franciscanos.org.br\/noticias\/papa-o-diabo-quer-destruir-a-igreja-por-inveja-com-poder-e-dinheiro.html"]}]},{"@type":"BreadcrumbList","@id":"https:\/\/franciscanos.org.br\/noticias\/papa-o-diabo-quer-destruir-a-igreja-por-inveja-com-poder-e-dinheiro.html#breadcrumb","itemListElement":[{"@type":"ListItem","position":1,"name":"Home","item":"https:\/\/franciscanos.org.br\/noticias"},{"@type":"ListItem","position":2,"name":"Papa: o diabo quer destruir a Igreja por inveja com poder e dinheiro"}]},{"@type":"Person","@id":"https:\/\/franciscanos.org.br\/noticias\/#\/schema\/person\/b5c8cba458c330ccff548b056e95a5d4","name":"moacir","image":{"@type":"ImageObject","inLanguage":"pt-BR","@id":"https:\/\/franciscanos.org.br\/noticias\/#\/schema\/person\/image\/","url":"https:\/\/secure.gravatar.com\/avatar\/d08aa2ce4c8dd416d4479aa8536fcf64?s=96&d=mm&r=g","contentUrl":"https:\/\/secure.gravatar.com\/avatar\/d08aa2ce4c8dd416d4479aa8536fcf64?s=96&d=mm&r=g","caption":"moacir"},"url":"https:\/\/franciscanos.org.br\/noticias\/author\/moacir"}]}},"_links":{"self":[{"href":"https:\/\/franciscanos.org.br\/noticias\/wp-json\/wp\/v2\/posts\/223475"}],"collection":[{"href":"https:\/\/franciscanos.org.br\/noticias\/wp-json\/wp\/v2\/posts"}],"about":[{"href":"https:\/\/franciscanos.org.br\/noticias\/wp-json\/wp\/v2\/types\/post"}],"author":[{"embeddable":true,"href":"https:\/\/franciscanos.org.br\/noticias\/wp-json\/wp\/v2\/users\/3"}],"replies":[{"embeddable":true,"href":"https:\/\/franciscanos.org.br\/noticias\/wp-json\/wp\/v2\/comments?post=223475"}],"version-history":[{"count":3,"href":"https:\/\/franciscanos.org.br\/noticias\/wp-json\/wp\/v2\/posts\/223475\/revisions"}],"predecessor-version":[{"id":234003,"href":"https:\/\/franciscanos.org.br\/noticias\/wp-json\/wp\/v2\/posts\/223475\/revisions\/234003"}],"wp:featuredmedia":[{"embeddable":true,"href":"https:\/\/franciscanos.org.br\/noticias\/wp-json\/wp\/v2\/media\/223477"}],"wp:attachment":[{"href":"https:\/\/franciscanos.org.br\/noticias\/wp-json\/wp\/v2\/media?parent=223475"}],"wp:term":[{"taxonomy":"category","embeddable":true,"href":"https:\/\/franciscanos.org.br\/noticias\/wp-json\/wp\/v2\/categories?post=223475"},{"taxonomy":"post_tag","embeddable":true,"href":"https:\/\/franciscanos.org.br\/noticias\/wp-json\/wp\/v2\/tags?post=223475"}],"curies":[{"name":"wp","href":"https:\/\/api.w.org\/{rel}","templated":true}]}}