{"id":223440,"date":"2020-05-07T06:38:29","date_gmt":"2020-05-07T09:38:29","guid":{"rendered":"https:\/\/franciscanos.org.br\/noticias\/?p=223440"},"modified":"2020-06-06T12:35:26","modified_gmt":"2020-06-06T15:35:26","slug":"papa-reza-pelos-artistas-sem-o-belo-nao-se-pode-compreender-o-evangelho","status":"publish","type":"post","link":"https:\/\/franciscanos.org.br\/noticias\/papa-reza-pelos-artistas-sem-o-belo-nao-se-pode-compreender-o-evangelho.html","title":{"rendered":"Papa reza pelos artistas: sem o belo n\u00e3o se pode compreender o Evangelho"},"content":{"rendered":"<p><img loading=\"lazy\" class=\"alignnone size-full wp-image-223441\" src=\"https:\/\/franciscanos.org.br\/noticias\/wp-content\/uploads\/2020\/05\/marta_0705.jpg\" alt=\"\" width=\"1336\" height=\"752\" srcset=\"https:\/\/franciscanos.org.br\/noticias\/wp-content\/uploads\/2020\/05\/marta_0705.jpg 1336w, https:\/\/franciscanos.org.br\/noticias\/wp-content\/uploads\/2020\/05\/marta_0705-450x253.jpg 450w, https:\/\/franciscanos.org.br\/noticias\/wp-content\/uploads\/2020\/05\/marta_0705-1024x576.jpg 1024w, https:\/\/franciscanos.org.br\/noticias\/wp-content\/uploads\/2020\/05\/marta_0705-768x432.jpg 768w, https:\/\/franciscanos.org.br\/noticias\/wp-content\/uploads\/2020\/05\/marta_0705-150x84.jpg 150w\" sizes=\"(max-width: 1336px) 100vw, 1336px\" \/><\/p>\n<p><strong>Cidade do Vaticano &#8211;<\/strong> O Papa Francisco presidiu a Missa na Casa Santa Marta, no Vaticano, na manh\u00e3 desta quinta-feira (07\/05) da IV Semana da P\u00e1scoa. Na introdu\u00e7\u00e3o, novamente dirigiu seu pensamento aos artistas: Ontem recebi uma carta de um grupo de artistas: agradeciam pela ora\u00e7\u00e3o que fizemos por eles. Gostaria de pedir ao Senhor que os aben\u00e7oe porque os artistas nos fazem compreender o que \u00e9 a beleza, e sem o belo n\u00e3o se pode compreender o Evangelho. Rezemos mais uma vez pelos artistas.<\/p>\n<p>Na homilia, o Papa comentou a passagem dos Atos dos Ap\u00f3stolos (At 13,13-25) em que Paulo, tendo chegado a Antioquia da Pis\u00eddia, explica na sinagoga a hist\u00f3ria do povo de Israel, anunciando que Jesus \u00e9 o Salvador esperado.<\/p>\n<p>Quando Paulo explica a nova doutrina para anunciar Jesus \u2013 afirmou o Papa \u2013, fala da hist\u00f3ria da salva\u00e7\u00e3o: \u201cO que h\u00e1 por tr\u00e1s de Jesus? H\u00e1 uma hist\u00f3ria. Uma hist\u00f3ria de gra\u00e7a, uma hist\u00f3ria de elei\u00e7\u00e3o, uma hist\u00f3ria de promessa\u201d. O Senhor escolheu Abra\u00e3o e caminhou com o seu povo: \u201cPor isso quando \u00e9 pedido a Paulo que explique o porqu\u00ea da f\u00e9 em Jesus Cristo, n\u00e3o come\u00e7a de Jesus Cristo: come\u00e7a da hist\u00f3ria. O cristianismo \u00e9 uma doutrina, sim, mas n\u00e3o s\u00f3. N\u00e3o s\u00f3 as coisas em que n\u00f3s cremos\u201d, mas \u00e9 uma hist\u00f3ria que traz \u201cesta doutrina que \u00e9 a promessa de Deus, a alian\u00e7a de Deus, ser eleitos por Deus. O cristianismo n\u00e3o \u00e9 somente uma \u00e9tica\u201d: tem \u201cprinc\u00edpios morais, mas n\u00e3o se \u00e9 crist\u00e3os somente com uma vis\u00e3o \u00e9tica. \u00c9 mais que isso. O cristianismo n\u00e3o \u00e9 uma elite de pessoas escolhidas para a verdade. Esse sentido elitista que depois prossegue na Igreja\u201d quando se diz: \u201cEu sou daquela institui\u00e7\u00e3o, eu perten\u00e7o a este movimento que \u00e9 melhor que o seu\u201d\u2026 n\u00e3o \u00e9 esse \u201csentido elitista. N\u00e3o, o cristianismo n\u00e3o \u00e9 isso: o cristianismo \u00e9 perten\u00e7a a um povo, a um povo escolhido por Deus gratuitamente. Se n\u00e3o tivermos esta consci\u00eancia de perten\u00e7a a um povo, seremos crist\u00e3os ideol\u00f3gicos, com uma doutrina pequenina de afirma\u00e7\u00f5es de verdades, com uma \u00e9tica, com uma moral\u201d ou mesmo considerando-nos \u201cuma elite, nos sentimos parte de um grupo escolhido por Deus \u2013 os crist\u00e3os \u2013, os outros ir\u00e3o para o inferno ou se se salvam \u00e9 pela miseric\u00f3rdia de Deus, mas s\u00e3o os descartados\u201d. \u201cSe n\u00e3o temos uma consci\u00eancia de perten\u00e7a a um povo n\u00e3o somos verdadeiros crist\u00e3os\u201d.<\/p>\n<p>Por isso Paulo \u2013 reiterou o Papa \u2013 explica Jesus a partir da perten\u00e7a a um povo: \u201cMuitas vezes, n\u00f3s ca\u00edmos nessas parcialidades, sejam dogm\u00e1ticas, morais ou elitistas. O sentido de elite \u00e9 aquele (sentido) que nos faz muito mal e perdemos aquele sentido de perten\u00e7a ao santo povo fiel de Deus, que Deus elegeu em Abra\u00e3o\u201d e prometeu Jesus, a \u201cgrande promessa\u201d, e o fez caminhar com esperan\u00e7a. \u00c9 ter a \u201cconsci\u00eancia de povo\u201d.<\/p>\n<p>\u00c9 preciso \u201ctransmitir a hist\u00f3ria da nossa salva\u00e7\u00e3o\u201d, a mem\u00f3ria de um povo, de ser povo, e \u201cnesta hist\u00f3ria do povo de Deus, at\u00e9 chegar a Jesus Cristo, houve santos, pecadores e muita gente comum, boa, com as virtudes e os pecados, mas todos. A famosa \u201cmultid\u00e3o\u201d que seguia Jesus, que tinha o faro de perten\u00e7a a um povo. Algu\u00e9m que se diz crist\u00e3o que n\u00e3o tenha esse faro n\u00e3o \u00e9 um verdadeiro crist\u00e3o\u201d, porque \u201cse sente justificado sem o povo\u201d.<\/p>\n<p>O desvio \u201cmais perigoso\u201d dos crist\u00e3os \u201choje e sempre\u201d \u2013 disse Francisco \u2013 \u00e9, sem d\u00favida, \u201ca falta de mem\u00f3ria de perten\u00e7a a um povo. Quando falta isso v\u00eam os dogmatismos, os moralismos, \u2018os eticismos\u2019, os movimentos de elite. Falta o povo. Um povo pecador sempre, os movimentos elitistas. Falta o povo. Um povo pecador, sempre, todos o somos, mas que em geral n\u00e3o erra, que tem o faro de ser povo eleito, que caminha tendo recebido uma promessa e que fez uma alian\u00e7a que ele talvez n\u00e3o cumpre, mas sabe\u201d.<\/p>\n<p>O Papa Francisco convidou a pedir ao Senhor esta consci\u00eancia de povo, que Nossa Senhora cantou em seu Magnificat e Zacarias em seu Benedictus: \u201cconsci\u00eancia de povo: n\u00f3s somos o santo povo fiel de Deus\u201d que \u201cem sua totalidade tem o faro da f\u00e9 e \u00e9 infal\u00edvel neste modo de crer\u201d.<\/p>\n<p>O Papa convidou a fazer a Comunh\u00e3o espiritual com a seguinte ora\u00e7\u00e3o:<\/p>\n<p style=\"padding-left: 40px;\"><em>Aos vossos p\u00e9s, \u00f3 meu Jesus, me prostro e vos ofere\u00e7o o arrependimento do meu cora\u00e7\u00e3o contrito que mergulha no seu nada na Vossa santa presen\u00e7a. Eu vos adoro no Sacramento do vosso amor, a inef\u00e1vel Eucaristia. Desejo receber-vos na pobre morada que meu cora\u00e7\u00e3o vos oferece; \u00e0 espera da felicidade da comunh\u00e3o sacramental, quero possuir-vos em Esp\u00edrito. Vinde a mim, \u00f3 meu Jesus, que eu venha a v\u00f3s. Que o vosso amor possa inflamar todo o meu ser, para a vida e para a morte. Creio em v\u00f3s, espero em v\u00f3s. Amo-vos. Assim seja.<\/em><\/p>\n<p>O Santo Padre terminou a celebra\u00e7\u00e3o com a adora\u00e7\u00e3o e a b\u00ean\u00e7\u00e3o eucar\u00edstica. Antes de deixar a Capela dedicada ao Esp\u00edrito Santo, foi entoada a ant\u00edfona mariana \u201cRegina caeli\u201d, cantada no tempo pascal:<\/p>\n<p style=\"padding-left: 40px;\"><em>Rainha dos c\u00e9us, alegrai-vos. Aleluia!<\/em><\/p>\n<p style=\"padding-left: 40px;\"><em>Porque Aquele que merecestes trazer em vosso seio. Aleluia!<\/em><\/p>\n<p style=\"padding-left: 40px;\"><em>Ressuscitou como disse. Aleluia!<\/em><\/p>\n<p style=\"padding-left: 40px;\"><em>Rogai por n\u00f3s a Deus. Aleluia!<\/em><\/p>\n<p style=\"padding-left: 40px;\"><em>D.\/ Alegrai-vos e exultai, \u00f3 Virgem Maria. Aleluia!<\/em><\/p>\n<p style=\"padding-left: 40px;\"><em>C.\/ Porque o Senhor ressuscitou, verdadeiramente. Aleluia!<\/em><\/p>\n<hr \/>\n<p><em>Fonte: Vatican News<\/em><\/p>\n","protected":false},"excerpt":{"rendered":"<p>Missa em Santa Marta<\/p>\n","protected":false},"author":3,"featured_media":223442,"comment_status":"open","ping_status":"open","sticky":false,"template":"","format":"standard","meta":[],"categories":[1428],"tags":[1586],"acf":[],"yoast_head":"<!-- This site is optimized with the Yoast SEO plugin v19.2 - https:\/\/yoast.com\/wordpress\/plugins\/seo\/ -->\n<title>Papa reza pelos artistas: sem o belo n\u00e3o se pode compreender o Evangelho - Not\u00edcias - Franciscanos<\/title>\n<meta name=\"robots\" content=\"index, follow, max-snippet:-1, max-image-preview:large, max-video-preview:-1\" \/>\n<link rel=\"canonical\" href=\"https:\/\/franciscanos.org.br\/noticias\/papa-reza-pelos-artistas-sem-o-belo-nao-se-pode-compreender-o-evangelho.html\" \/>\n<meta property=\"og:locale\" content=\"pt_BR\" \/>\n<meta property=\"og:type\" content=\"article\" \/>\n<meta property=\"og:title\" content=\"Papa reza pelos artistas: sem o belo n\u00e3o se pode compreender o Evangelho - Not\u00edcias - Franciscanos\" \/>\n<meta property=\"og:description\" content=\"Missa em Santa Marta\" \/>\n<meta property=\"og:url\" content=\"https:\/\/franciscanos.org.br\/noticias\/papa-reza-pelos-artistas-sem-o-belo-nao-se-pode-compreender-o-evangelho.html\" \/>\n<meta property=\"og:site_name\" content=\"Not\u00edcias - Franciscanos\" \/>\n<meta property=\"article:published_time\" content=\"2020-05-07T09:38:29+00:00\" \/>\n<meta property=\"article:modified_time\" content=\"2020-06-06T15:35:26+00:00\" \/>\n<meta property=\"og:image\" content=\"https:\/\/franciscanos.org.br\/noticias\/wp-content\/uploads\/2020\/05\/marta_0705d.jpg\" \/>\n\t<meta property=\"og:image:width\" content=\"800\" \/>\n\t<meta property=\"og:image:height\" content=\"600\" \/>\n\t<meta property=\"og:image:type\" content=\"image\/jpeg\" \/>\n<meta name=\"author\" content=\"moacir\" \/>\n<meta name=\"twitter:card\" content=\"summary_large_image\" \/>\n<meta name=\"twitter:label1\" content=\"Escrito por\" \/>\n\t<meta name=\"twitter:data1\" content=\"moacir\" \/>\n\t<meta name=\"twitter:label2\" content=\"Est. tempo de leitura\" \/>\n\t<meta name=\"twitter:data2\" content=\"5 minutos\" \/>\n<script type=\"application\/ld+json\" class=\"yoast-schema-graph\">{\"@context\":\"https:\/\/schema.org\",\"@graph\":[{\"@type\":\"WebSite\",\"@id\":\"https:\/\/franciscanos.org.br\/noticias\/#website\",\"url\":\"https:\/\/franciscanos.org.br\/noticias\/\",\"name\":\"Not\u00edcias - Franciscanos\",\"description\":\"Prov\u00edncia Franciscana da Imaculada Concei\u00e7\u00e3o do Brasil - Ordem dos Frades Menores - OFM\",\"potentialAction\":[{\"@type\":\"SearchAction\",\"target\":{\"@type\":\"EntryPoint\",\"urlTemplate\":\"https:\/\/franciscanos.org.br\/noticias\/?s={search_term_string}\"},\"query-input\":\"required name=search_term_string\"}],\"inLanguage\":\"pt-BR\"},{\"@type\":\"ImageObject\",\"inLanguage\":\"pt-BR\",\"@id\":\"https:\/\/franciscanos.org.br\/noticias\/papa-reza-pelos-artistas-sem-o-belo-nao-se-pode-compreender-o-evangelho.html#primaryimage\",\"url\":\"https:\/\/franciscanos.org.br\/noticias\/wp-content\/uploads\/2020\/05\/marta_0705d.jpg\",\"contentUrl\":\"https:\/\/franciscanos.org.br\/noticias\/wp-content\/uploads\/2020\/05\/marta_0705d.jpg\",\"width\":800,\"height\":600},{\"@type\":\"WebPage\",\"@id\":\"https:\/\/franciscanos.org.br\/noticias\/papa-reza-pelos-artistas-sem-o-belo-nao-se-pode-compreender-o-evangelho.html#webpage\",\"url\":\"https:\/\/franciscanos.org.br\/noticias\/papa-reza-pelos-artistas-sem-o-belo-nao-se-pode-compreender-o-evangelho.html\",\"name\":\"Papa reza pelos artistas: sem o belo n\u00e3o se pode compreender o Evangelho - Not\u00edcias - Franciscanos\",\"isPartOf\":{\"@id\":\"https:\/\/franciscanos.org.br\/noticias\/#website\"},\"primaryImageOfPage\":{\"@id\":\"https:\/\/franciscanos.org.br\/noticias\/papa-reza-pelos-artistas-sem-o-belo-nao-se-pode-compreender-o-evangelho.html#primaryimage\"},\"datePublished\":\"2020-05-07T09:38:29+00:00\",\"dateModified\":\"2020-06-06T15:35:26+00:00\",\"author\":{\"@id\":\"https:\/\/franciscanos.org.br\/noticias\/#\/schema\/person\/b5c8cba458c330ccff548b056e95a5d4\"},\"breadcrumb\":{\"@id\":\"https:\/\/franciscanos.org.br\/noticias\/papa-reza-pelos-artistas-sem-o-belo-nao-se-pode-compreender-o-evangelho.html#breadcrumb\"},\"inLanguage\":\"pt-BR\",\"potentialAction\":[{\"@type\":\"ReadAction\",\"target\":[\"https:\/\/franciscanos.org.br\/noticias\/papa-reza-pelos-artistas-sem-o-belo-nao-se-pode-compreender-o-evangelho.html\"]}]},{\"@type\":\"BreadcrumbList\",\"@id\":\"https:\/\/franciscanos.org.br\/noticias\/papa-reza-pelos-artistas-sem-o-belo-nao-se-pode-compreender-o-evangelho.html#breadcrumb\",\"itemListElement\":[{\"@type\":\"ListItem\",\"position\":1,\"name\":\"Home\",\"item\":\"https:\/\/franciscanos.org.br\/noticias\"},{\"@type\":\"ListItem\",\"position\":2,\"name\":\"Papa reza pelos artistas: sem o belo n\u00e3o se pode compreender o Evangelho\"}]},{\"@type\":\"Person\",\"@id\":\"https:\/\/franciscanos.org.br\/noticias\/#\/schema\/person\/b5c8cba458c330ccff548b056e95a5d4\",\"name\":\"moacir\",\"image\":{\"@type\":\"ImageObject\",\"inLanguage\":\"pt-BR\",\"@id\":\"https:\/\/franciscanos.org.br\/noticias\/#\/schema\/person\/image\/\",\"url\":\"https:\/\/secure.gravatar.com\/avatar\/d08aa2ce4c8dd416d4479aa8536fcf64?s=96&d=mm&r=g\",\"contentUrl\":\"https:\/\/secure.gravatar.com\/avatar\/d08aa2ce4c8dd416d4479aa8536fcf64?s=96&d=mm&r=g\",\"caption\":\"moacir\"},\"url\":\"https:\/\/franciscanos.org.br\/noticias\/author\/moacir\"}]}<\/script>\n<!-- \/ Yoast SEO plugin. -->","yoast_head_json":{"title":"Papa reza pelos artistas: sem o belo n\u00e3o se pode compreender o Evangelho - Not\u00edcias - Franciscanos","robots":{"index":"index","follow":"follow","max-snippet":"max-snippet:-1","max-image-preview":"max-image-preview:large","max-video-preview":"max-video-preview:-1"},"canonical":"https:\/\/franciscanos.org.br\/noticias\/papa-reza-pelos-artistas-sem-o-belo-nao-se-pode-compreender-o-evangelho.html","og_locale":"pt_BR","og_type":"article","og_title":"Papa reza pelos artistas: sem o belo n\u00e3o se pode compreender o Evangelho - Not\u00edcias - Franciscanos","og_description":"Missa em Santa Marta","og_url":"https:\/\/franciscanos.org.br\/noticias\/papa-reza-pelos-artistas-sem-o-belo-nao-se-pode-compreender-o-evangelho.html","og_site_name":"Not\u00edcias - Franciscanos","article_published_time":"2020-05-07T09:38:29+00:00","article_modified_time":"2020-06-06T15:35:26+00:00","og_image":[{"width":800,"height":600,"url":"https:\/\/franciscanos.org.br\/noticias\/wp-content\/uploads\/2020\/05\/marta_0705d.jpg","type":"image\/jpeg"}],"author":"moacir","twitter_card":"summary_large_image","twitter_misc":{"Escrito por":"moacir","Est. tempo de leitura":"5 minutos"},"schema":{"@context":"https:\/\/schema.org","@graph":[{"@type":"WebSite","@id":"https:\/\/franciscanos.org.br\/noticias\/#website","url":"https:\/\/franciscanos.org.br\/noticias\/","name":"Not\u00edcias - Franciscanos","description":"Prov\u00edncia Franciscana da Imaculada Concei\u00e7\u00e3o do Brasil - Ordem dos Frades Menores - OFM","potentialAction":[{"@type":"SearchAction","target":{"@type":"EntryPoint","urlTemplate":"https:\/\/franciscanos.org.br\/noticias\/?s={search_term_string}"},"query-input":"required name=search_term_string"}],"inLanguage":"pt-BR"},{"@type":"ImageObject","inLanguage":"pt-BR","@id":"https:\/\/franciscanos.org.br\/noticias\/papa-reza-pelos-artistas-sem-o-belo-nao-se-pode-compreender-o-evangelho.html#primaryimage","url":"https:\/\/franciscanos.org.br\/noticias\/wp-content\/uploads\/2020\/05\/marta_0705d.jpg","contentUrl":"https:\/\/franciscanos.org.br\/noticias\/wp-content\/uploads\/2020\/05\/marta_0705d.jpg","width":800,"height":600},{"@type":"WebPage","@id":"https:\/\/franciscanos.org.br\/noticias\/papa-reza-pelos-artistas-sem-o-belo-nao-se-pode-compreender-o-evangelho.html#webpage","url":"https:\/\/franciscanos.org.br\/noticias\/papa-reza-pelos-artistas-sem-o-belo-nao-se-pode-compreender-o-evangelho.html","name":"Papa reza pelos artistas: sem o belo n\u00e3o se pode compreender o Evangelho - Not\u00edcias - Franciscanos","isPartOf":{"@id":"https:\/\/franciscanos.org.br\/noticias\/#website"},"primaryImageOfPage":{"@id":"https:\/\/franciscanos.org.br\/noticias\/papa-reza-pelos-artistas-sem-o-belo-nao-se-pode-compreender-o-evangelho.html#primaryimage"},"datePublished":"2020-05-07T09:38:29+00:00","dateModified":"2020-06-06T15:35:26+00:00","author":{"@id":"https:\/\/franciscanos.org.br\/noticias\/#\/schema\/person\/b5c8cba458c330ccff548b056e95a5d4"},"breadcrumb":{"@id":"https:\/\/franciscanos.org.br\/noticias\/papa-reza-pelos-artistas-sem-o-belo-nao-se-pode-compreender-o-evangelho.html#breadcrumb"},"inLanguage":"pt-BR","potentialAction":[{"@type":"ReadAction","target":["https:\/\/franciscanos.org.br\/noticias\/papa-reza-pelos-artistas-sem-o-belo-nao-se-pode-compreender-o-evangelho.html"]}]},{"@type":"BreadcrumbList","@id":"https:\/\/franciscanos.org.br\/noticias\/papa-reza-pelos-artistas-sem-o-belo-nao-se-pode-compreender-o-evangelho.html#breadcrumb","itemListElement":[{"@type":"ListItem","position":1,"name":"Home","item":"https:\/\/franciscanos.org.br\/noticias"},{"@type":"ListItem","position":2,"name":"Papa reza pelos artistas: sem o belo n\u00e3o se pode compreender o Evangelho"}]},{"@type":"Person","@id":"https:\/\/franciscanos.org.br\/noticias\/#\/schema\/person\/b5c8cba458c330ccff548b056e95a5d4","name":"moacir","image":{"@type":"ImageObject","inLanguage":"pt-BR","@id":"https:\/\/franciscanos.org.br\/noticias\/#\/schema\/person\/image\/","url":"https:\/\/secure.gravatar.com\/avatar\/d08aa2ce4c8dd416d4479aa8536fcf64?s=96&d=mm&r=g","contentUrl":"https:\/\/secure.gravatar.com\/avatar\/d08aa2ce4c8dd416d4479aa8536fcf64?s=96&d=mm&r=g","caption":"moacir"},"url":"https:\/\/franciscanos.org.br\/noticias\/author\/moacir"}]}},"_links":{"self":[{"href":"https:\/\/franciscanos.org.br\/noticias\/wp-json\/wp\/v2\/posts\/223440"}],"collection":[{"href":"https:\/\/franciscanos.org.br\/noticias\/wp-json\/wp\/v2\/posts"}],"about":[{"href":"https:\/\/franciscanos.org.br\/noticias\/wp-json\/wp\/v2\/types\/post"}],"author":[{"embeddable":true,"href":"https:\/\/franciscanos.org.br\/noticias\/wp-json\/wp\/v2\/users\/3"}],"replies":[{"embeddable":true,"href":"https:\/\/franciscanos.org.br\/noticias\/wp-json\/wp\/v2\/comments?post=223440"}],"version-history":[{"count":2,"href":"https:\/\/franciscanos.org.br\/noticias\/wp-json\/wp\/v2\/posts\/223440\/revisions"}],"predecessor-version":[{"id":224594,"href":"https:\/\/franciscanos.org.br\/noticias\/wp-json\/wp\/v2\/posts\/223440\/revisions\/224594"}],"wp:featuredmedia":[{"embeddable":true,"href":"https:\/\/franciscanos.org.br\/noticias\/wp-json\/wp\/v2\/media\/223442"}],"wp:attachment":[{"href":"https:\/\/franciscanos.org.br\/noticias\/wp-json\/wp\/v2\/media?parent=223440"}],"wp:term":[{"taxonomy":"category","embeddable":true,"href":"https:\/\/franciscanos.org.br\/noticias\/wp-json\/wp\/v2\/categories?post=223440"},{"taxonomy":"post_tag","embeddable":true,"href":"https:\/\/franciscanos.org.br\/noticias\/wp-json\/wp\/v2\/tags?post=223440"}],"curies":[{"name":"wp","href":"https:\/\/api.w.org\/{rel}","templated":true}]}}