{"id":223435,"date":"2020-05-06T06:10:11","date_gmt":"2020-05-06T09:10:11","guid":{"rendered":"https:\/\/franciscanos.org.br\/noticias\/?p=223435"},"modified":"2021-08-29T11:34:30","modified_gmt":"2021-08-29T14:34:30","slug":"papa-francisco-a-oracao-e-o-respiro-da-fe","status":"publish","type":"post","link":"https:\/\/franciscanos.org.br\/noticias\/papa-francisco-a-oracao-e-o-respiro-da-fe.html","title":{"rendered":"Papa Francisco: \u201cA ora\u00e7\u00e3o \u00e9 o respiro da f\u00e9\u201d"},"content":{"rendered":"<div id=\"attachment_223438\" style=\"width: 1010px\" class=\"wp-caption alignnone\"><img aria-describedby=\"caption-attachment-223438\" loading=\"lazy\" class=\"wp-image-223438 size-full\" src=\"https:\/\/franciscanos.org.br\/noticias\/wp-content\/uploads\/2020\/05\/audiencia.jpeg\" alt=\"\" width=\"1000\" height=\"563\" srcset=\"https:\/\/franciscanos.org.br\/noticias\/wp-content\/uploads\/2020\/05\/audiencia.jpeg 1000w, https:\/\/franciscanos.org.br\/noticias\/wp-content\/uploads\/2020\/05\/audiencia-450x253.jpeg 450w, https:\/\/franciscanos.org.br\/noticias\/wp-content\/uploads\/2020\/05\/audiencia-768x432.jpeg 768w, https:\/\/franciscanos.org.br\/noticias\/wp-content\/uploads\/2020\/05\/audiencia-150x84.jpeg 150w\" sizes=\"(max-width: 1000px) 100vw, 1000px\" \/><p id=\"caption-attachment-223438\" class=\"wp-caption-text\">\u00a0 \u00a0 \u00a0 \u00a0 \u00a0 \u00a0 \u00a0 \u00a0 \u00a0 \u00a0 \u00a0 \u00a0 \u00a0 \u00a0 \u00a0 \u00a0 \u00a0 \u00a0 \u00a0 \u00a0 \u00a0 \u00a0 \u00a0 \u00a0 \u00a0 \u00a0 \u00a0 \u00a0 \u00a0 \u00a0 \u00a0 \u00a0 \u00a0 \u00a0 \u00a0 \u00a0 \u00a0 \u00a0 \u00a0 \u00a0 \u00a0 \u00a0 \u00a0 \u00a0 \u00a0 \u00a0 \u00a0 \u00a0 \u00a0 \u00a0 <em>\u00a0 \u00a0 \u00a0 \u00a0 Imagem: Vatican Media<\/em><\/p><\/div>\n<p><strong>Cidade do Vaticano<\/strong> &#8211; Na Audi\u00eancia Geral desta quarta-feira (06\/05), realizada na Biblioteca do Pal\u00e1cio Apost\u00f3lico, por causa da pandemia de coronav\u00edrus, o Papa Francisco iniciou um novo ciclo de catequeses, desta vez dedicado \u00e0 ora\u00e7\u00e3o.<\/p>\n<p>\u201cA ora\u00e7\u00e3o \u00e9 o respiro da f\u00e9, \u00e9 a sua express\u00e3o mais apropriada. Como um grito que sai do cora\u00e7\u00e3o de quem acredita e confia em Deus\u201d, disse Francisco, convidando a pensar na hist\u00f3ria do cego Bartimeu, que ficava sentado na rua pedindo esmola na periferia de Jeric\u00f3. \u201cN\u00e3o \u00e9 um personagem an\u00f4nimo, ele tem um rosto, um nome: Bartimeu, o filho de Timeu\u201d, disse o Papa, que ouve falar que Jesus passaria por ali e faz de tudo para encontrar Jesus.<\/p>\n<p>Este homem entra nos Evangelhos como uma voz que grita com toda a for\u00e7a. Ele n\u00e3o v\u00ea. Ele n\u00e3o sabe se Jesus est\u00e1 perto ou longe, mas entende isso atrav\u00e9s da multid\u00e3o, que a um certo ponto aumenta e se aproxima, mas ele est\u00e1 completamente sozinho e ningu\u00e9m se importa com isso. E o que Bartimeu faz? Grita. Usa a \u00fanica arma que tem: a voz. Come\u00e7a a gritar: \u00abJesus, Filho de Davi, tem piedade de mim!\u00bb<\/p>\n<p>O Papa frisou que \u201cos seus gritos insistentes incomodam e muitos o repreendem, dizendo-lhe para ficar quieto. Bartimeu n\u00e3o se cala, pelo contr\u00e1rio, grita ainda mais forte: \u00abJesus, Filho de Davi, tem piedade de mim!\u00bb Essa express\u00e3o: \u2018Filho de Davi\u2019 \u00e9 muito importante, significa \u2018o Messias\u2019. \u00c9 uma profiss\u00e3o de f\u00e9 que sai da boca daquele homem desprezado por todos\u201d.<\/p>\n<p>Jesus escuta o seu grito. A ora\u00e7\u00e3o de Bartimeu toca seu cora\u00e7\u00e3o, o cora\u00e7\u00e3o de Deus, e as portas da salva\u00e7\u00e3o se abrem para ele. Jesus o chama. Ele se levanta e aqueles que antes lhe disseram para ficar calado agora o conduzem ao Mestre. Jesus fala com ele, pede para que expresse o seu desejo e ent\u00e3o o grito se torna um pedido: \u00abMestre, eu quero ver de novo\u00bb.<\/p>\n<p>Jesus lhe disse: \u201cVai, a tua f\u00e9 te salvou\u201d. O Senhor \u201creconhece a for\u00e7a da f\u00e9 daquele homem pobre, indefeso e desprezado, que atraiu a miseric\u00f3rdia e o poder de Deus. A f\u00e9 \u00e9 ter duas m\u00e3os levantadas, uma voz que grita, implorando o dom da salva\u00e7\u00e3o\u201d, disse ainda o Papa, recordando que o Catecismo da Igreja Cat\u00f3lica afirma que \u201ca humildade \u00e9 o fundamento da ora\u00e7\u00e3o\u201d. \u201cA ora\u00e7\u00e3o nasce da terra, do h\u00famus, de onde vem o \u201chumilde\u201d, a \u201chumildade\u201d; vem do nosso estado de precariedade, da nossa sede cont\u00ednua de Deus.\u201d A seguir, Francisco acrescentou:<\/p>\n<p>A f\u00e9 \u00e9 um grito, a falta de f\u00e9 \u00e9 sufocar aquele grito, \u00e9 como um \u201csil\u00eancio\u201d. A f\u00e9 \u00e9 um protesto contra uma condi\u00e7\u00e3o dolorosa da qual n\u00e3o entendemos o motivo; a falta de f\u00e9 \u00e9 aceitar viver uma situa\u00e7\u00e3o \u00e0 qual nos adaptamos. A f\u00e9 \u00e9 esperan\u00e7a de ser salvo; a falta de f\u00e9 \u00e9 habituar-se ao mal que nos oprime.<\/p>\n<p>Segundo o Papa, \u201cBartimeu \u00e9 um homem perseverante. Ao seu redor havia pessoas que diziam que implorar era in\u00fatil, que era um grito sem resposta, que era um barulho que incomodava e basta: mas ele n\u00e3o ficou em sil\u00eancio. E no final, conseguiu o que queria\u201d.<\/p>\n<p>\u201cMais forte do que qualquer argumento contr\u00e1rio, no cora\u00e7\u00e3o humano tem uma voz que invoca. Uma voz que sai espontaneamente, sem que ningu\u00e9m a comande, uma voz que questiona o significado de nosso caminho aqui em baixo, sobretudo quando nos encontramos na escurid\u00e3o: \u201cJesus, tem piedade de mim! Jesus, tem piedade de todos n\u00f3s!\u201d Talvez essas palavras n\u00e3o estejam gravadas em toda a cria\u00e7\u00e3o? Tudo invoca e suplica para que o mist\u00e9rio da miseric\u00f3rdia encontre sua realiza\u00e7\u00e3o definitiva\u201d, sublinhou ainda Francisco.<\/p>\n<p>O Papa concluiu sua catequese, dizendo que \u201cos crist\u00e3os n\u00e3o apenas rezam, mas partilham o grito da ora\u00e7\u00e3o com todos os homens e mulheres\u201d. Segundo Francisco, \u201co horizonte ainda pode ser ampliado, pois Paulo afirma que toda a cria\u00e7\u00e3o \u201cgeme e sofre as dores do parto\u201d. \u201cOs artistas muitas vezes se tornam int\u00e9rpretes desse grito silencioso que preme em toda criatura e emerge no cora\u00e7\u00e3o humano, porque o ser humano \u00e9 um \u201cmendigo de Deus\u201d.\u201d<\/p>\n<hr \/>\n<p><img loading=\"lazy\" class=\"alignnone size-full wp-image-223436\" src=\"https:\/\/franciscanos.org.br\/noticias\/wp-content\/uploads\/2020\/05\/marta_0605.jpg\" alt=\"\" width=\"1280\" height=\"720\" srcset=\"https:\/\/franciscanos.org.br\/noticias\/wp-content\/uploads\/2020\/05\/marta_0605.jpg 1280w, https:\/\/franciscanos.org.br\/noticias\/wp-content\/uploads\/2020\/05\/marta_0605-450x253.jpg 450w, https:\/\/franciscanos.org.br\/noticias\/wp-content\/uploads\/2020\/05\/marta_0605-1024x576.jpg 1024w, https:\/\/franciscanos.org.br\/noticias\/wp-content\/uploads\/2020\/05\/marta_0605-768x432.jpg 768w, https:\/\/franciscanos.org.br\/noticias\/wp-content\/uploads\/2020\/05\/marta_0605-150x84.jpg 150w\" sizes=\"(max-width: 1280px) 100vw, 1280px\" \/><\/p>\n<h3>MISSA EM SANTA MARTA<\/h3>\n<p><strong>Papa: Deus ajude os profissionais da m\u00eddia a trabalhar sempre a servi\u00e7o da verdade<\/strong><\/p>\n<p>Francisco presidiu a Missa na casa Santa Marta, no Vaticano, na manh\u00e3 desta quarta-feira (06\/05) da IV Semana da P\u00e1scoa. Na introdu\u00e7\u00e3o, dirigiu seu pensamento aos profissionais da m\u00eddia:\u00a0Rezemos hoje pelos homens e mulheres que trabalham nos meios de comunica\u00e7\u00e3o. Neste tempo de pandemia, correm muitos riscos e h\u00e1 muito trabalho. Que o Senhor os ajude neste trabalho de transmiss\u00e3o sempre da verdade.<\/p>\n<p>Na homilia, o Papa comentou o Evangelho do dia (Jo 12,44-50) em que Jesus afirma: \u201cQuem cr\u00ea em mim n\u00e3o \u00e9 em mim que cr\u00ea, mas naquele que me enviou. Quem me v\u00ea, v\u00ea aquele que me enviou. Eu vim ao mundo como luz, para que todo aquele que cr\u00ea em mim n\u00e3o permane\u00e7a nas trevas. Se algu\u00e9m ouvir as minhas palavras e n\u00e3o as observar, eu n\u00e3o o julgo, porque eu n\u00e3o vim para julgar o mundo, mas para salv\u00e1-lo. Quem me rejeita e n\u00e3o aceita as minhas palavras j\u00e1 tem o seu juiz: a palavra que eu falei o julgar\u00e1 no \u00faltimo dia\u201d.<\/p>\n<p>\u201cEsta passagem do Evangelho de Jo\u00e3o \u2013 afirmou o Papa \u2013 nos mostra a intimidade que havia entre Jesus e o Pai. Jesus fazia aquilo que o Pai lhe disse para fazer.\u201d E precisa a sua miss\u00e3o: \u201cEu vim ao mundo como luz, para que todo aquele que cr\u00ea em mim n\u00e3o permane\u00e7a nas trevas\u201d. \u201cApresenta-se como luz. A Miss\u00e3o de Jesus \u00e9 iluminar\u201d e Ele mesmo disse: \u201cEu sou a luz do mundo\u201d. O profeta Isa\u00edas tinha profetizado esta luz: \u201cO povo que caminhava nas trevas viu uma grande luz\u201d. \u00c9 \u201ca promessa da luz que iluminar\u00e1 o povo. E tamb\u00e9m a miss\u00e3o dos ap\u00f3stolos \u00e9 levar a luz\u201d, como Paulo disse ter sido escolhido para iluminar, para levar esta luz\u201d que n\u00e3o \u00e9 sua, mas de outro. \u00c9 a miss\u00e3o de Jesus e dos ap\u00f3stolos: iluminar, porque o mundo se encontra nas trevas.<\/p>\n<p>\u201cO drama da luz de Jesus \u2013 ressaltou o Papa Francisco \u2013 \u00e9 que foi rejeitada\u201d, como diz Jo\u00e3o no in\u00edcio do Evangelho: \u201cVeio aos seus e os seus n\u00e3o a acolheram. Amavam mais as trevas do que a luz\u201d. Acostumar-se com as trevas, viver nas trevas: \u201cN\u00e3o sabem aceitar a luz, n\u00e3o podem; s\u00e3o escravos das trevas. E esta ser\u00e1 a luta de Jesus, cont\u00ednua: iluminar, trazer a luz que mostra como est\u00e3o as coisas, como s\u00e3o; mostra a liberdade, mostra a verdade\u201d \u2013 com a luz de Jesus.<\/p>\n<p>\u201cPaulo teve essa experi\u00eancia da passagem das trevas \u00e0 luz, quando o Senhor o encontrou no caminho de Damasco. Ficou cego\u201d. Com o batismo recobrou a luz: \u201cTeve essa experi\u00eancia da passagem das trevas, nas quais se encontrava, para a luz. \u00c9 tamb\u00e9m a nossa passagem, que sacramentalmente a recebemos no batismo: por isso o batismo se chamava, nos primeiros s\u00e9culos, \u2018a ilumina\u00e7\u00e3o\u2019, porque lhe dava a luz\u201d e por isso no batismo se d\u00e1 uma vela acesa aos pais porque o menino, a menina, s\u00e3o iluminados. \u201cJesus traz a luz\u201d.<\/p>\n<p>Mas \u201co seu povo \u2013 observou o Papa \u2013 a rejeitou. Est\u00e1 t\u00e3o acostumado com as trevas que a luz o encandeia\u201d e \u201ceste \u00e9 o drama do nosso pecado: o pecado nos cega e n\u00e3o podemos tolerar a luz. Temos os olhos doentes\u201d. Jesus diz isso claramente, no Evangelho de Mateus: \u201cSe teu olho estiver doente, todo o teu corpo estar\u00e1 doente\u201d. E \u201cse teu olho v\u00ea somente as trevas, quantas trevas existir\u00e3o dentro de ti?\u201d \u201cA convers\u00e3o \u00e9 passar das trevas \u00e0 luz. Mas quais s\u00e3o as coisas que adoecem os olhos, os olhos da f\u00e9\u201d e \u201cos cegam? Os v\u00edcios, o esp\u00edrito mundano, a soberba\u201d.<\/p>\n<p>Essas tr\u00eas coisas \u2013 observou o Papa \u2013 o impelem a associar-se a outros \u201cpara permanecer seguros nas trevas. N\u00f3s habitualmente falamos das m\u00e1fias: \u00e9 isso. Mas existem m\u00e1fias espirituais, existem m\u00e1fias dom\u00e9sticas\u201d: \u00e9 um \u201cbuscar outra pessoa para proteger-se e permanecer nas trevas. N\u00e3o \u00e9 f\u00e1cil viver na luz. A luz nos mostra muitas coisas ruins, dentro de n\u00f3s, que n\u00e3o queremos ver: os v\u00edcios, os pecados&#8230; Pensemos em nossos v\u00edcios, pensemos em nossa soberba, pensemos em nosso esp\u00edrito mundano: essas coisas nos cegam, nos distanciam da luz de Jesus\u201d.<\/p>\n<p>Mas se pensarmos nessas coisas \u2013 acrescentou Francisco \u2013 \u201cn\u00e3o encontraremos um muro, n\u00e3o: encontraremos uma sa\u00edda\u201d, porque Jesus mesmo diz que Ele \u00e9 a luz: \u201cVim ao mundo n\u00e3o para condenar o mundo, mas para salvar o mundo\u201d. Jesus mesmo, a luz, diz: \u201cTende coragem, deixai-vos iluminar, deixai-vos ver por aquilo que tendes dentro, porque sou eu a conduzir-vos adiante, a salvar-vos. N\u00e3o vos condeno. Eu vos salvo\u201d. \u00c9 \u201co Senhor que nos salva das trevas que temos dentro, das trevas da vida cotidiana, da vida social, da vida pol\u00edtica, da vida nacional, internacional&#8230; tantas trevas\u201d e \u201co Senhor nos salva. Mas, antes, pede que as vejamos; ter a coragem de ver as nossas trevas para que a luz do Senhor entre e nos salve. N\u00e3o tenhamos medo do Senhor \u2013 concluiu o Papa \u2013, \u00e9 muito bom, \u00e9 manso, \u00e9 pr\u00f3ximo de n\u00f3s. Veio para salvar-nos. N\u00e3o tenhamos medo da luz de Jesus\u201d.<\/p>\n<p>O Papa convidou a fazer a Comunh\u00e3o espiritual com a seguinte ora\u00e7\u00e3o:<\/p>\n<p style=\"padding-left: 40px;\"><em>Meu Jesus, eu creio que estais presente no Sant\u00edssimo Sacramento do Altar. Amo-vos sobre todas as coisas, e minha alma suspira por V\u00f3s. Mas, como n\u00e3o posso receber-Vos agora no Sant\u00edssimo Sacramento, vinde, ao menos espiritualmente, a meu cora\u00e7\u00e3o. Abra\u00e7o-me convosco como se j\u00e1 estiv\u00e9sseis comigo: uno-me Convosco inteiramente. Ah! n\u00e3o permitais que torne a separar-me de V\u00f3s!<\/em><\/p>\n<p>Francisco terminou a celebra\u00e7\u00e3o com adora\u00e7\u00e3o e a b\u00ean\u00e7\u00e3o eucar\u00edstica. Antes de deixar a Capela dedicada ao Esp\u00edrito Santo, foi entoada a ant\u00edfona mariana \u201cRegina caeli\u201d, cantada no tempo pascal:<\/p>\n<p style=\"padding-left: 40px;\"><em>Rainha dos c\u00e9us, alegrai-vos. Aleluia!<\/em><\/p>\n<p style=\"padding-left: 40px;\"><em>Porque Aquele que merecestes trazer em vosso seio. Aleluia!<\/em><\/p>\n<p style=\"padding-left: 40px;\"><em>Ressuscitou como disse. Aleluia!<\/em><\/p>\n<p style=\"padding-left: 40px;\"><em>Rogai por n\u00f3s a Deus. Aleluia!<\/em><\/p>\n<p style=\"padding-left: 40px;\"><em>D.\/ Alegrai-vos e exultai, \u00f3 Virgem Maria. Aleluia!<\/em><\/p>\n<p style=\"padding-left: 40px;\"><em>C.\/ Porque o Senhor ressuscitou, verdadeiramente. Aleluia!<\/em><\/p>\n<hr \/>\n<p><em>Fonte: Vatican News<\/em><\/p>\n","protected":false},"excerpt":{"rendered":"<p>Audi\u00eancia Geral e Missa em Santa Marta<\/p>\n","protected":false},"author":3,"featured_media":223437,"comment_status":"open","ping_status":"open","sticky":false,"template":"","format":"standard","meta":[],"categories":[1428],"tags":[487],"acf":[],"yoast_head":"<!-- This site is optimized with the Yoast SEO plugin v19.2 - https:\/\/yoast.com\/wordpress\/plugins\/seo\/ -->\n<title>Papa Francisco: \u201cA ora\u00e7\u00e3o \u00e9 o respiro da f\u00e9\u201d - Not\u00edcias - Franciscanos<\/title>\n<meta name=\"robots\" content=\"index, follow, max-snippet:-1, max-image-preview:large, max-video-preview:-1\" \/>\n<link rel=\"canonical\" href=\"https:\/\/franciscanos.org.br\/noticias\/papa-francisco-a-oracao-e-o-respiro-da-fe.html\" \/>\n<meta property=\"og:locale\" content=\"pt_BR\" \/>\n<meta property=\"og:type\" content=\"article\" \/>\n<meta property=\"og:title\" content=\"Papa Francisco: \u201cA ora\u00e7\u00e3o \u00e9 o respiro da f\u00e9\u201d - Not\u00edcias - Franciscanos\" \/>\n<meta property=\"og:description\" content=\"Audi\u00eancia Geral e Missa em Santa Marta\" \/>\n<meta property=\"og:url\" content=\"https:\/\/franciscanos.org.br\/noticias\/papa-francisco-a-oracao-e-o-respiro-da-fe.html\" \/>\n<meta property=\"og:site_name\" content=\"Not\u00edcias - Franciscanos\" \/>\n<meta property=\"article:published_time\" content=\"2020-05-06T09:10:11+00:00\" \/>\n<meta property=\"article:modified_time\" content=\"2021-08-29T14:34:30+00:00\" \/>\n<meta property=\"og:image\" content=\"https:\/\/franciscanos.org.br\/noticias\/wp-content\/uploads\/2020\/05\/marta_0605-1.jpg\" \/>\n\t<meta property=\"og:image:width\" content=\"1280\" \/>\n\t<meta property=\"og:image:height\" content=\"720\" \/>\n\t<meta property=\"og:image:type\" content=\"image\/jpeg\" \/>\n<meta name=\"author\" content=\"moacir\" \/>\n<meta name=\"twitter:card\" content=\"summary_large_image\" \/>\n<meta name=\"twitter:label1\" content=\"Escrito por\" \/>\n\t<meta name=\"twitter:data1\" content=\"moacir\" \/>\n\t<meta name=\"twitter:label2\" content=\"Est. tempo de leitura\" \/>\n\t<meta name=\"twitter:data2\" content=\"9 minutos\" \/>\n<script type=\"application\/ld+json\" class=\"yoast-schema-graph\">{\"@context\":\"https:\/\/schema.org\",\"@graph\":[{\"@type\":\"WebSite\",\"@id\":\"https:\/\/franciscanos.org.br\/noticias\/#website\",\"url\":\"https:\/\/franciscanos.org.br\/noticias\/\",\"name\":\"Not\u00edcias - Franciscanos\",\"description\":\"Prov\u00edncia Franciscana da Imaculada Concei\u00e7\u00e3o do Brasil - Ordem dos Frades Menores - OFM\",\"potentialAction\":[{\"@type\":\"SearchAction\",\"target\":{\"@type\":\"EntryPoint\",\"urlTemplate\":\"https:\/\/franciscanos.org.br\/noticias\/?s={search_term_string}\"},\"query-input\":\"required name=search_term_string\"}],\"inLanguage\":\"pt-BR\"},{\"@type\":\"ImageObject\",\"inLanguage\":\"pt-BR\",\"@id\":\"https:\/\/franciscanos.org.br\/noticias\/papa-francisco-a-oracao-e-o-respiro-da-fe.html#primaryimage\",\"url\":\"https:\/\/franciscanos.org.br\/noticias\/wp-content\/uploads\/2020\/05\/marta_0605-1.jpg\",\"contentUrl\":\"https:\/\/franciscanos.org.br\/noticias\/wp-content\/uploads\/2020\/05\/marta_0605-1.jpg\",\"width\":1280,\"height\":720},{\"@type\":\"WebPage\",\"@id\":\"https:\/\/franciscanos.org.br\/noticias\/papa-francisco-a-oracao-e-o-respiro-da-fe.html#webpage\",\"url\":\"https:\/\/franciscanos.org.br\/noticias\/papa-francisco-a-oracao-e-o-respiro-da-fe.html\",\"name\":\"Papa Francisco: \u201cA ora\u00e7\u00e3o \u00e9 o respiro da f\u00e9\u201d - Not\u00edcias - Franciscanos\",\"isPartOf\":{\"@id\":\"https:\/\/franciscanos.org.br\/noticias\/#website\"},\"primaryImageOfPage\":{\"@id\":\"https:\/\/franciscanos.org.br\/noticias\/papa-francisco-a-oracao-e-o-respiro-da-fe.html#primaryimage\"},\"datePublished\":\"2020-05-06T09:10:11+00:00\",\"dateModified\":\"2021-08-29T14:34:30+00:00\",\"author\":{\"@id\":\"https:\/\/franciscanos.org.br\/noticias\/#\/schema\/person\/b5c8cba458c330ccff548b056e95a5d4\"},\"breadcrumb\":{\"@id\":\"https:\/\/franciscanos.org.br\/noticias\/papa-francisco-a-oracao-e-o-respiro-da-fe.html#breadcrumb\"},\"inLanguage\":\"pt-BR\",\"potentialAction\":[{\"@type\":\"ReadAction\",\"target\":[\"https:\/\/franciscanos.org.br\/noticias\/papa-francisco-a-oracao-e-o-respiro-da-fe.html\"]}]},{\"@type\":\"BreadcrumbList\",\"@id\":\"https:\/\/franciscanos.org.br\/noticias\/papa-francisco-a-oracao-e-o-respiro-da-fe.html#breadcrumb\",\"itemListElement\":[{\"@type\":\"ListItem\",\"position\":1,\"name\":\"Home\",\"item\":\"https:\/\/franciscanos.org.br\/noticias\"},{\"@type\":\"ListItem\",\"position\":2,\"name\":\"Papa Francisco: \u201cA ora\u00e7\u00e3o \u00e9 o respiro da f\u00e9\u201d\"}]},{\"@type\":\"Person\",\"@id\":\"https:\/\/franciscanos.org.br\/noticias\/#\/schema\/person\/b5c8cba458c330ccff548b056e95a5d4\",\"name\":\"moacir\",\"image\":{\"@type\":\"ImageObject\",\"inLanguage\":\"pt-BR\",\"@id\":\"https:\/\/franciscanos.org.br\/noticias\/#\/schema\/person\/image\/\",\"url\":\"https:\/\/secure.gravatar.com\/avatar\/d08aa2ce4c8dd416d4479aa8536fcf64?s=96&d=mm&r=g\",\"contentUrl\":\"https:\/\/secure.gravatar.com\/avatar\/d08aa2ce4c8dd416d4479aa8536fcf64?s=96&d=mm&r=g\",\"caption\":\"moacir\"},\"url\":\"https:\/\/franciscanos.org.br\/noticias\/author\/moacir\"}]}<\/script>\n<!-- \/ Yoast SEO plugin. -->","yoast_head_json":{"title":"Papa Francisco: \u201cA ora\u00e7\u00e3o \u00e9 o respiro da f\u00e9\u201d - Not\u00edcias - Franciscanos","robots":{"index":"index","follow":"follow","max-snippet":"max-snippet:-1","max-image-preview":"max-image-preview:large","max-video-preview":"max-video-preview:-1"},"canonical":"https:\/\/franciscanos.org.br\/noticias\/papa-francisco-a-oracao-e-o-respiro-da-fe.html","og_locale":"pt_BR","og_type":"article","og_title":"Papa Francisco: \u201cA ora\u00e7\u00e3o \u00e9 o respiro da f\u00e9\u201d - Not\u00edcias - Franciscanos","og_description":"Audi\u00eancia Geral e Missa em Santa Marta","og_url":"https:\/\/franciscanos.org.br\/noticias\/papa-francisco-a-oracao-e-o-respiro-da-fe.html","og_site_name":"Not\u00edcias - Franciscanos","article_published_time":"2020-05-06T09:10:11+00:00","article_modified_time":"2021-08-29T14:34:30+00:00","og_image":[{"width":1280,"height":720,"url":"https:\/\/franciscanos.org.br\/noticias\/wp-content\/uploads\/2020\/05\/marta_0605-1.jpg","type":"image\/jpeg"}],"author":"moacir","twitter_card":"summary_large_image","twitter_misc":{"Escrito por":"moacir","Est. tempo de leitura":"9 minutos"},"schema":{"@context":"https:\/\/schema.org","@graph":[{"@type":"WebSite","@id":"https:\/\/franciscanos.org.br\/noticias\/#website","url":"https:\/\/franciscanos.org.br\/noticias\/","name":"Not\u00edcias - Franciscanos","description":"Prov\u00edncia Franciscana da Imaculada Concei\u00e7\u00e3o do Brasil - Ordem dos Frades Menores - OFM","potentialAction":[{"@type":"SearchAction","target":{"@type":"EntryPoint","urlTemplate":"https:\/\/franciscanos.org.br\/noticias\/?s={search_term_string}"},"query-input":"required name=search_term_string"}],"inLanguage":"pt-BR"},{"@type":"ImageObject","inLanguage":"pt-BR","@id":"https:\/\/franciscanos.org.br\/noticias\/papa-francisco-a-oracao-e-o-respiro-da-fe.html#primaryimage","url":"https:\/\/franciscanos.org.br\/noticias\/wp-content\/uploads\/2020\/05\/marta_0605-1.jpg","contentUrl":"https:\/\/franciscanos.org.br\/noticias\/wp-content\/uploads\/2020\/05\/marta_0605-1.jpg","width":1280,"height":720},{"@type":"WebPage","@id":"https:\/\/franciscanos.org.br\/noticias\/papa-francisco-a-oracao-e-o-respiro-da-fe.html#webpage","url":"https:\/\/franciscanos.org.br\/noticias\/papa-francisco-a-oracao-e-o-respiro-da-fe.html","name":"Papa Francisco: \u201cA ora\u00e7\u00e3o \u00e9 o respiro da f\u00e9\u201d - Not\u00edcias - Franciscanos","isPartOf":{"@id":"https:\/\/franciscanos.org.br\/noticias\/#website"},"primaryImageOfPage":{"@id":"https:\/\/franciscanos.org.br\/noticias\/papa-francisco-a-oracao-e-o-respiro-da-fe.html#primaryimage"},"datePublished":"2020-05-06T09:10:11+00:00","dateModified":"2021-08-29T14:34:30+00:00","author":{"@id":"https:\/\/franciscanos.org.br\/noticias\/#\/schema\/person\/b5c8cba458c330ccff548b056e95a5d4"},"breadcrumb":{"@id":"https:\/\/franciscanos.org.br\/noticias\/papa-francisco-a-oracao-e-o-respiro-da-fe.html#breadcrumb"},"inLanguage":"pt-BR","potentialAction":[{"@type":"ReadAction","target":["https:\/\/franciscanos.org.br\/noticias\/papa-francisco-a-oracao-e-o-respiro-da-fe.html"]}]},{"@type":"BreadcrumbList","@id":"https:\/\/franciscanos.org.br\/noticias\/papa-francisco-a-oracao-e-o-respiro-da-fe.html#breadcrumb","itemListElement":[{"@type":"ListItem","position":1,"name":"Home","item":"https:\/\/franciscanos.org.br\/noticias"},{"@type":"ListItem","position":2,"name":"Papa Francisco: \u201cA ora\u00e7\u00e3o \u00e9 o respiro da f\u00e9\u201d"}]},{"@type":"Person","@id":"https:\/\/franciscanos.org.br\/noticias\/#\/schema\/person\/b5c8cba458c330ccff548b056e95a5d4","name":"moacir","image":{"@type":"ImageObject","inLanguage":"pt-BR","@id":"https:\/\/franciscanos.org.br\/noticias\/#\/schema\/person\/image\/","url":"https:\/\/secure.gravatar.com\/avatar\/d08aa2ce4c8dd416d4479aa8536fcf64?s=96&d=mm&r=g","contentUrl":"https:\/\/secure.gravatar.com\/avatar\/d08aa2ce4c8dd416d4479aa8536fcf64?s=96&d=mm&r=g","caption":"moacir"},"url":"https:\/\/franciscanos.org.br\/noticias\/author\/moacir"}]}},"_links":{"self":[{"href":"https:\/\/franciscanos.org.br\/noticias\/wp-json\/wp\/v2\/posts\/223435"}],"collection":[{"href":"https:\/\/franciscanos.org.br\/noticias\/wp-json\/wp\/v2\/posts"}],"about":[{"href":"https:\/\/franciscanos.org.br\/noticias\/wp-json\/wp\/v2\/types\/post"}],"author":[{"embeddable":true,"href":"https:\/\/franciscanos.org.br\/noticias\/wp-json\/wp\/v2\/users\/3"}],"replies":[{"embeddable":true,"href":"https:\/\/franciscanos.org.br\/noticias\/wp-json\/wp\/v2\/comments?post=223435"}],"version-history":[{"count":3,"href":"https:\/\/franciscanos.org.br\/noticias\/wp-json\/wp\/v2\/posts\/223435\/revisions"}],"predecessor-version":[{"id":234004,"href":"https:\/\/franciscanos.org.br\/noticias\/wp-json\/wp\/v2\/posts\/223435\/revisions\/234004"}],"wp:featuredmedia":[{"embeddable":true,"href":"https:\/\/franciscanos.org.br\/noticias\/wp-json\/wp\/v2\/media\/223437"}],"wp:attachment":[{"href":"https:\/\/franciscanos.org.br\/noticias\/wp-json\/wp\/v2\/media?parent=223435"}],"wp:term":[{"taxonomy":"category","embeddable":true,"href":"https:\/\/franciscanos.org.br\/noticias\/wp-json\/wp\/v2\/categories?post=223435"},{"taxonomy":"post_tag","embeddable":true,"href":"https:\/\/franciscanos.org.br\/noticias\/wp-json\/wp\/v2\/tags?post=223435"}],"curies":[{"name":"wp","href":"https:\/\/api.w.org\/{rel}","templated":true}]}}