{"id":223430,"date":"2020-05-05T05:46:19","date_gmt":"2020-05-05T08:46:19","guid":{"rendered":"https:\/\/franciscanos.org.br\/noticias\/?p=223430"},"modified":"2020-06-06T12:36:44","modified_gmt":"2020-06-06T15:36:44","slug":"papa-deus-acolha-as-vitimas-da-pandemia-nao-ha-fe-sem-liberdade","status":"publish","type":"post","link":"https:\/\/franciscanos.org.br\/noticias\/papa-deus-acolha-as-vitimas-da-pandemia-nao-ha-fe-sem-liberdade.html","title":{"rendered":"Papa: Deus acolha as v\u00edtimas da pandemia. N\u00e3o h\u00e1 f\u00e9 sem liberdade."},"content":{"rendered":"<p><img loading=\"lazy\" class=\"alignnone size-full wp-image-223431\" src=\"https:\/\/franciscanos.org.br\/noticias\/wp-content\/uploads\/2020\/05\/marta_0505.jpg\" alt=\"\" width=\"1280\" height=\"720\" srcset=\"https:\/\/franciscanos.org.br\/noticias\/wp-content\/uploads\/2020\/05\/marta_0505.jpg 1280w, https:\/\/franciscanos.org.br\/noticias\/wp-content\/uploads\/2020\/05\/marta_0505-450x253.jpg 450w, https:\/\/franciscanos.org.br\/noticias\/wp-content\/uploads\/2020\/05\/marta_0505-1024x576.jpg 1024w, https:\/\/franciscanos.org.br\/noticias\/wp-content\/uploads\/2020\/05\/marta_0505-768x432.jpg 768w, https:\/\/franciscanos.org.br\/noticias\/wp-content\/uploads\/2020\/05\/marta_0505-150x84.jpg 150w\" sizes=\"(max-width: 1280px) 100vw, 1280px\" \/><br \/>\n<strong>Cidade do Vaticano<\/strong> &#8211; O Papa Francisco presidiu a Missa na Casa Santa Marta, no Vaticano, na manh\u00e3 desta ter\u00e7a-feira (05\/05) da IV Semana da P\u00e1scoa. Na introdu\u00e7\u00e3o, dirigiu seu pensamento \u00e0queles que morreram por causa do novo coronav\u00edrus:\u00a0Rezemos hoje pelos defuntos que morreram por causa da pandemia. Morreram sozinhos, morreram sem a car\u00edcia de seus entes queridos, muitos deles, nem mesmo com o funeral. Que o Senhor os receba na gl\u00f3ria.<\/p>\n<p>Na homilia, o Papa comentou o Evangelho do dia (Jo 10,22-30) em que os judeus pedem a Jesus para dizer abertamente se Ele \u00e9 o Cristo. Mas o Senhor responde: \u201cJ\u00e1 vo-lo disse, mas v\u00f3s n\u00e3o acreditais. As obras que eu fa\u00e7o em nome do meu Pai d\u00e3o testemunho de mim; v\u00f3s, por\u00e9m, n\u00e3o acreditais, porque n\u00e3o sois das minhas ovelhas\u201d. Isso \u2013 disse o Pont\u00edfice \u2013 suscita em n\u00f3s uma d\u00favida: eu creio? O que me det\u00e9m diante da porta que \u00e9 Jesus? \u201cH\u00e1 atitudes pr\u00e9vias \u00e0 confiss\u00e3o de Jesus. Tamb\u00e9m para n\u00f3s, que estamos no rebanho de Jesus. S\u00e3o como \u2018antipatias pr\u00e9vias\u2019, que n\u00e3o nos deixam seguir adiante no conhecimento de Jesus.<\/p>\n<p>O primeiro obst\u00e1culo \u00e9 a riqueza: \u201cTamb\u00e9m muitos de n\u00f3s, que entramos pela porta do Senhor, depois nos detemos e n\u00e3o seguimos adiante porque somos aprisionados nas riquezas. Jesus foi duro com as riquezas\u201d porque s\u00e3o um impedimento para seguir adiante. Mas devemos cair no pauperismo? N\u00e3o. Mas n\u00e3o ser escravos das riquezas, n\u00e3o viver para as riquezas, porque as riquezas s\u00e3o um senhor, s\u00e3o o senhor deste mundo e n\u00e3o podemos servir a dois senhores. E as riquezas nos det\u00e9m\u201d.<\/p>\n<p>\u201cOutra coisa que impede de seguir adiante no conhecimento de Jesus, na perten\u00e7a a Jesus \u2013 disse \u2013 \u00e9 a rigidez: a rigidez de cora\u00e7\u00e3o. Tamb\u00e9m a rigidez na interpreta\u00e7\u00e3o a Lei. Jesus reprende os fariseus, os doutores da Lei por essa rigidez. Que n\u00e3o \u00e9 fidelidade: a fidelidade \u00e9 sempre um dom a Deus; a rigidez \u00e9 uma seguran\u00e7a para si mesmo.\u201d Francisco contou um epis\u00f3dio: uma senhora que tinha participado de um matrim\u00f4nio s\u00e1bado \u00e0 tarde perguntou-lhe se valia como Missa dominical, mas as leituras eram diferentes e temia ter ca\u00eddo em pecado mortal, porque tinha ido a \u201cuma Missa que n\u00e3o era verdadeira, porque as Leituras n\u00e3o eram verdadeiras\u201d. \u201cAquela senhora pertencia a um movimento eclesial&#8230; Rigidez. Isso nos distancia da sabedoria de Jesus, da sabedoria de Jesus; e lhe tira a liberdade. E muitos pastores aumentam esta rigidez nas almas dos fi\u00e9is, e essa rigidez n\u00e3o nos deixa entrar pela porta de Jesus.\u201d<\/p>\n<p>O Papa descreveu outro impedimento: a pregui\u00e7a. Aquele cansa\u00e7o que \u201cnos tira a vontade de seguir adiante\u201d, e \u201cleva voc\u00ea \u00e0 tepidez e lhe faz tornar-se morno. A pregui\u00e7a&#8230; \u00e9 outra coisa que nos impede de seguir adiante\u201d.<\/p>\n<p>Outra atitude ruim \u00e9 o clericalismo, porque \u201cse coloca no lugar de Jesus\u201d. \u201cIsso \u00e9 assim e assim e se voc\u00ea n\u00e3o faz assim n\u00e3o pode entrar\u201d. Um clericalismo que tira a liberdade dos fi\u00e9is. \u201c\u00c9 uma doen\u00e7a, esta; muito ruim, na Igreja: a atitude clericalista.\u201d<\/p>\n<p>Outra coisa que nos impede de seguir adiante no conhecimento de Jesus \u201c\u00e9 o esp\u00edrito mundano. Quando a observ\u00e2ncia da f\u00e9, a pr\u00e1tica da f\u00e9 acaba em mundanismo. E tudo \u00e9 mundano. Pensemos na celebra\u00e7\u00e3o de alguns sacramentos em algumas paroquias: quanto mundanismo h\u00e1 ali! E n\u00e3o se entende bem a gra\u00e7a, a presen\u00e7a de Jesus\u201d.<\/p>\n<p>Em todos essas atitudes \u2013 afirmou o Papa \u2013 \u201cfalta a liberdade. E n\u00e3o se pode seguir Jesus sem liberdade\u201d. \u00c9 claro, \u00e0s vezes a liberdade vai al\u00e9m e algu\u00e9m escorrega\u201d \u2013 observou Francisco \u2013, mas pior \u00e9 escorregar antes de come\u00e7ar a caminhar rumo a Jesus.<\/p>\n<p>Ao t\u00e9rmino da homilia o Papa pediu ao Senhor que nos ilumine \u201cpara ver dentro de n\u00f3s se h\u00e1 a liberdade\u201d de caminhar rumo a Jesus e nos \u201ctornar ovelhas de seu rebanho\u201d.<\/p>\n<p>Ao t\u00e9rmino da liturgia eucar\u00edstica, o Papa convidou a fazer a Comunh\u00e3o espiritual com a seguinte ora\u00e7\u00e3o:<\/p>\n<p style=\"padding-left: 40px;\"><em>Meu Jesus, eu creio que estais presente no Sant\u00edssimo Sacramento do Altar. Amo-vos sobre todas as coisas, e minha alma suspira por V\u00f3s. Mas, como n\u00e3o posso receber-Vos agora no Sant\u00edssimo Sacramento, vinde, ao menos espiritualmente, a meu cora\u00e7\u00e3o. Abra\u00e7o-me convosco como se j\u00e1 estiv\u00e9sseis comigo: uno-me Convosco inteiramente. Ah! n\u00e3o permitais que torne a separar-me de V\u00f3s!<\/em><\/p>\n<p>Francisco terminou a celebra\u00e7\u00e3o com adora\u00e7\u00e3o e a b\u00ean\u00e7\u00e3o eucar\u00edstica. Antes de deixar a Capela dedicada ao Esp\u00edrito Santo, foi entoada a ant\u00edfona mariana \u201cRegina caeli\u201d, cantada no tempo pascal:<\/p>\n<p style=\"padding-left: 40px;\"><em>Rainha dos c\u00e9us, alegrai-vos. Aleluia!<\/em><\/p>\n<p style=\"padding-left: 40px;\"><em>Porque Aquele que merecestes trazer em vosso seio. Aleluia!<\/em><\/p>\n<p style=\"padding-left: 40px;\"><em>Ressuscitou como disse. Aleluia!<\/em><\/p>\n<p style=\"padding-left: 40px;\"><em>Rogai por n\u00f3s a Deus. Aleluia!<\/em><\/p>\n<p style=\"padding-left: 40px;\"><em>D.\/ Alegrai-vos e exultai, \u00f3 Virgem Maria. Aleluia!<\/em><\/p>\n<p style=\"padding-left: 40px;\"><em>C.\/ Porque o Senhor ressuscitou, verdadeiramente. Aleluia!<\/em><\/p>\n<hr \/>\n<p><em>Fonte: Vatican News<\/em><\/p>\n","protected":false},"excerpt":{"rendered":"<p>Missa em Santa Marta<\/p>\n","protected":false},"author":3,"featured_media":223432,"comment_status":"open","ping_status":"open","sticky":false,"template":"","format":"standard","meta":[],"categories":[1428],"tags":[1586],"acf":[],"yoast_head":"<!-- This site is optimized with the Yoast SEO plugin v19.2 - https:\/\/yoast.com\/wordpress\/plugins\/seo\/ -->\n<title>Papa: Deus acolha as v\u00edtimas da pandemia. N\u00e3o h\u00e1 f\u00e9 sem liberdade. - Not\u00edcias - Franciscanos<\/title>\n<meta name=\"robots\" content=\"index, follow, max-snippet:-1, max-image-preview:large, max-video-preview:-1\" \/>\n<link rel=\"canonical\" href=\"https:\/\/franciscanos.org.br\/noticias\/papa-deus-acolha-as-vitimas-da-pandemia-nao-ha-fe-sem-liberdade.html\" \/>\n<meta property=\"og:locale\" content=\"pt_BR\" \/>\n<meta property=\"og:type\" content=\"article\" \/>\n<meta property=\"og:title\" content=\"Papa: Deus acolha as v\u00edtimas da pandemia. N\u00e3o h\u00e1 f\u00e9 sem liberdade. - Not\u00edcias - Franciscanos\" \/>\n<meta property=\"og:description\" content=\"Missa em Santa Marta\" \/>\n<meta property=\"og:url\" content=\"https:\/\/franciscanos.org.br\/noticias\/papa-deus-acolha-as-vitimas-da-pandemia-nao-ha-fe-sem-liberdade.html\" \/>\n<meta property=\"og:site_name\" content=\"Not\u00edcias - Franciscanos\" \/>\n<meta property=\"article:published_time\" content=\"2020-05-05T08:46:19+00:00\" \/>\n<meta property=\"article:modified_time\" content=\"2020-06-06T15:36:44+00:00\" \/>\n<meta property=\"og:image\" content=\"https:\/\/franciscanos.org.br\/noticias\/wp-content\/uploads\/2020\/05\/marta_0505d.jpg\" \/>\n\t<meta property=\"og:image:width\" content=\"800\" \/>\n\t<meta property=\"og:image:height\" content=\"600\" \/>\n\t<meta property=\"og:image:type\" content=\"image\/jpeg\" \/>\n<meta name=\"author\" content=\"moacir\" \/>\n<meta name=\"twitter:card\" content=\"summary_large_image\" \/>\n<meta name=\"twitter:label1\" content=\"Escrito por\" \/>\n\t<meta name=\"twitter:data1\" content=\"moacir\" \/>\n\t<meta name=\"twitter:label2\" content=\"Est. tempo de leitura\" \/>\n\t<meta name=\"twitter:data2\" content=\"4 minutos\" \/>\n<script type=\"application\/ld+json\" class=\"yoast-schema-graph\">{\"@context\":\"https:\/\/schema.org\",\"@graph\":[{\"@type\":\"WebSite\",\"@id\":\"https:\/\/franciscanos.org.br\/noticias\/#website\",\"url\":\"https:\/\/franciscanos.org.br\/noticias\/\",\"name\":\"Not\u00edcias - Franciscanos\",\"description\":\"Prov\u00edncia Franciscana da Imaculada Concei\u00e7\u00e3o do Brasil - Ordem dos Frades Menores - OFM\",\"potentialAction\":[{\"@type\":\"SearchAction\",\"target\":{\"@type\":\"EntryPoint\",\"urlTemplate\":\"https:\/\/franciscanos.org.br\/noticias\/?s={search_term_string}\"},\"query-input\":\"required name=search_term_string\"}],\"inLanguage\":\"pt-BR\"},{\"@type\":\"ImageObject\",\"inLanguage\":\"pt-BR\",\"@id\":\"https:\/\/franciscanos.org.br\/noticias\/papa-deus-acolha-as-vitimas-da-pandemia-nao-ha-fe-sem-liberdade.html#primaryimage\",\"url\":\"https:\/\/franciscanos.org.br\/noticias\/wp-content\/uploads\/2020\/05\/marta_0505d.jpg\",\"contentUrl\":\"https:\/\/franciscanos.org.br\/noticias\/wp-content\/uploads\/2020\/05\/marta_0505d.jpg\",\"width\":800,\"height\":600},{\"@type\":\"WebPage\",\"@id\":\"https:\/\/franciscanos.org.br\/noticias\/papa-deus-acolha-as-vitimas-da-pandemia-nao-ha-fe-sem-liberdade.html#webpage\",\"url\":\"https:\/\/franciscanos.org.br\/noticias\/papa-deus-acolha-as-vitimas-da-pandemia-nao-ha-fe-sem-liberdade.html\",\"name\":\"Papa: Deus acolha as v\u00edtimas da pandemia. N\u00e3o h\u00e1 f\u00e9 sem liberdade. - Not\u00edcias - Franciscanos\",\"isPartOf\":{\"@id\":\"https:\/\/franciscanos.org.br\/noticias\/#website\"},\"primaryImageOfPage\":{\"@id\":\"https:\/\/franciscanos.org.br\/noticias\/papa-deus-acolha-as-vitimas-da-pandemia-nao-ha-fe-sem-liberdade.html#primaryimage\"},\"datePublished\":\"2020-05-05T08:46:19+00:00\",\"dateModified\":\"2020-06-06T15:36:44+00:00\",\"author\":{\"@id\":\"https:\/\/franciscanos.org.br\/noticias\/#\/schema\/person\/b5c8cba458c330ccff548b056e95a5d4\"},\"breadcrumb\":{\"@id\":\"https:\/\/franciscanos.org.br\/noticias\/papa-deus-acolha-as-vitimas-da-pandemia-nao-ha-fe-sem-liberdade.html#breadcrumb\"},\"inLanguage\":\"pt-BR\",\"potentialAction\":[{\"@type\":\"ReadAction\",\"target\":[\"https:\/\/franciscanos.org.br\/noticias\/papa-deus-acolha-as-vitimas-da-pandemia-nao-ha-fe-sem-liberdade.html\"]}]},{\"@type\":\"BreadcrumbList\",\"@id\":\"https:\/\/franciscanos.org.br\/noticias\/papa-deus-acolha-as-vitimas-da-pandemia-nao-ha-fe-sem-liberdade.html#breadcrumb\",\"itemListElement\":[{\"@type\":\"ListItem\",\"position\":1,\"name\":\"Home\",\"item\":\"https:\/\/franciscanos.org.br\/noticias\"},{\"@type\":\"ListItem\",\"position\":2,\"name\":\"Papa: Deus acolha as v\u00edtimas da pandemia. N\u00e3o h\u00e1 f\u00e9 sem liberdade.\"}]},{\"@type\":\"Person\",\"@id\":\"https:\/\/franciscanos.org.br\/noticias\/#\/schema\/person\/b5c8cba458c330ccff548b056e95a5d4\",\"name\":\"moacir\",\"image\":{\"@type\":\"ImageObject\",\"inLanguage\":\"pt-BR\",\"@id\":\"https:\/\/franciscanos.org.br\/noticias\/#\/schema\/person\/image\/\",\"url\":\"https:\/\/secure.gravatar.com\/avatar\/d08aa2ce4c8dd416d4479aa8536fcf64?s=96&d=mm&r=g\",\"contentUrl\":\"https:\/\/secure.gravatar.com\/avatar\/d08aa2ce4c8dd416d4479aa8536fcf64?s=96&d=mm&r=g\",\"caption\":\"moacir\"},\"url\":\"https:\/\/franciscanos.org.br\/noticias\/author\/moacir\"}]}<\/script>\n<!-- \/ Yoast SEO plugin. -->","yoast_head_json":{"title":"Papa: Deus acolha as v\u00edtimas da pandemia. N\u00e3o h\u00e1 f\u00e9 sem liberdade. - Not\u00edcias - Franciscanos","robots":{"index":"index","follow":"follow","max-snippet":"max-snippet:-1","max-image-preview":"max-image-preview:large","max-video-preview":"max-video-preview:-1"},"canonical":"https:\/\/franciscanos.org.br\/noticias\/papa-deus-acolha-as-vitimas-da-pandemia-nao-ha-fe-sem-liberdade.html","og_locale":"pt_BR","og_type":"article","og_title":"Papa: Deus acolha as v\u00edtimas da pandemia. N\u00e3o h\u00e1 f\u00e9 sem liberdade. - Not\u00edcias - Franciscanos","og_description":"Missa em Santa Marta","og_url":"https:\/\/franciscanos.org.br\/noticias\/papa-deus-acolha-as-vitimas-da-pandemia-nao-ha-fe-sem-liberdade.html","og_site_name":"Not\u00edcias - Franciscanos","article_published_time":"2020-05-05T08:46:19+00:00","article_modified_time":"2020-06-06T15:36:44+00:00","og_image":[{"width":800,"height":600,"url":"https:\/\/franciscanos.org.br\/noticias\/wp-content\/uploads\/2020\/05\/marta_0505d.jpg","type":"image\/jpeg"}],"author":"moacir","twitter_card":"summary_large_image","twitter_misc":{"Escrito por":"moacir","Est. tempo de leitura":"4 minutos"},"schema":{"@context":"https:\/\/schema.org","@graph":[{"@type":"WebSite","@id":"https:\/\/franciscanos.org.br\/noticias\/#website","url":"https:\/\/franciscanos.org.br\/noticias\/","name":"Not\u00edcias - Franciscanos","description":"Prov\u00edncia Franciscana da Imaculada Concei\u00e7\u00e3o do Brasil - Ordem dos Frades Menores - OFM","potentialAction":[{"@type":"SearchAction","target":{"@type":"EntryPoint","urlTemplate":"https:\/\/franciscanos.org.br\/noticias\/?s={search_term_string}"},"query-input":"required name=search_term_string"}],"inLanguage":"pt-BR"},{"@type":"ImageObject","inLanguage":"pt-BR","@id":"https:\/\/franciscanos.org.br\/noticias\/papa-deus-acolha-as-vitimas-da-pandemia-nao-ha-fe-sem-liberdade.html#primaryimage","url":"https:\/\/franciscanos.org.br\/noticias\/wp-content\/uploads\/2020\/05\/marta_0505d.jpg","contentUrl":"https:\/\/franciscanos.org.br\/noticias\/wp-content\/uploads\/2020\/05\/marta_0505d.jpg","width":800,"height":600},{"@type":"WebPage","@id":"https:\/\/franciscanos.org.br\/noticias\/papa-deus-acolha-as-vitimas-da-pandemia-nao-ha-fe-sem-liberdade.html#webpage","url":"https:\/\/franciscanos.org.br\/noticias\/papa-deus-acolha-as-vitimas-da-pandemia-nao-ha-fe-sem-liberdade.html","name":"Papa: Deus acolha as v\u00edtimas da pandemia. N\u00e3o h\u00e1 f\u00e9 sem liberdade. - Not\u00edcias - Franciscanos","isPartOf":{"@id":"https:\/\/franciscanos.org.br\/noticias\/#website"},"primaryImageOfPage":{"@id":"https:\/\/franciscanos.org.br\/noticias\/papa-deus-acolha-as-vitimas-da-pandemia-nao-ha-fe-sem-liberdade.html#primaryimage"},"datePublished":"2020-05-05T08:46:19+00:00","dateModified":"2020-06-06T15:36:44+00:00","author":{"@id":"https:\/\/franciscanos.org.br\/noticias\/#\/schema\/person\/b5c8cba458c330ccff548b056e95a5d4"},"breadcrumb":{"@id":"https:\/\/franciscanos.org.br\/noticias\/papa-deus-acolha-as-vitimas-da-pandemia-nao-ha-fe-sem-liberdade.html#breadcrumb"},"inLanguage":"pt-BR","potentialAction":[{"@type":"ReadAction","target":["https:\/\/franciscanos.org.br\/noticias\/papa-deus-acolha-as-vitimas-da-pandemia-nao-ha-fe-sem-liberdade.html"]}]},{"@type":"BreadcrumbList","@id":"https:\/\/franciscanos.org.br\/noticias\/papa-deus-acolha-as-vitimas-da-pandemia-nao-ha-fe-sem-liberdade.html#breadcrumb","itemListElement":[{"@type":"ListItem","position":1,"name":"Home","item":"https:\/\/franciscanos.org.br\/noticias"},{"@type":"ListItem","position":2,"name":"Papa: Deus acolha as v\u00edtimas da pandemia. N\u00e3o h\u00e1 f\u00e9 sem liberdade."}]},{"@type":"Person","@id":"https:\/\/franciscanos.org.br\/noticias\/#\/schema\/person\/b5c8cba458c330ccff548b056e95a5d4","name":"moacir","image":{"@type":"ImageObject","inLanguage":"pt-BR","@id":"https:\/\/franciscanos.org.br\/noticias\/#\/schema\/person\/image\/","url":"https:\/\/secure.gravatar.com\/avatar\/d08aa2ce4c8dd416d4479aa8536fcf64?s=96&d=mm&r=g","contentUrl":"https:\/\/secure.gravatar.com\/avatar\/d08aa2ce4c8dd416d4479aa8536fcf64?s=96&d=mm&r=g","caption":"moacir"},"url":"https:\/\/franciscanos.org.br\/noticias\/author\/moacir"}]}},"_links":{"self":[{"href":"https:\/\/franciscanos.org.br\/noticias\/wp-json\/wp\/v2\/posts\/223430"}],"collection":[{"href":"https:\/\/franciscanos.org.br\/noticias\/wp-json\/wp\/v2\/posts"}],"about":[{"href":"https:\/\/franciscanos.org.br\/noticias\/wp-json\/wp\/v2\/types\/post"}],"author":[{"embeddable":true,"href":"https:\/\/franciscanos.org.br\/noticias\/wp-json\/wp\/v2\/users\/3"}],"replies":[{"embeddable":true,"href":"https:\/\/franciscanos.org.br\/noticias\/wp-json\/wp\/v2\/comments?post=223430"}],"version-history":[{"count":3,"href":"https:\/\/franciscanos.org.br\/noticias\/wp-json\/wp\/v2\/posts\/223430\/revisions"}],"predecessor-version":[{"id":224596,"href":"https:\/\/franciscanos.org.br\/noticias\/wp-json\/wp\/v2\/posts\/223430\/revisions\/224596"}],"wp:featuredmedia":[{"embeddable":true,"href":"https:\/\/franciscanos.org.br\/noticias\/wp-json\/wp\/v2\/media\/223432"}],"wp:attachment":[{"href":"https:\/\/franciscanos.org.br\/noticias\/wp-json\/wp\/v2\/media?parent=223430"}],"wp:term":[{"taxonomy":"category","embeddable":true,"href":"https:\/\/franciscanos.org.br\/noticias\/wp-json\/wp\/v2\/categories?post=223430"},{"taxonomy":"post_tag","embeddable":true,"href":"https:\/\/franciscanos.org.br\/noticias\/wp-json\/wp\/v2\/tags?post=223430"}],"curies":[{"name":"wp","href":"https:\/\/api.w.org\/{rel}","templated":true}]}}