{"id":223419,"date":"2020-05-04T05:51:56","date_gmt":"2020-05-04T08:51:56","guid":{"rendered":"https:\/\/franciscanos.org.br\/noticias\/?p=223419"},"modified":"2020-06-06T12:37:19","modified_gmt":"2020-06-06T15:37:19","slug":"papa-que-haja-paz-nas-familias-e-unidade-na-igreja","status":"publish","type":"post","link":"https:\/\/franciscanos.org.br\/noticias\/papa-que-haja-paz-nas-familias-e-unidade-na-igreja.html","title":{"rendered":"Papa: que haja paz nas fam\u00edlias e unidade na Igreja"},"content":{"rendered":"<p><img loading=\"lazy\" class=\"alignnone size-full wp-image-223420\" src=\"https:\/\/franciscanos.org.br\/noticias\/wp-content\/uploads\/2020\/05\/marta_04.jpg\" alt=\"\" width=\"1342\" height=\"768\" srcset=\"https:\/\/franciscanos.org.br\/noticias\/wp-content\/uploads\/2020\/05\/marta_04.jpg 1342w, https:\/\/franciscanos.org.br\/noticias\/wp-content\/uploads\/2020\/05\/marta_04-450x258.jpg 450w, https:\/\/franciscanos.org.br\/noticias\/wp-content\/uploads\/2020\/05\/marta_04-1024x586.jpg 1024w, https:\/\/franciscanos.org.br\/noticias\/wp-content\/uploads\/2020\/05\/marta_04-768x440.jpg 768w, https:\/\/franciscanos.org.br\/noticias\/wp-content\/uploads\/2020\/05\/marta_04-150x86.jpg 150w\" sizes=\"(max-width: 1342px) 100vw, 1342px\" \/><\/p>\n<p><strong>Cidade do Vaticano<\/strong> &#8211; O Papa Francisco presidiu a Missa na Casa Santa Marta, no Vaticano, na manh\u00e3 desta segunda-feira (04\/05) da IV Semana da P\u00e1scoa. Na introdu\u00e7\u00e3o, dirigiu seu pensamento \u00e0s fam\u00edlias:<\/p>\n<p>Rezemos hoje pelas fam\u00edlias: neste tempo de quarentena, a fam\u00edlia, trancada em casa, busca fazer muitas coisas novas, muita criatividade com as crian\u00e7as, com todos, para seguir adiante. E tem tamb\u00e9m outra coisa, que \u00e0s vezes se tem a viol\u00eancia dom\u00e9stica. Rezemos pelas fam\u00edlias, para que continuem em paz com criatividade e paci\u00eancia, nesta quarentena.<\/p>\n<p>Na homilia, o Papa comentou a passagem do dia Livro dos Atos dos Ap\u00f3stolos (At 11,1-18) em que Pedro, repreendido pelos irm\u00e3os ainda atrelados \u00e0s normas mosaicas por ter comido numa casa de pag\u00e3os, conta que o Esp\u00edrito Santo desceu tamb\u00e9m sobre eles. Pedro \u2013 afirmou o Santo Padre \u2013 o fizera porque o Esp\u00edrito Santo o tinha guiado. Mas na Igreja \u2013 observou Francisco \u2013 h\u00e1 sempre esse sentir a si mesmos justos e considerar os outros pecadores. Essa \u00e9 uma doen\u00e7a da Igreja que nasce das ideologias. \u00c9 um pensar mundano que se faz int\u00e9rprete da Lei. S\u00e3o ideias que criam divis\u00f5es, a ponto que a divis\u00e3o se torna mais importante do que a unidade. O Senhor quer a unidade.<\/p>\n<p>No Evangelho (Jo 10,11-18), Jesus afirma que tem tamb\u00e9m outras ovelhas n\u00e3o s\u00e3o deste redil e tamb\u00e9m a elas deve conduzir. Escutar\u00e3o a sua voz, e haver\u00e1 um s\u00f3 rebanho e um s\u00f3 pastor. Diz ser pastor de todos: grandes e pequenos, ricos e pobres, bons e maus. Veio para todos, morreu por todos. Tamb\u00e9m pelas pessoas que n\u00e3o creem n\u2019Ele ou s\u00e3o de outras religi\u00f5es: veio para todos. Temos um s\u00f3 Redentor. Todavia, a tenta\u00e7\u00e3o \u00e9 dizer eu sou desta ou daquela parte. As diferen\u00e7as s\u00e3o l\u00edcitas, mas na unidade da Igreja. Temos todos um s\u00f3 pastor, Jesus. Que o Senhor nos liberte da psicologia da divis\u00e3o e nos mostre que somos todos irm\u00e3os em Jesus \u2013 foi a ora\u00e7\u00e3o conclusiva do Pont\u00edfice.<\/p>\n<p><em>A seguir, o texto da homilia transcrita pelo Vatican News:<\/em><\/p>\n<p>Quando Pedro subiu a Jerusal\u00e9m, os fi\u00e9is o repreenderam. Repreenderam-no porque tinha entrado na casa de homens n\u00e3o circuncisos e comido com eles, com os pag\u00e3os: isso n\u00e3o se podia, era um pecado. A pureza da Lei n\u00e3o permitia isso. Mas Pedro o fizera porque tinha sido o Esp\u00edrito Santo a lev\u00e1-lo ali. Sempre h\u00e1 na Igreja \u2013 havia muito na Igreja primitiva, porque a coisa n\u00e3o era clara \u2013 este esp\u00edrito de \u201cn\u00f3s somos os justos, os outros (s\u00e3o) os pecadores\u201d. Este \u201cn\u00f3s e os outros\u201d, \u201cn\u00f3s e os outros\u201d, as divis\u00f5es: \u201cTemos propriamente a posi\u00e7\u00e3o justa diante de Deus\u201d. Ao inv\u00e9s, h\u00e1 \u201cos outros\u201d, se diz tamb\u00e9m: S\u00e3o os j\u00e1 \u201ccondenados\u201d. E essa \u00e9 uma doen\u00e7a da Igreja, uma doen\u00e7a que nasce das ideologias ou dos partidos religiosos&#8230; Pensar que no tempo de Jesus havia ao menos quatro partidos religiosos: o partido dos fariseus, o partido dos saduceus, o partido dos zelotas e o partido dos ess\u00eanios, e cada um interpretava \u201ca ideia\u201d que tinha da Lei. E essa ideia \u00e9 uma escola fora da Lei quando \u00e9 um modo de pensar, de perceber o mundo que se faz int\u00e9rprete da Lei. At\u00e9 Jesus era repreendido porque entrava na casa dos publicanos \u2013 que eram pecadores, segundo eles \u2013 e comia com eles, com os pecadores, porque a pureza da Lei n\u00e3o permitia isso; e antes da refei\u00e7\u00e3o n\u00e3o lavavam as m\u00e3os&#8230; Mas sempre aquela repreens\u00e3o que cria divis\u00e3o: isto que eu gostaria de ressaltar \u00e9 importante.<\/p>\n<p>H\u00e1 ideias, posi\u00e7\u00f5es que criam divis\u00e3o, a ponto que a divis\u00e3o \u00e9 mais importante do que a unidade. A minha ideia \u00e9 mais importante do que o Esp\u00edrito Santo que nos guia. Tem um cardeal em\u00e9rito que mora aqui no Vaticano, um pastor muito bom, e ele dizia a seus fi\u00e9is: \u201cA Igreja \u00e9 como um rio, sabem? Alguns est\u00e3o mais desta parte, alguns da outra parte, mas o importante \u00e9 que todos estejam dentro do rio\u201d. Essa \u00e9 a unidade da Igreja. Ningu\u00e9m fora, tudo dentro. Depois, com as peculiaridades: isso n\u00e3o divide, n\u00e3o \u00e9 ideologia, \u00e9 l\u00edcito. Mas por que que a Igreja tem essa amplitude de rio? Porque o Senhor quer assim.<\/p>\n<p>O Senhor, no Evangelho, nos diz: \u201cTenho ainda outras ovelhas que n\u00e3o s\u00e3o deste redil: tamb\u00e9m a elas devo conduzir; escutar\u00e3o a minha voz, e haver\u00e1 um s\u00f3 rebanho e um s\u00f3 pastor\u201d. O Senhor diz: \u201cTenho ovelhas em todos os lugares e eu sou pastor de todos\u201d. Este \u201ctodos\u201d \u00e9 muito importante. Pensemos na par\u00e1bola do banquete nupcial, quando os convidados n\u00e3o queriam ir: um porque tinha comprado um campo, outro tinha se casado&#8230; cada um deu o seu motivo para n\u00e3o ir. E o propriet\u00e1rio enraiveceu-se e disse: \u201cIde, pois, \u00e0s encruzilhadas e trazei todos \u00e0 festa\u201d. Todos. Grandes e pequenos, ricos e pobres, bons e maus. Todos. Este \u201ctodos\u201d \u00e9, de certo modo, a vis\u00e3o do Senhor que veio para todos. \u201cMas morreu tamb\u00e9m por aquele desgra\u00e7ado que me tornou a vida imposs\u00edvel?: morreu tamb\u00e9m por ele. \u201cE por aquele bandido?: morreu por ele. Por todos. E tamb\u00e9m pelas pessoas que n\u00e3o creem n\u2019Ele ou que s\u00e3o de outras religi\u00f5es: morreu por todos. Isso n\u00e3o significa que se deve fazer proselitismo: n\u00e3o. Mas Ele morreu por todos, justificou todos.<\/p>\n<p>Aqui em Roma tem uma senhora, uma boa mulher, uma professora, a professora Mara, que quando se encontrava em dificuldade&#8230; e havia partidos, dizia: \u201cCristo morreu por todos: vamos pra frente! Aquela capacidade construtiva. Temos um s\u00f3 Redentor, uma s\u00f3 unidade: Cristo morreu por todos. Ao inv\u00e9s, a tenta\u00e7\u00e3o&#8230; tamb\u00e9m Paulo a sofreu: \u201cEu sou de Paulo, eu sou de Apolo, eu sou desse, eu sou daquele&#8230;\u201d E pensemos em n\u00f3s, cinquenta anos atr\u00e1s, no p\u00f3s-Conc\u00edlio: as coisas, a divis\u00f5es que a Igreja sofreu. \u201cEu sou desta parte, eu penso assim, voc\u00ea assim&#8230;\u201d Sim, \u00e9 l\u00edcito assim, mas na unidade da Igreja, sob o Pastor Jesus.<\/p>\n<p>Duas coisas. A repreens\u00e3o dos ap\u00f3stolos a Pedro porque tinha entrado na casa dos pag\u00e3os e Jesus que diz: \u201cEu sou o pastor de todos\u201d. Eu sou pastor de todos. E que diz: \u201cTenho ainda outras ovelhas que n\u00e3o s\u00e3o deste redil: tamb\u00e9m a elas devo conduzir; escutar\u00e3o a minha voz, e haver\u00e1 um s\u00f3 rebanho\u201d. \u00c9 a ora\u00e7\u00e3o pela unidade de todos os homens, porque todos os homens e as mulheres&#8230; todos temos um \u00fanico Pastor: Jesus.<\/p>\n<p>O Senhor nos livre desta psicologia da divis\u00e3o, de dividir, e nos ajude a ver isto de Jesus, esta coisa grande de Jesus, que n\u2019Ele somos todos irm\u00e3os e Ele \u00e9 o Pastor de todos. Que hoje esta palavra \u201ctodos, todos!\u201d, nos acompanhe ao longo do dia.<\/p>\n<p>O Papa convidou aqueles que n\u00e3o podiam comungar sacramentalmente a fazer a Comunh\u00e3o espiritual com a seguinte ora\u00e7\u00e3o:<\/p>\n<p style=\"padding-left: 40px;\"><em>Aos vossos p\u00e9s, \u00f3 meu Jesus, me prostro e vos ofere\u00e7o o arrependimento do meu cora\u00e7\u00e3o contrito que mergulha no seu nada na Vossa santa presen\u00e7a. Eu vos adoro no Sacramento do vosso amor, a inef\u00e1vel Eucaristia. Desejo receber-vos na pobre morada que meu cora\u00e7\u00e3o vos oferece; \u00e0 espera da felicidade da comunh\u00e3o sacramental, quero possuir-vos em Esp\u00edrito. Vinde a mim, \u00f3 meu Jesus, que eu venha a v\u00f3s. Que o vosso amor possa inflamar todo o meu ser, para a vida e para a morte. Creio em v\u00f3s, espero em v\u00f3s. Amo-vos. Assim seja.<\/em><\/p>\n<p>O Santo Padre terminou a celebra\u00e7\u00e3o com adora\u00e7\u00e3o e a b\u00ean\u00e7\u00e3o eucar\u00edstica. Antes de deixar a Capela dedicada ao Esp\u00edrito Santo, foi entoada a ant\u00edfona mariana \u201cRegina caeli\u201d, cantada no tempo pascal:<\/p>\n<p style=\"padding-left: 40px;\"><em>Rainha dos c\u00e9us, alegrai-vos. Aleluia!<\/em><\/p>\n<p style=\"padding-left: 40px;\"><em>Porque Aquele que merecestes trazer em vosso seio. Aleluia!<\/em><\/p>\n<p style=\"padding-left: 40px;\"><em>Ressuscitou como disse. Aleluia!<\/em><\/p>\n<p style=\"padding-left: 40px;\"><em>Rogai por n\u00f3s a Deus. Aleluia!<\/em><\/p>\n<p style=\"padding-left: 40px;\"><em>D.\/ Alegrai-vos e exultai, \u00f3 Virgem Maria. Aleluia!<\/em><\/p>\n<p style=\"padding-left: 40px;\"><em>C.\/ Porque o Senhor ressuscitou, verdadeiramente. Aleluia!<\/em><\/p>\n<hr \/>\n<p><em>Fonte: Vatican News<\/em><\/p>\n","protected":false},"excerpt":{"rendered":"<p>Missa em Santa Marta<\/p>\n","protected":false},"author":3,"featured_media":223421,"comment_status":"open","ping_status":"open","sticky":false,"template":"","format":"standard","meta":[],"categories":[1428],"tags":[1586],"acf":[],"yoast_head":"<!-- This site is optimized with the Yoast SEO plugin v19.2 - https:\/\/yoast.com\/wordpress\/plugins\/seo\/ -->\n<title>Papa: que haja paz nas fam\u00edlias e unidade na Igreja - Not\u00edcias - Franciscanos<\/title>\n<meta name=\"robots\" content=\"index, follow, max-snippet:-1, max-image-preview:large, max-video-preview:-1\" \/>\n<link rel=\"canonical\" href=\"https:\/\/franciscanos.org.br\/noticias\/papa-que-haja-paz-nas-familias-e-unidade-na-igreja.html\" \/>\n<meta property=\"og:locale\" content=\"pt_BR\" \/>\n<meta property=\"og:type\" content=\"article\" \/>\n<meta property=\"og:title\" content=\"Papa: que haja paz nas fam\u00edlias e unidade na Igreja - Not\u00edcias - Franciscanos\" \/>\n<meta property=\"og:description\" content=\"Missa em Santa Marta\" \/>\n<meta property=\"og:url\" content=\"https:\/\/franciscanos.org.br\/noticias\/papa-que-haja-paz-nas-familias-e-unidade-na-igreja.html\" \/>\n<meta property=\"og:site_name\" content=\"Not\u00edcias - Franciscanos\" \/>\n<meta property=\"article:published_time\" content=\"2020-05-04T08:51:56+00:00\" \/>\n<meta property=\"article:modified_time\" content=\"2020-06-06T15:37:19+00:00\" \/>\n<meta property=\"og:image\" content=\"https:\/\/franciscanos.org.br\/noticias\/wp-content\/uploads\/2020\/05\/marta_04d.jpg\" \/>\n\t<meta property=\"og:image:width\" content=\"1024\" \/>\n\t<meta property=\"og:image:height\" content=\"768\" \/>\n\t<meta property=\"og:image:type\" content=\"image\/jpeg\" \/>\n<meta name=\"author\" content=\"moacir\" \/>\n<meta name=\"twitter:card\" content=\"summary_large_image\" \/>\n<meta name=\"twitter:label1\" content=\"Escrito por\" \/>\n\t<meta name=\"twitter:data1\" content=\"moacir\" \/>\n\t<meta name=\"twitter:label2\" content=\"Est. tempo de leitura\" \/>\n\t<meta name=\"twitter:data2\" content=\"7 minutos\" \/>\n<script type=\"application\/ld+json\" class=\"yoast-schema-graph\">{\"@context\":\"https:\/\/schema.org\",\"@graph\":[{\"@type\":\"WebSite\",\"@id\":\"https:\/\/franciscanos.org.br\/noticias\/#website\",\"url\":\"https:\/\/franciscanos.org.br\/noticias\/\",\"name\":\"Not\u00edcias - Franciscanos\",\"description\":\"Prov\u00edncia Franciscana da Imaculada Concei\u00e7\u00e3o do Brasil - Ordem dos Frades Menores - OFM\",\"potentialAction\":[{\"@type\":\"SearchAction\",\"target\":{\"@type\":\"EntryPoint\",\"urlTemplate\":\"https:\/\/franciscanos.org.br\/noticias\/?s={search_term_string}\"},\"query-input\":\"required name=search_term_string\"}],\"inLanguage\":\"pt-BR\"},{\"@type\":\"ImageObject\",\"inLanguage\":\"pt-BR\",\"@id\":\"https:\/\/franciscanos.org.br\/noticias\/papa-que-haja-paz-nas-familias-e-unidade-na-igreja.html#primaryimage\",\"url\":\"https:\/\/franciscanos.org.br\/noticias\/wp-content\/uploads\/2020\/05\/marta_04d.jpg\",\"contentUrl\":\"https:\/\/franciscanos.org.br\/noticias\/wp-content\/uploads\/2020\/05\/marta_04d.jpg\",\"width\":1024,\"height\":768},{\"@type\":\"WebPage\",\"@id\":\"https:\/\/franciscanos.org.br\/noticias\/papa-que-haja-paz-nas-familias-e-unidade-na-igreja.html#webpage\",\"url\":\"https:\/\/franciscanos.org.br\/noticias\/papa-que-haja-paz-nas-familias-e-unidade-na-igreja.html\",\"name\":\"Papa: que haja paz nas fam\u00edlias e unidade na Igreja - Not\u00edcias - Franciscanos\",\"isPartOf\":{\"@id\":\"https:\/\/franciscanos.org.br\/noticias\/#website\"},\"primaryImageOfPage\":{\"@id\":\"https:\/\/franciscanos.org.br\/noticias\/papa-que-haja-paz-nas-familias-e-unidade-na-igreja.html#primaryimage\"},\"datePublished\":\"2020-05-04T08:51:56+00:00\",\"dateModified\":\"2020-06-06T15:37:19+00:00\",\"author\":{\"@id\":\"https:\/\/franciscanos.org.br\/noticias\/#\/schema\/person\/b5c8cba458c330ccff548b056e95a5d4\"},\"breadcrumb\":{\"@id\":\"https:\/\/franciscanos.org.br\/noticias\/papa-que-haja-paz-nas-familias-e-unidade-na-igreja.html#breadcrumb\"},\"inLanguage\":\"pt-BR\",\"potentialAction\":[{\"@type\":\"ReadAction\",\"target\":[\"https:\/\/franciscanos.org.br\/noticias\/papa-que-haja-paz-nas-familias-e-unidade-na-igreja.html\"]}]},{\"@type\":\"BreadcrumbList\",\"@id\":\"https:\/\/franciscanos.org.br\/noticias\/papa-que-haja-paz-nas-familias-e-unidade-na-igreja.html#breadcrumb\",\"itemListElement\":[{\"@type\":\"ListItem\",\"position\":1,\"name\":\"Home\",\"item\":\"https:\/\/franciscanos.org.br\/noticias\"},{\"@type\":\"ListItem\",\"position\":2,\"name\":\"Papa: que haja paz nas fam\u00edlias e unidade na Igreja\"}]},{\"@type\":\"Person\",\"@id\":\"https:\/\/franciscanos.org.br\/noticias\/#\/schema\/person\/b5c8cba458c330ccff548b056e95a5d4\",\"name\":\"moacir\",\"image\":{\"@type\":\"ImageObject\",\"inLanguage\":\"pt-BR\",\"@id\":\"https:\/\/franciscanos.org.br\/noticias\/#\/schema\/person\/image\/\",\"url\":\"https:\/\/secure.gravatar.com\/avatar\/d08aa2ce4c8dd416d4479aa8536fcf64?s=96&d=mm&r=g\",\"contentUrl\":\"https:\/\/secure.gravatar.com\/avatar\/d08aa2ce4c8dd416d4479aa8536fcf64?s=96&d=mm&r=g\",\"caption\":\"moacir\"},\"url\":\"https:\/\/franciscanos.org.br\/noticias\/author\/moacir\"}]}<\/script>\n<!-- \/ Yoast SEO plugin. -->","yoast_head_json":{"title":"Papa: que haja paz nas fam\u00edlias e unidade na Igreja - Not\u00edcias - Franciscanos","robots":{"index":"index","follow":"follow","max-snippet":"max-snippet:-1","max-image-preview":"max-image-preview:large","max-video-preview":"max-video-preview:-1"},"canonical":"https:\/\/franciscanos.org.br\/noticias\/papa-que-haja-paz-nas-familias-e-unidade-na-igreja.html","og_locale":"pt_BR","og_type":"article","og_title":"Papa: que haja paz nas fam\u00edlias e unidade na Igreja - Not\u00edcias - Franciscanos","og_description":"Missa em Santa Marta","og_url":"https:\/\/franciscanos.org.br\/noticias\/papa-que-haja-paz-nas-familias-e-unidade-na-igreja.html","og_site_name":"Not\u00edcias - Franciscanos","article_published_time":"2020-05-04T08:51:56+00:00","article_modified_time":"2020-06-06T15:37:19+00:00","og_image":[{"width":1024,"height":768,"url":"https:\/\/franciscanos.org.br\/noticias\/wp-content\/uploads\/2020\/05\/marta_04d.jpg","type":"image\/jpeg"}],"author":"moacir","twitter_card":"summary_large_image","twitter_misc":{"Escrito por":"moacir","Est. tempo de leitura":"7 minutos"},"schema":{"@context":"https:\/\/schema.org","@graph":[{"@type":"WebSite","@id":"https:\/\/franciscanos.org.br\/noticias\/#website","url":"https:\/\/franciscanos.org.br\/noticias\/","name":"Not\u00edcias - Franciscanos","description":"Prov\u00edncia Franciscana da Imaculada Concei\u00e7\u00e3o do Brasil - Ordem dos Frades Menores - OFM","potentialAction":[{"@type":"SearchAction","target":{"@type":"EntryPoint","urlTemplate":"https:\/\/franciscanos.org.br\/noticias\/?s={search_term_string}"},"query-input":"required name=search_term_string"}],"inLanguage":"pt-BR"},{"@type":"ImageObject","inLanguage":"pt-BR","@id":"https:\/\/franciscanos.org.br\/noticias\/papa-que-haja-paz-nas-familias-e-unidade-na-igreja.html#primaryimage","url":"https:\/\/franciscanos.org.br\/noticias\/wp-content\/uploads\/2020\/05\/marta_04d.jpg","contentUrl":"https:\/\/franciscanos.org.br\/noticias\/wp-content\/uploads\/2020\/05\/marta_04d.jpg","width":1024,"height":768},{"@type":"WebPage","@id":"https:\/\/franciscanos.org.br\/noticias\/papa-que-haja-paz-nas-familias-e-unidade-na-igreja.html#webpage","url":"https:\/\/franciscanos.org.br\/noticias\/papa-que-haja-paz-nas-familias-e-unidade-na-igreja.html","name":"Papa: que haja paz nas fam\u00edlias e unidade na Igreja - Not\u00edcias - Franciscanos","isPartOf":{"@id":"https:\/\/franciscanos.org.br\/noticias\/#website"},"primaryImageOfPage":{"@id":"https:\/\/franciscanos.org.br\/noticias\/papa-que-haja-paz-nas-familias-e-unidade-na-igreja.html#primaryimage"},"datePublished":"2020-05-04T08:51:56+00:00","dateModified":"2020-06-06T15:37:19+00:00","author":{"@id":"https:\/\/franciscanos.org.br\/noticias\/#\/schema\/person\/b5c8cba458c330ccff548b056e95a5d4"},"breadcrumb":{"@id":"https:\/\/franciscanos.org.br\/noticias\/papa-que-haja-paz-nas-familias-e-unidade-na-igreja.html#breadcrumb"},"inLanguage":"pt-BR","potentialAction":[{"@type":"ReadAction","target":["https:\/\/franciscanos.org.br\/noticias\/papa-que-haja-paz-nas-familias-e-unidade-na-igreja.html"]}]},{"@type":"BreadcrumbList","@id":"https:\/\/franciscanos.org.br\/noticias\/papa-que-haja-paz-nas-familias-e-unidade-na-igreja.html#breadcrumb","itemListElement":[{"@type":"ListItem","position":1,"name":"Home","item":"https:\/\/franciscanos.org.br\/noticias"},{"@type":"ListItem","position":2,"name":"Papa: que haja paz nas fam\u00edlias e unidade na Igreja"}]},{"@type":"Person","@id":"https:\/\/franciscanos.org.br\/noticias\/#\/schema\/person\/b5c8cba458c330ccff548b056e95a5d4","name":"moacir","image":{"@type":"ImageObject","inLanguage":"pt-BR","@id":"https:\/\/franciscanos.org.br\/noticias\/#\/schema\/person\/image\/","url":"https:\/\/secure.gravatar.com\/avatar\/d08aa2ce4c8dd416d4479aa8536fcf64?s=96&d=mm&r=g","contentUrl":"https:\/\/secure.gravatar.com\/avatar\/d08aa2ce4c8dd416d4479aa8536fcf64?s=96&d=mm&r=g","caption":"moacir"},"url":"https:\/\/franciscanos.org.br\/noticias\/author\/moacir"}]}},"_links":{"self":[{"href":"https:\/\/franciscanos.org.br\/noticias\/wp-json\/wp\/v2\/posts\/223419"}],"collection":[{"href":"https:\/\/franciscanos.org.br\/noticias\/wp-json\/wp\/v2\/posts"}],"about":[{"href":"https:\/\/franciscanos.org.br\/noticias\/wp-json\/wp\/v2\/types\/post"}],"author":[{"embeddable":true,"href":"https:\/\/franciscanos.org.br\/noticias\/wp-json\/wp\/v2\/users\/3"}],"replies":[{"embeddable":true,"href":"https:\/\/franciscanos.org.br\/noticias\/wp-json\/wp\/v2\/comments?post=223419"}],"version-history":[{"count":2,"href":"https:\/\/franciscanos.org.br\/noticias\/wp-json\/wp\/v2\/posts\/223419\/revisions"}],"predecessor-version":[{"id":224597,"href":"https:\/\/franciscanos.org.br\/noticias\/wp-json\/wp\/v2\/posts\/223419\/revisions\/224597"}],"wp:featuredmedia":[{"embeddable":true,"href":"https:\/\/franciscanos.org.br\/noticias\/wp-json\/wp\/v2\/media\/223421"}],"wp:attachment":[{"href":"https:\/\/franciscanos.org.br\/noticias\/wp-json\/wp\/v2\/media?parent=223419"}],"wp:term":[{"taxonomy":"category","embeddable":true,"href":"https:\/\/franciscanos.org.br\/noticias\/wp-json\/wp\/v2\/categories?post=223419"},{"taxonomy":"post_tag","embeddable":true,"href":"https:\/\/franciscanos.org.br\/noticias\/wp-json\/wp\/v2\/tags?post=223419"}],"curies":[{"name":"wp","href":"https:\/\/api.w.org\/{rel}","templated":true}]}}